{"id":244927,"date":"2025-03-26T16:55:14","date_gmt":"2025-03-26T19:55:14","guid":{"rendered":"https:\/\/www.gaveanews.com\/?p=244927"},"modified":"2025-03-26T16:06:25","modified_gmt":"2025-03-26T19:06:25","slug":"atualizacao-sobre-a-saida-de-renato-augusto-do-fluminense","status":"publish","type":"post","link":"https:\/\/www.gaveanews.com\/index.php\/2025\/03\/26\/atualizacao-sobre-a-saida-de-renato-augusto-do-fluminense\/","title":{"rendered":"Atualiza\u00e7\u00e3o sobre a sa\u00edda de Renato Augusto do Fluminense"},"content":{"rendered":"\n<p>O meia Renato Augusto, atualmente com 37 anos, enfrenta um futuro indefinido para a pr\u00f3xima temporada no futebol. Al\u00e9m disso, o jogador n\u00e3o descarta a possibilidade de encerrar sua vitoriosa carreira quando seu contrato com o Fluminense terminar.<\/p>\n\n\n\n<p>Renato Augusto integrou o elenco das Laranjeiras em janeiro de 2024, por\u00e9m, desde ent\u00e3o, busca corresponder \u00e0s expectativas de rendimento no time carioca. Ademais, ele recentemente superou mais um per\u00edodo afastado dos gramados devido a uma les\u00e3o f\u00edsica.<\/p>\n\n\n\n<p>Sua presen\u00e7a em campo, inclusive, tem sido predominantemente como op\u00e7\u00e3o no banco de reservas, atuando menos frequentemente entre os titulares da equipe. Essa condi\u00e7\u00e3o indica parte de sua trajet\u00f3ria no clube at\u00e9 agora.<\/p>\n\n\n\n<p>Consequentemente, e at\u00e9 o presente momento, a diretoria do Fluminense ainda n\u00e3o iniciou conversas formais visando a renova\u00e7\u00e3o do contrato do atleta. Essa aus\u00eancia de negocia\u00e7\u00e3o mant\u00e9m o cen\u00e1rio incerto.<\/p>\n\n\n\n<p>Portanto, uma sa\u00edda de Renato Augusto do clube pode ocorrer em dezembro, data em que seu v\u00ednculo atual com o Tricolor expira oficialmente.<\/p>\n\n\n\n<h2 class=\"wp-block-heading\" id=\"h-opcoes-para-o-futuro-de-renato-augusto\">Op\u00e7\u00f5es para o futuro de Renato Augusto<\/h2>\n\n\n\n<p>Nesse sentido, conforme informado pelo portal &#8216;GOAL&#8217;, Renato Augusto tamb\u00e9m avalia a possibilidade de assinar contrato com outra equipe para a temporada de 2026. Ou seja, o jogador n\u00e3o descarta completamente a continuidade de sua carreira profissional.<\/p>\n\n\n\n<p>Ademais, ele planeja aguardar o final do ano corrente para realizar uma avalia\u00e7\u00e3o detalhada de suas condi\u00e7\u00f5es f\u00edsicas e mentais, pois seu desejo \u00e9 encerrar a carreira mantendo um bom n\u00edvel de atua\u00e7\u00e3o.<\/p>\n\n\n\n<p>Todavia, caso o meia conclua que n\u00e3o possui mais as condi\u00e7\u00f5es ideais para competir em alto n\u00edvel, ele n\u00e3o pretende insistir em prolongar sua trajet\u00f3ria nos gramados de forma for\u00e7ada.<\/p>\n\n\n\n<figure class=\"wp-block-image size-large\"><img loading=\"lazy\" decoding=\"async\" width=\"1024\" height=\"577\" src=\"http:\/\/www.gaveanews.com\/wp-content\/uploads\/Renato-Augusto-durante-um-jogo-do-Corinthians-1024x577.webp\" alt=\"\" class=\"wp-image-109757\" srcset=\"https:\/\/www.gaveanews.com\/wp-content\/uploads\/Renato-Augusto-durante-um-jogo-do-Corinthians-1024x577.webp 1024w, https:\/\/www.gaveanews.com\/wp-content\/uploads\/Renato-Augusto-durante-um-jogo-do-Corinthians-300x169.webp 300w, https:\/\/www.gaveanews.com\/wp-content\/uploads\/Renato-Augusto-durante-um-jogo-do-Corinthians-768x432.webp 768w, https:\/\/www.gaveanews.com\/wp-content\/uploads\/Renato-Augusto-durante-um-jogo-do-Corinthians-1536x865.webp 1536w, https:\/\/www.gaveanews.com\/wp-content\/uploads\/Renato-Augusto-durante-um-jogo-do-Corinthians-746x420.webp 746w, https:\/\/www.gaveanews.com\/wp-content\/uploads\/Renato-Augusto-durante-um-jogo-do-Corinthians-1492x840.webp 1492w, https:\/\/www.gaveanews.com\/wp-content\/uploads\/Renato-Augusto-durante-um-jogo-do-Corinthians-640x360.webp 640w, https:\/\/www.gaveanews.com\/wp-content\/uploads\/Renato-Augusto-durante-um-jogo-do-Corinthians-1280x721.webp 1280w, https:\/\/www.gaveanews.com\/wp-content\/uploads\/Renato-Augusto-durante-um-jogo-do-Corinthians-681x383.webp 681w, https:\/\/www.gaveanews.com\/wp-content\/uploads\/Renato-Augusto-durante-um-jogo-do-Corinthians-1362x767.webp 1362w, https:\/\/www.gaveanews.com\/wp-content\/uploads\/Renato-Augusto-durante-um-jogo-do-Corinthians-100x56.webp 100w, https:\/\/www.gaveanews.com\/wp-content\/uploads\/Renato-Augusto-durante-um-jogo-do-Corinthians.webp 1920w\" sizes=\"auto, (max-width: 1024px) 100vw, 1024px\" \/><figcaption class=\"wp-element-caption\">Renato Augusto durante um jogo do Corinthians (Foto: Divulga\u00e7\u00e3o\/Corinthians)<\/figcaption><\/figure>\n\n\n\n<h2 class=\"wp-block-heading\">Desempenho de Renato Augusto no Fluminense<\/h2>\n\n\n\n<p>\u00c9 relevante recordar que, ainda no ano passado, o pr\u00f3prio jogador mencionou publicamente a grande probabilidade de 2025 ser seu \u00faltimo ano como atleta profissional. Contudo, ele ainda n\u00e3o formalizou uma decis\u00e3o definitiva sobre seu futuro.<\/p>\n\n\n\n<p>Durante sua passagem pelo Fluminense, que j\u00e1 percorre seu segundo ano, Renato Augusto participou de 33 partidas oficiais pela equipe carioca. Ao longo dessas apari\u00e7\u00f5es, o meia contribuiu com um gol marcado e forneceu uma assist\u00eancia para seus companheiros.<\/p>\n","protected":false},"excerpt":{"rendered":"<p>O meia Renato Augusto, atualmente com 37 anos, enfrenta um futuro indefinido para a pr\u00f3xima temporada no futebol. Al\u00e9m disso, o jogador n\u00e3o descarta a possibilidade de encerrar sua vitoriosa carreira quando seu contrato com o Fluminense terminar. Renato Augusto integrou o elenco das Laranjeiras em janeiro de 2024, por\u00e9m, desde ent\u00e3o, busca corresponder \u00e0s [&hellip;]<\/p>\n","protected":false},"author":28,"featured_media":167660,"comment_status":"open","ping_status":"closed","sticky":false,"template":"","format":"standard","meta":{"footnotes":""},"categories":[145],"tags":[],"class_list":["post-244927","post","type-post","status-publish","format-standard","has-post-thumbnail","hentry","category-fluminense"],"yoast_head":"<!-- This site is optimized with the Yoast SEO Premium plugin v24.2 (Yoast SEO v26.9) - https:\/\/yoast.com\/product\/yoast-seo-premium-wordpress\/ -->\n<title>Atualiza\u00e7\u00e3o sobre a sa\u00edda de Renato Augusto do Fluminense<\/title>\n<meta name=\"robots\" content=\"index, follow, max-snippet:-1, max-image-preview:large, max-video-preview:-1\" \/>\n<link rel=\"canonical\" href=\"https:\/\/www.gaveanews.com\/index.php\/2025\/03\/26\/atualizacao-sobre-a-saida-de-renato-augusto-do-fluminense\/\" \/>\n<meta property=\"og:locale\" content=\"pt_BR\" \/>\n<meta property=\"og:type\" content=\"article\" \/>\n<meta property=\"og:title\" content=\"Atualiza\u00e7\u00e3o sobre a sa\u00edda de Renato Augusto do Fluminense\" \/>\n<meta property=\"og:description\" content=\"O meia Renato Augusto, atualmente com 37 anos, enfrenta um futuro indefinido para a pr\u00f3xima temporada no futebol. Al\u00e9m disso, o jogador n\u00e3o descarta a possibilidade de encerrar sua vitoriosa carreira quando seu contrato com o Fluminense terminar. Renato Augusto integrou o elenco das Laranjeiras em janeiro de 2024, por\u00e9m, desde ent\u00e3o, busca corresponder \u00e0s [&hellip;]\" \/>\n<meta property=\"og:url\" content=\"https:\/\/www.gaveanews.com\/index.php\/2025\/03\/26\/atualizacao-sobre-a-saida-de-renato-augusto-do-fluminense\/\" \/>\n<meta property=\"og:site_name\" content=\"G\u00e1vea News\" \/>\n<meta property=\"article:publisher\" content=\"https:\/\/facebook.com\/gaveaNews\/\" \/>\n<meta property=\"article:published_time\" content=\"2025-03-26T19:55:14+00:00\" \/>\n<meta property=\"og:image\" content=\"https:\/\/www.gaveanews.com\/wp-content\/uploads\/Renato-Augusto-pelo-Fluminense.webp\" \/>\n\t<meta property=\"og:image:width\" content=\"994\" \/>\n\t<meta property=\"og:image:height\" content=\"726\" \/>\n\t<meta property=\"og:image:type\" content=\"image\/jpeg\" \/>\n<meta name=\"author\" content=\"Hudson Pereira\" \/>\n<meta name=\"twitter:card\" content=\"summary_large_image\" \/>\n<meta name=\"twitter:label1\" content=\"Escrito por\" \/>\n\t<meta name=\"twitter:data1\" content=\"Hudson Pereira\" \/>\n\t<meta name=\"twitter:label2\" content=\"Est. tempo de leitura\" \/>\n\t<meta name=\"twitter:data2\" content=\"3 minutos\" \/>\n<script type=\"application\/ld+json\" class=\"yoast-schema-graph\">{\"@context\":\"https:\/\/schema.org\",\"@graph\":[{\"@type\":\"NewsArticle\",\"@id\":\"https:\/\/www.gaveanews.com\/index.php\/2025\/03\/26\/atualizacao-sobre-a-saida-de-renato-augusto-do-fluminense\/#article\",\"isPartOf\":{\"@id\":\"https:\/\/www.gaveanews.com\/index.php\/2025\/03\/26\/atualizacao-sobre-a-saida-de-renato-augusto-do-fluminense\/\"},\"author\":{\"name\":\"Hudson Pereira\",\"@id\":\"https:\/\/www.gaveanews.com\/#\/schema\/person\/bd08f00534b403119b92741a6d469ef0\"},\"headline\":\"Atualiza\u00e7\u00e3o sobre a sa\u00edda de Renato Augusto do Fluminense\",\"datePublished\":\"2025-03-26T19:55:14+00:00\",\"mainEntityOfPage\":{\"@id\":\"https:\/\/www.gaveanews.com\/index.php\/2025\/03\/26\/atualizacao-sobre-a-saida-de-renato-augusto-do-fluminense\/\"},\"wordCount\":404,\"commentCount\":0,\"image\":{\"@id\":\"https:\/\/www.gaveanews.com\/index.php\/2025\/03\/26\/atualizacao-sobre-a-saida-de-renato-augusto-do-fluminense\/#primaryimage\"},\"thumbnailUrl\":\"https:\/\/www.gaveanews.com\/wp-content\/uploads\/Renato-Augusto-pelo-Fluminense.webp\",\"articleSection\":[\"Fluminense\"],\"inLanguage\":\"pt-BR\",\"potentialAction\":[{\"@type\":\"CommentAction\",\"name\":\"Comment\",\"target\":[\"https:\/\/www.gaveanews.com\/index.php\/2025\/03\/26\/atualizacao-sobre-a-saida-de-renato-augusto-do-fluminense\/#respond\"]}],\"copyrightYear\":\"2025\",\"copyrightHolder\":{\"@id\":\"https:\/\/www.gaveanews.com\/#organization\"}},{\"@type\":\"WebPage\",\"@id\":\"https:\/\/www.gaveanews.com\/index.php\/2025\/03\/26\/atualizacao-sobre-a-saida-de-renato-augusto-do-fluminense\/\",\"url\":\"https:\/\/www.gaveanews.com\/index.php\/2025\/03\/26\/atualizacao-sobre-a-saida-de-renato-augusto-do-fluminense\/\",\"name\":\"Atualiza\u00e7\u00e3o sobre a sa\u00edda de Renato Augusto do Fluminense\",\"isPartOf\":{\"@id\":\"https:\/\/www.gaveanews.com\/#website\"},\"primaryImageOfPage\":{\"@id\":\"https:\/\/www.gaveanews.com\/index.php\/2025\/03\/26\/atualizacao-sobre-a-saida-de-renato-augusto-do-fluminense\/#primaryimage\"},\"image\":{\"@id\":\"https:\/\/www.gaveanews.com\/index.php\/2025\/03\/26\/atualizacao-sobre-a-saida-de-renato-augusto-do-fluminense\/#primaryimage\"},\"thumbnailUrl\":\"https:\/\/www.gaveanews.com\/wp-content\/uploads\/Renato-Augusto-pelo-Fluminense.webp\",\"datePublished\":\"2025-03-26T19:55:14+00:00\",\"author\":{\"@id\":\"https:\/\/www.gaveanews.com\/#\/schema\/person\/bd08f00534b403119b92741a6d469ef0\"},\"breadcrumb\":{\"@id\":\"https:\/\/www.gaveanews.com\/index.php\/2025\/03\/26\/atualizacao-sobre-a-saida-de-renato-augusto-do-fluminense\/#breadcrumb\"},\"inLanguage\":\"pt-BR\",\"potentialAction\":[{\"@type\":\"ReadAction\",\"target\":[\"https:\/\/www.gaveanews.com\/index.php\/2025\/03\/26\/atualizacao-sobre-a-saida-de-renato-augusto-do-fluminense\/\"]}]},{\"@type\":\"ImageObject\",\"inLanguage\":\"pt-BR\",\"@id\":\"https:\/\/www.gaveanews.com\/index.php\/2025\/03\/26\/atualizacao-sobre-a-saida-de-renato-augusto-do-fluminense\/#primaryimage\",\"url\":\"https:\/\/www.gaveanews.com\/wp-content\/uploads\/Renato-Augusto-pelo-Fluminense.webp\",\"contentUrl\":\"https:\/\/www.gaveanews.com\/wp-content\/uploads\/Renato-Augusto-pelo-Fluminense.webp\",\"width\":994,\"height\":726,\"caption\":\"Renato Augusto pelo Fluminense (Foto: Lucas Mer\u00e7on\/Fluminense)\"},{\"@type\":\"BreadcrumbList\",\"@id\":\"https:\/\/www.gaveanews.com\/index.php\/2025\/03\/26\/atualizacao-sobre-a-saida-de-renato-augusto-do-fluminense\/#breadcrumb\",\"itemListElement\":[{\"@type\":\"ListItem\",\"position\":1,\"name\":\"Home\",\"item\":\"https:\/\/www.gaveanews.com\/\"},{\"@type\":\"ListItem\",\"position\":2,\"name\":\"Atualiza\u00e7\u00e3o sobre a sa\u00edda de Renato Augusto do Fluminense\"}]},{\"@type\":\"WebSite\",\"@id\":\"https:\/\/www.gaveanews.com\/#website\",\"url\":\"https:\/\/www.gaveanews.com\/\",\"name\":\"G\u00e1vea News\",\"description\":\"Veja todas as not\u00edcias sobre o Flamengo: Contrata\u00e7\u00f5es, categorias de base, resultados das partidas, tabela de classifica\u00e7\u00e3o, pr\u00f3ximos jogos!\",\"potentialAction\":[{\"@type\":\"SearchAction\",\"target\":{\"@type\":\"EntryPoint\",\"urlTemplate\":\"https:\/\/www.gaveanews.com\/?s={search_term_string}\"},\"query-input\":{\"@type\":\"PropertyValueSpecification\",\"valueRequired\":true,\"valueName\":\"search_term_string\"}}],\"inLanguage\":\"pt-BR\"},{\"@type\":\"Person\",\"@id\":\"https:\/\/www.gaveanews.com\/#\/schema\/person\/bd08f00534b403119b92741a6d469ef0\",\"name\":\"Hudson Pereira\",\"image\":{\"@type\":\"ImageObject\",\"inLanguage\":\"pt-BR\",\"@id\":\"https:\/\/www.gaveanews.com\/#\/schema\/person\/image\/\",\"url\":\"https:\/\/secure.gravatar.com\/avatar\/ecc491b489e454e510efffc9b23c1052ce5fb4f2e05555768ba65819cd55f03e?s=96&d=mm&r=g\",\"contentUrl\":\"https:\/\/secure.gravatar.com\/avatar\/ecc491b489e454e510efffc9b23c1052ce5fb4f2e05555768ba65819cd55f03e?s=96&d=mm&r=g\",\"caption\":\"Hudson Pereira\"}}]}<\/script>\n<!-- \/ Yoast SEO Premium plugin. -->","yoast_head_json":{"title":"Atualiza\u00e7\u00e3o sobre a sa\u00edda de Renato Augusto do Fluminense","robots":{"index":"index","follow":"follow","max-snippet":"max-snippet:-1","max-image-preview":"max-image-preview:large","max-video-preview":"max-video-preview:-1"},"canonical":"https:\/\/www.gaveanews.com\/index.php\/2025\/03\/26\/atualizacao-sobre-a-saida-de-renato-augusto-do-fluminense\/","og_locale":"pt_BR","og_type":"article","og_title":"Atualiza\u00e7\u00e3o sobre a sa\u00edda de Renato Augusto do Fluminense","og_description":"O meia Renato Augusto, atualmente com 37 anos, enfrenta um futuro indefinido para a pr\u00f3xima temporada no futebol. Al\u00e9m disso, o jogador n\u00e3o descarta a possibilidade de encerrar sua vitoriosa carreira quando seu contrato com o Fluminense terminar. Renato Augusto integrou o elenco das Laranjeiras em janeiro de 2024, por\u00e9m, desde ent\u00e3o, busca corresponder \u00e0s [&hellip;]","og_url":"https:\/\/www.gaveanews.com\/index.php\/2025\/03\/26\/atualizacao-sobre-a-saida-de-renato-augusto-do-fluminense\/","og_site_name":"G\u00e1vea News","article_publisher":"https:\/\/facebook.com\/gaveaNews\/","article_published_time":"2025-03-26T19:55:14+00:00","og_image":[{"width":994,"height":726,"url":"https:\/\/www.gaveanews.com\/wp-content\/uploads\/Renato-Augusto-pelo-Fluminense.webp","type":"image\/jpeg"}],"author":"Hudson Pereira","twitter_card":"summary_large_image","twitter_misc":{"Escrito por":"Hudson Pereira","Est. tempo de leitura":"3 minutos"},"schema":{"@context":"https:\/\/schema.org","@graph":[{"@type":"NewsArticle","@id":"https:\/\/www.gaveanews.com\/index.php\/2025\/03\/26\/atualizacao-sobre-a-saida-de-renato-augusto-do-fluminense\/#article","isPartOf":{"@id":"https:\/\/www.gaveanews.com\/index.php\/2025\/03\/26\/atualizacao-sobre-a-saida-de-renato-augusto-do-fluminense\/"},"author":{"name":"Hudson Pereira","@id":"https:\/\/www.gaveanews.com\/#\/schema\/person\/bd08f00534b403119b92741a6d469ef0"},"headline":"Atualiza\u00e7\u00e3o sobre a sa\u00edda de Renato Augusto do Fluminense","datePublished":"2025-03-26T19:55:14+00:00","mainEntityOfPage":{"@id":"https:\/\/www.gaveanews.com\/index.php\/2025\/03\/26\/atualizacao-sobre-a-saida-de-renato-augusto-do-fluminense\/"},"wordCount":404,"commentCount":0,"image":{"@id":"https:\/\/www.gaveanews.com\/index.php\/2025\/03\/26\/atualizacao-sobre-a-saida-de-renato-augusto-do-fluminense\/#primaryimage"},"thumbnailUrl":"https:\/\/www.gaveanews.com\/wp-content\/uploads\/Renato-Augusto-pelo-Fluminense.webp","articleSection":["Fluminense"],"inLanguage":"pt-BR","potentialAction":[{"@type":"CommentAction","name":"Comment","target":["https:\/\/www.gaveanews.com\/index.php\/2025\/03\/26\/atualizacao-sobre-a-saida-de-renato-augusto-do-fluminense\/#respond"]}],"copyrightYear":"2025","copyrightHolder":{"@id":"https:\/\/www.gaveanews.com\/#organization"}},{"@type":"WebPage","@id":"https:\/\/www.gaveanews.com\/index.php\/2025\/03\/26\/atualizacao-sobre-a-saida-de-renato-augusto-do-fluminense\/","url":"https:\/\/www.gaveanews.com\/index.php\/2025\/03\/26\/atualizacao-sobre-a-saida-de-renato-augusto-do-fluminense\/","name":"Atualiza\u00e7\u00e3o sobre a sa\u00edda de Renato Augusto do Fluminense","isPartOf":{"@id":"https:\/\/www.gaveanews.com\/#website"},"primaryImageOfPage":{"@id":"https:\/\/www.gaveanews.com\/index.php\/2025\/03\/26\/atualizacao-sobre-a-saida-de-renato-augusto-do-fluminense\/#primaryimage"},"image":{"@id":"https:\/\/www.gaveanews.com\/index.php\/2025\/03\/26\/atualizacao-sobre-a-saida-de-renato-augusto-do-fluminense\/#primaryimage"},"thumbnailUrl":"https:\/\/www.gaveanews.com\/wp-content\/uploads\/Renato-Augusto-pelo-Fluminense.webp","datePublished":"2025-03-26T19:55:14+00:00","author":{"@id":"https:\/\/www.gaveanews.com\/#\/schema\/person\/bd08f00534b403119b92741a6d469ef0"},"breadcrumb":{"@id":"https:\/\/www.gaveanews.com\/index.php\/2025\/03\/26\/atualizacao-sobre-a-saida-de-renato-augusto-do-fluminense\/#breadcrumb"},"inLanguage":"pt-BR","potentialAction":[{"@type":"ReadAction","target":["https:\/\/www.gaveanews.com\/index.php\/2025\/03\/26\/atualizacao-sobre-a-saida-de-renato-augusto-do-fluminense\/"]}]},{"@type":"ImageObject","inLanguage":"pt-BR","@id":"https:\/\/www.gaveanews.com\/index.php\/2025\/03\/26\/atualizacao-sobre-a-saida-de-renato-augusto-do-fluminense\/#primaryimage","url":"https:\/\/www.gaveanews.com\/wp-content\/uploads\/Renato-Augusto-pelo-Fluminense.webp","contentUrl":"https:\/\/www.gaveanews.com\/wp-content\/uploads\/Renato-Augusto-pelo-Fluminense.webp","width":994,"height":726,"caption":"Renato Augusto pelo Fluminense (Foto: Lucas Mer\u00e7on\/Fluminense)"},{"@type":"BreadcrumbList","@id":"https:\/\/www.gaveanews.com\/index.php\/2025\/03\/26\/atualizacao-sobre-a-saida-de-renato-augusto-do-fluminense\/#breadcrumb","itemListElement":[{"@type":"ListItem","position":1,"name":"Home","item":"https:\/\/www.gaveanews.com\/"},{"@type":"ListItem","position":2,"name":"Atualiza\u00e7\u00e3o sobre a sa\u00edda de Renato Augusto do Fluminense"}]},{"@type":"WebSite","@id":"https:\/\/www.gaveanews.com\/#website","url":"https:\/\/www.gaveanews.com\/","name":"G\u00e1vea News","description":"Veja todas as not\u00edcias sobre o Flamengo: Contrata\u00e7\u00f5es, categorias de base, resultados das partidas, tabela de classifica\u00e7\u00e3o, pr\u00f3ximos jogos!","potentialAction":[{"@type":"SearchAction","target":{"@type":"EntryPoint","urlTemplate":"https:\/\/www.gaveanews.com\/?s={search_term_string}"},"query-input":{"@type":"PropertyValueSpecification","valueRequired":true,"valueName":"search_term_string"}}],"inLanguage":"pt-BR"},{"@type":"Person","@id":"https:\/\/www.gaveanews.com\/#\/schema\/person\/bd08f00534b403119b92741a6d469ef0","name":"Hudson Pereira","image":{"@type":"ImageObject","inLanguage":"pt-BR","@id":"https:\/\/www.gaveanews.com\/#\/schema\/person\/image\/","url":"https:\/\/secure.gravatar.com\/avatar\/ecc491b489e454e510efffc9b23c1052ce5fb4f2e05555768ba65819cd55f03e?s=96&d=mm&r=g","contentUrl":"https:\/\/secure.gravatar.com\/avatar\/ecc491b489e454e510efffc9b23c1052ce5fb4f2e05555768ba65819cd55f03e?s=96&d=mm&r=g","caption":"Hudson Pereira"}}]}},"_links":{"self":[{"href":"https:\/\/www.gaveanews.com\/index.php\/wp-json\/wp\/v2\/posts\/244927","targetHints":{"allow":["GET"]}}],"collection":[{"href":"https:\/\/www.gaveanews.com\/index.php\/wp-json\/wp\/v2\/posts"}],"about":[{"href":"https:\/\/www.gaveanews.com\/index.php\/wp-json\/wp\/v2\/types\/post"}],"author":[{"embeddable":true,"href":"https:\/\/www.gaveanews.com\/index.php\/wp-json\/wp\/v2\/users\/28"}],"replies":[{"embeddable":true,"href":"https:\/\/www.gaveanews.com\/index.php\/wp-json\/wp\/v2\/comments?post=244927"}],"version-history":[{"count":3,"href":"https:\/\/www.gaveanews.com\/index.php\/wp-json\/wp\/v2\/posts\/244927\/revisions"}],"predecessor-version":[{"id":244938,"href":"https:\/\/www.gaveanews.com\/index.php\/wp-json\/wp\/v2\/posts\/244927\/revisions\/244938"}],"wp:featuredmedia":[{"embeddable":true,"href":"https:\/\/www.gaveanews.com\/index.php\/wp-json\/wp\/v2\/media\/167660"}],"wp:attachment":[{"href":"https:\/\/www.gaveanews.com\/index.php\/wp-json\/wp\/v2\/media?parent=244927"}],"wp:term":[{"taxonomy":"category","embeddable":true,"href":"https:\/\/www.gaveanews.com\/index.php\/wp-json\/wp\/v2\/categories?post=244927"},{"taxonomy":"post_tag","embeddable":true,"href":"https:\/\/www.gaveanews.com\/index.php\/wp-json\/wp\/v2\/tags?post=244927"}],"curies":[{"name":"wp","href":"https:\/\/api.w.org\/{rel}","templated":true}]}}