{"id":244931,"date":"2025-03-26T14:45:00","date_gmt":"2025-03-26T17:45:00","guid":{"rendered":"https:\/\/www.gaveanews.com\/?p=244931"},"modified":"2025-03-26T14:40:25","modified_gmt":"2025-03-26T17:40:25","slug":"video-a-declaracao-de-pilhado-apos-a-derrota-do-brasil-para-a-argentina","status":"publish","type":"post","link":"https:\/\/www.gaveanews.com\/index.php\/2025\/03\/26\/video-a-declaracao-de-pilhado-apos-a-derrota-do-brasil-para-a-argentina\/","title":{"rendered":"V\u00eddeo: a declara\u00e7\u00e3o de Pilhado ap\u00f3s a derrota do Brasil para a Argentina"},"content":{"rendered":"\n<p>A goleada sofrida pela Sele\u00e7\u00e3o Brasileira diante da Argentina por 4 a 1 nas Eliminat\u00f3rias da Copa do Mundo gerou revolta na imprensa e nos torcedores. Entre as rea\u00e7\u00f5es mais fortes, o jornalista Thiago Asmar, o Pilhado, n\u00e3o poupou cr\u00edticas e pediu a demiss\u00e3o imediata de Dorival J\u00fanior.&nbsp;<\/p>\n\n\n\n<p>O comunicador tamb\u00e9m cobrou Vin\u00edcius J\u00fanior, apontando que o atacante ainda n\u00e3o entregou o esperado vestindo a camisa da Sele\u00e7\u00e3o.<\/p>\n\n\n\n<h2 class=\"wp-block-heading\" id=\"h-pilhado-se-revolta-com-dorival-e-vinicius-junior\">Pilhado se revolta com Dorival e Vin\u00edcius J\u00fanior<\/h2>\n\n\n\n<p>&#8220;Dorival tem que cair! N\u00e3o d\u00e1 pra depois de uma humilha\u00e7\u00e3o dessa Dorival ficar na Sele\u00e7\u00e3o. Mas e o Vin\u00edcius Jr? Eu sou o maior protetor dele na m\u00eddia, sempre achei que ele foi perseguido. Mas, na Sele\u00e7\u00e3o Brasileira ainda n\u00e3o entregou nada!&#8221;, disparou Pilhado.<\/p>\n\n\n\n<figure class=\"wp-block-embed is-type-video is-provider-tiktok wp-block-embed-tiktok\"><div class=\"wp-block-embed__wrapper\">\n<blockquote class=\"tiktok-embed\" cite=\"https:\/\/www.tiktok.com\/@cortesfouryou\/video\/7485944088122920198\" data-video-id=\"7485944088122920198\" data-embed-from=\"oembed\" style=\"max-width:605px; min-width:325px;\"> <section> <a target=\"_blank\" title=\"@cortesfouryou\" href=\"https:\/\/www.tiktok.com\/@cortesfouryou?refer=embed\">@cortesfouryou<\/a> <p><a title=\"dorival\" target=\"_blank\" href=\"https:\/\/www.tiktok.com\/tag\/dorival?refer=embed\">#dorival<\/a> <a title=\"dorivaljunior\" target=\"_blank\" href=\"https:\/\/www.tiktok.com\/tag\/dorivaljunior?refer=embed\">#dorivaljunior<\/a> <a title=\"selecaobrasileira\" target=\"_blank\" href=\"https:\/\/www.tiktok.com\/tag\/selecaobrasileira?refer=embed\">#selecaobrasileira<\/a> <a title=\"argentina\ud83c\udde6\ud83c\uddf7\" target=\"_blank\" href=\"https:\/\/www.tiktok.com\/tag\/argentina%F0%9F%87%A6%F0%9F%87%B7?refer=embed\">#argentina\ud83c\udde6\ud83c\uddf7<\/a> <a title=\"futebol\" target=\"_blank\" href=\"https:\/\/www.tiktok.com\/tag\/futebol?refer=embed\">#futebol<\/a> <a title=\"jovempan\" target=\"_blank\" href=\"https:\/\/www.tiktok.com\/tag\/jovempan?refer=embed\">#jovempan<\/a> <a title=\"brasilxargentina\" target=\"_blank\" href=\"https:\/\/www.tiktok.com\/tag\/brasilxargentina?refer=embed\">#brasilxargentina<\/a> <\/p> <a target=\"_blank\" title=\"\u266c som original - Cortes Fouryou\" href=\"https:\/\/www.tiktok.com\/music\/som-original-7485944107723852599?refer=embed\">\u266c som original &#8211; Cortes Fouryou<\/a> <\/section> <\/blockquote> <script async src=\"https:\/\/www.tiktok.com\/embed.js\"><\/script>\n<\/div><\/figure>\n\n\n\n<p>A press\u00e3o sobre Dorival J\u00fanior aumentou ainda mais ap\u00f3s o vexame contra os argentinos.&nbsp;<\/p>\n\n\n\n<p>Isso porque, al\u00e9m da derrota hist\u00f3rica, a equipe demonstrou um futebol pouco competitivo e viu seu rival dominar completamente a partida. Sendo assim, a perman\u00eancia do treinador se tornou insustent\u00e1vel nos bastidores da CBF.<\/p>\n\n\n\n<h2 class=\"wp-block-heading\" id=\"h-demissao-de-dorival-ja-estaria-decidida\">Demiss\u00e3o de Dorival j\u00e1 estaria decidida<\/h2>\n\n\n\n<p>De acordo com informa\u00e7\u00f5es do portal Terra, Dorival J\u00fanior ser\u00e1 desligado do cargo ainda nesta quarta-feira (26). A decis\u00e3o j\u00e1 teria sido tomada pelo presidente da CBF, Ednaldo Rodrigues, que busca dar uma resposta imediata \u00e0 crise.&nbsp;<\/p>\n\n\n\n<p>Al\u00e9m disso, a entidade n\u00e3o quer prolongar a indefini\u00e7\u00e3o sobre o comando t\u00e9cnico da equipe, mesmo sem um substituto definido.<\/p>\n\n\n\n<p>Vale destacar que a ideia inicial da CBF era manter Dorival at\u00e9 a Data Fifa de junho, nos jogos contra Col\u00f4mbia e Paraguai. No entanto, o fraco desempenho nas Eliminat\u00f3rias e a elimina\u00e7\u00e3o precoce na Copa Am\u00e9rica pesaram contra o treinador. Dessa maneira, a mudan\u00e7a deve ocorrer antes do planejado.<\/p>\n\n\n\n<h2 class=\"wp-block-heading\" id=\"h-quem-pode-assumir-a-selecao-brasileira\">Quem pode assumir a Sele\u00e7\u00e3o Brasileira?<\/h2>\n\n\n\n<p>A CBF ainda n\u00e3o tem um nome fechado para substituir Dorival, mas Carlo Ancelotti segue como o grande sonho da entidade. O treinador italiano tem contrato com o Real Madrid at\u00e9 junho de 2025, o que dificulta uma negocia\u00e7\u00e3o imediata.<\/p>\n\n\n\n<p>Por isso, outros nomes come\u00e7am a ganhar for\u00e7a nos bastidores. Entre os poss\u00edveis sucessores, Filipe Lu\u00eds, do Flamengo, e Abel Ferreira, do Palmeiras, aparecem como op\u00e7\u00f5es. Cabe ressaltar que a rela\u00e7\u00e3o da CBF com Ancelotti estaria estremecida, o que pode abrir caminho para outra escolha.<\/p>\n\n\n\n<p>Com isso, a Sele\u00e7\u00e3o Brasileira vive mais um momento de instabilidade, buscando um novo rumo ap\u00f3s mais um resultado desastroso.<\/p>\n","protected":false},"excerpt":{"rendered":"<p>A goleada sofrida pela Sele\u00e7\u00e3o Brasileira diante da Argentina por 4 a 1 nas Eliminat\u00f3rias da Copa do Mundo gerou revolta na imprensa e nos torcedores. Entre as rea\u00e7\u00f5es mais fortes, o jornalista Thiago Asmar, o Pilhado, n\u00e3o poupou cr\u00edticas e pediu a demiss\u00e3o imediata de Dorival J\u00fanior.&nbsp; O comunicador tamb\u00e9m cobrou Vin\u00edcius J\u00fanior, apontando [&hellip;]<\/p>\n","protected":false},"author":25,"featured_media":101808,"comment_status":"open","ping_status":"closed","sticky":false,"template":"","format":"standard","meta":{"footnotes":""},"categories":[478],"tags":[],"class_list":["post-244931","post","type-post","status-publish","format-standard","has-post-thumbnail","hentry","category-brasil"],"yoast_head":"<!-- This site is optimized with the Yoast SEO Premium plugin v24.2 (Yoast SEO v26.9) - https:\/\/yoast.com\/product\/yoast-seo-premium-wordpress\/ -->\n<title>V\u00eddeo: a declara\u00e7\u00e3o de Pilhado ap\u00f3s a derrota do Brasil para a Argentina<\/title>\n<meta name=\"robots\" content=\"index, follow, max-snippet:-1, max-image-preview:large, max-video-preview:-1\" \/>\n<link rel=\"canonical\" href=\"https:\/\/www.gaveanews.com\/index.php\/2025\/03\/26\/video-a-declaracao-de-pilhado-apos-a-derrota-do-brasil-para-a-argentina\/\" \/>\n<meta property=\"og:locale\" content=\"pt_BR\" \/>\n<meta property=\"og:type\" content=\"article\" \/>\n<meta property=\"og:title\" content=\"V\u00eddeo: a declara\u00e7\u00e3o de Pilhado ap\u00f3s a derrota do Brasil para a Argentina\" \/>\n<meta property=\"og:description\" content=\"A goleada sofrida pela Sele\u00e7\u00e3o Brasileira diante da Argentina por 4 a 1 nas Eliminat\u00f3rias da Copa do Mundo gerou revolta na imprensa e nos torcedores. Entre as rea\u00e7\u00f5es mais fortes, o jornalista Thiago Asmar, o Pilhado, n\u00e3o poupou cr\u00edticas e pediu a demiss\u00e3o imediata de Dorival J\u00fanior.&nbsp; O comunicador tamb\u00e9m cobrou Vin\u00edcius J\u00fanior, apontando [&hellip;]\" \/>\n<meta property=\"og:url\" content=\"https:\/\/www.gaveanews.com\/index.php\/2025\/03\/26\/video-a-declaracao-de-pilhado-apos-a-derrota-do-brasil-para-a-argentina\/\" \/>\n<meta property=\"og:site_name\" content=\"G\u00e1vea News\" \/>\n<meta property=\"article:publisher\" content=\"https:\/\/facebook.com\/gaveaNews\/\" \/>\n<meta property=\"article:published_time\" content=\"2025-03-26T17:45:00+00:00\" \/>\n<meta property=\"og:image\" content=\"https:\/\/www.gaveanews.com\/wp-content\/uploads\/Thiago-Asmar-durante-programa-da-Jovem-Pan.webp\" \/>\n\t<meta property=\"og:image:width\" content=\"1268\" \/>\n\t<meta property=\"og:image:height\" content=\"884\" \/>\n\t<meta property=\"og:image:type\" content=\"image\/jpeg\" \/>\n<meta name=\"author\" content=\"Rafaela Ladeira\" \/>\n<meta name=\"twitter:card\" content=\"summary_large_image\" \/>\n<meta name=\"twitter:label1\" content=\"Escrito por\" \/>\n\t<meta name=\"twitter:data1\" content=\"Rafaela Ladeira\" \/>\n\t<meta name=\"twitter:label2\" content=\"Est. tempo de leitura\" \/>\n\t<meta name=\"twitter:data2\" content=\"3 minutos\" \/>\n<script type=\"application\/ld+json\" class=\"yoast-schema-graph\">{\"@context\":\"https:\/\/schema.org\",\"@graph\":[{\"@type\":\"NewsArticle\",\"@id\":\"https:\/\/www.gaveanews.com\/index.php\/2025\/03\/26\/video-a-declaracao-de-pilhado-apos-a-derrota-do-brasil-para-a-argentina\/#article\",\"isPartOf\":{\"@id\":\"https:\/\/www.gaveanews.com\/index.php\/2025\/03\/26\/video-a-declaracao-de-pilhado-apos-a-derrota-do-brasil-para-a-argentina\/\"},\"author\":{\"name\":\"Rafaela Ladeira\",\"@id\":\"https:\/\/www.gaveanews.com\/#\/schema\/person\/0eb3e3fe1754f0205218538adbe8f5ed\"},\"headline\":\"V\u00eddeo: a declara\u00e7\u00e3o de Pilhado ap\u00f3s a derrota do Brasil para a Argentina\",\"datePublished\":\"2025-03-26T17:45:00+00:00\",\"mainEntityOfPage\":{\"@id\":\"https:\/\/www.gaveanews.com\/index.php\/2025\/03\/26\/video-a-declaracao-de-pilhado-apos-a-derrota-do-brasil-para-a-argentina\/\"},\"wordCount\":471,\"commentCount\":0,\"image\":{\"@id\":\"https:\/\/www.gaveanews.com\/index.php\/2025\/03\/26\/video-a-declaracao-de-pilhado-apos-a-derrota-do-brasil-para-a-argentina\/#primaryimage\"},\"thumbnailUrl\":\"https:\/\/www.gaveanews.com\/wp-content\/uploads\/Thiago-Asmar-durante-programa-da-Jovem-Pan.webp\",\"articleSection\":[\"Brasil\"],\"inLanguage\":\"pt-BR\",\"potentialAction\":[{\"@type\":\"CommentAction\",\"name\":\"Comment\",\"target\":[\"https:\/\/www.gaveanews.com\/index.php\/2025\/03\/26\/video-a-declaracao-de-pilhado-apos-a-derrota-do-brasil-para-a-argentina\/#respond\"]}],\"copyrightYear\":\"2025\",\"copyrightHolder\":{\"@id\":\"https:\/\/www.gaveanews.com\/#organization\"}},{\"@type\":\"WebPage\",\"@id\":\"https:\/\/www.gaveanews.com\/index.php\/2025\/03\/26\/video-a-declaracao-de-pilhado-apos-a-derrota-do-brasil-para-a-argentina\/\",\"url\":\"https:\/\/www.gaveanews.com\/index.php\/2025\/03\/26\/video-a-declaracao-de-pilhado-apos-a-derrota-do-brasil-para-a-argentina\/\",\"name\":\"V\u00eddeo: a declara\u00e7\u00e3o de Pilhado ap\u00f3s a derrota do Brasil para a Argentina\",\"isPartOf\":{\"@id\":\"https:\/\/www.gaveanews.com\/#website\"},\"primaryImageOfPage\":{\"@id\":\"https:\/\/www.gaveanews.com\/index.php\/2025\/03\/26\/video-a-declaracao-de-pilhado-apos-a-derrota-do-brasil-para-a-argentina\/#primaryimage\"},\"image\":{\"@id\":\"https:\/\/www.gaveanews.com\/index.php\/2025\/03\/26\/video-a-declaracao-de-pilhado-apos-a-derrota-do-brasil-para-a-argentina\/#primaryimage\"},\"thumbnailUrl\":\"https:\/\/www.gaveanews.com\/wp-content\/uploads\/Thiago-Asmar-durante-programa-da-Jovem-Pan.webp\",\"datePublished\":\"2025-03-26T17:45:00+00:00\",\"author\":{\"@id\":\"https:\/\/www.gaveanews.com\/#\/schema\/person\/0eb3e3fe1754f0205218538adbe8f5ed\"},\"breadcrumb\":{\"@id\":\"https:\/\/www.gaveanews.com\/index.php\/2025\/03\/26\/video-a-declaracao-de-pilhado-apos-a-derrota-do-brasil-para-a-argentina\/#breadcrumb\"},\"inLanguage\":\"pt-BR\",\"potentialAction\":[{\"@type\":\"ReadAction\",\"target\":[\"https:\/\/www.gaveanews.com\/index.php\/2025\/03\/26\/video-a-declaracao-de-pilhado-apos-a-derrota-do-brasil-para-a-argentina\/\"]}]},{\"@type\":\"ImageObject\",\"inLanguage\":\"pt-BR\",\"@id\":\"https:\/\/www.gaveanews.com\/index.php\/2025\/03\/26\/video-a-declaracao-de-pilhado-apos-a-derrota-do-brasil-para-a-argentina\/#primaryimage\",\"url\":\"https:\/\/www.gaveanews.com\/wp-content\/uploads\/Thiago-Asmar-durante-programa-da-Jovem-Pan.webp\",\"contentUrl\":\"https:\/\/www.gaveanews.com\/wp-content\/uploads\/Thiago-Asmar-durante-programa-da-Jovem-Pan.webp\",\"width\":1268,\"height\":884,\"caption\":\"Thiago Asmar durante programa da Jovem Pan (Foto: Reprodu\u00e7\u00e3o\/Jovem Pan)\"},{\"@type\":\"BreadcrumbList\",\"@id\":\"https:\/\/www.gaveanews.com\/index.php\/2025\/03\/26\/video-a-declaracao-de-pilhado-apos-a-derrota-do-brasil-para-a-argentina\/#breadcrumb\",\"itemListElement\":[{\"@type\":\"ListItem\",\"position\":1,\"name\":\"Home\",\"item\":\"https:\/\/www.gaveanews.com\/\"},{\"@type\":\"ListItem\",\"position\":2,\"name\":\"V\u00eddeo: a declara\u00e7\u00e3o de Pilhado ap\u00f3s a derrota do Brasil para a Argentina\"}]},{\"@type\":\"WebSite\",\"@id\":\"https:\/\/www.gaveanews.com\/#website\",\"url\":\"https:\/\/www.gaveanews.com\/\",\"name\":\"G\u00e1vea News\",\"description\":\"Veja todas as not\u00edcias sobre o Flamengo: Contrata\u00e7\u00f5es, categorias de base, resultados das partidas, tabela de classifica\u00e7\u00e3o, pr\u00f3ximos jogos!\",\"potentialAction\":[{\"@type\":\"SearchAction\",\"target\":{\"@type\":\"EntryPoint\",\"urlTemplate\":\"https:\/\/www.gaveanews.com\/?s={search_term_string}\"},\"query-input\":{\"@type\":\"PropertyValueSpecification\",\"valueRequired\":true,\"valueName\":\"search_term_string\"}}],\"inLanguage\":\"pt-BR\"},{\"@type\":\"Person\",\"@id\":\"https:\/\/www.gaveanews.com\/#\/schema\/person\/0eb3e3fe1754f0205218538adbe8f5ed\",\"name\":\"Rafaela Ladeira\",\"image\":{\"@type\":\"ImageObject\",\"inLanguage\":\"pt-BR\",\"@id\":\"https:\/\/www.gaveanews.com\/#\/schema\/person\/image\/\",\"url\":\"https:\/\/secure.gravatar.com\/avatar\/c31f513acffd85eacab5730cbdfdbbf59f21ba5aeada8cd890acea879fbb2455?s=96&d=mm&r=g\",\"contentUrl\":\"https:\/\/secure.gravatar.com\/avatar\/c31f513acffd85eacab5730cbdfdbbf59f21ba5aeada8cd890acea879fbb2455?s=96&d=mm&r=g\",\"caption\":\"Rafaela Ladeira\"}}]}<\/script>\n<!-- \/ Yoast SEO Premium plugin. -->","yoast_head_json":{"title":"V\u00eddeo: a declara\u00e7\u00e3o de Pilhado ap\u00f3s a derrota do Brasil para a Argentina","robots":{"index":"index","follow":"follow","max-snippet":"max-snippet:-1","max-image-preview":"max-image-preview:large","max-video-preview":"max-video-preview:-1"},"canonical":"https:\/\/www.gaveanews.com\/index.php\/2025\/03\/26\/video-a-declaracao-de-pilhado-apos-a-derrota-do-brasil-para-a-argentina\/","og_locale":"pt_BR","og_type":"article","og_title":"V\u00eddeo: a declara\u00e7\u00e3o de Pilhado ap\u00f3s a derrota do Brasil para a Argentina","og_description":"A goleada sofrida pela Sele\u00e7\u00e3o Brasileira diante da Argentina por 4 a 1 nas Eliminat\u00f3rias da Copa do Mundo gerou revolta na imprensa e nos torcedores. Entre as rea\u00e7\u00f5es mais fortes, o jornalista Thiago Asmar, o Pilhado, n\u00e3o poupou cr\u00edticas e pediu a demiss\u00e3o imediata de Dorival J\u00fanior.&nbsp; O comunicador tamb\u00e9m cobrou Vin\u00edcius J\u00fanior, apontando [&hellip;]","og_url":"https:\/\/www.gaveanews.com\/index.php\/2025\/03\/26\/video-a-declaracao-de-pilhado-apos-a-derrota-do-brasil-para-a-argentina\/","og_site_name":"G\u00e1vea News","article_publisher":"https:\/\/facebook.com\/gaveaNews\/","article_published_time":"2025-03-26T17:45:00+00:00","og_image":[{"width":1268,"height":884,"url":"https:\/\/www.gaveanews.com\/wp-content\/uploads\/Thiago-Asmar-durante-programa-da-Jovem-Pan.webp","type":"image\/jpeg"}],"author":"Rafaela Ladeira","twitter_card":"summary_large_image","twitter_misc":{"Escrito por":"Rafaela Ladeira","Est. tempo de leitura":"3 minutos"},"schema":{"@context":"https:\/\/schema.org","@graph":[{"@type":"NewsArticle","@id":"https:\/\/www.gaveanews.com\/index.php\/2025\/03\/26\/video-a-declaracao-de-pilhado-apos-a-derrota-do-brasil-para-a-argentina\/#article","isPartOf":{"@id":"https:\/\/www.gaveanews.com\/index.php\/2025\/03\/26\/video-a-declaracao-de-pilhado-apos-a-derrota-do-brasil-para-a-argentina\/"},"author":{"name":"Rafaela Ladeira","@id":"https:\/\/www.gaveanews.com\/#\/schema\/person\/0eb3e3fe1754f0205218538adbe8f5ed"},"headline":"V\u00eddeo: a declara\u00e7\u00e3o de Pilhado ap\u00f3s a derrota do Brasil para a Argentina","datePublished":"2025-03-26T17:45:00+00:00","mainEntityOfPage":{"@id":"https:\/\/www.gaveanews.com\/index.php\/2025\/03\/26\/video-a-declaracao-de-pilhado-apos-a-derrota-do-brasil-para-a-argentina\/"},"wordCount":471,"commentCount":0,"image":{"@id":"https:\/\/www.gaveanews.com\/index.php\/2025\/03\/26\/video-a-declaracao-de-pilhado-apos-a-derrota-do-brasil-para-a-argentina\/#primaryimage"},"thumbnailUrl":"https:\/\/www.gaveanews.com\/wp-content\/uploads\/Thiago-Asmar-durante-programa-da-Jovem-Pan.webp","articleSection":["Brasil"],"inLanguage":"pt-BR","potentialAction":[{"@type":"CommentAction","name":"Comment","target":["https:\/\/www.gaveanews.com\/index.php\/2025\/03\/26\/video-a-declaracao-de-pilhado-apos-a-derrota-do-brasil-para-a-argentina\/#respond"]}],"copyrightYear":"2025","copyrightHolder":{"@id":"https:\/\/www.gaveanews.com\/#organization"}},{"@type":"WebPage","@id":"https:\/\/www.gaveanews.com\/index.php\/2025\/03\/26\/video-a-declaracao-de-pilhado-apos-a-derrota-do-brasil-para-a-argentina\/","url":"https:\/\/www.gaveanews.com\/index.php\/2025\/03\/26\/video-a-declaracao-de-pilhado-apos-a-derrota-do-brasil-para-a-argentina\/","name":"V\u00eddeo: a declara\u00e7\u00e3o de Pilhado ap\u00f3s a derrota do Brasil para a Argentina","isPartOf":{"@id":"https:\/\/www.gaveanews.com\/#website"},"primaryImageOfPage":{"@id":"https:\/\/www.gaveanews.com\/index.php\/2025\/03\/26\/video-a-declaracao-de-pilhado-apos-a-derrota-do-brasil-para-a-argentina\/#primaryimage"},"image":{"@id":"https:\/\/www.gaveanews.com\/index.php\/2025\/03\/26\/video-a-declaracao-de-pilhado-apos-a-derrota-do-brasil-para-a-argentina\/#primaryimage"},"thumbnailUrl":"https:\/\/www.gaveanews.com\/wp-content\/uploads\/Thiago-Asmar-durante-programa-da-Jovem-Pan.webp","datePublished":"2025-03-26T17:45:00+00:00","author":{"@id":"https:\/\/www.gaveanews.com\/#\/schema\/person\/0eb3e3fe1754f0205218538adbe8f5ed"},"breadcrumb":{"@id":"https:\/\/www.gaveanews.com\/index.php\/2025\/03\/26\/video-a-declaracao-de-pilhado-apos-a-derrota-do-brasil-para-a-argentina\/#breadcrumb"},"inLanguage":"pt-BR","potentialAction":[{"@type":"ReadAction","target":["https:\/\/www.gaveanews.com\/index.php\/2025\/03\/26\/video-a-declaracao-de-pilhado-apos-a-derrota-do-brasil-para-a-argentina\/"]}]},{"@type":"ImageObject","inLanguage":"pt-BR","@id":"https:\/\/www.gaveanews.com\/index.php\/2025\/03\/26\/video-a-declaracao-de-pilhado-apos-a-derrota-do-brasil-para-a-argentina\/#primaryimage","url":"https:\/\/www.gaveanews.com\/wp-content\/uploads\/Thiago-Asmar-durante-programa-da-Jovem-Pan.webp","contentUrl":"https:\/\/www.gaveanews.com\/wp-content\/uploads\/Thiago-Asmar-durante-programa-da-Jovem-Pan.webp","width":1268,"height":884,"caption":"Thiago Asmar durante programa da Jovem Pan (Foto: Reprodu\u00e7\u00e3o\/Jovem Pan)"},{"@type":"BreadcrumbList","@id":"https:\/\/www.gaveanews.com\/index.php\/2025\/03\/26\/video-a-declaracao-de-pilhado-apos-a-derrota-do-brasil-para-a-argentina\/#breadcrumb","itemListElement":[{"@type":"ListItem","position":1,"name":"Home","item":"https:\/\/www.gaveanews.com\/"},{"@type":"ListItem","position":2,"name":"V\u00eddeo: a declara\u00e7\u00e3o de Pilhado ap\u00f3s a derrota do Brasil para a Argentina"}]},{"@type":"WebSite","@id":"https:\/\/www.gaveanews.com\/#website","url":"https:\/\/www.gaveanews.com\/","name":"G\u00e1vea News","description":"Veja todas as not\u00edcias sobre o Flamengo: Contrata\u00e7\u00f5es, categorias de base, resultados das partidas, tabela de classifica\u00e7\u00e3o, pr\u00f3ximos jogos!","potentialAction":[{"@type":"SearchAction","target":{"@type":"EntryPoint","urlTemplate":"https:\/\/www.gaveanews.com\/?s={search_term_string}"},"query-input":{"@type":"PropertyValueSpecification","valueRequired":true,"valueName":"search_term_string"}}],"inLanguage":"pt-BR"},{"@type":"Person","@id":"https:\/\/www.gaveanews.com\/#\/schema\/person\/0eb3e3fe1754f0205218538adbe8f5ed","name":"Rafaela Ladeira","image":{"@type":"ImageObject","inLanguage":"pt-BR","@id":"https:\/\/www.gaveanews.com\/#\/schema\/person\/image\/","url":"https:\/\/secure.gravatar.com\/avatar\/c31f513acffd85eacab5730cbdfdbbf59f21ba5aeada8cd890acea879fbb2455?s=96&d=mm&r=g","contentUrl":"https:\/\/secure.gravatar.com\/avatar\/c31f513acffd85eacab5730cbdfdbbf59f21ba5aeada8cd890acea879fbb2455?s=96&d=mm&r=g","caption":"Rafaela Ladeira"}}]}},"_links":{"self":[{"href":"https:\/\/www.gaveanews.com\/index.php\/wp-json\/wp\/v2\/posts\/244931","targetHints":{"allow":["GET"]}}],"collection":[{"href":"https:\/\/www.gaveanews.com\/index.php\/wp-json\/wp\/v2\/posts"}],"about":[{"href":"https:\/\/www.gaveanews.com\/index.php\/wp-json\/wp\/v2\/types\/post"}],"author":[{"embeddable":true,"href":"https:\/\/www.gaveanews.com\/index.php\/wp-json\/wp\/v2\/users\/25"}],"replies":[{"embeddable":true,"href":"https:\/\/www.gaveanews.com\/index.php\/wp-json\/wp\/v2\/comments?post=244931"}],"version-history":[{"count":1,"href":"https:\/\/www.gaveanews.com\/index.php\/wp-json\/wp\/v2\/posts\/244931\/revisions"}],"predecessor-version":[{"id":244933,"href":"https:\/\/www.gaveanews.com\/index.php\/wp-json\/wp\/v2\/posts\/244931\/revisions\/244933"}],"wp:featuredmedia":[{"embeddable":true,"href":"https:\/\/www.gaveanews.com\/index.php\/wp-json\/wp\/v2\/media\/101808"}],"wp:attachment":[{"href":"https:\/\/www.gaveanews.com\/index.php\/wp-json\/wp\/v2\/media?parent=244931"}],"wp:term":[{"taxonomy":"category","embeddable":true,"href":"https:\/\/www.gaveanews.com\/index.php\/wp-json\/wp\/v2\/categories?post=244931"},{"taxonomy":"post_tag","embeddable":true,"href":"https:\/\/www.gaveanews.com\/index.php\/wp-json\/wp\/v2\/tags?post=244931"}],"curies":[{"name":"wp","href":"https:\/\/api.w.org\/{rel}","templated":true}]}}