{"id":244934,"date":"2025-03-26T14:50:00","date_gmt":"2025-03-26T17:50:00","guid":{"rendered":"https:\/\/www.gaveanews.com\/?p=244934"},"modified":"2025-03-26T14:45:21","modified_gmt":"2025-03-26T17:45:21","slug":"corinthians-x-palmeiras-condicao-de-jose-martinez-preocupa","status":"publish","type":"post","link":"https:\/\/www.gaveanews.com\/index.php\/2025\/03\/26\/corinthians-x-palmeiras-condicao-de-jose-martinez-preocupa\/","title":{"rendered":"Corinthians x Palmeiras: condi\u00e7\u00e3o de Jos\u00e9 Mart\u00ednez preocupa"},"content":{"rendered":"\n<p>A grande decis\u00e3o do Campeonato Paulista se aproxima, e a preocupa\u00e7\u00e3o no Corinthians \u00e9 com o estado f\u00edsico de Jos\u00e9 Mart\u00ednez. O volante venezuelano sentiu um inc\u00f4modo muscular na coxa direita e pode n\u00e3o estar 100% para o cl\u00e1ssico contra o Palmeiras, marcado para quinta-feira (27) \u00e0s 21h35.&nbsp;<\/p>\n\n\n\n<p>A presen\u00e7a dele em campo \u00e9 vista como fundamental pelo t\u00e9cnico Ram\u00f3n D\u00edaz, que j\u00e1 estuda alternativas caso o jogador n\u00e3o consiga atuar os 90 minutos.<\/p>\n\n\n\n<h2 class=\"wp-block-heading\" id=\"h-duvida-ate-o-ultimo-momento\">D\u00favida at\u00e9 o \u00faltimo momento<\/h2>\n\n\n\n<figure class=\"wp-block-image size-full\"><img loading=\"lazy\" decoding=\"async\" width=\"774\" height=\"483\" src=\"http:\/\/www.gaveanews.com\/wp-content\/uploads\/Ramon-Diaz-pelo-Corinthians-em-2024-1.webp\" alt=\"\" class=\"wp-image-190015\" srcset=\"https:\/\/www.gaveanews.com\/wp-content\/uploads\/Ramon-Diaz-pelo-Corinthians-em-2024-1.webp 774w, https:\/\/www.gaveanews.com\/wp-content\/uploads\/Ramon-Diaz-pelo-Corinthians-em-2024-1-300x187.webp 300w, https:\/\/www.gaveanews.com\/wp-content\/uploads\/Ramon-Diaz-pelo-Corinthians-em-2024-1-768x479.webp 768w, https:\/\/www.gaveanews.com\/wp-content\/uploads\/Ramon-Diaz-pelo-Corinthians-em-2024-1-673x420.webp 673w, https:\/\/www.gaveanews.com\/wp-content\/uploads\/Ramon-Diaz-pelo-Corinthians-em-2024-1-640x399.webp 640w, https:\/\/www.gaveanews.com\/wp-content\/uploads\/Ramon-Diaz-pelo-Corinthians-em-2024-1-681x425.webp 681w, https:\/\/www.gaveanews.com\/wp-content\/uploads\/Ramon-Diaz-pelo-Corinthians-em-2024-1-100x62.webp 100w\" sizes=\"auto, (max-width: 774px) 100vw, 774px\" \/><figcaption class=\"wp-element-caption\">Ram\u00f3n D\u00edaz pelo Corinthians em 2024 (Foto: Rodrigo Coca\/Ag\u00eancia Corinthians)<\/figcaption><\/figure>\n\n\n\n<p>Ciente do problema f\u00edsico do atleta, o Corinthians enviou o fisioterapeuta Bruno Gorgatte at\u00e9 a Venezuela para acompanhar Mart\u00ednez durante a Data Fifa. O clube fretou um voo especial para trazer de volta o volante e Andr\u00e9 Carrillo, acelerando o processo de recupera\u00e7\u00e3o de ambos. Isso porque a equipe m\u00e9dica alvinegra sabe da import\u00e2ncia de contar com os jogadores na decis\u00e3o.<\/p>\n\n\n\n<p>A presen\u00e7a de Mart\u00ednez ser\u00e1 definida apenas ap\u00f3s o treino desta quarta-feira, quando todos os convocados devem se reapresentar. Vale destacar que o venezuelano foi titular contra o Peru, mas deixou o jogo aos 32 minutos do segundo tempo, refor\u00e7ando as d\u00favidas sobre sua condi\u00e7\u00e3o f\u00edsica.<\/p>\n\n\n\n<h2 class=\"wp-block-heading\" id=\"h-ramon-diaz-testa-novas-opcoes\">Ram\u00f3n D\u00edaz testa novas op\u00e7\u00f5es<\/h2>\n\n\n\n<p>Por conta da incerteza em rela\u00e7\u00e3o a Mart\u00ednez, Ram\u00f3n D\u00edaz tem testado diferentes forma\u00e7\u00f5es no meio de campo. Entre as op\u00e7\u00f5es dispon\u00edveis, est\u00e3o Breno Bidon, Charles, Maycon, Alex Santana e Ryan.&nbsp;<\/p>\n\n\n\n<p>Dessa maneira, o t\u00e9cnico argentino busca alternativas para n\u00e3o perder for\u00e7a no setor de marca\u00e7\u00e3o caso o venezuelano n\u00e3o tenha condi\u00e7\u00f5es de iniciar o jogo.<\/p>\n\n\n\n<p>Al\u00e9m disso, a comiss\u00e3o t\u00e9cnica tamb\u00e9m tem trabalhado varia\u00e7\u00f5es ofensivas. Ram\u00f3n e Emiliano D\u00edaz analisam poss\u00edveis mudan\u00e7as no ataque, embora a tend\u00eancia seja a manuten\u00e7\u00e3o do trio formado por Rodrigo Garro, Memphis Depay e Yuri Alberto.&nbsp;<\/p>\n\n\n\n<p>Por isso, ajustes t\u00e1ticos est\u00e3o sendo estudados para diferentes cen\u00e1rios, como a necessidade de buscar o resultado.<\/p>\n\n\n\n<h2 class=\"wp-block-heading\" id=\"h-corinthians-joga-pelo-empate\">Corinthians joga pelo empate<\/h2>\n\n\n\n<p>O Corinthians chega com a vantagem do empate ap\u00f3s vencer a ida por 1 a 0. Sendo assim, a equipe pode adotar uma postura mais cautelosa em Itaquera.&nbsp;<\/p>\n\n\n\n<p>Cabe ressaltar que Mart\u00ednez \u00e9 pe\u00e7a-chave no esquema de Ram\u00f3n D\u00edaz, e sua presen\u00e7a pode ser determinante para segurar o \u00edmpeto ofensivo do Palmeiras.<\/p>\n\n\n\n<p>Com isso, a expectativa pelo desfecho da novela sobre sua escala\u00e7\u00e3o cresce. A resposta final ser\u00e1 dada nas pr\u00f3ximas horas, e a torcida alvinegra segue apreensiva.<\/p>\n","protected":false},"excerpt":{"rendered":"<p>A grande decis\u00e3o do Campeonato Paulista se aproxima, e a preocupa\u00e7\u00e3o no Corinthians \u00e9 com o estado f\u00edsico de Jos\u00e9 Mart\u00ednez. O volante venezuelano sentiu um inc\u00f4modo muscular na coxa direita e pode n\u00e3o estar 100% para o cl\u00e1ssico contra o Palmeiras, marcado para quinta-feira (27) \u00e0s 21h35.&nbsp; A presen\u00e7a dele em campo \u00e9 vista [&hellip;]<\/p>\n","protected":false},"author":25,"featured_media":225578,"comment_status":"open","ping_status":"closed","sticky":false,"template":"","format":"standard","meta":{"footnotes":""},"categories":[141],"tags":[],"class_list":["post-244934","post","type-post","status-publish","format-standard","has-post-thumbnail","hentry","category-corinthians"],"yoast_head":"<!-- This site is optimized with the Yoast SEO Premium plugin v24.2 (Yoast SEO v26.9) - https:\/\/yoast.com\/product\/yoast-seo-premium-wordpress\/ -->\n<title>Corinthians x Palmeiras: condi\u00e7\u00e3o de Jos\u00e9 Mart\u00ednez preocupa<\/title>\n<meta name=\"robots\" content=\"index, follow, max-snippet:-1, max-image-preview:large, max-video-preview:-1\" \/>\n<link rel=\"canonical\" href=\"https:\/\/www.gaveanews.com\/index.php\/2025\/03\/26\/corinthians-x-palmeiras-condicao-de-jose-martinez-preocupa\/\" \/>\n<meta property=\"og:locale\" content=\"pt_BR\" \/>\n<meta property=\"og:type\" content=\"article\" \/>\n<meta property=\"og:title\" content=\"Corinthians x Palmeiras: condi\u00e7\u00e3o de Jos\u00e9 Mart\u00ednez preocupa\" \/>\n<meta property=\"og:description\" content=\"A grande decis\u00e3o do Campeonato Paulista se aproxima, e a preocupa\u00e7\u00e3o no Corinthians \u00e9 com o estado f\u00edsico de Jos\u00e9 Mart\u00ednez. O volante venezuelano sentiu um inc\u00f4modo muscular na coxa direita e pode n\u00e3o estar 100% para o cl\u00e1ssico contra o Palmeiras, marcado para quinta-feira (27) \u00e0s 21h35.&nbsp; A presen\u00e7a dele em campo \u00e9 vista [&hellip;]\" \/>\n<meta property=\"og:url\" content=\"https:\/\/www.gaveanews.com\/index.php\/2025\/03\/26\/corinthians-x-palmeiras-condicao-de-jose-martinez-preocupa\/\" \/>\n<meta property=\"og:site_name\" content=\"G\u00e1vea News\" \/>\n<meta property=\"article:publisher\" content=\"https:\/\/facebook.com\/gaveaNews\/\" \/>\n<meta property=\"article:published_time\" content=\"2025-03-26T17:50:00+00:00\" \/>\n<meta property=\"og:image\" content=\"https:\/\/www.gaveanews.com\/wp-content\/uploads\/Jose-Andres-Martinez-com-a-camisa-do-Corinthians.webp\" \/>\n\t<meta property=\"og:image:width\" content=\"1414\" \/>\n\t<meta property=\"og:image:height\" content=\"1060\" \/>\n\t<meta property=\"og:image:type\" content=\"image\/jpeg\" \/>\n<meta name=\"author\" content=\"Rafaela Ladeira\" \/>\n<meta name=\"twitter:card\" content=\"summary_large_image\" \/>\n<meta name=\"twitter:label1\" content=\"Escrito por\" \/>\n\t<meta name=\"twitter:data1\" content=\"Rafaela Ladeira\" \/>\n\t<meta name=\"twitter:label2\" content=\"Est. tempo de leitura\" \/>\n\t<meta name=\"twitter:data2\" content=\"3 minutos\" \/>\n<script type=\"application\/ld+json\" class=\"yoast-schema-graph\">{\"@context\":\"https:\/\/schema.org\",\"@graph\":[{\"@type\":\"NewsArticle\",\"@id\":\"https:\/\/www.gaveanews.com\/index.php\/2025\/03\/26\/corinthians-x-palmeiras-condicao-de-jose-martinez-preocupa\/#article\",\"isPartOf\":{\"@id\":\"https:\/\/www.gaveanews.com\/index.php\/2025\/03\/26\/corinthians-x-palmeiras-condicao-de-jose-martinez-preocupa\/\"},\"author\":{\"name\":\"Rafaela Ladeira\",\"@id\":\"https:\/\/www.gaveanews.com\/#\/schema\/person\/0eb3e3fe1754f0205218538adbe8f5ed\"},\"headline\":\"Corinthians x Palmeiras: condi\u00e7\u00e3o de Jos\u00e9 Mart\u00ednez preocupa\",\"datePublished\":\"2025-03-26T17:50:00+00:00\",\"mainEntityOfPage\":{\"@id\":\"https:\/\/www.gaveanews.com\/index.php\/2025\/03\/26\/corinthians-x-palmeiras-condicao-de-jose-martinez-preocupa\/\"},\"wordCount\":465,\"commentCount\":0,\"image\":{\"@id\":\"https:\/\/www.gaveanews.com\/index.php\/2025\/03\/26\/corinthians-x-palmeiras-condicao-de-jose-martinez-preocupa\/#primaryimage\"},\"thumbnailUrl\":\"https:\/\/www.gaveanews.com\/wp-content\/uploads\/Jose-Andres-Martinez-com-a-camisa-do-Corinthians.webp\",\"articleSection\":[\"Corinthians\"],\"inLanguage\":\"pt-BR\",\"potentialAction\":[{\"@type\":\"CommentAction\",\"name\":\"Comment\",\"target\":[\"https:\/\/www.gaveanews.com\/index.php\/2025\/03\/26\/corinthians-x-palmeiras-condicao-de-jose-martinez-preocupa\/#respond\"]}],\"copyrightYear\":\"2025\",\"copyrightHolder\":{\"@id\":\"https:\/\/www.gaveanews.com\/#organization\"}},{\"@type\":\"WebPage\",\"@id\":\"https:\/\/www.gaveanews.com\/index.php\/2025\/03\/26\/corinthians-x-palmeiras-condicao-de-jose-martinez-preocupa\/\",\"url\":\"https:\/\/www.gaveanews.com\/index.php\/2025\/03\/26\/corinthians-x-palmeiras-condicao-de-jose-martinez-preocupa\/\",\"name\":\"Corinthians x Palmeiras: condi\u00e7\u00e3o de Jos\u00e9 Mart\u00ednez preocupa\",\"isPartOf\":{\"@id\":\"https:\/\/www.gaveanews.com\/#website\"},\"primaryImageOfPage\":{\"@id\":\"https:\/\/www.gaveanews.com\/index.php\/2025\/03\/26\/corinthians-x-palmeiras-condicao-de-jose-martinez-preocupa\/#primaryimage\"},\"image\":{\"@id\":\"https:\/\/www.gaveanews.com\/index.php\/2025\/03\/26\/corinthians-x-palmeiras-condicao-de-jose-martinez-preocupa\/#primaryimage\"},\"thumbnailUrl\":\"https:\/\/www.gaveanews.com\/wp-content\/uploads\/Jose-Andres-Martinez-com-a-camisa-do-Corinthians.webp\",\"datePublished\":\"2025-03-26T17:50:00+00:00\",\"author\":{\"@id\":\"https:\/\/www.gaveanews.com\/#\/schema\/person\/0eb3e3fe1754f0205218538adbe8f5ed\"},\"breadcrumb\":{\"@id\":\"https:\/\/www.gaveanews.com\/index.php\/2025\/03\/26\/corinthians-x-palmeiras-condicao-de-jose-martinez-preocupa\/#breadcrumb\"},\"inLanguage\":\"pt-BR\",\"potentialAction\":[{\"@type\":\"ReadAction\",\"target\":[\"https:\/\/www.gaveanews.com\/index.php\/2025\/03\/26\/corinthians-x-palmeiras-condicao-de-jose-martinez-preocupa\/\"]}]},{\"@type\":\"ImageObject\",\"inLanguage\":\"pt-BR\",\"@id\":\"https:\/\/www.gaveanews.com\/index.php\/2025\/03\/26\/corinthians-x-palmeiras-condicao-de-jose-martinez-preocupa\/#primaryimage\",\"url\":\"https:\/\/www.gaveanews.com\/wp-content\/uploads\/Jose-Andres-Martinez-com-a-camisa-do-Corinthians.webp\",\"contentUrl\":\"https:\/\/www.gaveanews.com\/wp-content\/uploads\/Jose-Andres-Martinez-com-a-camisa-do-Corinthians.webp\",\"width\":1414,\"height\":1060,\"caption\":\"Jose Andres Martinez com a camisa do Corinthians (Foto: Reprodu\u00e7\u00e3o\/Instagram)\"},{\"@type\":\"BreadcrumbList\",\"@id\":\"https:\/\/www.gaveanews.com\/index.php\/2025\/03\/26\/corinthians-x-palmeiras-condicao-de-jose-martinez-preocupa\/#breadcrumb\",\"itemListElement\":[{\"@type\":\"ListItem\",\"position\":1,\"name\":\"Home\",\"item\":\"https:\/\/www.gaveanews.com\/\"},{\"@type\":\"ListItem\",\"position\":2,\"name\":\"Corinthians x Palmeiras: condi\u00e7\u00e3o de Jos\u00e9 Mart\u00ednez preocupa\"}]},{\"@type\":\"WebSite\",\"@id\":\"https:\/\/www.gaveanews.com\/#website\",\"url\":\"https:\/\/www.gaveanews.com\/\",\"name\":\"G\u00e1vea News\",\"description\":\"Veja todas as not\u00edcias sobre o Flamengo: Contrata\u00e7\u00f5es, categorias de base, resultados das partidas, tabela de classifica\u00e7\u00e3o, pr\u00f3ximos jogos!\",\"potentialAction\":[{\"@type\":\"SearchAction\",\"target\":{\"@type\":\"EntryPoint\",\"urlTemplate\":\"https:\/\/www.gaveanews.com\/?s={search_term_string}\"},\"query-input\":{\"@type\":\"PropertyValueSpecification\",\"valueRequired\":true,\"valueName\":\"search_term_string\"}}],\"inLanguage\":\"pt-BR\"},{\"@type\":\"Person\",\"@id\":\"https:\/\/www.gaveanews.com\/#\/schema\/person\/0eb3e3fe1754f0205218538adbe8f5ed\",\"name\":\"Rafaela Ladeira\",\"image\":{\"@type\":\"ImageObject\",\"inLanguage\":\"pt-BR\",\"@id\":\"https:\/\/www.gaveanews.com\/#\/schema\/person\/image\/\",\"url\":\"https:\/\/secure.gravatar.com\/avatar\/c31f513acffd85eacab5730cbdfdbbf59f21ba5aeada8cd890acea879fbb2455?s=96&d=mm&r=g\",\"contentUrl\":\"https:\/\/secure.gravatar.com\/avatar\/c31f513acffd85eacab5730cbdfdbbf59f21ba5aeada8cd890acea879fbb2455?s=96&d=mm&r=g\",\"caption\":\"Rafaela Ladeira\"}}]}<\/script>\n<!-- \/ Yoast SEO Premium plugin. -->","yoast_head_json":{"title":"Corinthians x Palmeiras: condi\u00e7\u00e3o de Jos\u00e9 Mart\u00ednez preocupa","robots":{"index":"index","follow":"follow","max-snippet":"max-snippet:-1","max-image-preview":"max-image-preview:large","max-video-preview":"max-video-preview:-1"},"canonical":"https:\/\/www.gaveanews.com\/index.php\/2025\/03\/26\/corinthians-x-palmeiras-condicao-de-jose-martinez-preocupa\/","og_locale":"pt_BR","og_type":"article","og_title":"Corinthians x Palmeiras: condi\u00e7\u00e3o de Jos\u00e9 Mart\u00ednez preocupa","og_description":"A grande decis\u00e3o do Campeonato Paulista se aproxima, e a preocupa\u00e7\u00e3o no Corinthians \u00e9 com o estado f\u00edsico de Jos\u00e9 Mart\u00ednez. O volante venezuelano sentiu um inc\u00f4modo muscular na coxa direita e pode n\u00e3o estar 100% para o cl\u00e1ssico contra o Palmeiras, marcado para quinta-feira (27) \u00e0s 21h35.&nbsp; A presen\u00e7a dele em campo \u00e9 vista [&hellip;]","og_url":"https:\/\/www.gaveanews.com\/index.php\/2025\/03\/26\/corinthians-x-palmeiras-condicao-de-jose-martinez-preocupa\/","og_site_name":"G\u00e1vea News","article_publisher":"https:\/\/facebook.com\/gaveaNews\/","article_published_time":"2025-03-26T17:50:00+00:00","og_image":[{"width":1414,"height":1060,"url":"https:\/\/www.gaveanews.com\/wp-content\/uploads\/Jose-Andres-Martinez-com-a-camisa-do-Corinthians.webp","type":"image\/jpeg"}],"author":"Rafaela Ladeira","twitter_card":"summary_large_image","twitter_misc":{"Escrito por":"Rafaela Ladeira","Est. tempo de leitura":"3 minutos"},"schema":{"@context":"https:\/\/schema.org","@graph":[{"@type":"NewsArticle","@id":"https:\/\/www.gaveanews.com\/index.php\/2025\/03\/26\/corinthians-x-palmeiras-condicao-de-jose-martinez-preocupa\/#article","isPartOf":{"@id":"https:\/\/www.gaveanews.com\/index.php\/2025\/03\/26\/corinthians-x-palmeiras-condicao-de-jose-martinez-preocupa\/"},"author":{"name":"Rafaela Ladeira","@id":"https:\/\/www.gaveanews.com\/#\/schema\/person\/0eb3e3fe1754f0205218538adbe8f5ed"},"headline":"Corinthians x Palmeiras: condi\u00e7\u00e3o de Jos\u00e9 Mart\u00ednez preocupa","datePublished":"2025-03-26T17:50:00+00:00","mainEntityOfPage":{"@id":"https:\/\/www.gaveanews.com\/index.php\/2025\/03\/26\/corinthians-x-palmeiras-condicao-de-jose-martinez-preocupa\/"},"wordCount":465,"commentCount":0,"image":{"@id":"https:\/\/www.gaveanews.com\/index.php\/2025\/03\/26\/corinthians-x-palmeiras-condicao-de-jose-martinez-preocupa\/#primaryimage"},"thumbnailUrl":"https:\/\/www.gaveanews.com\/wp-content\/uploads\/Jose-Andres-Martinez-com-a-camisa-do-Corinthians.webp","articleSection":["Corinthians"],"inLanguage":"pt-BR","potentialAction":[{"@type":"CommentAction","name":"Comment","target":["https:\/\/www.gaveanews.com\/index.php\/2025\/03\/26\/corinthians-x-palmeiras-condicao-de-jose-martinez-preocupa\/#respond"]}],"copyrightYear":"2025","copyrightHolder":{"@id":"https:\/\/www.gaveanews.com\/#organization"}},{"@type":"WebPage","@id":"https:\/\/www.gaveanews.com\/index.php\/2025\/03\/26\/corinthians-x-palmeiras-condicao-de-jose-martinez-preocupa\/","url":"https:\/\/www.gaveanews.com\/index.php\/2025\/03\/26\/corinthians-x-palmeiras-condicao-de-jose-martinez-preocupa\/","name":"Corinthians x Palmeiras: condi\u00e7\u00e3o de Jos\u00e9 Mart\u00ednez preocupa","isPartOf":{"@id":"https:\/\/www.gaveanews.com\/#website"},"primaryImageOfPage":{"@id":"https:\/\/www.gaveanews.com\/index.php\/2025\/03\/26\/corinthians-x-palmeiras-condicao-de-jose-martinez-preocupa\/#primaryimage"},"image":{"@id":"https:\/\/www.gaveanews.com\/index.php\/2025\/03\/26\/corinthians-x-palmeiras-condicao-de-jose-martinez-preocupa\/#primaryimage"},"thumbnailUrl":"https:\/\/www.gaveanews.com\/wp-content\/uploads\/Jose-Andres-Martinez-com-a-camisa-do-Corinthians.webp","datePublished":"2025-03-26T17:50:00+00:00","author":{"@id":"https:\/\/www.gaveanews.com\/#\/schema\/person\/0eb3e3fe1754f0205218538adbe8f5ed"},"breadcrumb":{"@id":"https:\/\/www.gaveanews.com\/index.php\/2025\/03\/26\/corinthians-x-palmeiras-condicao-de-jose-martinez-preocupa\/#breadcrumb"},"inLanguage":"pt-BR","potentialAction":[{"@type":"ReadAction","target":["https:\/\/www.gaveanews.com\/index.php\/2025\/03\/26\/corinthians-x-palmeiras-condicao-de-jose-martinez-preocupa\/"]}]},{"@type":"ImageObject","inLanguage":"pt-BR","@id":"https:\/\/www.gaveanews.com\/index.php\/2025\/03\/26\/corinthians-x-palmeiras-condicao-de-jose-martinez-preocupa\/#primaryimage","url":"https:\/\/www.gaveanews.com\/wp-content\/uploads\/Jose-Andres-Martinez-com-a-camisa-do-Corinthians.webp","contentUrl":"https:\/\/www.gaveanews.com\/wp-content\/uploads\/Jose-Andres-Martinez-com-a-camisa-do-Corinthians.webp","width":1414,"height":1060,"caption":"Jose Andres Martinez com a camisa do Corinthians (Foto: Reprodu\u00e7\u00e3o\/Instagram)"},{"@type":"BreadcrumbList","@id":"https:\/\/www.gaveanews.com\/index.php\/2025\/03\/26\/corinthians-x-palmeiras-condicao-de-jose-martinez-preocupa\/#breadcrumb","itemListElement":[{"@type":"ListItem","position":1,"name":"Home","item":"https:\/\/www.gaveanews.com\/"},{"@type":"ListItem","position":2,"name":"Corinthians x Palmeiras: condi\u00e7\u00e3o de Jos\u00e9 Mart\u00ednez preocupa"}]},{"@type":"WebSite","@id":"https:\/\/www.gaveanews.com\/#website","url":"https:\/\/www.gaveanews.com\/","name":"G\u00e1vea News","description":"Veja todas as not\u00edcias sobre o Flamengo: Contrata\u00e7\u00f5es, categorias de base, resultados das partidas, tabela de classifica\u00e7\u00e3o, pr\u00f3ximos jogos!","potentialAction":[{"@type":"SearchAction","target":{"@type":"EntryPoint","urlTemplate":"https:\/\/www.gaveanews.com\/?s={search_term_string}"},"query-input":{"@type":"PropertyValueSpecification","valueRequired":true,"valueName":"search_term_string"}}],"inLanguage":"pt-BR"},{"@type":"Person","@id":"https:\/\/www.gaveanews.com\/#\/schema\/person\/0eb3e3fe1754f0205218538adbe8f5ed","name":"Rafaela Ladeira","image":{"@type":"ImageObject","inLanguage":"pt-BR","@id":"https:\/\/www.gaveanews.com\/#\/schema\/person\/image\/","url":"https:\/\/secure.gravatar.com\/avatar\/c31f513acffd85eacab5730cbdfdbbf59f21ba5aeada8cd890acea879fbb2455?s=96&d=mm&r=g","contentUrl":"https:\/\/secure.gravatar.com\/avatar\/c31f513acffd85eacab5730cbdfdbbf59f21ba5aeada8cd890acea879fbb2455?s=96&d=mm&r=g","caption":"Rafaela Ladeira"}}]}},"_links":{"self":[{"href":"https:\/\/www.gaveanews.com\/index.php\/wp-json\/wp\/v2\/posts\/244934","targetHints":{"allow":["GET"]}}],"collection":[{"href":"https:\/\/www.gaveanews.com\/index.php\/wp-json\/wp\/v2\/posts"}],"about":[{"href":"https:\/\/www.gaveanews.com\/index.php\/wp-json\/wp\/v2\/types\/post"}],"author":[{"embeddable":true,"href":"https:\/\/www.gaveanews.com\/index.php\/wp-json\/wp\/v2\/users\/25"}],"replies":[{"embeddable":true,"href":"https:\/\/www.gaveanews.com\/index.php\/wp-json\/wp\/v2\/comments?post=244934"}],"version-history":[{"count":1,"href":"https:\/\/www.gaveanews.com\/index.php\/wp-json\/wp\/v2\/posts\/244934\/revisions"}],"predecessor-version":[{"id":244936,"href":"https:\/\/www.gaveanews.com\/index.php\/wp-json\/wp\/v2\/posts\/244934\/revisions\/244936"}],"wp:featuredmedia":[{"embeddable":true,"href":"https:\/\/www.gaveanews.com\/index.php\/wp-json\/wp\/v2\/media\/225578"}],"wp:attachment":[{"href":"https:\/\/www.gaveanews.com\/index.php\/wp-json\/wp\/v2\/media?parent=244934"}],"wp:term":[{"taxonomy":"category","embeddable":true,"href":"https:\/\/www.gaveanews.com\/index.php\/wp-json\/wp\/v2\/categories?post=244934"},{"taxonomy":"post_tag","embeddable":true,"href":"https:\/\/www.gaveanews.com\/index.php\/wp-json\/wp\/v2\/tags?post=244934"}],"curies":[{"name":"wp","href":"https:\/\/api.w.org\/{rel}","templated":true}]}}