{"id":244957,"date":"2025-03-26T16:50:08","date_gmt":"2025-03-26T19:50:08","guid":{"rendered":"https:\/\/www.gaveanews.com\/?p=244957"},"modified":"2025-03-26T16:06:19","modified_gmt":"2025-03-26T19:06:19","slug":"a-declaracao-de-augusto-melo-direcionada-a-torcida-do-corinthians","status":"publish","type":"post","link":"https:\/\/www.gaveanews.com\/index.php\/2025\/03\/26\/a-declaracao-de-augusto-melo-direcionada-a-torcida-do-corinthians\/","title":{"rendered":"A declara\u00e7\u00e3o de Augusto Melo direcionada \u00e0 torcida do Corinthians"},"content":{"rendered":"\n<h2 class=\"wp-block-heading\" id=\"h-nao-compre-ingressos-de-forma-ilegal-diz-presidente\">&#8220;N\u00e3o compre ingressos de forma ilegal&#8221;, diz presidente <\/h2>\n\n\n\n<p>Faltando um dia para a final do Campeonato Paulista, o presidente Augusto Melo, fez uma publica\u00e7\u00e3o nas redes sociais pedindo ao torcedor corintiano que n\u00e3o compre ingresso de forma ilegal, como por exemplo de cambistas. O mandat\u00e1rio do Tim\u00e3o ainda disse que est\u00e3o trabalhando para combater esse neg\u00f3cio ilegal, que est\u00e3o denunciando quem faz essa atividade e afirmou que est\u00e1 cooperando com as investiga\u00e7\u00f5es.\u00a0<\/p>\n\n\n\n<p>&#8220;Como o\u00a0Corinthians\u00a0j\u00e1 informou, n\u00f3s estamos fazendo de tudo para combater as vendas ilegais de ingressos e tamb\u00e9m para fazer com que o Fiel Torcedor tenha acessos aos seus ingressos de direito. Todas as medidas est\u00e3o sendo praticadas, contamos com o apoio de voc\u00eas para conseguirmos combater o problema. Por favor, n\u00e3o compre ingressos de forma ilegal&#8221;, escreveu o presidente do Corinthians. <\/p>\n\n\n\n<p>A den\u00fancia sobre a venda de ingressos por cambistas nos jogos do Corinthians foi divulgada pelo &#8220;ge&#8221; em 18 de mar\u00e7o. Desde ent\u00e3o, o Tim\u00e3o se comprometeu a aprimorar o sistema de vendas e se colocou \u00e0 disposi\u00e7\u00e3o das autoridades respons\u00e1veis pela investiga\u00e7\u00e3o do caso.<\/p>\n\n\n\n<p>Apesar do clube estar trabalhando para combater essa atividade ilegal, muitos ingressos ainda est\u00e3o sendo vendidos nos grupos de WhatsApp e tamb\u00e9m em outras redes sociais. Os cambistas est\u00e3o pedindo at\u00e9 R$ 1.300 em um ingresso, com um aumento de cerca de 1250%. <\/p>\n\n\n\n<p>Os ingressos inclusive j\u00e1 est\u00e3o todos esgotados. Na \u00faltima ter\u00e7a-feira (24),\u00a0o Corinthians informou que todos as entradas para a grande final do Paulist\u00e3o de 2025 j\u00e1 haviam sido reservadas pelos membros do Fiel Torcedor.\u00a0<\/p>\n\n\n\n<p>&#8220;A Neo Qu\u00edmica Arena est\u00e1 de bra\u00e7os abertos esperando por voc\u00eas e contamos muito com a Fiel Torcida. Den\u00fancias de sites, perfis e an\u00e1lises internas est\u00e3o sendo realizadas para evitar esses problemas, que s\u00e3o reflexo da sociedade e n\u00e3o come\u00e7aram agora. Os estudos e a contrata\u00e7\u00e3o do reconhecimento facial est\u00e3o bem adiantados e em breve tudo ir\u00e1 se acertar&#8221;, disse Augusto Melo. <\/p>\n\n\n\n<p>Corinthians e Palmeiras se enfrentam nesta quinta-feira (27) na Neo Qu\u00edmica Arena, pelo jogo de volta da final do Campeonato Paulista. A bola rola \u00e0s 21h35 (hor\u00e1rio de Bras\u00edlia). Com o triunfo por 1 a 0 na ida, o Tim\u00e3o precisa apenas de um empate para se consagrar campe\u00e3o. <\/p>\n","protected":false},"excerpt":{"rendered":"<p>&#8220;N\u00e3o compre ingressos de forma ilegal&#8221;, diz presidente Faltando um dia para a final do Campeonato Paulista, o presidente Augusto Melo, fez uma publica\u00e7\u00e3o nas redes sociais pedindo ao torcedor corintiano que n\u00e3o compre ingresso de forma ilegal, como por exemplo de cambistas. O mandat\u00e1rio do Tim\u00e3o ainda disse que est\u00e3o trabalhando para combater esse [&hellip;]<\/p>\n","protected":false},"author":21,"featured_media":145590,"comment_status":"open","ping_status":"closed","sticky":false,"template":"","format":"standard","meta":{"footnotes":""},"categories":[141],"tags":[],"class_list":["post-244957","post","type-post","status-publish","format-standard","has-post-thumbnail","hentry","category-corinthians"],"yoast_head":"<!-- This site is optimized with the Yoast SEO Premium plugin v24.2 (Yoast SEO v26.9) - https:\/\/yoast.com\/product\/yoast-seo-premium-wordpress\/ -->\n<title>A declara\u00e7\u00e3o de Augusto Melo direcionada \u00e0 torcida do Corinthians<\/title>\n<meta name=\"robots\" content=\"index, follow, max-snippet:-1, max-image-preview:large, max-video-preview:-1\" \/>\n<link rel=\"canonical\" href=\"https:\/\/www.gaveanews.com\/index.php\/2025\/03\/26\/a-declaracao-de-augusto-melo-direcionada-a-torcida-do-corinthians\/\" \/>\n<meta property=\"og:locale\" content=\"pt_BR\" \/>\n<meta property=\"og:type\" content=\"article\" \/>\n<meta property=\"og:title\" content=\"A declara\u00e7\u00e3o de Augusto Melo direcionada \u00e0 torcida do Corinthians\" \/>\n<meta property=\"og:description\" content=\"&#8220;N\u00e3o compre ingressos de forma ilegal&#8221;, diz presidente Faltando um dia para a final do Campeonato Paulista, o presidente Augusto Melo, fez uma publica\u00e7\u00e3o nas redes sociais pedindo ao torcedor corintiano que n\u00e3o compre ingresso de forma ilegal, como por exemplo de cambistas. O mandat\u00e1rio do Tim\u00e3o ainda disse que est\u00e3o trabalhando para combater esse [&hellip;]\" \/>\n<meta property=\"og:url\" content=\"https:\/\/www.gaveanews.com\/index.php\/2025\/03\/26\/a-declaracao-de-augusto-melo-direcionada-a-torcida-do-corinthians\/\" \/>\n<meta property=\"og:site_name\" content=\"G\u00e1vea News\" \/>\n<meta property=\"article:publisher\" content=\"https:\/\/facebook.com\/gaveaNews\/\" \/>\n<meta property=\"article:published_time\" content=\"2025-03-26T19:50:08+00:00\" \/>\n<meta property=\"og:image\" content=\"https:\/\/www.gaveanews.com\/wp-content\/uploads\/Augusto-Melo-durante-coletiva-de-imprensa-do-Corinthians.webp\" \/>\n\t<meta property=\"og:image:width\" content=\"1920\" \/>\n\t<meta property=\"og:image:height\" content=\"1080\" \/>\n\t<meta property=\"og:image:type\" content=\"image\/jpeg\" \/>\n<meta name=\"author\" content=\"Andr\u00e9 Serra\" \/>\n<meta name=\"twitter:card\" content=\"summary_large_image\" \/>\n<meta name=\"twitter:label1\" content=\"Escrito por\" \/>\n\t<meta name=\"twitter:data1\" content=\"Andr\u00e9 Serra\" \/>\n\t<meta name=\"twitter:label2\" content=\"Est. tempo de leitura\" \/>\n\t<meta name=\"twitter:data2\" content=\"3 minutos\" \/>\n<script type=\"application\/ld+json\" class=\"yoast-schema-graph\">{\"@context\":\"https:\/\/schema.org\",\"@graph\":[{\"@type\":\"NewsArticle\",\"@id\":\"https:\/\/www.gaveanews.com\/index.php\/2025\/03\/26\/a-declaracao-de-augusto-melo-direcionada-a-torcida-do-corinthians\/#article\",\"isPartOf\":{\"@id\":\"https:\/\/www.gaveanews.com\/index.php\/2025\/03\/26\/a-declaracao-de-augusto-melo-direcionada-a-torcida-do-corinthians\/\"},\"author\":{\"name\":\"Andr\u00e9 Serra\",\"@id\":\"https:\/\/www.gaveanews.com\/#\/schema\/person\/0277a79a1289c451c281ec0411d84f0c\"},\"headline\":\"A declara\u00e7\u00e3o de Augusto Melo direcionada \u00e0 torcida do Corinthians\",\"datePublished\":\"2025-03-26T19:50:08+00:00\",\"mainEntityOfPage\":{\"@id\":\"https:\/\/www.gaveanews.com\/index.php\/2025\/03\/26\/a-declaracao-de-augusto-melo-direcionada-a-torcida-do-corinthians\/\"},\"wordCount\":413,\"commentCount\":0,\"image\":{\"@id\":\"https:\/\/www.gaveanews.com\/index.php\/2025\/03\/26\/a-declaracao-de-augusto-melo-direcionada-a-torcida-do-corinthians\/#primaryimage\"},\"thumbnailUrl\":\"https:\/\/www.gaveanews.com\/wp-content\/uploads\/Augusto-Melo-durante-coletiva-de-imprensa-do-Corinthians.webp\",\"articleSection\":[\"Corinthians\"],\"inLanguage\":\"pt-BR\",\"potentialAction\":[{\"@type\":\"CommentAction\",\"name\":\"Comment\",\"target\":[\"https:\/\/www.gaveanews.com\/index.php\/2025\/03\/26\/a-declaracao-de-augusto-melo-direcionada-a-torcida-do-corinthians\/#respond\"]}],\"copyrightYear\":\"2025\",\"copyrightHolder\":{\"@id\":\"https:\/\/www.gaveanews.com\/#organization\"}},{\"@type\":\"WebPage\",\"@id\":\"https:\/\/www.gaveanews.com\/index.php\/2025\/03\/26\/a-declaracao-de-augusto-melo-direcionada-a-torcida-do-corinthians\/\",\"url\":\"https:\/\/www.gaveanews.com\/index.php\/2025\/03\/26\/a-declaracao-de-augusto-melo-direcionada-a-torcida-do-corinthians\/\",\"name\":\"A declara\u00e7\u00e3o de Augusto Melo direcionada \u00e0 torcida do Corinthians\",\"isPartOf\":{\"@id\":\"https:\/\/www.gaveanews.com\/#website\"},\"primaryImageOfPage\":{\"@id\":\"https:\/\/www.gaveanews.com\/index.php\/2025\/03\/26\/a-declaracao-de-augusto-melo-direcionada-a-torcida-do-corinthians\/#primaryimage\"},\"image\":{\"@id\":\"https:\/\/www.gaveanews.com\/index.php\/2025\/03\/26\/a-declaracao-de-augusto-melo-direcionada-a-torcida-do-corinthians\/#primaryimage\"},\"thumbnailUrl\":\"https:\/\/www.gaveanews.com\/wp-content\/uploads\/Augusto-Melo-durante-coletiva-de-imprensa-do-Corinthians.webp\",\"datePublished\":\"2025-03-26T19:50:08+00:00\",\"author\":{\"@id\":\"https:\/\/www.gaveanews.com\/#\/schema\/person\/0277a79a1289c451c281ec0411d84f0c\"},\"breadcrumb\":{\"@id\":\"https:\/\/www.gaveanews.com\/index.php\/2025\/03\/26\/a-declaracao-de-augusto-melo-direcionada-a-torcida-do-corinthians\/#breadcrumb\"},\"inLanguage\":\"pt-BR\",\"potentialAction\":[{\"@type\":\"ReadAction\",\"target\":[\"https:\/\/www.gaveanews.com\/index.php\/2025\/03\/26\/a-declaracao-de-augusto-melo-direcionada-a-torcida-do-corinthians\/\"]}]},{\"@type\":\"ImageObject\",\"inLanguage\":\"pt-BR\",\"@id\":\"https:\/\/www.gaveanews.com\/index.php\/2025\/03\/26\/a-declaracao-de-augusto-melo-direcionada-a-torcida-do-corinthians\/#primaryimage\",\"url\":\"https:\/\/www.gaveanews.com\/wp-content\/uploads\/Augusto-Melo-durante-coletiva-de-imprensa-do-Corinthians.webp\",\"contentUrl\":\"https:\/\/www.gaveanews.com\/wp-content\/uploads\/Augusto-Melo-durante-coletiva-de-imprensa-do-Corinthians.webp\",\"width\":1920,\"height\":1080,\"caption\":\"Augusto Melo durante coletiva de imprensa do Corinthians (Foto: Rodrigo Coca\/ Corinthians)\"},{\"@type\":\"BreadcrumbList\",\"@id\":\"https:\/\/www.gaveanews.com\/index.php\/2025\/03\/26\/a-declaracao-de-augusto-melo-direcionada-a-torcida-do-corinthians\/#breadcrumb\",\"itemListElement\":[{\"@type\":\"ListItem\",\"position\":1,\"name\":\"Home\",\"item\":\"https:\/\/www.gaveanews.com\/\"},{\"@type\":\"ListItem\",\"position\":2,\"name\":\"A declara\u00e7\u00e3o de Augusto Melo direcionada \u00e0 torcida do Corinthians\"}]},{\"@type\":\"WebSite\",\"@id\":\"https:\/\/www.gaveanews.com\/#website\",\"url\":\"https:\/\/www.gaveanews.com\/\",\"name\":\"G\u00e1vea News\",\"description\":\"Veja todas as not\u00edcias sobre o Flamengo: Contrata\u00e7\u00f5es, categorias de base, resultados das partidas, tabela de classifica\u00e7\u00e3o, pr\u00f3ximos jogos!\",\"potentialAction\":[{\"@type\":\"SearchAction\",\"target\":{\"@type\":\"EntryPoint\",\"urlTemplate\":\"https:\/\/www.gaveanews.com\/?s={search_term_string}\"},\"query-input\":{\"@type\":\"PropertyValueSpecification\",\"valueRequired\":true,\"valueName\":\"search_term_string\"}}],\"inLanguage\":\"pt-BR\"},{\"@type\":\"Person\",\"@id\":\"https:\/\/www.gaveanews.com\/#\/schema\/person\/0277a79a1289c451c281ec0411d84f0c\",\"name\":\"Andr\u00e9 Serra\",\"image\":{\"@type\":\"ImageObject\",\"inLanguage\":\"pt-BR\",\"@id\":\"https:\/\/www.gaveanews.com\/#\/schema\/person\/image\/\",\"url\":\"https:\/\/secure.gravatar.com\/avatar\/d7231369fe48db93292b3e88eb2162dbd9a34a47a8437d9ef3bcaca2a86a83d7?s=96&d=mm&r=g\",\"contentUrl\":\"https:\/\/secure.gravatar.com\/avatar\/d7231369fe48db93292b3e88eb2162dbd9a34a47a8437d9ef3bcaca2a86a83d7?s=96&d=mm&r=g\",\"caption\":\"Andr\u00e9 Serra\"}}]}<\/script>\n<!-- \/ Yoast SEO Premium plugin. -->","yoast_head_json":{"title":"A declara\u00e7\u00e3o de Augusto Melo direcionada \u00e0 torcida do Corinthians","robots":{"index":"index","follow":"follow","max-snippet":"max-snippet:-1","max-image-preview":"max-image-preview:large","max-video-preview":"max-video-preview:-1"},"canonical":"https:\/\/www.gaveanews.com\/index.php\/2025\/03\/26\/a-declaracao-de-augusto-melo-direcionada-a-torcida-do-corinthians\/","og_locale":"pt_BR","og_type":"article","og_title":"A declara\u00e7\u00e3o de Augusto Melo direcionada \u00e0 torcida do Corinthians","og_description":"&#8220;N\u00e3o compre ingressos de forma ilegal&#8221;, diz presidente Faltando um dia para a final do Campeonato Paulista, o presidente Augusto Melo, fez uma publica\u00e7\u00e3o nas redes sociais pedindo ao torcedor corintiano que n\u00e3o compre ingresso de forma ilegal, como por exemplo de cambistas. O mandat\u00e1rio do Tim\u00e3o ainda disse que est\u00e3o trabalhando para combater esse [&hellip;]","og_url":"https:\/\/www.gaveanews.com\/index.php\/2025\/03\/26\/a-declaracao-de-augusto-melo-direcionada-a-torcida-do-corinthians\/","og_site_name":"G\u00e1vea News","article_publisher":"https:\/\/facebook.com\/gaveaNews\/","article_published_time":"2025-03-26T19:50:08+00:00","og_image":[{"width":1920,"height":1080,"url":"https:\/\/www.gaveanews.com\/wp-content\/uploads\/Augusto-Melo-durante-coletiva-de-imprensa-do-Corinthians.webp","type":"image\/jpeg"}],"author":"Andr\u00e9 Serra","twitter_card":"summary_large_image","twitter_misc":{"Escrito por":"Andr\u00e9 Serra","Est. tempo de leitura":"3 minutos"},"schema":{"@context":"https:\/\/schema.org","@graph":[{"@type":"NewsArticle","@id":"https:\/\/www.gaveanews.com\/index.php\/2025\/03\/26\/a-declaracao-de-augusto-melo-direcionada-a-torcida-do-corinthians\/#article","isPartOf":{"@id":"https:\/\/www.gaveanews.com\/index.php\/2025\/03\/26\/a-declaracao-de-augusto-melo-direcionada-a-torcida-do-corinthians\/"},"author":{"name":"Andr\u00e9 Serra","@id":"https:\/\/www.gaveanews.com\/#\/schema\/person\/0277a79a1289c451c281ec0411d84f0c"},"headline":"A declara\u00e7\u00e3o de Augusto Melo direcionada \u00e0 torcida do Corinthians","datePublished":"2025-03-26T19:50:08+00:00","mainEntityOfPage":{"@id":"https:\/\/www.gaveanews.com\/index.php\/2025\/03\/26\/a-declaracao-de-augusto-melo-direcionada-a-torcida-do-corinthians\/"},"wordCount":413,"commentCount":0,"image":{"@id":"https:\/\/www.gaveanews.com\/index.php\/2025\/03\/26\/a-declaracao-de-augusto-melo-direcionada-a-torcida-do-corinthians\/#primaryimage"},"thumbnailUrl":"https:\/\/www.gaveanews.com\/wp-content\/uploads\/Augusto-Melo-durante-coletiva-de-imprensa-do-Corinthians.webp","articleSection":["Corinthians"],"inLanguage":"pt-BR","potentialAction":[{"@type":"CommentAction","name":"Comment","target":["https:\/\/www.gaveanews.com\/index.php\/2025\/03\/26\/a-declaracao-de-augusto-melo-direcionada-a-torcida-do-corinthians\/#respond"]}],"copyrightYear":"2025","copyrightHolder":{"@id":"https:\/\/www.gaveanews.com\/#organization"}},{"@type":"WebPage","@id":"https:\/\/www.gaveanews.com\/index.php\/2025\/03\/26\/a-declaracao-de-augusto-melo-direcionada-a-torcida-do-corinthians\/","url":"https:\/\/www.gaveanews.com\/index.php\/2025\/03\/26\/a-declaracao-de-augusto-melo-direcionada-a-torcida-do-corinthians\/","name":"A declara\u00e7\u00e3o de Augusto Melo direcionada \u00e0 torcida do Corinthians","isPartOf":{"@id":"https:\/\/www.gaveanews.com\/#website"},"primaryImageOfPage":{"@id":"https:\/\/www.gaveanews.com\/index.php\/2025\/03\/26\/a-declaracao-de-augusto-melo-direcionada-a-torcida-do-corinthians\/#primaryimage"},"image":{"@id":"https:\/\/www.gaveanews.com\/index.php\/2025\/03\/26\/a-declaracao-de-augusto-melo-direcionada-a-torcida-do-corinthians\/#primaryimage"},"thumbnailUrl":"https:\/\/www.gaveanews.com\/wp-content\/uploads\/Augusto-Melo-durante-coletiva-de-imprensa-do-Corinthians.webp","datePublished":"2025-03-26T19:50:08+00:00","author":{"@id":"https:\/\/www.gaveanews.com\/#\/schema\/person\/0277a79a1289c451c281ec0411d84f0c"},"breadcrumb":{"@id":"https:\/\/www.gaveanews.com\/index.php\/2025\/03\/26\/a-declaracao-de-augusto-melo-direcionada-a-torcida-do-corinthians\/#breadcrumb"},"inLanguage":"pt-BR","potentialAction":[{"@type":"ReadAction","target":["https:\/\/www.gaveanews.com\/index.php\/2025\/03\/26\/a-declaracao-de-augusto-melo-direcionada-a-torcida-do-corinthians\/"]}]},{"@type":"ImageObject","inLanguage":"pt-BR","@id":"https:\/\/www.gaveanews.com\/index.php\/2025\/03\/26\/a-declaracao-de-augusto-melo-direcionada-a-torcida-do-corinthians\/#primaryimage","url":"https:\/\/www.gaveanews.com\/wp-content\/uploads\/Augusto-Melo-durante-coletiva-de-imprensa-do-Corinthians.webp","contentUrl":"https:\/\/www.gaveanews.com\/wp-content\/uploads\/Augusto-Melo-durante-coletiva-de-imprensa-do-Corinthians.webp","width":1920,"height":1080,"caption":"Augusto Melo durante coletiva de imprensa do Corinthians (Foto: Rodrigo Coca\/ Corinthians)"},{"@type":"BreadcrumbList","@id":"https:\/\/www.gaveanews.com\/index.php\/2025\/03\/26\/a-declaracao-de-augusto-melo-direcionada-a-torcida-do-corinthians\/#breadcrumb","itemListElement":[{"@type":"ListItem","position":1,"name":"Home","item":"https:\/\/www.gaveanews.com\/"},{"@type":"ListItem","position":2,"name":"A declara\u00e7\u00e3o de Augusto Melo direcionada \u00e0 torcida do Corinthians"}]},{"@type":"WebSite","@id":"https:\/\/www.gaveanews.com\/#website","url":"https:\/\/www.gaveanews.com\/","name":"G\u00e1vea News","description":"Veja todas as not\u00edcias sobre o Flamengo: Contrata\u00e7\u00f5es, categorias de base, resultados das partidas, tabela de classifica\u00e7\u00e3o, pr\u00f3ximos jogos!","potentialAction":[{"@type":"SearchAction","target":{"@type":"EntryPoint","urlTemplate":"https:\/\/www.gaveanews.com\/?s={search_term_string}"},"query-input":{"@type":"PropertyValueSpecification","valueRequired":true,"valueName":"search_term_string"}}],"inLanguage":"pt-BR"},{"@type":"Person","@id":"https:\/\/www.gaveanews.com\/#\/schema\/person\/0277a79a1289c451c281ec0411d84f0c","name":"Andr\u00e9 Serra","image":{"@type":"ImageObject","inLanguage":"pt-BR","@id":"https:\/\/www.gaveanews.com\/#\/schema\/person\/image\/","url":"https:\/\/secure.gravatar.com\/avatar\/d7231369fe48db93292b3e88eb2162dbd9a34a47a8437d9ef3bcaca2a86a83d7?s=96&d=mm&r=g","contentUrl":"https:\/\/secure.gravatar.com\/avatar\/d7231369fe48db93292b3e88eb2162dbd9a34a47a8437d9ef3bcaca2a86a83d7?s=96&d=mm&r=g","caption":"Andr\u00e9 Serra"}}]}},"_links":{"self":[{"href":"https:\/\/www.gaveanews.com\/index.php\/wp-json\/wp\/v2\/posts\/244957","targetHints":{"allow":["GET"]}}],"collection":[{"href":"https:\/\/www.gaveanews.com\/index.php\/wp-json\/wp\/v2\/posts"}],"about":[{"href":"https:\/\/www.gaveanews.com\/index.php\/wp-json\/wp\/v2\/types\/post"}],"author":[{"embeddable":true,"href":"https:\/\/www.gaveanews.com\/index.php\/wp-json\/wp\/v2\/users\/21"}],"replies":[{"embeddable":true,"href":"https:\/\/www.gaveanews.com\/index.php\/wp-json\/wp\/v2\/comments?post=244957"}],"version-history":[{"count":1,"href":"https:\/\/www.gaveanews.com\/index.php\/wp-json\/wp\/v2\/posts\/244957\/revisions"}],"predecessor-version":[{"id":244982,"href":"https:\/\/www.gaveanews.com\/index.php\/wp-json\/wp\/v2\/posts\/244957\/revisions\/244982"}],"wp:featuredmedia":[{"embeddable":true,"href":"https:\/\/www.gaveanews.com\/index.php\/wp-json\/wp\/v2\/media\/145590"}],"wp:attachment":[{"href":"https:\/\/www.gaveanews.com\/index.php\/wp-json\/wp\/v2\/media?parent=244957"}],"wp:term":[{"taxonomy":"category","embeddable":true,"href":"https:\/\/www.gaveanews.com\/index.php\/wp-json\/wp\/v2\/categories?post=244957"},{"taxonomy":"post_tag","embeddable":true,"href":"https:\/\/www.gaveanews.com\/index.php\/wp-json\/wp\/v2\/tags?post=244957"}],"curies":[{"name":"wp","href":"https:\/\/api.w.org\/{rel}","templated":true}]}}