{"id":244994,"date":"2025-03-26T16:10:00","date_gmt":"2025-03-26T19:10:00","guid":{"rendered":"https:\/\/www.gaveanews.com\/?p=244994"},"modified":"2025-03-26T15:33:37","modified_gmt":"2025-03-26T18:33:37","slug":"situacao-de-payet-no-vasco-esta-cada-vez-mais-critica","status":"publish","type":"post","link":"https:\/\/www.gaveanews.com\/index.php\/2025\/03\/26\/situacao-de-payet-no-vasco-esta-cada-vez-mais-critica\/","title":{"rendered":"Situa\u00e7\u00e3o de Payet no Vasco est\u00e1 cada vez mais cr\u00edtica"},"content":{"rendered":"\n<p>O Vasco est\u00e1 com a aten\u00e7\u00e3o voltada para a estreia no Campeonato Brasileiro, marcada para o pr\u00f3ximo domingo, contra o Santos.&nbsp;<\/p>\n\n\n\n<p>No entanto, a situa\u00e7\u00e3o nos bastidores do clube tem gerado discuss\u00f5es, principalmente no que diz respeito ao futuro de alguns jogadores, entre eles, o franc\u00eas Payet. O destino do atleta, que chegou com grande expectativa, agora parece se encaminhar para um fim.<\/p>\n\n\n\n<h2 class=\"wp-block-heading\" id=\"h-pressao-sobre-o-elenco\">Press\u00e3o sobre o elenco<\/h2>\n\n\n\n<figure class=\"wp-block-image size-full\"><img loading=\"lazy\" decoding=\"async\" width=\"1024\" height=\"562\" src=\"http:\/\/www.gaveanews.com\/wp-content\/uploads\/Pedrinho-presidente-do-Vasco.webp\" alt=\"\" class=\"wp-image-146559\" srcset=\"https:\/\/www.gaveanews.com\/wp-content\/uploads\/Pedrinho-presidente-do-Vasco.webp 1024w, https:\/\/www.gaveanews.com\/wp-content\/uploads\/Pedrinho-presidente-do-Vasco-300x165.webp 300w, https:\/\/www.gaveanews.com\/wp-content\/uploads\/Pedrinho-presidente-do-Vasco-768x422.webp 768w, https:\/\/www.gaveanews.com\/wp-content\/uploads\/Pedrinho-presidente-do-Vasco-765x420.webp 765w, https:\/\/www.gaveanews.com\/wp-content\/uploads\/Pedrinho-presidente-do-Vasco-640x350.webp 640w, https:\/\/www.gaveanews.com\/wp-content\/uploads\/Pedrinho-presidente-do-Vasco-681x374.webp 681w, https:\/\/www.gaveanews.com\/wp-content\/uploads\/Pedrinho-presidente-do-Vasco-1022x562.webp 1022w, https:\/\/www.gaveanews.com\/wp-content\/uploads\/Pedrinho-presidente-do-Vasco-100x55.webp 100w\" sizes=\"auto, (max-width: 1024px) 100vw, 1024px\" \/><figcaption class=\"wp-element-caption\">Pedrinho, presidente do Vasco (Foto: Reprodu\u00e7\u00e3o\/Vasco TV)<\/figcaption><\/figure>\n\n\n\n<p>\u00c0 medida que o in\u00edcio do Campeonato Brasileiro se aproxima, o ambiente no Vasco est\u00e1 cada vez mais tenso. A torcida, cansada de ver o clube lutando contra o rebaixamento, j\u00e1 n\u00e3o demonstra a mesma paci\u00eancia de antes. As contrata\u00e7\u00f5es feitas nos \u00faltimos anos n\u00e3o trouxeram os resultados esperados, e a press\u00e3o sobre os jogadores aumenta a cada erro cometido dentro de campo.&nbsp;<\/p>\n\n\n\n<p>N\u00e3o \u00e9 \u00e0 toa que F\u00e1bio Carille sabe da import\u00e2ncia de come\u00e7ar bem a competi\u00e7\u00e3o, j\u00e1 que qualquer deslize pode agravar ainda mais a situa\u00e7\u00e3o do time.&nbsp;<\/p>\n\n\n\n<p>Al\u00e9m disso, o clube segue lidando com as dificuldades financeiras, que complicam ainda mais a gest\u00e3o do elenco.<\/p>\n\n\n\n<h2 class=\"wp-block-heading\" id=\"h-payet-perde-posicao-de-destaque\">Payet perde posi\u00e7\u00e3o de destaque<\/h2>\n\n\n\n<p>O futuro de Payet no Vasco parece cada vez mais incerto. Embora o jogador tenha sido contratado com a promessa de ser um diferencial, seu desempenho at\u00e9 o momento n\u00e3o tem justificado o alto investimento feito pelo clube.&nbsp;<\/p>\n\n\n\n<p>F\u00e1bio Carille j\u00e1 n\u00e3o conta mais com o franc\u00eas como titular e a situa\u00e7\u00e3o se agravou ainda mais ap\u00f3s ele perder espa\u00e7o para jogadores como Benjamin Garr\u00e9, que agora ocupa a posi\u00e7\u00e3o de reserva imediato de Coutinho.<\/p>\n\n\n\n<p>Cabe ressaltar que, mesmo que Payet tenha interesse em continuar no Vasco, seu alto sal\u00e1rio \u00e9 um obst\u00e1culo para a perman\u00eancia.&nbsp;<\/p>\n\n\n\n<p>O contrato do franc\u00eas, que se encerra em breve, n\u00e3o ser\u00e1 renovado, pois o clube busca aliviar suas finan\u00e7as. Isso porque, mesmo com um nome de peso, o franc\u00eas n\u00e3o conseguiu entregar o esperado dentro de campo.<\/p>\n\n\n\n<h2 class=\"wp-block-heading\" id=\"h-desempenho-e-polemicas-extra-campo\">Desempenho e pol\u00eamicas extra-campo<\/h2>\n\n\n\n<p>Al\u00e9m das quest\u00f5es dentro de campo, Payet tamb\u00e9m tem se envolvido em pol\u00eamicas fora dele, o que s\u00f3 tem prejudicado sua imagem com os torcedores. Isso porque, em vez de ser lembrado por suas atua\u00e7\u00f5es, o franc\u00eas tem sido mais falado pelo que acontece fora das quatro linhas.&nbsp;<\/p>\n\n\n\n<p>Essa situa\u00e7\u00e3o, portanto, s\u00f3 piora sua situa\u00e7\u00e3o no clube, deixando claro que sua continuidade no Vasco est\u00e1 cada vez mais distante.<\/p>\n\n\n\n<p>Dessa maneira, o que parecia uma contrata\u00e7\u00e3o de grande impacto, acaba se tornando um peso para o Gigante da Colina. Com isso, o futuro de Payet no Vasco parece cada vez mais pr\u00f3ximo do fim.<\/p>\n","protected":false},"excerpt":{"rendered":"<p>O Vasco est\u00e1 com a aten\u00e7\u00e3o voltada para a estreia no Campeonato Brasileiro, marcada para o pr\u00f3ximo domingo, contra o Santos.&nbsp; No entanto, a situa\u00e7\u00e3o nos bastidores do clube tem gerado discuss\u00f5es, principalmente no que diz respeito ao futuro de alguns jogadores, entre eles, o franc\u00eas Payet. O destino do atleta, que chegou com grande [&hellip;]<\/p>\n","protected":false},"author":25,"featured_media":124623,"comment_status":"open","ping_status":"closed","sticky":false,"template":"","format":"standard","meta":{"footnotes":""},"categories":[152],"tags":[],"class_list":["post-244994","post","type-post","status-publish","format-standard","has-post-thumbnail","hentry","category-vasco"],"yoast_head":"<!-- This site is optimized with the Yoast SEO Premium plugin v24.2 (Yoast SEO v26.9) - https:\/\/yoast.com\/product\/yoast-seo-premium-wordpress\/ -->\n<title>Situa\u00e7\u00e3o de Payet no Vasco est\u00e1 cada vez mais cr\u00edtica<\/title>\n<meta name=\"robots\" content=\"index, follow, max-snippet:-1, max-image-preview:large, max-video-preview:-1\" \/>\n<link rel=\"canonical\" href=\"https:\/\/www.gaveanews.com\/index.php\/2025\/03\/26\/situacao-de-payet-no-vasco-esta-cada-vez-mais-critica\/\" \/>\n<meta property=\"og:locale\" content=\"pt_BR\" \/>\n<meta property=\"og:type\" content=\"article\" \/>\n<meta property=\"og:title\" content=\"Situa\u00e7\u00e3o de Payet no Vasco est\u00e1 cada vez mais cr\u00edtica\" \/>\n<meta property=\"og:description\" content=\"O Vasco est\u00e1 com a aten\u00e7\u00e3o voltada para a estreia no Campeonato Brasileiro, marcada para o pr\u00f3ximo domingo, contra o Santos.&nbsp; No entanto, a situa\u00e7\u00e3o nos bastidores do clube tem gerado discuss\u00f5es, principalmente no que diz respeito ao futuro de alguns jogadores, entre eles, o franc\u00eas Payet. O destino do atleta, que chegou com grande [&hellip;]\" \/>\n<meta property=\"og:url\" content=\"https:\/\/www.gaveanews.com\/index.php\/2025\/03\/26\/situacao-de-payet-no-vasco-esta-cada-vez-mais-critica\/\" \/>\n<meta property=\"og:site_name\" content=\"G\u00e1vea News\" \/>\n<meta property=\"article:publisher\" content=\"https:\/\/facebook.com\/gaveaNews\/\" \/>\n<meta property=\"article:published_time\" content=\"2025-03-26T19:10:00+00:00\" \/>\n<meta property=\"og:image\" content=\"https:\/\/www.gaveanews.com\/wp-content\/uploads\/agif23100200212796-1-.webp\" \/>\n\t<meta property=\"og:image:width\" content=\"984\" \/>\n\t<meta property=\"og:image:height\" content=\"656\" \/>\n\t<meta property=\"og:image:type\" content=\"image\/webp\" \/>\n<meta name=\"author\" content=\"Rafaela Ladeira\" \/>\n<meta name=\"twitter:card\" content=\"summary_large_image\" \/>\n<meta name=\"twitter:label1\" content=\"Escrito por\" \/>\n\t<meta name=\"twitter:data1\" content=\"Rafaela Ladeira\" \/>\n\t<meta name=\"twitter:label2\" content=\"Est. tempo de leitura\" \/>\n\t<meta name=\"twitter:data2\" content=\"3 minutos\" \/>\n<script type=\"application\/ld+json\" class=\"yoast-schema-graph\">{\"@context\":\"https:\/\/schema.org\",\"@graph\":[{\"@type\":\"NewsArticle\",\"@id\":\"https:\/\/www.gaveanews.com\/index.php\/2025\/03\/26\/situacao-de-payet-no-vasco-esta-cada-vez-mais-critica\/#article\",\"isPartOf\":{\"@id\":\"https:\/\/www.gaveanews.com\/index.php\/2025\/03\/26\/situacao-de-payet-no-vasco-esta-cada-vez-mais-critica\/\"},\"author\":{\"name\":\"Rafaela Ladeira\",\"@id\":\"https:\/\/www.gaveanews.com\/#\/schema\/person\/0eb3e3fe1754f0205218538adbe8f5ed\"},\"headline\":\"Situa\u00e7\u00e3o de Payet no Vasco est\u00e1 cada vez mais cr\u00edtica\",\"datePublished\":\"2025-03-26T19:10:00+00:00\",\"mainEntityOfPage\":{\"@id\":\"https:\/\/www.gaveanews.com\/index.php\/2025\/03\/26\/situacao-de-payet-no-vasco-esta-cada-vez-mais-critica\/\"},\"wordCount\":492,\"commentCount\":0,\"image\":{\"@id\":\"https:\/\/www.gaveanews.com\/index.php\/2025\/03\/26\/situacao-de-payet-no-vasco-esta-cada-vez-mais-critica\/#primaryimage\"},\"thumbnailUrl\":\"https:\/\/www.gaveanews.com\/wp-content\/uploads\/agif23100200212796-1-.webp\",\"articleSection\":[\"Vasco\"],\"inLanguage\":\"pt-BR\",\"potentialAction\":[{\"@type\":\"CommentAction\",\"name\":\"Comment\",\"target\":[\"https:\/\/www.gaveanews.com\/index.php\/2025\/03\/26\/situacao-de-payet-no-vasco-esta-cada-vez-mais-critica\/#respond\"]}],\"copyrightYear\":\"2025\",\"copyrightHolder\":{\"@id\":\"https:\/\/www.gaveanews.com\/#organization\"}},{\"@type\":\"WebPage\",\"@id\":\"https:\/\/www.gaveanews.com\/index.php\/2025\/03\/26\/situacao-de-payet-no-vasco-esta-cada-vez-mais-critica\/\",\"url\":\"https:\/\/www.gaveanews.com\/index.php\/2025\/03\/26\/situacao-de-payet-no-vasco-esta-cada-vez-mais-critica\/\",\"name\":\"Situa\u00e7\u00e3o de Payet no Vasco est\u00e1 cada vez mais cr\u00edtica\",\"isPartOf\":{\"@id\":\"https:\/\/www.gaveanews.com\/#website\"},\"primaryImageOfPage\":{\"@id\":\"https:\/\/www.gaveanews.com\/index.php\/2025\/03\/26\/situacao-de-payet-no-vasco-esta-cada-vez-mais-critica\/#primaryimage\"},\"image\":{\"@id\":\"https:\/\/www.gaveanews.com\/index.php\/2025\/03\/26\/situacao-de-payet-no-vasco-esta-cada-vez-mais-critica\/#primaryimage\"},\"thumbnailUrl\":\"https:\/\/www.gaveanews.com\/wp-content\/uploads\/agif23100200212796-1-.webp\",\"datePublished\":\"2025-03-26T19:10:00+00:00\",\"author\":{\"@id\":\"https:\/\/www.gaveanews.com\/#\/schema\/person\/0eb3e3fe1754f0205218538adbe8f5ed\"},\"breadcrumb\":{\"@id\":\"https:\/\/www.gaveanews.com\/index.php\/2025\/03\/26\/situacao-de-payet-no-vasco-esta-cada-vez-mais-critica\/#breadcrumb\"},\"inLanguage\":\"pt-BR\",\"potentialAction\":[{\"@type\":\"ReadAction\",\"target\":[\"https:\/\/www.gaveanews.com\/index.php\/2025\/03\/26\/situacao-de-payet-no-vasco-esta-cada-vez-mais-critica\/\"]}]},{\"@type\":\"ImageObject\",\"inLanguage\":\"pt-BR\",\"@id\":\"https:\/\/www.gaveanews.com\/index.php\/2025\/03\/26\/situacao-de-payet-no-vasco-esta-cada-vez-mais-critica\/#primaryimage\",\"url\":\"https:\/\/www.gaveanews.com\/wp-content\/uploads\/agif23100200212796-1-.webp\",\"contentUrl\":\"https:\/\/www.gaveanews.com\/wp-content\/uploads\/agif23100200212796-1-.webp\",\"width\":984,\"height\":656,\"caption\":\"Payet em a\u00e7\u00e3o pelo Vasco (Foto: Abner Dourado\/AGIF)\"},{\"@type\":\"BreadcrumbList\",\"@id\":\"https:\/\/www.gaveanews.com\/index.php\/2025\/03\/26\/situacao-de-payet-no-vasco-esta-cada-vez-mais-critica\/#breadcrumb\",\"itemListElement\":[{\"@type\":\"ListItem\",\"position\":1,\"name\":\"Home\",\"item\":\"https:\/\/www.gaveanews.com\/\"},{\"@type\":\"ListItem\",\"position\":2,\"name\":\"Situa\u00e7\u00e3o de Payet no Vasco est\u00e1 cada vez mais cr\u00edtica\"}]},{\"@type\":\"WebSite\",\"@id\":\"https:\/\/www.gaveanews.com\/#website\",\"url\":\"https:\/\/www.gaveanews.com\/\",\"name\":\"G\u00e1vea News\",\"description\":\"Veja todas as not\u00edcias sobre o Flamengo: Contrata\u00e7\u00f5es, categorias de base, resultados das partidas, tabela de classifica\u00e7\u00e3o, pr\u00f3ximos jogos!\",\"potentialAction\":[{\"@type\":\"SearchAction\",\"target\":{\"@type\":\"EntryPoint\",\"urlTemplate\":\"https:\/\/www.gaveanews.com\/?s={search_term_string}\"},\"query-input\":{\"@type\":\"PropertyValueSpecification\",\"valueRequired\":true,\"valueName\":\"search_term_string\"}}],\"inLanguage\":\"pt-BR\"},{\"@type\":\"Person\",\"@id\":\"https:\/\/www.gaveanews.com\/#\/schema\/person\/0eb3e3fe1754f0205218538adbe8f5ed\",\"name\":\"Rafaela Ladeira\",\"image\":{\"@type\":\"ImageObject\",\"inLanguage\":\"pt-BR\",\"@id\":\"https:\/\/www.gaveanews.com\/#\/schema\/person\/image\/\",\"url\":\"https:\/\/secure.gravatar.com\/avatar\/c31f513acffd85eacab5730cbdfdbbf59f21ba5aeada8cd890acea879fbb2455?s=96&d=mm&r=g\",\"contentUrl\":\"https:\/\/secure.gravatar.com\/avatar\/c31f513acffd85eacab5730cbdfdbbf59f21ba5aeada8cd890acea879fbb2455?s=96&d=mm&r=g\",\"caption\":\"Rafaela Ladeira\"}}]}<\/script>\n<!-- \/ Yoast SEO Premium plugin. -->","yoast_head_json":{"title":"Situa\u00e7\u00e3o de Payet no Vasco est\u00e1 cada vez mais cr\u00edtica","robots":{"index":"index","follow":"follow","max-snippet":"max-snippet:-1","max-image-preview":"max-image-preview:large","max-video-preview":"max-video-preview:-1"},"canonical":"https:\/\/www.gaveanews.com\/index.php\/2025\/03\/26\/situacao-de-payet-no-vasco-esta-cada-vez-mais-critica\/","og_locale":"pt_BR","og_type":"article","og_title":"Situa\u00e7\u00e3o de Payet no Vasco est\u00e1 cada vez mais cr\u00edtica","og_description":"O Vasco est\u00e1 com a aten\u00e7\u00e3o voltada para a estreia no Campeonato Brasileiro, marcada para o pr\u00f3ximo domingo, contra o Santos.&nbsp; No entanto, a situa\u00e7\u00e3o nos bastidores do clube tem gerado discuss\u00f5es, principalmente no que diz respeito ao futuro de alguns jogadores, entre eles, o franc\u00eas Payet. O destino do atleta, que chegou com grande [&hellip;]","og_url":"https:\/\/www.gaveanews.com\/index.php\/2025\/03\/26\/situacao-de-payet-no-vasco-esta-cada-vez-mais-critica\/","og_site_name":"G\u00e1vea News","article_publisher":"https:\/\/facebook.com\/gaveaNews\/","article_published_time":"2025-03-26T19:10:00+00:00","og_image":[{"width":984,"height":656,"url":"https:\/\/www.gaveanews.com\/wp-content\/uploads\/agif23100200212796-1-.webp","type":"image\/webp"}],"author":"Rafaela Ladeira","twitter_card":"summary_large_image","twitter_misc":{"Escrito por":"Rafaela Ladeira","Est. tempo de leitura":"3 minutos"},"schema":{"@context":"https:\/\/schema.org","@graph":[{"@type":"NewsArticle","@id":"https:\/\/www.gaveanews.com\/index.php\/2025\/03\/26\/situacao-de-payet-no-vasco-esta-cada-vez-mais-critica\/#article","isPartOf":{"@id":"https:\/\/www.gaveanews.com\/index.php\/2025\/03\/26\/situacao-de-payet-no-vasco-esta-cada-vez-mais-critica\/"},"author":{"name":"Rafaela Ladeira","@id":"https:\/\/www.gaveanews.com\/#\/schema\/person\/0eb3e3fe1754f0205218538adbe8f5ed"},"headline":"Situa\u00e7\u00e3o de Payet no Vasco est\u00e1 cada vez mais cr\u00edtica","datePublished":"2025-03-26T19:10:00+00:00","mainEntityOfPage":{"@id":"https:\/\/www.gaveanews.com\/index.php\/2025\/03\/26\/situacao-de-payet-no-vasco-esta-cada-vez-mais-critica\/"},"wordCount":492,"commentCount":0,"image":{"@id":"https:\/\/www.gaveanews.com\/index.php\/2025\/03\/26\/situacao-de-payet-no-vasco-esta-cada-vez-mais-critica\/#primaryimage"},"thumbnailUrl":"https:\/\/www.gaveanews.com\/wp-content\/uploads\/agif23100200212796-1-.webp","articleSection":["Vasco"],"inLanguage":"pt-BR","potentialAction":[{"@type":"CommentAction","name":"Comment","target":["https:\/\/www.gaveanews.com\/index.php\/2025\/03\/26\/situacao-de-payet-no-vasco-esta-cada-vez-mais-critica\/#respond"]}],"copyrightYear":"2025","copyrightHolder":{"@id":"https:\/\/www.gaveanews.com\/#organization"}},{"@type":"WebPage","@id":"https:\/\/www.gaveanews.com\/index.php\/2025\/03\/26\/situacao-de-payet-no-vasco-esta-cada-vez-mais-critica\/","url":"https:\/\/www.gaveanews.com\/index.php\/2025\/03\/26\/situacao-de-payet-no-vasco-esta-cada-vez-mais-critica\/","name":"Situa\u00e7\u00e3o de Payet no Vasco est\u00e1 cada vez mais cr\u00edtica","isPartOf":{"@id":"https:\/\/www.gaveanews.com\/#website"},"primaryImageOfPage":{"@id":"https:\/\/www.gaveanews.com\/index.php\/2025\/03\/26\/situacao-de-payet-no-vasco-esta-cada-vez-mais-critica\/#primaryimage"},"image":{"@id":"https:\/\/www.gaveanews.com\/index.php\/2025\/03\/26\/situacao-de-payet-no-vasco-esta-cada-vez-mais-critica\/#primaryimage"},"thumbnailUrl":"https:\/\/www.gaveanews.com\/wp-content\/uploads\/agif23100200212796-1-.webp","datePublished":"2025-03-26T19:10:00+00:00","author":{"@id":"https:\/\/www.gaveanews.com\/#\/schema\/person\/0eb3e3fe1754f0205218538adbe8f5ed"},"breadcrumb":{"@id":"https:\/\/www.gaveanews.com\/index.php\/2025\/03\/26\/situacao-de-payet-no-vasco-esta-cada-vez-mais-critica\/#breadcrumb"},"inLanguage":"pt-BR","potentialAction":[{"@type":"ReadAction","target":["https:\/\/www.gaveanews.com\/index.php\/2025\/03\/26\/situacao-de-payet-no-vasco-esta-cada-vez-mais-critica\/"]}]},{"@type":"ImageObject","inLanguage":"pt-BR","@id":"https:\/\/www.gaveanews.com\/index.php\/2025\/03\/26\/situacao-de-payet-no-vasco-esta-cada-vez-mais-critica\/#primaryimage","url":"https:\/\/www.gaveanews.com\/wp-content\/uploads\/agif23100200212796-1-.webp","contentUrl":"https:\/\/www.gaveanews.com\/wp-content\/uploads\/agif23100200212796-1-.webp","width":984,"height":656,"caption":"Payet em a\u00e7\u00e3o pelo Vasco (Foto: Abner Dourado\/AGIF)"},{"@type":"BreadcrumbList","@id":"https:\/\/www.gaveanews.com\/index.php\/2025\/03\/26\/situacao-de-payet-no-vasco-esta-cada-vez-mais-critica\/#breadcrumb","itemListElement":[{"@type":"ListItem","position":1,"name":"Home","item":"https:\/\/www.gaveanews.com\/"},{"@type":"ListItem","position":2,"name":"Situa\u00e7\u00e3o de Payet no Vasco est\u00e1 cada vez mais cr\u00edtica"}]},{"@type":"WebSite","@id":"https:\/\/www.gaveanews.com\/#website","url":"https:\/\/www.gaveanews.com\/","name":"G\u00e1vea News","description":"Veja todas as not\u00edcias sobre o Flamengo: Contrata\u00e7\u00f5es, categorias de base, resultados das partidas, tabela de classifica\u00e7\u00e3o, pr\u00f3ximos jogos!","potentialAction":[{"@type":"SearchAction","target":{"@type":"EntryPoint","urlTemplate":"https:\/\/www.gaveanews.com\/?s={search_term_string}"},"query-input":{"@type":"PropertyValueSpecification","valueRequired":true,"valueName":"search_term_string"}}],"inLanguage":"pt-BR"},{"@type":"Person","@id":"https:\/\/www.gaveanews.com\/#\/schema\/person\/0eb3e3fe1754f0205218538adbe8f5ed","name":"Rafaela Ladeira","image":{"@type":"ImageObject","inLanguage":"pt-BR","@id":"https:\/\/www.gaveanews.com\/#\/schema\/person\/image\/","url":"https:\/\/secure.gravatar.com\/avatar\/c31f513acffd85eacab5730cbdfdbbf59f21ba5aeada8cd890acea879fbb2455?s=96&d=mm&r=g","contentUrl":"https:\/\/secure.gravatar.com\/avatar\/c31f513acffd85eacab5730cbdfdbbf59f21ba5aeada8cd890acea879fbb2455?s=96&d=mm&r=g","caption":"Rafaela Ladeira"}}]}},"_links":{"self":[{"href":"https:\/\/www.gaveanews.com\/index.php\/wp-json\/wp\/v2\/posts\/244994","targetHints":{"allow":["GET"]}}],"collection":[{"href":"https:\/\/www.gaveanews.com\/index.php\/wp-json\/wp\/v2\/posts"}],"about":[{"href":"https:\/\/www.gaveanews.com\/index.php\/wp-json\/wp\/v2\/types\/post"}],"author":[{"embeddable":true,"href":"https:\/\/www.gaveanews.com\/index.php\/wp-json\/wp\/v2\/users\/25"}],"replies":[{"embeddable":true,"href":"https:\/\/www.gaveanews.com\/index.php\/wp-json\/wp\/v2\/comments?post=244994"}],"version-history":[{"count":1,"href":"https:\/\/www.gaveanews.com\/index.php\/wp-json\/wp\/v2\/posts\/244994\/revisions"}],"predecessor-version":[{"id":244996,"href":"https:\/\/www.gaveanews.com\/index.php\/wp-json\/wp\/v2\/posts\/244994\/revisions\/244996"}],"wp:featuredmedia":[{"embeddable":true,"href":"https:\/\/www.gaveanews.com\/index.php\/wp-json\/wp\/v2\/media\/124623"}],"wp:attachment":[{"href":"https:\/\/www.gaveanews.com\/index.php\/wp-json\/wp\/v2\/media?parent=244994"}],"wp:term":[{"taxonomy":"category","embeddable":true,"href":"https:\/\/www.gaveanews.com\/index.php\/wp-json\/wp\/v2\/categories?post=244994"},{"taxonomy":"post_tag","embeddable":true,"href":"https:\/\/www.gaveanews.com\/index.php\/wp-json\/wp\/v2\/tags?post=244994"}],"curies":[{"name":"wp","href":"https:\/\/api.w.org\/{rel}","templated":true}]}}