{"id":244998,"date":"2025-03-26T16:45:02","date_gmt":"2025-03-26T19:45:02","guid":{"rendered":"https:\/\/www.gaveanews.com\/?p=244998"},"modified":"2025-03-26T16:06:13","modified_gmt":"2025-03-26T19:06:13","slug":"a-declaracao-de-ronaldo-direcionada-a-rogerio-ceni-do-bahia","status":"publish","type":"post","link":"https:\/\/www.gaveanews.com\/index.php\/2025\/03\/26\/a-declaracao-de-ronaldo-direcionada-a-rogerio-ceni-do-bahia\/","title":{"rendered":"A declara\u00e7\u00e3o de Ronaldo direcionada \u00e0 Rog\u00e9rio Ceni, do Bahia"},"content":{"rendered":"\n<h2 class=\"wp-block-heading\" id=\"h-muito-honrado-de-poder-conviver-com-ele-falou-o-goleiro\">&#8220;Muito honrado de poder conviver com ele&#8221;, falou o goleiro <\/h2>\n\n\n\n<p>Nesta quarta-feira (26), o Bahia apresentou de forma oficial o goleiro Ronaldo, que soma passagem pelo rival Vit\u00f3ria. O arqueiro pertence ao Atl\u00e9tico-GO e chega por empr\u00e9stimo ao Tricolor de A\u00e7o por empr\u00e9stimo at\u00e9 o fim deste ano. <\/p>\n\n\n\n<p>Os primeiros passos de Ronaldo como atleta profissional foram no Vit\u00f3ria, clube no qual disputou 91 jogos. O goleiro defendia as cores do Atl\u00e9tico-GO desde 2022 e pelo clube goiano realizou mais de 100 partidas. Na entrevista coletiva, Ronaldo desceu elogios \u00e0 Rog\u00e9rio Ceni, que \u00e9 uma das maiores refer\u00eancias do futebol mundial nesta posi\u00e7\u00e3o. <\/p>\n\n\n\n<p>&#8220;Me sinto muito honrado em fazer parte desse grupo do Bahia, equipe grande do futebol brasileiro. Sobre Rog\u00e9rio Ceni, n\u00e3o tem como quem acompanhou o futebol brasileiro n\u00e3o ter ele como refer\u00eancia. Ainda mais na posi\u00e7\u00e3o de goleiro. Eu tenho refer\u00eancias dentro e fora de campo. Rog\u00e9rio Ceni \u00e9 um cara \u00edmpar fora de campo, nunca se envolveu em pol\u00eamicas, foi refer\u00eancia fora de campo. Isso \u00e9 crucial. Gosto de ver o todo. Me sinto muito honrado de poder conviver com ele e poder aprender mais&#8221;, disse Ronaldo. <\/p>\n\n\n\n<p>Ainda na entrevista, o arqueiro expressou entusiasmo pela oportunidade no Bahia e falou sobre a boa energia que o nome transmite. O \u00faltimo Ronaldo a defender o gol do Esquadr\u00e3o foi campe\u00e3o brasileiro em 1988 e \u00e9 um grande \u00eddolo do clube.<\/p>\n\n\n\n<p>&#8220;Expectativa muito boa. \u00c9 uma responsabilidade maior saber que o \u00faltimo Ronaldo que esteve no gol foi campe\u00e3o brasileiro. Ent\u00e3o, encaro com muita tranquilidade. Sobre a rivalidade, fui formado no Vit\u00f3ria, tenho muita gratid\u00e3o, mas j\u00e1 passou, foi o meu momento l\u00e1 como vivi no Atl\u00e9tico-GO. Se Deus quiser fazer um grande ano. O primeiro passo foi o t\u00edtulo baiano que acabei n\u00e3o estando inscrito, mas nesse pouco que estive foi importante. Me sinto campe\u00e3o baiano tamb\u00e9m. A gente vai ter campeonatos duros a partir de agora. A gente pretende seguir nessa sequ\u00eancia&#8221;, finalizou Ronaldo. <\/p>\n\n\n\n<p>O diretor  do clube, Cadu Santoro, fez a apresenta\u00e7\u00e3o de Ronaldo. Na coletiva, Cadu disse que um dos objetivos do clube \u00e9 criar uma concorr\u00eancia em todos os setores, afirmou que \u00e9 importante ter um elenco competitivo e falou que \u00e9 &#8220;um momento de felicidade&#8221;. <\/p>\n\n\n\n<p>&#8220;Um momento de felicidade para a gente. A gente vem tentando criar competitividade em todos os setores. No ano passado tivemos tr\u00eas atletas atuando nesse setor. Nesse in\u00edcio de ano tamb\u00e9m. O Ronaldo n\u00e3o estava inscrito no Campeonato Baiano, mas est\u00e1 inscrito na Copa do Nordeste, pr\u00f3xima fase da Libertadores e Campeonato Brasileiro. O calend\u00e1rio \u00e9 sofrido para n\u00f3s. Daqui at\u00e9 o meio do ano a gente tem dois jogos. \u00c9 importante ter um elenco competitivo&#8221;, disse Cadu Santoro. <\/p>\n","protected":false},"excerpt":{"rendered":"<p>&#8220;Muito honrado de poder conviver com ele&#8221;, falou o goleiro Nesta quarta-feira (26), o Bahia apresentou de forma oficial o goleiro Ronaldo, que soma passagem pelo rival Vit\u00f3ria. O arqueiro pertence ao Atl\u00e9tico-GO e chega por empr\u00e9stimo ao Tricolor de A\u00e7o por empr\u00e9stimo at\u00e9 o fim deste ano. Os primeiros passos de Ronaldo como atleta [&hellip;]<\/p>\n","protected":false},"author":21,"featured_media":148395,"comment_status":"open","ping_status":"closed","sticky":false,"template":"","format":"standard","meta":{"footnotes":""},"categories":[137],"tags":[],"class_list":["post-244998","post","type-post","status-publish","format-standard","has-post-thumbnail","hentry","category-bahia"],"yoast_head":"<!-- This site is optimized with the Yoast SEO Premium plugin v24.2 (Yoast SEO v26.9) - https:\/\/yoast.com\/product\/yoast-seo-premium-wordpress\/ -->\n<title>A declara\u00e7\u00e3o de Ronaldo direcionada \u00e0 Rog\u00e9rio Ceni, do Bahia<\/title>\n<meta name=\"robots\" content=\"index, follow, max-snippet:-1, max-image-preview:large, max-video-preview:-1\" \/>\n<link rel=\"canonical\" href=\"https:\/\/www.gaveanews.com\/index.php\/2025\/03\/26\/a-declaracao-de-ronaldo-direcionada-a-rogerio-ceni-do-bahia\/\" \/>\n<meta property=\"og:locale\" content=\"pt_BR\" \/>\n<meta property=\"og:type\" content=\"article\" \/>\n<meta property=\"og:title\" content=\"A declara\u00e7\u00e3o de Ronaldo direcionada \u00e0 Rog\u00e9rio Ceni, do Bahia\" \/>\n<meta property=\"og:description\" content=\"&#8220;Muito honrado de poder conviver com ele&#8221;, falou o goleiro Nesta quarta-feira (26), o Bahia apresentou de forma oficial o goleiro Ronaldo, que soma passagem pelo rival Vit\u00f3ria. O arqueiro pertence ao Atl\u00e9tico-GO e chega por empr\u00e9stimo ao Tricolor de A\u00e7o por empr\u00e9stimo at\u00e9 o fim deste ano. Os primeiros passos de Ronaldo como atleta [&hellip;]\" \/>\n<meta property=\"og:url\" content=\"https:\/\/www.gaveanews.com\/index.php\/2025\/03\/26\/a-declaracao-de-ronaldo-direcionada-a-rogerio-ceni-do-bahia\/\" \/>\n<meta property=\"og:site_name\" content=\"G\u00e1vea News\" \/>\n<meta property=\"article:publisher\" content=\"https:\/\/facebook.com\/gaveaNews\/\" \/>\n<meta property=\"article:published_time\" content=\"2025-03-26T19:45:02+00:00\" \/>\n<meta property=\"og:image\" content=\"https:\/\/www.gaveanews.com\/wp-content\/uploads\/rogerio-ceni-bahia.webp\" \/>\n\t<meta property=\"og:image:width\" content=\"984\" \/>\n\t<meta property=\"og:image:height\" content=\"656\" \/>\n\t<meta property=\"og:image:type\" content=\"image\/webp\" \/>\n<meta name=\"author\" content=\"Andr\u00e9 Serra\" \/>\n<meta name=\"twitter:card\" content=\"summary_large_image\" \/>\n<meta name=\"twitter:label1\" content=\"Escrito por\" \/>\n\t<meta name=\"twitter:data1\" content=\"Andr\u00e9 Serra\" \/>\n\t<meta name=\"twitter:label2\" content=\"Est. tempo de leitura\" \/>\n\t<meta name=\"twitter:data2\" content=\"3 minutos\" \/>\n<script type=\"application\/ld+json\" class=\"yoast-schema-graph\">{\"@context\":\"https:\/\/schema.org\",\"@graph\":[{\"@type\":\"NewsArticle\",\"@id\":\"https:\/\/www.gaveanews.com\/index.php\/2025\/03\/26\/a-declaracao-de-ronaldo-direcionada-a-rogerio-ceni-do-bahia\/#article\",\"isPartOf\":{\"@id\":\"https:\/\/www.gaveanews.com\/index.php\/2025\/03\/26\/a-declaracao-de-ronaldo-direcionada-a-rogerio-ceni-do-bahia\/\"},\"author\":{\"name\":\"Andr\u00e9 Serra\",\"@id\":\"https:\/\/www.gaveanews.com\/#\/schema\/person\/0277a79a1289c451c281ec0411d84f0c\"},\"headline\":\"A declara\u00e7\u00e3o de Ronaldo direcionada \u00e0 Rog\u00e9rio Ceni, do Bahia\",\"datePublished\":\"2025-03-26T19:45:02+00:00\",\"mainEntityOfPage\":{\"@id\":\"https:\/\/www.gaveanews.com\/index.php\/2025\/03\/26\/a-declaracao-de-ronaldo-direcionada-a-rogerio-ceni-do-bahia\/\"},\"wordCount\":487,\"commentCount\":0,\"image\":{\"@id\":\"https:\/\/www.gaveanews.com\/index.php\/2025\/03\/26\/a-declaracao-de-ronaldo-direcionada-a-rogerio-ceni-do-bahia\/#primaryimage\"},\"thumbnailUrl\":\"https:\/\/www.gaveanews.com\/wp-content\/uploads\/rogerio-ceni-bahia.webp\",\"articleSection\":[\"Bahia\"],\"inLanguage\":\"pt-BR\",\"potentialAction\":[{\"@type\":\"CommentAction\",\"name\":\"Comment\",\"target\":[\"https:\/\/www.gaveanews.com\/index.php\/2025\/03\/26\/a-declaracao-de-ronaldo-direcionada-a-rogerio-ceni-do-bahia\/#respond\"]}],\"copyrightYear\":\"2025\",\"copyrightHolder\":{\"@id\":\"https:\/\/www.gaveanews.com\/#organization\"}},{\"@type\":\"WebPage\",\"@id\":\"https:\/\/www.gaveanews.com\/index.php\/2025\/03\/26\/a-declaracao-de-ronaldo-direcionada-a-rogerio-ceni-do-bahia\/\",\"url\":\"https:\/\/www.gaveanews.com\/index.php\/2025\/03\/26\/a-declaracao-de-ronaldo-direcionada-a-rogerio-ceni-do-bahia\/\",\"name\":\"A declara\u00e7\u00e3o de Ronaldo direcionada \u00e0 Rog\u00e9rio Ceni, do Bahia\",\"isPartOf\":{\"@id\":\"https:\/\/www.gaveanews.com\/#website\"},\"primaryImageOfPage\":{\"@id\":\"https:\/\/www.gaveanews.com\/index.php\/2025\/03\/26\/a-declaracao-de-ronaldo-direcionada-a-rogerio-ceni-do-bahia\/#primaryimage\"},\"image\":{\"@id\":\"https:\/\/www.gaveanews.com\/index.php\/2025\/03\/26\/a-declaracao-de-ronaldo-direcionada-a-rogerio-ceni-do-bahia\/#primaryimage\"},\"thumbnailUrl\":\"https:\/\/www.gaveanews.com\/wp-content\/uploads\/rogerio-ceni-bahia.webp\",\"datePublished\":\"2025-03-26T19:45:02+00:00\",\"author\":{\"@id\":\"https:\/\/www.gaveanews.com\/#\/schema\/person\/0277a79a1289c451c281ec0411d84f0c\"},\"breadcrumb\":{\"@id\":\"https:\/\/www.gaveanews.com\/index.php\/2025\/03\/26\/a-declaracao-de-ronaldo-direcionada-a-rogerio-ceni-do-bahia\/#breadcrumb\"},\"inLanguage\":\"pt-BR\",\"potentialAction\":[{\"@type\":\"ReadAction\",\"target\":[\"https:\/\/www.gaveanews.com\/index.php\/2025\/03\/26\/a-declaracao-de-ronaldo-direcionada-a-rogerio-ceni-do-bahia\/\"]}]},{\"@type\":\"ImageObject\",\"inLanguage\":\"pt-BR\",\"@id\":\"https:\/\/www.gaveanews.com\/index.php\/2025\/03\/26\/a-declaracao-de-ronaldo-direcionada-a-rogerio-ceni-do-bahia\/#primaryimage\",\"url\":\"https:\/\/www.gaveanews.com\/wp-content\/uploads\/rogerio-ceni-bahia.webp\",\"contentUrl\":\"https:\/\/www.gaveanews.com\/wp-content\/uploads\/rogerio-ceni-bahia.webp\",\"width\":984,\"height\":656,\"caption\":\"Rog\u00e9rio Ceni comanda treino do Bahia (Foto: Felipe Oliveira\/EC Bahia)\"},{\"@type\":\"BreadcrumbList\",\"@id\":\"https:\/\/www.gaveanews.com\/index.php\/2025\/03\/26\/a-declaracao-de-ronaldo-direcionada-a-rogerio-ceni-do-bahia\/#breadcrumb\",\"itemListElement\":[{\"@type\":\"ListItem\",\"position\":1,\"name\":\"Home\",\"item\":\"https:\/\/www.gaveanews.com\/\"},{\"@type\":\"ListItem\",\"position\":2,\"name\":\"A declara\u00e7\u00e3o de Ronaldo direcionada \u00e0 Rog\u00e9rio Ceni, do Bahia\"}]},{\"@type\":\"WebSite\",\"@id\":\"https:\/\/www.gaveanews.com\/#website\",\"url\":\"https:\/\/www.gaveanews.com\/\",\"name\":\"G\u00e1vea News\",\"description\":\"Veja todas as not\u00edcias sobre o Flamengo: Contrata\u00e7\u00f5es, categorias de base, resultados das partidas, tabela de classifica\u00e7\u00e3o, pr\u00f3ximos jogos!\",\"potentialAction\":[{\"@type\":\"SearchAction\",\"target\":{\"@type\":\"EntryPoint\",\"urlTemplate\":\"https:\/\/www.gaveanews.com\/?s={search_term_string}\"},\"query-input\":{\"@type\":\"PropertyValueSpecification\",\"valueRequired\":true,\"valueName\":\"search_term_string\"}}],\"inLanguage\":\"pt-BR\"},{\"@type\":\"Person\",\"@id\":\"https:\/\/www.gaveanews.com\/#\/schema\/person\/0277a79a1289c451c281ec0411d84f0c\",\"name\":\"Andr\u00e9 Serra\",\"image\":{\"@type\":\"ImageObject\",\"inLanguage\":\"pt-BR\",\"@id\":\"https:\/\/www.gaveanews.com\/#\/schema\/person\/image\/\",\"url\":\"https:\/\/secure.gravatar.com\/avatar\/d7231369fe48db93292b3e88eb2162dbd9a34a47a8437d9ef3bcaca2a86a83d7?s=96&d=mm&r=g\",\"contentUrl\":\"https:\/\/secure.gravatar.com\/avatar\/d7231369fe48db93292b3e88eb2162dbd9a34a47a8437d9ef3bcaca2a86a83d7?s=96&d=mm&r=g\",\"caption\":\"Andr\u00e9 Serra\"}}]}<\/script>\n<!-- \/ Yoast SEO Premium plugin. -->","yoast_head_json":{"title":"A declara\u00e7\u00e3o de Ronaldo direcionada \u00e0 Rog\u00e9rio Ceni, do Bahia","robots":{"index":"index","follow":"follow","max-snippet":"max-snippet:-1","max-image-preview":"max-image-preview:large","max-video-preview":"max-video-preview:-1"},"canonical":"https:\/\/www.gaveanews.com\/index.php\/2025\/03\/26\/a-declaracao-de-ronaldo-direcionada-a-rogerio-ceni-do-bahia\/","og_locale":"pt_BR","og_type":"article","og_title":"A declara\u00e7\u00e3o de Ronaldo direcionada \u00e0 Rog\u00e9rio Ceni, do Bahia","og_description":"&#8220;Muito honrado de poder conviver com ele&#8221;, falou o goleiro Nesta quarta-feira (26), o Bahia apresentou de forma oficial o goleiro Ronaldo, que soma passagem pelo rival Vit\u00f3ria. O arqueiro pertence ao Atl\u00e9tico-GO e chega por empr\u00e9stimo ao Tricolor de A\u00e7o por empr\u00e9stimo at\u00e9 o fim deste ano. Os primeiros passos de Ronaldo como atleta [&hellip;]","og_url":"https:\/\/www.gaveanews.com\/index.php\/2025\/03\/26\/a-declaracao-de-ronaldo-direcionada-a-rogerio-ceni-do-bahia\/","og_site_name":"G\u00e1vea News","article_publisher":"https:\/\/facebook.com\/gaveaNews\/","article_published_time":"2025-03-26T19:45:02+00:00","og_image":[{"width":984,"height":656,"url":"https:\/\/www.gaveanews.com\/wp-content\/uploads\/rogerio-ceni-bahia.webp","type":"image\/webp"}],"author":"Andr\u00e9 Serra","twitter_card":"summary_large_image","twitter_misc":{"Escrito por":"Andr\u00e9 Serra","Est. tempo de leitura":"3 minutos"},"schema":{"@context":"https:\/\/schema.org","@graph":[{"@type":"NewsArticle","@id":"https:\/\/www.gaveanews.com\/index.php\/2025\/03\/26\/a-declaracao-de-ronaldo-direcionada-a-rogerio-ceni-do-bahia\/#article","isPartOf":{"@id":"https:\/\/www.gaveanews.com\/index.php\/2025\/03\/26\/a-declaracao-de-ronaldo-direcionada-a-rogerio-ceni-do-bahia\/"},"author":{"name":"Andr\u00e9 Serra","@id":"https:\/\/www.gaveanews.com\/#\/schema\/person\/0277a79a1289c451c281ec0411d84f0c"},"headline":"A declara\u00e7\u00e3o de Ronaldo direcionada \u00e0 Rog\u00e9rio Ceni, do Bahia","datePublished":"2025-03-26T19:45:02+00:00","mainEntityOfPage":{"@id":"https:\/\/www.gaveanews.com\/index.php\/2025\/03\/26\/a-declaracao-de-ronaldo-direcionada-a-rogerio-ceni-do-bahia\/"},"wordCount":487,"commentCount":0,"image":{"@id":"https:\/\/www.gaveanews.com\/index.php\/2025\/03\/26\/a-declaracao-de-ronaldo-direcionada-a-rogerio-ceni-do-bahia\/#primaryimage"},"thumbnailUrl":"https:\/\/www.gaveanews.com\/wp-content\/uploads\/rogerio-ceni-bahia.webp","articleSection":["Bahia"],"inLanguage":"pt-BR","potentialAction":[{"@type":"CommentAction","name":"Comment","target":["https:\/\/www.gaveanews.com\/index.php\/2025\/03\/26\/a-declaracao-de-ronaldo-direcionada-a-rogerio-ceni-do-bahia\/#respond"]}],"copyrightYear":"2025","copyrightHolder":{"@id":"https:\/\/www.gaveanews.com\/#organization"}},{"@type":"WebPage","@id":"https:\/\/www.gaveanews.com\/index.php\/2025\/03\/26\/a-declaracao-de-ronaldo-direcionada-a-rogerio-ceni-do-bahia\/","url":"https:\/\/www.gaveanews.com\/index.php\/2025\/03\/26\/a-declaracao-de-ronaldo-direcionada-a-rogerio-ceni-do-bahia\/","name":"A declara\u00e7\u00e3o de Ronaldo direcionada \u00e0 Rog\u00e9rio Ceni, do Bahia","isPartOf":{"@id":"https:\/\/www.gaveanews.com\/#website"},"primaryImageOfPage":{"@id":"https:\/\/www.gaveanews.com\/index.php\/2025\/03\/26\/a-declaracao-de-ronaldo-direcionada-a-rogerio-ceni-do-bahia\/#primaryimage"},"image":{"@id":"https:\/\/www.gaveanews.com\/index.php\/2025\/03\/26\/a-declaracao-de-ronaldo-direcionada-a-rogerio-ceni-do-bahia\/#primaryimage"},"thumbnailUrl":"https:\/\/www.gaveanews.com\/wp-content\/uploads\/rogerio-ceni-bahia.webp","datePublished":"2025-03-26T19:45:02+00:00","author":{"@id":"https:\/\/www.gaveanews.com\/#\/schema\/person\/0277a79a1289c451c281ec0411d84f0c"},"breadcrumb":{"@id":"https:\/\/www.gaveanews.com\/index.php\/2025\/03\/26\/a-declaracao-de-ronaldo-direcionada-a-rogerio-ceni-do-bahia\/#breadcrumb"},"inLanguage":"pt-BR","potentialAction":[{"@type":"ReadAction","target":["https:\/\/www.gaveanews.com\/index.php\/2025\/03\/26\/a-declaracao-de-ronaldo-direcionada-a-rogerio-ceni-do-bahia\/"]}]},{"@type":"ImageObject","inLanguage":"pt-BR","@id":"https:\/\/www.gaveanews.com\/index.php\/2025\/03\/26\/a-declaracao-de-ronaldo-direcionada-a-rogerio-ceni-do-bahia\/#primaryimage","url":"https:\/\/www.gaveanews.com\/wp-content\/uploads\/rogerio-ceni-bahia.webp","contentUrl":"https:\/\/www.gaveanews.com\/wp-content\/uploads\/rogerio-ceni-bahia.webp","width":984,"height":656,"caption":"Rog\u00e9rio Ceni comanda treino do Bahia (Foto: Felipe Oliveira\/EC Bahia)"},{"@type":"BreadcrumbList","@id":"https:\/\/www.gaveanews.com\/index.php\/2025\/03\/26\/a-declaracao-de-ronaldo-direcionada-a-rogerio-ceni-do-bahia\/#breadcrumb","itemListElement":[{"@type":"ListItem","position":1,"name":"Home","item":"https:\/\/www.gaveanews.com\/"},{"@type":"ListItem","position":2,"name":"A declara\u00e7\u00e3o de Ronaldo direcionada \u00e0 Rog\u00e9rio Ceni, do Bahia"}]},{"@type":"WebSite","@id":"https:\/\/www.gaveanews.com\/#website","url":"https:\/\/www.gaveanews.com\/","name":"G\u00e1vea News","description":"Veja todas as not\u00edcias sobre o Flamengo: Contrata\u00e7\u00f5es, categorias de base, resultados das partidas, tabela de classifica\u00e7\u00e3o, pr\u00f3ximos jogos!","potentialAction":[{"@type":"SearchAction","target":{"@type":"EntryPoint","urlTemplate":"https:\/\/www.gaveanews.com\/?s={search_term_string}"},"query-input":{"@type":"PropertyValueSpecification","valueRequired":true,"valueName":"search_term_string"}}],"inLanguage":"pt-BR"},{"@type":"Person","@id":"https:\/\/www.gaveanews.com\/#\/schema\/person\/0277a79a1289c451c281ec0411d84f0c","name":"Andr\u00e9 Serra","image":{"@type":"ImageObject","inLanguage":"pt-BR","@id":"https:\/\/www.gaveanews.com\/#\/schema\/person\/image\/","url":"https:\/\/secure.gravatar.com\/avatar\/d7231369fe48db93292b3e88eb2162dbd9a34a47a8437d9ef3bcaca2a86a83d7?s=96&d=mm&r=g","contentUrl":"https:\/\/secure.gravatar.com\/avatar\/d7231369fe48db93292b3e88eb2162dbd9a34a47a8437d9ef3bcaca2a86a83d7?s=96&d=mm&r=g","caption":"Andr\u00e9 Serra"}}]}},"_links":{"self":[{"href":"https:\/\/www.gaveanews.com\/index.php\/wp-json\/wp\/v2\/posts\/244998","targetHints":{"allow":["GET"]}}],"collection":[{"href":"https:\/\/www.gaveanews.com\/index.php\/wp-json\/wp\/v2\/posts"}],"about":[{"href":"https:\/\/www.gaveanews.com\/index.php\/wp-json\/wp\/v2\/types\/post"}],"author":[{"embeddable":true,"href":"https:\/\/www.gaveanews.com\/index.php\/wp-json\/wp\/v2\/users\/21"}],"replies":[{"embeddable":true,"href":"https:\/\/www.gaveanews.com\/index.php\/wp-json\/wp\/v2\/comments?post=244998"}],"version-history":[{"count":1,"href":"https:\/\/www.gaveanews.com\/index.php\/wp-json\/wp\/v2\/posts\/244998\/revisions"}],"predecessor-version":[{"id":245018,"href":"https:\/\/www.gaveanews.com\/index.php\/wp-json\/wp\/v2\/posts\/244998\/revisions\/245018"}],"wp:featuredmedia":[{"embeddable":true,"href":"https:\/\/www.gaveanews.com\/index.php\/wp-json\/wp\/v2\/media\/148395"}],"wp:attachment":[{"href":"https:\/\/www.gaveanews.com\/index.php\/wp-json\/wp\/v2\/media?parent=244998"}],"wp:term":[{"taxonomy":"category","embeddable":true,"href":"https:\/\/www.gaveanews.com\/index.php\/wp-json\/wp\/v2\/categories?post=244998"},{"taxonomy":"post_tag","embeddable":true,"href":"https:\/\/www.gaveanews.com\/index.php\/wp-json\/wp\/v2\/tags?post=244998"}],"curies":[{"name":"wp","href":"https:\/\/api.w.org\/{rel}","templated":true}]}}