{"id":245009,"date":"2025-03-26T16:20:00","date_gmt":"2025-03-26T19:20:00","guid":{"rendered":"https:\/\/www.gaveanews.com\/?p=245009"},"modified":"2025-03-26T15:44:17","modified_gmt":"2025-03-26T18:44:17","slug":"treino-do-corinthians-e-marcado-por-desfalque-de-peso","status":"publish","type":"post","link":"https:\/\/www.gaveanews.com\/index.php\/2025\/03\/26\/treino-do-corinthians-e-marcado-por-desfalque-de-peso\/","title":{"rendered":"Treino do Corinthians \u00e9 marcado por desfalque de peso"},"content":{"rendered":"\n<p>O Corinthians se aproxima de um grande feito no Campeonato Paulista de 2025. Ap\u00f3s uma vit\u00f3ria importante por 1 a 0 sobre o Palmeiras na partida de ida da final, a equipe alvinegra tem a vantagem e est\u00e1 perto de garantir o t\u00edtulo estadual.&nbsp;<\/p>\n\n\n\n<p>Com gol de Yuri Alberto, o Tim\u00e3o deu um passo significativo rumo \u00e0 conquista, mas a prepara\u00e7\u00e3o para o segundo jogo n\u00e3o est\u00e1 livre de desafios.<\/p>\n\n\n\n<h2 class=\"wp-block-heading\" id=\"h-memphis-depay-ainda-nao-retornou-ao-brasil\">Memphis Depay ainda n\u00e3o retornou ao Brasil<\/h2>\n\n\n\n<figure class=\"wp-block-image size-large\"><img loading=\"lazy\" decoding=\"async\" width=\"1024\" height=\"683\" src=\"http:\/\/www.gaveanews.com\/wp-content\/uploads\/Memphis-Depay-com-a-camisa-do-Corinthians-em-2024-1-1024x683.webp\" alt=\"\" class=\"wp-image-167548\" srcset=\"https:\/\/www.gaveanews.com\/wp-content\/uploads\/Memphis-Depay-com-a-camisa-do-Corinthians-em-2024-1-1024x683.webp 1024w, https:\/\/www.gaveanews.com\/wp-content\/uploads\/Memphis-Depay-com-a-camisa-do-Corinthians-em-2024-1-300x200.webp 300w, https:\/\/www.gaveanews.com\/wp-content\/uploads\/Memphis-Depay-com-a-camisa-do-Corinthians-em-2024-1-768x512.webp 768w, https:\/\/www.gaveanews.com\/wp-content\/uploads\/Memphis-Depay-com-a-camisa-do-Corinthians-em-2024-1-630x420.webp 630w, https:\/\/www.gaveanews.com\/wp-content\/uploads\/Memphis-Depay-com-a-camisa-do-Corinthians-em-2024-1-640x427.webp 640w, https:\/\/www.gaveanews.com\/wp-content\/uploads\/Memphis-Depay-com-a-camisa-do-Corinthians-em-2024-1-681x454.webp 681w, https:\/\/www.gaveanews.com\/wp-content\/uploads\/Memphis-Depay-com-a-camisa-do-Corinthians-em-2024-1-100x67.webp 100w, https:\/\/www.gaveanews.com\/wp-content\/uploads\/Memphis-Depay-com-a-camisa-do-Corinthians-em-2024-1.webp 1182w\" sizes=\"auto, (max-width: 1024px) 100vw, 1024px\" \/><figcaption class=\"wp-element-caption\">Memphis Depay com a camisa do Corinthians em 2024 (Foto: Reprodu\u00e7\u00e3o\/Instagram)<\/figcaption><\/figure>\n\n\n\n<p>Com a vantagem no placar agregado, o Corinthians se prepara para o decisivo confronto contra o Palmeiras, que ocorrer\u00e1 na pr\u00f3xima quinta-feira (27), na Neo Qu\u00edmica Arena. No entanto, um desfalque de peso tem impactado os treinos do time: o atacante Memphis Depay, que estava com a Sele\u00e7\u00e3o Holandesa, ainda n\u00e3o chegou ao Brasil.&nbsp;<\/p>\n\n\n\n<p>Por isso, ele n\u00e3o esteve presente no treino desta ter\u00e7a-feira (25), o que deixou a comiss\u00e3o t\u00e9cnica com uma preocupa\u00e7\u00e3o adicional, j\u00e1 que a expectativa \u00e9 de que ele se reintegre ao elenco o mais r\u00e1pido poss\u00edvel.<\/p>\n\n\n\n<p>Vale destacar que Memphis, que tem sido fundamental nas vit\u00f3rias do Tim\u00e3o, \u00e9 um dos jogadores mais aguardados para o jogo de volta. A tend\u00eancia \u00e9 que o atacante chegue a S\u00e3o Paulo no final da noite ou na manh\u00e3 de quarta-feira (26) para se juntar aos companheiros de equipe.&nbsp;<\/p>\n\n\n\n<p>Dessa maneira, ele poder\u00e1 participar do \u00faltimo treino antes da grande decis\u00e3o, desde que passe pela avalia\u00e7\u00e3o f\u00edsica no Departamento M\u00e9dico do clube.<\/p>\n\n\n\n<h2 class=\"wp-block-heading\" id=\"h-retorno-ao-time-e-preparacao-para-a-decisao\">Retorno ao time e prepara\u00e7\u00e3o para a decis\u00e3o<\/h2>\n\n\n\n<p>Memphis Depay ter\u00e1 que ser avaliado fisicamente antes de ser reintegrado ao time. Com isso, a comiss\u00e3o t\u00e9cnica decidir\u00e1 se ele est\u00e1 apto a participar da prepara\u00e7\u00e3o final para o jogo de quinta-feira. O Corinthians segue com sua prepara\u00e7\u00e3o intensificada, principalmente por ter mais dias de descanso e treinos devido \u00e0 pausa para a Data Fifa.<\/p>\n\n\n\n<p>Com a vantagem e a expectativa de contar com Memphis, o Corinthians entra em campo determinado a conquistar o t\u00edtulo do Campeonato Paulista, mas sem perder de vista que a presen\u00e7a do atacante pode ser crucial para manter o n\u00edvel de desempenho elevado.&nbsp;<\/p>\n\n\n\n<p>Sendo assim, a equipe se prepara para a final com confian\u00e7a, esperando contar com todos os refor\u00e7os poss\u00edveis para garantir a ta\u00e7a.<\/p>\n","protected":false},"excerpt":{"rendered":"<p>O Corinthians se aproxima de um grande feito no Campeonato Paulista de 2025. Ap\u00f3s uma vit\u00f3ria importante por 1 a 0 sobre o Palmeiras na partida de ida da final, a equipe alvinegra tem a vantagem e est\u00e1 perto de garantir o t\u00edtulo estadual.&nbsp; Com gol de Yuri Alberto, o Tim\u00e3o deu um passo significativo [&hellip;]<\/p>\n","protected":false},"author":25,"featured_media":152536,"comment_status":"open","ping_status":"closed","sticky":false,"template":"","format":"standard","meta":{"footnotes":""},"categories":[141],"tags":[],"class_list":["post-245009","post","type-post","status-publish","format-standard","has-post-thumbnail","hentry","category-corinthians"],"yoast_head":"<!-- This site is optimized with the Yoast SEO Premium plugin v24.2 (Yoast SEO v26.9) - https:\/\/yoast.com\/product\/yoast-seo-premium-wordpress\/ -->\n<title>Treino do Corinthians \u00e9 marcado por desfalque de peso<\/title>\n<meta name=\"robots\" content=\"index, follow, max-snippet:-1, max-image-preview:large, max-video-preview:-1\" \/>\n<link rel=\"canonical\" href=\"https:\/\/www.gaveanews.com\/index.php\/2025\/03\/26\/treino-do-corinthians-e-marcado-por-desfalque-de-peso\/\" \/>\n<meta property=\"og:locale\" content=\"pt_BR\" \/>\n<meta property=\"og:type\" content=\"article\" \/>\n<meta property=\"og:title\" content=\"Treino do Corinthians \u00e9 marcado por desfalque de peso\" \/>\n<meta property=\"og:description\" content=\"O Corinthians se aproxima de um grande feito no Campeonato Paulista de 2025. Ap\u00f3s uma vit\u00f3ria importante por 1 a 0 sobre o Palmeiras na partida de ida da final, a equipe alvinegra tem a vantagem e est\u00e1 perto de garantir o t\u00edtulo estadual.&nbsp; Com gol de Yuri Alberto, o Tim\u00e3o deu um passo significativo [&hellip;]\" \/>\n<meta property=\"og:url\" content=\"https:\/\/www.gaveanews.com\/index.php\/2025\/03\/26\/treino-do-corinthians-e-marcado-por-desfalque-de-peso\/\" \/>\n<meta property=\"og:site_name\" content=\"G\u00e1vea News\" \/>\n<meta property=\"article:publisher\" content=\"https:\/\/facebook.com\/gaveaNews\/\" \/>\n<meta property=\"article:published_time\" content=\"2025-03-26T19:20:00+00:00\" \/>\n<meta property=\"og:image\" content=\"https:\/\/www.gaveanews.com\/wp-content\/uploads\/Ramon-Diaz-pelo-Corinthians-em-2024.webp\" \/>\n\t<meta property=\"og:image:width\" content=\"1346\" \/>\n\t<meta property=\"og:image:height\" content=\"1009\" \/>\n\t<meta property=\"og:image:type\" content=\"image\/webp\" \/>\n<meta name=\"author\" content=\"Rafaela Ladeira\" \/>\n<meta name=\"twitter:card\" content=\"summary_large_image\" \/>\n<meta name=\"twitter:label1\" content=\"Escrito por\" \/>\n\t<meta name=\"twitter:data1\" content=\"Rafaela Ladeira\" \/>\n\t<meta name=\"twitter:label2\" content=\"Est. tempo de leitura\" \/>\n\t<meta name=\"twitter:data2\" content=\"3 minutos\" \/>\n<script type=\"application\/ld+json\" class=\"yoast-schema-graph\">{\"@context\":\"https:\/\/schema.org\",\"@graph\":[{\"@type\":\"NewsArticle\",\"@id\":\"https:\/\/www.gaveanews.com\/index.php\/2025\/03\/26\/treino-do-corinthians-e-marcado-por-desfalque-de-peso\/#article\",\"isPartOf\":{\"@id\":\"https:\/\/www.gaveanews.com\/index.php\/2025\/03\/26\/treino-do-corinthians-e-marcado-por-desfalque-de-peso\/\"},\"author\":{\"name\":\"Rafaela Ladeira\",\"@id\":\"https:\/\/www.gaveanews.com\/#\/schema\/person\/0eb3e3fe1754f0205218538adbe8f5ed\"},\"headline\":\"Treino do Corinthians \u00e9 marcado por desfalque de peso\",\"datePublished\":\"2025-03-26T19:20:00+00:00\",\"mainEntityOfPage\":{\"@id\":\"https:\/\/www.gaveanews.com\/index.php\/2025\/03\/26\/treino-do-corinthians-e-marcado-por-desfalque-de-peso\/\"},\"wordCount\":422,\"commentCount\":0,\"image\":{\"@id\":\"https:\/\/www.gaveanews.com\/index.php\/2025\/03\/26\/treino-do-corinthians-e-marcado-por-desfalque-de-peso\/#primaryimage\"},\"thumbnailUrl\":\"https:\/\/www.gaveanews.com\/wp-content\/uploads\/Ramon-Diaz-pelo-Corinthians-em-2024.webp\",\"articleSection\":[\"Corinthians\"],\"inLanguage\":\"pt-BR\",\"potentialAction\":[{\"@type\":\"CommentAction\",\"name\":\"Comment\",\"target\":[\"https:\/\/www.gaveanews.com\/index.php\/2025\/03\/26\/treino-do-corinthians-e-marcado-por-desfalque-de-peso\/#respond\"]}],\"copyrightYear\":\"2025\",\"copyrightHolder\":{\"@id\":\"https:\/\/www.gaveanews.com\/#organization\"}},{\"@type\":\"WebPage\",\"@id\":\"https:\/\/www.gaveanews.com\/index.php\/2025\/03\/26\/treino-do-corinthians-e-marcado-por-desfalque-de-peso\/\",\"url\":\"https:\/\/www.gaveanews.com\/index.php\/2025\/03\/26\/treino-do-corinthians-e-marcado-por-desfalque-de-peso\/\",\"name\":\"Treino do Corinthians \u00e9 marcado por desfalque de peso\",\"isPartOf\":{\"@id\":\"https:\/\/www.gaveanews.com\/#website\"},\"primaryImageOfPage\":{\"@id\":\"https:\/\/www.gaveanews.com\/index.php\/2025\/03\/26\/treino-do-corinthians-e-marcado-por-desfalque-de-peso\/#primaryimage\"},\"image\":{\"@id\":\"https:\/\/www.gaveanews.com\/index.php\/2025\/03\/26\/treino-do-corinthians-e-marcado-por-desfalque-de-peso\/#primaryimage\"},\"thumbnailUrl\":\"https:\/\/www.gaveanews.com\/wp-content\/uploads\/Ramon-Diaz-pelo-Corinthians-em-2024.webp\",\"datePublished\":\"2025-03-26T19:20:00+00:00\",\"author\":{\"@id\":\"https:\/\/www.gaveanews.com\/#\/schema\/person\/0eb3e3fe1754f0205218538adbe8f5ed\"},\"breadcrumb\":{\"@id\":\"https:\/\/www.gaveanews.com\/index.php\/2025\/03\/26\/treino-do-corinthians-e-marcado-por-desfalque-de-peso\/#breadcrumb\"},\"inLanguage\":\"pt-BR\",\"potentialAction\":[{\"@type\":\"ReadAction\",\"target\":[\"https:\/\/www.gaveanews.com\/index.php\/2025\/03\/26\/treino-do-corinthians-e-marcado-por-desfalque-de-peso\/\"]}]},{\"@type\":\"ImageObject\",\"inLanguage\":\"pt-BR\",\"@id\":\"https:\/\/www.gaveanews.com\/index.php\/2025\/03\/26\/treino-do-corinthians-e-marcado-por-desfalque-de-peso\/#primaryimage\",\"url\":\"https:\/\/www.gaveanews.com\/wp-content\/uploads\/Ramon-Diaz-pelo-Corinthians-em-2024.webp\",\"contentUrl\":\"https:\/\/www.gaveanews.com\/wp-content\/uploads\/Ramon-Diaz-pelo-Corinthians-em-2024.webp\",\"width\":1346,\"height\":1009,\"caption\":\"Ram\u00f3n D\u00edaz pelo Corinthians em 2024 (Foto: Reprodu\u00e7\u00e3o\/Corinthians)\"},{\"@type\":\"BreadcrumbList\",\"@id\":\"https:\/\/www.gaveanews.com\/index.php\/2025\/03\/26\/treino-do-corinthians-e-marcado-por-desfalque-de-peso\/#breadcrumb\",\"itemListElement\":[{\"@type\":\"ListItem\",\"position\":1,\"name\":\"Home\",\"item\":\"https:\/\/www.gaveanews.com\/\"},{\"@type\":\"ListItem\",\"position\":2,\"name\":\"Treino do Corinthians \u00e9 marcado por desfalque de peso\"}]},{\"@type\":\"WebSite\",\"@id\":\"https:\/\/www.gaveanews.com\/#website\",\"url\":\"https:\/\/www.gaveanews.com\/\",\"name\":\"G\u00e1vea News\",\"description\":\"Veja todas as not\u00edcias sobre o Flamengo: Contrata\u00e7\u00f5es, categorias de base, resultados das partidas, tabela de classifica\u00e7\u00e3o, pr\u00f3ximos jogos!\",\"potentialAction\":[{\"@type\":\"SearchAction\",\"target\":{\"@type\":\"EntryPoint\",\"urlTemplate\":\"https:\/\/www.gaveanews.com\/?s={search_term_string}\"},\"query-input\":{\"@type\":\"PropertyValueSpecification\",\"valueRequired\":true,\"valueName\":\"search_term_string\"}}],\"inLanguage\":\"pt-BR\"},{\"@type\":\"Person\",\"@id\":\"https:\/\/www.gaveanews.com\/#\/schema\/person\/0eb3e3fe1754f0205218538adbe8f5ed\",\"name\":\"Rafaela Ladeira\",\"image\":{\"@type\":\"ImageObject\",\"inLanguage\":\"pt-BR\",\"@id\":\"https:\/\/www.gaveanews.com\/#\/schema\/person\/image\/\",\"url\":\"https:\/\/secure.gravatar.com\/avatar\/c31f513acffd85eacab5730cbdfdbbf59f21ba5aeada8cd890acea879fbb2455?s=96&d=mm&r=g\",\"contentUrl\":\"https:\/\/secure.gravatar.com\/avatar\/c31f513acffd85eacab5730cbdfdbbf59f21ba5aeada8cd890acea879fbb2455?s=96&d=mm&r=g\",\"caption\":\"Rafaela Ladeira\"}}]}<\/script>\n<!-- \/ Yoast SEO Premium plugin. -->","yoast_head_json":{"title":"Treino do Corinthians \u00e9 marcado por desfalque de peso","robots":{"index":"index","follow":"follow","max-snippet":"max-snippet:-1","max-image-preview":"max-image-preview:large","max-video-preview":"max-video-preview:-1"},"canonical":"https:\/\/www.gaveanews.com\/index.php\/2025\/03\/26\/treino-do-corinthians-e-marcado-por-desfalque-de-peso\/","og_locale":"pt_BR","og_type":"article","og_title":"Treino do Corinthians \u00e9 marcado por desfalque de peso","og_description":"O Corinthians se aproxima de um grande feito no Campeonato Paulista de 2025. Ap\u00f3s uma vit\u00f3ria importante por 1 a 0 sobre o Palmeiras na partida de ida da final, a equipe alvinegra tem a vantagem e est\u00e1 perto de garantir o t\u00edtulo estadual.&nbsp; Com gol de Yuri Alberto, o Tim\u00e3o deu um passo significativo [&hellip;]","og_url":"https:\/\/www.gaveanews.com\/index.php\/2025\/03\/26\/treino-do-corinthians-e-marcado-por-desfalque-de-peso\/","og_site_name":"G\u00e1vea News","article_publisher":"https:\/\/facebook.com\/gaveaNews\/","article_published_time":"2025-03-26T19:20:00+00:00","og_image":[{"width":1346,"height":1009,"url":"https:\/\/www.gaveanews.com\/wp-content\/uploads\/Ramon-Diaz-pelo-Corinthians-em-2024.webp","type":"image\/webp"}],"author":"Rafaela Ladeira","twitter_card":"summary_large_image","twitter_misc":{"Escrito por":"Rafaela Ladeira","Est. tempo de leitura":"3 minutos"},"schema":{"@context":"https:\/\/schema.org","@graph":[{"@type":"NewsArticle","@id":"https:\/\/www.gaveanews.com\/index.php\/2025\/03\/26\/treino-do-corinthians-e-marcado-por-desfalque-de-peso\/#article","isPartOf":{"@id":"https:\/\/www.gaveanews.com\/index.php\/2025\/03\/26\/treino-do-corinthians-e-marcado-por-desfalque-de-peso\/"},"author":{"name":"Rafaela Ladeira","@id":"https:\/\/www.gaveanews.com\/#\/schema\/person\/0eb3e3fe1754f0205218538adbe8f5ed"},"headline":"Treino do Corinthians \u00e9 marcado por desfalque de peso","datePublished":"2025-03-26T19:20:00+00:00","mainEntityOfPage":{"@id":"https:\/\/www.gaveanews.com\/index.php\/2025\/03\/26\/treino-do-corinthians-e-marcado-por-desfalque-de-peso\/"},"wordCount":422,"commentCount":0,"image":{"@id":"https:\/\/www.gaveanews.com\/index.php\/2025\/03\/26\/treino-do-corinthians-e-marcado-por-desfalque-de-peso\/#primaryimage"},"thumbnailUrl":"https:\/\/www.gaveanews.com\/wp-content\/uploads\/Ramon-Diaz-pelo-Corinthians-em-2024.webp","articleSection":["Corinthians"],"inLanguage":"pt-BR","potentialAction":[{"@type":"CommentAction","name":"Comment","target":["https:\/\/www.gaveanews.com\/index.php\/2025\/03\/26\/treino-do-corinthians-e-marcado-por-desfalque-de-peso\/#respond"]}],"copyrightYear":"2025","copyrightHolder":{"@id":"https:\/\/www.gaveanews.com\/#organization"}},{"@type":"WebPage","@id":"https:\/\/www.gaveanews.com\/index.php\/2025\/03\/26\/treino-do-corinthians-e-marcado-por-desfalque-de-peso\/","url":"https:\/\/www.gaveanews.com\/index.php\/2025\/03\/26\/treino-do-corinthians-e-marcado-por-desfalque-de-peso\/","name":"Treino do Corinthians \u00e9 marcado por desfalque de peso","isPartOf":{"@id":"https:\/\/www.gaveanews.com\/#website"},"primaryImageOfPage":{"@id":"https:\/\/www.gaveanews.com\/index.php\/2025\/03\/26\/treino-do-corinthians-e-marcado-por-desfalque-de-peso\/#primaryimage"},"image":{"@id":"https:\/\/www.gaveanews.com\/index.php\/2025\/03\/26\/treino-do-corinthians-e-marcado-por-desfalque-de-peso\/#primaryimage"},"thumbnailUrl":"https:\/\/www.gaveanews.com\/wp-content\/uploads\/Ramon-Diaz-pelo-Corinthians-em-2024.webp","datePublished":"2025-03-26T19:20:00+00:00","author":{"@id":"https:\/\/www.gaveanews.com\/#\/schema\/person\/0eb3e3fe1754f0205218538adbe8f5ed"},"breadcrumb":{"@id":"https:\/\/www.gaveanews.com\/index.php\/2025\/03\/26\/treino-do-corinthians-e-marcado-por-desfalque-de-peso\/#breadcrumb"},"inLanguage":"pt-BR","potentialAction":[{"@type":"ReadAction","target":["https:\/\/www.gaveanews.com\/index.php\/2025\/03\/26\/treino-do-corinthians-e-marcado-por-desfalque-de-peso\/"]}]},{"@type":"ImageObject","inLanguage":"pt-BR","@id":"https:\/\/www.gaveanews.com\/index.php\/2025\/03\/26\/treino-do-corinthians-e-marcado-por-desfalque-de-peso\/#primaryimage","url":"https:\/\/www.gaveanews.com\/wp-content\/uploads\/Ramon-Diaz-pelo-Corinthians-em-2024.webp","contentUrl":"https:\/\/www.gaveanews.com\/wp-content\/uploads\/Ramon-Diaz-pelo-Corinthians-em-2024.webp","width":1346,"height":1009,"caption":"Ram\u00f3n D\u00edaz pelo Corinthians em 2024 (Foto: Reprodu\u00e7\u00e3o\/Corinthians)"},{"@type":"BreadcrumbList","@id":"https:\/\/www.gaveanews.com\/index.php\/2025\/03\/26\/treino-do-corinthians-e-marcado-por-desfalque-de-peso\/#breadcrumb","itemListElement":[{"@type":"ListItem","position":1,"name":"Home","item":"https:\/\/www.gaveanews.com\/"},{"@type":"ListItem","position":2,"name":"Treino do Corinthians \u00e9 marcado por desfalque de peso"}]},{"@type":"WebSite","@id":"https:\/\/www.gaveanews.com\/#website","url":"https:\/\/www.gaveanews.com\/","name":"G\u00e1vea News","description":"Veja todas as not\u00edcias sobre o Flamengo: Contrata\u00e7\u00f5es, categorias de base, resultados das partidas, tabela de classifica\u00e7\u00e3o, pr\u00f3ximos jogos!","potentialAction":[{"@type":"SearchAction","target":{"@type":"EntryPoint","urlTemplate":"https:\/\/www.gaveanews.com\/?s={search_term_string}"},"query-input":{"@type":"PropertyValueSpecification","valueRequired":true,"valueName":"search_term_string"}}],"inLanguage":"pt-BR"},{"@type":"Person","@id":"https:\/\/www.gaveanews.com\/#\/schema\/person\/0eb3e3fe1754f0205218538adbe8f5ed","name":"Rafaela Ladeira","image":{"@type":"ImageObject","inLanguage":"pt-BR","@id":"https:\/\/www.gaveanews.com\/#\/schema\/person\/image\/","url":"https:\/\/secure.gravatar.com\/avatar\/c31f513acffd85eacab5730cbdfdbbf59f21ba5aeada8cd890acea879fbb2455?s=96&d=mm&r=g","contentUrl":"https:\/\/secure.gravatar.com\/avatar\/c31f513acffd85eacab5730cbdfdbbf59f21ba5aeada8cd890acea879fbb2455?s=96&d=mm&r=g","caption":"Rafaela Ladeira"}}]}},"_links":{"self":[{"href":"https:\/\/www.gaveanews.com\/index.php\/wp-json\/wp\/v2\/posts\/245009","targetHints":{"allow":["GET"]}}],"collection":[{"href":"https:\/\/www.gaveanews.com\/index.php\/wp-json\/wp\/v2\/posts"}],"about":[{"href":"https:\/\/www.gaveanews.com\/index.php\/wp-json\/wp\/v2\/types\/post"}],"author":[{"embeddable":true,"href":"https:\/\/www.gaveanews.com\/index.php\/wp-json\/wp\/v2\/users\/25"}],"replies":[{"embeddable":true,"href":"https:\/\/www.gaveanews.com\/index.php\/wp-json\/wp\/v2\/comments?post=245009"}],"version-history":[{"count":1,"href":"https:\/\/www.gaveanews.com\/index.php\/wp-json\/wp\/v2\/posts\/245009\/revisions"}],"predecessor-version":[{"id":245014,"href":"https:\/\/www.gaveanews.com\/index.php\/wp-json\/wp\/v2\/posts\/245009\/revisions\/245014"}],"wp:featuredmedia":[{"embeddable":true,"href":"https:\/\/www.gaveanews.com\/index.php\/wp-json\/wp\/v2\/media\/152536"}],"wp:attachment":[{"href":"https:\/\/www.gaveanews.com\/index.php\/wp-json\/wp\/v2\/media?parent=245009"}],"wp:term":[{"taxonomy":"category","embeddable":true,"href":"https:\/\/www.gaveanews.com\/index.php\/wp-json\/wp\/v2\/categories?post=245009"},{"taxonomy":"post_tag","embeddable":true,"href":"https:\/\/www.gaveanews.com\/index.php\/wp-json\/wp\/v2\/tags?post=245009"}],"curies":[{"name":"wp","href":"https:\/\/api.w.org\/{rel}","templated":true}]}}