{"id":245025,"date":"2025-03-26T17:15:00","date_gmt":"2025-03-26T20:15:00","guid":{"rendered":"https:\/\/www.gaveanews.com\/?p=245025"},"modified":"2025-03-26T16:07:52","modified_gmt":"2025-03-26T19:07:52","slug":"aviao-que-transportava-romero-do-corinthians-e-atingido-por-raio","status":"publish","type":"post","link":"https:\/\/www.gaveanews.com\/index.php\/2025\/03\/26\/aviao-que-transportava-romero-do-corinthians-e-atingido-por-raio\/","title":{"rendered":"Avi\u00e3o que transportava Romero, do Corinthians, \u00e9 atingido por raio"},"content":{"rendered":"\n<p>O atacante \u00c1ngel Romero, do Corinthians, teve sua reapresenta\u00e7\u00e3o ao clube comprometida por conta de um problema enfrentado durante o retorno a S\u00e3o Paulo. O jogador estava a caminho da capital paulista ap\u00f3s defender a sele\u00e7\u00e3o paraguaia, mas uma falha t\u00e9cnica em seu voo alterou os planos do clube para a tarde desta quarta-feira (26 de mar\u00e7o).<\/p>\n\n\n\n<p>Romero viajava em um avi\u00e3o fretado que partiu de Barranquilla, na Col\u00f4mbia, e fez escala em Manaus. Durante o trecho inicial da viagem, a aeronave enfrentou uma tempestade. No entanto, o contratempo maior ocorreu na tentativa de decolagem de Manaus para S\u00e3o Paulo, quando uma falha t\u00e9cnica foi identificada e a empresa a\u00e9rea optou por substituir o avi\u00e3o, o que ocasionou o atraso.<\/p>\n\n\n\n<p>De acordo com informa\u00e7\u00f5es apuradas, a situa\u00e7\u00e3o foi tratada com tranquilidade pelos ocupantes do voo. \u201cN\u00e3o houve p\u00e2nico, nem turbul\u00eancia severa. A troca do avi\u00e3o foi uma decis\u00e3o de seguran\u00e7a\u201d, relatou uma fonte ligada \u00e0 opera\u00e7\u00e3o do traslado. A medida, contudo, atrasou a programa\u00e7\u00e3o do Corinthians para a reapresenta\u00e7\u00e3o do atacante.<\/p>\n\n\n\n<p>Romero dividia o voo com o meio-campista Richard R\u00edos, do Palmeiras, em um acordo feito entre os dois clubes para facilitar o retorno dos atletas sul-americanos. Ambos foram advers\u00e1rios nas Eliminat\u00f3rias, e a log\u00edstica conjunta buscava minimizar o desgaste provocado pelas longas viagens internacionais.<\/p>\n\n\n\n<p>Conforme planejado inicialmente, Romero deveria se reapresentar ao Corinthians no final da tarde, a fim de iniciar os preparativos para o cl\u00e1ssico diante do Palmeiras, v\u00e1lido pelo Paulist\u00e3o. Entretanto, a altera\u00e7\u00e3o no cronograma obrigou o clube a ajustar parte das atividades previstas para o elenco.<\/p>\n\n\n\n<p>A comiss\u00e3o t\u00e9cnica do Corinthians acompanha de perto a situa\u00e7\u00e3o do paraguaio, que tem sido utilizado com regularidade no setor ofensivo da equipe. Apesar do contratempo, o clube n\u00e3o acredita que o atraso v\u00e1 comprometer sua participa\u00e7\u00e3o nos pr\u00f3ximos compromissos.<\/p>\n\n\n\n<p>A reapresenta\u00e7\u00e3o de Romero deve ocorrer ainda nesta quarta-feira, caso a substitui\u00e7\u00e3o da aeronave e a reorganiza\u00e7\u00e3o do voo ocorram dentro do prazo estimado pela empresa respons\u00e1vel.<\/p>\n","protected":false},"excerpt":{"rendered":"<p>O atacante \u00c1ngel Romero, do Corinthians, teve sua reapresenta\u00e7\u00e3o ao clube comprometida por conta de um problema enfrentado durante o retorno a S\u00e3o Paulo. O jogador estava a caminho da capital paulista ap\u00f3s defender a sele\u00e7\u00e3o paraguaia, mas uma falha t\u00e9cnica em seu voo alterou os planos do clube para a tarde desta quarta-feira (26 [&hellip;]<\/p>\n","protected":false},"author":27,"featured_media":153975,"comment_status":"open","ping_status":"closed","sticky":false,"template":"","format":"standard","meta":{"footnotes":""},"categories":[141],"tags":[],"class_list":["post-245025","post","type-post","status-publish","format-standard","has-post-thumbnail","hentry","category-corinthians"],"yoast_head":"<!-- This site is optimized with the Yoast SEO Premium plugin v24.2 (Yoast SEO v26.9) - https:\/\/yoast.com\/product\/yoast-seo-premium-wordpress\/ -->\n<title>Avi\u00e3o que transportava Romero, do Corinthians, \u00e9 atingido por raio<\/title>\n<meta name=\"robots\" content=\"index, follow, max-snippet:-1, max-image-preview:large, max-video-preview:-1\" \/>\n<link rel=\"canonical\" href=\"https:\/\/www.gaveanews.com\/index.php\/2025\/03\/26\/aviao-que-transportava-romero-do-corinthians-e-atingido-por-raio\/\" \/>\n<meta property=\"og:locale\" content=\"pt_BR\" \/>\n<meta property=\"og:type\" content=\"article\" \/>\n<meta property=\"og:title\" content=\"Avi\u00e3o que transportava Romero, do Corinthians, \u00e9 atingido por raio\" \/>\n<meta property=\"og:description\" content=\"O atacante \u00c1ngel Romero, do Corinthians, teve sua reapresenta\u00e7\u00e3o ao clube comprometida por conta de um problema enfrentado durante o retorno a S\u00e3o Paulo. O jogador estava a caminho da capital paulista ap\u00f3s defender a sele\u00e7\u00e3o paraguaia, mas uma falha t\u00e9cnica em seu voo alterou os planos do clube para a tarde desta quarta-feira (26 [&hellip;]\" \/>\n<meta property=\"og:url\" content=\"https:\/\/www.gaveanews.com\/index.php\/2025\/03\/26\/aviao-que-transportava-romero-do-corinthians-e-atingido-por-raio\/\" \/>\n<meta property=\"og:site_name\" content=\"G\u00e1vea News\" \/>\n<meta property=\"article:publisher\" content=\"https:\/\/facebook.com\/gaveaNews\/\" \/>\n<meta property=\"article:published_time\" content=\"2025-03-26T20:15:00+00:00\" \/>\n<meta property=\"og:image\" content=\"https:\/\/www.gaveanews.com\/wp-content\/uploads\/Angel-Rodrigo-Romero-com-a-camisa-do-Corinthians-em-2024.webp\" \/>\n\t<meta property=\"og:image:width\" content=\"1242\" \/>\n\t<meta property=\"og:image:height\" content=\"1216\" \/>\n\t<meta property=\"og:image:type\" content=\"image\/jpeg\" \/>\n<meta name=\"author\" content=\"Matheus Felipe\" \/>\n<meta name=\"twitter:card\" content=\"summary_large_image\" \/>\n<meta name=\"twitter:label1\" content=\"Escrito por\" \/>\n\t<meta name=\"twitter:data1\" content=\"Matheus Felipe\" \/>\n\t<meta name=\"twitter:label2\" content=\"Est. tempo de leitura\" \/>\n\t<meta name=\"twitter:data2\" content=\"3 minutos\" \/>\n<script type=\"application\/ld+json\" class=\"yoast-schema-graph\">{\"@context\":\"https:\/\/schema.org\",\"@graph\":[{\"@type\":\"NewsArticle\",\"@id\":\"https:\/\/www.gaveanews.com\/index.php\/2025\/03\/26\/aviao-que-transportava-romero-do-corinthians-e-atingido-por-raio\/#article\",\"isPartOf\":{\"@id\":\"https:\/\/www.gaveanews.com\/index.php\/2025\/03\/26\/aviao-que-transportava-romero-do-corinthians-e-atingido-por-raio\/\"},\"author\":{\"name\":\"Matheus Felipe\",\"@id\":\"https:\/\/www.gaveanews.com\/#\/schema\/person\/8207cd4627f56151707418bfc835b2fb\"},\"headline\":\"Avi\u00e3o que transportava Romero, do Corinthians, \u00e9 atingido por raio\",\"datePublished\":\"2025-03-26T20:15:00+00:00\",\"mainEntityOfPage\":{\"@id\":\"https:\/\/www.gaveanews.com\/index.php\/2025\/03\/26\/aviao-que-transportava-romero-do-corinthians-e-atingido-por-raio\/\"},\"wordCount\":376,\"commentCount\":0,\"image\":{\"@id\":\"https:\/\/www.gaveanews.com\/index.php\/2025\/03\/26\/aviao-que-transportava-romero-do-corinthians-e-atingido-por-raio\/#primaryimage\"},\"thumbnailUrl\":\"https:\/\/www.gaveanews.com\/wp-content\/uploads\/Angel-Rodrigo-Romero-com-a-camisa-do-Corinthians-em-2024.webp\",\"articleSection\":[\"Corinthians\"],\"inLanguage\":\"pt-BR\",\"potentialAction\":[{\"@type\":\"CommentAction\",\"name\":\"Comment\",\"target\":[\"https:\/\/www.gaveanews.com\/index.php\/2025\/03\/26\/aviao-que-transportava-romero-do-corinthians-e-atingido-por-raio\/#respond\"]}],\"copyrightYear\":\"2025\",\"copyrightHolder\":{\"@id\":\"https:\/\/www.gaveanews.com\/#organization\"}},{\"@type\":\"WebPage\",\"@id\":\"https:\/\/www.gaveanews.com\/index.php\/2025\/03\/26\/aviao-que-transportava-romero-do-corinthians-e-atingido-por-raio\/\",\"url\":\"https:\/\/www.gaveanews.com\/index.php\/2025\/03\/26\/aviao-que-transportava-romero-do-corinthians-e-atingido-por-raio\/\",\"name\":\"Avi\u00e3o que transportava Romero, do Corinthians, \u00e9 atingido por raio\",\"isPartOf\":{\"@id\":\"https:\/\/www.gaveanews.com\/#website\"},\"primaryImageOfPage\":{\"@id\":\"https:\/\/www.gaveanews.com\/index.php\/2025\/03\/26\/aviao-que-transportava-romero-do-corinthians-e-atingido-por-raio\/#primaryimage\"},\"image\":{\"@id\":\"https:\/\/www.gaveanews.com\/index.php\/2025\/03\/26\/aviao-que-transportava-romero-do-corinthians-e-atingido-por-raio\/#primaryimage\"},\"thumbnailUrl\":\"https:\/\/www.gaveanews.com\/wp-content\/uploads\/Angel-Rodrigo-Romero-com-a-camisa-do-Corinthians-em-2024.webp\",\"datePublished\":\"2025-03-26T20:15:00+00:00\",\"author\":{\"@id\":\"https:\/\/www.gaveanews.com\/#\/schema\/person\/8207cd4627f56151707418bfc835b2fb\"},\"breadcrumb\":{\"@id\":\"https:\/\/www.gaveanews.com\/index.php\/2025\/03\/26\/aviao-que-transportava-romero-do-corinthians-e-atingido-por-raio\/#breadcrumb\"},\"inLanguage\":\"pt-BR\",\"potentialAction\":[{\"@type\":\"ReadAction\",\"target\":[\"https:\/\/www.gaveanews.com\/index.php\/2025\/03\/26\/aviao-que-transportava-romero-do-corinthians-e-atingido-por-raio\/\"]}]},{\"@type\":\"ImageObject\",\"inLanguage\":\"pt-BR\",\"@id\":\"https:\/\/www.gaveanews.com\/index.php\/2025\/03\/26\/aviao-que-transportava-romero-do-corinthians-e-atingido-por-raio\/#primaryimage\",\"url\":\"https:\/\/www.gaveanews.com\/wp-content\/uploads\/Angel-Rodrigo-Romero-com-a-camisa-do-Corinthians-em-2024.webp\",\"contentUrl\":\"https:\/\/www.gaveanews.com\/wp-content\/uploads\/Angel-Rodrigo-Romero-com-a-camisa-do-Corinthians-em-2024.webp\",\"width\":1242,\"height\":1216,\"caption\":\"\u00c1ngel Rodrigo Romero com a camisa do Corinthians em 2024 (Foto: Reprodu\u00e7\u00e3o\/Corinthians)\"},{\"@type\":\"BreadcrumbList\",\"@id\":\"https:\/\/www.gaveanews.com\/index.php\/2025\/03\/26\/aviao-que-transportava-romero-do-corinthians-e-atingido-por-raio\/#breadcrumb\",\"itemListElement\":[{\"@type\":\"ListItem\",\"position\":1,\"name\":\"Home\",\"item\":\"https:\/\/www.gaveanews.com\/\"},{\"@type\":\"ListItem\",\"position\":2,\"name\":\"Avi\u00e3o que transportava Romero, do Corinthians, \u00e9 atingido por raio\"}]},{\"@type\":\"WebSite\",\"@id\":\"https:\/\/www.gaveanews.com\/#website\",\"url\":\"https:\/\/www.gaveanews.com\/\",\"name\":\"G\u00e1vea News\",\"description\":\"Veja todas as not\u00edcias sobre o Flamengo: Contrata\u00e7\u00f5es, categorias de base, resultados das partidas, tabela de classifica\u00e7\u00e3o, pr\u00f3ximos jogos!\",\"potentialAction\":[{\"@type\":\"SearchAction\",\"target\":{\"@type\":\"EntryPoint\",\"urlTemplate\":\"https:\/\/www.gaveanews.com\/?s={search_term_string}\"},\"query-input\":{\"@type\":\"PropertyValueSpecification\",\"valueRequired\":true,\"valueName\":\"search_term_string\"}}],\"inLanguage\":\"pt-BR\"},{\"@type\":\"Person\",\"@id\":\"https:\/\/www.gaveanews.com\/#\/schema\/person\/8207cd4627f56151707418bfc835b2fb\",\"name\":\"Matheus Felipe\",\"image\":{\"@type\":\"ImageObject\",\"inLanguage\":\"pt-BR\",\"@id\":\"https:\/\/www.gaveanews.com\/#\/schema\/person\/image\/\",\"url\":\"https:\/\/secure.gravatar.com\/avatar\/a452ffbed9130f726358b298bb3a99ce4bd3c5338411f8440e87e14d74c7c087?s=96&d=mm&r=g\",\"contentUrl\":\"https:\/\/secure.gravatar.com\/avatar\/a452ffbed9130f726358b298bb3a99ce4bd3c5338411f8440e87e14d74c7c087?s=96&d=mm&r=g\",\"caption\":\"Matheus Felipe\"}}]}<\/script>\n<!-- \/ Yoast SEO Premium plugin. -->","yoast_head_json":{"title":"Avi\u00e3o que transportava Romero, do Corinthians, \u00e9 atingido por raio","robots":{"index":"index","follow":"follow","max-snippet":"max-snippet:-1","max-image-preview":"max-image-preview:large","max-video-preview":"max-video-preview:-1"},"canonical":"https:\/\/www.gaveanews.com\/index.php\/2025\/03\/26\/aviao-que-transportava-romero-do-corinthians-e-atingido-por-raio\/","og_locale":"pt_BR","og_type":"article","og_title":"Avi\u00e3o que transportava Romero, do Corinthians, \u00e9 atingido por raio","og_description":"O atacante \u00c1ngel Romero, do Corinthians, teve sua reapresenta\u00e7\u00e3o ao clube comprometida por conta de um problema enfrentado durante o retorno a S\u00e3o Paulo. O jogador estava a caminho da capital paulista ap\u00f3s defender a sele\u00e7\u00e3o paraguaia, mas uma falha t\u00e9cnica em seu voo alterou os planos do clube para a tarde desta quarta-feira (26 [&hellip;]","og_url":"https:\/\/www.gaveanews.com\/index.php\/2025\/03\/26\/aviao-que-transportava-romero-do-corinthians-e-atingido-por-raio\/","og_site_name":"G\u00e1vea News","article_publisher":"https:\/\/facebook.com\/gaveaNews\/","article_published_time":"2025-03-26T20:15:00+00:00","og_image":[{"width":1242,"height":1216,"url":"https:\/\/www.gaveanews.com\/wp-content\/uploads\/Angel-Rodrigo-Romero-com-a-camisa-do-Corinthians-em-2024.webp","type":"image\/jpeg"}],"author":"Matheus Felipe","twitter_card":"summary_large_image","twitter_misc":{"Escrito por":"Matheus Felipe","Est. tempo de leitura":"3 minutos"},"schema":{"@context":"https:\/\/schema.org","@graph":[{"@type":"NewsArticle","@id":"https:\/\/www.gaveanews.com\/index.php\/2025\/03\/26\/aviao-que-transportava-romero-do-corinthians-e-atingido-por-raio\/#article","isPartOf":{"@id":"https:\/\/www.gaveanews.com\/index.php\/2025\/03\/26\/aviao-que-transportava-romero-do-corinthians-e-atingido-por-raio\/"},"author":{"name":"Matheus Felipe","@id":"https:\/\/www.gaveanews.com\/#\/schema\/person\/8207cd4627f56151707418bfc835b2fb"},"headline":"Avi\u00e3o que transportava Romero, do Corinthians, \u00e9 atingido por raio","datePublished":"2025-03-26T20:15:00+00:00","mainEntityOfPage":{"@id":"https:\/\/www.gaveanews.com\/index.php\/2025\/03\/26\/aviao-que-transportava-romero-do-corinthians-e-atingido-por-raio\/"},"wordCount":376,"commentCount":0,"image":{"@id":"https:\/\/www.gaveanews.com\/index.php\/2025\/03\/26\/aviao-que-transportava-romero-do-corinthians-e-atingido-por-raio\/#primaryimage"},"thumbnailUrl":"https:\/\/www.gaveanews.com\/wp-content\/uploads\/Angel-Rodrigo-Romero-com-a-camisa-do-Corinthians-em-2024.webp","articleSection":["Corinthians"],"inLanguage":"pt-BR","potentialAction":[{"@type":"CommentAction","name":"Comment","target":["https:\/\/www.gaveanews.com\/index.php\/2025\/03\/26\/aviao-que-transportava-romero-do-corinthians-e-atingido-por-raio\/#respond"]}],"copyrightYear":"2025","copyrightHolder":{"@id":"https:\/\/www.gaveanews.com\/#organization"}},{"@type":"WebPage","@id":"https:\/\/www.gaveanews.com\/index.php\/2025\/03\/26\/aviao-que-transportava-romero-do-corinthians-e-atingido-por-raio\/","url":"https:\/\/www.gaveanews.com\/index.php\/2025\/03\/26\/aviao-que-transportava-romero-do-corinthians-e-atingido-por-raio\/","name":"Avi\u00e3o que transportava Romero, do Corinthians, \u00e9 atingido por raio","isPartOf":{"@id":"https:\/\/www.gaveanews.com\/#website"},"primaryImageOfPage":{"@id":"https:\/\/www.gaveanews.com\/index.php\/2025\/03\/26\/aviao-que-transportava-romero-do-corinthians-e-atingido-por-raio\/#primaryimage"},"image":{"@id":"https:\/\/www.gaveanews.com\/index.php\/2025\/03\/26\/aviao-que-transportava-romero-do-corinthians-e-atingido-por-raio\/#primaryimage"},"thumbnailUrl":"https:\/\/www.gaveanews.com\/wp-content\/uploads\/Angel-Rodrigo-Romero-com-a-camisa-do-Corinthians-em-2024.webp","datePublished":"2025-03-26T20:15:00+00:00","author":{"@id":"https:\/\/www.gaveanews.com\/#\/schema\/person\/8207cd4627f56151707418bfc835b2fb"},"breadcrumb":{"@id":"https:\/\/www.gaveanews.com\/index.php\/2025\/03\/26\/aviao-que-transportava-romero-do-corinthians-e-atingido-por-raio\/#breadcrumb"},"inLanguage":"pt-BR","potentialAction":[{"@type":"ReadAction","target":["https:\/\/www.gaveanews.com\/index.php\/2025\/03\/26\/aviao-que-transportava-romero-do-corinthians-e-atingido-por-raio\/"]}]},{"@type":"ImageObject","inLanguage":"pt-BR","@id":"https:\/\/www.gaveanews.com\/index.php\/2025\/03\/26\/aviao-que-transportava-romero-do-corinthians-e-atingido-por-raio\/#primaryimage","url":"https:\/\/www.gaveanews.com\/wp-content\/uploads\/Angel-Rodrigo-Romero-com-a-camisa-do-Corinthians-em-2024.webp","contentUrl":"https:\/\/www.gaveanews.com\/wp-content\/uploads\/Angel-Rodrigo-Romero-com-a-camisa-do-Corinthians-em-2024.webp","width":1242,"height":1216,"caption":"\u00c1ngel Rodrigo Romero com a camisa do Corinthians em 2024 (Foto: Reprodu\u00e7\u00e3o\/Corinthians)"},{"@type":"BreadcrumbList","@id":"https:\/\/www.gaveanews.com\/index.php\/2025\/03\/26\/aviao-que-transportava-romero-do-corinthians-e-atingido-por-raio\/#breadcrumb","itemListElement":[{"@type":"ListItem","position":1,"name":"Home","item":"https:\/\/www.gaveanews.com\/"},{"@type":"ListItem","position":2,"name":"Avi\u00e3o que transportava Romero, do Corinthians, \u00e9 atingido por raio"}]},{"@type":"WebSite","@id":"https:\/\/www.gaveanews.com\/#website","url":"https:\/\/www.gaveanews.com\/","name":"G\u00e1vea News","description":"Veja todas as not\u00edcias sobre o Flamengo: Contrata\u00e7\u00f5es, categorias de base, resultados das partidas, tabela de classifica\u00e7\u00e3o, pr\u00f3ximos jogos!","potentialAction":[{"@type":"SearchAction","target":{"@type":"EntryPoint","urlTemplate":"https:\/\/www.gaveanews.com\/?s={search_term_string}"},"query-input":{"@type":"PropertyValueSpecification","valueRequired":true,"valueName":"search_term_string"}}],"inLanguage":"pt-BR"},{"@type":"Person","@id":"https:\/\/www.gaveanews.com\/#\/schema\/person\/8207cd4627f56151707418bfc835b2fb","name":"Matheus Felipe","image":{"@type":"ImageObject","inLanguage":"pt-BR","@id":"https:\/\/www.gaveanews.com\/#\/schema\/person\/image\/","url":"https:\/\/secure.gravatar.com\/avatar\/a452ffbed9130f726358b298bb3a99ce4bd3c5338411f8440e87e14d74c7c087?s=96&d=mm&r=g","contentUrl":"https:\/\/secure.gravatar.com\/avatar\/a452ffbed9130f726358b298bb3a99ce4bd3c5338411f8440e87e14d74c7c087?s=96&d=mm&r=g","caption":"Matheus Felipe"}}]}},"_links":{"self":[{"href":"https:\/\/www.gaveanews.com\/index.php\/wp-json\/wp\/v2\/posts\/245025","targetHints":{"allow":["GET"]}}],"collection":[{"href":"https:\/\/www.gaveanews.com\/index.php\/wp-json\/wp\/v2\/posts"}],"about":[{"href":"https:\/\/www.gaveanews.com\/index.php\/wp-json\/wp\/v2\/types\/post"}],"author":[{"embeddable":true,"href":"https:\/\/www.gaveanews.com\/index.php\/wp-json\/wp\/v2\/users\/27"}],"replies":[{"embeddable":true,"href":"https:\/\/www.gaveanews.com\/index.php\/wp-json\/wp\/v2\/comments?post=245025"}],"version-history":[{"count":1,"href":"https:\/\/www.gaveanews.com\/index.php\/wp-json\/wp\/v2\/posts\/245025\/revisions"}],"predecessor-version":[{"id":245027,"href":"https:\/\/www.gaveanews.com\/index.php\/wp-json\/wp\/v2\/posts\/245025\/revisions\/245027"}],"wp:featuredmedia":[{"embeddable":true,"href":"https:\/\/www.gaveanews.com\/index.php\/wp-json\/wp\/v2\/media\/153975"}],"wp:attachment":[{"href":"https:\/\/www.gaveanews.com\/index.php\/wp-json\/wp\/v2\/media?parent=245025"}],"wp:term":[{"taxonomy":"category","embeddable":true,"href":"https:\/\/www.gaveanews.com\/index.php\/wp-json\/wp\/v2\/categories?post=245025"},{"taxonomy":"post_tag","embeddable":true,"href":"https:\/\/www.gaveanews.com\/index.php\/wp-json\/wp\/v2\/tags?post=245025"}],"curies":[{"name":"wp","href":"https:\/\/api.w.org\/{rel}","templated":true}]}}