{"id":245028,"date":"2025-03-26T17:20:00","date_gmt":"2025-03-26T20:20:00","guid":{"rendered":"https:\/\/www.gaveanews.com\/?p=245028"},"modified":"2025-03-26T16:10:11","modified_gmt":"2025-03-26T19:10:11","slug":"alan-patrick-roger-machado-vitao-victor-gabriel-fernando-bernabei-anthoni-braithwaite-daniel-jadson-jean-carlos-galego-a-selecao-do-campeonato-gaucho","status":"publish","type":"post","link":"https:\/\/www.gaveanews.com\/index.php\/2025\/03\/26\/alan-patrick-roger-machado-vitao-victor-gabriel-fernando-bernabei-anthoni-braithwaite-daniel-jadson-jean-carlos-galego-a-selecao-do-campeonato-gaucho\/","title":{"rendered":"Alan Patrick, Roger Machado, Vit\u00e3o, Victor Gabriel, Fernando, Bernabei, Anthoni, Braithwaite, Daniel, Jadson, Jean Carlos, Galego: a sele\u00e7\u00e3o do Campeonato Ga\u00facho"},"content":{"rendered":"\n<p>Na \u00faltima quarta-feira (26), a Federa\u00e7\u00e3o Ga\u00facha de Futebol (FGF) revelou os nomes dos melhores do Gauch\u00e3o Superbet 2025, um campeonato marcado pela disputa acirrada e pela alta qualidade t\u00e9cnica das equipes.&nbsp;<\/p>\n\n\n\n<p>A sele\u00e7\u00e3o foi escolhida por jornalistas especializados e associados da Associa\u00e7\u00e3o dos Cronistas Esportivos Ga\u00fachos (ACEG), que apontaram os destaques nas posi\u00e7\u00f5es de jogadores, treinadores, dirigentes e arbitragem.&nbsp;<\/p>\n\n\n\n<p>Al\u00e9m disso, os pr\u00eamios individuais como craque e artilheiro da competi\u00e7\u00e3o tamb\u00e9m foram entregues, refletindo o talento que brilhou nos gramados ga\u00fachos.<\/p>\n\n\n\n<h2 class=\"wp-block-heading\" id=\"h-internacional-leva-a-melhor-com-um-dominio-absoluto\">Internacional leva a melhor com um dom\u00ednio absoluto<\/h2>\n\n\n\n<figure class=\"wp-block-image size-large\"><img loading=\"lazy\" decoding=\"async\" width=\"1024\" height=\"769\" src=\"http:\/\/www.gaveanews.com\/wp-content\/uploads\/Roger-Machado-durante-coletiva-pelo-Internacional-em-2024-1024x769.webp\" alt=\"\" class=\"wp-image-154272\" srcset=\"https:\/\/www.gaveanews.com\/wp-content\/uploads\/Roger-Machado-durante-coletiva-pelo-Internacional-em-2024-1024x769.webp 1024w, https:\/\/www.gaveanews.com\/wp-content\/uploads\/Roger-Machado-durante-coletiva-pelo-Internacional-em-2024-300x225.webp 300w, https:\/\/www.gaveanews.com\/wp-content\/uploads\/Roger-Machado-durante-coletiva-pelo-Internacional-em-2024-768x576.webp 768w, https:\/\/www.gaveanews.com\/wp-content\/uploads\/Roger-Machado-durante-coletiva-pelo-Internacional-em-2024-560x420.webp 560w, https:\/\/www.gaveanews.com\/wp-content\/uploads\/Roger-Machado-durante-coletiva-pelo-Internacional-em-2024-1119x840.webp 1119w, https:\/\/www.gaveanews.com\/wp-content\/uploads\/Roger-Machado-durante-coletiva-pelo-Internacional-em-2024-80x60.webp 80w, https:\/\/www.gaveanews.com\/wp-content\/uploads\/Roger-Machado-durante-coletiva-pelo-Internacional-em-2024-160x120.webp 160w, https:\/\/www.gaveanews.com\/wp-content\/uploads\/Roger-Machado-durante-coletiva-pelo-Internacional-em-2024-100x75.webp 100w, https:\/\/www.gaveanews.com\/wp-content\/uploads\/Roger-Machado-durante-coletiva-pelo-Internacional-em-2024-200x150.webp 200w, https:\/\/www.gaveanews.com\/wp-content\/uploads\/Roger-Machado-durante-coletiva-pelo-Internacional-em-2024-180x135.webp 180w, https:\/\/www.gaveanews.com\/wp-content\/uploads\/Roger-Machado-durante-coletiva-pelo-Internacional-em-2024-360x270.webp 360w, https:\/\/www.gaveanews.com\/wp-content\/uploads\/Roger-Machado-durante-coletiva-pelo-Internacional-em-2024-238x178.webp 238w, https:\/\/www.gaveanews.com\/wp-content\/uploads\/Roger-Machado-durante-coletiva-pelo-Internacional-em-2024-476x356.webp 476w, https:\/\/www.gaveanews.com\/wp-content\/uploads\/Roger-Machado-durante-coletiva-pelo-Internacional-em-2024-640x480.webp 640w, https:\/\/www.gaveanews.com\/wp-content\/uploads\/Roger-Machado-durante-coletiva-pelo-Internacional-em-2024-1280x961.webp 1280w, https:\/\/www.gaveanews.com\/wp-content\/uploads\/Roger-Machado-durante-coletiva-pelo-Internacional-em-2024-681x511.webp 681w, https:\/\/www.gaveanews.com\/wp-content\/uploads\/Roger-Machado-durante-coletiva-pelo-Internacional-em-2024-1362x1022.webp 1362w, https:\/\/www.gaveanews.com\/wp-content\/uploads\/Roger-Machado-durante-coletiva-pelo-Internacional-em-2024.webp 1419w\" sizes=\"auto, (max-width: 1024px) 100vw, 1024px\" \/><figcaption class=\"wp-element-caption\">Roger Machado durante coletiva pelo Internacional em 2024 (Foto: Reprodu\u00e7\u00e3o\/Internacional)<\/figcaption><\/figure>\n\n\n\n<p>O Internacional, que conquistou o t\u00edtulo de forma invicta, dominou a sele\u00e7\u00e3o com seis nomes entre os melhores do campeonato. Os jogadores Anthoni (goleiro), Vit\u00e3o e Victor Gabriel (zagueiros), Bernabei (lateral-esquerdo), Fernando (volante) e Alan Patrick (meia) foram selecionados, sendo a maior representa\u00e7\u00e3o da competi\u00e7\u00e3o.&nbsp;<\/p>\n\n\n\n<p>O t\u00e9cnico Roger Machado tamb\u00e9m foi premiado como melhor treinador, enquanto o presidente Alessandro Barcellos conquistou o pr\u00eamio de melhor dirigente.&nbsp;<\/p>\n\n\n\n<p>N\u00e3o poderia faltar o reconhecimento a Alan Patrick, eleito craque do campeonato, o que refor\u00e7a a import\u00e2ncia de sua contribui\u00e7\u00e3o na caminhada invicta do time.<\/p>\n\n\n\n<h2 class=\"wp-block-heading\" id=\"h-juventude-e-ypiranga\">Juventude e Ypiranga<\/h2>\n\n\n\n<p>Embora o Internacional tenha se destacado, outras equipes tamb\u00e9m tiveram seus momentos de brilho. O Juventude, campe\u00e3o do Interior, teve dois jogadores premiados: o volante Jadson e o meia Jean Carlos, mostrando a for\u00e7a do futebol do interior ga\u00facho.&nbsp;<\/p>\n\n\n\n<p>J\u00e1 o Ypiranga teve o atacante Galego como artilheiro do campeonato, com 8 gols, al\u00e9m de ser nomeado para a sele\u00e7\u00e3o, comprovando sua import\u00e2ncia no desempenho do time de Erechim.<\/p>\n\n\n\n<h2 class=\"wp-block-heading\" id=\"h-reconhecimento-para-a-arbitragem\">Reconhecimento para a arbitragem<\/h2>\n\n\n\n<p>A arbitragem tamb\u00e9m teve seu papel destacado no Gauch\u00e3o 2025, com os \u00e1rbitros Lucas Horn, Tiago Augusto Kappes Diel e Marcello Ign\u00e1cio Domingues Neto sendo escolhidos para integrar a lista de melhores da competi\u00e7\u00e3o.&nbsp;<\/p>\n\n\n\n<p>A Sele\u00e7\u00e3o do Gauch\u00e3o 2025<\/p>\n\n\n\n<p>Confira os nomes dos premiados na Sele\u00e7\u00e3o do Gauch\u00e3o Superbet 2025:<\/p>\n\n\n\n<ul class=\"wp-block-list\">\n<li>Goleiro: Anthoni (Inter)<br><\/li>\n\n\n\n<li>Lateral-direito: Daniel (S\u00e3o Jos\u00e9)<br><\/li>\n\n\n\n<li>Zagueiro: Vit\u00e3o (Inter)<br><\/li>\n\n\n\n<li>Zagueiro: Victor Gabriel (Inter)<br><\/li>\n\n\n\n<li>Lateral-esquerdo: Bernabei (Inter)<br><\/li>\n\n\n\n<li>Volante: Fernando (Inter)<br><\/li>\n\n\n\n<li>Volante: Jadson (Juventude)<br><\/li>\n\n\n\n<li>Meio-campo: Alan Patrick (Inter)<br><\/li>\n\n\n\n<li>Meio-campo: Jean Carlos (Juventude)<br><\/li>\n\n\n\n<li>Atacante: Galego (Ypiranga)<br><\/li>\n\n\n\n<li>Atacante: Braithwaite (Gr\u00eamio)<br><\/li>\n\n\n\n<li>T\u00e9cnico: Roger Machado (Inter)<br><\/li>\n\n\n\n<li>Dirigente: Alessandro Barcellos (Presidente do Inter)<br><\/li>\n\n\n\n<li>Artilheiro: Galego (Ypiranga)<br><\/li>\n\n\n\n<li>Craque: Alan Patrick (Inter)<br><\/li>\n\n\n\n<li>\u00c1rbitro: Lucas Horn<br><\/li>\n\n\n\n<li>\u00c1rbitro Assistente: Tiago Augusto Kappes Diel<br><\/li>\n\n\n\n<li>\u00c1rbitro de V\u00eddeo: Marcello Ign\u00e1cio Domingues Neto<br><\/li>\n<\/ul>\n\n\n\n<p>A Sele\u00e7\u00e3o do Gauch\u00e3o 2025 reflete a diversidade e a qualidade do futebol praticado no Rio Grande do Sul, com destaque para o Internacional, que n\u00e3o s\u00f3 conquistou o t\u00edtulo como tamb\u00e9m dominou as premia\u00e7\u00f5es.&nbsp;<\/p>\n\n\n\n<p>Ao mesmo tempo, equipes como o Juventude e o Ypiranga mostraram a for\u00e7a de seus talentos, conquistando merecidos espa\u00e7os na sele\u00e7\u00e3o.&nbsp;<\/p>\n","protected":false},"excerpt":{"rendered":"<p>Na \u00faltima quarta-feira (26), a Federa\u00e7\u00e3o Ga\u00facha de Futebol (FGF) revelou os nomes dos melhores do Gauch\u00e3o Superbet 2025, um campeonato marcado pela disputa acirrada e pela alta qualidade t\u00e9cnica das equipes.&nbsp; A sele\u00e7\u00e3o foi escolhida por jornalistas especializados e associados da Associa\u00e7\u00e3o dos Cronistas Esportivos Ga\u00fachos (ACEG), que apontaram os destaques nas posi\u00e7\u00f5es de [&hellip;]<\/p>\n","protected":false},"author":25,"featured_media":235209,"comment_status":"open","ping_status":"closed","sticky":false,"template":"","format":"standard","meta":{"footnotes":""},"categories":[147,148],"tags":[],"class_list":["post-245028","post","type-post","status-publish","format-standard","has-post-thumbnail","hentry","category-gremio","category-internacional"],"yoast_head":"<!-- This site is optimized with the Yoast SEO Premium plugin v24.2 (Yoast SEO v26.9) - https:\/\/yoast.com\/product\/yoast-seo-premium-wordpress\/ -->\n<title>Alan Patrick, Roger Machado, Vit\u00e3o, Victor Gabriel, Fernando, Bernabei, Anthoni, Braithwaite, Daniel, Jadson, Jean Carlos, Galego: a sele\u00e7\u00e3o do Campeonato Ga\u00facho<\/title>\n<meta name=\"robots\" content=\"index, follow, max-snippet:-1, max-image-preview:large, max-video-preview:-1\" \/>\n<link rel=\"canonical\" href=\"https:\/\/www.gaveanews.com\/index.php\/2025\/03\/26\/alan-patrick-roger-machado-vitao-victor-gabriel-fernando-bernabei-anthoni-braithwaite-daniel-jadson-jean-carlos-galego-a-selecao-do-campeonato-gaucho\/\" \/>\n<meta property=\"og:locale\" content=\"pt_BR\" \/>\n<meta property=\"og:type\" content=\"article\" \/>\n<meta property=\"og:title\" content=\"Alan Patrick, Roger Machado, Vit\u00e3o, Victor Gabriel, Fernando, Bernabei, Anthoni, Braithwaite, Daniel, Jadson, Jean Carlos, Galego: a sele\u00e7\u00e3o do Campeonato Ga\u00facho\" \/>\n<meta property=\"og:description\" content=\"Na \u00faltima quarta-feira (26), a Federa\u00e7\u00e3o Ga\u00facha de Futebol (FGF) revelou os nomes dos melhores do Gauch\u00e3o Superbet 2025, um campeonato marcado pela disputa acirrada e pela alta qualidade t\u00e9cnica das equipes.&nbsp; A sele\u00e7\u00e3o foi escolhida por jornalistas especializados e associados da Associa\u00e7\u00e3o dos Cronistas Esportivos Ga\u00fachos (ACEG), que apontaram os destaques nas posi\u00e7\u00f5es de [&hellip;]\" \/>\n<meta property=\"og:url\" content=\"https:\/\/www.gaveanews.com\/index.php\/2025\/03\/26\/alan-patrick-roger-machado-vitao-victor-gabriel-fernando-bernabei-anthoni-braithwaite-daniel-jadson-jean-carlos-galego-a-selecao-do-campeonato-gaucho\/\" \/>\n<meta property=\"og:site_name\" content=\"G\u00e1vea News\" \/>\n<meta property=\"article:publisher\" content=\"https:\/\/facebook.com\/gaveaNews\/\" \/>\n<meta property=\"article:published_time\" content=\"2025-03-26T20:20:00+00:00\" \/>\n<meta property=\"og:image\" content=\"https:\/\/www.gaveanews.com\/wp-content\/uploads\/Gremio-x-Internacional-Grenal-444.webp\" \/>\n\t<meta property=\"og:image:width\" content=\"854\" \/>\n\t<meta property=\"og:image:height\" content=\"541\" \/>\n\t<meta property=\"og:image:type\" content=\"image\/jpeg\" \/>\n<meta name=\"author\" content=\"Rafaela Ladeira\" \/>\n<meta name=\"twitter:card\" content=\"summary_large_image\" \/>\n<meta name=\"twitter:label1\" content=\"Escrito por\" \/>\n\t<meta name=\"twitter:data1\" content=\"Rafaela Ladeira\" \/>\n\t<meta name=\"twitter:label2\" content=\"Est. tempo de leitura\" \/>\n\t<meta name=\"twitter:data2\" content=\"3 minutos\" \/>\n<script type=\"application\/ld+json\" class=\"yoast-schema-graph\">{\"@context\":\"https:\/\/schema.org\",\"@graph\":[{\"@type\":\"NewsArticle\",\"@id\":\"https:\/\/www.gaveanews.com\/index.php\/2025\/03\/26\/alan-patrick-roger-machado-vitao-victor-gabriel-fernando-bernabei-anthoni-braithwaite-daniel-jadson-jean-carlos-galego-a-selecao-do-campeonato-gaucho\/#article\",\"isPartOf\":{\"@id\":\"https:\/\/www.gaveanews.com\/index.php\/2025\/03\/26\/alan-patrick-roger-machado-vitao-victor-gabriel-fernando-bernabei-anthoni-braithwaite-daniel-jadson-jean-carlos-galego-a-selecao-do-campeonato-gaucho\/\"},\"author\":{\"name\":\"Rafaela Ladeira\",\"@id\":\"https:\/\/www.gaveanews.com\/#\/schema\/person\/0eb3e3fe1754f0205218538adbe8f5ed\"},\"headline\":\"Alan Patrick, Roger Machado, Vit\u00e3o, Victor Gabriel, Fernando, Bernabei, Anthoni, Braithwaite, Daniel, Jadson, Jean Carlos, Galego: a sele\u00e7\u00e3o do Campeonato Ga\u00facho\",\"datePublished\":\"2025-03-26T20:20:00+00:00\",\"mainEntityOfPage\":{\"@id\":\"https:\/\/www.gaveanews.com\/index.php\/2025\/03\/26\/alan-patrick-roger-machado-vitao-victor-gabriel-fernando-bernabei-anthoni-braithwaite-daniel-jadson-jean-carlos-galego-a-selecao-do-campeonato-gaucho\/\"},\"wordCount\":525,\"commentCount\":0,\"image\":{\"@id\":\"https:\/\/www.gaveanews.com\/index.php\/2025\/03\/26\/alan-patrick-roger-machado-vitao-victor-gabriel-fernando-bernabei-anthoni-braithwaite-daniel-jadson-jean-carlos-galego-a-selecao-do-campeonato-gaucho\/#primaryimage\"},\"thumbnailUrl\":\"https:\/\/www.gaveanews.com\/wp-content\/uploads\/Gremio-x-Internacional-Grenal-444.webp\",\"articleSection\":[\"Gr\u00eamio\",\"Internacional\"],\"inLanguage\":\"pt-BR\",\"potentialAction\":[{\"@type\":\"CommentAction\",\"name\":\"Comment\",\"target\":[\"https:\/\/www.gaveanews.com\/index.php\/2025\/03\/26\/alan-patrick-roger-machado-vitao-victor-gabriel-fernando-bernabei-anthoni-braithwaite-daniel-jadson-jean-carlos-galego-a-selecao-do-campeonato-gaucho\/#respond\"]}],\"copyrightYear\":\"2025\",\"copyrightHolder\":{\"@id\":\"https:\/\/www.gaveanews.com\/#organization\"}},{\"@type\":\"WebPage\",\"@id\":\"https:\/\/www.gaveanews.com\/index.php\/2025\/03\/26\/alan-patrick-roger-machado-vitao-victor-gabriel-fernando-bernabei-anthoni-braithwaite-daniel-jadson-jean-carlos-galego-a-selecao-do-campeonato-gaucho\/\",\"url\":\"https:\/\/www.gaveanews.com\/index.php\/2025\/03\/26\/alan-patrick-roger-machado-vitao-victor-gabriel-fernando-bernabei-anthoni-braithwaite-daniel-jadson-jean-carlos-galego-a-selecao-do-campeonato-gaucho\/\",\"name\":\"Alan Patrick, Roger Machado, Vit\u00e3o, Victor Gabriel, Fernando, Bernabei, Anthoni, Braithwaite, Daniel, Jadson, Jean Carlos, Galego: a sele\u00e7\u00e3o do Campeonato Ga\u00facho\",\"isPartOf\":{\"@id\":\"https:\/\/www.gaveanews.com\/#website\"},\"primaryImageOfPage\":{\"@id\":\"https:\/\/www.gaveanews.com\/index.php\/2025\/03\/26\/alan-patrick-roger-machado-vitao-victor-gabriel-fernando-bernabei-anthoni-braithwaite-daniel-jadson-jean-carlos-galego-a-selecao-do-campeonato-gaucho\/#primaryimage\"},\"image\":{\"@id\":\"https:\/\/www.gaveanews.com\/index.php\/2025\/03\/26\/alan-patrick-roger-machado-vitao-victor-gabriel-fernando-bernabei-anthoni-braithwaite-daniel-jadson-jean-carlos-galego-a-selecao-do-campeonato-gaucho\/#primaryimage\"},\"thumbnailUrl\":\"https:\/\/www.gaveanews.com\/wp-content\/uploads\/Gremio-x-Internacional-Grenal-444.webp\",\"datePublished\":\"2025-03-26T20:20:00+00:00\",\"author\":{\"@id\":\"https:\/\/www.gaveanews.com\/#\/schema\/person\/0eb3e3fe1754f0205218538adbe8f5ed\"},\"breadcrumb\":{\"@id\":\"https:\/\/www.gaveanews.com\/index.php\/2025\/03\/26\/alan-patrick-roger-machado-vitao-victor-gabriel-fernando-bernabei-anthoni-braithwaite-daniel-jadson-jean-carlos-galego-a-selecao-do-campeonato-gaucho\/#breadcrumb\"},\"inLanguage\":\"pt-BR\",\"potentialAction\":[{\"@type\":\"ReadAction\",\"target\":[\"https:\/\/www.gaveanews.com\/index.php\/2025\/03\/26\/alan-patrick-roger-machado-vitao-victor-gabriel-fernando-bernabei-anthoni-braithwaite-daniel-jadson-jean-carlos-galego-a-selecao-do-campeonato-gaucho\/\"]}]},{\"@type\":\"ImageObject\",\"inLanguage\":\"pt-BR\",\"@id\":\"https:\/\/www.gaveanews.com\/index.php\/2025\/03\/26\/alan-patrick-roger-machado-vitao-victor-gabriel-fernando-bernabei-anthoni-braithwaite-daniel-jadson-jean-carlos-galego-a-selecao-do-campeonato-gaucho\/#primaryimage\",\"url\":\"https:\/\/www.gaveanews.com\/wp-content\/uploads\/Gremio-x-Internacional-Grenal-444.webp\",\"contentUrl\":\"https:\/\/www.gaveanews.com\/wp-content\/uploads\/Gremio-x-Internacional-Grenal-444.webp\",\"width\":854,\"height\":541,\"caption\":\"Gr\u00eamio x Internacional - Grenal 444 (FOTO: LUCAS UEBEL\/GREMIO FBPA)\"},{\"@type\":\"BreadcrumbList\",\"@id\":\"https:\/\/www.gaveanews.com\/index.php\/2025\/03\/26\/alan-patrick-roger-machado-vitao-victor-gabriel-fernando-bernabei-anthoni-braithwaite-daniel-jadson-jean-carlos-galego-a-selecao-do-campeonato-gaucho\/#breadcrumb\",\"itemListElement\":[{\"@type\":\"ListItem\",\"position\":1,\"name\":\"Home\",\"item\":\"https:\/\/www.gaveanews.com\/\"},{\"@type\":\"ListItem\",\"position\":2,\"name\":\"Alan Patrick, Roger Machado, Vit\u00e3o, Victor Gabriel, Fernando, Bernabei, Anthoni, Braithwaite, Daniel, Jadson, Jean Carlos, Galego: a sele\u00e7\u00e3o do Campeonato Ga\u00facho\"}]},{\"@type\":\"WebSite\",\"@id\":\"https:\/\/www.gaveanews.com\/#website\",\"url\":\"https:\/\/www.gaveanews.com\/\",\"name\":\"G\u00e1vea News\",\"description\":\"Veja todas as not\u00edcias sobre o Flamengo: Contrata\u00e7\u00f5es, categorias de base, resultados das partidas, tabela de classifica\u00e7\u00e3o, pr\u00f3ximos jogos!\",\"potentialAction\":[{\"@type\":\"SearchAction\",\"target\":{\"@type\":\"EntryPoint\",\"urlTemplate\":\"https:\/\/www.gaveanews.com\/?s={search_term_string}\"},\"query-input\":{\"@type\":\"PropertyValueSpecification\",\"valueRequired\":true,\"valueName\":\"search_term_string\"}}],\"inLanguage\":\"pt-BR\"},{\"@type\":\"Person\",\"@id\":\"https:\/\/www.gaveanews.com\/#\/schema\/person\/0eb3e3fe1754f0205218538adbe8f5ed\",\"name\":\"Rafaela Ladeira\",\"image\":{\"@type\":\"ImageObject\",\"inLanguage\":\"pt-BR\",\"@id\":\"https:\/\/www.gaveanews.com\/#\/schema\/person\/image\/\",\"url\":\"https:\/\/secure.gravatar.com\/avatar\/c31f513acffd85eacab5730cbdfdbbf59f21ba5aeada8cd890acea879fbb2455?s=96&d=mm&r=g\",\"contentUrl\":\"https:\/\/secure.gravatar.com\/avatar\/c31f513acffd85eacab5730cbdfdbbf59f21ba5aeada8cd890acea879fbb2455?s=96&d=mm&r=g\",\"caption\":\"Rafaela Ladeira\"}}]}<\/script>\n<!-- \/ Yoast SEO Premium plugin. -->","yoast_head_json":{"title":"Alan Patrick, Roger Machado, Vit\u00e3o, Victor Gabriel, Fernando, Bernabei, Anthoni, Braithwaite, Daniel, Jadson, Jean Carlos, Galego: a sele\u00e7\u00e3o do Campeonato Ga\u00facho","robots":{"index":"index","follow":"follow","max-snippet":"max-snippet:-1","max-image-preview":"max-image-preview:large","max-video-preview":"max-video-preview:-1"},"canonical":"https:\/\/www.gaveanews.com\/index.php\/2025\/03\/26\/alan-patrick-roger-machado-vitao-victor-gabriel-fernando-bernabei-anthoni-braithwaite-daniel-jadson-jean-carlos-galego-a-selecao-do-campeonato-gaucho\/","og_locale":"pt_BR","og_type":"article","og_title":"Alan Patrick, Roger Machado, Vit\u00e3o, Victor Gabriel, Fernando, Bernabei, Anthoni, Braithwaite, Daniel, Jadson, Jean Carlos, Galego: a sele\u00e7\u00e3o do Campeonato Ga\u00facho","og_description":"Na \u00faltima quarta-feira (26), a Federa\u00e7\u00e3o Ga\u00facha de Futebol (FGF) revelou os nomes dos melhores do Gauch\u00e3o Superbet 2025, um campeonato marcado pela disputa acirrada e pela alta qualidade t\u00e9cnica das equipes.&nbsp; A sele\u00e7\u00e3o foi escolhida por jornalistas especializados e associados da Associa\u00e7\u00e3o dos Cronistas Esportivos Ga\u00fachos (ACEG), que apontaram os destaques nas posi\u00e7\u00f5es de [&hellip;]","og_url":"https:\/\/www.gaveanews.com\/index.php\/2025\/03\/26\/alan-patrick-roger-machado-vitao-victor-gabriel-fernando-bernabei-anthoni-braithwaite-daniel-jadson-jean-carlos-galego-a-selecao-do-campeonato-gaucho\/","og_site_name":"G\u00e1vea News","article_publisher":"https:\/\/facebook.com\/gaveaNews\/","article_published_time":"2025-03-26T20:20:00+00:00","og_image":[{"width":854,"height":541,"url":"https:\/\/www.gaveanews.com\/wp-content\/uploads\/Gremio-x-Internacional-Grenal-444.webp","type":"image\/jpeg"}],"author":"Rafaela Ladeira","twitter_card":"summary_large_image","twitter_misc":{"Escrito por":"Rafaela Ladeira","Est. tempo de leitura":"3 minutos"},"schema":{"@context":"https:\/\/schema.org","@graph":[{"@type":"NewsArticle","@id":"https:\/\/www.gaveanews.com\/index.php\/2025\/03\/26\/alan-patrick-roger-machado-vitao-victor-gabriel-fernando-bernabei-anthoni-braithwaite-daniel-jadson-jean-carlos-galego-a-selecao-do-campeonato-gaucho\/#article","isPartOf":{"@id":"https:\/\/www.gaveanews.com\/index.php\/2025\/03\/26\/alan-patrick-roger-machado-vitao-victor-gabriel-fernando-bernabei-anthoni-braithwaite-daniel-jadson-jean-carlos-galego-a-selecao-do-campeonato-gaucho\/"},"author":{"name":"Rafaela Ladeira","@id":"https:\/\/www.gaveanews.com\/#\/schema\/person\/0eb3e3fe1754f0205218538adbe8f5ed"},"headline":"Alan Patrick, Roger Machado, Vit\u00e3o, Victor Gabriel, Fernando, Bernabei, Anthoni, Braithwaite, Daniel, Jadson, Jean Carlos, Galego: a sele\u00e7\u00e3o do Campeonato Ga\u00facho","datePublished":"2025-03-26T20:20:00+00:00","mainEntityOfPage":{"@id":"https:\/\/www.gaveanews.com\/index.php\/2025\/03\/26\/alan-patrick-roger-machado-vitao-victor-gabriel-fernando-bernabei-anthoni-braithwaite-daniel-jadson-jean-carlos-galego-a-selecao-do-campeonato-gaucho\/"},"wordCount":525,"commentCount":0,"image":{"@id":"https:\/\/www.gaveanews.com\/index.php\/2025\/03\/26\/alan-patrick-roger-machado-vitao-victor-gabriel-fernando-bernabei-anthoni-braithwaite-daniel-jadson-jean-carlos-galego-a-selecao-do-campeonato-gaucho\/#primaryimage"},"thumbnailUrl":"https:\/\/www.gaveanews.com\/wp-content\/uploads\/Gremio-x-Internacional-Grenal-444.webp","articleSection":["Gr\u00eamio","Internacional"],"inLanguage":"pt-BR","potentialAction":[{"@type":"CommentAction","name":"Comment","target":["https:\/\/www.gaveanews.com\/index.php\/2025\/03\/26\/alan-patrick-roger-machado-vitao-victor-gabriel-fernando-bernabei-anthoni-braithwaite-daniel-jadson-jean-carlos-galego-a-selecao-do-campeonato-gaucho\/#respond"]}],"copyrightYear":"2025","copyrightHolder":{"@id":"https:\/\/www.gaveanews.com\/#organization"}},{"@type":"WebPage","@id":"https:\/\/www.gaveanews.com\/index.php\/2025\/03\/26\/alan-patrick-roger-machado-vitao-victor-gabriel-fernando-bernabei-anthoni-braithwaite-daniel-jadson-jean-carlos-galego-a-selecao-do-campeonato-gaucho\/","url":"https:\/\/www.gaveanews.com\/index.php\/2025\/03\/26\/alan-patrick-roger-machado-vitao-victor-gabriel-fernando-bernabei-anthoni-braithwaite-daniel-jadson-jean-carlos-galego-a-selecao-do-campeonato-gaucho\/","name":"Alan Patrick, Roger Machado, Vit\u00e3o, Victor Gabriel, Fernando, Bernabei, Anthoni, Braithwaite, Daniel, Jadson, Jean Carlos, Galego: a sele\u00e7\u00e3o do Campeonato Ga\u00facho","isPartOf":{"@id":"https:\/\/www.gaveanews.com\/#website"},"primaryImageOfPage":{"@id":"https:\/\/www.gaveanews.com\/index.php\/2025\/03\/26\/alan-patrick-roger-machado-vitao-victor-gabriel-fernando-bernabei-anthoni-braithwaite-daniel-jadson-jean-carlos-galego-a-selecao-do-campeonato-gaucho\/#primaryimage"},"image":{"@id":"https:\/\/www.gaveanews.com\/index.php\/2025\/03\/26\/alan-patrick-roger-machado-vitao-victor-gabriel-fernando-bernabei-anthoni-braithwaite-daniel-jadson-jean-carlos-galego-a-selecao-do-campeonato-gaucho\/#primaryimage"},"thumbnailUrl":"https:\/\/www.gaveanews.com\/wp-content\/uploads\/Gremio-x-Internacional-Grenal-444.webp","datePublished":"2025-03-26T20:20:00+00:00","author":{"@id":"https:\/\/www.gaveanews.com\/#\/schema\/person\/0eb3e3fe1754f0205218538adbe8f5ed"},"breadcrumb":{"@id":"https:\/\/www.gaveanews.com\/index.php\/2025\/03\/26\/alan-patrick-roger-machado-vitao-victor-gabriel-fernando-bernabei-anthoni-braithwaite-daniel-jadson-jean-carlos-galego-a-selecao-do-campeonato-gaucho\/#breadcrumb"},"inLanguage":"pt-BR","potentialAction":[{"@type":"ReadAction","target":["https:\/\/www.gaveanews.com\/index.php\/2025\/03\/26\/alan-patrick-roger-machado-vitao-victor-gabriel-fernando-bernabei-anthoni-braithwaite-daniel-jadson-jean-carlos-galego-a-selecao-do-campeonato-gaucho\/"]}]},{"@type":"ImageObject","inLanguage":"pt-BR","@id":"https:\/\/www.gaveanews.com\/index.php\/2025\/03\/26\/alan-patrick-roger-machado-vitao-victor-gabriel-fernando-bernabei-anthoni-braithwaite-daniel-jadson-jean-carlos-galego-a-selecao-do-campeonato-gaucho\/#primaryimage","url":"https:\/\/www.gaveanews.com\/wp-content\/uploads\/Gremio-x-Internacional-Grenal-444.webp","contentUrl":"https:\/\/www.gaveanews.com\/wp-content\/uploads\/Gremio-x-Internacional-Grenal-444.webp","width":854,"height":541,"caption":"Gr\u00eamio x Internacional - Grenal 444 (FOTO: LUCAS UEBEL\/GREMIO FBPA)"},{"@type":"BreadcrumbList","@id":"https:\/\/www.gaveanews.com\/index.php\/2025\/03\/26\/alan-patrick-roger-machado-vitao-victor-gabriel-fernando-bernabei-anthoni-braithwaite-daniel-jadson-jean-carlos-galego-a-selecao-do-campeonato-gaucho\/#breadcrumb","itemListElement":[{"@type":"ListItem","position":1,"name":"Home","item":"https:\/\/www.gaveanews.com\/"},{"@type":"ListItem","position":2,"name":"Alan Patrick, Roger Machado, Vit\u00e3o, Victor Gabriel, Fernando, Bernabei, Anthoni, Braithwaite, Daniel, Jadson, Jean Carlos, Galego: a sele\u00e7\u00e3o do Campeonato Ga\u00facho"}]},{"@type":"WebSite","@id":"https:\/\/www.gaveanews.com\/#website","url":"https:\/\/www.gaveanews.com\/","name":"G\u00e1vea News","description":"Veja todas as not\u00edcias sobre o Flamengo: Contrata\u00e7\u00f5es, categorias de base, resultados das partidas, tabela de classifica\u00e7\u00e3o, pr\u00f3ximos jogos!","potentialAction":[{"@type":"SearchAction","target":{"@type":"EntryPoint","urlTemplate":"https:\/\/www.gaveanews.com\/?s={search_term_string}"},"query-input":{"@type":"PropertyValueSpecification","valueRequired":true,"valueName":"search_term_string"}}],"inLanguage":"pt-BR"},{"@type":"Person","@id":"https:\/\/www.gaveanews.com\/#\/schema\/person\/0eb3e3fe1754f0205218538adbe8f5ed","name":"Rafaela Ladeira","image":{"@type":"ImageObject","inLanguage":"pt-BR","@id":"https:\/\/www.gaveanews.com\/#\/schema\/person\/image\/","url":"https:\/\/secure.gravatar.com\/avatar\/c31f513acffd85eacab5730cbdfdbbf59f21ba5aeada8cd890acea879fbb2455?s=96&d=mm&r=g","contentUrl":"https:\/\/secure.gravatar.com\/avatar\/c31f513acffd85eacab5730cbdfdbbf59f21ba5aeada8cd890acea879fbb2455?s=96&d=mm&r=g","caption":"Rafaela Ladeira"}}]}},"_links":{"self":[{"href":"https:\/\/www.gaveanews.com\/index.php\/wp-json\/wp\/v2\/posts\/245028","targetHints":{"allow":["GET"]}}],"collection":[{"href":"https:\/\/www.gaveanews.com\/index.php\/wp-json\/wp\/v2\/posts"}],"about":[{"href":"https:\/\/www.gaveanews.com\/index.php\/wp-json\/wp\/v2\/types\/post"}],"author":[{"embeddable":true,"href":"https:\/\/www.gaveanews.com\/index.php\/wp-json\/wp\/v2\/users\/25"}],"replies":[{"embeddable":true,"href":"https:\/\/www.gaveanews.com\/index.php\/wp-json\/wp\/v2\/comments?post=245028"}],"version-history":[{"count":1,"href":"https:\/\/www.gaveanews.com\/index.php\/wp-json\/wp\/v2\/posts\/245028\/revisions"}],"predecessor-version":[{"id":245029,"href":"https:\/\/www.gaveanews.com\/index.php\/wp-json\/wp\/v2\/posts\/245028\/revisions\/245029"}],"wp:featuredmedia":[{"embeddable":true,"href":"https:\/\/www.gaveanews.com\/index.php\/wp-json\/wp\/v2\/media\/235209"}],"wp:attachment":[{"href":"https:\/\/www.gaveanews.com\/index.php\/wp-json\/wp\/v2\/media?parent=245028"}],"wp:term":[{"taxonomy":"category","embeddable":true,"href":"https:\/\/www.gaveanews.com\/index.php\/wp-json\/wp\/v2\/categories?post=245028"},{"taxonomy":"post_tag","embeddable":true,"href":"https:\/\/www.gaveanews.com\/index.php\/wp-json\/wp\/v2\/tags?post=245028"}],"curies":[{"name":"wp","href":"https:\/\/api.w.org\/{rel}","templated":true}]}}