{"id":245030,"date":"2025-03-26T17:30:00","date_gmt":"2025-03-26T20:30:00","guid":{"rendered":"https:\/\/www.gaveanews.com\/?p=245030"},"modified":"2025-03-26T16:20:41","modified_gmt":"2025-03-26T19:20:41","slug":"neymar-x-coutinho-veja-como-foi-o-ultimo-embate-entre-os-craques-de-santos-e-vasco","status":"publish","type":"post","link":"https:\/\/www.gaveanews.com\/index.php\/2025\/03\/26\/neymar-x-coutinho-veja-como-foi-o-ultimo-embate-entre-os-craques-de-santos-e-vasco\/","title":{"rendered":"Neymar x Coutinho: veja como foi o \u00faltimo embate entre os craques de Santos e Vasco"},"content":{"rendered":"\n<p>O futebol brasileiro, sempre recheado de grandes duelos, promete mais um cap\u00edtulo interessante no pr\u00f3ximo domingo. Vasco e Santos se enfrentam em S\u00e3o Janu\u00e1rio pela primeira rodada do Brasileir\u00e3o, e a expectativa \u00e9 alta para ver dois dos maiores talentos do futebol brasileiro em campo: Philippe Coutinho e Neymar. Esse duelo, no entanto, n\u00e3o acontece com frequ\u00eancia. Ent\u00e3o, por que esse encontro chama tanto a aten\u00e7\u00e3o?<\/p>\n\n\n\n<h2 class=\"wp-block-heading\" id=\"h-um-encontro-raro-entre-craques\">Um encontro raro entre craques<\/h2>\n\n\n\n<figure class=\"wp-block-embed is-type-photo is-provider-flickr wp-block-embed-flickr\"><div class=\"wp-block-embed__wrapper\">\n<a href=\"https:\/\/flic.kr\/p\/2qUd9b3\"><img loading=\"lazy\" decoding=\"async\" src=\"https:\/\/live.staticflickr.com\/65535\/54412081606_569b264d01_c.webp\" alt=\"CONTE\u00daDO VERTICAL - 2\" width=\"600\" height=\"800\" \/><\/a>\n<\/div><\/figure>\n\n\n\n<p>Coutinho e Neymar, apesar de terem compartilhado o campo em diversas ocasi\u00f5es pela Sele\u00e7\u00e3o Brasileira desde a categoria sub-16, se encontraram apenas uma vez em um jogo oficial entre clubes. Esse fato se d\u00e1 porque Coutinho se transferiu muito cedo para a Europa, o que impediu o encontro com Neymar no futebol brasileiro. <\/p>\n\n\n\n<p>O mais pr\u00f3ximo disso aconteceu no Brasileir\u00e3o de 2010, quando Coutinho, j\u00e1 no Vasco, se despedia do futebol brasileiro. No entanto, Neymar, na \u00e9poca no Santos, estava suspenso e n\u00e3o participou da goleada por 4 a 0 do time da casa. Portanto, o confronto direto entre os dois craques nunca ocorreu em solo nacional.<\/p>\n\n\n\n<h2 class=\"wp-block-heading\" id=\"h-afinal-onde-foi-o-unico-duelo-entre-eles\">Afinal, onde foi o \u00fanico duelo entre eles?<\/h2>\n\n\n\n<p>Depois de v\u00e1rios anos, o \u00fanico encontro oficial entre Coutinho e Neymar aconteceu em uma das maiores competi\u00e7\u00f5es do futebol mundial: a final da Liga dos Campe\u00f5es de 2020. Na temporada 2019\/20, Coutinho estava emprestado ao Bayern de Munique, enquanto Neymar era a estrela do Paris Saint-Germain. <\/p>\n\n\n\n<p>Vale destacar que, apesar de n\u00e3o ser o protagonista do Bayern, Coutinho teve uma importante participa\u00e7\u00e3o no elenco de Hans-Dieter Flick, com 11 gols em 38 jogos disputados. J\u00e1 Neymar, com toda a responsabilidade de ser o grande nome do PSG, buscava o t\u00e3o sonhado t\u00edtulo europeu para o clube franc\u00eas.<\/p>\n\n\n\n<p>A grande decis\u00e3o aconteceu em Lisboa, no Est\u00e1dio da Luz, em 23 de agosto de 2020. Neymar, como titular do PSG, teve algumas oportunidades no jogo, mas n\u00e3o conseguiu marcar. Por outro lado, Coutinho, que come\u00e7ou no banco de reservas, entrou apenas aos 23 minutos do segundo tempo, quando o Bayern j\u00e1 estava \u00e0 frente no placar ap\u00f3s um gol de Coman. <\/p>\n\n\n\n<p>Com isso, o Bayern de Munique de Coutinho venceu o PSG por 1 a 0 e conquistou a Liga dos Campe\u00f5es. Neymar teve tr\u00eas chances de gol durante a partida, sendo uma defesa impressionante de Neuer e duas finaliza\u00e7\u00f5es para fora. Dessa maneira, a \u00fanica vez em que os dois se enfrentaram em uma competi\u00e7\u00e3o oficial foi marcada pela vit\u00f3ria de Coutinho.<\/p>\n\n\n\n<h2 class=\"wp-block-heading\" id=\"h-expectativa-para-o-reencontro-no-brasileirao\">Expectativa para o reencontro no Brasileir\u00e3o<\/h2>\n\n\n\n<p>Com o duelo entre Vasco e Santos se aproximando, a expectativa para ver Neymar e Coutinho em campo \u00e9 grande. Ambos, que enfrentaram longos per\u00edodos de recupera\u00e7\u00e3o, est\u00e3o \u00e0 disposi\u00e7\u00e3o para a estreia no Campeonato Brasileiro. <\/p>\n\n\n\n<p>Isso porque Coutinho, que se recuperava de les\u00e3o, j\u00e1 voltou a treinar com o Vasco, enquanto Neymar trabalha para retornar ap\u00f3s ficar fora da semifinal do Paulist\u00e3o e da convoca\u00e7\u00e3o para a Sele\u00e7\u00e3o Brasileira. Sendo assim, o reencontro dos dois craques na primeira rodada do Brasileir\u00e3o \u00e9 um evento esperado por todos, principalmente pelos torcedores que raramente veem essa rivalidade em campo.<\/p>\n\n\n\n<p>Com esse hist\u00f3rico de confrontos raros entre Coutinho e Neymar, o duelo no domingo promete ser um momento especial para os f\u00e3s de futebol, que finalmente poder\u00e3o ver esses craques se enfrentando novamente, agora no Brasileir\u00e3o.<\/p>\n","protected":false},"excerpt":{"rendered":"<p>O futebol brasileiro, sempre recheado de grandes duelos, promete mais um cap\u00edtulo interessante no pr\u00f3ximo domingo. Vasco e Santos se enfrentam em S\u00e3o Janu\u00e1rio pela primeira rodada do Brasileir\u00e3o, e a expectativa \u00e9 alta para ver dois dos maiores talentos do futebol brasileiro em campo: Philippe Coutinho e Neymar. Esse duelo, no entanto, n\u00e3o acontece [&hellip;]<\/p>\n","protected":false},"author":24,"featured_media":244445,"comment_status":"open","ping_status":"closed","sticky":false,"template":"","format":"standard","meta":{"footnotes":""},"categories":[96,102,139,152],"tags":[],"class_list":["post-245030","post","type-post","status-publish","format-standard","has-post-thumbnail","hentry","category-bayern-de-munique","category-psg","category-santos","category-vasco"],"yoast_head":"<!-- This site is optimized with the Yoast SEO Premium plugin v24.2 (Yoast SEO v26.9) - https:\/\/yoast.com\/product\/yoast-seo-premium-wordpress\/ -->\n<title>Neymar x Coutinho: veja como foi o \u00faltimo embate entre os craques de Santos e Vasco<\/title>\n<meta name=\"robots\" content=\"index, follow, max-snippet:-1, max-image-preview:large, max-video-preview:-1\" \/>\n<link rel=\"canonical\" href=\"https:\/\/www.gaveanews.com\/index.php\/2025\/03\/26\/neymar-x-coutinho-veja-como-foi-o-ultimo-embate-entre-os-craques-de-santos-e-vasco\/\" \/>\n<meta property=\"og:locale\" content=\"pt_BR\" \/>\n<meta property=\"og:type\" content=\"article\" \/>\n<meta property=\"og:title\" content=\"Neymar x Coutinho: veja como foi o \u00faltimo embate entre os craques de Santos e Vasco\" \/>\n<meta property=\"og:description\" content=\"O futebol brasileiro, sempre recheado de grandes duelos, promete mais um cap\u00edtulo interessante no pr\u00f3ximo domingo. Vasco e Santos se enfrentam em S\u00e3o Janu\u00e1rio pela primeira rodada do Brasileir\u00e3o, e a expectativa \u00e9 alta para ver dois dos maiores talentos do futebol brasileiro em campo: Philippe Coutinho e Neymar. Esse duelo, no entanto, n\u00e3o acontece [&hellip;]\" \/>\n<meta property=\"og:url\" content=\"https:\/\/www.gaveanews.com\/index.php\/2025\/03\/26\/neymar-x-coutinho-veja-como-foi-o-ultimo-embate-entre-os-craques-de-santos-e-vasco\/\" \/>\n<meta property=\"og:site_name\" content=\"G\u00e1vea News\" \/>\n<meta property=\"article:publisher\" content=\"https:\/\/facebook.com\/gaveaNews\/\" \/>\n<meta property=\"article:published_time\" content=\"2025-03-26T20:30:00+00:00\" \/>\n<meta property=\"og:image\" content=\"https:\/\/www.gaveanews.com\/wp-content\/uploads\/Neymar-em-acao-com-a-camisa-do-Santos-em-2025.webp\" \/>\n\t<meta property=\"og:image:width\" content=\"900\" \/>\n\t<meta property=\"og:image:height\" content=\"600\" \/>\n\t<meta property=\"og:image:type\" content=\"image\/jpeg\" \/>\n<meta name=\"author\" content=\"Leandro Cardoso\" \/>\n<meta name=\"twitter:card\" content=\"summary_large_image\" \/>\n<meta name=\"twitter:label1\" content=\"Escrito por\" \/>\n\t<meta name=\"twitter:data1\" content=\"Leandro Cardoso\" \/>\n\t<meta name=\"twitter:label2\" content=\"Est. tempo de leitura\" \/>\n\t<meta name=\"twitter:data2\" content=\"4 minutos\" \/>\n<script type=\"application\/ld+json\" class=\"yoast-schema-graph\">{\"@context\":\"https:\/\/schema.org\",\"@graph\":[{\"@type\":\"NewsArticle\",\"@id\":\"https:\/\/www.gaveanews.com\/index.php\/2025\/03\/26\/neymar-x-coutinho-veja-como-foi-o-ultimo-embate-entre-os-craques-de-santos-e-vasco\/#article\",\"isPartOf\":{\"@id\":\"https:\/\/www.gaveanews.com\/index.php\/2025\/03\/26\/neymar-x-coutinho-veja-como-foi-o-ultimo-embate-entre-os-craques-de-santos-e-vasco\/\"},\"author\":{\"name\":\"Leandro Cardoso\",\"@id\":\"https:\/\/www.gaveanews.com\/#\/schema\/person\/2424ec6409bc3f068411fc5e4e9b6168\"},\"headline\":\"Neymar x Coutinho: veja como foi o \u00faltimo embate entre os craques de Santos e Vasco\",\"datePublished\":\"2025-03-26T20:30:00+00:00\",\"mainEntityOfPage\":{\"@id\":\"https:\/\/www.gaveanews.com\/index.php\/2025\/03\/26\/neymar-x-coutinho-veja-como-foi-o-ultimo-embate-entre-os-craques-de-santos-e-vasco\/\"},\"wordCount\":600,\"commentCount\":0,\"image\":{\"@id\":\"https:\/\/www.gaveanews.com\/index.php\/2025\/03\/26\/neymar-x-coutinho-veja-como-foi-o-ultimo-embate-entre-os-craques-de-santos-e-vasco\/#primaryimage\"},\"thumbnailUrl\":\"https:\/\/www.gaveanews.com\/wp-content\/uploads\/Neymar-em-acao-com-a-camisa-do-Santos-em-2025.webp\",\"articleSection\":[\"Bayern de Munique\",\"PSG\",\"Santos\",\"Vasco\"],\"inLanguage\":\"pt-BR\",\"potentialAction\":[{\"@type\":\"CommentAction\",\"name\":\"Comment\",\"target\":[\"https:\/\/www.gaveanews.com\/index.php\/2025\/03\/26\/neymar-x-coutinho-veja-como-foi-o-ultimo-embate-entre-os-craques-de-santos-e-vasco\/#respond\"]}],\"copyrightYear\":\"2025\",\"copyrightHolder\":{\"@id\":\"https:\/\/www.gaveanews.com\/#organization\"}},{\"@type\":\"WebPage\",\"@id\":\"https:\/\/www.gaveanews.com\/index.php\/2025\/03\/26\/neymar-x-coutinho-veja-como-foi-o-ultimo-embate-entre-os-craques-de-santos-e-vasco\/\",\"url\":\"https:\/\/www.gaveanews.com\/index.php\/2025\/03\/26\/neymar-x-coutinho-veja-como-foi-o-ultimo-embate-entre-os-craques-de-santos-e-vasco\/\",\"name\":\"Neymar x Coutinho: veja como foi o \u00faltimo embate entre os craques de Santos e Vasco\",\"isPartOf\":{\"@id\":\"https:\/\/www.gaveanews.com\/#website\"},\"primaryImageOfPage\":{\"@id\":\"https:\/\/www.gaveanews.com\/index.php\/2025\/03\/26\/neymar-x-coutinho-veja-como-foi-o-ultimo-embate-entre-os-craques-de-santos-e-vasco\/#primaryimage\"},\"image\":{\"@id\":\"https:\/\/www.gaveanews.com\/index.php\/2025\/03\/26\/neymar-x-coutinho-veja-como-foi-o-ultimo-embate-entre-os-craques-de-santos-e-vasco\/#primaryimage\"},\"thumbnailUrl\":\"https:\/\/www.gaveanews.com\/wp-content\/uploads\/Neymar-em-acao-com-a-camisa-do-Santos-em-2025.webp\",\"datePublished\":\"2025-03-26T20:30:00+00:00\",\"author\":{\"@id\":\"https:\/\/www.gaveanews.com\/#\/schema\/person\/2424ec6409bc3f068411fc5e4e9b6168\"},\"breadcrumb\":{\"@id\":\"https:\/\/www.gaveanews.com\/index.php\/2025\/03\/26\/neymar-x-coutinho-veja-como-foi-o-ultimo-embate-entre-os-craques-de-santos-e-vasco\/#breadcrumb\"},\"inLanguage\":\"pt-BR\",\"potentialAction\":[{\"@type\":\"ReadAction\",\"target\":[\"https:\/\/www.gaveanews.com\/index.php\/2025\/03\/26\/neymar-x-coutinho-veja-como-foi-o-ultimo-embate-entre-os-craques-de-santos-e-vasco\/\"]}]},{\"@type\":\"ImageObject\",\"inLanguage\":\"pt-BR\",\"@id\":\"https:\/\/www.gaveanews.com\/index.php\/2025\/03\/26\/neymar-x-coutinho-veja-como-foi-o-ultimo-embate-entre-os-craques-de-santos-e-vasco\/#primaryimage\",\"url\":\"https:\/\/www.gaveanews.com\/wp-content\/uploads\/Neymar-em-acao-com-a-camisa-do-Santos-em-2025.webp\",\"contentUrl\":\"https:\/\/www.gaveanews.com\/wp-content\/uploads\/Neymar-em-acao-com-a-camisa-do-Santos-em-2025.webp\",\"width\":900,\"height\":600,\"caption\":\"Neymar em a\u00e7\u00e3o com a camisa do Santos em 2025 (Foto: Raul Baretta\/ Santos FC)\"},{\"@type\":\"BreadcrumbList\",\"@id\":\"https:\/\/www.gaveanews.com\/index.php\/2025\/03\/26\/neymar-x-coutinho-veja-como-foi-o-ultimo-embate-entre-os-craques-de-santos-e-vasco\/#breadcrumb\",\"itemListElement\":[{\"@type\":\"ListItem\",\"position\":1,\"name\":\"Home\",\"item\":\"https:\/\/www.gaveanews.com\/\"},{\"@type\":\"ListItem\",\"position\":2,\"name\":\"Neymar x Coutinho: veja como foi o \u00faltimo embate entre os craques de Santos e Vasco\"}]},{\"@type\":\"WebSite\",\"@id\":\"https:\/\/www.gaveanews.com\/#website\",\"url\":\"https:\/\/www.gaveanews.com\/\",\"name\":\"G\u00e1vea News\",\"description\":\"Veja todas as not\u00edcias sobre o Flamengo: Contrata\u00e7\u00f5es, categorias de base, resultados das partidas, tabela de classifica\u00e7\u00e3o, pr\u00f3ximos jogos!\",\"potentialAction\":[{\"@type\":\"SearchAction\",\"target\":{\"@type\":\"EntryPoint\",\"urlTemplate\":\"https:\/\/www.gaveanews.com\/?s={search_term_string}\"},\"query-input\":{\"@type\":\"PropertyValueSpecification\",\"valueRequired\":true,\"valueName\":\"search_term_string\"}}],\"inLanguage\":\"pt-BR\"},{\"@type\":\"Person\",\"@id\":\"https:\/\/www.gaveanews.com\/#\/schema\/person\/2424ec6409bc3f068411fc5e4e9b6168\",\"name\":\"Leandro Cardoso\",\"image\":{\"@type\":\"ImageObject\",\"inLanguage\":\"pt-BR\",\"@id\":\"https:\/\/www.gaveanews.com\/#\/schema\/person\/image\/\",\"url\":\"https:\/\/secure.gravatar.com\/avatar\/8ca179f9b55eefe9f376f5493ef25475bfa59fbc28ce937f6076ce20e523098f?s=96&d=mm&r=g\",\"contentUrl\":\"https:\/\/secure.gravatar.com\/avatar\/8ca179f9b55eefe9f376f5493ef25475bfa59fbc28ce937f6076ce20e523098f?s=96&d=mm&r=g\",\"caption\":\"Leandro Cardoso\"}}]}<\/script>\n<!-- \/ Yoast SEO Premium plugin. -->","yoast_head_json":{"title":"Neymar x Coutinho: veja como foi o \u00faltimo embate entre os craques de Santos e Vasco","robots":{"index":"index","follow":"follow","max-snippet":"max-snippet:-1","max-image-preview":"max-image-preview:large","max-video-preview":"max-video-preview:-1"},"canonical":"https:\/\/www.gaveanews.com\/index.php\/2025\/03\/26\/neymar-x-coutinho-veja-como-foi-o-ultimo-embate-entre-os-craques-de-santos-e-vasco\/","og_locale":"pt_BR","og_type":"article","og_title":"Neymar x Coutinho: veja como foi o \u00faltimo embate entre os craques de Santos e Vasco","og_description":"O futebol brasileiro, sempre recheado de grandes duelos, promete mais um cap\u00edtulo interessante no pr\u00f3ximo domingo. Vasco e Santos se enfrentam em S\u00e3o Janu\u00e1rio pela primeira rodada do Brasileir\u00e3o, e a expectativa \u00e9 alta para ver dois dos maiores talentos do futebol brasileiro em campo: Philippe Coutinho e Neymar. Esse duelo, no entanto, n\u00e3o acontece [&hellip;]","og_url":"https:\/\/www.gaveanews.com\/index.php\/2025\/03\/26\/neymar-x-coutinho-veja-como-foi-o-ultimo-embate-entre-os-craques-de-santos-e-vasco\/","og_site_name":"G\u00e1vea News","article_publisher":"https:\/\/facebook.com\/gaveaNews\/","article_published_time":"2025-03-26T20:30:00+00:00","og_image":[{"width":900,"height":600,"url":"https:\/\/www.gaveanews.com\/wp-content\/uploads\/Neymar-em-acao-com-a-camisa-do-Santos-em-2025.webp","type":"image\/jpeg"}],"author":"Leandro Cardoso","twitter_card":"summary_large_image","twitter_misc":{"Escrito por":"Leandro Cardoso","Est. tempo de leitura":"4 minutos"},"schema":{"@context":"https:\/\/schema.org","@graph":[{"@type":"NewsArticle","@id":"https:\/\/www.gaveanews.com\/index.php\/2025\/03\/26\/neymar-x-coutinho-veja-como-foi-o-ultimo-embate-entre-os-craques-de-santos-e-vasco\/#article","isPartOf":{"@id":"https:\/\/www.gaveanews.com\/index.php\/2025\/03\/26\/neymar-x-coutinho-veja-como-foi-o-ultimo-embate-entre-os-craques-de-santos-e-vasco\/"},"author":{"name":"Leandro Cardoso","@id":"https:\/\/www.gaveanews.com\/#\/schema\/person\/2424ec6409bc3f068411fc5e4e9b6168"},"headline":"Neymar x Coutinho: veja como foi o \u00faltimo embate entre os craques de Santos e Vasco","datePublished":"2025-03-26T20:30:00+00:00","mainEntityOfPage":{"@id":"https:\/\/www.gaveanews.com\/index.php\/2025\/03\/26\/neymar-x-coutinho-veja-como-foi-o-ultimo-embate-entre-os-craques-de-santos-e-vasco\/"},"wordCount":600,"commentCount":0,"image":{"@id":"https:\/\/www.gaveanews.com\/index.php\/2025\/03\/26\/neymar-x-coutinho-veja-como-foi-o-ultimo-embate-entre-os-craques-de-santos-e-vasco\/#primaryimage"},"thumbnailUrl":"https:\/\/www.gaveanews.com\/wp-content\/uploads\/Neymar-em-acao-com-a-camisa-do-Santos-em-2025.webp","articleSection":["Bayern de Munique","PSG","Santos","Vasco"],"inLanguage":"pt-BR","potentialAction":[{"@type":"CommentAction","name":"Comment","target":["https:\/\/www.gaveanews.com\/index.php\/2025\/03\/26\/neymar-x-coutinho-veja-como-foi-o-ultimo-embate-entre-os-craques-de-santos-e-vasco\/#respond"]}],"copyrightYear":"2025","copyrightHolder":{"@id":"https:\/\/www.gaveanews.com\/#organization"}},{"@type":"WebPage","@id":"https:\/\/www.gaveanews.com\/index.php\/2025\/03\/26\/neymar-x-coutinho-veja-como-foi-o-ultimo-embate-entre-os-craques-de-santos-e-vasco\/","url":"https:\/\/www.gaveanews.com\/index.php\/2025\/03\/26\/neymar-x-coutinho-veja-como-foi-o-ultimo-embate-entre-os-craques-de-santos-e-vasco\/","name":"Neymar x Coutinho: veja como foi o \u00faltimo embate entre os craques de Santos e Vasco","isPartOf":{"@id":"https:\/\/www.gaveanews.com\/#website"},"primaryImageOfPage":{"@id":"https:\/\/www.gaveanews.com\/index.php\/2025\/03\/26\/neymar-x-coutinho-veja-como-foi-o-ultimo-embate-entre-os-craques-de-santos-e-vasco\/#primaryimage"},"image":{"@id":"https:\/\/www.gaveanews.com\/index.php\/2025\/03\/26\/neymar-x-coutinho-veja-como-foi-o-ultimo-embate-entre-os-craques-de-santos-e-vasco\/#primaryimage"},"thumbnailUrl":"https:\/\/www.gaveanews.com\/wp-content\/uploads\/Neymar-em-acao-com-a-camisa-do-Santos-em-2025.webp","datePublished":"2025-03-26T20:30:00+00:00","author":{"@id":"https:\/\/www.gaveanews.com\/#\/schema\/person\/2424ec6409bc3f068411fc5e4e9b6168"},"breadcrumb":{"@id":"https:\/\/www.gaveanews.com\/index.php\/2025\/03\/26\/neymar-x-coutinho-veja-como-foi-o-ultimo-embate-entre-os-craques-de-santos-e-vasco\/#breadcrumb"},"inLanguage":"pt-BR","potentialAction":[{"@type":"ReadAction","target":["https:\/\/www.gaveanews.com\/index.php\/2025\/03\/26\/neymar-x-coutinho-veja-como-foi-o-ultimo-embate-entre-os-craques-de-santos-e-vasco\/"]}]},{"@type":"ImageObject","inLanguage":"pt-BR","@id":"https:\/\/www.gaveanews.com\/index.php\/2025\/03\/26\/neymar-x-coutinho-veja-como-foi-o-ultimo-embate-entre-os-craques-de-santos-e-vasco\/#primaryimage","url":"https:\/\/www.gaveanews.com\/wp-content\/uploads\/Neymar-em-acao-com-a-camisa-do-Santos-em-2025.webp","contentUrl":"https:\/\/www.gaveanews.com\/wp-content\/uploads\/Neymar-em-acao-com-a-camisa-do-Santos-em-2025.webp","width":900,"height":600,"caption":"Neymar em a\u00e7\u00e3o com a camisa do Santos em 2025 (Foto: Raul Baretta\/ Santos FC)"},{"@type":"BreadcrumbList","@id":"https:\/\/www.gaveanews.com\/index.php\/2025\/03\/26\/neymar-x-coutinho-veja-como-foi-o-ultimo-embate-entre-os-craques-de-santos-e-vasco\/#breadcrumb","itemListElement":[{"@type":"ListItem","position":1,"name":"Home","item":"https:\/\/www.gaveanews.com\/"},{"@type":"ListItem","position":2,"name":"Neymar x Coutinho: veja como foi o \u00faltimo embate entre os craques de Santos e Vasco"}]},{"@type":"WebSite","@id":"https:\/\/www.gaveanews.com\/#website","url":"https:\/\/www.gaveanews.com\/","name":"G\u00e1vea News","description":"Veja todas as not\u00edcias sobre o Flamengo: Contrata\u00e7\u00f5es, categorias de base, resultados das partidas, tabela de classifica\u00e7\u00e3o, pr\u00f3ximos jogos!","potentialAction":[{"@type":"SearchAction","target":{"@type":"EntryPoint","urlTemplate":"https:\/\/www.gaveanews.com\/?s={search_term_string}"},"query-input":{"@type":"PropertyValueSpecification","valueRequired":true,"valueName":"search_term_string"}}],"inLanguage":"pt-BR"},{"@type":"Person","@id":"https:\/\/www.gaveanews.com\/#\/schema\/person\/2424ec6409bc3f068411fc5e4e9b6168","name":"Leandro Cardoso","image":{"@type":"ImageObject","inLanguage":"pt-BR","@id":"https:\/\/www.gaveanews.com\/#\/schema\/person\/image\/","url":"https:\/\/secure.gravatar.com\/avatar\/8ca179f9b55eefe9f376f5493ef25475bfa59fbc28ce937f6076ce20e523098f?s=96&d=mm&r=g","contentUrl":"https:\/\/secure.gravatar.com\/avatar\/8ca179f9b55eefe9f376f5493ef25475bfa59fbc28ce937f6076ce20e523098f?s=96&d=mm&r=g","caption":"Leandro Cardoso"}}]}},"_links":{"self":[{"href":"https:\/\/www.gaveanews.com\/index.php\/wp-json\/wp\/v2\/posts\/245030","targetHints":{"allow":["GET"]}}],"collection":[{"href":"https:\/\/www.gaveanews.com\/index.php\/wp-json\/wp\/v2\/posts"}],"about":[{"href":"https:\/\/www.gaveanews.com\/index.php\/wp-json\/wp\/v2\/types\/post"}],"author":[{"embeddable":true,"href":"https:\/\/www.gaveanews.com\/index.php\/wp-json\/wp\/v2\/users\/24"}],"replies":[{"embeddable":true,"href":"https:\/\/www.gaveanews.com\/index.php\/wp-json\/wp\/v2\/comments?post=245030"}],"version-history":[{"count":1,"href":"https:\/\/www.gaveanews.com\/index.php\/wp-json\/wp\/v2\/posts\/245030\/revisions"}],"predecessor-version":[{"id":245036,"href":"https:\/\/www.gaveanews.com\/index.php\/wp-json\/wp\/v2\/posts\/245030\/revisions\/245036"}],"wp:featuredmedia":[{"embeddable":true,"href":"https:\/\/www.gaveanews.com\/index.php\/wp-json\/wp\/v2\/media\/244445"}],"wp:attachment":[{"href":"https:\/\/www.gaveanews.com\/index.php\/wp-json\/wp\/v2\/media?parent=245030"}],"wp:term":[{"taxonomy":"category","embeddable":true,"href":"https:\/\/www.gaveanews.com\/index.php\/wp-json\/wp\/v2\/categories?post=245030"},{"taxonomy":"post_tag","embeddable":true,"href":"https:\/\/www.gaveanews.com\/index.php\/wp-json\/wp\/v2\/tags?post=245030"}],"curies":[{"name":"wp","href":"https:\/\/api.w.org\/{rel}","templated":true}]}}