{"id":245031,"date":"2025-03-26T17:25:00","date_gmt":"2025-03-26T20:25:00","guid":{"rendered":"https:\/\/www.gaveanews.com\/?p=245031"},"modified":"2025-03-26T16:15:49","modified_gmt":"2025-03-26T19:15:49","slug":"cruzeiro-x-mirassol-a-declaracao-de-dudu","status":"publish","type":"post","link":"https:\/\/www.gaveanews.com\/index.php\/2025\/03\/26\/cruzeiro-x-mirassol-a-declaracao-de-dudu\/","title":{"rendered":"Cruzeiro x Mirassol: a declara\u00e7\u00e3o de Dudu"},"content":{"rendered":"\n<p>A estreia do Cruzeiro no Campeonato Brasileiro de 2025 ser\u00e1 um momento crucial para o time celeste, que enfrenta o Mirassol neste s\u00e1bado (29), \u00e0s 18h30 (de Bras\u00edlia), no Mineir\u00e3o.&nbsp;<\/p>\n\n\n\n<p>Com grande expectativa para iniciar a competi\u00e7\u00e3o com o p\u00e9 direito, o atacante Dudu, uma das figuras mais experientes do elenco, compartilhou sua vis\u00e3o sobre o jogo e o que espera da temporada.<\/p>\n\n\n\n<h2 class=\"wp-block-heading\" id=\"h-respeito-ao-adversario-e-foco-na-vitoria\">Respeito ao advers\u00e1rio e foco na vit\u00f3ria<\/h2>\n\n\n\n<figure class=\"wp-block-image size-full\"><img loading=\"lazy\" decoding=\"async\" width=\"900\" height=\"506\" src=\"http:\/\/www.gaveanews.com\/wp-content\/uploads\/Estadio-do-Mineirao-lotado-pela-torcida-do-Cruzeiro.webp\" alt=\"\" class=\"wp-image-147304\" srcset=\"https:\/\/www.gaveanews.com\/wp-content\/uploads\/Estadio-do-Mineirao-lotado-pela-torcida-do-Cruzeiro.webp 900w, https:\/\/www.gaveanews.com\/wp-content\/uploads\/Estadio-do-Mineirao-lotado-pela-torcida-do-Cruzeiro-300x169.webp 300w, https:\/\/www.gaveanews.com\/wp-content\/uploads\/Estadio-do-Mineirao-lotado-pela-torcida-do-Cruzeiro-768x432.webp 768w, https:\/\/www.gaveanews.com\/wp-content\/uploads\/Estadio-do-Mineirao-lotado-pela-torcida-do-Cruzeiro-747x420.webp 747w, https:\/\/www.gaveanews.com\/wp-content\/uploads\/Estadio-do-Mineirao-lotado-pela-torcida-do-Cruzeiro-640x360.webp 640w, https:\/\/www.gaveanews.com\/wp-content\/uploads\/Estadio-do-Mineirao-lotado-pela-torcida-do-Cruzeiro-681x383.webp 681w, https:\/\/www.gaveanews.com\/wp-content\/uploads\/Estadio-do-Mineirao-lotado-pela-torcida-do-Cruzeiro-100x56.webp 100w\" sizes=\"auto, (max-width: 900px) 100vw, 900px\" \/><figcaption class=\"wp-element-caption\">Est\u00e1dio do Mineir\u00e3o lotado pela torcida do Cruzeiro (Foto: Cristiane Mattos\/Light Press\/Cruzeiro)<\/figcaption><\/figure>\n\n\n\n<p>Dudu n\u00e3o esconde a press\u00e3o e o desejo de come\u00e7ar bem, mas ressalta a import\u00e2ncia de respeitar o advers\u00e1rio.&nbsp;<\/p>\n\n\n\n<p>\u201cA gente espera come\u00e7ar o Campeonato Brasileiro muito bem. Eu, particularmente, j\u00e1 joguei muitas vezes contra o Mirassol, \u00e9 uma equipe muito dif\u00edcil de jogar contra, em casa ou em Mirassol. A gente tem que pregar o respeito, \u00e9 a primeira vez que est\u00e3o disputando um campeonato de S\u00e9rie A. Eles n\u00e3o v\u00e3o facilitar contra o Cruzeiro ou contra qualquer outro time\u201d, disse o camisa 7.&nbsp;<\/p>\n\n\n\n<p>Vale destacar que o Mirassol vem com a moral de ter sido um dos clubes promovidos \u00e0 Primeira Divis\u00e3o ap\u00f3s uma campanha s\u00f3lida na S\u00e9rie B de 2024.<\/p>\n\n\n\n<p>Al\u00e9m disso, o atacante afirma que a prioridade \u00e9 agradar a torcida celeste com uma estreia vitoriosa.&nbsp;<\/p>\n\n\n\n<p>\u201cEsperamos fazer uma grande estreia s\u00e1bado, fazer o torcedor voltar feliz para casa. Que a torcida possa nos apoiar, (apoiar) todos os jogadores. N\u00e3o importa quem o professor vai colocar desde o in\u00edcio. Que ele possa nos conduzir nesse ano que ser\u00e1 muito dif\u00edcil\u201d, completou Dudu.<\/p>\n\n\n\n<h2 class=\"wp-block-heading\" id=\"h-pressao-por-resultados-e-o-foco-no-topo\">Press\u00e3o por resultados e o foco no topo<\/h2>\n\n\n\n<p>A press\u00e3o sobre o Cruzeiro \u00e9 inevit\u00e1vel, especialmente ap\u00f3s uma elimina\u00e7\u00e3o na semifinal do Campeonato Mineiro, onde as expectativas eram altas. O clube fez grandes investimentos e a cobran\u00e7a por resultados positivos ser\u00e1 constante ao longo da temporada.&nbsp;<\/p>\n\n\n\n<p>Dudu est\u00e1 ciente disso: \u201cQuando voc\u00ea coloca a camisa do Cruzeiro, seja em treino ou jogo, tem que saber que est\u00e1 jogando em time grande. Em time grande as pessoas cobram resultados, tanto torcida, presidente, diretor, treinador. A gente sabe que, se n\u00e3o der resultado, voc\u00ea pode estar aqui este ano e, no ano que vem, pode n\u00e3o estar. A gente tem que ter isso na consci\u00eancia, fazer o melhor\u201d, afirmou o atacante.<\/p>\n\n\n\n<p>Vale destacar que o Cruzeiro busca recuperar sua grandeza no cen\u00e1rio nacional.&nbsp;<\/p>\n\n\n\n<p>\u201cProcuramos fazer o Cruzeiro voltar para o topo. O Cruzeiro \u00e9 um time que merece estar brigando em todas as competi\u00e7\u00f5es para ser campe\u00e3o. Nossa mentalidade tem que ser essa, de todos os jogadores. N\u00e3o fizemos um bom Campeonato Mineiro, nossa obriga\u00e7\u00e3o era pelo menos chegar \u00e0 final, e n\u00e3o conseguimos. Sabemos que nas outras competi\u00e7\u00f5es temos que fazer melhor para brigarmos em cima da tabela\u201d, garantiu Dudu.<\/p>\n\n\n\n<h2 class=\"wp-block-heading\" id=\"h-expectativas-para-a-temporada\">Expectativas para a temporada<\/h2>\n\n\n\n<p>Com mais de 30 dias dedicados apenas a treinamentos, o Cruzeiro chega ao Brasileiro com uma prepara\u00e7\u00e3o mais intensa e focada. Dudu se mostrou confiante de que a postura do time ser\u00e1 diferente, especialmente ap\u00f3s o desempenho abaixo das expectativas no Campeonato Mineiro.&nbsp;<\/p>\n\n\n\n<p>\u201cEu espero que a gente possa fazer diferente do que fizemos no Mineiro, fomos muito abaixo. Tivemos muito tempo para treinar, para fazer o que o professor Jardim pediu\u201d, concluiu o atacante.<\/p>\n\n\n\n<p>Com isso, a estreia diante do Mirassol se torna ainda mais importante, n\u00e3o s\u00f3 pelo in\u00edcio de competi\u00e7\u00e3o, mas tamb\u00e9m pela oportunidade de mostrar que o Cruzeiro tem a ambi\u00e7\u00e3o e a capacidade de brigar por grandes objetivos no Campeonato Brasileiro.<\/p>\n","protected":false},"excerpt":{"rendered":"<p>A estreia do Cruzeiro no Campeonato Brasileiro de 2025 ser\u00e1 um momento crucial para o time celeste, que enfrenta o Mirassol neste s\u00e1bado (29), \u00e0s 18h30 (de Bras\u00edlia), no Mineir\u00e3o.&nbsp; Com grande expectativa para iniciar a competi\u00e7\u00e3o com o p\u00e9 direito, o atacante Dudu, uma das figuras mais experientes do elenco, compartilhou sua vis\u00e3o sobre [&hellip;]<\/p>\n","protected":false},"author":25,"featured_media":225511,"comment_status":"open","ping_status":"closed","sticky":false,"template":"","format":"standard","meta":{"footnotes":""},"categories":[143],"tags":[],"class_list":["post-245031","post","type-post","status-publish","format-standard","has-post-thumbnail","hentry","category-cruzeiro"],"yoast_head":"<!-- This site is optimized with the Yoast SEO Premium plugin v24.2 (Yoast SEO v26.9) - https:\/\/yoast.com\/product\/yoast-seo-premium-wordpress\/ -->\n<title>Cruzeiro x Mirassol: a declara\u00e7\u00e3o de Dudu<\/title>\n<meta name=\"robots\" content=\"index, follow, max-snippet:-1, max-image-preview:large, max-video-preview:-1\" \/>\n<link rel=\"canonical\" href=\"https:\/\/www.gaveanews.com\/index.php\/2025\/03\/26\/cruzeiro-x-mirassol-a-declaracao-de-dudu\/\" \/>\n<meta property=\"og:locale\" content=\"pt_BR\" \/>\n<meta property=\"og:type\" content=\"article\" \/>\n<meta property=\"og:title\" content=\"Cruzeiro x Mirassol: a declara\u00e7\u00e3o de Dudu\" \/>\n<meta property=\"og:description\" content=\"A estreia do Cruzeiro no Campeonato Brasileiro de 2025 ser\u00e1 um momento crucial para o time celeste, que enfrenta o Mirassol neste s\u00e1bado (29), \u00e0s 18h30 (de Bras\u00edlia), no Mineir\u00e3o.&nbsp; Com grande expectativa para iniciar a competi\u00e7\u00e3o com o p\u00e9 direito, o atacante Dudu, uma das figuras mais experientes do elenco, compartilhou sua vis\u00e3o sobre [&hellip;]\" \/>\n<meta property=\"og:url\" content=\"https:\/\/www.gaveanews.com\/index.php\/2025\/03\/26\/cruzeiro-x-mirassol-a-declaracao-de-dudu\/\" \/>\n<meta property=\"og:site_name\" content=\"G\u00e1vea News\" \/>\n<meta property=\"article:publisher\" content=\"https:\/\/facebook.com\/gaveaNews\/\" \/>\n<meta property=\"article:published_time\" content=\"2025-03-26T20:25:00+00:00\" \/>\n<meta property=\"og:image\" content=\"https:\/\/www.gaveanews.com\/wp-content\/uploads\/dudu-cruzeiro.webp\" \/>\n\t<meta property=\"og:image:width\" content=\"688\" \/>\n\t<meta property=\"og:image:height\" content=\"379\" \/>\n\t<meta property=\"og:image:type\" content=\"image\/png\" \/>\n<meta name=\"author\" content=\"Rafaela Ladeira\" \/>\n<meta name=\"twitter:card\" content=\"summary_large_image\" \/>\n<meta name=\"twitter:label1\" content=\"Escrito por\" \/>\n\t<meta name=\"twitter:data1\" content=\"Rafaela Ladeira\" \/>\n\t<meta name=\"twitter:label2\" content=\"Est. tempo de leitura\" \/>\n\t<meta name=\"twitter:data2\" content=\"4 minutos\" \/>\n<script type=\"application\/ld+json\" class=\"yoast-schema-graph\">{\"@context\":\"https:\/\/schema.org\",\"@graph\":[{\"@type\":\"NewsArticle\",\"@id\":\"https:\/\/www.gaveanews.com\/index.php\/2025\/03\/26\/cruzeiro-x-mirassol-a-declaracao-de-dudu\/#article\",\"isPartOf\":{\"@id\":\"https:\/\/www.gaveanews.com\/index.php\/2025\/03\/26\/cruzeiro-x-mirassol-a-declaracao-de-dudu\/\"},\"author\":{\"name\":\"Rafaela Ladeira\",\"@id\":\"https:\/\/www.gaveanews.com\/#\/schema\/person\/0eb3e3fe1754f0205218538adbe8f5ed\"},\"headline\":\"Cruzeiro x Mirassol: a declara\u00e7\u00e3o de Dudu\",\"datePublished\":\"2025-03-26T20:25:00+00:00\",\"mainEntityOfPage\":{\"@id\":\"https:\/\/www.gaveanews.com\/index.php\/2025\/03\/26\/cruzeiro-x-mirassol-a-declaracao-de-dudu\/\"},\"wordCount\":634,\"commentCount\":0,\"image\":{\"@id\":\"https:\/\/www.gaveanews.com\/index.php\/2025\/03\/26\/cruzeiro-x-mirassol-a-declaracao-de-dudu\/#primaryimage\"},\"thumbnailUrl\":\"https:\/\/www.gaveanews.com\/wp-content\/uploads\/dudu-cruzeiro.webp\",\"articleSection\":[\"Cruzeiro\"],\"inLanguage\":\"pt-BR\",\"potentialAction\":[{\"@type\":\"CommentAction\",\"name\":\"Comment\",\"target\":[\"https:\/\/www.gaveanews.com\/index.php\/2025\/03\/26\/cruzeiro-x-mirassol-a-declaracao-de-dudu\/#respond\"]}],\"copyrightYear\":\"2025\",\"copyrightHolder\":{\"@id\":\"https:\/\/www.gaveanews.com\/#organization\"}},{\"@type\":\"WebPage\",\"@id\":\"https:\/\/www.gaveanews.com\/index.php\/2025\/03\/26\/cruzeiro-x-mirassol-a-declaracao-de-dudu\/\",\"url\":\"https:\/\/www.gaveanews.com\/index.php\/2025\/03\/26\/cruzeiro-x-mirassol-a-declaracao-de-dudu\/\",\"name\":\"Cruzeiro x Mirassol: a declara\u00e7\u00e3o de Dudu\",\"isPartOf\":{\"@id\":\"https:\/\/www.gaveanews.com\/#website\"},\"primaryImageOfPage\":{\"@id\":\"https:\/\/www.gaveanews.com\/index.php\/2025\/03\/26\/cruzeiro-x-mirassol-a-declaracao-de-dudu\/#primaryimage\"},\"image\":{\"@id\":\"https:\/\/www.gaveanews.com\/index.php\/2025\/03\/26\/cruzeiro-x-mirassol-a-declaracao-de-dudu\/#primaryimage\"},\"thumbnailUrl\":\"https:\/\/www.gaveanews.com\/wp-content\/uploads\/dudu-cruzeiro.webp\",\"datePublished\":\"2025-03-26T20:25:00+00:00\",\"author\":{\"@id\":\"https:\/\/www.gaveanews.com\/#\/schema\/person\/0eb3e3fe1754f0205218538adbe8f5ed\"},\"breadcrumb\":{\"@id\":\"https:\/\/www.gaveanews.com\/index.php\/2025\/03\/26\/cruzeiro-x-mirassol-a-declaracao-de-dudu\/#breadcrumb\"},\"inLanguage\":\"pt-BR\",\"potentialAction\":[{\"@type\":\"ReadAction\",\"target\":[\"https:\/\/www.gaveanews.com\/index.php\/2025\/03\/26\/cruzeiro-x-mirassol-a-declaracao-de-dudu\/\"]}]},{\"@type\":\"ImageObject\",\"inLanguage\":\"pt-BR\",\"@id\":\"https:\/\/www.gaveanews.com\/index.php\/2025\/03\/26\/cruzeiro-x-mirassol-a-declaracao-de-dudu\/#primaryimage\",\"url\":\"https:\/\/www.gaveanews.com\/wp-content\/uploads\/dudu-cruzeiro.webp\",\"contentUrl\":\"https:\/\/www.gaveanews.com\/wp-content\/uploads\/dudu-cruzeiro.webp\",\"width\":688,\"height\":379,\"caption\":\"Dudu, jogador do Cruzeiro - Foto: Reprodu\u00e7\u00e3o\"},{\"@type\":\"BreadcrumbList\",\"@id\":\"https:\/\/www.gaveanews.com\/index.php\/2025\/03\/26\/cruzeiro-x-mirassol-a-declaracao-de-dudu\/#breadcrumb\",\"itemListElement\":[{\"@type\":\"ListItem\",\"position\":1,\"name\":\"Home\",\"item\":\"https:\/\/www.gaveanews.com\/\"},{\"@type\":\"ListItem\",\"position\":2,\"name\":\"Cruzeiro x Mirassol: a declara\u00e7\u00e3o de Dudu\"}]},{\"@type\":\"WebSite\",\"@id\":\"https:\/\/www.gaveanews.com\/#website\",\"url\":\"https:\/\/www.gaveanews.com\/\",\"name\":\"G\u00e1vea News\",\"description\":\"Veja todas as not\u00edcias sobre o Flamengo: Contrata\u00e7\u00f5es, categorias de base, resultados das partidas, tabela de classifica\u00e7\u00e3o, pr\u00f3ximos jogos!\",\"potentialAction\":[{\"@type\":\"SearchAction\",\"target\":{\"@type\":\"EntryPoint\",\"urlTemplate\":\"https:\/\/www.gaveanews.com\/?s={search_term_string}\"},\"query-input\":{\"@type\":\"PropertyValueSpecification\",\"valueRequired\":true,\"valueName\":\"search_term_string\"}}],\"inLanguage\":\"pt-BR\"},{\"@type\":\"Person\",\"@id\":\"https:\/\/www.gaveanews.com\/#\/schema\/person\/0eb3e3fe1754f0205218538adbe8f5ed\",\"name\":\"Rafaela Ladeira\",\"image\":{\"@type\":\"ImageObject\",\"inLanguage\":\"pt-BR\",\"@id\":\"https:\/\/www.gaveanews.com\/#\/schema\/person\/image\/\",\"url\":\"https:\/\/secure.gravatar.com\/avatar\/c31f513acffd85eacab5730cbdfdbbf59f21ba5aeada8cd890acea879fbb2455?s=96&d=mm&r=g\",\"contentUrl\":\"https:\/\/secure.gravatar.com\/avatar\/c31f513acffd85eacab5730cbdfdbbf59f21ba5aeada8cd890acea879fbb2455?s=96&d=mm&r=g\",\"caption\":\"Rafaela Ladeira\"}}]}<\/script>\n<!-- \/ Yoast SEO Premium plugin. -->","yoast_head_json":{"title":"Cruzeiro x Mirassol: a declara\u00e7\u00e3o de Dudu","robots":{"index":"index","follow":"follow","max-snippet":"max-snippet:-1","max-image-preview":"max-image-preview:large","max-video-preview":"max-video-preview:-1"},"canonical":"https:\/\/www.gaveanews.com\/index.php\/2025\/03\/26\/cruzeiro-x-mirassol-a-declaracao-de-dudu\/","og_locale":"pt_BR","og_type":"article","og_title":"Cruzeiro x Mirassol: a declara\u00e7\u00e3o de Dudu","og_description":"A estreia do Cruzeiro no Campeonato Brasileiro de 2025 ser\u00e1 um momento crucial para o time celeste, que enfrenta o Mirassol neste s\u00e1bado (29), \u00e0s 18h30 (de Bras\u00edlia), no Mineir\u00e3o.&nbsp; Com grande expectativa para iniciar a competi\u00e7\u00e3o com o p\u00e9 direito, o atacante Dudu, uma das figuras mais experientes do elenco, compartilhou sua vis\u00e3o sobre [&hellip;]","og_url":"https:\/\/www.gaveanews.com\/index.php\/2025\/03\/26\/cruzeiro-x-mirassol-a-declaracao-de-dudu\/","og_site_name":"G\u00e1vea News","article_publisher":"https:\/\/facebook.com\/gaveaNews\/","article_published_time":"2025-03-26T20:25:00+00:00","og_image":[{"width":688,"height":379,"url":"https:\/\/www.gaveanews.com\/wp-content\/uploads\/dudu-cruzeiro.webp","type":"image\/png"}],"author":"Rafaela Ladeira","twitter_card":"summary_large_image","twitter_misc":{"Escrito por":"Rafaela Ladeira","Est. tempo de leitura":"4 minutos"},"schema":{"@context":"https:\/\/schema.org","@graph":[{"@type":"NewsArticle","@id":"https:\/\/www.gaveanews.com\/index.php\/2025\/03\/26\/cruzeiro-x-mirassol-a-declaracao-de-dudu\/#article","isPartOf":{"@id":"https:\/\/www.gaveanews.com\/index.php\/2025\/03\/26\/cruzeiro-x-mirassol-a-declaracao-de-dudu\/"},"author":{"name":"Rafaela Ladeira","@id":"https:\/\/www.gaveanews.com\/#\/schema\/person\/0eb3e3fe1754f0205218538adbe8f5ed"},"headline":"Cruzeiro x Mirassol: a declara\u00e7\u00e3o de Dudu","datePublished":"2025-03-26T20:25:00+00:00","mainEntityOfPage":{"@id":"https:\/\/www.gaveanews.com\/index.php\/2025\/03\/26\/cruzeiro-x-mirassol-a-declaracao-de-dudu\/"},"wordCount":634,"commentCount":0,"image":{"@id":"https:\/\/www.gaveanews.com\/index.php\/2025\/03\/26\/cruzeiro-x-mirassol-a-declaracao-de-dudu\/#primaryimage"},"thumbnailUrl":"https:\/\/www.gaveanews.com\/wp-content\/uploads\/dudu-cruzeiro.webp","articleSection":["Cruzeiro"],"inLanguage":"pt-BR","potentialAction":[{"@type":"CommentAction","name":"Comment","target":["https:\/\/www.gaveanews.com\/index.php\/2025\/03\/26\/cruzeiro-x-mirassol-a-declaracao-de-dudu\/#respond"]}],"copyrightYear":"2025","copyrightHolder":{"@id":"https:\/\/www.gaveanews.com\/#organization"}},{"@type":"WebPage","@id":"https:\/\/www.gaveanews.com\/index.php\/2025\/03\/26\/cruzeiro-x-mirassol-a-declaracao-de-dudu\/","url":"https:\/\/www.gaveanews.com\/index.php\/2025\/03\/26\/cruzeiro-x-mirassol-a-declaracao-de-dudu\/","name":"Cruzeiro x Mirassol: a declara\u00e7\u00e3o de Dudu","isPartOf":{"@id":"https:\/\/www.gaveanews.com\/#website"},"primaryImageOfPage":{"@id":"https:\/\/www.gaveanews.com\/index.php\/2025\/03\/26\/cruzeiro-x-mirassol-a-declaracao-de-dudu\/#primaryimage"},"image":{"@id":"https:\/\/www.gaveanews.com\/index.php\/2025\/03\/26\/cruzeiro-x-mirassol-a-declaracao-de-dudu\/#primaryimage"},"thumbnailUrl":"https:\/\/www.gaveanews.com\/wp-content\/uploads\/dudu-cruzeiro.webp","datePublished":"2025-03-26T20:25:00+00:00","author":{"@id":"https:\/\/www.gaveanews.com\/#\/schema\/person\/0eb3e3fe1754f0205218538adbe8f5ed"},"breadcrumb":{"@id":"https:\/\/www.gaveanews.com\/index.php\/2025\/03\/26\/cruzeiro-x-mirassol-a-declaracao-de-dudu\/#breadcrumb"},"inLanguage":"pt-BR","potentialAction":[{"@type":"ReadAction","target":["https:\/\/www.gaveanews.com\/index.php\/2025\/03\/26\/cruzeiro-x-mirassol-a-declaracao-de-dudu\/"]}]},{"@type":"ImageObject","inLanguage":"pt-BR","@id":"https:\/\/www.gaveanews.com\/index.php\/2025\/03\/26\/cruzeiro-x-mirassol-a-declaracao-de-dudu\/#primaryimage","url":"https:\/\/www.gaveanews.com\/wp-content\/uploads\/dudu-cruzeiro.webp","contentUrl":"https:\/\/www.gaveanews.com\/wp-content\/uploads\/dudu-cruzeiro.webp","width":688,"height":379,"caption":"Dudu, jogador do Cruzeiro - Foto: Reprodu\u00e7\u00e3o"},{"@type":"BreadcrumbList","@id":"https:\/\/www.gaveanews.com\/index.php\/2025\/03\/26\/cruzeiro-x-mirassol-a-declaracao-de-dudu\/#breadcrumb","itemListElement":[{"@type":"ListItem","position":1,"name":"Home","item":"https:\/\/www.gaveanews.com\/"},{"@type":"ListItem","position":2,"name":"Cruzeiro x Mirassol: a declara\u00e7\u00e3o de Dudu"}]},{"@type":"WebSite","@id":"https:\/\/www.gaveanews.com\/#website","url":"https:\/\/www.gaveanews.com\/","name":"G\u00e1vea News","description":"Veja todas as not\u00edcias sobre o Flamengo: Contrata\u00e7\u00f5es, categorias de base, resultados das partidas, tabela de classifica\u00e7\u00e3o, pr\u00f3ximos jogos!","potentialAction":[{"@type":"SearchAction","target":{"@type":"EntryPoint","urlTemplate":"https:\/\/www.gaveanews.com\/?s={search_term_string}"},"query-input":{"@type":"PropertyValueSpecification","valueRequired":true,"valueName":"search_term_string"}}],"inLanguage":"pt-BR"},{"@type":"Person","@id":"https:\/\/www.gaveanews.com\/#\/schema\/person\/0eb3e3fe1754f0205218538adbe8f5ed","name":"Rafaela Ladeira","image":{"@type":"ImageObject","inLanguage":"pt-BR","@id":"https:\/\/www.gaveanews.com\/#\/schema\/person\/image\/","url":"https:\/\/secure.gravatar.com\/avatar\/c31f513acffd85eacab5730cbdfdbbf59f21ba5aeada8cd890acea879fbb2455?s=96&d=mm&r=g","contentUrl":"https:\/\/secure.gravatar.com\/avatar\/c31f513acffd85eacab5730cbdfdbbf59f21ba5aeada8cd890acea879fbb2455?s=96&d=mm&r=g","caption":"Rafaela Ladeira"}}]}},"_links":{"self":[{"href":"https:\/\/www.gaveanews.com\/index.php\/wp-json\/wp\/v2\/posts\/245031","targetHints":{"allow":["GET"]}}],"collection":[{"href":"https:\/\/www.gaveanews.com\/index.php\/wp-json\/wp\/v2\/posts"}],"about":[{"href":"https:\/\/www.gaveanews.com\/index.php\/wp-json\/wp\/v2\/types\/post"}],"author":[{"embeddable":true,"href":"https:\/\/www.gaveanews.com\/index.php\/wp-json\/wp\/v2\/users\/25"}],"replies":[{"embeddable":true,"href":"https:\/\/www.gaveanews.com\/index.php\/wp-json\/wp\/v2\/comments?post=245031"}],"version-history":[{"count":1,"href":"https:\/\/www.gaveanews.com\/index.php\/wp-json\/wp\/v2\/posts\/245031\/revisions"}],"predecessor-version":[{"id":245032,"href":"https:\/\/www.gaveanews.com\/index.php\/wp-json\/wp\/v2\/posts\/245031\/revisions\/245032"}],"wp:featuredmedia":[{"embeddable":true,"href":"https:\/\/www.gaveanews.com\/index.php\/wp-json\/wp\/v2\/media\/225511"}],"wp:attachment":[{"href":"https:\/\/www.gaveanews.com\/index.php\/wp-json\/wp\/v2\/media?parent=245031"}],"wp:term":[{"taxonomy":"category","embeddable":true,"href":"https:\/\/www.gaveanews.com\/index.php\/wp-json\/wp\/v2\/categories?post=245031"},{"taxonomy":"post_tag","embeddable":true,"href":"https:\/\/www.gaveanews.com\/index.php\/wp-json\/wp\/v2\/tags?post=245031"}],"curies":[{"name":"wp","href":"https:\/\/api.w.org\/{rel}","templated":true}]}}