{"id":245034,"date":"2025-03-26T17:35:00","date_gmt":"2025-03-26T20:35:00","guid":{"rendered":"https:\/\/www.gaveanews.com\/?p=245034"},"modified":"2025-03-26T16:22:44","modified_gmt":"2025-03-26T19:22:44","slug":"video-craque-neto-perde-o-controle-ao-vivo-apos-vexame-da-selecao-brasileira","status":"publish","type":"post","link":"https:\/\/www.gaveanews.com\/index.php\/2025\/03\/26\/video-craque-neto-perde-o-controle-ao-vivo-apos-vexame-da-selecao-brasileira\/","title":{"rendered":"V\u00eddeo: Craque Neto perde o controle ao vivo ap\u00f3s vexame da Sele\u00e7\u00e3o Brasileira"},"content":{"rendered":"\n<p>O programa &#8220;Donos da Bola&#8221; dessa quarta-feira (26) foi marcado por um momento inusitado que gerou repercuss\u00e3o nas redes sociais.&nbsp;<\/p>\n\n\n\n<p>O apresentador e ex-jogador, Craque Neto, ficou visivelmente irritado ap\u00f3s a derrota da Sele\u00e7\u00e3o Brasileira para a Argentina nas Eliminat\u00f3rias da Copa do Mundo, protagonizando um gesto que chamou a aten\u00e7\u00e3o de todos os telespectadores.<\/p>\n\n\n\n<h2 class=\"wp-block-heading\" id=\"h-craque-neto-vai-a-loucura-ao-vivo\">Craque Neto vai \u00e0 loucura ao vivo<\/h2>\n\n\n\n<p>Durante o programa, Neto comentou sobre a provoca\u00e7\u00e3o de Emiliano Mart\u00ednez, goleiro argentino, que gerou uma grande pol\u00eamica ap\u00f3s a partida.&nbsp;<\/p>\n\n\n\n<p>O arqueiro publicou em suas redes sociais uma foto da Sele\u00e7\u00e3o Argentina acompanhada da m\u00fasica &#8220;Balada&#8221;, de Gusttavo Lima, e Neto, incomodado com a atitude, decidiu imitar o gesto provocativo do goleiro. Por\u00e9m, o que parecia ser uma simples imita\u00e7\u00e3o virou uma explos\u00e3o de raiva.<\/p>\n\n\n\n<blockquote class=\"twitter-tweet\" data-media-max-width=\"560\"><p lang=\"pt\" dir=\"ltr\">CALMA CRAQUE NETO, OLHA O CORA\u00c7\u00c3O <br><br>KKKKKKKKKKKKKKKKKKKKKKKKKKKKKKKKKKKKKKKKKKKKKKKKKKKKKKKKKKKKKKKKKKKKKKKKKKKKKKKKKKKKKKKKKKKKKKKKKKKKKKKKKKKK<br><br> <a href=\"https:\/\/t.co\/SMrBcnQj2c\">pic.twitter.com\/SMrBcnQj2c<\/a><\/p>&mdash; REAL MIL GRAU (@realmilgrauu) <a href=\"https:\/\/twitter.com\/realmilgrauu\/status\/1904940153237360782?ref_src=twsrc%5Etfw\">March 26, 2025<\/a><\/blockquote> <script async src=\"https:\/\/platform.twitter.com\/widgets.js\" charset=\"utf-8\"><\/script>\n\n\n\n<p>&#8220;N\u00e3o quero mais essas almofadas aqui tamb\u00e9m! N\u00e3o quero mais! Pode tirar tudo! Tira tudo porque eu n\u00e3o quero nem saber. Est\u00e1 me incomodando&#8230;&#8221;, disparou Neto enquanto arrancava os objetos do cen\u00e1rio e os arremessava em dire\u00e7\u00e3o aos bastidores.&nbsp;<\/p>\n\n\n\n<h2 class=\"wp-block-heading\" id=\"h-a-provocacao-de-martinez-e-o-historico-de-polemicas\">A provoca\u00e7\u00e3o de Mart\u00ednez e o hist\u00f3rico de pol\u00eamicas<\/h2>\n\n\n\n<p>Vale destacar que o gesto de Emiliano Mart\u00ednez, que causou tanta revolta em Neto, remete a uma situa\u00e7\u00e3o pol\u00eamica durante a Copa do Mundo de 2022. Na ocasi\u00e3o, o goleiro argentino, eleito o melhor da competi\u00e7\u00e3o, fez um movimento provocativo com o trof\u00e9u, colocando-o pr\u00f3ximo \u00e0s suas partes \u00edntimas, o que viralizou nas redes sociais e dividiu opini\u00f5es.<\/p>\n\n\n\n<p>Dessa maneira, a provoca\u00e7\u00e3o de Mart\u00ednez n\u00e3o ficou apenas dentro do campo, mas foi estendida para as redes sociais, o que intensificou ainda mais o sentimento de revolta dos brasileiros, especialmente de Craque Neto, que, como ex-jogador e comentarista, tem uma grande rela\u00e7\u00e3o com a Sele\u00e7\u00e3o Brasileira.<\/p>\n\n\n\n<h2 class=\"wp-block-heading\" id=\"h-o-impacto-da-derrota-nas-eliminatorias\">O impacto da derrota nas Eliminat\u00f3rias<\/h2>\n\n\n\n<p>A derrota para a Argentina nas Eliminat\u00f3rias da Copa do Mundo acentuou a tens\u00e3o em torno do desempenho da Sele\u00e7\u00e3o Brasileira. Isso porque a derrota n\u00e3o foi apenas um rev\u00e9s dentro de campo, mas tamb\u00e9m gerou um cen\u00e1rio de cr\u00edticas e cobran\u00e7as, com muitos questionando a postura da equipe e do t\u00e9cnico.<\/p>\n\n\n\n<p>Com isso, a atitude de Craque Neto no &#8220;Donos da Bola&#8221; reflete um sentimento compartilhado por muitos torcedores brasileiros, que est\u00e3o insatisfeitos com o desempenho da Sele\u00e7\u00e3o e as provoca\u00e7\u00f5es vindas de rivais, como Emiliano Mart\u00ednez.<\/p>\n","protected":false},"excerpt":{"rendered":"<p>O programa &#8220;Donos da Bola&#8221; dessa quarta-feira (26) foi marcado por um momento inusitado que gerou repercuss\u00e3o nas redes sociais.&nbsp; O apresentador e ex-jogador, Craque Neto, ficou visivelmente irritado ap\u00f3s a derrota da Sele\u00e7\u00e3o Brasileira para a Argentina nas Eliminat\u00f3rias da Copa do Mundo, protagonizando um gesto que chamou a aten\u00e7\u00e3o de todos os telespectadores. [&hellip;]<\/p>\n","protected":false},"author":25,"featured_media":244433,"comment_status":"open","ping_status":"closed","sticky":false,"template":"","format":"standard","meta":{"footnotes":""},"categories":[478],"tags":[],"class_list":["post-245034","post","type-post","status-publish","format-standard","has-post-thumbnail","hentry","category-brasil"],"yoast_head":"<!-- This site is optimized with the Yoast SEO Premium plugin v24.2 (Yoast SEO v26.9) - https:\/\/yoast.com\/product\/yoast-seo-premium-wordpress\/ -->\n<title>V\u00eddeo: Craque Neto perde o controle ao vivo ap\u00f3s vexame da Sele\u00e7\u00e3o Brasileira<\/title>\n<meta name=\"robots\" content=\"index, follow, max-snippet:-1, max-image-preview:large, max-video-preview:-1\" \/>\n<link rel=\"canonical\" href=\"https:\/\/www.gaveanews.com\/index.php\/2025\/03\/26\/video-craque-neto-perde-o-controle-ao-vivo-apos-vexame-da-selecao-brasileira\/\" \/>\n<meta property=\"og:locale\" content=\"pt_BR\" \/>\n<meta property=\"og:type\" content=\"article\" \/>\n<meta property=\"og:title\" content=\"V\u00eddeo: Craque Neto perde o controle ao vivo ap\u00f3s vexame da Sele\u00e7\u00e3o Brasileira\" \/>\n<meta property=\"og:description\" content=\"O programa &#8220;Donos da Bola&#8221; dessa quarta-feira (26) foi marcado por um momento inusitado que gerou repercuss\u00e3o nas redes sociais.&nbsp; O apresentador e ex-jogador, Craque Neto, ficou visivelmente irritado ap\u00f3s a derrota da Sele\u00e7\u00e3o Brasileira para a Argentina nas Eliminat\u00f3rias da Copa do Mundo, protagonizando um gesto que chamou a aten\u00e7\u00e3o de todos os telespectadores. [&hellip;]\" \/>\n<meta property=\"og:url\" content=\"https:\/\/www.gaveanews.com\/index.php\/2025\/03\/26\/video-craque-neto-perde-o-controle-ao-vivo-apos-vexame-da-selecao-brasileira\/\" \/>\n<meta property=\"og:site_name\" content=\"G\u00e1vea News\" \/>\n<meta property=\"article:publisher\" content=\"https:\/\/facebook.com\/gaveaNews\/\" \/>\n<meta property=\"article:published_time\" content=\"2025-03-26T20:35:00+00:00\" \/>\n<meta property=\"og:image\" content=\"https:\/\/www.gaveanews.com\/wp-content\/uploads\/Craque-Neto-apresentador-da-Band.webp\" \/>\n\t<meta property=\"og:image:width\" content=\"900\" \/>\n\t<meta property=\"og:image:height\" content=\"600\" \/>\n\t<meta property=\"og:image:type\" content=\"image\/jpeg\" \/>\n<meta name=\"author\" content=\"Rafaela Ladeira\" \/>\n<meta name=\"twitter:card\" content=\"summary_large_image\" \/>\n<meta name=\"twitter:label1\" content=\"Escrito por\" \/>\n\t<meta name=\"twitter:data1\" content=\"Rafaela Ladeira\" \/>\n\t<meta name=\"twitter:label2\" content=\"Est. tempo de leitura\" \/>\n\t<meta name=\"twitter:data2\" content=\"3 minutos\" \/>\n<script type=\"application\/ld+json\" class=\"yoast-schema-graph\">{\"@context\":\"https:\/\/schema.org\",\"@graph\":[{\"@type\":\"NewsArticle\",\"@id\":\"https:\/\/www.gaveanews.com\/index.php\/2025\/03\/26\/video-craque-neto-perde-o-controle-ao-vivo-apos-vexame-da-selecao-brasileira\/#article\",\"isPartOf\":{\"@id\":\"https:\/\/www.gaveanews.com\/index.php\/2025\/03\/26\/video-craque-neto-perde-o-controle-ao-vivo-apos-vexame-da-selecao-brasileira\/\"},\"author\":{\"name\":\"Rafaela Ladeira\",\"@id\":\"https:\/\/www.gaveanews.com\/#\/schema\/person\/0eb3e3fe1754f0205218538adbe8f5ed\"},\"headline\":\"V\u00eddeo: Craque Neto perde o controle ao vivo ap\u00f3s vexame da Sele\u00e7\u00e3o Brasileira\",\"datePublished\":\"2025-03-26T20:35:00+00:00\",\"mainEntityOfPage\":{\"@id\":\"https:\/\/www.gaveanews.com\/index.php\/2025\/03\/26\/video-craque-neto-perde-o-controle-ao-vivo-apos-vexame-da-selecao-brasileira\/\"},\"wordCount\":462,\"commentCount\":0,\"image\":{\"@id\":\"https:\/\/www.gaveanews.com\/index.php\/2025\/03\/26\/video-craque-neto-perde-o-controle-ao-vivo-apos-vexame-da-selecao-brasileira\/#primaryimage\"},\"thumbnailUrl\":\"https:\/\/www.gaveanews.com\/wp-content\/uploads\/Craque-Neto-apresentador-da-Band.webp\",\"articleSection\":[\"Brasil\"],\"inLanguage\":\"pt-BR\",\"potentialAction\":[{\"@type\":\"CommentAction\",\"name\":\"Comment\",\"target\":[\"https:\/\/www.gaveanews.com\/index.php\/2025\/03\/26\/video-craque-neto-perde-o-controle-ao-vivo-apos-vexame-da-selecao-brasileira\/#respond\"]}],\"copyrightYear\":\"2025\",\"copyrightHolder\":{\"@id\":\"https:\/\/www.gaveanews.com\/#organization\"}},{\"@type\":\"WebPage\",\"@id\":\"https:\/\/www.gaveanews.com\/index.php\/2025\/03\/26\/video-craque-neto-perde-o-controle-ao-vivo-apos-vexame-da-selecao-brasileira\/\",\"url\":\"https:\/\/www.gaveanews.com\/index.php\/2025\/03\/26\/video-craque-neto-perde-o-controle-ao-vivo-apos-vexame-da-selecao-brasileira\/\",\"name\":\"V\u00eddeo: Craque Neto perde o controle ao vivo ap\u00f3s vexame da Sele\u00e7\u00e3o Brasileira\",\"isPartOf\":{\"@id\":\"https:\/\/www.gaveanews.com\/#website\"},\"primaryImageOfPage\":{\"@id\":\"https:\/\/www.gaveanews.com\/index.php\/2025\/03\/26\/video-craque-neto-perde-o-controle-ao-vivo-apos-vexame-da-selecao-brasileira\/#primaryimage\"},\"image\":{\"@id\":\"https:\/\/www.gaveanews.com\/index.php\/2025\/03\/26\/video-craque-neto-perde-o-controle-ao-vivo-apos-vexame-da-selecao-brasileira\/#primaryimage\"},\"thumbnailUrl\":\"https:\/\/www.gaveanews.com\/wp-content\/uploads\/Craque-Neto-apresentador-da-Band.webp\",\"datePublished\":\"2025-03-26T20:35:00+00:00\",\"author\":{\"@id\":\"https:\/\/www.gaveanews.com\/#\/schema\/person\/0eb3e3fe1754f0205218538adbe8f5ed\"},\"breadcrumb\":{\"@id\":\"https:\/\/www.gaveanews.com\/index.php\/2025\/03\/26\/video-craque-neto-perde-o-controle-ao-vivo-apos-vexame-da-selecao-brasileira\/#breadcrumb\"},\"inLanguage\":\"pt-BR\",\"potentialAction\":[{\"@type\":\"ReadAction\",\"target\":[\"https:\/\/www.gaveanews.com\/index.php\/2025\/03\/26\/video-craque-neto-perde-o-controle-ao-vivo-apos-vexame-da-selecao-brasileira\/\"]}]},{\"@type\":\"ImageObject\",\"inLanguage\":\"pt-BR\",\"@id\":\"https:\/\/www.gaveanews.com\/index.php\/2025\/03\/26\/video-craque-neto-perde-o-controle-ao-vivo-apos-vexame-da-selecao-brasileira\/#primaryimage\",\"url\":\"https:\/\/www.gaveanews.com\/wp-content\/uploads\/Craque-Neto-apresentador-da-Band.webp\",\"contentUrl\":\"https:\/\/www.gaveanews.com\/wp-content\/uploads\/Craque-Neto-apresentador-da-Band.webp\",\"width\":900,\"height\":600,\"caption\":\"Craque Neto, apresentador da Band (Foto: Kelly Fuzaro\/Band)\"},{\"@type\":\"BreadcrumbList\",\"@id\":\"https:\/\/www.gaveanews.com\/index.php\/2025\/03\/26\/video-craque-neto-perde-o-controle-ao-vivo-apos-vexame-da-selecao-brasileira\/#breadcrumb\",\"itemListElement\":[{\"@type\":\"ListItem\",\"position\":1,\"name\":\"Home\",\"item\":\"https:\/\/www.gaveanews.com\/\"},{\"@type\":\"ListItem\",\"position\":2,\"name\":\"V\u00eddeo: Craque Neto perde o controle ao vivo ap\u00f3s vexame da Sele\u00e7\u00e3o Brasileira\"}]},{\"@type\":\"WebSite\",\"@id\":\"https:\/\/www.gaveanews.com\/#website\",\"url\":\"https:\/\/www.gaveanews.com\/\",\"name\":\"G\u00e1vea News\",\"description\":\"Veja todas as not\u00edcias sobre o Flamengo: Contrata\u00e7\u00f5es, categorias de base, resultados das partidas, tabela de classifica\u00e7\u00e3o, pr\u00f3ximos jogos!\",\"potentialAction\":[{\"@type\":\"SearchAction\",\"target\":{\"@type\":\"EntryPoint\",\"urlTemplate\":\"https:\/\/www.gaveanews.com\/?s={search_term_string}\"},\"query-input\":{\"@type\":\"PropertyValueSpecification\",\"valueRequired\":true,\"valueName\":\"search_term_string\"}}],\"inLanguage\":\"pt-BR\"},{\"@type\":\"Person\",\"@id\":\"https:\/\/www.gaveanews.com\/#\/schema\/person\/0eb3e3fe1754f0205218538adbe8f5ed\",\"name\":\"Rafaela Ladeira\",\"image\":{\"@type\":\"ImageObject\",\"inLanguage\":\"pt-BR\",\"@id\":\"https:\/\/www.gaveanews.com\/#\/schema\/person\/image\/\",\"url\":\"https:\/\/secure.gravatar.com\/avatar\/c31f513acffd85eacab5730cbdfdbbf59f21ba5aeada8cd890acea879fbb2455?s=96&d=mm&r=g\",\"contentUrl\":\"https:\/\/secure.gravatar.com\/avatar\/c31f513acffd85eacab5730cbdfdbbf59f21ba5aeada8cd890acea879fbb2455?s=96&d=mm&r=g\",\"caption\":\"Rafaela Ladeira\"}}]}<\/script>\n<!-- \/ Yoast SEO Premium plugin. -->","yoast_head_json":{"title":"V\u00eddeo: Craque Neto perde o controle ao vivo ap\u00f3s vexame da Sele\u00e7\u00e3o Brasileira","robots":{"index":"index","follow":"follow","max-snippet":"max-snippet:-1","max-image-preview":"max-image-preview:large","max-video-preview":"max-video-preview:-1"},"canonical":"https:\/\/www.gaveanews.com\/index.php\/2025\/03\/26\/video-craque-neto-perde-o-controle-ao-vivo-apos-vexame-da-selecao-brasileira\/","og_locale":"pt_BR","og_type":"article","og_title":"V\u00eddeo: Craque Neto perde o controle ao vivo ap\u00f3s vexame da Sele\u00e7\u00e3o Brasileira","og_description":"O programa &#8220;Donos da Bola&#8221; dessa quarta-feira (26) foi marcado por um momento inusitado que gerou repercuss\u00e3o nas redes sociais.&nbsp; O apresentador e ex-jogador, Craque Neto, ficou visivelmente irritado ap\u00f3s a derrota da Sele\u00e7\u00e3o Brasileira para a Argentina nas Eliminat\u00f3rias da Copa do Mundo, protagonizando um gesto que chamou a aten\u00e7\u00e3o de todos os telespectadores. [&hellip;]","og_url":"https:\/\/www.gaveanews.com\/index.php\/2025\/03\/26\/video-craque-neto-perde-o-controle-ao-vivo-apos-vexame-da-selecao-brasileira\/","og_site_name":"G\u00e1vea News","article_publisher":"https:\/\/facebook.com\/gaveaNews\/","article_published_time":"2025-03-26T20:35:00+00:00","og_image":[{"width":900,"height":600,"url":"https:\/\/www.gaveanews.com\/wp-content\/uploads\/Craque-Neto-apresentador-da-Band.webp","type":"image\/jpeg"}],"author":"Rafaela Ladeira","twitter_card":"summary_large_image","twitter_misc":{"Escrito por":"Rafaela Ladeira","Est. tempo de leitura":"3 minutos"},"schema":{"@context":"https:\/\/schema.org","@graph":[{"@type":"NewsArticle","@id":"https:\/\/www.gaveanews.com\/index.php\/2025\/03\/26\/video-craque-neto-perde-o-controle-ao-vivo-apos-vexame-da-selecao-brasileira\/#article","isPartOf":{"@id":"https:\/\/www.gaveanews.com\/index.php\/2025\/03\/26\/video-craque-neto-perde-o-controle-ao-vivo-apos-vexame-da-selecao-brasileira\/"},"author":{"name":"Rafaela Ladeira","@id":"https:\/\/www.gaveanews.com\/#\/schema\/person\/0eb3e3fe1754f0205218538adbe8f5ed"},"headline":"V\u00eddeo: Craque Neto perde o controle ao vivo ap\u00f3s vexame da Sele\u00e7\u00e3o Brasileira","datePublished":"2025-03-26T20:35:00+00:00","mainEntityOfPage":{"@id":"https:\/\/www.gaveanews.com\/index.php\/2025\/03\/26\/video-craque-neto-perde-o-controle-ao-vivo-apos-vexame-da-selecao-brasileira\/"},"wordCount":462,"commentCount":0,"image":{"@id":"https:\/\/www.gaveanews.com\/index.php\/2025\/03\/26\/video-craque-neto-perde-o-controle-ao-vivo-apos-vexame-da-selecao-brasileira\/#primaryimage"},"thumbnailUrl":"https:\/\/www.gaveanews.com\/wp-content\/uploads\/Craque-Neto-apresentador-da-Band.webp","articleSection":["Brasil"],"inLanguage":"pt-BR","potentialAction":[{"@type":"CommentAction","name":"Comment","target":["https:\/\/www.gaveanews.com\/index.php\/2025\/03\/26\/video-craque-neto-perde-o-controle-ao-vivo-apos-vexame-da-selecao-brasileira\/#respond"]}],"copyrightYear":"2025","copyrightHolder":{"@id":"https:\/\/www.gaveanews.com\/#organization"}},{"@type":"WebPage","@id":"https:\/\/www.gaveanews.com\/index.php\/2025\/03\/26\/video-craque-neto-perde-o-controle-ao-vivo-apos-vexame-da-selecao-brasileira\/","url":"https:\/\/www.gaveanews.com\/index.php\/2025\/03\/26\/video-craque-neto-perde-o-controle-ao-vivo-apos-vexame-da-selecao-brasileira\/","name":"V\u00eddeo: Craque Neto perde o controle ao vivo ap\u00f3s vexame da Sele\u00e7\u00e3o Brasileira","isPartOf":{"@id":"https:\/\/www.gaveanews.com\/#website"},"primaryImageOfPage":{"@id":"https:\/\/www.gaveanews.com\/index.php\/2025\/03\/26\/video-craque-neto-perde-o-controle-ao-vivo-apos-vexame-da-selecao-brasileira\/#primaryimage"},"image":{"@id":"https:\/\/www.gaveanews.com\/index.php\/2025\/03\/26\/video-craque-neto-perde-o-controle-ao-vivo-apos-vexame-da-selecao-brasileira\/#primaryimage"},"thumbnailUrl":"https:\/\/www.gaveanews.com\/wp-content\/uploads\/Craque-Neto-apresentador-da-Band.webp","datePublished":"2025-03-26T20:35:00+00:00","author":{"@id":"https:\/\/www.gaveanews.com\/#\/schema\/person\/0eb3e3fe1754f0205218538adbe8f5ed"},"breadcrumb":{"@id":"https:\/\/www.gaveanews.com\/index.php\/2025\/03\/26\/video-craque-neto-perde-o-controle-ao-vivo-apos-vexame-da-selecao-brasileira\/#breadcrumb"},"inLanguage":"pt-BR","potentialAction":[{"@type":"ReadAction","target":["https:\/\/www.gaveanews.com\/index.php\/2025\/03\/26\/video-craque-neto-perde-o-controle-ao-vivo-apos-vexame-da-selecao-brasileira\/"]}]},{"@type":"ImageObject","inLanguage":"pt-BR","@id":"https:\/\/www.gaveanews.com\/index.php\/2025\/03\/26\/video-craque-neto-perde-o-controle-ao-vivo-apos-vexame-da-selecao-brasileira\/#primaryimage","url":"https:\/\/www.gaveanews.com\/wp-content\/uploads\/Craque-Neto-apresentador-da-Band.webp","contentUrl":"https:\/\/www.gaveanews.com\/wp-content\/uploads\/Craque-Neto-apresentador-da-Band.webp","width":900,"height":600,"caption":"Craque Neto, apresentador da Band (Foto: Kelly Fuzaro\/Band)"},{"@type":"BreadcrumbList","@id":"https:\/\/www.gaveanews.com\/index.php\/2025\/03\/26\/video-craque-neto-perde-o-controle-ao-vivo-apos-vexame-da-selecao-brasileira\/#breadcrumb","itemListElement":[{"@type":"ListItem","position":1,"name":"Home","item":"https:\/\/www.gaveanews.com\/"},{"@type":"ListItem","position":2,"name":"V\u00eddeo: Craque Neto perde o controle ao vivo ap\u00f3s vexame da Sele\u00e7\u00e3o Brasileira"}]},{"@type":"WebSite","@id":"https:\/\/www.gaveanews.com\/#website","url":"https:\/\/www.gaveanews.com\/","name":"G\u00e1vea News","description":"Veja todas as not\u00edcias sobre o Flamengo: Contrata\u00e7\u00f5es, categorias de base, resultados das partidas, tabela de classifica\u00e7\u00e3o, pr\u00f3ximos jogos!","potentialAction":[{"@type":"SearchAction","target":{"@type":"EntryPoint","urlTemplate":"https:\/\/www.gaveanews.com\/?s={search_term_string}"},"query-input":{"@type":"PropertyValueSpecification","valueRequired":true,"valueName":"search_term_string"}}],"inLanguage":"pt-BR"},{"@type":"Person","@id":"https:\/\/www.gaveanews.com\/#\/schema\/person\/0eb3e3fe1754f0205218538adbe8f5ed","name":"Rafaela Ladeira","image":{"@type":"ImageObject","inLanguage":"pt-BR","@id":"https:\/\/www.gaveanews.com\/#\/schema\/person\/image\/","url":"https:\/\/secure.gravatar.com\/avatar\/c31f513acffd85eacab5730cbdfdbbf59f21ba5aeada8cd890acea879fbb2455?s=96&d=mm&r=g","contentUrl":"https:\/\/secure.gravatar.com\/avatar\/c31f513acffd85eacab5730cbdfdbbf59f21ba5aeada8cd890acea879fbb2455?s=96&d=mm&r=g","caption":"Rafaela Ladeira"}}]}},"_links":{"self":[{"href":"https:\/\/www.gaveanews.com\/index.php\/wp-json\/wp\/v2\/posts\/245034","targetHints":{"allow":["GET"]}}],"collection":[{"href":"https:\/\/www.gaveanews.com\/index.php\/wp-json\/wp\/v2\/posts"}],"about":[{"href":"https:\/\/www.gaveanews.com\/index.php\/wp-json\/wp\/v2\/types\/post"}],"author":[{"embeddable":true,"href":"https:\/\/www.gaveanews.com\/index.php\/wp-json\/wp\/v2\/users\/25"}],"replies":[{"embeddable":true,"href":"https:\/\/www.gaveanews.com\/index.php\/wp-json\/wp\/v2\/comments?post=245034"}],"version-history":[{"count":1,"href":"https:\/\/www.gaveanews.com\/index.php\/wp-json\/wp\/v2\/posts\/245034\/revisions"}],"predecessor-version":[{"id":245037,"href":"https:\/\/www.gaveanews.com\/index.php\/wp-json\/wp\/v2\/posts\/245034\/revisions\/245037"}],"wp:featuredmedia":[{"embeddable":true,"href":"https:\/\/www.gaveanews.com\/index.php\/wp-json\/wp\/v2\/media\/244433"}],"wp:attachment":[{"href":"https:\/\/www.gaveanews.com\/index.php\/wp-json\/wp\/v2\/media?parent=245034"}],"wp:term":[{"taxonomy":"category","embeddable":true,"href":"https:\/\/www.gaveanews.com\/index.php\/wp-json\/wp\/v2\/categories?post=245034"},{"taxonomy":"post_tag","embeddable":true,"href":"https:\/\/www.gaveanews.com\/index.php\/wp-json\/wp\/v2\/tags?post=245034"}],"curies":[{"name":"wp","href":"https:\/\/api.w.org\/{rel}","templated":true}]}}