{"id":245070,"date":"2025-03-26T19:05:00","date_gmt":"2025-03-26T22:05:00","guid":{"rendered":"https:\/\/www.gaveanews.com\/?p=245070"},"modified":"2025-03-26T17:32:09","modified_gmt":"2025-03-26T20:32:09","slug":"corinthians-x-palmeiras-abel-ferreira-deve-usar-escalacao-inedita-na-final-do-paulistao","status":"publish","type":"post","link":"https:\/\/www.gaveanews.com\/index.php\/2025\/03\/26\/corinthians-x-palmeiras-abel-ferreira-deve-usar-escalacao-inedita-na-final-do-paulistao\/","title":{"rendered":"Corinthians x Palmeiras: Abel Ferreira deve usar escala\u00e7\u00e3o in\u00e9dita na final do Paulist\u00e3o"},"content":{"rendered":"\n<p>O Palmeiras ter\u00e1 um grande desafio pela frente na decis\u00e3o do Campeonato Paulista. Ap\u00f3s ser derrotado pelo Corinthians no primeiro jogo, dentro do Allianz Parque, a equipe de Abel Ferreira precisa reverter o placar na Neo Qu\u00edmica Arena para conquistar o tetracampeonato estadual.&nbsp;<\/p>\n\n\n\n<p>Para isso, mudan\u00e7as importantes podem ocorrer, e o treinador portugu\u00eas estuda uma nova forma\u00e7\u00e3o no meio-campo.<\/p>\n\n\n\n<h2 class=\"wp-block-heading\" id=\"h-meio-campo-pode-ter-surpresas-na-final\">Meio-campo pode ter surpresas na final<\/h2>\n\n\n\n<figure class=\"wp-block-image size-full\"><img loading=\"lazy\" decoding=\"async\" width=\"870\" height=\"458\" src=\"http:\/\/www.gaveanews.com\/wp-content\/uploads\/Abel-Ferreira-tecnico-do-Palmeiras.webp\" alt=\"\" class=\"wp-image-141983\" srcset=\"https:\/\/www.gaveanews.com\/wp-content\/uploads\/Abel-Ferreira-tecnico-do-Palmeiras.webp 870w, https:\/\/www.gaveanews.com\/wp-content\/uploads\/Abel-Ferreira-tecnico-do-Palmeiras-300x158.webp 300w, https:\/\/www.gaveanews.com\/wp-content\/uploads\/Abel-Ferreira-tecnico-do-Palmeiras-768x404.webp 768w, https:\/\/www.gaveanews.com\/wp-content\/uploads\/Abel-Ferreira-tecnico-do-Palmeiras-798x420.webp 798w, https:\/\/www.gaveanews.com\/wp-content\/uploads\/Abel-Ferreira-tecnico-do-Palmeiras-640x337.webp 640w, https:\/\/www.gaveanews.com\/wp-content\/uploads\/Abel-Ferreira-tecnico-do-Palmeiras-681x359.webp 681w, https:\/\/www.gaveanews.com\/wp-content\/uploads\/Abel-Ferreira-tecnico-do-Palmeiras-100x53.webp 100w\" sizes=\"auto, (max-width: 870px) 100vw, 870px\" \/><figcaption class=\"wp-element-caption\">Abel Ferreira &#8211; Foto: C\u00e9sar Greco \/ Palmeiras<\/figcaption><\/figure>\n\n\n\n<p>A escala\u00e7\u00e3o do Verd\u00e3o ainda \u00e9 um mist\u00e9rio, mas h\u00e1 ind\u00edcios de que Abel Ferreira pode mexer no setor central da equipe. A preocupa\u00e7\u00e3o com Richard R\u00edos, que atuou nas Eliminat\u00f3rias pela Col\u00f4mbia e pode estar fisicamente desgastado, abre espa\u00e7o para uma dupla pouco utilizada at\u00e9 aqui: An\u00edbal Moreno e Emiliano Mart\u00ednez.<\/p>\n\n\n\n<p>Vale destacar que os dois jogaram juntos por poucos minutos em apenas duas partidas na temporada. No entanto, An\u00edbal tem mostrado evolu\u00e7\u00e3o nos treinamentos durante a Data FIFA, o que pode garantir sua presen\u00e7a entre os titulares.&nbsp;<\/p>\n\n\n\n<p>Al\u00e9m disso, Mart\u00ednez, que foi convocado pela sele\u00e7\u00e3o uruguaia, n\u00e3o entrou em campo sob o comando de Marcelo Bielsa, o que garante que ele estar\u00e1 fisicamente pronto para a decis\u00e3o.<\/p>\n\n\n\n<h2 class=\"wp-block-heading\" id=\"h-abel-ferreira-busca-alternativas-para-superar-desfalques\">Abel Ferreira busca alternativas para superar desfalques<\/h2>\n\n\n\n<p>Com Gustavo G\u00f3mez e Paulinho sendo d\u00favidas para a final, o t\u00e9cnico portugu\u00eas precisa encontrar solu\u00e7\u00f5es para manter o time competitivo. Dessa maneira, a op\u00e7\u00e3o por um meio-campo mais renovado pode ser uma aposta para controlar a partida e evitar que o Corinthians dite o ritmo do jogo.<\/p>\n\n\n\n<p>Por isso, a forma\u00e7\u00e3o in\u00e9dita com An\u00edbal e Mart\u00ednez ganha for\u00e7a. Cabe ressaltar que Abel Ferreira j\u00e1 surpreendeu em momentos decisivos e, sendo assim, n\u00e3o seria novidade se ele apostasse em jogadores que ainda n\u00e3o tiveram muito tempo de jogo juntos.<\/p>\n\n\n\n<p>Com isso, o Palmeiras chega \u00e0 decis\u00e3o com d\u00favidas na escala\u00e7\u00e3o, mas com um plano bem definido para buscar o t\u00edtulo. Resta saber se a estrat\u00e9gia do treinador ser\u00e1 suficiente para superar o rival e garantir o t\u00e3o esperado tetracampeonato estadual.<\/p>\n","protected":false},"excerpt":{"rendered":"<p>O Palmeiras ter\u00e1 um grande desafio pela frente na decis\u00e3o do Campeonato Paulista. Ap\u00f3s ser derrotado pelo Corinthians no primeiro jogo, dentro do Allianz Parque, a equipe de Abel Ferreira precisa reverter o placar na Neo Qu\u00edmica Arena para conquistar o tetracampeonato estadual.&nbsp; Para isso, mudan\u00e7as importantes podem ocorrer, e o treinador portugu\u00eas estuda uma [&hellip;]<\/p>\n","protected":false},"author":25,"featured_media":102760,"comment_status":"open","ping_status":"closed","sticky":false,"template":"","format":"standard","meta":{"footnotes":""},"categories":[150],"tags":[],"class_list":["post-245070","post","type-post","status-publish","format-standard","has-post-thumbnail","hentry","category-palmeiras"],"yoast_head":"<!-- This site is optimized with the Yoast SEO Premium plugin v24.2 (Yoast SEO v26.9) - https:\/\/yoast.com\/product\/yoast-seo-premium-wordpress\/ -->\n<title>Corinthians x Palmeiras: Abel Ferreira deve usar escala\u00e7\u00e3o in\u00e9dita na final do Paulist\u00e3o<\/title>\n<meta name=\"robots\" content=\"index, follow, max-snippet:-1, max-image-preview:large, max-video-preview:-1\" \/>\n<link rel=\"canonical\" href=\"https:\/\/www.gaveanews.com\/index.php\/2025\/03\/26\/corinthians-x-palmeiras-abel-ferreira-deve-usar-escalacao-inedita-na-final-do-paulistao\/\" \/>\n<meta property=\"og:locale\" content=\"pt_BR\" \/>\n<meta property=\"og:type\" content=\"article\" \/>\n<meta property=\"og:title\" content=\"Corinthians x Palmeiras: Abel Ferreira deve usar escala\u00e7\u00e3o in\u00e9dita na final do Paulist\u00e3o\" \/>\n<meta property=\"og:description\" content=\"O Palmeiras ter\u00e1 um grande desafio pela frente na decis\u00e3o do Campeonato Paulista. Ap\u00f3s ser derrotado pelo Corinthians no primeiro jogo, dentro do Allianz Parque, a equipe de Abel Ferreira precisa reverter o placar na Neo Qu\u00edmica Arena para conquistar o tetracampeonato estadual.&nbsp; Para isso, mudan\u00e7as importantes podem ocorrer, e o treinador portugu\u00eas estuda uma [&hellip;]\" \/>\n<meta property=\"og:url\" content=\"https:\/\/www.gaveanews.com\/index.php\/2025\/03\/26\/corinthians-x-palmeiras-abel-ferreira-deve-usar-escalacao-inedita-na-final-do-paulistao\/\" \/>\n<meta property=\"og:site_name\" content=\"G\u00e1vea News\" \/>\n<meta property=\"article:publisher\" content=\"https:\/\/facebook.com\/gaveaNews\/\" \/>\n<meta property=\"article:published_time\" content=\"2025-03-26T22:05:00+00:00\" \/>\n<meta property=\"og:image\" content=\"https:\/\/www.gaveanews.com\/wp-content\/uploads\/chrome_ODu3uwWaKP.webp\" \/>\n\t<meta property=\"og:image:width\" content=\"840\" \/>\n\t<meta property=\"og:image:height\" content=\"510\" \/>\n\t<meta property=\"og:image:type\" content=\"image\/png\" \/>\n<meta name=\"author\" content=\"Rafaela Ladeira\" \/>\n<meta name=\"twitter:card\" content=\"summary_large_image\" \/>\n<meta name=\"twitter:label1\" content=\"Escrito por\" \/>\n\t<meta name=\"twitter:data1\" content=\"Rafaela Ladeira\" \/>\n\t<meta name=\"twitter:label2\" content=\"Est. tempo de leitura\" \/>\n\t<meta name=\"twitter:data2\" content=\"3 minutos\" \/>\n<script type=\"application\/ld+json\" class=\"yoast-schema-graph\">{\"@context\":\"https:\/\/schema.org\",\"@graph\":[{\"@type\":\"NewsArticle\",\"@id\":\"https:\/\/www.gaveanews.com\/index.php\/2025\/03\/26\/corinthians-x-palmeiras-abel-ferreira-deve-usar-escalacao-inedita-na-final-do-paulistao\/#article\",\"isPartOf\":{\"@id\":\"https:\/\/www.gaveanews.com\/index.php\/2025\/03\/26\/corinthians-x-palmeiras-abel-ferreira-deve-usar-escalacao-inedita-na-final-do-paulistao\/\"},\"author\":{\"name\":\"Rafaela Ladeira\",\"@id\":\"https:\/\/www.gaveanews.com\/#\/schema\/person\/0eb3e3fe1754f0205218538adbe8f5ed\"},\"headline\":\"Corinthians x Palmeiras: Abel Ferreira deve usar escala\u00e7\u00e3o in\u00e9dita na final do Paulist\u00e3o\",\"datePublished\":\"2025-03-26T22:05:00+00:00\",\"mainEntityOfPage\":{\"@id\":\"https:\/\/www.gaveanews.com\/index.php\/2025\/03\/26\/corinthians-x-palmeiras-abel-ferreira-deve-usar-escalacao-inedita-na-final-do-paulistao\/\"},\"wordCount\":389,\"commentCount\":0,\"image\":{\"@id\":\"https:\/\/www.gaveanews.com\/index.php\/2025\/03\/26\/corinthians-x-palmeiras-abel-ferreira-deve-usar-escalacao-inedita-na-final-do-paulistao\/#primaryimage\"},\"thumbnailUrl\":\"https:\/\/www.gaveanews.com\/wp-content\/uploads\/chrome_ODu3uwWaKP.webp\",\"articleSection\":[\"Palmeiras\"],\"inLanguage\":\"pt-BR\",\"potentialAction\":[{\"@type\":\"CommentAction\",\"name\":\"Comment\",\"target\":[\"https:\/\/www.gaveanews.com\/index.php\/2025\/03\/26\/corinthians-x-palmeiras-abel-ferreira-deve-usar-escalacao-inedita-na-final-do-paulistao\/#respond\"]}],\"copyrightYear\":\"2025\",\"copyrightHolder\":{\"@id\":\"https:\/\/www.gaveanews.com\/#organization\"}},{\"@type\":\"WebPage\",\"@id\":\"https:\/\/www.gaveanews.com\/index.php\/2025\/03\/26\/corinthians-x-palmeiras-abel-ferreira-deve-usar-escalacao-inedita-na-final-do-paulistao\/\",\"url\":\"https:\/\/www.gaveanews.com\/index.php\/2025\/03\/26\/corinthians-x-palmeiras-abel-ferreira-deve-usar-escalacao-inedita-na-final-do-paulistao\/\",\"name\":\"Corinthians x Palmeiras: Abel Ferreira deve usar escala\u00e7\u00e3o in\u00e9dita na final do Paulist\u00e3o\",\"isPartOf\":{\"@id\":\"https:\/\/www.gaveanews.com\/#website\"},\"primaryImageOfPage\":{\"@id\":\"https:\/\/www.gaveanews.com\/index.php\/2025\/03\/26\/corinthians-x-palmeiras-abel-ferreira-deve-usar-escalacao-inedita-na-final-do-paulistao\/#primaryimage\"},\"image\":{\"@id\":\"https:\/\/www.gaveanews.com\/index.php\/2025\/03\/26\/corinthians-x-palmeiras-abel-ferreira-deve-usar-escalacao-inedita-na-final-do-paulistao\/#primaryimage\"},\"thumbnailUrl\":\"https:\/\/www.gaveanews.com\/wp-content\/uploads\/chrome_ODu3uwWaKP.webp\",\"datePublished\":\"2025-03-26T22:05:00+00:00\",\"author\":{\"@id\":\"https:\/\/www.gaveanews.com\/#\/schema\/person\/0eb3e3fe1754f0205218538adbe8f5ed\"},\"breadcrumb\":{\"@id\":\"https:\/\/www.gaveanews.com\/index.php\/2025\/03\/26\/corinthians-x-palmeiras-abel-ferreira-deve-usar-escalacao-inedita-na-final-do-paulistao\/#breadcrumb\"},\"inLanguage\":\"pt-BR\",\"potentialAction\":[{\"@type\":\"ReadAction\",\"target\":[\"https:\/\/www.gaveanews.com\/index.php\/2025\/03\/26\/corinthians-x-palmeiras-abel-ferreira-deve-usar-escalacao-inedita-na-final-do-paulistao\/\"]}]},{\"@type\":\"ImageObject\",\"inLanguage\":\"pt-BR\",\"@id\":\"https:\/\/www.gaveanews.com\/index.php\/2025\/03\/26\/corinthians-x-palmeiras-abel-ferreira-deve-usar-escalacao-inedita-na-final-do-paulistao\/#primaryimage\",\"url\":\"https:\/\/www.gaveanews.com\/wp-content\/uploads\/chrome_ODu3uwWaKP.webp\",\"contentUrl\":\"https:\/\/www.gaveanews.com\/wp-content\/uploads\/chrome_ODu3uwWaKP.webp\",\"width\":840,\"height\":510,\"caption\":\"Abel Ferreira em Jogo pelo Palmeiras - Foto Reprodu\u00e7\u00e3o\"},{\"@type\":\"BreadcrumbList\",\"@id\":\"https:\/\/www.gaveanews.com\/index.php\/2025\/03\/26\/corinthians-x-palmeiras-abel-ferreira-deve-usar-escalacao-inedita-na-final-do-paulistao\/#breadcrumb\",\"itemListElement\":[{\"@type\":\"ListItem\",\"position\":1,\"name\":\"Home\",\"item\":\"https:\/\/www.gaveanews.com\/\"},{\"@type\":\"ListItem\",\"position\":2,\"name\":\"Corinthians x Palmeiras: Abel Ferreira deve usar escala\u00e7\u00e3o in\u00e9dita na final do Paulist\u00e3o\"}]},{\"@type\":\"WebSite\",\"@id\":\"https:\/\/www.gaveanews.com\/#website\",\"url\":\"https:\/\/www.gaveanews.com\/\",\"name\":\"G\u00e1vea News\",\"description\":\"Veja todas as not\u00edcias sobre o Flamengo: Contrata\u00e7\u00f5es, categorias de base, resultados das partidas, tabela de classifica\u00e7\u00e3o, pr\u00f3ximos jogos!\",\"potentialAction\":[{\"@type\":\"SearchAction\",\"target\":{\"@type\":\"EntryPoint\",\"urlTemplate\":\"https:\/\/www.gaveanews.com\/?s={search_term_string}\"},\"query-input\":{\"@type\":\"PropertyValueSpecification\",\"valueRequired\":true,\"valueName\":\"search_term_string\"}}],\"inLanguage\":\"pt-BR\"},{\"@type\":\"Person\",\"@id\":\"https:\/\/www.gaveanews.com\/#\/schema\/person\/0eb3e3fe1754f0205218538adbe8f5ed\",\"name\":\"Rafaela Ladeira\",\"image\":{\"@type\":\"ImageObject\",\"inLanguage\":\"pt-BR\",\"@id\":\"https:\/\/www.gaveanews.com\/#\/schema\/person\/image\/\",\"url\":\"https:\/\/secure.gravatar.com\/avatar\/c31f513acffd85eacab5730cbdfdbbf59f21ba5aeada8cd890acea879fbb2455?s=96&d=mm&r=g\",\"contentUrl\":\"https:\/\/secure.gravatar.com\/avatar\/c31f513acffd85eacab5730cbdfdbbf59f21ba5aeada8cd890acea879fbb2455?s=96&d=mm&r=g\",\"caption\":\"Rafaela Ladeira\"}}]}<\/script>\n<!-- \/ Yoast SEO Premium plugin. -->","yoast_head_json":{"title":"Corinthians x Palmeiras: Abel Ferreira deve usar escala\u00e7\u00e3o in\u00e9dita na final do Paulist\u00e3o","robots":{"index":"index","follow":"follow","max-snippet":"max-snippet:-1","max-image-preview":"max-image-preview:large","max-video-preview":"max-video-preview:-1"},"canonical":"https:\/\/www.gaveanews.com\/index.php\/2025\/03\/26\/corinthians-x-palmeiras-abel-ferreira-deve-usar-escalacao-inedita-na-final-do-paulistao\/","og_locale":"pt_BR","og_type":"article","og_title":"Corinthians x Palmeiras: Abel Ferreira deve usar escala\u00e7\u00e3o in\u00e9dita na final do Paulist\u00e3o","og_description":"O Palmeiras ter\u00e1 um grande desafio pela frente na decis\u00e3o do Campeonato Paulista. Ap\u00f3s ser derrotado pelo Corinthians no primeiro jogo, dentro do Allianz Parque, a equipe de Abel Ferreira precisa reverter o placar na Neo Qu\u00edmica Arena para conquistar o tetracampeonato estadual.&nbsp; Para isso, mudan\u00e7as importantes podem ocorrer, e o treinador portugu\u00eas estuda uma [&hellip;]","og_url":"https:\/\/www.gaveanews.com\/index.php\/2025\/03\/26\/corinthians-x-palmeiras-abel-ferreira-deve-usar-escalacao-inedita-na-final-do-paulistao\/","og_site_name":"G\u00e1vea News","article_publisher":"https:\/\/facebook.com\/gaveaNews\/","article_published_time":"2025-03-26T22:05:00+00:00","og_image":[{"width":840,"height":510,"url":"https:\/\/www.gaveanews.com\/wp-content\/uploads\/chrome_ODu3uwWaKP.webp","type":"image\/png"}],"author":"Rafaela Ladeira","twitter_card":"summary_large_image","twitter_misc":{"Escrito por":"Rafaela Ladeira","Est. tempo de leitura":"3 minutos"},"schema":{"@context":"https:\/\/schema.org","@graph":[{"@type":"NewsArticle","@id":"https:\/\/www.gaveanews.com\/index.php\/2025\/03\/26\/corinthians-x-palmeiras-abel-ferreira-deve-usar-escalacao-inedita-na-final-do-paulistao\/#article","isPartOf":{"@id":"https:\/\/www.gaveanews.com\/index.php\/2025\/03\/26\/corinthians-x-palmeiras-abel-ferreira-deve-usar-escalacao-inedita-na-final-do-paulistao\/"},"author":{"name":"Rafaela Ladeira","@id":"https:\/\/www.gaveanews.com\/#\/schema\/person\/0eb3e3fe1754f0205218538adbe8f5ed"},"headline":"Corinthians x Palmeiras: Abel Ferreira deve usar escala\u00e7\u00e3o in\u00e9dita na final do Paulist\u00e3o","datePublished":"2025-03-26T22:05:00+00:00","mainEntityOfPage":{"@id":"https:\/\/www.gaveanews.com\/index.php\/2025\/03\/26\/corinthians-x-palmeiras-abel-ferreira-deve-usar-escalacao-inedita-na-final-do-paulistao\/"},"wordCount":389,"commentCount":0,"image":{"@id":"https:\/\/www.gaveanews.com\/index.php\/2025\/03\/26\/corinthians-x-palmeiras-abel-ferreira-deve-usar-escalacao-inedita-na-final-do-paulistao\/#primaryimage"},"thumbnailUrl":"https:\/\/www.gaveanews.com\/wp-content\/uploads\/chrome_ODu3uwWaKP.webp","articleSection":["Palmeiras"],"inLanguage":"pt-BR","potentialAction":[{"@type":"CommentAction","name":"Comment","target":["https:\/\/www.gaveanews.com\/index.php\/2025\/03\/26\/corinthians-x-palmeiras-abel-ferreira-deve-usar-escalacao-inedita-na-final-do-paulistao\/#respond"]}],"copyrightYear":"2025","copyrightHolder":{"@id":"https:\/\/www.gaveanews.com\/#organization"}},{"@type":"WebPage","@id":"https:\/\/www.gaveanews.com\/index.php\/2025\/03\/26\/corinthians-x-palmeiras-abel-ferreira-deve-usar-escalacao-inedita-na-final-do-paulistao\/","url":"https:\/\/www.gaveanews.com\/index.php\/2025\/03\/26\/corinthians-x-palmeiras-abel-ferreira-deve-usar-escalacao-inedita-na-final-do-paulistao\/","name":"Corinthians x Palmeiras: Abel Ferreira deve usar escala\u00e7\u00e3o in\u00e9dita na final do Paulist\u00e3o","isPartOf":{"@id":"https:\/\/www.gaveanews.com\/#website"},"primaryImageOfPage":{"@id":"https:\/\/www.gaveanews.com\/index.php\/2025\/03\/26\/corinthians-x-palmeiras-abel-ferreira-deve-usar-escalacao-inedita-na-final-do-paulistao\/#primaryimage"},"image":{"@id":"https:\/\/www.gaveanews.com\/index.php\/2025\/03\/26\/corinthians-x-palmeiras-abel-ferreira-deve-usar-escalacao-inedita-na-final-do-paulistao\/#primaryimage"},"thumbnailUrl":"https:\/\/www.gaveanews.com\/wp-content\/uploads\/chrome_ODu3uwWaKP.webp","datePublished":"2025-03-26T22:05:00+00:00","author":{"@id":"https:\/\/www.gaveanews.com\/#\/schema\/person\/0eb3e3fe1754f0205218538adbe8f5ed"},"breadcrumb":{"@id":"https:\/\/www.gaveanews.com\/index.php\/2025\/03\/26\/corinthians-x-palmeiras-abel-ferreira-deve-usar-escalacao-inedita-na-final-do-paulistao\/#breadcrumb"},"inLanguage":"pt-BR","potentialAction":[{"@type":"ReadAction","target":["https:\/\/www.gaveanews.com\/index.php\/2025\/03\/26\/corinthians-x-palmeiras-abel-ferreira-deve-usar-escalacao-inedita-na-final-do-paulistao\/"]}]},{"@type":"ImageObject","inLanguage":"pt-BR","@id":"https:\/\/www.gaveanews.com\/index.php\/2025\/03\/26\/corinthians-x-palmeiras-abel-ferreira-deve-usar-escalacao-inedita-na-final-do-paulistao\/#primaryimage","url":"https:\/\/www.gaveanews.com\/wp-content\/uploads\/chrome_ODu3uwWaKP.webp","contentUrl":"https:\/\/www.gaveanews.com\/wp-content\/uploads\/chrome_ODu3uwWaKP.webp","width":840,"height":510,"caption":"Abel Ferreira em Jogo pelo Palmeiras - Foto Reprodu\u00e7\u00e3o"},{"@type":"BreadcrumbList","@id":"https:\/\/www.gaveanews.com\/index.php\/2025\/03\/26\/corinthians-x-palmeiras-abel-ferreira-deve-usar-escalacao-inedita-na-final-do-paulistao\/#breadcrumb","itemListElement":[{"@type":"ListItem","position":1,"name":"Home","item":"https:\/\/www.gaveanews.com\/"},{"@type":"ListItem","position":2,"name":"Corinthians x Palmeiras: Abel Ferreira deve usar escala\u00e7\u00e3o in\u00e9dita na final do Paulist\u00e3o"}]},{"@type":"WebSite","@id":"https:\/\/www.gaveanews.com\/#website","url":"https:\/\/www.gaveanews.com\/","name":"G\u00e1vea News","description":"Veja todas as not\u00edcias sobre o Flamengo: Contrata\u00e7\u00f5es, categorias de base, resultados das partidas, tabela de classifica\u00e7\u00e3o, pr\u00f3ximos jogos!","potentialAction":[{"@type":"SearchAction","target":{"@type":"EntryPoint","urlTemplate":"https:\/\/www.gaveanews.com\/?s={search_term_string}"},"query-input":{"@type":"PropertyValueSpecification","valueRequired":true,"valueName":"search_term_string"}}],"inLanguage":"pt-BR"},{"@type":"Person","@id":"https:\/\/www.gaveanews.com\/#\/schema\/person\/0eb3e3fe1754f0205218538adbe8f5ed","name":"Rafaela Ladeira","image":{"@type":"ImageObject","inLanguage":"pt-BR","@id":"https:\/\/www.gaveanews.com\/#\/schema\/person\/image\/","url":"https:\/\/secure.gravatar.com\/avatar\/c31f513acffd85eacab5730cbdfdbbf59f21ba5aeada8cd890acea879fbb2455?s=96&d=mm&r=g","contentUrl":"https:\/\/secure.gravatar.com\/avatar\/c31f513acffd85eacab5730cbdfdbbf59f21ba5aeada8cd890acea879fbb2455?s=96&d=mm&r=g","caption":"Rafaela Ladeira"}}]}},"_links":{"self":[{"href":"https:\/\/www.gaveanews.com\/index.php\/wp-json\/wp\/v2\/posts\/245070","targetHints":{"allow":["GET"]}}],"collection":[{"href":"https:\/\/www.gaveanews.com\/index.php\/wp-json\/wp\/v2\/posts"}],"about":[{"href":"https:\/\/www.gaveanews.com\/index.php\/wp-json\/wp\/v2\/types\/post"}],"author":[{"embeddable":true,"href":"https:\/\/www.gaveanews.com\/index.php\/wp-json\/wp\/v2\/users\/25"}],"replies":[{"embeddable":true,"href":"https:\/\/www.gaveanews.com\/index.php\/wp-json\/wp\/v2\/comments?post=245070"}],"version-history":[{"count":1,"href":"https:\/\/www.gaveanews.com\/index.php\/wp-json\/wp\/v2\/posts\/245070\/revisions"}],"predecessor-version":[{"id":245071,"href":"https:\/\/www.gaveanews.com\/index.php\/wp-json\/wp\/v2\/posts\/245070\/revisions\/245071"}],"wp:featuredmedia":[{"embeddable":true,"href":"https:\/\/www.gaveanews.com\/index.php\/wp-json\/wp\/v2\/media\/102760"}],"wp:attachment":[{"href":"https:\/\/www.gaveanews.com\/index.php\/wp-json\/wp\/v2\/media?parent=245070"}],"wp:term":[{"taxonomy":"category","embeddable":true,"href":"https:\/\/www.gaveanews.com\/index.php\/wp-json\/wp\/v2\/categories?post=245070"},{"taxonomy":"post_tag","embeddable":true,"href":"https:\/\/www.gaveanews.com\/index.php\/wp-json\/wp\/v2\/tags?post=245070"}],"curies":[{"name":"wp","href":"https:\/\/api.w.org\/{rel}","templated":true}]}}