{"id":245079,"date":"2025-03-26T22:25:00","date_gmt":"2025-03-27T01:25:00","guid":{"rendered":"https:\/\/www.gaveanews.com\/?p=245079"},"modified":"2025-03-26T20:49:34","modified_gmt":"2025-03-26T23:49:34","slug":"sao-paulo-toma-decisao-importante-apos-saida-de-erick","status":"publish","type":"post","link":"https:\/\/www.gaveanews.com\/index.php\/2025\/03\/26\/sao-paulo-toma-decisao-importante-apos-saida-de-erick\/","title":{"rendered":"S\u00e3o Paulo toma decis\u00e3o importante ap\u00f3s sa\u00edda de Erick"},"content":{"rendered":"\n<h2 class=\"wp-block-heading\" id=\"h-atacante-foi-emprestado-para-clube-da-serie-a\">Atacante foi emprestado para clube da S\u00e9rie A <\/h2>\n\n\n\n<p>Na \u00faltima segunda-feira (24), o S\u00e3o Paulo acertou a ida do atacante Erick ao Vit\u00f3ria, por empr\u00e9stimo at\u00e9 o fim desta temporada. A ideia do Tricolor paulista \u00e9 de cortar gastos e tamb\u00e9m de abrir espa\u00e7o para as joias de Cotia, como por exemplo os atacantes Henrique Carmo e Lucas Ferreira. <\/p>\n\n\n\n<p>A diretoria do S\u00e3o Paulo n\u00e3o ir\u00e1 ao mercado para trazer novos jogadores para o setor, pelo menos neste momento. Portanto, Henrique e Ferreira devem ganhar mais espa\u00e7o com o t\u00e9cnico Luis Zubeld\u00eda. O \u00faltimo inclusive foi um dos principais destaques do Tricolor na Copinha deste ano, que terminou com o t\u00edtulo para os &#8220;Made In Cotia&#8221;. J\u00e1 Henrique, tamb\u00e9m era destaque no sub-17 quando subiu ao elenco principal, mas n\u00e3o ganhou muitas oportunidades. <\/p>\n\n\n\n<p>Nesta temporada, Henrique fez apenas um jogo, que foi logo na estreia do S\u00e3o Paulo no Campeonato Paulista, quando a equipe empatou com o Botafogo por 0 a 0, em Ribeir\u00e3o Preto. Na ocasi\u00e3o, o Tricolor utilizou um time completamente alternativo, j\u00e1 que o principal realizava a pr\u00e9-temporada nos Estados Unidos. <\/p>\n\n\n\n<p>Henrique Carmo foi titular no duelo e ficou em campo por cerca de 69 minutos. Depois, o jovem n\u00e3o ganhou mais oportunidades. Lucas Ferreira soma mais minutos, 74 no total, tendo atuado nos jogos contra a Portuguesa (vit\u00f3ria por 2 a 1) e contra a Inter de Limeira (empate por 0 a 0). <\/p>\n\n\n\n<p>O S\u00e3o Paulo \u00e9 conhecido por revelar grandes nomes no futebol, assim tendo uma das melhores bases do pa\u00eds. Por conta disso, a torcida Tricolor sempre enxerga os jovens de Cotia com bons olhos e pedem espa\u00e7o para eles na equipe principal. <\/p>\n\n\n\n<p>O Tricolor foi o grande campe\u00e3o da Copa S\u00e3o Paulo este ano, ao vencer o rival Corinthians na final pelo placar de 3 a 2 de virada. Os principais destaques da equipe na competi\u00e7\u00e3o foram os atacantes Ryan Francisco e Lucas Ferreira, o meia Matheus Alves, o lateral-direito Maik e o volante Hugo. <\/p>\n\n\n\n<p>Hugo sofreu uma grave les\u00e3o e n\u00e3o tem prazo pra voltar. Maik treinou com o elenco principal, mas n\u00e3o ganhou oportunidade em uma partida. Alves, Ferreira e Ryan jogaram, mesmo que tenha sido pouco. O trio dever\u00e1 ser mais utilizado no decorrer da temporada, assim como Henrique Carmo. <\/p>\n","protected":false},"excerpt":{"rendered":"<p>Atacante foi emprestado para clube da S\u00e9rie A Na \u00faltima segunda-feira (24), o S\u00e3o Paulo acertou a ida do atacante Erick ao Vit\u00f3ria, por empr\u00e9stimo at\u00e9 o fim desta temporada. A ideia do Tricolor paulista \u00e9 de cortar gastos e tamb\u00e9m de abrir espa\u00e7o para as joias de Cotia, como por exemplo os atacantes Henrique [&hellip;]<\/p>\n","protected":false},"author":21,"featured_media":154249,"comment_status":"open","ping_status":"closed","sticky":false,"template":"","format":"standard","meta":{"footnotes":""},"categories":[151],"tags":[],"class_list":["post-245079","post","type-post","status-publish","format-standard","has-post-thumbnail","hentry","category-sao-paulo"],"yoast_head":"<!-- This site is optimized with the Yoast SEO Premium plugin v24.2 (Yoast SEO v26.9) - https:\/\/yoast.com\/product\/yoast-seo-premium-wordpress\/ -->\n<title>S\u00e3o Paulo toma decis\u00e3o importante ap\u00f3s sa\u00edda de Erick<\/title>\n<meta name=\"robots\" content=\"index, follow, max-snippet:-1, max-image-preview:large, max-video-preview:-1\" \/>\n<link rel=\"canonical\" href=\"https:\/\/www.gaveanews.com\/index.php\/2025\/03\/26\/sao-paulo-toma-decisao-importante-apos-saida-de-erick\/\" \/>\n<meta property=\"og:locale\" content=\"pt_BR\" \/>\n<meta property=\"og:type\" content=\"article\" \/>\n<meta property=\"og:title\" content=\"S\u00e3o Paulo toma decis\u00e3o importante ap\u00f3s sa\u00edda de Erick\" \/>\n<meta property=\"og:description\" content=\"Atacante foi emprestado para clube da S\u00e9rie A Na \u00faltima segunda-feira (24), o S\u00e3o Paulo acertou a ida do atacante Erick ao Vit\u00f3ria, por empr\u00e9stimo at\u00e9 o fim desta temporada. A ideia do Tricolor paulista \u00e9 de cortar gastos e tamb\u00e9m de abrir espa\u00e7o para as joias de Cotia, como por exemplo os atacantes Henrique [&hellip;]\" \/>\n<meta property=\"og:url\" content=\"https:\/\/www.gaveanews.com\/index.php\/2025\/03\/26\/sao-paulo-toma-decisao-importante-apos-saida-de-erick\/\" \/>\n<meta property=\"og:site_name\" content=\"G\u00e1vea News\" \/>\n<meta property=\"article:publisher\" content=\"https:\/\/facebook.com\/gaveaNews\/\" \/>\n<meta property=\"article:published_time\" content=\"2025-03-27T01:25:00+00:00\" \/>\n<meta property=\"og:image\" content=\"https:\/\/www.gaveanews.com\/wp-content\/uploads\/Bandeira-do-Sao-Paulo-no-Morumbis-em-2024.webp\" \/>\n\t<meta property=\"og:image:width\" content=\"1000\" \/>\n\t<meta property=\"og:image:height\" content=\"667\" \/>\n\t<meta property=\"og:image:type\" content=\"image\/webp\" \/>\n<meta name=\"author\" content=\"Andr\u00e9 Serra\" \/>\n<meta name=\"twitter:card\" content=\"summary_large_image\" \/>\n<meta name=\"twitter:label1\" content=\"Escrito por\" \/>\n\t<meta name=\"twitter:data1\" content=\"Andr\u00e9 Serra\" \/>\n\t<meta name=\"twitter:label2\" content=\"Est. tempo de leitura\" \/>\n\t<meta name=\"twitter:data2\" content=\"3 minutos\" \/>\n<script type=\"application\/ld+json\" class=\"yoast-schema-graph\">{\"@context\":\"https:\/\/schema.org\",\"@graph\":[{\"@type\":\"NewsArticle\",\"@id\":\"https:\/\/www.gaveanews.com\/index.php\/2025\/03\/26\/sao-paulo-toma-decisao-importante-apos-saida-de-erick\/#article\",\"isPartOf\":{\"@id\":\"https:\/\/www.gaveanews.com\/index.php\/2025\/03\/26\/sao-paulo-toma-decisao-importante-apos-saida-de-erick\/\"},\"author\":{\"name\":\"Andr\u00e9 Serra\",\"@id\":\"https:\/\/www.gaveanews.com\/#\/schema\/person\/0277a79a1289c451c281ec0411d84f0c\"},\"headline\":\"S\u00e3o Paulo toma decis\u00e3o importante ap\u00f3s sa\u00edda de Erick\",\"datePublished\":\"2025-03-27T01:25:00+00:00\",\"mainEntityOfPage\":{\"@id\":\"https:\/\/www.gaveanews.com\/index.php\/2025\/03\/26\/sao-paulo-toma-decisao-importante-apos-saida-de-erick\/\"},\"wordCount\":409,\"commentCount\":0,\"image\":{\"@id\":\"https:\/\/www.gaveanews.com\/index.php\/2025\/03\/26\/sao-paulo-toma-decisao-importante-apos-saida-de-erick\/#primaryimage\"},\"thumbnailUrl\":\"https:\/\/www.gaveanews.com\/wp-content\/uploads\/Bandeira-do-Sao-Paulo-no-Morumbis-em-2024.webp\",\"articleSection\":[\"S\u00e3o Paulo\"],\"inLanguage\":\"pt-BR\",\"potentialAction\":[{\"@type\":\"CommentAction\",\"name\":\"Comment\",\"target\":[\"https:\/\/www.gaveanews.com\/index.php\/2025\/03\/26\/sao-paulo-toma-decisao-importante-apos-saida-de-erick\/#respond\"]}],\"copyrightYear\":\"2025\",\"copyrightHolder\":{\"@id\":\"https:\/\/www.gaveanews.com\/#organization\"}},{\"@type\":\"WebPage\",\"@id\":\"https:\/\/www.gaveanews.com\/index.php\/2025\/03\/26\/sao-paulo-toma-decisao-importante-apos-saida-de-erick\/\",\"url\":\"https:\/\/www.gaveanews.com\/index.php\/2025\/03\/26\/sao-paulo-toma-decisao-importante-apos-saida-de-erick\/\",\"name\":\"S\u00e3o Paulo toma decis\u00e3o importante ap\u00f3s sa\u00edda de Erick\",\"isPartOf\":{\"@id\":\"https:\/\/www.gaveanews.com\/#website\"},\"primaryImageOfPage\":{\"@id\":\"https:\/\/www.gaveanews.com\/index.php\/2025\/03\/26\/sao-paulo-toma-decisao-importante-apos-saida-de-erick\/#primaryimage\"},\"image\":{\"@id\":\"https:\/\/www.gaveanews.com\/index.php\/2025\/03\/26\/sao-paulo-toma-decisao-importante-apos-saida-de-erick\/#primaryimage\"},\"thumbnailUrl\":\"https:\/\/www.gaveanews.com\/wp-content\/uploads\/Bandeira-do-Sao-Paulo-no-Morumbis-em-2024.webp\",\"datePublished\":\"2025-03-27T01:25:00+00:00\",\"author\":{\"@id\":\"https:\/\/www.gaveanews.com\/#\/schema\/person\/0277a79a1289c451c281ec0411d84f0c\"},\"breadcrumb\":{\"@id\":\"https:\/\/www.gaveanews.com\/index.php\/2025\/03\/26\/sao-paulo-toma-decisao-importante-apos-saida-de-erick\/#breadcrumb\"},\"inLanguage\":\"pt-BR\",\"potentialAction\":[{\"@type\":\"ReadAction\",\"target\":[\"https:\/\/www.gaveanews.com\/index.php\/2025\/03\/26\/sao-paulo-toma-decisao-importante-apos-saida-de-erick\/\"]}]},{\"@type\":\"ImageObject\",\"inLanguage\":\"pt-BR\",\"@id\":\"https:\/\/www.gaveanews.com\/index.php\/2025\/03\/26\/sao-paulo-toma-decisao-importante-apos-saida-de-erick\/#primaryimage\",\"url\":\"https:\/\/www.gaveanews.com\/wp-content\/uploads\/Bandeira-do-Sao-Paulo-no-Morumbis-em-2024.webp\",\"contentUrl\":\"https:\/\/www.gaveanews.com\/wp-content\/uploads\/Bandeira-do-Sao-Paulo-no-Morumbis-em-2024.webp\",\"width\":1000,\"height\":667,\"caption\":\"Bandeira do S\u00e3o Paulo no Morumbis em 2024 (Foto: Reprodu\u00e7\u00e3o\/S\u00e3o Paulo)\"},{\"@type\":\"BreadcrumbList\",\"@id\":\"https:\/\/www.gaveanews.com\/index.php\/2025\/03\/26\/sao-paulo-toma-decisao-importante-apos-saida-de-erick\/#breadcrumb\",\"itemListElement\":[{\"@type\":\"ListItem\",\"position\":1,\"name\":\"Home\",\"item\":\"https:\/\/www.gaveanews.com\/\"},{\"@type\":\"ListItem\",\"position\":2,\"name\":\"S\u00e3o Paulo toma decis\u00e3o importante ap\u00f3s sa\u00edda de Erick\"}]},{\"@type\":\"WebSite\",\"@id\":\"https:\/\/www.gaveanews.com\/#website\",\"url\":\"https:\/\/www.gaveanews.com\/\",\"name\":\"G\u00e1vea News\",\"description\":\"Veja todas as not\u00edcias sobre o Flamengo: Contrata\u00e7\u00f5es, categorias de base, resultados das partidas, tabela de classifica\u00e7\u00e3o, pr\u00f3ximos jogos!\",\"potentialAction\":[{\"@type\":\"SearchAction\",\"target\":{\"@type\":\"EntryPoint\",\"urlTemplate\":\"https:\/\/www.gaveanews.com\/?s={search_term_string}\"},\"query-input\":{\"@type\":\"PropertyValueSpecification\",\"valueRequired\":true,\"valueName\":\"search_term_string\"}}],\"inLanguage\":\"pt-BR\"},{\"@type\":\"Person\",\"@id\":\"https:\/\/www.gaveanews.com\/#\/schema\/person\/0277a79a1289c451c281ec0411d84f0c\",\"name\":\"Andr\u00e9 Serra\",\"image\":{\"@type\":\"ImageObject\",\"inLanguage\":\"pt-BR\",\"@id\":\"https:\/\/www.gaveanews.com\/#\/schema\/person\/image\/\",\"url\":\"https:\/\/secure.gravatar.com\/avatar\/d7231369fe48db93292b3e88eb2162dbd9a34a47a8437d9ef3bcaca2a86a83d7?s=96&d=mm&r=g\",\"contentUrl\":\"https:\/\/secure.gravatar.com\/avatar\/d7231369fe48db93292b3e88eb2162dbd9a34a47a8437d9ef3bcaca2a86a83d7?s=96&d=mm&r=g\",\"caption\":\"Andr\u00e9 Serra\"}}]}<\/script>\n<!-- \/ Yoast SEO Premium plugin. -->","yoast_head_json":{"title":"S\u00e3o Paulo toma decis\u00e3o importante ap\u00f3s sa\u00edda de Erick","robots":{"index":"index","follow":"follow","max-snippet":"max-snippet:-1","max-image-preview":"max-image-preview:large","max-video-preview":"max-video-preview:-1"},"canonical":"https:\/\/www.gaveanews.com\/index.php\/2025\/03\/26\/sao-paulo-toma-decisao-importante-apos-saida-de-erick\/","og_locale":"pt_BR","og_type":"article","og_title":"S\u00e3o Paulo toma decis\u00e3o importante ap\u00f3s sa\u00edda de Erick","og_description":"Atacante foi emprestado para clube da S\u00e9rie A Na \u00faltima segunda-feira (24), o S\u00e3o Paulo acertou a ida do atacante Erick ao Vit\u00f3ria, por empr\u00e9stimo at\u00e9 o fim desta temporada. A ideia do Tricolor paulista \u00e9 de cortar gastos e tamb\u00e9m de abrir espa\u00e7o para as joias de Cotia, como por exemplo os atacantes Henrique [&hellip;]","og_url":"https:\/\/www.gaveanews.com\/index.php\/2025\/03\/26\/sao-paulo-toma-decisao-importante-apos-saida-de-erick\/","og_site_name":"G\u00e1vea News","article_publisher":"https:\/\/facebook.com\/gaveaNews\/","article_published_time":"2025-03-27T01:25:00+00:00","og_image":[{"width":1000,"height":667,"url":"https:\/\/www.gaveanews.com\/wp-content\/uploads\/Bandeira-do-Sao-Paulo-no-Morumbis-em-2024.webp","type":"image\/webp"}],"author":"Andr\u00e9 Serra","twitter_card":"summary_large_image","twitter_misc":{"Escrito por":"Andr\u00e9 Serra","Est. tempo de leitura":"3 minutos"},"schema":{"@context":"https:\/\/schema.org","@graph":[{"@type":"NewsArticle","@id":"https:\/\/www.gaveanews.com\/index.php\/2025\/03\/26\/sao-paulo-toma-decisao-importante-apos-saida-de-erick\/#article","isPartOf":{"@id":"https:\/\/www.gaveanews.com\/index.php\/2025\/03\/26\/sao-paulo-toma-decisao-importante-apos-saida-de-erick\/"},"author":{"name":"Andr\u00e9 Serra","@id":"https:\/\/www.gaveanews.com\/#\/schema\/person\/0277a79a1289c451c281ec0411d84f0c"},"headline":"S\u00e3o Paulo toma decis\u00e3o importante ap\u00f3s sa\u00edda de Erick","datePublished":"2025-03-27T01:25:00+00:00","mainEntityOfPage":{"@id":"https:\/\/www.gaveanews.com\/index.php\/2025\/03\/26\/sao-paulo-toma-decisao-importante-apos-saida-de-erick\/"},"wordCount":409,"commentCount":0,"image":{"@id":"https:\/\/www.gaveanews.com\/index.php\/2025\/03\/26\/sao-paulo-toma-decisao-importante-apos-saida-de-erick\/#primaryimage"},"thumbnailUrl":"https:\/\/www.gaveanews.com\/wp-content\/uploads\/Bandeira-do-Sao-Paulo-no-Morumbis-em-2024.webp","articleSection":["S\u00e3o Paulo"],"inLanguage":"pt-BR","potentialAction":[{"@type":"CommentAction","name":"Comment","target":["https:\/\/www.gaveanews.com\/index.php\/2025\/03\/26\/sao-paulo-toma-decisao-importante-apos-saida-de-erick\/#respond"]}],"copyrightYear":"2025","copyrightHolder":{"@id":"https:\/\/www.gaveanews.com\/#organization"}},{"@type":"WebPage","@id":"https:\/\/www.gaveanews.com\/index.php\/2025\/03\/26\/sao-paulo-toma-decisao-importante-apos-saida-de-erick\/","url":"https:\/\/www.gaveanews.com\/index.php\/2025\/03\/26\/sao-paulo-toma-decisao-importante-apos-saida-de-erick\/","name":"S\u00e3o Paulo toma decis\u00e3o importante ap\u00f3s sa\u00edda de Erick","isPartOf":{"@id":"https:\/\/www.gaveanews.com\/#website"},"primaryImageOfPage":{"@id":"https:\/\/www.gaveanews.com\/index.php\/2025\/03\/26\/sao-paulo-toma-decisao-importante-apos-saida-de-erick\/#primaryimage"},"image":{"@id":"https:\/\/www.gaveanews.com\/index.php\/2025\/03\/26\/sao-paulo-toma-decisao-importante-apos-saida-de-erick\/#primaryimage"},"thumbnailUrl":"https:\/\/www.gaveanews.com\/wp-content\/uploads\/Bandeira-do-Sao-Paulo-no-Morumbis-em-2024.webp","datePublished":"2025-03-27T01:25:00+00:00","author":{"@id":"https:\/\/www.gaveanews.com\/#\/schema\/person\/0277a79a1289c451c281ec0411d84f0c"},"breadcrumb":{"@id":"https:\/\/www.gaveanews.com\/index.php\/2025\/03\/26\/sao-paulo-toma-decisao-importante-apos-saida-de-erick\/#breadcrumb"},"inLanguage":"pt-BR","potentialAction":[{"@type":"ReadAction","target":["https:\/\/www.gaveanews.com\/index.php\/2025\/03\/26\/sao-paulo-toma-decisao-importante-apos-saida-de-erick\/"]}]},{"@type":"ImageObject","inLanguage":"pt-BR","@id":"https:\/\/www.gaveanews.com\/index.php\/2025\/03\/26\/sao-paulo-toma-decisao-importante-apos-saida-de-erick\/#primaryimage","url":"https:\/\/www.gaveanews.com\/wp-content\/uploads\/Bandeira-do-Sao-Paulo-no-Morumbis-em-2024.webp","contentUrl":"https:\/\/www.gaveanews.com\/wp-content\/uploads\/Bandeira-do-Sao-Paulo-no-Morumbis-em-2024.webp","width":1000,"height":667,"caption":"Bandeira do S\u00e3o Paulo no Morumbis em 2024 (Foto: Reprodu\u00e7\u00e3o\/S\u00e3o Paulo)"},{"@type":"BreadcrumbList","@id":"https:\/\/www.gaveanews.com\/index.php\/2025\/03\/26\/sao-paulo-toma-decisao-importante-apos-saida-de-erick\/#breadcrumb","itemListElement":[{"@type":"ListItem","position":1,"name":"Home","item":"https:\/\/www.gaveanews.com\/"},{"@type":"ListItem","position":2,"name":"S\u00e3o Paulo toma decis\u00e3o importante ap\u00f3s sa\u00edda de Erick"}]},{"@type":"WebSite","@id":"https:\/\/www.gaveanews.com\/#website","url":"https:\/\/www.gaveanews.com\/","name":"G\u00e1vea News","description":"Veja todas as not\u00edcias sobre o Flamengo: Contrata\u00e7\u00f5es, categorias de base, resultados das partidas, tabela de classifica\u00e7\u00e3o, pr\u00f3ximos jogos!","potentialAction":[{"@type":"SearchAction","target":{"@type":"EntryPoint","urlTemplate":"https:\/\/www.gaveanews.com\/?s={search_term_string}"},"query-input":{"@type":"PropertyValueSpecification","valueRequired":true,"valueName":"search_term_string"}}],"inLanguage":"pt-BR"},{"@type":"Person","@id":"https:\/\/www.gaveanews.com\/#\/schema\/person\/0277a79a1289c451c281ec0411d84f0c","name":"Andr\u00e9 Serra","image":{"@type":"ImageObject","inLanguage":"pt-BR","@id":"https:\/\/www.gaveanews.com\/#\/schema\/person\/image\/","url":"https:\/\/secure.gravatar.com\/avatar\/d7231369fe48db93292b3e88eb2162dbd9a34a47a8437d9ef3bcaca2a86a83d7?s=96&d=mm&r=g","contentUrl":"https:\/\/secure.gravatar.com\/avatar\/d7231369fe48db93292b3e88eb2162dbd9a34a47a8437d9ef3bcaca2a86a83d7?s=96&d=mm&r=g","caption":"Andr\u00e9 Serra"}}]}},"_links":{"self":[{"href":"https:\/\/www.gaveanews.com\/index.php\/wp-json\/wp\/v2\/posts\/245079","targetHints":{"allow":["GET"]}}],"collection":[{"href":"https:\/\/www.gaveanews.com\/index.php\/wp-json\/wp\/v2\/posts"}],"about":[{"href":"https:\/\/www.gaveanews.com\/index.php\/wp-json\/wp\/v2\/types\/post"}],"author":[{"embeddable":true,"href":"https:\/\/www.gaveanews.com\/index.php\/wp-json\/wp\/v2\/users\/21"}],"replies":[{"embeddable":true,"href":"https:\/\/www.gaveanews.com\/index.php\/wp-json\/wp\/v2\/comments?post=245079"}],"version-history":[{"count":1,"href":"https:\/\/www.gaveanews.com\/index.php\/wp-json\/wp\/v2\/posts\/245079\/revisions"}],"predecessor-version":[{"id":245086,"href":"https:\/\/www.gaveanews.com\/index.php\/wp-json\/wp\/v2\/posts\/245079\/revisions\/245086"}],"wp:featuredmedia":[{"embeddable":true,"href":"https:\/\/www.gaveanews.com\/index.php\/wp-json\/wp\/v2\/media\/154249"}],"wp:attachment":[{"href":"https:\/\/www.gaveanews.com\/index.php\/wp-json\/wp\/v2\/media?parent=245079"}],"wp:term":[{"taxonomy":"category","embeddable":true,"href":"https:\/\/www.gaveanews.com\/index.php\/wp-json\/wp\/v2\/categories?post=245079"},{"taxonomy":"post_tag","embeddable":true,"href":"https:\/\/www.gaveanews.com\/index.php\/wp-json\/wp\/v2\/tags?post=245079"}],"curies":[{"name":"wp","href":"https:\/\/api.w.org\/{rel}","templated":true}]}}