{"id":245092,"date":"2025-03-26T22:30:00","date_gmt":"2025-03-27T01:30:00","guid":{"rendered":"https:\/\/www.gaveanews.com\/?p=245092"},"modified":"2025-03-26T20:49:39","modified_gmt":"2025-03-26T23:49:39","slug":"situacao-de-vojvoda-no-fortaleza-chama-atencao","status":"publish","type":"post","link":"https:\/\/www.gaveanews.com\/index.php\/2025\/03\/26\/situacao-de-vojvoda-no-fortaleza-chama-atencao\/","title":{"rendered":"Situa\u00e7\u00e3o de Vojvoda no Fortaleza chama aten\u00e7\u00e3o"},"content":{"rendered":"\n<h2 class=\"wp-block-heading\" id=\"h-leao-do-pici-nao-vive-bom-momento\">Le\u00e3o do Pici n\u00e3o vive bom momento<\/h2>\n\n\n\n<p>A temporada de 2025 est\u00e1 sendo dura para o Fortaleza, ao menos neste in\u00edcio. Com apenas tr\u00eas meses, o Fortaleza j\u00e1 soma o mesmo n\u00famero de derrotas como mandante no ano passado. A situa\u00e7\u00e3o chama aten\u00e7\u00e3o, j\u00e1 que a equipe cearense vem de \u00f3timas temporadas, crescendo cada vez mais. <\/p>\n\n\n\n<p>Na temporada de 2025, o Fortaleza soma cinco vit\u00f3rias e tr\u00eas derrotas em oito jogos atuando dentro de casa. No ano passado, foram 37 jogos como mandante, com uma campanha de\u00a025 triunfos, nove empates e tr\u00eas derrotas. <\/p>\n\n\n\n<p>Jogar dentro de casa sempre foi uma arma do Fortaleza dirigido por Juan Pablo Vojvoda. No Campeonato Brasileiro de 2024 por exemplo, o Le\u00e3o do Pici foi o \u00fanico time que n\u00e3o foi derrotado jogando como mandante. No total, foram 14 vit\u00f3rias e cinco empates em 19 jogos. <\/p>\n\n\n\n<p>Por\u00e9m, o 2025 come\u00e7a preocupante para o Fortaleza, que soma duas vit\u00f3rias, cinco derrotas e dois empates nos \u00faltimos nove jogos. Al\u00e9m disso, o Le\u00e3o do Pici foi superado pelo rival Cear\u00e1 na final do Campeonato Cearense. Como mandante, o Fortaleza foi derrotado por 1 a 0. Na volta, empate por 1 a 1. <\/p>\n\n\n\n<p>Agora, o t\u00e9cnico Juan Pablo Vojvoda tenta juntar os cacos e consertar o Fortaleza para o restante da temporada, que ser\u00e1 longa e importante. O Le\u00e3o do Pici ainda disputar\u00e1 o Campeonato Brasileiro, a Copa do Brasil e a Copa Libertadores. <\/p>\n\n\n\n<p>Para tentar retomar o caminho das vit\u00f3rias, o Fortaleza ter\u00e1 uma sequ\u00eancia de tr\u00eas jogos na Arena Castel\u00e3o. O primeiro acontece nesta quarta-feira (26) contra o CRB pela s\u00e9tima e \u00faltima rodada da Copa do Nordeste. A boa rola \u00e0s 21h30 (hor\u00e1rio de Bras\u00edlia). <\/p>\n\n\n\n<p>O segundo acontece neste s\u00e1bado (29), quando a equipe estreia no Campeonato Brasileiro. O Le\u00e3o do Pici recebe o Fluminense, \u00e0s 18h30 (hor\u00e1rio de Bras\u00edlia). O terceiro tamb\u00e9m \u00e9 uma estreia no ano, mas na Copa Libertadores. O Fortaleza encara o Racing, da Argentina, na ter\u00e7a-feira (1), \u00e0s 21h30 (de Bras\u00edlia). <\/p>\n","protected":false},"excerpt":{"rendered":"<p>Le\u00e3o do Pici n\u00e3o vive bom momento A temporada de 2025 est\u00e1 sendo dura para o Fortaleza, ao menos neste in\u00edcio. Com apenas tr\u00eas meses, o Fortaleza j\u00e1 soma o mesmo n\u00famero de derrotas como mandante no ano passado. A situa\u00e7\u00e3o chama aten\u00e7\u00e3o, j\u00e1 que a equipe cearense vem de \u00f3timas temporadas, crescendo cada vez [&hellip;]<\/p>\n","protected":false},"author":21,"featured_media":72672,"comment_status":"open","ping_status":"closed","sticky":false,"template":"","format":"standard","meta":{"footnotes":""},"categories":[146],"tags":[],"class_list":["post-245092","post","type-post","status-publish","format-standard","has-post-thumbnail","hentry","category-fortaleza"],"yoast_head":"<!-- This site is optimized with the Yoast SEO Premium plugin v24.2 (Yoast SEO v26.9) - https:\/\/yoast.com\/product\/yoast-seo-premium-wordpress\/ -->\n<title>Situa\u00e7\u00e3o de Vojvoda no Fortaleza chama aten\u00e7\u00e3o<\/title>\n<meta name=\"robots\" content=\"index, follow, max-snippet:-1, max-image-preview:large, max-video-preview:-1\" \/>\n<link rel=\"canonical\" href=\"https:\/\/www.gaveanews.com\/index.php\/2025\/03\/26\/situacao-de-vojvoda-no-fortaleza-chama-atencao\/\" \/>\n<meta property=\"og:locale\" content=\"pt_BR\" \/>\n<meta property=\"og:type\" content=\"article\" \/>\n<meta property=\"og:title\" content=\"Situa\u00e7\u00e3o de Vojvoda no Fortaleza chama aten\u00e7\u00e3o\" \/>\n<meta property=\"og:description\" content=\"Le\u00e3o do Pici n\u00e3o vive bom momento A temporada de 2025 est\u00e1 sendo dura para o Fortaleza, ao menos neste in\u00edcio. Com apenas tr\u00eas meses, o Fortaleza j\u00e1 soma o mesmo n\u00famero de derrotas como mandante no ano passado. A situa\u00e7\u00e3o chama aten\u00e7\u00e3o, j\u00e1 que a equipe cearense vem de \u00f3timas temporadas, crescendo cada vez [&hellip;]\" \/>\n<meta property=\"og:url\" content=\"https:\/\/www.gaveanews.com\/index.php\/2025\/03\/26\/situacao-de-vojvoda-no-fortaleza-chama-atencao\/\" \/>\n<meta property=\"og:site_name\" content=\"G\u00e1vea News\" \/>\n<meta property=\"article:publisher\" content=\"https:\/\/facebook.com\/gaveaNews\/\" \/>\n<meta property=\"article:published_time\" content=\"2025-03-27T01:30:00+00:00\" \/>\n<meta property=\"og:image\" content=\"https:\/\/www.gaveanews.com\/wp-content\/uploads\/Vojvoda-durante-um-treino-do-Fortaleza.webp\" \/>\n\t<meta property=\"og:image:width\" content=\"1280\" \/>\n\t<meta property=\"og:image:height\" content=\"720\" \/>\n\t<meta property=\"og:image:type\" content=\"image\/jpeg\" \/>\n<meta name=\"author\" content=\"Andr\u00e9 Serra\" \/>\n<meta name=\"twitter:card\" content=\"summary_large_image\" \/>\n<meta name=\"twitter:label1\" content=\"Escrito por\" \/>\n\t<meta name=\"twitter:data1\" content=\"Andr\u00e9 Serra\" \/>\n\t<meta name=\"twitter:label2\" content=\"Est. tempo de leitura\" \/>\n\t<meta name=\"twitter:data2\" content=\"3 minutos\" \/>\n<script type=\"application\/ld+json\" class=\"yoast-schema-graph\">{\"@context\":\"https:\/\/schema.org\",\"@graph\":[{\"@type\":\"NewsArticle\",\"@id\":\"https:\/\/www.gaveanews.com\/index.php\/2025\/03\/26\/situacao-de-vojvoda-no-fortaleza-chama-atencao\/#article\",\"isPartOf\":{\"@id\":\"https:\/\/www.gaveanews.com\/index.php\/2025\/03\/26\/situacao-de-vojvoda-no-fortaleza-chama-atencao\/\"},\"author\":{\"name\":\"Andr\u00e9 Serra\",\"@id\":\"https:\/\/www.gaveanews.com\/#\/schema\/person\/0277a79a1289c451c281ec0411d84f0c\"},\"headline\":\"Situa\u00e7\u00e3o de Vojvoda no Fortaleza chama aten\u00e7\u00e3o\",\"datePublished\":\"2025-03-27T01:30:00+00:00\",\"mainEntityOfPage\":{\"@id\":\"https:\/\/www.gaveanews.com\/index.php\/2025\/03\/26\/situacao-de-vojvoda-no-fortaleza-chama-atencao\/\"},\"wordCount\":359,\"commentCount\":0,\"image\":{\"@id\":\"https:\/\/www.gaveanews.com\/index.php\/2025\/03\/26\/situacao-de-vojvoda-no-fortaleza-chama-atencao\/#primaryimage\"},\"thumbnailUrl\":\"https:\/\/www.gaveanews.com\/wp-content\/uploads\/Vojvoda-durante-um-treino-do-Fortaleza.webp\",\"articleSection\":[\"Fortaleza\"],\"inLanguage\":\"pt-BR\",\"potentialAction\":[{\"@type\":\"CommentAction\",\"name\":\"Comment\",\"target\":[\"https:\/\/www.gaveanews.com\/index.php\/2025\/03\/26\/situacao-de-vojvoda-no-fortaleza-chama-atencao\/#respond\"]}],\"copyrightYear\":\"2025\",\"copyrightHolder\":{\"@id\":\"https:\/\/www.gaveanews.com\/#organization\"}},{\"@type\":\"WebPage\",\"@id\":\"https:\/\/www.gaveanews.com\/index.php\/2025\/03\/26\/situacao-de-vojvoda-no-fortaleza-chama-atencao\/\",\"url\":\"https:\/\/www.gaveanews.com\/index.php\/2025\/03\/26\/situacao-de-vojvoda-no-fortaleza-chama-atencao\/\",\"name\":\"Situa\u00e7\u00e3o de Vojvoda no Fortaleza chama aten\u00e7\u00e3o\",\"isPartOf\":{\"@id\":\"https:\/\/www.gaveanews.com\/#website\"},\"primaryImageOfPage\":{\"@id\":\"https:\/\/www.gaveanews.com\/index.php\/2025\/03\/26\/situacao-de-vojvoda-no-fortaleza-chama-atencao\/#primaryimage\"},\"image\":{\"@id\":\"https:\/\/www.gaveanews.com\/index.php\/2025\/03\/26\/situacao-de-vojvoda-no-fortaleza-chama-atencao\/#primaryimage\"},\"thumbnailUrl\":\"https:\/\/www.gaveanews.com\/wp-content\/uploads\/Vojvoda-durante-um-treino-do-Fortaleza.webp\",\"datePublished\":\"2025-03-27T01:30:00+00:00\",\"author\":{\"@id\":\"https:\/\/www.gaveanews.com\/#\/schema\/person\/0277a79a1289c451c281ec0411d84f0c\"},\"breadcrumb\":{\"@id\":\"https:\/\/www.gaveanews.com\/index.php\/2025\/03\/26\/situacao-de-vojvoda-no-fortaleza-chama-atencao\/#breadcrumb\"},\"inLanguage\":\"pt-BR\",\"potentialAction\":[{\"@type\":\"ReadAction\",\"target\":[\"https:\/\/www.gaveanews.com\/index.php\/2025\/03\/26\/situacao-de-vojvoda-no-fortaleza-chama-atencao\/\"]}]},{\"@type\":\"ImageObject\",\"inLanguage\":\"pt-BR\",\"@id\":\"https:\/\/www.gaveanews.com\/index.php\/2025\/03\/26\/situacao-de-vojvoda-no-fortaleza-chama-atencao\/#primaryimage\",\"url\":\"https:\/\/www.gaveanews.com\/wp-content\/uploads\/Vojvoda-durante-um-treino-do-Fortaleza.webp\",\"contentUrl\":\"https:\/\/www.gaveanews.com\/wp-content\/uploads\/Vojvoda-durante-um-treino-do-Fortaleza.webp\",\"width\":1280,\"height\":720,\"caption\":\"Vojvoda durante um treino do Fortaleza (Foto: Leonardo Moreira\/Fortaleza)\"},{\"@type\":\"BreadcrumbList\",\"@id\":\"https:\/\/www.gaveanews.com\/index.php\/2025\/03\/26\/situacao-de-vojvoda-no-fortaleza-chama-atencao\/#breadcrumb\",\"itemListElement\":[{\"@type\":\"ListItem\",\"position\":1,\"name\":\"Home\",\"item\":\"https:\/\/www.gaveanews.com\/\"},{\"@type\":\"ListItem\",\"position\":2,\"name\":\"Situa\u00e7\u00e3o de Vojvoda no Fortaleza chama aten\u00e7\u00e3o\"}]},{\"@type\":\"WebSite\",\"@id\":\"https:\/\/www.gaveanews.com\/#website\",\"url\":\"https:\/\/www.gaveanews.com\/\",\"name\":\"G\u00e1vea News\",\"description\":\"Veja todas as not\u00edcias sobre o Flamengo: Contrata\u00e7\u00f5es, categorias de base, resultados das partidas, tabela de classifica\u00e7\u00e3o, pr\u00f3ximos jogos!\",\"potentialAction\":[{\"@type\":\"SearchAction\",\"target\":{\"@type\":\"EntryPoint\",\"urlTemplate\":\"https:\/\/www.gaveanews.com\/?s={search_term_string}\"},\"query-input\":{\"@type\":\"PropertyValueSpecification\",\"valueRequired\":true,\"valueName\":\"search_term_string\"}}],\"inLanguage\":\"pt-BR\"},{\"@type\":\"Person\",\"@id\":\"https:\/\/www.gaveanews.com\/#\/schema\/person\/0277a79a1289c451c281ec0411d84f0c\",\"name\":\"Andr\u00e9 Serra\",\"image\":{\"@type\":\"ImageObject\",\"inLanguage\":\"pt-BR\",\"@id\":\"https:\/\/www.gaveanews.com\/#\/schema\/person\/image\/\",\"url\":\"https:\/\/secure.gravatar.com\/avatar\/d7231369fe48db93292b3e88eb2162dbd9a34a47a8437d9ef3bcaca2a86a83d7?s=96&d=mm&r=g\",\"contentUrl\":\"https:\/\/secure.gravatar.com\/avatar\/d7231369fe48db93292b3e88eb2162dbd9a34a47a8437d9ef3bcaca2a86a83d7?s=96&d=mm&r=g\",\"caption\":\"Andr\u00e9 Serra\"}}]}<\/script>\n<!-- \/ Yoast SEO Premium plugin. -->","yoast_head_json":{"title":"Situa\u00e7\u00e3o de Vojvoda no Fortaleza chama aten\u00e7\u00e3o","robots":{"index":"index","follow":"follow","max-snippet":"max-snippet:-1","max-image-preview":"max-image-preview:large","max-video-preview":"max-video-preview:-1"},"canonical":"https:\/\/www.gaveanews.com\/index.php\/2025\/03\/26\/situacao-de-vojvoda-no-fortaleza-chama-atencao\/","og_locale":"pt_BR","og_type":"article","og_title":"Situa\u00e7\u00e3o de Vojvoda no Fortaleza chama aten\u00e7\u00e3o","og_description":"Le\u00e3o do Pici n\u00e3o vive bom momento A temporada de 2025 est\u00e1 sendo dura para o Fortaleza, ao menos neste in\u00edcio. Com apenas tr\u00eas meses, o Fortaleza j\u00e1 soma o mesmo n\u00famero de derrotas como mandante no ano passado. A situa\u00e7\u00e3o chama aten\u00e7\u00e3o, j\u00e1 que a equipe cearense vem de \u00f3timas temporadas, crescendo cada vez [&hellip;]","og_url":"https:\/\/www.gaveanews.com\/index.php\/2025\/03\/26\/situacao-de-vojvoda-no-fortaleza-chama-atencao\/","og_site_name":"G\u00e1vea News","article_publisher":"https:\/\/facebook.com\/gaveaNews\/","article_published_time":"2025-03-27T01:30:00+00:00","og_image":[{"width":1280,"height":720,"url":"https:\/\/www.gaveanews.com\/wp-content\/uploads\/Vojvoda-durante-um-treino-do-Fortaleza.webp","type":"image\/jpeg"}],"author":"Andr\u00e9 Serra","twitter_card":"summary_large_image","twitter_misc":{"Escrito por":"Andr\u00e9 Serra","Est. tempo de leitura":"3 minutos"},"schema":{"@context":"https:\/\/schema.org","@graph":[{"@type":"NewsArticle","@id":"https:\/\/www.gaveanews.com\/index.php\/2025\/03\/26\/situacao-de-vojvoda-no-fortaleza-chama-atencao\/#article","isPartOf":{"@id":"https:\/\/www.gaveanews.com\/index.php\/2025\/03\/26\/situacao-de-vojvoda-no-fortaleza-chama-atencao\/"},"author":{"name":"Andr\u00e9 Serra","@id":"https:\/\/www.gaveanews.com\/#\/schema\/person\/0277a79a1289c451c281ec0411d84f0c"},"headline":"Situa\u00e7\u00e3o de Vojvoda no Fortaleza chama aten\u00e7\u00e3o","datePublished":"2025-03-27T01:30:00+00:00","mainEntityOfPage":{"@id":"https:\/\/www.gaveanews.com\/index.php\/2025\/03\/26\/situacao-de-vojvoda-no-fortaleza-chama-atencao\/"},"wordCount":359,"commentCount":0,"image":{"@id":"https:\/\/www.gaveanews.com\/index.php\/2025\/03\/26\/situacao-de-vojvoda-no-fortaleza-chama-atencao\/#primaryimage"},"thumbnailUrl":"https:\/\/www.gaveanews.com\/wp-content\/uploads\/Vojvoda-durante-um-treino-do-Fortaleza.webp","articleSection":["Fortaleza"],"inLanguage":"pt-BR","potentialAction":[{"@type":"CommentAction","name":"Comment","target":["https:\/\/www.gaveanews.com\/index.php\/2025\/03\/26\/situacao-de-vojvoda-no-fortaleza-chama-atencao\/#respond"]}],"copyrightYear":"2025","copyrightHolder":{"@id":"https:\/\/www.gaveanews.com\/#organization"}},{"@type":"WebPage","@id":"https:\/\/www.gaveanews.com\/index.php\/2025\/03\/26\/situacao-de-vojvoda-no-fortaleza-chama-atencao\/","url":"https:\/\/www.gaveanews.com\/index.php\/2025\/03\/26\/situacao-de-vojvoda-no-fortaleza-chama-atencao\/","name":"Situa\u00e7\u00e3o de Vojvoda no Fortaleza chama aten\u00e7\u00e3o","isPartOf":{"@id":"https:\/\/www.gaveanews.com\/#website"},"primaryImageOfPage":{"@id":"https:\/\/www.gaveanews.com\/index.php\/2025\/03\/26\/situacao-de-vojvoda-no-fortaleza-chama-atencao\/#primaryimage"},"image":{"@id":"https:\/\/www.gaveanews.com\/index.php\/2025\/03\/26\/situacao-de-vojvoda-no-fortaleza-chama-atencao\/#primaryimage"},"thumbnailUrl":"https:\/\/www.gaveanews.com\/wp-content\/uploads\/Vojvoda-durante-um-treino-do-Fortaleza.webp","datePublished":"2025-03-27T01:30:00+00:00","author":{"@id":"https:\/\/www.gaveanews.com\/#\/schema\/person\/0277a79a1289c451c281ec0411d84f0c"},"breadcrumb":{"@id":"https:\/\/www.gaveanews.com\/index.php\/2025\/03\/26\/situacao-de-vojvoda-no-fortaleza-chama-atencao\/#breadcrumb"},"inLanguage":"pt-BR","potentialAction":[{"@type":"ReadAction","target":["https:\/\/www.gaveanews.com\/index.php\/2025\/03\/26\/situacao-de-vojvoda-no-fortaleza-chama-atencao\/"]}]},{"@type":"ImageObject","inLanguage":"pt-BR","@id":"https:\/\/www.gaveanews.com\/index.php\/2025\/03\/26\/situacao-de-vojvoda-no-fortaleza-chama-atencao\/#primaryimage","url":"https:\/\/www.gaveanews.com\/wp-content\/uploads\/Vojvoda-durante-um-treino-do-Fortaleza.webp","contentUrl":"https:\/\/www.gaveanews.com\/wp-content\/uploads\/Vojvoda-durante-um-treino-do-Fortaleza.webp","width":1280,"height":720,"caption":"Vojvoda durante um treino do Fortaleza (Foto: Leonardo Moreira\/Fortaleza)"},{"@type":"BreadcrumbList","@id":"https:\/\/www.gaveanews.com\/index.php\/2025\/03\/26\/situacao-de-vojvoda-no-fortaleza-chama-atencao\/#breadcrumb","itemListElement":[{"@type":"ListItem","position":1,"name":"Home","item":"https:\/\/www.gaveanews.com\/"},{"@type":"ListItem","position":2,"name":"Situa\u00e7\u00e3o de Vojvoda no Fortaleza chama aten\u00e7\u00e3o"}]},{"@type":"WebSite","@id":"https:\/\/www.gaveanews.com\/#website","url":"https:\/\/www.gaveanews.com\/","name":"G\u00e1vea News","description":"Veja todas as not\u00edcias sobre o Flamengo: Contrata\u00e7\u00f5es, categorias de base, resultados das partidas, tabela de classifica\u00e7\u00e3o, pr\u00f3ximos jogos!","potentialAction":[{"@type":"SearchAction","target":{"@type":"EntryPoint","urlTemplate":"https:\/\/www.gaveanews.com\/?s={search_term_string}"},"query-input":{"@type":"PropertyValueSpecification","valueRequired":true,"valueName":"search_term_string"}}],"inLanguage":"pt-BR"},{"@type":"Person","@id":"https:\/\/www.gaveanews.com\/#\/schema\/person\/0277a79a1289c451c281ec0411d84f0c","name":"Andr\u00e9 Serra","image":{"@type":"ImageObject","inLanguage":"pt-BR","@id":"https:\/\/www.gaveanews.com\/#\/schema\/person\/image\/","url":"https:\/\/secure.gravatar.com\/avatar\/d7231369fe48db93292b3e88eb2162dbd9a34a47a8437d9ef3bcaca2a86a83d7?s=96&d=mm&r=g","contentUrl":"https:\/\/secure.gravatar.com\/avatar\/d7231369fe48db93292b3e88eb2162dbd9a34a47a8437d9ef3bcaca2a86a83d7?s=96&d=mm&r=g","caption":"Andr\u00e9 Serra"}}]}},"_links":{"self":[{"href":"https:\/\/www.gaveanews.com\/index.php\/wp-json\/wp\/v2\/posts\/245092","targetHints":{"allow":["GET"]}}],"collection":[{"href":"https:\/\/www.gaveanews.com\/index.php\/wp-json\/wp\/v2\/posts"}],"about":[{"href":"https:\/\/www.gaveanews.com\/index.php\/wp-json\/wp\/v2\/types\/post"}],"author":[{"embeddable":true,"href":"https:\/\/www.gaveanews.com\/index.php\/wp-json\/wp\/v2\/users\/21"}],"replies":[{"embeddable":true,"href":"https:\/\/www.gaveanews.com\/index.php\/wp-json\/wp\/v2\/comments?post=245092"}],"version-history":[{"count":1,"href":"https:\/\/www.gaveanews.com\/index.php\/wp-json\/wp\/v2\/posts\/245092\/revisions"}],"predecessor-version":[{"id":245108,"href":"https:\/\/www.gaveanews.com\/index.php\/wp-json\/wp\/v2\/posts\/245092\/revisions\/245108"}],"wp:featuredmedia":[{"embeddable":true,"href":"https:\/\/www.gaveanews.com\/index.php\/wp-json\/wp\/v2\/media\/72672"}],"wp:attachment":[{"href":"https:\/\/www.gaveanews.com\/index.php\/wp-json\/wp\/v2\/media?parent=245092"}],"wp:term":[{"taxonomy":"category","embeddable":true,"href":"https:\/\/www.gaveanews.com\/index.php\/wp-json\/wp\/v2\/categories?post=245092"},{"taxonomy":"post_tag","embeddable":true,"href":"https:\/\/www.gaveanews.com\/index.php\/wp-json\/wp\/v2\/tags?post=245092"}],"curies":[{"name":"wp","href":"https:\/\/api.w.org\/{rel}","templated":true}]}}