{"id":245190,"date":"2025-03-26T21:35:00","date_gmt":"2025-03-27T00:35:00","guid":{"rendered":"https:\/\/www.gaveanews.com\/?p=245190"},"modified":"2025-03-26T20:27:25","modified_gmt":"2025-03-26T23:27:25","slug":"muita-grana-diretoria-do-palmeiras-embolsa-270-milhoes","status":"publish","type":"post","link":"https:\/\/www.gaveanews.com\/index.php\/2025\/03\/26\/muita-grana-diretoria-do-palmeiras-embolsa-270-milhoes\/","title":{"rendered":"Muita grana! Diretoria do Palmeiras embolsa 270 milh\u00f5es"},"content":{"rendered":"\n<p>O Palmeiras oficializou um novo contrato de patroc\u00ednio com o Grupo Fictor, empresa do setor de private equity, que passar\u00e1 a estampar sua marca nas costas das camisas do time profissional masculino e feminino, al\u00e9m de ocupar o espa\u00e7o m\u00e1ster dos uniformes das categorias de base. O acordo foi firmado por R$ 30 milh\u00f5es anuais e ter\u00e1 validade inicial de tr\u00eas temporadas, com possibilidade de prorroga\u00e7\u00e3o por mais um ano.<\/p>\n\n\n\n<p>Anteriormente, o clube n\u00e3o podia utilizar a marca da Sportingbet, atual patrocinadora do elenco principal, nas categorias de base, devido a restri\u00e7\u00f5es legais sobre casas de apostas. Assim, o contrato com a Fictor preenche essa lacuna e refor\u00e7a o planejamento institucional do clube. Ali\u00e1s, o acordo tamb\u00e9m inclui o naming rights de uma competi\u00e7\u00e3o de base, que passar\u00e1 a se chamar Copa Fictor.<\/p>\n\n\n\n<p>\u201cO fortalecimento das categorias de base tem sido uma prioridade no Palmeiras. As conquistas e o desempenho das Crias da Academia s\u00e3o motivo de orgulho. Agora, com a Fictor, ganhamos mais um parceiro importante tamb\u00e9m para os profissionais\u201d, declarou Leila Pereira, presidente do clube.<\/p>\n\n\n\n<p>Conforme anunciado, o novo patroc\u00ednio estreou nesta quarta-feira (26), \u00e0s 16h (hor\u00e1rio de Bras\u00edlia), no duelo entre Palmeiras e Internacional pelo Campeonato Brasileiro sub-20, na Arena Barueri. Posteriormente, ser\u00e1 a vez do time principal masculino exibir a nova marca na final do Campeonato Paulista contra o Corinthians, marcada para quinta-feira (27), \u00e0s 21h35 (hor\u00e1rio de Bras\u00edlia), na Neo Qu\u00edmica Arena.<\/p>\n\n\n\n<p>No mesmo evento de apresenta\u00e7\u00e3o do novo parceiro, o vice-presidente e respons\u00e1vel pela \u00e1rea de marketing, Everaldo Coelho, revelou que a camisa palmeirense atingiu o valor total de R$ 270 milh\u00f5es anuais, considerando contratos fixos e vari\u00e1veis, al\u00e9m do fornecimento de material esportivo. Segundo ele, essa cifra evidencia a credibilidade da marca Palmeiras no mercado.<\/p>\n\n\n\n<p>A composi\u00e7\u00e3o desse valor engloba os contratos com a Sportingbet (R$ 173 milh\u00f5es), Fictor (R$ 30 milh\u00f5es), Sil Fios e Cabos El\u00e9tricos (R$ 11 milh\u00f5es mais b\u00f4nus), Uniasselvi (R$ 8 milh\u00f5es) e a fornecedora Puma, que contribui com cerca de R$ 50 milh\u00f5es. Desse modo, apenas com os valores fixos, o clube garante R$ 144 milh\u00f5es por temporada, o que, em quatro anos, pode ultrapassar R$ 1 bilh\u00e3o em receitas com a camisa.<\/p>\n","protected":false},"excerpt":{"rendered":"<p>O Palmeiras oficializou um novo contrato de patroc\u00ednio com o Grupo Fictor, empresa do setor de private equity, que passar\u00e1 a estampar sua marca nas costas das camisas do time profissional masculino e feminino, al\u00e9m de ocupar o espa\u00e7o m\u00e1ster dos uniformes das categorias de base. O acordo foi firmado por R$ 30 milh\u00f5es anuais [&hellip;]<\/p>\n","protected":false},"author":18,"featured_media":152159,"comment_status":"open","ping_status":"closed","sticky":false,"template":"","format":"standard","meta":{"footnotes":""},"categories":[150],"tags":[],"class_list":["post-245190","post","type-post","status-publish","format-standard","has-post-thumbnail","hentry","category-palmeiras"],"yoast_head":"<!-- This site is optimized with the Yoast SEO Premium plugin v24.2 (Yoast SEO v26.9) - https:\/\/yoast.com\/product\/yoast-seo-premium-wordpress\/ -->\n<title>Muita grana! Diretoria do Palmeiras embolsa 270 milh\u00f5es<\/title>\n<meta name=\"robots\" content=\"index, follow, max-snippet:-1, max-image-preview:large, max-video-preview:-1\" \/>\n<link rel=\"canonical\" href=\"https:\/\/www.gaveanews.com\/index.php\/2025\/03\/26\/muita-grana-diretoria-do-palmeiras-embolsa-270-milhoes\/\" \/>\n<meta property=\"og:locale\" content=\"pt_BR\" \/>\n<meta property=\"og:type\" content=\"article\" \/>\n<meta property=\"og:title\" content=\"Muita grana! Diretoria do Palmeiras embolsa 270 milh\u00f5es\" \/>\n<meta property=\"og:description\" content=\"O Palmeiras oficializou um novo contrato de patroc\u00ednio com o Grupo Fictor, empresa do setor de private equity, que passar\u00e1 a estampar sua marca nas costas das camisas do time profissional masculino e feminino, al\u00e9m de ocupar o espa\u00e7o m\u00e1ster dos uniformes das categorias de base. O acordo foi firmado por R$ 30 milh\u00f5es anuais [&hellip;]\" \/>\n<meta property=\"og:url\" content=\"https:\/\/www.gaveanews.com\/index.php\/2025\/03\/26\/muita-grana-diretoria-do-palmeiras-embolsa-270-milhoes\/\" \/>\n<meta property=\"og:site_name\" content=\"G\u00e1vea News\" \/>\n<meta property=\"article:publisher\" content=\"https:\/\/facebook.com\/gaveaNews\/\" \/>\n<meta property=\"article:published_time\" content=\"2025-03-27T00:35:00+00:00\" \/>\n<meta property=\"og:image\" content=\"https:\/\/www.gaveanews.com\/wp-content\/uploads\/Escudo-do-Palmeiras.webp\" \/>\n\t<meta property=\"og:image:width\" content=\"1000\" \/>\n\t<meta property=\"og:image:height\" content=\"667\" \/>\n\t<meta property=\"og:image:type\" content=\"image\/webp\" \/>\n<meta name=\"author\" content=\"Paula Silva\" \/>\n<meta name=\"twitter:card\" content=\"summary_large_image\" \/>\n<meta name=\"twitter:label1\" content=\"Escrito por\" \/>\n\t<meta name=\"twitter:data1\" content=\"Paula Silva\" \/>\n\t<meta name=\"twitter:label2\" content=\"Est. tempo de leitura\" \/>\n\t<meta name=\"twitter:data2\" content=\"3 minutos\" \/>\n<script type=\"application\/ld+json\" class=\"yoast-schema-graph\">{\"@context\":\"https:\/\/schema.org\",\"@graph\":[{\"@type\":\"NewsArticle\",\"@id\":\"https:\/\/www.gaveanews.com\/index.php\/2025\/03\/26\/muita-grana-diretoria-do-palmeiras-embolsa-270-milhoes\/#article\",\"isPartOf\":{\"@id\":\"https:\/\/www.gaveanews.com\/index.php\/2025\/03\/26\/muita-grana-diretoria-do-palmeiras-embolsa-270-milhoes\/\"},\"author\":{\"name\":\"Paula Silva\",\"@id\":\"https:\/\/www.gaveanews.com\/#\/schema\/person\/daf63eec72e1164eb13dc35096c2b8da\"},\"headline\":\"Muita grana! Diretoria do Palmeiras embolsa 270 milh\u00f5es\",\"datePublished\":\"2025-03-27T00:35:00+00:00\",\"mainEntityOfPage\":{\"@id\":\"https:\/\/www.gaveanews.com\/index.php\/2025\/03\/26\/muita-grana-diretoria-do-palmeiras-embolsa-270-milhoes\/\"},\"wordCount\":398,\"commentCount\":0,\"image\":{\"@id\":\"https:\/\/www.gaveanews.com\/index.php\/2025\/03\/26\/muita-grana-diretoria-do-palmeiras-embolsa-270-milhoes\/#primaryimage\"},\"thumbnailUrl\":\"https:\/\/www.gaveanews.com\/wp-content\/uploads\/Escudo-do-Palmeiras.webp\",\"articleSection\":[\"Palmeiras\"],\"inLanguage\":\"pt-BR\",\"potentialAction\":[{\"@type\":\"CommentAction\",\"name\":\"Comment\",\"target\":[\"https:\/\/www.gaveanews.com\/index.php\/2025\/03\/26\/muita-grana-diretoria-do-palmeiras-embolsa-270-milhoes\/#respond\"]}],\"copyrightYear\":\"2025\",\"copyrightHolder\":{\"@id\":\"https:\/\/www.gaveanews.com\/#organization\"}},{\"@type\":\"WebPage\",\"@id\":\"https:\/\/www.gaveanews.com\/index.php\/2025\/03\/26\/muita-grana-diretoria-do-palmeiras-embolsa-270-milhoes\/\",\"url\":\"https:\/\/www.gaveanews.com\/index.php\/2025\/03\/26\/muita-grana-diretoria-do-palmeiras-embolsa-270-milhoes\/\",\"name\":\"Muita grana! Diretoria do Palmeiras embolsa 270 milh\u00f5es\",\"isPartOf\":{\"@id\":\"https:\/\/www.gaveanews.com\/#website\"},\"primaryImageOfPage\":{\"@id\":\"https:\/\/www.gaveanews.com\/index.php\/2025\/03\/26\/muita-grana-diretoria-do-palmeiras-embolsa-270-milhoes\/#primaryimage\"},\"image\":{\"@id\":\"https:\/\/www.gaveanews.com\/index.php\/2025\/03\/26\/muita-grana-diretoria-do-palmeiras-embolsa-270-milhoes\/#primaryimage\"},\"thumbnailUrl\":\"https:\/\/www.gaveanews.com\/wp-content\/uploads\/Escudo-do-Palmeiras.webp\",\"datePublished\":\"2025-03-27T00:35:00+00:00\",\"author\":{\"@id\":\"https:\/\/www.gaveanews.com\/#\/schema\/person\/daf63eec72e1164eb13dc35096c2b8da\"},\"breadcrumb\":{\"@id\":\"https:\/\/www.gaveanews.com\/index.php\/2025\/03\/26\/muita-grana-diretoria-do-palmeiras-embolsa-270-milhoes\/#breadcrumb\"},\"inLanguage\":\"pt-BR\",\"potentialAction\":[{\"@type\":\"ReadAction\",\"target\":[\"https:\/\/www.gaveanews.com\/index.php\/2025\/03\/26\/muita-grana-diretoria-do-palmeiras-embolsa-270-milhoes\/\"]}]},{\"@type\":\"ImageObject\",\"inLanguage\":\"pt-BR\",\"@id\":\"https:\/\/www.gaveanews.com\/index.php\/2025\/03\/26\/muita-grana-diretoria-do-palmeiras-embolsa-270-milhoes\/#primaryimage\",\"url\":\"https:\/\/www.gaveanews.com\/wp-content\/uploads\/Escudo-do-Palmeiras.webp\",\"contentUrl\":\"https:\/\/www.gaveanews.com\/wp-content\/uploads\/Escudo-do-Palmeiras.webp\",\"width\":1000,\"height\":667,\"caption\":\"Escudo do Palmeiras (Foto Reprodu\u00e7\u00e3o\/Instagram)\"},{\"@type\":\"BreadcrumbList\",\"@id\":\"https:\/\/www.gaveanews.com\/index.php\/2025\/03\/26\/muita-grana-diretoria-do-palmeiras-embolsa-270-milhoes\/#breadcrumb\",\"itemListElement\":[{\"@type\":\"ListItem\",\"position\":1,\"name\":\"Home\",\"item\":\"https:\/\/www.gaveanews.com\/\"},{\"@type\":\"ListItem\",\"position\":2,\"name\":\"Muita grana! Diretoria do Palmeiras embolsa 270 milh\u00f5es\"}]},{\"@type\":\"WebSite\",\"@id\":\"https:\/\/www.gaveanews.com\/#website\",\"url\":\"https:\/\/www.gaveanews.com\/\",\"name\":\"G\u00e1vea News\",\"description\":\"Veja todas as not\u00edcias sobre o Flamengo: Contrata\u00e7\u00f5es, categorias de base, resultados das partidas, tabela de classifica\u00e7\u00e3o, pr\u00f3ximos jogos!\",\"potentialAction\":[{\"@type\":\"SearchAction\",\"target\":{\"@type\":\"EntryPoint\",\"urlTemplate\":\"https:\/\/www.gaveanews.com\/?s={search_term_string}\"},\"query-input\":{\"@type\":\"PropertyValueSpecification\",\"valueRequired\":true,\"valueName\":\"search_term_string\"}}],\"inLanguage\":\"pt-BR\"},{\"@type\":\"Person\",\"@id\":\"https:\/\/www.gaveanews.com\/#\/schema\/person\/daf63eec72e1164eb13dc35096c2b8da\",\"name\":\"Paula Silva\",\"image\":{\"@type\":\"ImageObject\",\"inLanguage\":\"pt-BR\",\"@id\":\"https:\/\/www.gaveanews.com\/#\/schema\/person\/image\/\",\"url\":\"https:\/\/secure.gravatar.com\/avatar\/eda381c845527cc5d64c13b901833cda29d97500ba040d3e6461f76f51d163bb?s=96&d=mm&r=g\",\"contentUrl\":\"https:\/\/secure.gravatar.com\/avatar\/eda381c845527cc5d64c13b901833cda29d97500ba040d3e6461f76f51d163bb?s=96&d=mm&r=g\",\"caption\":\"Paula Silva\"}}]}<\/script>\n<!-- \/ Yoast SEO Premium plugin. -->","yoast_head_json":{"title":"Muita grana! Diretoria do Palmeiras embolsa 270 milh\u00f5es","robots":{"index":"index","follow":"follow","max-snippet":"max-snippet:-1","max-image-preview":"max-image-preview:large","max-video-preview":"max-video-preview:-1"},"canonical":"https:\/\/www.gaveanews.com\/index.php\/2025\/03\/26\/muita-grana-diretoria-do-palmeiras-embolsa-270-milhoes\/","og_locale":"pt_BR","og_type":"article","og_title":"Muita grana! Diretoria do Palmeiras embolsa 270 milh\u00f5es","og_description":"O Palmeiras oficializou um novo contrato de patroc\u00ednio com o Grupo Fictor, empresa do setor de private equity, que passar\u00e1 a estampar sua marca nas costas das camisas do time profissional masculino e feminino, al\u00e9m de ocupar o espa\u00e7o m\u00e1ster dos uniformes das categorias de base. O acordo foi firmado por R$ 30 milh\u00f5es anuais [&hellip;]","og_url":"https:\/\/www.gaveanews.com\/index.php\/2025\/03\/26\/muita-grana-diretoria-do-palmeiras-embolsa-270-milhoes\/","og_site_name":"G\u00e1vea News","article_publisher":"https:\/\/facebook.com\/gaveaNews\/","article_published_time":"2025-03-27T00:35:00+00:00","og_image":[{"width":1000,"height":667,"url":"https:\/\/www.gaveanews.com\/wp-content\/uploads\/Escudo-do-Palmeiras.webp","type":"image\/webp"}],"author":"Paula Silva","twitter_card":"summary_large_image","twitter_misc":{"Escrito por":"Paula Silva","Est. tempo de leitura":"3 minutos"},"schema":{"@context":"https:\/\/schema.org","@graph":[{"@type":"NewsArticle","@id":"https:\/\/www.gaveanews.com\/index.php\/2025\/03\/26\/muita-grana-diretoria-do-palmeiras-embolsa-270-milhoes\/#article","isPartOf":{"@id":"https:\/\/www.gaveanews.com\/index.php\/2025\/03\/26\/muita-grana-diretoria-do-palmeiras-embolsa-270-milhoes\/"},"author":{"name":"Paula Silva","@id":"https:\/\/www.gaveanews.com\/#\/schema\/person\/daf63eec72e1164eb13dc35096c2b8da"},"headline":"Muita grana! Diretoria do Palmeiras embolsa 270 milh\u00f5es","datePublished":"2025-03-27T00:35:00+00:00","mainEntityOfPage":{"@id":"https:\/\/www.gaveanews.com\/index.php\/2025\/03\/26\/muita-grana-diretoria-do-palmeiras-embolsa-270-milhoes\/"},"wordCount":398,"commentCount":0,"image":{"@id":"https:\/\/www.gaveanews.com\/index.php\/2025\/03\/26\/muita-grana-diretoria-do-palmeiras-embolsa-270-milhoes\/#primaryimage"},"thumbnailUrl":"https:\/\/www.gaveanews.com\/wp-content\/uploads\/Escudo-do-Palmeiras.webp","articleSection":["Palmeiras"],"inLanguage":"pt-BR","potentialAction":[{"@type":"CommentAction","name":"Comment","target":["https:\/\/www.gaveanews.com\/index.php\/2025\/03\/26\/muita-grana-diretoria-do-palmeiras-embolsa-270-milhoes\/#respond"]}],"copyrightYear":"2025","copyrightHolder":{"@id":"https:\/\/www.gaveanews.com\/#organization"}},{"@type":"WebPage","@id":"https:\/\/www.gaveanews.com\/index.php\/2025\/03\/26\/muita-grana-diretoria-do-palmeiras-embolsa-270-milhoes\/","url":"https:\/\/www.gaveanews.com\/index.php\/2025\/03\/26\/muita-grana-diretoria-do-palmeiras-embolsa-270-milhoes\/","name":"Muita grana! Diretoria do Palmeiras embolsa 270 milh\u00f5es","isPartOf":{"@id":"https:\/\/www.gaveanews.com\/#website"},"primaryImageOfPage":{"@id":"https:\/\/www.gaveanews.com\/index.php\/2025\/03\/26\/muita-grana-diretoria-do-palmeiras-embolsa-270-milhoes\/#primaryimage"},"image":{"@id":"https:\/\/www.gaveanews.com\/index.php\/2025\/03\/26\/muita-grana-diretoria-do-palmeiras-embolsa-270-milhoes\/#primaryimage"},"thumbnailUrl":"https:\/\/www.gaveanews.com\/wp-content\/uploads\/Escudo-do-Palmeiras.webp","datePublished":"2025-03-27T00:35:00+00:00","author":{"@id":"https:\/\/www.gaveanews.com\/#\/schema\/person\/daf63eec72e1164eb13dc35096c2b8da"},"breadcrumb":{"@id":"https:\/\/www.gaveanews.com\/index.php\/2025\/03\/26\/muita-grana-diretoria-do-palmeiras-embolsa-270-milhoes\/#breadcrumb"},"inLanguage":"pt-BR","potentialAction":[{"@type":"ReadAction","target":["https:\/\/www.gaveanews.com\/index.php\/2025\/03\/26\/muita-grana-diretoria-do-palmeiras-embolsa-270-milhoes\/"]}]},{"@type":"ImageObject","inLanguage":"pt-BR","@id":"https:\/\/www.gaveanews.com\/index.php\/2025\/03\/26\/muita-grana-diretoria-do-palmeiras-embolsa-270-milhoes\/#primaryimage","url":"https:\/\/www.gaveanews.com\/wp-content\/uploads\/Escudo-do-Palmeiras.webp","contentUrl":"https:\/\/www.gaveanews.com\/wp-content\/uploads\/Escudo-do-Palmeiras.webp","width":1000,"height":667,"caption":"Escudo do Palmeiras (Foto Reprodu\u00e7\u00e3o\/Instagram)"},{"@type":"BreadcrumbList","@id":"https:\/\/www.gaveanews.com\/index.php\/2025\/03\/26\/muita-grana-diretoria-do-palmeiras-embolsa-270-milhoes\/#breadcrumb","itemListElement":[{"@type":"ListItem","position":1,"name":"Home","item":"https:\/\/www.gaveanews.com\/"},{"@type":"ListItem","position":2,"name":"Muita grana! Diretoria do Palmeiras embolsa 270 milh\u00f5es"}]},{"@type":"WebSite","@id":"https:\/\/www.gaveanews.com\/#website","url":"https:\/\/www.gaveanews.com\/","name":"G\u00e1vea News","description":"Veja todas as not\u00edcias sobre o Flamengo: Contrata\u00e7\u00f5es, categorias de base, resultados das partidas, tabela de classifica\u00e7\u00e3o, pr\u00f3ximos jogos!","potentialAction":[{"@type":"SearchAction","target":{"@type":"EntryPoint","urlTemplate":"https:\/\/www.gaveanews.com\/?s={search_term_string}"},"query-input":{"@type":"PropertyValueSpecification","valueRequired":true,"valueName":"search_term_string"}}],"inLanguage":"pt-BR"},{"@type":"Person","@id":"https:\/\/www.gaveanews.com\/#\/schema\/person\/daf63eec72e1164eb13dc35096c2b8da","name":"Paula Silva","image":{"@type":"ImageObject","inLanguage":"pt-BR","@id":"https:\/\/www.gaveanews.com\/#\/schema\/person\/image\/","url":"https:\/\/secure.gravatar.com\/avatar\/eda381c845527cc5d64c13b901833cda29d97500ba040d3e6461f76f51d163bb?s=96&d=mm&r=g","contentUrl":"https:\/\/secure.gravatar.com\/avatar\/eda381c845527cc5d64c13b901833cda29d97500ba040d3e6461f76f51d163bb?s=96&d=mm&r=g","caption":"Paula Silva"}}]}},"_links":{"self":[{"href":"https:\/\/www.gaveanews.com\/index.php\/wp-json\/wp\/v2\/posts\/245190","targetHints":{"allow":["GET"]}}],"collection":[{"href":"https:\/\/www.gaveanews.com\/index.php\/wp-json\/wp\/v2\/posts"}],"about":[{"href":"https:\/\/www.gaveanews.com\/index.php\/wp-json\/wp\/v2\/types\/post"}],"author":[{"embeddable":true,"href":"https:\/\/www.gaveanews.com\/index.php\/wp-json\/wp\/v2\/users\/18"}],"replies":[{"embeddable":true,"href":"https:\/\/www.gaveanews.com\/index.php\/wp-json\/wp\/v2\/comments?post=245190"}],"version-history":[{"count":1,"href":"https:\/\/www.gaveanews.com\/index.php\/wp-json\/wp\/v2\/posts\/245190\/revisions"}],"predecessor-version":[{"id":245196,"href":"https:\/\/www.gaveanews.com\/index.php\/wp-json\/wp\/v2\/posts\/245190\/revisions\/245196"}],"wp:featuredmedia":[{"embeddable":true,"href":"https:\/\/www.gaveanews.com\/index.php\/wp-json\/wp\/v2\/media\/152159"}],"wp:attachment":[{"href":"https:\/\/www.gaveanews.com\/index.php\/wp-json\/wp\/v2\/media?parent=245190"}],"wp:term":[{"taxonomy":"category","embeddable":true,"href":"https:\/\/www.gaveanews.com\/index.php\/wp-json\/wp\/v2\/categories?post=245190"},{"taxonomy":"post_tag","embeddable":true,"href":"https:\/\/www.gaveanews.com\/index.php\/wp-json\/wp\/v2\/tags?post=245190"}],"curies":[{"name":"wp","href":"https:\/\/api.w.org\/{rel}","templated":true}]}}