{"id":245229,"date":"2025-03-27T00:05:00","date_gmt":"2025-03-27T03:05:00","guid":{"rendered":"https:\/\/www.gaveanews.com\/?p=245229"},"modified":"2025-03-26T21:45:11","modified_gmt":"2025-03-27T00:45:11","slug":"sao-paulo-x-sport-a-declaracao-de-diego-souza","status":"publish","type":"post","link":"https:\/\/www.gaveanews.com\/index.php\/2025\/03\/27\/sao-paulo-x-sport-a-declaracao-de-diego-souza\/","title":{"rendered":"S\u00e3o Paulo x Sport: a declara\u00e7\u00e3o de Diego Souza"},"content":{"rendered":"\n<p>Com passagens marcantes por S\u00e3o Paulo e Sport, o ex-jogador Diego Souza compartilhou sua expectativa para o confronto entre as duas equipes na estreia do Campeonato Brasileiro, neste s\u00e1bado, 29 de mar\u00e7o, no MorumBIS. A liga\u00e7\u00e3o com ambos \u00e9 um fator palp\u00e1vel, mas o ex-atacante inclinou-se para identifica\u00e7\u00e3o maior e garantiu torcida ao Le\u00e3o da Ilha. <\/p>\n\n\n\n<p>\u201c\u00d4, Le\u00e3o da Ilha\u2026 se fosse uns anos atr\u00e1s, eu falaria que n\u00e3o ganhava l\u00e1 no MorumBIS. Mas, na Copa do Brasil, conseguiu uma vit\u00f3ria. Ent\u00e3o, tem um hist\u00f3rico de vit\u00f3ria. Vou torcer pelo Le\u00e3o da Ilha\u201d, afirmou Diego Souza em v\u00eddeo para a Central do Pr\u00e9-Jogo no YouTube. \u201cO time do S\u00e3o Paulo \u00e9 bom. Vou torcer pelo Le\u00e3o. O empate t\u00e1 bom. Um pontinho fora de casa\u2026 vamos l\u00e1, Le\u00e3o\u201d, acrescentou.<\/p>\n\n\n\n<p>Diego tamb\u00e9m destacou a for\u00e7a das equipes nordestinas no campeonato, ressaltando que, com bons resultados iniciais, clubes como Sport, Bahia, Fortaleza, Vit\u00f3ria e Cear\u00e1 podem contar com o apoio maci\u00e7o de suas torcidas, criando um ambiente favor\u00e1vel para boas campanhas. Vale destacar que esta edi\u00e7\u00e3o \u00e9 um marco na hist\u00f3ria do futebol local, visto que trata-se do recorde de representantes da elite do futebol nacional. <\/p>\n\n\n\n<p>\u201cOs times do Nordeste t\u00eam uma parada muito maneira. Se come\u00e7arem a ganhar uma partida, empatar fora\u2026 todo jogo, em casa, \u00e9 super lotado. Eles fazem uma festa danada e isso vai empurrando\u201d, afirmou o ex-jogador.<\/p>\n\n\n\n<iframe loading=\"lazy\" width=\"560\" height=\"315\" src=\"https:\/\/www.youtube.com\/embed\/F_4kbdryvW0?si=RNckkclGQFv2bt3j&amp;start=820\" title=\"YouTube video player\" frameborder=\"0\" allow=\"accelerometer; autoplay; clipboard-write; encrypted-media; gyroscope; picture-in-picture; web-share\" referrerpolicy=\"strict-origin-when-cross-origin\" allowfullscreen><\/iframe>\n\n\n\n<h2 class=\"wp-block-heading\" id=\"h-carinho-por-outros-clubes\">Carinho por outros clubes<\/h2>\n\n\n\n<p>Comprometido com a identifica\u00e7\u00e3o ao rubro-negro, Diego fez quest\u00e3o de tamb\u00e9m reiterar seu carinho especial por Vasco, Sport e Gr\u00eamio &#8211; clubes pelos quais atuou e mant\u00e9m torcida constante. Ele expressou o desejo de que essas equipes se reforcem adequadamente para disputar as primeiras posi\u00e7\u00f5es no Brasileir\u00e3o. <\/p>\n\n\n\n<p>\u201cSou Vasco, Sport e Gr\u00eamio. S\u00e3o times que vou levar para o resto da minha vida, estarei torcendo sempre. Espero que eles se reforcem, agora no Campeonato Brasileiro, para que possam estar na parte de cima da tabela. Sem d\u00favida nenhuma, estou sempre na torcida\u201d, concluiu. <\/p>\n","protected":false},"excerpt":{"rendered":"<p>Com passagens marcantes por S\u00e3o Paulo e Sport, o ex-jogador Diego Souza compartilhou sua expectativa para o confronto entre as duas equipes na estreia do Campeonato Brasileiro, neste s\u00e1bado, 29 de mar\u00e7o, no MorumBIS. A liga\u00e7\u00e3o com ambos \u00e9 um fator palp\u00e1vel, mas o ex-atacante inclinou-se para identifica\u00e7\u00e3o maior e garantiu torcida ao Le\u00e3o da [&hellip;]<\/p>\n","protected":false},"author":30,"featured_media":154249,"comment_status":"open","ping_status":"closed","sticky":false,"template":"","format":"standard","meta":{"footnotes":""},"categories":[133,151,154],"tags":[],"class_list":["post-245229","post","type-post","status-publish","format-standard","has-post-thumbnail","hentry","category-brasileirao","category-sao-paulo","category-sport"],"yoast_head":"<!-- This site is optimized with the Yoast SEO Premium plugin v24.2 (Yoast SEO v26.9) - https:\/\/yoast.com\/product\/yoast-seo-premium-wordpress\/ -->\n<title>S\u00e3o Paulo x Sport: a declara\u00e7\u00e3o de Diego Souza<\/title>\n<meta name=\"robots\" content=\"index, follow, max-snippet:-1, max-image-preview:large, max-video-preview:-1\" \/>\n<link rel=\"canonical\" href=\"https:\/\/www.gaveanews.com\/index.php\/2025\/03\/27\/sao-paulo-x-sport-a-declaracao-de-diego-souza\/\" \/>\n<meta property=\"og:locale\" content=\"pt_BR\" \/>\n<meta property=\"og:type\" content=\"article\" \/>\n<meta property=\"og:title\" content=\"S\u00e3o Paulo x Sport: a declara\u00e7\u00e3o de Diego Souza\" \/>\n<meta property=\"og:description\" content=\"Com passagens marcantes por S\u00e3o Paulo e Sport, o ex-jogador Diego Souza compartilhou sua expectativa para o confronto entre as duas equipes na estreia do Campeonato Brasileiro, neste s\u00e1bado, 29 de mar\u00e7o, no MorumBIS. A liga\u00e7\u00e3o com ambos \u00e9 um fator palp\u00e1vel, mas o ex-atacante inclinou-se para identifica\u00e7\u00e3o maior e garantiu torcida ao Le\u00e3o da [&hellip;]\" \/>\n<meta property=\"og:url\" content=\"https:\/\/www.gaveanews.com\/index.php\/2025\/03\/27\/sao-paulo-x-sport-a-declaracao-de-diego-souza\/\" \/>\n<meta property=\"og:site_name\" content=\"G\u00e1vea News\" \/>\n<meta property=\"article:publisher\" content=\"https:\/\/facebook.com\/gaveaNews\/\" \/>\n<meta property=\"article:published_time\" content=\"2025-03-27T03:05:00+00:00\" \/>\n<meta property=\"og:image\" content=\"https:\/\/www.gaveanews.com\/wp-content\/uploads\/Bandeira-do-Sao-Paulo-no-Morumbis-em-2024.webp\" \/>\n\t<meta property=\"og:image:width\" content=\"1000\" \/>\n\t<meta property=\"og:image:height\" content=\"667\" \/>\n\t<meta property=\"og:image:type\" content=\"image\/webp\" \/>\n<meta name=\"author\" content=\"Ana Teixeira\" \/>\n<meta name=\"twitter:card\" content=\"summary_large_image\" \/>\n<meta name=\"twitter:label1\" content=\"Escrito por\" \/>\n\t<meta name=\"twitter:data1\" content=\"Ana Teixeira\" \/>\n\t<meta name=\"twitter:label2\" content=\"Est. tempo de leitura\" \/>\n\t<meta name=\"twitter:data2\" content=\"3 minutos\" \/>\n<script type=\"application\/ld+json\" class=\"yoast-schema-graph\">{\"@context\":\"https:\/\/schema.org\",\"@graph\":[{\"@type\":\"NewsArticle\",\"@id\":\"https:\/\/www.gaveanews.com\/index.php\/2025\/03\/27\/sao-paulo-x-sport-a-declaracao-de-diego-souza\/#article\",\"isPartOf\":{\"@id\":\"https:\/\/www.gaveanews.com\/index.php\/2025\/03\/27\/sao-paulo-x-sport-a-declaracao-de-diego-souza\/\"},\"author\":{\"name\":\"Ana Teixeira\",\"@id\":\"https:\/\/www.gaveanews.com\/#\/schema\/person\/3b19f7288b0ce20372991275e4f2e6c2\"},\"headline\":\"S\u00e3o Paulo x Sport: a declara\u00e7\u00e3o de Diego Souza\",\"datePublished\":\"2025-03-27T03:05:00+00:00\",\"mainEntityOfPage\":{\"@id\":\"https:\/\/www.gaveanews.com\/index.php\/2025\/03\/27\/sao-paulo-x-sport-a-declaracao-de-diego-souza\/\"},\"wordCount\":371,\"commentCount\":0,\"image\":{\"@id\":\"https:\/\/www.gaveanews.com\/index.php\/2025\/03\/27\/sao-paulo-x-sport-a-declaracao-de-diego-souza\/#primaryimage\"},\"thumbnailUrl\":\"https:\/\/www.gaveanews.com\/wp-content\/uploads\/Bandeira-do-Sao-Paulo-no-Morumbis-em-2024.webp\",\"articleSection\":[\"Brasileir\u00e3o\",\"S\u00e3o Paulo\",\"Sport\"],\"inLanguage\":\"pt-BR\",\"potentialAction\":[{\"@type\":\"CommentAction\",\"name\":\"Comment\",\"target\":[\"https:\/\/www.gaveanews.com\/index.php\/2025\/03\/27\/sao-paulo-x-sport-a-declaracao-de-diego-souza\/#respond\"]}],\"copyrightYear\":\"2025\",\"copyrightHolder\":{\"@id\":\"https:\/\/www.gaveanews.com\/#organization\"}},{\"@type\":\"WebPage\",\"@id\":\"https:\/\/www.gaveanews.com\/index.php\/2025\/03\/27\/sao-paulo-x-sport-a-declaracao-de-diego-souza\/\",\"url\":\"https:\/\/www.gaveanews.com\/index.php\/2025\/03\/27\/sao-paulo-x-sport-a-declaracao-de-diego-souza\/\",\"name\":\"S\u00e3o Paulo x Sport: a declara\u00e7\u00e3o de Diego Souza\",\"isPartOf\":{\"@id\":\"https:\/\/www.gaveanews.com\/#website\"},\"primaryImageOfPage\":{\"@id\":\"https:\/\/www.gaveanews.com\/index.php\/2025\/03\/27\/sao-paulo-x-sport-a-declaracao-de-diego-souza\/#primaryimage\"},\"image\":{\"@id\":\"https:\/\/www.gaveanews.com\/index.php\/2025\/03\/27\/sao-paulo-x-sport-a-declaracao-de-diego-souza\/#primaryimage\"},\"thumbnailUrl\":\"https:\/\/www.gaveanews.com\/wp-content\/uploads\/Bandeira-do-Sao-Paulo-no-Morumbis-em-2024.webp\",\"datePublished\":\"2025-03-27T03:05:00+00:00\",\"author\":{\"@id\":\"https:\/\/www.gaveanews.com\/#\/schema\/person\/3b19f7288b0ce20372991275e4f2e6c2\"},\"breadcrumb\":{\"@id\":\"https:\/\/www.gaveanews.com\/index.php\/2025\/03\/27\/sao-paulo-x-sport-a-declaracao-de-diego-souza\/#breadcrumb\"},\"inLanguage\":\"pt-BR\",\"potentialAction\":[{\"@type\":\"ReadAction\",\"target\":[\"https:\/\/www.gaveanews.com\/index.php\/2025\/03\/27\/sao-paulo-x-sport-a-declaracao-de-diego-souza\/\"]}]},{\"@type\":\"ImageObject\",\"inLanguage\":\"pt-BR\",\"@id\":\"https:\/\/www.gaveanews.com\/index.php\/2025\/03\/27\/sao-paulo-x-sport-a-declaracao-de-diego-souza\/#primaryimage\",\"url\":\"https:\/\/www.gaveanews.com\/wp-content\/uploads\/Bandeira-do-Sao-Paulo-no-Morumbis-em-2024.webp\",\"contentUrl\":\"https:\/\/www.gaveanews.com\/wp-content\/uploads\/Bandeira-do-Sao-Paulo-no-Morumbis-em-2024.webp\",\"width\":1000,\"height\":667,\"caption\":\"Bandeira do S\u00e3o Paulo no Morumbis em 2024 (Foto: Reprodu\u00e7\u00e3o\/S\u00e3o Paulo)\"},{\"@type\":\"BreadcrumbList\",\"@id\":\"https:\/\/www.gaveanews.com\/index.php\/2025\/03\/27\/sao-paulo-x-sport-a-declaracao-de-diego-souza\/#breadcrumb\",\"itemListElement\":[{\"@type\":\"ListItem\",\"position\":1,\"name\":\"Home\",\"item\":\"https:\/\/www.gaveanews.com\/\"},{\"@type\":\"ListItem\",\"position\":2,\"name\":\"S\u00e3o Paulo x Sport: a declara\u00e7\u00e3o de Diego Souza\"}]},{\"@type\":\"WebSite\",\"@id\":\"https:\/\/www.gaveanews.com\/#website\",\"url\":\"https:\/\/www.gaveanews.com\/\",\"name\":\"G\u00e1vea News\",\"description\":\"Veja todas as not\u00edcias sobre o Flamengo: Contrata\u00e7\u00f5es, categorias de base, resultados das partidas, tabela de classifica\u00e7\u00e3o, pr\u00f3ximos jogos!\",\"potentialAction\":[{\"@type\":\"SearchAction\",\"target\":{\"@type\":\"EntryPoint\",\"urlTemplate\":\"https:\/\/www.gaveanews.com\/?s={search_term_string}\"},\"query-input\":{\"@type\":\"PropertyValueSpecification\",\"valueRequired\":true,\"valueName\":\"search_term_string\"}}],\"inLanguage\":\"pt-BR\"},{\"@type\":\"Person\",\"@id\":\"https:\/\/www.gaveanews.com\/#\/schema\/person\/3b19f7288b0ce20372991275e4f2e6c2\",\"name\":\"Ana Teixeira\",\"image\":{\"@type\":\"ImageObject\",\"inLanguage\":\"pt-BR\",\"@id\":\"https:\/\/www.gaveanews.com\/#\/schema\/person\/image\/\",\"url\":\"https:\/\/secure.gravatar.com\/avatar\/0a73f5a5258f3fed37fc2fa641892f3f7a4748456d4d4792f9bc550e6c19e06c?s=96&d=mm&r=g\",\"contentUrl\":\"https:\/\/secure.gravatar.com\/avatar\/0a73f5a5258f3fed37fc2fa641892f3f7a4748456d4d4792f9bc550e6c19e06c?s=96&d=mm&r=g\",\"caption\":\"Ana Teixeira\"}}]}<\/script>\n<!-- \/ Yoast SEO Premium plugin. -->","yoast_head_json":{"title":"S\u00e3o Paulo x Sport: a declara\u00e7\u00e3o de Diego Souza","robots":{"index":"index","follow":"follow","max-snippet":"max-snippet:-1","max-image-preview":"max-image-preview:large","max-video-preview":"max-video-preview:-1"},"canonical":"https:\/\/www.gaveanews.com\/index.php\/2025\/03\/27\/sao-paulo-x-sport-a-declaracao-de-diego-souza\/","og_locale":"pt_BR","og_type":"article","og_title":"S\u00e3o Paulo x Sport: a declara\u00e7\u00e3o de Diego Souza","og_description":"Com passagens marcantes por S\u00e3o Paulo e Sport, o ex-jogador Diego Souza compartilhou sua expectativa para o confronto entre as duas equipes na estreia do Campeonato Brasileiro, neste s\u00e1bado, 29 de mar\u00e7o, no MorumBIS. A liga\u00e7\u00e3o com ambos \u00e9 um fator palp\u00e1vel, mas o ex-atacante inclinou-se para identifica\u00e7\u00e3o maior e garantiu torcida ao Le\u00e3o da [&hellip;]","og_url":"https:\/\/www.gaveanews.com\/index.php\/2025\/03\/27\/sao-paulo-x-sport-a-declaracao-de-diego-souza\/","og_site_name":"G\u00e1vea News","article_publisher":"https:\/\/facebook.com\/gaveaNews\/","article_published_time":"2025-03-27T03:05:00+00:00","og_image":[{"width":1000,"height":667,"url":"https:\/\/www.gaveanews.com\/wp-content\/uploads\/Bandeira-do-Sao-Paulo-no-Morumbis-em-2024.webp","type":"image\/webp"}],"author":"Ana Teixeira","twitter_card":"summary_large_image","twitter_misc":{"Escrito por":"Ana Teixeira","Est. tempo de leitura":"3 minutos"},"schema":{"@context":"https:\/\/schema.org","@graph":[{"@type":"NewsArticle","@id":"https:\/\/www.gaveanews.com\/index.php\/2025\/03\/27\/sao-paulo-x-sport-a-declaracao-de-diego-souza\/#article","isPartOf":{"@id":"https:\/\/www.gaveanews.com\/index.php\/2025\/03\/27\/sao-paulo-x-sport-a-declaracao-de-diego-souza\/"},"author":{"name":"Ana Teixeira","@id":"https:\/\/www.gaveanews.com\/#\/schema\/person\/3b19f7288b0ce20372991275e4f2e6c2"},"headline":"S\u00e3o Paulo x Sport: a declara\u00e7\u00e3o de Diego Souza","datePublished":"2025-03-27T03:05:00+00:00","mainEntityOfPage":{"@id":"https:\/\/www.gaveanews.com\/index.php\/2025\/03\/27\/sao-paulo-x-sport-a-declaracao-de-diego-souza\/"},"wordCount":371,"commentCount":0,"image":{"@id":"https:\/\/www.gaveanews.com\/index.php\/2025\/03\/27\/sao-paulo-x-sport-a-declaracao-de-diego-souza\/#primaryimage"},"thumbnailUrl":"https:\/\/www.gaveanews.com\/wp-content\/uploads\/Bandeira-do-Sao-Paulo-no-Morumbis-em-2024.webp","articleSection":["Brasileir\u00e3o","S\u00e3o Paulo","Sport"],"inLanguage":"pt-BR","potentialAction":[{"@type":"CommentAction","name":"Comment","target":["https:\/\/www.gaveanews.com\/index.php\/2025\/03\/27\/sao-paulo-x-sport-a-declaracao-de-diego-souza\/#respond"]}],"copyrightYear":"2025","copyrightHolder":{"@id":"https:\/\/www.gaveanews.com\/#organization"}},{"@type":"WebPage","@id":"https:\/\/www.gaveanews.com\/index.php\/2025\/03\/27\/sao-paulo-x-sport-a-declaracao-de-diego-souza\/","url":"https:\/\/www.gaveanews.com\/index.php\/2025\/03\/27\/sao-paulo-x-sport-a-declaracao-de-diego-souza\/","name":"S\u00e3o Paulo x Sport: a declara\u00e7\u00e3o de Diego Souza","isPartOf":{"@id":"https:\/\/www.gaveanews.com\/#website"},"primaryImageOfPage":{"@id":"https:\/\/www.gaveanews.com\/index.php\/2025\/03\/27\/sao-paulo-x-sport-a-declaracao-de-diego-souza\/#primaryimage"},"image":{"@id":"https:\/\/www.gaveanews.com\/index.php\/2025\/03\/27\/sao-paulo-x-sport-a-declaracao-de-diego-souza\/#primaryimage"},"thumbnailUrl":"https:\/\/www.gaveanews.com\/wp-content\/uploads\/Bandeira-do-Sao-Paulo-no-Morumbis-em-2024.webp","datePublished":"2025-03-27T03:05:00+00:00","author":{"@id":"https:\/\/www.gaveanews.com\/#\/schema\/person\/3b19f7288b0ce20372991275e4f2e6c2"},"breadcrumb":{"@id":"https:\/\/www.gaveanews.com\/index.php\/2025\/03\/27\/sao-paulo-x-sport-a-declaracao-de-diego-souza\/#breadcrumb"},"inLanguage":"pt-BR","potentialAction":[{"@type":"ReadAction","target":["https:\/\/www.gaveanews.com\/index.php\/2025\/03\/27\/sao-paulo-x-sport-a-declaracao-de-diego-souza\/"]}]},{"@type":"ImageObject","inLanguage":"pt-BR","@id":"https:\/\/www.gaveanews.com\/index.php\/2025\/03\/27\/sao-paulo-x-sport-a-declaracao-de-diego-souza\/#primaryimage","url":"https:\/\/www.gaveanews.com\/wp-content\/uploads\/Bandeira-do-Sao-Paulo-no-Morumbis-em-2024.webp","contentUrl":"https:\/\/www.gaveanews.com\/wp-content\/uploads\/Bandeira-do-Sao-Paulo-no-Morumbis-em-2024.webp","width":1000,"height":667,"caption":"Bandeira do S\u00e3o Paulo no Morumbis em 2024 (Foto: Reprodu\u00e7\u00e3o\/S\u00e3o Paulo)"},{"@type":"BreadcrumbList","@id":"https:\/\/www.gaveanews.com\/index.php\/2025\/03\/27\/sao-paulo-x-sport-a-declaracao-de-diego-souza\/#breadcrumb","itemListElement":[{"@type":"ListItem","position":1,"name":"Home","item":"https:\/\/www.gaveanews.com\/"},{"@type":"ListItem","position":2,"name":"S\u00e3o Paulo x Sport: a declara\u00e7\u00e3o de Diego Souza"}]},{"@type":"WebSite","@id":"https:\/\/www.gaveanews.com\/#website","url":"https:\/\/www.gaveanews.com\/","name":"G\u00e1vea News","description":"Veja todas as not\u00edcias sobre o Flamengo: Contrata\u00e7\u00f5es, categorias de base, resultados das partidas, tabela de classifica\u00e7\u00e3o, pr\u00f3ximos jogos!","potentialAction":[{"@type":"SearchAction","target":{"@type":"EntryPoint","urlTemplate":"https:\/\/www.gaveanews.com\/?s={search_term_string}"},"query-input":{"@type":"PropertyValueSpecification","valueRequired":true,"valueName":"search_term_string"}}],"inLanguage":"pt-BR"},{"@type":"Person","@id":"https:\/\/www.gaveanews.com\/#\/schema\/person\/3b19f7288b0ce20372991275e4f2e6c2","name":"Ana Teixeira","image":{"@type":"ImageObject","inLanguage":"pt-BR","@id":"https:\/\/www.gaveanews.com\/#\/schema\/person\/image\/","url":"https:\/\/secure.gravatar.com\/avatar\/0a73f5a5258f3fed37fc2fa641892f3f7a4748456d4d4792f9bc550e6c19e06c?s=96&d=mm&r=g","contentUrl":"https:\/\/secure.gravatar.com\/avatar\/0a73f5a5258f3fed37fc2fa641892f3f7a4748456d4d4792f9bc550e6c19e06c?s=96&d=mm&r=g","caption":"Ana Teixeira"}}]}},"_links":{"self":[{"href":"https:\/\/www.gaveanews.com\/index.php\/wp-json\/wp\/v2\/posts\/245229","targetHints":{"allow":["GET"]}}],"collection":[{"href":"https:\/\/www.gaveanews.com\/index.php\/wp-json\/wp\/v2\/posts"}],"about":[{"href":"https:\/\/www.gaveanews.com\/index.php\/wp-json\/wp\/v2\/types\/post"}],"author":[{"embeddable":true,"href":"https:\/\/www.gaveanews.com\/index.php\/wp-json\/wp\/v2\/users\/30"}],"replies":[{"embeddable":true,"href":"https:\/\/www.gaveanews.com\/index.php\/wp-json\/wp\/v2\/comments?post=245229"}],"version-history":[{"count":1,"href":"https:\/\/www.gaveanews.com\/index.php\/wp-json\/wp\/v2\/posts\/245229\/revisions"}],"predecessor-version":[{"id":245243,"href":"https:\/\/www.gaveanews.com\/index.php\/wp-json\/wp\/v2\/posts\/245229\/revisions\/245243"}],"wp:featuredmedia":[{"embeddable":true,"href":"https:\/\/www.gaveanews.com\/index.php\/wp-json\/wp\/v2\/media\/154249"}],"wp:attachment":[{"href":"https:\/\/www.gaveanews.com\/index.php\/wp-json\/wp\/v2\/media?parent=245229"}],"wp:term":[{"taxonomy":"category","embeddable":true,"href":"https:\/\/www.gaveanews.com\/index.php\/wp-json\/wp\/v2\/categories?post=245229"},{"taxonomy":"post_tag","embeddable":true,"href":"https:\/\/www.gaveanews.com\/index.php\/wp-json\/wp\/v2\/tags?post=245229"}],"curies":[{"name":"wp","href":"https:\/\/api.w.org\/{rel}","templated":true}]}}