{"id":245233,"date":"2025-03-27T00:00:00","date_gmt":"2025-03-27T03:00:00","guid":{"rendered":"https:\/\/www.gaveanews.com\/?p=245233"},"modified":"2025-03-26T21:41:19","modified_gmt":"2025-03-27T00:41:19","slug":"fabio-sormani-exige-que-tres-jogadores-nao-sejam-convocados","status":"publish","type":"post","link":"https:\/\/www.gaveanews.com\/index.php\/2025\/03\/27\/fabio-sormani-exige-que-tres-jogadores-nao-sejam-convocados\/","title":{"rendered":"F\u00e1bio Sormani exige que tr\u00eas jogadores n\u00e3o sejam convocados"},"content":{"rendered":"\n<p>A goleada sofrida pela Sele\u00e7\u00e3o Brasileira diante da Argentina, por 4 a 1, nas Eliminat\u00f3rias, provocou fortes rea\u00e7\u00f5es nos bastidores da imprensa esportiva. O comentarista F\u00e1bio Sormani n\u00e3o poupou cr\u00edticas \u00e0 atua\u00e7\u00e3o da equipe, com foco especial no sistema defensivo, durante participa\u00e7\u00e3o no programa <em>Opini\u00e3o Placar<\/em>, nesta quarta-feira (26).<\/p>\n\n\n\n<p>Segundo Sormani, o zagueiro Murillo, atualmente no Nottingham Forest, teve desempenho desastroso e n\u00e3o deveria ser mais convocado. \u201cEle parecia um boi em campo\u201d, disse. A cr\u00edtica se estendeu \u00e0 avalia\u00e7\u00e3o da Premier League, j\u00e1 que, de acordo com o comentarista, Murillo \u00e9 considerado um dos cinco principais defensores do campeonato ingl\u00eas. \u201cSe ele \u00e9 um dos melhores da Premier League, ent\u00e3o a liga \u00e9 um lixo\u201d, afirmou.<\/p>\n\n\n\n<p>Al\u00e9m disso, Sormani destacou sua insatisfa\u00e7\u00e3o com o crit\u00e9rio de convoca\u00e7\u00e3o da Sele\u00e7\u00e3o. Para ele, jogadores que atuam em clubes m\u00e9dios da Inglaterra n\u00e3o deveriam ter prefer\u00eancia sobre atletas que atuam em equipes como Flamengo ou Palmeiras. \u201cN\u00e3o \u00e9 poss\u00edvel que um jogador do Wolverhampton tenha mais cacife que um do futebol brasileiro\u201d, reclamou.<\/p>\n\n\n\n<p>O zagueiro Marquinhos tamb\u00e9m foi duramente criticado e classificado como \u201co jogador mais superestimado da hist\u00f3ria do futebol brasileiro\u201d. Sormani ainda ironizou o fato de o defensor ser o atual capit\u00e3o da equipe nacional. Outro nome questionado foi o do lateral Guilherme Arana, do Atl\u00e9tico-MG. \u201cN\u00e3o d\u00e1 mais para ele. Chegamos a um ponto em que talvez seja necess\u00e1rio naturalizar atletas de fora\u201d, comentou, sugerindo inclusive o nome de Escobar, lateral-esquerdo do Santos.<\/p>\n\n\n\n<p>As cr\u00edticas n\u00e3o se limitaram aos jogadores. O t\u00e9cnico Dorival J\u00fanior foi apontado como parte do problema. Para Sormani, o Brasil precisa superar barreiras e abrir espa\u00e7o para um comandante estrangeiro. \u201cOs nossos t\u00e9cnicos s\u00e3o med\u00edocres\u201d, disparou. Conforme ele pontuou, insistir com treinadores locais tem mantido a equipe em um ciclo de baixo rendimento.<\/p>\n\n\n\n<p>Em tom de desabafo, o comentarista defendeu a ideia de criar at\u00e9 uma legisla\u00e7\u00e3o que vetasse a convoca\u00e7\u00e3o de jogadores da Premier League. Conforme suas palavras, o desempenho de alguns atletas que atuam na Inglaterra revela que n\u00e3o est\u00e3o preparados para o n\u00edvel exigido pela Sele\u00e7\u00e3o. A avalia\u00e7\u00e3o de Sormani refletiu a insatisfa\u00e7\u00e3o de parte da imprensa e dos torcedores, que cobram mudan\u00e7as urgentes no planejamento da equipe nacional.<\/p>\n","protected":false},"excerpt":{"rendered":"<p>A goleada sofrida pela Sele\u00e7\u00e3o Brasileira diante da Argentina, por 4 a 1, nas Eliminat\u00f3rias, provocou fortes rea\u00e7\u00f5es nos bastidores da imprensa esportiva. O comentarista F\u00e1bio Sormani n\u00e3o poupou cr\u00edticas \u00e0 atua\u00e7\u00e3o da equipe, com foco especial no sistema defensivo, durante participa\u00e7\u00e3o no programa Opini\u00e3o Placar, nesta quarta-feira (26). Segundo Sormani, o zagueiro Murillo, atualmente [&hellip;]<\/p>\n","protected":false},"author":18,"featured_media":52970,"comment_status":"open","ping_status":"closed","sticky":false,"template":"","format":"standard","meta":{"footnotes":""},"categories":[478,477],"tags":[],"class_list":["post-245233","post","type-post","status-publish","format-standard","has-post-thumbnail","hentry","category-brasil","category-selecoes"],"yoast_head":"<!-- This site is optimized with the Yoast SEO Premium plugin v24.2 (Yoast SEO v26.9) - https:\/\/yoast.com\/product\/yoast-seo-premium-wordpress\/ -->\n<title>F\u00e1bio Sormani exige que tr\u00eas jogadores n\u00e3o sejam convocados<\/title>\n<meta name=\"robots\" content=\"index, follow, max-snippet:-1, max-image-preview:large, max-video-preview:-1\" \/>\n<link rel=\"canonical\" href=\"https:\/\/www.gaveanews.com\/index.php\/2025\/03\/27\/fabio-sormani-exige-que-tres-jogadores-nao-sejam-convocados\/\" \/>\n<meta property=\"og:locale\" content=\"pt_BR\" \/>\n<meta property=\"og:type\" content=\"article\" \/>\n<meta property=\"og:title\" content=\"F\u00e1bio Sormani exige que tr\u00eas jogadores n\u00e3o sejam convocados\" \/>\n<meta property=\"og:description\" content=\"A goleada sofrida pela Sele\u00e7\u00e3o Brasileira diante da Argentina, por 4 a 1, nas Eliminat\u00f3rias, provocou fortes rea\u00e7\u00f5es nos bastidores da imprensa esportiva. O comentarista F\u00e1bio Sormani n\u00e3o poupou cr\u00edticas \u00e0 atua\u00e7\u00e3o da equipe, com foco especial no sistema defensivo, durante participa\u00e7\u00e3o no programa Opini\u00e3o Placar, nesta quarta-feira (26). Segundo Sormani, o zagueiro Murillo, atualmente [&hellip;]\" \/>\n<meta property=\"og:url\" content=\"https:\/\/www.gaveanews.com\/index.php\/2025\/03\/27\/fabio-sormani-exige-que-tres-jogadores-nao-sejam-convocados\/\" \/>\n<meta property=\"og:site_name\" content=\"G\u00e1vea News\" \/>\n<meta property=\"article:publisher\" content=\"https:\/\/facebook.com\/gaveaNews\/\" \/>\n<meta property=\"article:published_time\" content=\"2025-03-27T03:00:00+00:00\" \/>\n<meta property=\"og:image\" content=\"https:\/\/www.gaveanews.com\/wp-content\/uploads\/Sormani-durante-um-programa-da-emissora-Fox-Sports.webp\" \/>\n\t<meta property=\"og:image:width\" content=\"650\" \/>\n\t<meta property=\"og:image:height\" content=\"325\" \/>\n\t<meta property=\"og:image:type\" content=\"image\/jpeg\" \/>\n<meta name=\"author\" content=\"Paula Silva\" \/>\n<meta name=\"twitter:card\" content=\"summary_large_image\" \/>\n<meta name=\"twitter:label1\" content=\"Escrito por\" \/>\n\t<meta name=\"twitter:data1\" content=\"Paula Silva\" \/>\n\t<meta name=\"twitter:label2\" content=\"Est. tempo de leitura\" \/>\n\t<meta name=\"twitter:data2\" content=\"3 minutos\" \/>\n<script type=\"application\/ld+json\" class=\"yoast-schema-graph\">{\"@context\":\"https:\/\/schema.org\",\"@graph\":[{\"@type\":\"NewsArticle\",\"@id\":\"https:\/\/www.gaveanews.com\/index.php\/2025\/03\/27\/fabio-sormani-exige-que-tres-jogadores-nao-sejam-convocados\/#article\",\"isPartOf\":{\"@id\":\"https:\/\/www.gaveanews.com\/index.php\/2025\/03\/27\/fabio-sormani-exige-que-tres-jogadores-nao-sejam-convocados\/\"},\"author\":{\"name\":\"Paula Silva\",\"@id\":\"https:\/\/www.gaveanews.com\/#\/schema\/person\/daf63eec72e1164eb13dc35096c2b8da\"},\"headline\":\"F\u00e1bio Sormani exige que tr\u00eas jogadores n\u00e3o sejam convocados\",\"datePublished\":\"2025-03-27T03:00:00+00:00\",\"mainEntityOfPage\":{\"@id\":\"https:\/\/www.gaveanews.com\/index.php\/2025\/03\/27\/fabio-sormani-exige-que-tres-jogadores-nao-sejam-convocados\/\"},\"wordCount\":417,\"commentCount\":0,\"image\":{\"@id\":\"https:\/\/www.gaveanews.com\/index.php\/2025\/03\/27\/fabio-sormani-exige-que-tres-jogadores-nao-sejam-convocados\/#primaryimage\"},\"thumbnailUrl\":\"https:\/\/www.gaveanews.com\/wp-content\/uploads\/Sormani-durante-um-programa-da-emissora-Fox-Sports.webp\",\"articleSection\":[\"Brasil\",\"Sele\u00e7\u00f5es\"],\"inLanguage\":\"pt-BR\",\"potentialAction\":[{\"@type\":\"CommentAction\",\"name\":\"Comment\",\"target\":[\"https:\/\/www.gaveanews.com\/index.php\/2025\/03\/27\/fabio-sormani-exige-que-tres-jogadores-nao-sejam-convocados\/#respond\"]}],\"copyrightYear\":\"2025\",\"copyrightHolder\":{\"@id\":\"https:\/\/www.gaveanews.com\/#organization\"}},{\"@type\":\"WebPage\",\"@id\":\"https:\/\/www.gaveanews.com\/index.php\/2025\/03\/27\/fabio-sormani-exige-que-tres-jogadores-nao-sejam-convocados\/\",\"url\":\"https:\/\/www.gaveanews.com\/index.php\/2025\/03\/27\/fabio-sormani-exige-que-tres-jogadores-nao-sejam-convocados\/\",\"name\":\"F\u00e1bio Sormani exige que tr\u00eas jogadores n\u00e3o sejam convocados\",\"isPartOf\":{\"@id\":\"https:\/\/www.gaveanews.com\/#website\"},\"primaryImageOfPage\":{\"@id\":\"https:\/\/www.gaveanews.com\/index.php\/2025\/03\/27\/fabio-sormani-exige-que-tres-jogadores-nao-sejam-convocados\/#primaryimage\"},\"image\":{\"@id\":\"https:\/\/www.gaveanews.com\/index.php\/2025\/03\/27\/fabio-sormani-exige-que-tres-jogadores-nao-sejam-convocados\/#primaryimage\"},\"thumbnailUrl\":\"https:\/\/www.gaveanews.com\/wp-content\/uploads\/Sormani-durante-um-programa-da-emissora-Fox-Sports.webp\",\"datePublished\":\"2025-03-27T03:00:00+00:00\",\"author\":{\"@id\":\"https:\/\/www.gaveanews.com\/#\/schema\/person\/daf63eec72e1164eb13dc35096c2b8da\"},\"breadcrumb\":{\"@id\":\"https:\/\/www.gaveanews.com\/index.php\/2025\/03\/27\/fabio-sormani-exige-que-tres-jogadores-nao-sejam-convocados\/#breadcrumb\"},\"inLanguage\":\"pt-BR\",\"potentialAction\":[{\"@type\":\"ReadAction\",\"target\":[\"https:\/\/www.gaveanews.com\/index.php\/2025\/03\/27\/fabio-sormani-exige-que-tres-jogadores-nao-sejam-convocados\/\"]}]},{\"@type\":\"ImageObject\",\"inLanguage\":\"pt-BR\",\"@id\":\"https:\/\/www.gaveanews.com\/index.php\/2025\/03\/27\/fabio-sormani-exige-que-tres-jogadores-nao-sejam-convocados\/#primaryimage\",\"url\":\"https:\/\/www.gaveanews.com\/wp-content\/uploads\/Sormani-durante-um-programa-da-emissora-Fox-Sports.webp\",\"contentUrl\":\"https:\/\/www.gaveanews.com\/wp-content\/uploads\/Sormani-durante-um-programa-da-emissora-Fox-Sports.webp\",\"width\":650,\"height\":325,\"caption\":\"Sormani durante um programa da emissora Fox Sports (Foto: Reprodu\u00e7\u00e3o)\"},{\"@type\":\"BreadcrumbList\",\"@id\":\"https:\/\/www.gaveanews.com\/index.php\/2025\/03\/27\/fabio-sormani-exige-que-tres-jogadores-nao-sejam-convocados\/#breadcrumb\",\"itemListElement\":[{\"@type\":\"ListItem\",\"position\":1,\"name\":\"Home\",\"item\":\"https:\/\/www.gaveanews.com\/\"},{\"@type\":\"ListItem\",\"position\":2,\"name\":\"F\u00e1bio Sormani exige que tr\u00eas jogadores n\u00e3o sejam convocados\"}]},{\"@type\":\"WebSite\",\"@id\":\"https:\/\/www.gaveanews.com\/#website\",\"url\":\"https:\/\/www.gaveanews.com\/\",\"name\":\"G\u00e1vea News\",\"description\":\"Veja todas as not\u00edcias sobre o Flamengo: Contrata\u00e7\u00f5es, categorias de base, resultados das partidas, tabela de classifica\u00e7\u00e3o, pr\u00f3ximos jogos!\",\"potentialAction\":[{\"@type\":\"SearchAction\",\"target\":{\"@type\":\"EntryPoint\",\"urlTemplate\":\"https:\/\/www.gaveanews.com\/?s={search_term_string}\"},\"query-input\":{\"@type\":\"PropertyValueSpecification\",\"valueRequired\":true,\"valueName\":\"search_term_string\"}}],\"inLanguage\":\"pt-BR\"},{\"@type\":\"Person\",\"@id\":\"https:\/\/www.gaveanews.com\/#\/schema\/person\/daf63eec72e1164eb13dc35096c2b8da\",\"name\":\"Paula Silva\",\"image\":{\"@type\":\"ImageObject\",\"inLanguage\":\"pt-BR\",\"@id\":\"https:\/\/www.gaveanews.com\/#\/schema\/person\/image\/\",\"url\":\"https:\/\/secure.gravatar.com\/avatar\/eda381c845527cc5d64c13b901833cda29d97500ba040d3e6461f76f51d163bb?s=96&d=mm&r=g\",\"contentUrl\":\"https:\/\/secure.gravatar.com\/avatar\/eda381c845527cc5d64c13b901833cda29d97500ba040d3e6461f76f51d163bb?s=96&d=mm&r=g\",\"caption\":\"Paula Silva\"}}]}<\/script>\n<!-- \/ Yoast SEO Premium plugin. -->","yoast_head_json":{"title":"F\u00e1bio Sormani exige que tr\u00eas jogadores n\u00e3o sejam convocados","robots":{"index":"index","follow":"follow","max-snippet":"max-snippet:-1","max-image-preview":"max-image-preview:large","max-video-preview":"max-video-preview:-1"},"canonical":"https:\/\/www.gaveanews.com\/index.php\/2025\/03\/27\/fabio-sormani-exige-que-tres-jogadores-nao-sejam-convocados\/","og_locale":"pt_BR","og_type":"article","og_title":"F\u00e1bio Sormani exige que tr\u00eas jogadores n\u00e3o sejam convocados","og_description":"A goleada sofrida pela Sele\u00e7\u00e3o Brasileira diante da Argentina, por 4 a 1, nas Eliminat\u00f3rias, provocou fortes rea\u00e7\u00f5es nos bastidores da imprensa esportiva. O comentarista F\u00e1bio Sormani n\u00e3o poupou cr\u00edticas \u00e0 atua\u00e7\u00e3o da equipe, com foco especial no sistema defensivo, durante participa\u00e7\u00e3o no programa Opini\u00e3o Placar, nesta quarta-feira (26). Segundo Sormani, o zagueiro Murillo, atualmente [&hellip;]","og_url":"https:\/\/www.gaveanews.com\/index.php\/2025\/03\/27\/fabio-sormani-exige-que-tres-jogadores-nao-sejam-convocados\/","og_site_name":"G\u00e1vea News","article_publisher":"https:\/\/facebook.com\/gaveaNews\/","article_published_time":"2025-03-27T03:00:00+00:00","og_image":[{"width":650,"height":325,"url":"https:\/\/www.gaveanews.com\/wp-content\/uploads\/Sormani-durante-um-programa-da-emissora-Fox-Sports.webp","type":"image\/jpeg"}],"author":"Paula Silva","twitter_card":"summary_large_image","twitter_misc":{"Escrito por":"Paula Silva","Est. tempo de leitura":"3 minutos"},"schema":{"@context":"https:\/\/schema.org","@graph":[{"@type":"NewsArticle","@id":"https:\/\/www.gaveanews.com\/index.php\/2025\/03\/27\/fabio-sormani-exige-que-tres-jogadores-nao-sejam-convocados\/#article","isPartOf":{"@id":"https:\/\/www.gaveanews.com\/index.php\/2025\/03\/27\/fabio-sormani-exige-que-tres-jogadores-nao-sejam-convocados\/"},"author":{"name":"Paula Silva","@id":"https:\/\/www.gaveanews.com\/#\/schema\/person\/daf63eec72e1164eb13dc35096c2b8da"},"headline":"F\u00e1bio Sormani exige que tr\u00eas jogadores n\u00e3o sejam convocados","datePublished":"2025-03-27T03:00:00+00:00","mainEntityOfPage":{"@id":"https:\/\/www.gaveanews.com\/index.php\/2025\/03\/27\/fabio-sormani-exige-que-tres-jogadores-nao-sejam-convocados\/"},"wordCount":417,"commentCount":0,"image":{"@id":"https:\/\/www.gaveanews.com\/index.php\/2025\/03\/27\/fabio-sormani-exige-que-tres-jogadores-nao-sejam-convocados\/#primaryimage"},"thumbnailUrl":"https:\/\/www.gaveanews.com\/wp-content\/uploads\/Sormani-durante-um-programa-da-emissora-Fox-Sports.webp","articleSection":["Brasil","Sele\u00e7\u00f5es"],"inLanguage":"pt-BR","potentialAction":[{"@type":"CommentAction","name":"Comment","target":["https:\/\/www.gaveanews.com\/index.php\/2025\/03\/27\/fabio-sormani-exige-que-tres-jogadores-nao-sejam-convocados\/#respond"]}],"copyrightYear":"2025","copyrightHolder":{"@id":"https:\/\/www.gaveanews.com\/#organization"}},{"@type":"WebPage","@id":"https:\/\/www.gaveanews.com\/index.php\/2025\/03\/27\/fabio-sormani-exige-que-tres-jogadores-nao-sejam-convocados\/","url":"https:\/\/www.gaveanews.com\/index.php\/2025\/03\/27\/fabio-sormani-exige-que-tres-jogadores-nao-sejam-convocados\/","name":"F\u00e1bio Sormani exige que tr\u00eas jogadores n\u00e3o sejam convocados","isPartOf":{"@id":"https:\/\/www.gaveanews.com\/#website"},"primaryImageOfPage":{"@id":"https:\/\/www.gaveanews.com\/index.php\/2025\/03\/27\/fabio-sormani-exige-que-tres-jogadores-nao-sejam-convocados\/#primaryimage"},"image":{"@id":"https:\/\/www.gaveanews.com\/index.php\/2025\/03\/27\/fabio-sormani-exige-que-tres-jogadores-nao-sejam-convocados\/#primaryimage"},"thumbnailUrl":"https:\/\/www.gaveanews.com\/wp-content\/uploads\/Sormani-durante-um-programa-da-emissora-Fox-Sports.webp","datePublished":"2025-03-27T03:00:00+00:00","author":{"@id":"https:\/\/www.gaveanews.com\/#\/schema\/person\/daf63eec72e1164eb13dc35096c2b8da"},"breadcrumb":{"@id":"https:\/\/www.gaveanews.com\/index.php\/2025\/03\/27\/fabio-sormani-exige-que-tres-jogadores-nao-sejam-convocados\/#breadcrumb"},"inLanguage":"pt-BR","potentialAction":[{"@type":"ReadAction","target":["https:\/\/www.gaveanews.com\/index.php\/2025\/03\/27\/fabio-sormani-exige-que-tres-jogadores-nao-sejam-convocados\/"]}]},{"@type":"ImageObject","inLanguage":"pt-BR","@id":"https:\/\/www.gaveanews.com\/index.php\/2025\/03\/27\/fabio-sormani-exige-que-tres-jogadores-nao-sejam-convocados\/#primaryimage","url":"https:\/\/www.gaveanews.com\/wp-content\/uploads\/Sormani-durante-um-programa-da-emissora-Fox-Sports.webp","contentUrl":"https:\/\/www.gaveanews.com\/wp-content\/uploads\/Sormani-durante-um-programa-da-emissora-Fox-Sports.webp","width":650,"height":325,"caption":"Sormani durante um programa da emissora Fox Sports (Foto: Reprodu\u00e7\u00e3o)"},{"@type":"BreadcrumbList","@id":"https:\/\/www.gaveanews.com\/index.php\/2025\/03\/27\/fabio-sormani-exige-que-tres-jogadores-nao-sejam-convocados\/#breadcrumb","itemListElement":[{"@type":"ListItem","position":1,"name":"Home","item":"https:\/\/www.gaveanews.com\/"},{"@type":"ListItem","position":2,"name":"F\u00e1bio Sormani exige que tr\u00eas jogadores n\u00e3o sejam convocados"}]},{"@type":"WebSite","@id":"https:\/\/www.gaveanews.com\/#website","url":"https:\/\/www.gaveanews.com\/","name":"G\u00e1vea News","description":"Veja todas as not\u00edcias sobre o Flamengo: Contrata\u00e7\u00f5es, categorias de base, resultados das partidas, tabela de classifica\u00e7\u00e3o, pr\u00f3ximos jogos!","potentialAction":[{"@type":"SearchAction","target":{"@type":"EntryPoint","urlTemplate":"https:\/\/www.gaveanews.com\/?s={search_term_string}"},"query-input":{"@type":"PropertyValueSpecification","valueRequired":true,"valueName":"search_term_string"}}],"inLanguage":"pt-BR"},{"@type":"Person","@id":"https:\/\/www.gaveanews.com\/#\/schema\/person\/daf63eec72e1164eb13dc35096c2b8da","name":"Paula Silva","image":{"@type":"ImageObject","inLanguage":"pt-BR","@id":"https:\/\/www.gaveanews.com\/#\/schema\/person\/image\/","url":"https:\/\/secure.gravatar.com\/avatar\/eda381c845527cc5d64c13b901833cda29d97500ba040d3e6461f76f51d163bb?s=96&d=mm&r=g","contentUrl":"https:\/\/secure.gravatar.com\/avatar\/eda381c845527cc5d64c13b901833cda29d97500ba040d3e6461f76f51d163bb?s=96&d=mm&r=g","caption":"Paula Silva"}}]}},"_links":{"self":[{"href":"https:\/\/www.gaveanews.com\/index.php\/wp-json\/wp\/v2\/posts\/245233","targetHints":{"allow":["GET"]}}],"collection":[{"href":"https:\/\/www.gaveanews.com\/index.php\/wp-json\/wp\/v2\/posts"}],"about":[{"href":"https:\/\/www.gaveanews.com\/index.php\/wp-json\/wp\/v2\/types\/post"}],"author":[{"embeddable":true,"href":"https:\/\/www.gaveanews.com\/index.php\/wp-json\/wp\/v2\/users\/18"}],"replies":[{"embeddable":true,"href":"https:\/\/www.gaveanews.com\/index.php\/wp-json\/wp\/v2\/comments?post=245233"}],"version-history":[{"count":1,"href":"https:\/\/www.gaveanews.com\/index.php\/wp-json\/wp\/v2\/posts\/245233\/revisions"}],"predecessor-version":[{"id":245238,"href":"https:\/\/www.gaveanews.com\/index.php\/wp-json\/wp\/v2\/posts\/245233\/revisions\/245238"}],"wp:featuredmedia":[{"embeddable":true,"href":"https:\/\/www.gaveanews.com\/index.php\/wp-json\/wp\/v2\/media\/52970"}],"wp:attachment":[{"href":"https:\/\/www.gaveanews.com\/index.php\/wp-json\/wp\/v2\/media?parent=245233"}],"wp:term":[{"taxonomy":"category","embeddable":true,"href":"https:\/\/www.gaveanews.com\/index.php\/wp-json\/wp\/v2\/categories?post=245233"},{"taxonomy":"post_tag","embeddable":true,"href":"https:\/\/www.gaveanews.com\/index.php\/wp-json\/wp\/v2\/tags?post=245233"}],"curies":[{"name":"wp","href":"https:\/\/api.w.org\/{rel}","templated":true}]}}