{"id":245252,"date":"2025-03-26T21:59:53","date_gmt":"2025-03-27T00:59:53","guid":{"rendered":"https:\/\/www.gaveanews.com\/?p=245252"},"modified":"2025-03-26T21:59:56","modified_gmt":"2025-03-27T00:59:56","slug":"destaque-do-botafogo-assina-ate-2028","status":"publish","type":"post","link":"https:\/\/www.gaveanews.com\/index.php\/2025\/03\/26\/destaque-do-botafogo-assina-ate-2028\/","title":{"rendered":"Destaque do Botafogo assina at\u00e9 2028"},"content":{"rendered":"\n<p>O Botafogo oficializou a renova\u00e7\u00e3o contratual do atacante Savarino, que agora tem v\u00ednculo com o clube at\u00e9 junho de 2028. A assinatura ocorreu na quarta-feira (26 de mar\u00e7o), ap\u00f3s o retorno do jogador ao Brasil, onde defendia a sele\u00e7\u00e3o da Venezuela nas Eliminat\u00f3rias para a Copa do Mundo de 2026.<\/p>\n\n\n\n<p>Anteriormente, o contrato do atleta era v\u00e1lido at\u00e9 dezembro de 2026. Com a extens\u00e3o, Savarino amplia sua perman\u00eancia por mais um ano e meio. A renova\u00e7\u00e3o contempla n\u00e3o apenas a dura\u00e7\u00e3o do acordo, mas tamb\u00e9m uma valoriza\u00e7\u00e3o salarial. Al\u00e9m disso, a multa rescis\u00f3ria para clubes do exterior foi reajustada para US$ 20 milh\u00f5es, valor que equivale a aproximadamente R$ 113 milh\u00f5es na cota\u00e7\u00e3o atual.<\/p>\n\n\n\n<figure class=\"wp-block-image size-full\"><img loading=\"lazy\" decoding=\"async\" width=\"774\" height=\"516\" src=\"http:\/\/www.gaveanews.com\/wp-content\/uploads\/Savarino-Botafogo.webp\" alt=\"\" class=\"wp-image-168197\" srcset=\"https:\/\/www.gaveanews.com\/wp-content\/uploads\/Savarino-Botafogo.webp 774w, https:\/\/www.gaveanews.com\/wp-content\/uploads\/Savarino-Botafogo-300x200.webp 300w, https:\/\/www.gaveanews.com\/wp-content\/uploads\/Savarino-Botafogo-768x512.webp 768w, https:\/\/www.gaveanews.com\/wp-content\/uploads\/Savarino-Botafogo-630x420.webp 630w, https:\/\/www.gaveanews.com\/wp-content\/uploads\/Savarino-Botafogo-640x427.webp 640w, https:\/\/www.gaveanews.com\/wp-content\/uploads\/Savarino-Botafogo-681x454.webp 681w, https:\/\/www.gaveanews.com\/wp-content\/uploads\/Savarino-Botafogo-100x67.webp 100w\" sizes=\"auto, (max-width: 774px) 100vw, 774px\" \/><figcaption class=\"wp-element-caption\">Savarino em a\u00e7\u00e3o pelo Botafogo (Foto: Vitor Silva\/Botafogo)<\/figcaption><\/figure>\n\n\n\n<p>Savarino desembarcou em General Severiano em 2024, ap\u00f3s passagem pelo Real Salt Lake, dos Estados Unidos. Desde ent\u00e3o, vem sendo pe\u00e7a importante no elenco alvinegro. Ao longo desse per\u00edodo, o atacante venezuelano disputou 62 partidas, balan\u00e7ou as redes 15 vezes e distribuiu 13 assist\u00eancias.<\/p>\n\n\n\n<p>Ali\u00e1s, seu desempenho foi essencial na campanha vitoriosa do Botafogo, que conquistou o Campeonato Brasileiro e a Conmebol Libertadores em 2024. Conforme apurado, Savarino \u00e9 considerado um dos pilares do grupo comandado por Artur Jorge, e sua perman\u00eancia era tratada como prioridade no planejamento do clube para os pr\u00f3ximos anos.<\/p>\n\n\n\n<p>Enquanto isso, o Botafogo segue se preparando para a estreia no Campeonato Brasileiro. O elenco viaja no s\u00e1bado a S\u00e3o Paulo, onde enfrentar\u00e1 o Palmeiras no domingo (30 de mar\u00e7o), \u00e0s 16h (hor\u00e1rio de Bras\u00edlia), no Allianz Parque. Savarino, que j\u00e1 est\u00e1 integrado ao grupo, deve estar \u00e0 disposi\u00e7\u00e3o da comiss\u00e3o t\u00e9cnica.<\/p>\n\n\n\n<p>A renova\u00e7\u00e3o do contrato de Savarino refor\u00e7a a estrat\u00e9gia do Botafogo em manter a base do elenco vitorioso. A diretoria alvinegra busca consolidar o projeto esportivo com estabilidade e continuidade, sobretudo em nomes que contribu\u00edram decisivamente nas \u00faltimas conquistas.<\/p>\n","protected":false},"excerpt":{"rendered":"<p>O Botafogo oficializou a renova\u00e7\u00e3o contratual do atacante Savarino, que agora tem v\u00ednculo com o clube at\u00e9 junho de 2028. A assinatura ocorreu na quarta-feira (26 de mar\u00e7o), ap\u00f3s o retorno do jogador ao Brasil, onde defendia a sele\u00e7\u00e3o da Venezuela nas Eliminat\u00f3rias para a Copa do Mundo de 2026. Anteriormente, o contrato do atleta [&hellip;]<\/p>\n","protected":false},"author":18,"featured_media":156132,"comment_status":"open","ping_status":"closed","sticky":false,"template":"","format":"standard","meta":{"footnotes":""},"categories":[138],"tags":[],"class_list":["post-245252","post","type-post","status-publish","format-standard","has-post-thumbnail","hentry","category-botafogo"],"yoast_head":"<!-- This site is optimized with the Yoast SEO Premium plugin v24.2 (Yoast SEO v26.9) - https:\/\/yoast.com\/product\/yoast-seo-premium-wordpress\/ -->\n<title>Destaque do Botafogo assina at\u00e9 2028<\/title>\n<meta name=\"robots\" content=\"index, follow, max-snippet:-1, max-image-preview:large, max-video-preview:-1\" \/>\n<link rel=\"canonical\" href=\"https:\/\/www.gaveanews.com\/index.php\/2025\/03\/26\/destaque-do-botafogo-assina-ate-2028\/\" \/>\n<meta property=\"og:locale\" content=\"pt_BR\" \/>\n<meta property=\"og:type\" content=\"article\" \/>\n<meta property=\"og:title\" content=\"Destaque do Botafogo assina at\u00e9 2028\" \/>\n<meta property=\"og:description\" content=\"O Botafogo oficializou a renova\u00e7\u00e3o contratual do atacante Savarino, que agora tem v\u00ednculo com o clube at\u00e9 junho de 2028. A assinatura ocorreu na quarta-feira (26 de mar\u00e7o), ap\u00f3s o retorno do jogador ao Brasil, onde defendia a sele\u00e7\u00e3o da Venezuela nas Eliminat\u00f3rias para a Copa do Mundo de 2026. Anteriormente, o contrato do atleta [&hellip;]\" \/>\n<meta property=\"og:url\" content=\"https:\/\/www.gaveanews.com\/index.php\/2025\/03\/26\/destaque-do-botafogo-assina-ate-2028\/\" \/>\n<meta property=\"og:site_name\" content=\"G\u00e1vea News\" \/>\n<meta property=\"article:publisher\" content=\"https:\/\/facebook.com\/gaveaNews\/\" \/>\n<meta property=\"article:published_time\" content=\"2025-03-27T00:59:53+00:00\" \/>\n<meta property=\"article:modified_time\" content=\"2025-03-27T00:59:56+00:00\" \/>\n<meta property=\"og:image\" content=\"http:\/\/www.gaveanews.com\/wp-content\/uploads\/Escudo-do-Botafogo.webp\" \/>\n\t<meta property=\"og:image:width\" content=\"1053\" \/>\n\t<meta property=\"og:image:height\" content=\"702\" \/>\n\t<meta property=\"og:image:type\" content=\"image\/webp\" \/>\n<meta name=\"author\" content=\"Paula Silva\" \/>\n<meta name=\"twitter:card\" content=\"summary_large_image\" \/>\n<meta name=\"twitter:label1\" content=\"Escrito por\" \/>\n\t<meta name=\"twitter:data1\" content=\"Paula Silva\" \/>\n\t<meta name=\"twitter:label2\" content=\"Est. tempo de leitura\" \/>\n\t<meta name=\"twitter:data2\" content=\"3 minutos\" \/>\n<script type=\"application\/ld+json\" class=\"yoast-schema-graph\">{\"@context\":\"https:\/\/schema.org\",\"@graph\":[{\"@type\":\"NewsArticle\",\"@id\":\"https:\/\/www.gaveanews.com\/index.php\/2025\/03\/26\/destaque-do-botafogo-assina-ate-2028\/#article\",\"isPartOf\":{\"@id\":\"https:\/\/www.gaveanews.com\/index.php\/2025\/03\/26\/destaque-do-botafogo-assina-ate-2028\/\"},\"author\":{\"name\":\"Paula Silva\",\"@id\":\"https:\/\/www.gaveanews.com\/#\/schema\/person\/daf63eec72e1164eb13dc35096c2b8da\"},\"headline\":\"Destaque do Botafogo assina at\u00e9 2028\",\"datePublished\":\"2025-03-27T00:59:53+00:00\",\"dateModified\":\"2025-03-27T00:59:56+00:00\",\"mainEntityOfPage\":{\"@id\":\"https:\/\/www.gaveanews.com\/index.php\/2025\/03\/26\/destaque-do-botafogo-assina-ate-2028\/\"},\"wordCount\":340,\"commentCount\":0,\"image\":{\"@id\":\"https:\/\/www.gaveanews.com\/index.php\/2025\/03\/26\/destaque-do-botafogo-assina-ate-2028\/#primaryimage\"},\"thumbnailUrl\":\"https:\/\/www.gaveanews.com\/wp-content\/uploads\/Escudo-do-Botafogo.webp\",\"articleSection\":[\"Botafogo\"],\"inLanguage\":\"pt-BR\",\"potentialAction\":[{\"@type\":\"CommentAction\",\"name\":\"Comment\",\"target\":[\"https:\/\/www.gaveanews.com\/index.php\/2025\/03\/26\/destaque-do-botafogo-assina-ate-2028\/#respond\"]}],\"copyrightYear\":\"2025\",\"copyrightHolder\":{\"@id\":\"https:\/\/www.gaveanews.com\/#organization\"}},{\"@type\":\"WebPage\",\"@id\":\"https:\/\/www.gaveanews.com\/index.php\/2025\/03\/26\/destaque-do-botafogo-assina-ate-2028\/\",\"url\":\"https:\/\/www.gaveanews.com\/index.php\/2025\/03\/26\/destaque-do-botafogo-assina-ate-2028\/\",\"name\":\"Destaque do Botafogo assina at\u00e9 2028\",\"isPartOf\":{\"@id\":\"https:\/\/www.gaveanews.com\/#website\"},\"primaryImageOfPage\":{\"@id\":\"https:\/\/www.gaveanews.com\/index.php\/2025\/03\/26\/destaque-do-botafogo-assina-ate-2028\/#primaryimage\"},\"image\":{\"@id\":\"https:\/\/www.gaveanews.com\/index.php\/2025\/03\/26\/destaque-do-botafogo-assina-ate-2028\/#primaryimage\"},\"thumbnailUrl\":\"https:\/\/www.gaveanews.com\/wp-content\/uploads\/Escudo-do-Botafogo.webp\",\"datePublished\":\"2025-03-27T00:59:53+00:00\",\"dateModified\":\"2025-03-27T00:59:56+00:00\",\"author\":{\"@id\":\"https:\/\/www.gaveanews.com\/#\/schema\/person\/daf63eec72e1164eb13dc35096c2b8da\"},\"breadcrumb\":{\"@id\":\"https:\/\/www.gaveanews.com\/index.php\/2025\/03\/26\/destaque-do-botafogo-assina-ate-2028\/#breadcrumb\"},\"inLanguage\":\"pt-BR\",\"potentialAction\":[{\"@type\":\"ReadAction\",\"target\":[\"https:\/\/www.gaveanews.com\/index.php\/2025\/03\/26\/destaque-do-botafogo-assina-ate-2028\/\"]}]},{\"@type\":\"ImageObject\",\"inLanguage\":\"pt-BR\",\"@id\":\"https:\/\/www.gaveanews.com\/index.php\/2025\/03\/26\/destaque-do-botafogo-assina-ate-2028\/#primaryimage\",\"url\":\"https:\/\/www.gaveanews.com\/wp-content\/uploads\/Escudo-do-Botafogo.webp\",\"contentUrl\":\"https:\/\/www.gaveanews.com\/wp-content\/uploads\/Escudo-do-Botafogo.webp\",\"width\":1053,\"height\":702,\"caption\":\"Escudo do Botafogo (Foto: Reprodu\u00e7\u00e3o\/Botafogo)\"},{\"@type\":\"BreadcrumbList\",\"@id\":\"https:\/\/www.gaveanews.com\/index.php\/2025\/03\/26\/destaque-do-botafogo-assina-ate-2028\/#breadcrumb\",\"itemListElement\":[{\"@type\":\"ListItem\",\"position\":1,\"name\":\"Home\",\"item\":\"https:\/\/www.gaveanews.com\/\"},{\"@type\":\"ListItem\",\"position\":2,\"name\":\"Destaque do Botafogo assina at\u00e9 2028\"}]},{\"@type\":\"WebSite\",\"@id\":\"https:\/\/www.gaveanews.com\/#website\",\"url\":\"https:\/\/www.gaveanews.com\/\",\"name\":\"G\u00e1vea News\",\"description\":\"Veja todas as not\u00edcias sobre o Flamengo: Contrata\u00e7\u00f5es, categorias de base, resultados das partidas, tabela de classifica\u00e7\u00e3o, pr\u00f3ximos jogos!\",\"potentialAction\":[{\"@type\":\"SearchAction\",\"target\":{\"@type\":\"EntryPoint\",\"urlTemplate\":\"https:\/\/www.gaveanews.com\/?s={search_term_string}\"},\"query-input\":{\"@type\":\"PropertyValueSpecification\",\"valueRequired\":true,\"valueName\":\"search_term_string\"}}],\"inLanguage\":\"pt-BR\"},{\"@type\":\"Person\",\"@id\":\"https:\/\/www.gaveanews.com\/#\/schema\/person\/daf63eec72e1164eb13dc35096c2b8da\",\"name\":\"Paula Silva\",\"image\":{\"@type\":\"ImageObject\",\"inLanguage\":\"pt-BR\",\"@id\":\"https:\/\/www.gaveanews.com\/#\/schema\/person\/image\/\",\"url\":\"https:\/\/secure.gravatar.com\/avatar\/eda381c845527cc5d64c13b901833cda29d97500ba040d3e6461f76f51d163bb?s=96&d=mm&r=g\",\"contentUrl\":\"https:\/\/secure.gravatar.com\/avatar\/eda381c845527cc5d64c13b901833cda29d97500ba040d3e6461f76f51d163bb?s=96&d=mm&r=g\",\"caption\":\"Paula Silva\"}}]}<\/script>\n<!-- \/ Yoast SEO Premium plugin. -->","yoast_head_json":{"title":"Destaque do Botafogo assina at\u00e9 2028","robots":{"index":"index","follow":"follow","max-snippet":"max-snippet:-1","max-image-preview":"max-image-preview:large","max-video-preview":"max-video-preview:-1"},"canonical":"https:\/\/www.gaveanews.com\/index.php\/2025\/03\/26\/destaque-do-botafogo-assina-ate-2028\/","og_locale":"pt_BR","og_type":"article","og_title":"Destaque do Botafogo assina at\u00e9 2028","og_description":"O Botafogo oficializou a renova\u00e7\u00e3o contratual do atacante Savarino, que agora tem v\u00ednculo com o clube at\u00e9 junho de 2028. A assinatura ocorreu na quarta-feira (26 de mar\u00e7o), ap\u00f3s o retorno do jogador ao Brasil, onde defendia a sele\u00e7\u00e3o da Venezuela nas Eliminat\u00f3rias para a Copa do Mundo de 2026. Anteriormente, o contrato do atleta [&hellip;]","og_url":"https:\/\/www.gaveanews.com\/index.php\/2025\/03\/26\/destaque-do-botafogo-assina-ate-2028\/","og_site_name":"G\u00e1vea News","article_publisher":"https:\/\/facebook.com\/gaveaNews\/","article_published_time":"2025-03-27T00:59:53+00:00","article_modified_time":"2025-03-27T00:59:56+00:00","og_image":[{"width":1053,"height":702,"url":"http:\/\/www.gaveanews.com\/wp-content\/uploads\/Escudo-do-Botafogo.webp","type":"image\/webp"}],"author":"Paula Silva","twitter_card":"summary_large_image","twitter_misc":{"Escrito por":"Paula Silva","Est. tempo de leitura":"3 minutos"},"schema":{"@context":"https:\/\/schema.org","@graph":[{"@type":"NewsArticle","@id":"https:\/\/www.gaveanews.com\/index.php\/2025\/03\/26\/destaque-do-botafogo-assina-ate-2028\/#article","isPartOf":{"@id":"https:\/\/www.gaveanews.com\/index.php\/2025\/03\/26\/destaque-do-botafogo-assina-ate-2028\/"},"author":{"name":"Paula Silva","@id":"https:\/\/www.gaveanews.com\/#\/schema\/person\/daf63eec72e1164eb13dc35096c2b8da"},"headline":"Destaque do Botafogo assina at\u00e9 2028","datePublished":"2025-03-27T00:59:53+00:00","dateModified":"2025-03-27T00:59:56+00:00","mainEntityOfPage":{"@id":"https:\/\/www.gaveanews.com\/index.php\/2025\/03\/26\/destaque-do-botafogo-assina-ate-2028\/"},"wordCount":340,"commentCount":0,"image":{"@id":"https:\/\/www.gaveanews.com\/index.php\/2025\/03\/26\/destaque-do-botafogo-assina-ate-2028\/#primaryimage"},"thumbnailUrl":"https:\/\/www.gaveanews.com\/wp-content\/uploads\/Escudo-do-Botafogo.webp","articleSection":["Botafogo"],"inLanguage":"pt-BR","potentialAction":[{"@type":"CommentAction","name":"Comment","target":["https:\/\/www.gaveanews.com\/index.php\/2025\/03\/26\/destaque-do-botafogo-assina-ate-2028\/#respond"]}],"copyrightYear":"2025","copyrightHolder":{"@id":"https:\/\/www.gaveanews.com\/#organization"}},{"@type":"WebPage","@id":"https:\/\/www.gaveanews.com\/index.php\/2025\/03\/26\/destaque-do-botafogo-assina-ate-2028\/","url":"https:\/\/www.gaveanews.com\/index.php\/2025\/03\/26\/destaque-do-botafogo-assina-ate-2028\/","name":"Destaque do Botafogo assina at\u00e9 2028","isPartOf":{"@id":"https:\/\/www.gaveanews.com\/#website"},"primaryImageOfPage":{"@id":"https:\/\/www.gaveanews.com\/index.php\/2025\/03\/26\/destaque-do-botafogo-assina-ate-2028\/#primaryimage"},"image":{"@id":"https:\/\/www.gaveanews.com\/index.php\/2025\/03\/26\/destaque-do-botafogo-assina-ate-2028\/#primaryimage"},"thumbnailUrl":"https:\/\/www.gaveanews.com\/wp-content\/uploads\/Escudo-do-Botafogo.webp","datePublished":"2025-03-27T00:59:53+00:00","dateModified":"2025-03-27T00:59:56+00:00","author":{"@id":"https:\/\/www.gaveanews.com\/#\/schema\/person\/daf63eec72e1164eb13dc35096c2b8da"},"breadcrumb":{"@id":"https:\/\/www.gaveanews.com\/index.php\/2025\/03\/26\/destaque-do-botafogo-assina-ate-2028\/#breadcrumb"},"inLanguage":"pt-BR","potentialAction":[{"@type":"ReadAction","target":["https:\/\/www.gaveanews.com\/index.php\/2025\/03\/26\/destaque-do-botafogo-assina-ate-2028\/"]}]},{"@type":"ImageObject","inLanguage":"pt-BR","@id":"https:\/\/www.gaveanews.com\/index.php\/2025\/03\/26\/destaque-do-botafogo-assina-ate-2028\/#primaryimage","url":"https:\/\/www.gaveanews.com\/wp-content\/uploads\/Escudo-do-Botafogo.webp","contentUrl":"https:\/\/www.gaveanews.com\/wp-content\/uploads\/Escudo-do-Botafogo.webp","width":1053,"height":702,"caption":"Escudo do Botafogo (Foto: Reprodu\u00e7\u00e3o\/Botafogo)"},{"@type":"BreadcrumbList","@id":"https:\/\/www.gaveanews.com\/index.php\/2025\/03\/26\/destaque-do-botafogo-assina-ate-2028\/#breadcrumb","itemListElement":[{"@type":"ListItem","position":1,"name":"Home","item":"https:\/\/www.gaveanews.com\/"},{"@type":"ListItem","position":2,"name":"Destaque do Botafogo assina at\u00e9 2028"}]},{"@type":"WebSite","@id":"https:\/\/www.gaveanews.com\/#website","url":"https:\/\/www.gaveanews.com\/","name":"G\u00e1vea News","description":"Veja todas as not\u00edcias sobre o Flamengo: Contrata\u00e7\u00f5es, categorias de base, resultados das partidas, tabela de classifica\u00e7\u00e3o, pr\u00f3ximos jogos!","potentialAction":[{"@type":"SearchAction","target":{"@type":"EntryPoint","urlTemplate":"https:\/\/www.gaveanews.com\/?s={search_term_string}"},"query-input":{"@type":"PropertyValueSpecification","valueRequired":true,"valueName":"search_term_string"}}],"inLanguage":"pt-BR"},{"@type":"Person","@id":"https:\/\/www.gaveanews.com\/#\/schema\/person\/daf63eec72e1164eb13dc35096c2b8da","name":"Paula Silva","image":{"@type":"ImageObject","inLanguage":"pt-BR","@id":"https:\/\/www.gaveanews.com\/#\/schema\/person\/image\/","url":"https:\/\/secure.gravatar.com\/avatar\/eda381c845527cc5d64c13b901833cda29d97500ba040d3e6461f76f51d163bb?s=96&d=mm&r=g","contentUrl":"https:\/\/secure.gravatar.com\/avatar\/eda381c845527cc5d64c13b901833cda29d97500ba040d3e6461f76f51d163bb?s=96&d=mm&r=g","caption":"Paula Silva"}}]}},"_links":{"self":[{"href":"https:\/\/www.gaveanews.com\/index.php\/wp-json\/wp\/v2\/posts\/245252","targetHints":{"allow":["GET"]}}],"collection":[{"href":"https:\/\/www.gaveanews.com\/index.php\/wp-json\/wp\/v2\/posts"}],"about":[{"href":"https:\/\/www.gaveanews.com\/index.php\/wp-json\/wp\/v2\/types\/post"}],"author":[{"embeddable":true,"href":"https:\/\/www.gaveanews.com\/index.php\/wp-json\/wp\/v2\/users\/18"}],"replies":[{"embeddable":true,"href":"https:\/\/www.gaveanews.com\/index.php\/wp-json\/wp\/v2\/comments?post=245252"}],"version-history":[{"count":1,"href":"https:\/\/www.gaveanews.com\/index.php\/wp-json\/wp\/v2\/posts\/245252\/revisions"}],"predecessor-version":[{"id":245256,"href":"https:\/\/www.gaveanews.com\/index.php\/wp-json\/wp\/v2\/posts\/245252\/revisions\/245256"}],"wp:featuredmedia":[{"embeddable":true,"href":"https:\/\/www.gaveanews.com\/index.php\/wp-json\/wp\/v2\/media\/156132"}],"wp:attachment":[{"href":"https:\/\/www.gaveanews.com\/index.php\/wp-json\/wp\/v2\/media?parent=245252"}],"wp:term":[{"taxonomy":"category","embeddable":true,"href":"https:\/\/www.gaveanews.com\/index.php\/wp-json\/wp\/v2\/categories?post=245252"},{"taxonomy":"post_tag","embeddable":true,"href":"https:\/\/www.gaveanews.com\/index.php\/wp-json\/wp\/v2\/tags?post=245252"}],"curies":[{"name":"wp","href":"https:\/\/api.w.org\/{rel}","templated":true}]}}