{"id":245268,"date":"2025-03-27T00:50:00","date_gmt":"2025-03-27T03:50:00","guid":{"rendered":"https:\/\/www.gaveanews.com\/?p=245268"},"modified":"2025-03-26T22:11:18","modified_gmt":"2025-03-27T01:11:18","slug":"mauro-cezar-pereira-aponta-tecnico-ideal-para-o-lugar-de-dorival-junior","status":"publish","type":"post","link":"https:\/\/www.gaveanews.com\/index.php\/2025\/03\/27\/mauro-cezar-pereira-aponta-tecnico-ideal-para-o-lugar-de-dorival-junior\/","title":{"rendered":"Mauro Cezar Pereira aponta t\u00e9cnico ideal para o lugar de Dorival J\u00fanior"},"content":{"rendered":"\n<p>A press\u00e3o sobre Dorival J\u00fanior aumentou consideravelmente ap\u00f3s a goleada por 4 a 1 sofrida pela Sele\u00e7\u00e3o Brasileira diante da Argentina, em Buenos Aires. Diante desse cen\u00e1rio, a Confedera\u00e7\u00e3o Brasileira de Futebol (CBF) j\u00e1 discute poss\u00edveis mudan\u00e7as no comando t\u00e9cnico da equipe nacional. A discuss\u00e3o sobre quem poder\u00e1 assumir o posto ganhou for\u00e7a, principalmente com a manifesta\u00e7\u00e3o de Jorge Jesus, que demonstrou interesse no cargo, embora tenha imposto uma condi\u00e7\u00e3o.<\/p>\n\n\n\n<p>O t\u00e9cnico portugu\u00eas aceitaria comandar a Sele\u00e7\u00e3o Brasileira, mas somente ap\u00f3s o t\u00e9rmino do Mundial de Clubes, competi\u00e7\u00e3o que ir\u00e1 disputar com o Al-Hilal, da Ar\u00e1bia Saudita. \u201cSe a Sele\u00e7\u00e3o chamar o Jorge Jesus, ele vem depois do Mundial de Clubes\u201d, afirmou o jornalista Vitor S\u00e9rgio Rodrigues durante participa\u00e7\u00e3o na TNT Sports. Atualmente, Jorge Jesus tem contrato com o Al-Hilal at\u00e9 30 de junho, o que refor\u00e7a essa limita\u00e7\u00e3o temporal para uma eventual transi\u00e7\u00e3o.<\/p>\n\n\n\n<p>Conforme opinou Mauro Cezar Pereira, Jorge Jesus re\u00fane caracter\u00edsticas que o qualificam para o comando da Sele\u00e7\u00e3o. \u201c\u00c9 o Jorge Jesus, que conhece o futebol brasileiro, conhece os jogadores e n\u00e3o pipoca para ningu\u00e9m\u201d, destacou o comentarista. Ainda segundo ele, a capacidade do portugu\u00eas de se impor perante o elenco \u00e9 um diferencial relevante. O fato de j\u00e1 ter trabalhado no Brasil, ali\u00e1s, contribui para sua aceita\u00e7\u00e3o entre torcedores e parte da imprensa.<\/p>\n\n\n\n<p>Contudo, outros nomes tamb\u00e9m s\u00e3o cogitados pela CBF. Carlo Ancelotti \u00e9 um dos principais concorrentes \u00e0 vaga. De acordo com Danilo Lavieri, o treinador italiano possui o respeito do meio futebol\u00edstico e, caso fosse contratado, teria autoridade imediata sobre o grupo. \u201cImagina o Ancelotti chegando, todo mundo respeita ele, ningu\u00e9m vai olhar de lado para ele\u201d, analisou Lavieri.<\/p>\n\n\n\n<p>Filipe Lu\u00eds e Abel Ferreira completam a lista de poss\u00edveis substitutos. Casagrande revelou sua admira\u00e7\u00e3o pelo ex-lateral, hoje t\u00e9cnico do Flamengo. \u201cGosto da vis\u00e3o dele de futebol, do jeito que ele pensa e fala. Mas, se voc\u00ea quer algo mais robusto, tem o Abel Ferreira\u201d, afirmou o ex-jogador. Embora ambos sejam valorizados, Filipe ainda parece hesitante em deixar o clube carioca neste momento, enquanto Abel n\u00e3o conta com amplo apoio interno dentro da CBF.<\/p>\n\n\n\n<p>Por fim, vale destacar que a realiza\u00e7\u00e3o do Super Mundial no meio do ano pode influenciar diretamente os rumos da Sele\u00e7\u00e3o. Afinal, a competi\u00e7\u00e3o pode atrasar decis\u00f5es e limitar a disponibilidade de treinadores. A pr\u00f3xima Data FIFA, que inclui confrontos contra Equador e Paraguai, tamb\u00e9m pode representar um divisor de \u00e1guas. At\u00e9 l\u00e1, o futuro de Dorival J\u00fanior permanece indefinido, enquanto os bastidores seguem movimentados.<\/p>\n","protected":false},"excerpt":{"rendered":"<p>A press\u00e3o sobre Dorival J\u00fanior aumentou consideravelmente ap\u00f3s a goleada por 4 a 1 sofrida pela Sele\u00e7\u00e3o Brasileira diante da Argentina, em Buenos Aires. Diante desse cen\u00e1rio, a Confedera\u00e7\u00e3o Brasileira de Futebol (CBF) j\u00e1 discute poss\u00edveis mudan\u00e7as no comando t\u00e9cnico da equipe nacional. A discuss\u00e3o sobre quem poder\u00e1 assumir o posto ganhou for\u00e7a, principalmente com [&hellip;]<\/p>\n","protected":false},"author":18,"featured_media":104796,"comment_status":"open","ping_status":"closed","sticky":false,"template":"","format":"standard","meta":{"footnotes":""},"categories":[478,477],"tags":[],"class_list":["post-245268","post","type-post","status-publish","format-standard","has-post-thumbnail","hentry","category-brasil","category-selecoes"],"yoast_head":"<!-- This site is optimized with the Yoast SEO Premium plugin v24.2 (Yoast SEO v26.9) - https:\/\/yoast.com\/product\/yoast-seo-premium-wordpress\/ -->\n<title>Mauro Cezar Pereira aponta t\u00e9cnico ideal para o lugar de Dorival J\u00fanior<\/title>\n<meta name=\"robots\" content=\"index, follow, max-snippet:-1, max-image-preview:large, max-video-preview:-1\" \/>\n<link rel=\"canonical\" href=\"https:\/\/www.gaveanews.com\/index.php\/2025\/03\/27\/mauro-cezar-pereira-aponta-tecnico-ideal-para-o-lugar-de-dorival-junior\/\" \/>\n<meta property=\"og:locale\" content=\"pt_BR\" \/>\n<meta property=\"og:type\" content=\"article\" \/>\n<meta property=\"og:title\" content=\"Mauro Cezar Pereira aponta t\u00e9cnico ideal para o lugar de Dorival J\u00fanior\" \/>\n<meta property=\"og:description\" content=\"A press\u00e3o sobre Dorival J\u00fanior aumentou consideravelmente ap\u00f3s a goleada por 4 a 1 sofrida pela Sele\u00e7\u00e3o Brasileira diante da Argentina, em Buenos Aires. Diante desse cen\u00e1rio, a Confedera\u00e7\u00e3o Brasileira de Futebol (CBF) j\u00e1 discute poss\u00edveis mudan\u00e7as no comando t\u00e9cnico da equipe nacional. A discuss\u00e3o sobre quem poder\u00e1 assumir o posto ganhou for\u00e7a, principalmente com [&hellip;]\" \/>\n<meta property=\"og:url\" content=\"https:\/\/www.gaveanews.com\/index.php\/2025\/03\/27\/mauro-cezar-pereira-aponta-tecnico-ideal-para-o-lugar-de-dorival-junior\/\" \/>\n<meta property=\"og:site_name\" content=\"G\u00e1vea News\" \/>\n<meta property=\"article:publisher\" content=\"https:\/\/facebook.com\/gaveaNews\/\" \/>\n<meta property=\"article:published_time\" content=\"2025-03-27T03:50:00+00:00\" \/>\n<meta property=\"og:image\" content=\"https:\/\/www.gaveanews.com\/wp-content\/uploads\/Mauro-Cezar-pereira.png.webp\" \/>\n\t<meta property=\"og:image:width\" content=\"685\" \/>\n\t<meta property=\"og:image:height\" content=\"450\" \/>\n\t<meta property=\"og:image:type\" content=\"image\/webp\" \/>\n<meta name=\"author\" content=\"Paula Silva\" \/>\n<meta name=\"twitter:card\" content=\"summary_large_image\" \/>\n<meta name=\"twitter:label1\" content=\"Escrito por\" \/>\n\t<meta name=\"twitter:data1\" content=\"Paula Silva\" \/>\n\t<meta name=\"twitter:label2\" content=\"Est. tempo de leitura\" \/>\n\t<meta name=\"twitter:data2\" content=\"3 minutos\" \/>\n<script type=\"application\/ld+json\" class=\"yoast-schema-graph\">{\"@context\":\"https:\/\/schema.org\",\"@graph\":[{\"@type\":\"NewsArticle\",\"@id\":\"https:\/\/www.gaveanews.com\/index.php\/2025\/03\/27\/mauro-cezar-pereira-aponta-tecnico-ideal-para-o-lugar-de-dorival-junior\/#article\",\"isPartOf\":{\"@id\":\"https:\/\/www.gaveanews.com\/index.php\/2025\/03\/27\/mauro-cezar-pereira-aponta-tecnico-ideal-para-o-lugar-de-dorival-junior\/\"},\"author\":{\"name\":\"Paula Silva\",\"@id\":\"https:\/\/www.gaveanews.com\/#\/schema\/person\/daf63eec72e1164eb13dc35096c2b8da\"},\"headline\":\"Mauro Cezar Pereira aponta t\u00e9cnico ideal para o lugar de Dorival J\u00fanior\",\"datePublished\":\"2025-03-27T03:50:00+00:00\",\"mainEntityOfPage\":{\"@id\":\"https:\/\/www.gaveanews.com\/index.php\/2025\/03\/27\/mauro-cezar-pereira-aponta-tecnico-ideal-para-o-lugar-de-dorival-junior\/\"},\"wordCount\":472,\"commentCount\":0,\"image\":{\"@id\":\"https:\/\/www.gaveanews.com\/index.php\/2025\/03\/27\/mauro-cezar-pereira-aponta-tecnico-ideal-para-o-lugar-de-dorival-junior\/#primaryimage\"},\"thumbnailUrl\":\"https:\/\/www.gaveanews.com\/wp-content\/uploads\/Mauro-Cezar-pereira.png.webp\",\"articleSection\":[\"Brasil\",\"Sele\u00e7\u00f5es\"],\"inLanguage\":\"pt-BR\",\"potentialAction\":[{\"@type\":\"CommentAction\",\"name\":\"Comment\",\"target\":[\"https:\/\/www.gaveanews.com\/index.php\/2025\/03\/27\/mauro-cezar-pereira-aponta-tecnico-ideal-para-o-lugar-de-dorival-junior\/#respond\"]}],\"copyrightYear\":\"2025\",\"copyrightHolder\":{\"@id\":\"https:\/\/www.gaveanews.com\/#organization\"}},{\"@type\":\"WebPage\",\"@id\":\"https:\/\/www.gaveanews.com\/index.php\/2025\/03\/27\/mauro-cezar-pereira-aponta-tecnico-ideal-para-o-lugar-de-dorival-junior\/\",\"url\":\"https:\/\/www.gaveanews.com\/index.php\/2025\/03\/27\/mauro-cezar-pereira-aponta-tecnico-ideal-para-o-lugar-de-dorival-junior\/\",\"name\":\"Mauro Cezar Pereira aponta t\u00e9cnico ideal para o lugar de Dorival J\u00fanior\",\"isPartOf\":{\"@id\":\"https:\/\/www.gaveanews.com\/#website\"},\"primaryImageOfPage\":{\"@id\":\"https:\/\/www.gaveanews.com\/index.php\/2025\/03\/27\/mauro-cezar-pereira-aponta-tecnico-ideal-para-o-lugar-de-dorival-junior\/#primaryimage\"},\"image\":{\"@id\":\"https:\/\/www.gaveanews.com\/index.php\/2025\/03\/27\/mauro-cezar-pereira-aponta-tecnico-ideal-para-o-lugar-de-dorival-junior\/#primaryimage\"},\"thumbnailUrl\":\"https:\/\/www.gaveanews.com\/wp-content\/uploads\/Mauro-Cezar-pereira.png.webp\",\"datePublished\":\"2025-03-27T03:50:00+00:00\",\"author\":{\"@id\":\"https:\/\/www.gaveanews.com\/#\/schema\/person\/daf63eec72e1164eb13dc35096c2b8da\"},\"breadcrumb\":{\"@id\":\"https:\/\/www.gaveanews.com\/index.php\/2025\/03\/27\/mauro-cezar-pereira-aponta-tecnico-ideal-para-o-lugar-de-dorival-junior\/#breadcrumb\"},\"inLanguage\":\"pt-BR\",\"potentialAction\":[{\"@type\":\"ReadAction\",\"target\":[\"https:\/\/www.gaveanews.com\/index.php\/2025\/03\/27\/mauro-cezar-pereira-aponta-tecnico-ideal-para-o-lugar-de-dorival-junior\/\"]}]},{\"@type\":\"ImageObject\",\"inLanguage\":\"pt-BR\",\"@id\":\"https:\/\/www.gaveanews.com\/index.php\/2025\/03\/27\/mauro-cezar-pereira-aponta-tecnico-ideal-para-o-lugar-de-dorival-junior\/#primaryimage\",\"url\":\"https:\/\/www.gaveanews.com\/wp-content\/uploads\/Mauro-Cezar-pereira.png.webp\",\"contentUrl\":\"https:\/\/www.gaveanews.com\/wp-content\/uploads\/Mauro-Cezar-pereira.png.webp\",\"width\":685,\"height\":450,\"caption\":\"Mauro Cezar - Foto: Reprodu\u00e7\u00e3o\/Jovem Pan\"},{\"@type\":\"BreadcrumbList\",\"@id\":\"https:\/\/www.gaveanews.com\/index.php\/2025\/03\/27\/mauro-cezar-pereira-aponta-tecnico-ideal-para-o-lugar-de-dorival-junior\/#breadcrumb\",\"itemListElement\":[{\"@type\":\"ListItem\",\"position\":1,\"name\":\"Home\",\"item\":\"https:\/\/www.gaveanews.com\/\"},{\"@type\":\"ListItem\",\"position\":2,\"name\":\"Mauro Cezar Pereira aponta t\u00e9cnico ideal para o lugar de Dorival J\u00fanior\"}]},{\"@type\":\"WebSite\",\"@id\":\"https:\/\/www.gaveanews.com\/#website\",\"url\":\"https:\/\/www.gaveanews.com\/\",\"name\":\"G\u00e1vea News\",\"description\":\"Veja todas as not\u00edcias sobre o Flamengo: Contrata\u00e7\u00f5es, categorias de base, resultados das partidas, tabela de classifica\u00e7\u00e3o, pr\u00f3ximos jogos!\",\"potentialAction\":[{\"@type\":\"SearchAction\",\"target\":{\"@type\":\"EntryPoint\",\"urlTemplate\":\"https:\/\/www.gaveanews.com\/?s={search_term_string}\"},\"query-input\":{\"@type\":\"PropertyValueSpecification\",\"valueRequired\":true,\"valueName\":\"search_term_string\"}}],\"inLanguage\":\"pt-BR\"},{\"@type\":\"Person\",\"@id\":\"https:\/\/www.gaveanews.com\/#\/schema\/person\/daf63eec72e1164eb13dc35096c2b8da\",\"name\":\"Paula Silva\",\"image\":{\"@type\":\"ImageObject\",\"inLanguage\":\"pt-BR\",\"@id\":\"https:\/\/www.gaveanews.com\/#\/schema\/person\/image\/\",\"url\":\"https:\/\/secure.gravatar.com\/avatar\/eda381c845527cc5d64c13b901833cda29d97500ba040d3e6461f76f51d163bb?s=96&d=mm&r=g\",\"contentUrl\":\"https:\/\/secure.gravatar.com\/avatar\/eda381c845527cc5d64c13b901833cda29d97500ba040d3e6461f76f51d163bb?s=96&d=mm&r=g\",\"caption\":\"Paula Silva\"}}]}<\/script>\n<!-- \/ Yoast SEO Premium plugin. -->","yoast_head_json":{"title":"Mauro Cezar Pereira aponta t\u00e9cnico ideal para o lugar de Dorival J\u00fanior","robots":{"index":"index","follow":"follow","max-snippet":"max-snippet:-1","max-image-preview":"max-image-preview:large","max-video-preview":"max-video-preview:-1"},"canonical":"https:\/\/www.gaveanews.com\/index.php\/2025\/03\/27\/mauro-cezar-pereira-aponta-tecnico-ideal-para-o-lugar-de-dorival-junior\/","og_locale":"pt_BR","og_type":"article","og_title":"Mauro Cezar Pereira aponta t\u00e9cnico ideal para o lugar de Dorival J\u00fanior","og_description":"A press\u00e3o sobre Dorival J\u00fanior aumentou consideravelmente ap\u00f3s a goleada por 4 a 1 sofrida pela Sele\u00e7\u00e3o Brasileira diante da Argentina, em Buenos Aires. Diante desse cen\u00e1rio, a Confedera\u00e7\u00e3o Brasileira de Futebol (CBF) j\u00e1 discute poss\u00edveis mudan\u00e7as no comando t\u00e9cnico da equipe nacional. A discuss\u00e3o sobre quem poder\u00e1 assumir o posto ganhou for\u00e7a, principalmente com [&hellip;]","og_url":"https:\/\/www.gaveanews.com\/index.php\/2025\/03\/27\/mauro-cezar-pereira-aponta-tecnico-ideal-para-o-lugar-de-dorival-junior\/","og_site_name":"G\u00e1vea News","article_publisher":"https:\/\/facebook.com\/gaveaNews\/","article_published_time":"2025-03-27T03:50:00+00:00","og_image":[{"width":685,"height":450,"url":"https:\/\/www.gaveanews.com\/wp-content\/uploads\/Mauro-Cezar-pereira.png.webp","type":"image\/webp"}],"author":"Paula Silva","twitter_card":"summary_large_image","twitter_misc":{"Escrito por":"Paula Silva","Est. tempo de leitura":"3 minutos"},"schema":{"@context":"https:\/\/schema.org","@graph":[{"@type":"NewsArticle","@id":"https:\/\/www.gaveanews.com\/index.php\/2025\/03\/27\/mauro-cezar-pereira-aponta-tecnico-ideal-para-o-lugar-de-dorival-junior\/#article","isPartOf":{"@id":"https:\/\/www.gaveanews.com\/index.php\/2025\/03\/27\/mauro-cezar-pereira-aponta-tecnico-ideal-para-o-lugar-de-dorival-junior\/"},"author":{"name":"Paula Silva","@id":"https:\/\/www.gaveanews.com\/#\/schema\/person\/daf63eec72e1164eb13dc35096c2b8da"},"headline":"Mauro Cezar Pereira aponta t\u00e9cnico ideal para o lugar de Dorival J\u00fanior","datePublished":"2025-03-27T03:50:00+00:00","mainEntityOfPage":{"@id":"https:\/\/www.gaveanews.com\/index.php\/2025\/03\/27\/mauro-cezar-pereira-aponta-tecnico-ideal-para-o-lugar-de-dorival-junior\/"},"wordCount":472,"commentCount":0,"image":{"@id":"https:\/\/www.gaveanews.com\/index.php\/2025\/03\/27\/mauro-cezar-pereira-aponta-tecnico-ideal-para-o-lugar-de-dorival-junior\/#primaryimage"},"thumbnailUrl":"https:\/\/www.gaveanews.com\/wp-content\/uploads\/Mauro-Cezar-pereira.png.webp","articleSection":["Brasil","Sele\u00e7\u00f5es"],"inLanguage":"pt-BR","potentialAction":[{"@type":"CommentAction","name":"Comment","target":["https:\/\/www.gaveanews.com\/index.php\/2025\/03\/27\/mauro-cezar-pereira-aponta-tecnico-ideal-para-o-lugar-de-dorival-junior\/#respond"]}],"copyrightYear":"2025","copyrightHolder":{"@id":"https:\/\/www.gaveanews.com\/#organization"}},{"@type":"WebPage","@id":"https:\/\/www.gaveanews.com\/index.php\/2025\/03\/27\/mauro-cezar-pereira-aponta-tecnico-ideal-para-o-lugar-de-dorival-junior\/","url":"https:\/\/www.gaveanews.com\/index.php\/2025\/03\/27\/mauro-cezar-pereira-aponta-tecnico-ideal-para-o-lugar-de-dorival-junior\/","name":"Mauro Cezar Pereira aponta t\u00e9cnico ideal para o lugar de Dorival J\u00fanior","isPartOf":{"@id":"https:\/\/www.gaveanews.com\/#website"},"primaryImageOfPage":{"@id":"https:\/\/www.gaveanews.com\/index.php\/2025\/03\/27\/mauro-cezar-pereira-aponta-tecnico-ideal-para-o-lugar-de-dorival-junior\/#primaryimage"},"image":{"@id":"https:\/\/www.gaveanews.com\/index.php\/2025\/03\/27\/mauro-cezar-pereira-aponta-tecnico-ideal-para-o-lugar-de-dorival-junior\/#primaryimage"},"thumbnailUrl":"https:\/\/www.gaveanews.com\/wp-content\/uploads\/Mauro-Cezar-pereira.png.webp","datePublished":"2025-03-27T03:50:00+00:00","author":{"@id":"https:\/\/www.gaveanews.com\/#\/schema\/person\/daf63eec72e1164eb13dc35096c2b8da"},"breadcrumb":{"@id":"https:\/\/www.gaveanews.com\/index.php\/2025\/03\/27\/mauro-cezar-pereira-aponta-tecnico-ideal-para-o-lugar-de-dorival-junior\/#breadcrumb"},"inLanguage":"pt-BR","potentialAction":[{"@type":"ReadAction","target":["https:\/\/www.gaveanews.com\/index.php\/2025\/03\/27\/mauro-cezar-pereira-aponta-tecnico-ideal-para-o-lugar-de-dorival-junior\/"]}]},{"@type":"ImageObject","inLanguage":"pt-BR","@id":"https:\/\/www.gaveanews.com\/index.php\/2025\/03\/27\/mauro-cezar-pereira-aponta-tecnico-ideal-para-o-lugar-de-dorival-junior\/#primaryimage","url":"https:\/\/www.gaveanews.com\/wp-content\/uploads\/Mauro-Cezar-pereira.png.webp","contentUrl":"https:\/\/www.gaveanews.com\/wp-content\/uploads\/Mauro-Cezar-pereira.png.webp","width":685,"height":450,"caption":"Mauro Cezar - Foto: Reprodu\u00e7\u00e3o\/Jovem Pan"},{"@type":"BreadcrumbList","@id":"https:\/\/www.gaveanews.com\/index.php\/2025\/03\/27\/mauro-cezar-pereira-aponta-tecnico-ideal-para-o-lugar-de-dorival-junior\/#breadcrumb","itemListElement":[{"@type":"ListItem","position":1,"name":"Home","item":"https:\/\/www.gaveanews.com\/"},{"@type":"ListItem","position":2,"name":"Mauro Cezar Pereira aponta t\u00e9cnico ideal para o lugar de Dorival J\u00fanior"}]},{"@type":"WebSite","@id":"https:\/\/www.gaveanews.com\/#website","url":"https:\/\/www.gaveanews.com\/","name":"G\u00e1vea News","description":"Veja todas as not\u00edcias sobre o Flamengo: Contrata\u00e7\u00f5es, categorias de base, resultados das partidas, tabela de classifica\u00e7\u00e3o, pr\u00f3ximos jogos!","potentialAction":[{"@type":"SearchAction","target":{"@type":"EntryPoint","urlTemplate":"https:\/\/www.gaveanews.com\/?s={search_term_string}"},"query-input":{"@type":"PropertyValueSpecification","valueRequired":true,"valueName":"search_term_string"}}],"inLanguage":"pt-BR"},{"@type":"Person","@id":"https:\/\/www.gaveanews.com\/#\/schema\/person\/daf63eec72e1164eb13dc35096c2b8da","name":"Paula Silva","image":{"@type":"ImageObject","inLanguage":"pt-BR","@id":"https:\/\/www.gaveanews.com\/#\/schema\/person\/image\/","url":"https:\/\/secure.gravatar.com\/avatar\/eda381c845527cc5d64c13b901833cda29d97500ba040d3e6461f76f51d163bb?s=96&d=mm&r=g","contentUrl":"https:\/\/secure.gravatar.com\/avatar\/eda381c845527cc5d64c13b901833cda29d97500ba040d3e6461f76f51d163bb?s=96&d=mm&r=g","caption":"Paula Silva"}}]}},"_links":{"self":[{"href":"https:\/\/www.gaveanews.com\/index.php\/wp-json\/wp\/v2\/posts\/245268","targetHints":{"allow":["GET"]}}],"collection":[{"href":"https:\/\/www.gaveanews.com\/index.php\/wp-json\/wp\/v2\/posts"}],"about":[{"href":"https:\/\/www.gaveanews.com\/index.php\/wp-json\/wp\/v2\/types\/post"}],"author":[{"embeddable":true,"href":"https:\/\/www.gaveanews.com\/index.php\/wp-json\/wp\/v2\/users\/18"}],"replies":[{"embeddable":true,"href":"https:\/\/www.gaveanews.com\/index.php\/wp-json\/wp\/v2\/comments?post=245268"}],"version-history":[{"count":1,"href":"https:\/\/www.gaveanews.com\/index.php\/wp-json\/wp\/v2\/posts\/245268\/revisions"}],"predecessor-version":[{"id":245269,"href":"https:\/\/www.gaveanews.com\/index.php\/wp-json\/wp\/v2\/posts\/245268\/revisions\/245269"}],"wp:featuredmedia":[{"embeddable":true,"href":"https:\/\/www.gaveanews.com\/index.php\/wp-json\/wp\/v2\/media\/104796"}],"wp:attachment":[{"href":"https:\/\/www.gaveanews.com\/index.php\/wp-json\/wp\/v2\/media?parent=245268"}],"wp:term":[{"taxonomy":"category","embeddable":true,"href":"https:\/\/www.gaveanews.com\/index.php\/wp-json\/wp\/v2\/categories?post=245268"},{"taxonomy":"post_tag","embeddable":true,"href":"https:\/\/www.gaveanews.com\/index.php\/wp-json\/wp\/v2\/tags?post=245268"}],"curies":[{"name":"wp","href":"https:\/\/api.w.org\/{rel}","templated":true}]}}