{"id":245271,"date":"2025-03-27T00:55:00","date_gmt":"2025-03-27T03:55:00","guid":{"rendered":"https:\/\/www.gaveanews.com\/?p=245271"},"modified":"2025-03-26T22:18:15","modified_gmt":"2025-03-27T01:18:15","slug":"video-dorival-junior-podera-ser-demitido-nesta-sexta-feira","status":"publish","type":"post","link":"https:\/\/www.gaveanews.com\/index.php\/2025\/03\/27\/video-dorival-junior-podera-ser-demitido-nesta-sexta-feira\/","title":{"rendered":"V\u00eddeo: Dorival J\u00fanior poder\u00e1 ser demitido nesta sexta-feira"},"content":{"rendered":"\n<p>A goleada sofrida pela sele\u00e7\u00e3o brasileira diante da Argentina, na ter\u00e7a-feira (25 de mar\u00e7o), desencadeou uma s\u00e9rie de movimenta\u00e7\u00f5es internas na Confedera\u00e7\u00e3o Brasileira de Futebol. O resultado de 4 a 1, em Buenos Aires, agravou o cen\u00e1rio de press\u00e3o sobre o t\u00e9cnico Dorival J\u00fanior e antecipou decis\u00f5es que antes estavam previstas para o p\u00f3s-Data Fifa. A dire\u00e7\u00e3o da CBF agiu rapidamente e marcou uma reuni\u00e3o para esta sexta-feira (28 de mar\u00e7o), no Rio de Janeiro, a fim de discutir o futuro da comiss\u00e3o t\u00e9cnica.<\/p>\n\n\n\n<p>Conforme apuraram diferentes ve\u00edculos, o encontro contar\u00e1 com a presen\u00e7a do presidente da entidade, Ednaldo Rodrigues, al\u00e9m do pr\u00f3prio Dorival e do diretor de sele\u00e7\u00f5es, Rodrigo Caetano. A reuni\u00e3o, que tradicionalmente acontece alguns dias ap\u00f3s os compromissos da sele\u00e7\u00e3o, foi antecipada diante da repercuss\u00e3o negativa da atua\u00e7\u00e3o brasileira na capital argentina. Segundo relatos, a comiss\u00e3o t\u00e9cnica recebeu a not\u00edcia com inc\u00f4modo, considerando que a defini\u00e7\u00e3o poderia ter ocorrido de forma mais imediata.<\/p>\n\n\n\n<p>Em programa ao vivo, Rizek informou ter recebido a informa\u00e7\u00e3o da marca\u00e7\u00e3o da reuni\u00e3o, e deu detalhes sobre a decis\u00e3o do presidente da CBF.<\/p>\n\n\n\n<p>&#8220;Acabo de receber informa\u00e7\u00f5es de uma fonte bem confi\u00e1vel da CBF. Ednaldo Rodrigues convocou uma reuni\u00e3o com o t\u00e9cnico Dorival J\u00fanior e o Rodrigo Caetano, que \u00e9 o coordenador executivo geral das Sele\u00e7\u00f5es Masculinas, para a tarde de sexta-feira. Acabo de receber, acaba de ser marcada a reuni\u00e3o. Reuni\u00e3o marcada para sexta-feira, a tarde, com o Edinaldo Rodrigues, Dorival J\u00fanior e o Rodrigo Caetano. O presidente da CBF optou por n\u00e3o dar entrevista na Argentina e preferiu fazer na sexta-feira&#8221;, iniciou.<\/p>\n\n\n\n<p>O argumento \u00e9 que ele prefere pensar e tratar o assunto com lucidez que o tema merece. Ele vai falar na sexta-feira, depois desse encontro, a gente vai ter um an\u00fancio sexta-feira. Da manuten\u00e7\u00e3o da sa\u00edda de Dorival. Obviamente, avaliou como muito ruim. Partida de Buenos Aires e ele quer ouvir do Dorival J\u00fanior e do Rodrigo Caetano, uma avalia\u00e7\u00e3o de porque o time jogou mal, jogou daquele jeito, e debater todo o trabalho da atual comiss\u00e3o t\u00e9cnica, al\u00e9m do resultado da Argentina. O Ednaldo acredita que essa reuni\u00e3o \u00e9 importante para que tanto com o Rodrigo Caetano como o Dorival se manifestem antes dele tomar uma decis\u00e3o. Ent\u00e3o sexta-feira \u00e9 o dia D, em termos de futuro&#8221;, pontuou Rizek.<\/p>\n\n\n\n<figure class=\"wp-block-embed is-type-video is-provider-tiktok wp-block-embed-tiktok\"><div class=\"wp-block-embed__wrapper\">\n<blockquote class=\"tiktok-embed\" cite=\"https:\/\/www.tiktok.com\/@geglobo\/video\/7486182569050918199\" data-video-id=\"7486182569050918199\" data-embed-from=\"oembed\" style=\"max-width:605px; min-width:325px;\"> <section> <a target=\"_blank\" title=\"@geglobo\" href=\"https:\/\/www.tiktok.com\/@geglobo?refer=embed\">@geglobo<\/a> <p>Andr\u00e9 Rizek informou em primeira m\u00e3o, no sele\u00e7\u00e3osportv, que o presidente da CBF, Ednaldo Rodrigues, vai se reunir na pr\u00f3xima sexta com o t\u00e9cnico da sele\u00e7\u00e3o brasileira, Dorival J\u00fanior, e o diretor de sele\u00e7\u00f5es da CBF, Rodrigo Caetano. Saiba mais detalhes no link dos stories. <a title=\"ge\" target=\"_blank\" href=\"https:\/\/www.tiktok.com\/tag\/ge?refer=embed\">#ge<\/a> <a title=\"sele\u00e7\u00e3obrasileira\" target=\"_blank\" href=\"https:\/\/www.tiktok.com\/tag\/sele%C3%A7%C3%A3obrasileira?refer=embed\">#sele\u00e7\u00e3obrasileira<\/a> <a title=\"futebol\" target=\"_blank\" href=\"https:\/\/www.tiktok.com\/tag\/futebol?refer=embed\">#futebol<\/a><\/p> <a target=\"_blank\" title=\"\u266c som original - geglobo - geglobo\" href=\"https:\/\/www.tiktok.com\/music\/som-original-geglobo-7486182606682229509?refer=embed\">\u266c som original &#8211; geglobo &#8211; geglobo<\/a> <\/section> <\/blockquote> <script async src=\"https:\/\/www.tiktok.com\/embed.js\"><\/script>\n<\/div><\/figure>\n\n\n\n<p>A avalia\u00e7\u00e3o entre os bastidores da sele\u00e7\u00e3o \u00e9 que o encontro desta sexta deve ser apenas uma formalidade. A percep\u00e7\u00e3o geral \u00e9 de que a dire\u00e7\u00e3o da CBF j\u00e1 optou pela mudan\u00e7a no comando t\u00e9cnico. Ainda assim, Ednaldo Rodrigues pretende ouvir diretamente Dorival e Rodrigo Caetano antes de tomar qualquer decis\u00e3o definitiva. &#8220;Ele quer tratar o assunto com a lucidez que o tema merece&#8221;, informou o jornalista Andr\u00e9 Rizek.<\/p>\n\n\n\n<p>Enquanto o atual comandante tenta justificar o rendimento da equipe, a Confedera\u00e7\u00e3o j\u00e1 debate nomes que podem assumir o posto. O mais citado \u00e9 o de Carlo Ancelotti, atualmente no Real Madrid. Embora o italiano tenha renovado seu v\u00ednculo at\u00e9 2026, seu nome segue como o preferido de Ednaldo, que j\u00e1 havia mantido conversas com o treinador anteriormente. Contudo, n\u00e3o houve qualquer avan\u00e7o recente nesse sentido.<\/p>\n\n\n\n<p>Outros nomes tamb\u00e9m circulam entre os dirigentes. Filipe Lu\u00eds, atualmente no Flamengo, \u00e9 bem avaliado pelo trabalho recente no clube carioca. Entretanto, h\u00e1 um cuidado para n\u00e3o repetir apostas que, apesar de promissoras em n\u00edvel nacional, n\u00e3o conseguiram dar respostas imediatas na sele\u00e7\u00e3o. Jorge Jesus, do Al Hilal, \u00e9 outro nome que conta com apoio de setores internos da CBF e \u00e9 visto com bons olhos por sua experi\u00eancia e hist\u00f3rico de conquistas no futebol brasileiro.<\/p>\n\n\n\n<p>A situa\u00e7\u00e3o da sele\u00e7\u00e3o brasileira nas Eliminat\u00f3rias da Copa de 2026 tamb\u00e9m pesa nesse momento decisivo. A equipe ocupa apenas a quarta coloca\u00e7\u00e3o na tabela, com 21 pontos \u2014 dez a menos que a Argentina, j\u00e1 garantida no Mundial. O desempenho irregular e o ac\u00famulo de derrotas tornam a perman\u00eancia de Dorival J\u00fanior uma quest\u00e3o delicada, que deve ser resolvida oficialmente nos pr\u00f3ximos dias.<\/p>\n","protected":false},"excerpt":{"rendered":"<p>A goleada sofrida pela sele\u00e7\u00e3o brasileira diante da Argentina, na ter\u00e7a-feira (25 de mar\u00e7o), desencadeou uma s\u00e9rie de movimenta\u00e7\u00f5es internas na Confedera\u00e7\u00e3o Brasileira de Futebol. O resultado de 4 a 1, em Buenos Aires, agravou o cen\u00e1rio de press\u00e3o sobre o t\u00e9cnico Dorival J\u00fanior e antecipou decis\u00f5es que antes estavam previstas para o p\u00f3s-Data Fifa. [&hellip;]<\/p>\n","protected":false},"author":18,"featured_media":142254,"comment_status":"open","ping_status":"closed","sticky":false,"template":"","format":"standard","meta":{"footnotes":""},"categories":[478,477],"tags":[],"class_list":["post-245271","post","type-post","status-publish","format-standard","has-post-thumbnail","hentry","category-brasil","category-selecoes"],"yoast_head":"<!-- This site is optimized with the Yoast SEO Premium plugin v24.2 (Yoast SEO v26.9) - https:\/\/yoast.com\/product\/yoast-seo-premium-wordpress\/ -->\n<title>V\u00eddeo: Dorival J\u00fanior poder\u00e1 ser demitido nesta sexta-feira<\/title>\n<meta name=\"robots\" content=\"index, follow, max-snippet:-1, max-image-preview:large, max-video-preview:-1\" \/>\n<link rel=\"canonical\" href=\"https:\/\/www.gaveanews.com\/index.php\/2025\/03\/27\/video-dorival-junior-podera-ser-demitido-nesta-sexta-feira\/\" \/>\n<meta property=\"og:locale\" content=\"pt_BR\" \/>\n<meta property=\"og:type\" content=\"article\" \/>\n<meta property=\"og:title\" content=\"V\u00eddeo: Dorival J\u00fanior poder\u00e1 ser demitido nesta sexta-feira\" \/>\n<meta property=\"og:description\" content=\"A goleada sofrida pela sele\u00e7\u00e3o brasileira diante da Argentina, na ter\u00e7a-feira (25 de mar\u00e7o), desencadeou uma s\u00e9rie de movimenta\u00e7\u00f5es internas na Confedera\u00e7\u00e3o Brasileira de Futebol. O resultado de 4 a 1, em Buenos Aires, agravou o cen\u00e1rio de press\u00e3o sobre o t\u00e9cnico Dorival J\u00fanior e antecipou decis\u00f5es que antes estavam previstas para o p\u00f3s-Data Fifa. [&hellip;]\" \/>\n<meta property=\"og:url\" content=\"https:\/\/www.gaveanews.com\/index.php\/2025\/03\/27\/video-dorival-junior-podera-ser-demitido-nesta-sexta-feira\/\" \/>\n<meta property=\"og:site_name\" content=\"G\u00e1vea News\" \/>\n<meta property=\"article:publisher\" content=\"https:\/\/facebook.com\/gaveaNews\/\" \/>\n<meta property=\"article:published_time\" content=\"2025-03-27T03:55:00+00:00\" \/>\n<meta name=\"author\" content=\"Paula Silva\" \/>\n<meta name=\"twitter:card\" content=\"summary_large_image\" \/>\n<meta name=\"twitter:label1\" content=\"Escrito por\" \/>\n\t<meta name=\"twitter:data1\" content=\"Paula Silva\" \/>\n\t<meta name=\"twitter:label2\" content=\"Est. tempo de leitura\" \/>\n\t<meta name=\"twitter:data2\" content=\"4 minutos\" \/>\n<script type=\"application\/ld+json\" class=\"yoast-schema-graph\">{\"@context\":\"https:\/\/schema.org\",\"@graph\":[{\"@type\":\"NewsArticle\",\"@id\":\"https:\/\/www.gaveanews.com\/index.php\/2025\/03\/27\/video-dorival-junior-podera-ser-demitido-nesta-sexta-feira\/#article\",\"isPartOf\":{\"@id\":\"https:\/\/www.gaveanews.com\/index.php\/2025\/03\/27\/video-dorival-junior-podera-ser-demitido-nesta-sexta-feira\/\"},\"author\":{\"name\":\"Paula Silva\",\"@id\":\"https:\/\/www.gaveanews.com\/#\/schema\/person\/daf63eec72e1164eb13dc35096c2b8da\"},\"headline\":\"V\u00eddeo: Dorival J\u00fanior poder\u00e1 ser demitido nesta sexta-feira\",\"datePublished\":\"2025-03-27T03:55:00+00:00\",\"mainEntityOfPage\":{\"@id\":\"https:\/\/www.gaveanews.com\/index.php\/2025\/03\/27\/video-dorival-junior-podera-ser-demitido-nesta-sexta-feira\/\"},\"wordCount\":743,\"commentCount\":0,\"image\":{\"@id\":\"https:\/\/www.gaveanews.com\/index.php\/2025\/03\/27\/video-dorival-junior-podera-ser-demitido-nesta-sexta-feira\/#primaryimage\"},\"thumbnailUrl\":\"https:\/\/www.gaveanews.com\/wp-content\/uploads\/2.avif\",\"articleSection\":[\"Brasil\",\"Sele\u00e7\u00f5es\"],\"inLanguage\":\"pt-BR\",\"potentialAction\":[{\"@type\":\"CommentAction\",\"name\":\"Comment\",\"target\":[\"https:\/\/www.gaveanews.com\/index.php\/2025\/03\/27\/video-dorival-junior-podera-ser-demitido-nesta-sexta-feira\/#respond\"]}],\"copyrightYear\":\"2025\",\"copyrightHolder\":{\"@id\":\"https:\/\/www.gaveanews.com\/#organization\"}},{\"@type\":\"WebPage\",\"@id\":\"https:\/\/www.gaveanews.com\/index.php\/2025\/03\/27\/video-dorival-junior-podera-ser-demitido-nesta-sexta-feira\/\",\"url\":\"https:\/\/www.gaveanews.com\/index.php\/2025\/03\/27\/video-dorival-junior-podera-ser-demitido-nesta-sexta-feira\/\",\"name\":\"V\u00eddeo: Dorival J\u00fanior poder\u00e1 ser demitido nesta sexta-feira\",\"isPartOf\":{\"@id\":\"https:\/\/www.gaveanews.com\/#website\"},\"primaryImageOfPage\":{\"@id\":\"https:\/\/www.gaveanews.com\/index.php\/2025\/03\/27\/video-dorival-junior-podera-ser-demitido-nesta-sexta-feira\/#primaryimage\"},\"image\":{\"@id\":\"https:\/\/www.gaveanews.com\/index.php\/2025\/03\/27\/video-dorival-junior-podera-ser-demitido-nesta-sexta-feira\/#primaryimage\"},\"thumbnailUrl\":\"https:\/\/www.gaveanews.com\/wp-content\/uploads\/2.avif\",\"datePublished\":\"2025-03-27T03:55:00+00:00\",\"author\":{\"@id\":\"https:\/\/www.gaveanews.com\/#\/schema\/person\/daf63eec72e1164eb13dc35096c2b8da\"},\"breadcrumb\":{\"@id\":\"https:\/\/www.gaveanews.com\/index.php\/2025\/03\/27\/video-dorival-junior-podera-ser-demitido-nesta-sexta-feira\/#breadcrumb\"},\"inLanguage\":\"pt-BR\",\"potentialAction\":[{\"@type\":\"ReadAction\",\"target\":[\"https:\/\/www.gaveanews.com\/index.php\/2025\/03\/27\/video-dorival-junior-podera-ser-demitido-nesta-sexta-feira\/\"]}]},{\"@type\":\"ImageObject\",\"inLanguage\":\"pt-BR\",\"@id\":\"https:\/\/www.gaveanews.com\/index.php\/2025\/03\/27\/video-dorival-junior-podera-ser-demitido-nesta-sexta-feira\/#primaryimage\",\"url\":\"https:\/\/www.gaveanews.com\/wp-content\/uploads\/2.avif\",\"contentUrl\":\"https:\/\/www.gaveanews.com\/wp-content\/uploads\/2.avif\",\"width\":984,\"height\":656,\"caption\":\"Dorival J\u00fanior \u2014 Foto: Andr\u00e9 Dur\u00e3o\"},{\"@type\":\"BreadcrumbList\",\"@id\":\"https:\/\/www.gaveanews.com\/index.php\/2025\/03\/27\/video-dorival-junior-podera-ser-demitido-nesta-sexta-feira\/#breadcrumb\",\"itemListElement\":[{\"@type\":\"ListItem\",\"position\":1,\"name\":\"Home\",\"item\":\"https:\/\/www.gaveanews.com\/\"},{\"@type\":\"ListItem\",\"position\":2,\"name\":\"V\u00eddeo: Dorival J\u00fanior poder\u00e1 ser demitido nesta sexta-feira\"}]},{\"@type\":\"WebSite\",\"@id\":\"https:\/\/www.gaveanews.com\/#website\",\"url\":\"https:\/\/www.gaveanews.com\/\",\"name\":\"G\u00e1vea News\",\"description\":\"Veja todas as not\u00edcias sobre o Flamengo: Contrata\u00e7\u00f5es, categorias de base, resultados das partidas, tabela de classifica\u00e7\u00e3o, pr\u00f3ximos jogos!\",\"potentialAction\":[{\"@type\":\"SearchAction\",\"target\":{\"@type\":\"EntryPoint\",\"urlTemplate\":\"https:\/\/www.gaveanews.com\/?s={search_term_string}\"},\"query-input\":{\"@type\":\"PropertyValueSpecification\",\"valueRequired\":true,\"valueName\":\"search_term_string\"}}],\"inLanguage\":\"pt-BR\"},{\"@type\":\"Person\",\"@id\":\"https:\/\/www.gaveanews.com\/#\/schema\/person\/daf63eec72e1164eb13dc35096c2b8da\",\"name\":\"Paula Silva\",\"image\":{\"@type\":\"ImageObject\",\"inLanguage\":\"pt-BR\",\"@id\":\"https:\/\/www.gaveanews.com\/#\/schema\/person\/image\/\",\"url\":\"https:\/\/secure.gravatar.com\/avatar\/eda381c845527cc5d64c13b901833cda29d97500ba040d3e6461f76f51d163bb?s=96&d=mm&r=g\",\"contentUrl\":\"https:\/\/secure.gravatar.com\/avatar\/eda381c845527cc5d64c13b901833cda29d97500ba040d3e6461f76f51d163bb?s=96&d=mm&r=g\",\"caption\":\"Paula Silva\"}}]}<\/script>\n<!-- \/ Yoast SEO Premium plugin. -->","yoast_head_json":{"title":"V\u00eddeo: Dorival J\u00fanior poder\u00e1 ser demitido nesta sexta-feira","robots":{"index":"index","follow":"follow","max-snippet":"max-snippet:-1","max-image-preview":"max-image-preview:large","max-video-preview":"max-video-preview:-1"},"canonical":"https:\/\/www.gaveanews.com\/index.php\/2025\/03\/27\/video-dorival-junior-podera-ser-demitido-nesta-sexta-feira\/","og_locale":"pt_BR","og_type":"article","og_title":"V\u00eddeo: Dorival J\u00fanior poder\u00e1 ser demitido nesta sexta-feira","og_description":"A goleada sofrida pela sele\u00e7\u00e3o brasileira diante da Argentina, na ter\u00e7a-feira (25 de mar\u00e7o), desencadeou uma s\u00e9rie de movimenta\u00e7\u00f5es internas na Confedera\u00e7\u00e3o Brasileira de Futebol. O resultado de 4 a 1, em Buenos Aires, agravou o cen\u00e1rio de press\u00e3o sobre o t\u00e9cnico Dorival J\u00fanior e antecipou decis\u00f5es que antes estavam previstas para o p\u00f3s-Data Fifa. [&hellip;]","og_url":"https:\/\/www.gaveanews.com\/index.php\/2025\/03\/27\/video-dorival-junior-podera-ser-demitido-nesta-sexta-feira\/","og_site_name":"G\u00e1vea News","article_publisher":"https:\/\/facebook.com\/gaveaNews\/","article_published_time":"2025-03-27T03:55:00+00:00","author":"Paula Silva","twitter_card":"summary_large_image","twitter_misc":{"Escrito por":"Paula Silva","Est. tempo de leitura":"4 minutos"},"schema":{"@context":"https:\/\/schema.org","@graph":[{"@type":"NewsArticle","@id":"https:\/\/www.gaveanews.com\/index.php\/2025\/03\/27\/video-dorival-junior-podera-ser-demitido-nesta-sexta-feira\/#article","isPartOf":{"@id":"https:\/\/www.gaveanews.com\/index.php\/2025\/03\/27\/video-dorival-junior-podera-ser-demitido-nesta-sexta-feira\/"},"author":{"name":"Paula Silva","@id":"https:\/\/www.gaveanews.com\/#\/schema\/person\/daf63eec72e1164eb13dc35096c2b8da"},"headline":"V\u00eddeo: Dorival J\u00fanior poder\u00e1 ser demitido nesta sexta-feira","datePublished":"2025-03-27T03:55:00+00:00","mainEntityOfPage":{"@id":"https:\/\/www.gaveanews.com\/index.php\/2025\/03\/27\/video-dorival-junior-podera-ser-demitido-nesta-sexta-feira\/"},"wordCount":743,"commentCount":0,"image":{"@id":"https:\/\/www.gaveanews.com\/index.php\/2025\/03\/27\/video-dorival-junior-podera-ser-demitido-nesta-sexta-feira\/#primaryimage"},"thumbnailUrl":"https:\/\/www.gaveanews.com\/wp-content\/uploads\/2.avif","articleSection":["Brasil","Sele\u00e7\u00f5es"],"inLanguage":"pt-BR","potentialAction":[{"@type":"CommentAction","name":"Comment","target":["https:\/\/www.gaveanews.com\/index.php\/2025\/03\/27\/video-dorival-junior-podera-ser-demitido-nesta-sexta-feira\/#respond"]}],"copyrightYear":"2025","copyrightHolder":{"@id":"https:\/\/www.gaveanews.com\/#organization"}},{"@type":"WebPage","@id":"https:\/\/www.gaveanews.com\/index.php\/2025\/03\/27\/video-dorival-junior-podera-ser-demitido-nesta-sexta-feira\/","url":"https:\/\/www.gaveanews.com\/index.php\/2025\/03\/27\/video-dorival-junior-podera-ser-demitido-nesta-sexta-feira\/","name":"V\u00eddeo: Dorival J\u00fanior poder\u00e1 ser demitido nesta sexta-feira","isPartOf":{"@id":"https:\/\/www.gaveanews.com\/#website"},"primaryImageOfPage":{"@id":"https:\/\/www.gaveanews.com\/index.php\/2025\/03\/27\/video-dorival-junior-podera-ser-demitido-nesta-sexta-feira\/#primaryimage"},"image":{"@id":"https:\/\/www.gaveanews.com\/index.php\/2025\/03\/27\/video-dorival-junior-podera-ser-demitido-nesta-sexta-feira\/#primaryimage"},"thumbnailUrl":"https:\/\/www.gaveanews.com\/wp-content\/uploads\/2.avif","datePublished":"2025-03-27T03:55:00+00:00","author":{"@id":"https:\/\/www.gaveanews.com\/#\/schema\/person\/daf63eec72e1164eb13dc35096c2b8da"},"breadcrumb":{"@id":"https:\/\/www.gaveanews.com\/index.php\/2025\/03\/27\/video-dorival-junior-podera-ser-demitido-nesta-sexta-feira\/#breadcrumb"},"inLanguage":"pt-BR","potentialAction":[{"@type":"ReadAction","target":["https:\/\/www.gaveanews.com\/index.php\/2025\/03\/27\/video-dorival-junior-podera-ser-demitido-nesta-sexta-feira\/"]}]},{"@type":"ImageObject","inLanguage":"pt-BR","@id":"https:\/\/www.gaveanews.com\/index.php\/2025\/03\/27\/video-dorival-junior-podera-ser-demitido-nesta-sexta-feira\/#primaryimage","url":"https:\/\/www.gaveanews.com\/wp-content\/uploads\/2.avif","contentUrl":"https:\/\/www.gaveanews.com\/wp-content\/uploads\/2.avif","width":984,"height":656,"caption":"Dorival J\u00fanior \u2014 Foto: Andr\u00e9 Dur\u00e3o"},{"@type":"BreadcrumbList","@id":"https:\/\/www.gaveanews.com\/index.php\/2025\/03\/27\/video-dorival-junior-podera-ser-demitido-nesta-sexta-feira\/#breadcrumb","itemListElement":[{"@type":"ListItem","position":1,"name":"Home","item":"https:\/\/www.gaveanews.com\/"},{"@type":"ListItem","position":2,"name":"V\u00eddeo: Dorival J\u00fanior poder\u00e1 ser demitido nesta sexta-feira"}]},{"@type":"WebSite","@id":"https:\/\/www.gaveanews.com\/#website","url":"https:\/\/www.gaveanews.com\/","name":"G\u00e1vea News","description":"Veja todas as not\u00edcias sobre o Flamengo: Contrata\u00e7\u00f5es, categorias de base, resultados das partidas, tabela de classifica\u00e7\u00e3o, pr\u00f3ximos jogos!","potentialAction":[{"@type":"SearchAction","target":{"@type":"EntryPoint","urlTemplate":"https:\/\/www.gaveanews.com\/?s={search_term_string}"},"query-input":{"@type":"PropertyValueSpecification","valueRequired":true,"valueName":"search_term_string"}}],"inLanguage":"pt-BR"},{"@type":"Person","@id":"https:\/\/www.gaveanews.com\/#\/schema\/person\/daf63eec72e1164eb13dc35096c2b8da","name":"Paula Silva","image":{"@type":"ImageObject","inLanguage":"pt-BR","@id":"https:\/\/www.gaveanews.com\/#\/schema\/person\/image\/","url":"https:\/\/secure.gravatar.com\/avatar\/eda381c845527cc5d64c13b901833cda29d97500ba040d3e6461f76f51d163bb?s=96&d=mm&r=g","contentUrl":"https:\/\/secure.gravatar.com\/avatar\/eda381c845527cc5d64c13b901833cda29d97500ba040d3e6461f76f51d163bb?s=96&d=mm&r=g","caption":"Paula Silva"}}]}},"_links":{"self":[{"href":"https:\/\/www.gaveanews.com\/index.php\/wp-json\/wp\/v2\/posts\/245271","targetHints":{"allow":["GET"]}}],"collection":[{"href":"https:\/\/www.gaveanews.com\/index.php\/wp-json\/wp\/v2\/posts"}],"about":[{"href":"https:\/\/www.gaveanews.com\/index.php\/wp-json\/wp\/v2\/types\/post"}],"author":[{"embeddable":true,"href":"https:\/\/www.gaveanews.com\/index.php\/wp-json\/wp\/v2\/users\/18"}],"replies":[{"embeddable":true,"href":"https:\/\/www.gaveanews.com\/index.php\/wp-json\/wp\/v2\/comments?post=245271"}],"version-history":[{"count":1,"href":"https:\/\/www.gaveanews.com\/index.php\/wp-json\/wp\/v2\/posts\/245271\/revisions"}],"predecessor-version":[{"id":245275,"href":"https:\/\/www.gaveanews.com\/index.php\/wp-json\/wp\/v2\/posts\/245271\/revisions\/245275"}],"wp:featuredmedia":[{"embeddable":true,"href":"https:\/\/www.gaveanews.com\/index.php\/wp-json\/wp\/v2\/media\/142254"}],"wp:attachment":[{"href":"https:\/\/www.gaveanews.com\/index.php\/wp-json\/wp\/v2\/media?parent=245271"}],"wp:term":[{"taxonomy":"category","embeddable":true,"href":"https:\/\/www.gaveanews.com\/index.php\/wp-json\/wp\/v2\/categories?post=245271"},{"taxonomy":"post_tag","embeddable":true,"href":"https:\/\/www.gaveanews.com\/index.php\/wp-json\/wp\/v2\/tags?post=245271"}],"curies":[{"name":"wp","href":"https:\/\/api.w.org\/{rel}","templated":true}]}}