{"id":245282,"date":"2025-03-27T01:05:00","date_gmt":"2025-03-27T04:05:00","guid":{"rendered":"https:\/\/www.gaveanews.com\/?p=245282"},"modified":"2025-03-26T22:27:28","modified_gmt":"2025-03-27T01:27:28","slug":"video-ex-zagueiro-do-vasco-detona-o-clube","status":"publish","type":"post","link":"https:\/\/www.gaveanews.com\/index.php\/2025\/03\/27\/video-ex-zagueiro-do-vasco-detona-o-clube\/","title":{"rendered":"V\u00eddeo: ex-zagueiro do Vasco detona o clube"},"content":{"rendered":"\n<p>O ex-zagueiro Leandro Cast\u00e1n se pronunciou ap\u00f3s declara\u00e7\u00f5es contundentes do t\u00e9cnico Ricardo S\u00e1 Pinto, que o classificou como \u201cmorto\u201d fisicamente durante sua passagem pelo Vasco, em 2020. Em entrevista \u00e0 ESPN, o ex-defensor rebateu a afirma\u00e7\u00e3o e minimizou a pol\u00eamica, alegando respeito pelas opini\u00f5es do treinador portugu\u00eas.<\/p>\n\n\n\n<p>Durante participa\u00e7\u00e3o no canal \u201cExpresso 1923\u201d, S\u00e1 Pinto afirmou que Cast\u00e1n n\u00e3o conseguia mais atuar em uma linha de quatro defensores e que, por isso, precisou alterar o esquema t\u00e1tico da equipe. Al\u00e9m disso, lamentou cr\u00edticas recebidas por parte do jogador ap\u00f3s sua sa\u00edda de S\u00e3o Janu\u00e1rio, alegando que tentou ajud\u00e1-lo naquele momento.<\/p>\n\n\n\n<p>Em resposta, Cast\u00e1n reconheceu as dificuldades f\u00edsicas enfrentadas na \u00e9poca. \u201cEu morri fisicamente naquele ano, n\u00e3o tinha mais for\u00e7as. Ele s\u00f3 validou algo que eu mesmo j\u00e1 havia dito\u201d, declarou. Apesar disso, afirmou n\u00e3o guardar ressentimentos: \u201cSe ele acha isso, respeito ele como pessoa e treinador\u201d.<\/p>\n\n\n\n<p>Ali\u00e1s, o ex-zagueiro destacou que sua rela\u00e7\u00e3o com S\u00e1 Pinto foi \u201cnormal\u201d e recha\u00e7ou qualquer insinua\u00e7\u00e3o de comportamento inadequado nos bastidores. \u201cSempre fui profissional, inclusive com ele. Lamento que ele tenha se chateado, mas vida que segue\u201d, concluiu.<\/p>\n\n\n\n<p>Por fim, Cast\u00e1n comentou outras cr\u00edticas do t\u00e9cnico portugu\u00eas \u00e0 estrutura do Vasco, classificando o momento do clube como de precariedade. \u201cA estrutura era muito limitada, principalmente durante a pandemia. Preferi n\u00e3o expor mais para n\u00e3o manchar a imagem do clube\u201d, finalizou.<\/p>\n\n\n\n<p>&#8220;N\u00e3o \u00e9 menosprezando o Vasco. Eu fiquei l\u00e1 h\u00e1 tr\u00eas anos, aconteceram muitas coisas. Eu acho que a gente se contasse tudo o que aconteceu nesse tempo que a gente viveu l\u00e1 e a gente acabou sujando a imagem do clube. Ent\u00e3o n\u00e3o vou ser eu que vou querer ser o cara que vai fazer isso. Mas eu lembro que aconteceu uma coisa dessa situa\u00e7\u00e3o a\u00ed mesmo. Mas enfim, a gente sabe. Infelizmente o Vasco estava ali no momento se reestruturando. O CT tinha apenas estado pronto. Enfim, a estrutura f\u00edsica do Vasco naquele per\u00edodo que eu estive no clube era muito prec\u00e1ria. E aconteceram muitas coisas&#8221;, disse.<\/p>\n\n\n\n<figure class=\"wp-block-embed is-type-video is-provider-tiktok wp-block-embed-tiktok\"><div class=\"wp-block-embed__wrapper\">\n<blockquote class=\"tiktok-embed\" cite=\"https:\/\/www.tiktok.com\/@espnbrasil\/video\/7486158172655242551\" data-video-id=\"7486158172655242551\" data-embed-from=\"oembed\" style=\"max-width:605px; min-width:325px;\"> <section> <a target=\"_blank\" title=\"@espnbrasil\" href=\"https:\/\/www.tiktok.com\/@espnbrasil?refer=embed\">@espnbrasil<\/a> <p>Cast\u00e1n, em exclusiva \u00e0 ESPN, falou sobre os tr\u00eas anos que passou no Vasco! <a title=\"futebol\" target=\"_blank\" href=\"https:\/\/www.tiktok.com\/tag\/futebol?refer=embed\">#futebol<\/a> <a title=\"leandrocastan\" target=\"_blank\" href=\"https:\/\/www.tiktok.com\/tag\/leandrocastan?refer=embed\">#leandrocastan<\/a> <a title=\"vasco\" target=\"_blank\" href=\"https:\/\/www.tiktok.com\/tag\/vasco?refer=embed\">#vasco<\/a> <a title=\"tiktokesportes\" target=\"_blank\" href=\"https:\/\/www.tiktok.com\/tag\/tiktokesportes?refer=embed\">#tiktokesportes<\/a><\/p> <a target=\"_blank\" title=\"\u266c som original - ESPN Brasil - ESPN Brasil\" href=\"https:\/\/www.tiktok.com\/music\/som-original-ESPN-Brasil-7486158189217254149?refer=embed\">\u266c som original &#8211; ESPN Brasil &#8211; ESPN Brasil<\/a> <\/section> <\/blockquote> <script async src=\"https:\/\/www.tiktok.com\/embed.js\"><\/script>\n<\/div><\/figure>\n","protected":false},"excerpt":{"rendered":"<p>O ex-zagueiro Leandro Cast\u00e1n se pronunciou ap\u00f3s declara\u00e7\u00f5es contundentes do t\u00e9cnico Ricardo S\u00e1 Pinto, que o classificou como \u201cmorto\u201d fisicamente durante sua passagem pelo Vasco, em 2020. Em entrevista \u00e0 ESPN, o ex-defensor rebateu a afirma\u00e7\u00e3o e minimizou a pol\u00eamica, alegando respeito pelas opini\u00f5es do treinador portugu\u00eas. Durante participa\u00e7\u00e3o no canal \u201cExpresso 1923\u201d, S\u00e1 Pinto [&hellip;]<\/p>\n","protected":false},"author":18,"featured_media":152090,"comment_status":"open","ping_status":"closed","sticky":false,"template":"","format":"standard","meta":{"footnotes":""},"categories":[152],"tags":[],"class_list":["post-245282","post","type-post","status-publish","format-standard","has-post-thumbnail","hentry","category-vasco"],"yoast_head":"<!-- This site is optimized with the Yoast SEO Premium plugin v24.2 (Yoast SEO v26.9) - https:\/\/yoast.com\/product\/yoast-seo-premium-wordpress\/ -->\n<title>V\u00eddeo: ex-zagueiro do Vasco detona o clube<\/title>\n<meta name=\"robots\" content=\"index, follow, max-snippet:-1, max-image-preview:large, max-video-preview:-1\" \/>\n<link rel=\"canonical\" href=\"https:\/\/www.gaveanews.com\/index.php\/2025\/03\/27\/video-ex-zagueiro-do-vasco-detona-o-clube\/\" \/>\n<meta property=\"og:locale\" content=\"pt_BR\" \/>\n<meta property=\"og:type\" content=\"article\" \/>\n<meta property=\"og:title\" content=\"V\u00eddeo: ex-zagueiro do Vasco detona o clube\" \/>\n<meta property=\"og:description\" content=\"O ex-zagueiro Leandro Cast\u00e1n se pronunciou ap\u00f3s declara\u00e7\u00f5es contundentes do t\u00e9cnico Ricardo S\u00e1 Pinto, que o classificou como \u201cmorto\u201d fisicamente durante sua passagem pelo Vasco, em 2020. Em entrevista \u00e0 ESPN, o ex-defensor rebateu a afirma\u00e7\u00e3o e minimizou a pol\u00eamica, alegando respeito pelas opini\u00f5es do treinador portugu\u00eas. Durante participa\u00e7\u00e3o no canal \u201cExpresso 1923\u201d, S\u00e1 Pinto [&hellip;]\" \/>\n<meta property=\"og:url\" content=\"https:\/\/www.gaveanews.com\/index.php\/2025\/03\/27\/video-ex-zagueiro-do-vasco-detona-o-clube\/\" \/>\n<meta property=\"og:site_name\" content=\"G\u00e1vea News\" \/>\n<meta property=\"article:publisher\" content=\"https:\/\/facebook.com\/gaveaNews\/\" \/>\n<meta property=\"article:published_time\" content=\"2025-03-27T04:05:00+00:00\" \/>\n<meta property=\"og:image\" content=\"https:\/\/www.gaveanews.com\/wp-content\/uploads\/Bandeira-do-Vasco-da-Gama.webp\" \/>\n\t<meta property=\"og:image:width\" content=\"1159\" \/>\n\t<meta property=\"og:image:height\" content=\"772\" \/>\n\t<meta property=\"og:image:type\" content=\"image\/webp\" \/>\n<meta name=\"author\" content=\"Paula Silva\" \/>\n<meta name=\"twitter:card\" content=\"summary_large_image\" \/>\n<meta name=\"twitter:label1\" content=\"Escrito por\" \/>\n\t<meta name=\"twitter:data1\" content=\"Paula Silva\" \/>\n\t<meta name=\"twitter:label2\" content=\"Est. tempo de leitura\" \/>\n\t<meta name=\"twitter:data2\" content=\"3 minutos\" \/>\n<script type=\"application\/ld+json\" class=\"yoast-schema-graph\">{\"@context\":\"https:\/\/schema.org\",\"@graph\":[{\"@type\":\"NewsArticle\",\"@id\":\"https:\/\/www.gaveanews.com\/index.php\/2025\/03\/27\/video-ex-zagueiro-do-vasco-detona-o-clube\/#article\",\"isPartOf\":{\"@id\":\"https:\/\/www.gaveanews.com\/index.php\/2025\/03\/27\/video-ex-zagueiro-do-vasco-detona-o-clube\/\"},\"author\":{\"name\":\"Paula Silva\",\"@id\":\"https:\/\/www.gaveanews.com\/#\/schema\/person\/daf63eec72e1164eb13dc35096c2b8da\"},\"headline\":\"V\u00eddeo: ex-zagueiro do Vasco detona o clube\",\"datePublished\":\"2025-03-27T04:05:00+00:00\",\"mainEntityOfPage\":{\"@id\":\"https:\/\/www.gaveanews.com\/index.php\/2025\/03\/27\/video-ex-zagueiro-do-vasco-detona-o-clube\/\"},\"wordCount\":388,\"commentCount\":0,\"image\":{\"@id\":\"https:\/\/www.gaveanews.com\/index.php\/2025\/03\/27\/video-ex-zagueiro-do-vasco-detona-o-clube\/#primaryimage\"},\"thumbnailUrl\":\"https:\/\/www.gaveanews.com\/wp-content\/uploads\/Bandeira-do-Vasco-da-Gama.webp\",\"articleSection\":[\"Vasco\"],\"inLanguage\":\"pt-BR\",\"potentialAction\":[{\"@type\":\"CommentAction\",\"name\":\"Comment\",\"target\":[\"https:\/\/www.gaveanews.com\/index.php\/2025\/03\/27\/video-ex-zagueiro-do-vasco-detona-o-clube\/#respond\"]}],\"copyrightYear\":\"2025\",\"copyrightHolder\":{\"@id\":\"https:\/\/www.gaveanews.com\/#organization\"}},{\"@type\":\"WebPage\",\"@id\":\"https:\/\/www.gaveanews.com\/index.php\/2025\/03\/27\/video-ex-zagueiro-do-vasco-detona-o-clube\/\",\"url\":\"https:\/\/www.gaveanews.com\/index.php\/2025\/03\/27\/video-ex-zagueiro-do-vasco-detona-o-clube\/\",\"name\":\"V\u00eddeo: ex-zagueiro do Vasco detona o clube\",\"isPartOf\":{\"@id\":\"https:\/\/www.gaveanews.com\/#website\"},\"primaryImageOfPage\":{\"@id\":\"https:\/\/www.gaveanews.com\/index.php\/2025\/03\/27\/video-ex-zagueiro-do-vasco-detona-o-clube\/#primaryimage\"},\"image\":{\"@id\":\"https:\/\/www.gaveanews.com\/index.php\/2025\/03\/27\/video-ex-zagueiro-do-vasco-detona-o-clube\/#primaryimage\"},\"thumbnailUrl\":\"https:\/\/www.gaveanews.com\/wp-content\/uploads\/Bandeira-do-Vasco-da-Gama.webp\",\"datePublished\":\"2025-03-27T04:05:00+00:00\",\"author\":{\"@id\":\"https:\/\/www.gaveanews.com\/#\/schema\/person\/daf63eec72e1164eb13dc35096c2b8da\"},\"breadcrumb\":{\"@id\":\"https:\/\/www.gaveanews.com\/index.php\/2025\/03\/27\/video-ex-zagueiro-do-vasco-detona-o-clube\/#breadcrumb\"},\"inLanguage\":\"pt-BR\",\"potentialAction\":[{\"@type\":\"ReadAction\",\"target\":[\"https:\/\/www.gaveanews.com\/index.php\/2025\/03\/27\/video-ex-zagueiro-do-vasco-detona-o-clube\/\"]}]},{\"@type\":\"ImageObject\",\"inLanguage\":\"pt-BR\",\"@id\":\"https:\/\/www.gaveanews.com\/index.php\/2025\/03\/27\/video-ex-zagueiro-do-vasco-detona-o-clube\/#primaryimage\",\"url\":\"https:\/\/www.gaveanews.com\/wp-content\/uploads\/Bandeira-do-Vasco-da-Gama.webp\",\"contentUrl\":\"https:\/\/www.gaveanews.com\/wp-content\/uploads\/Bandeira-do-Vasco-da-Gama.webp\",\"width\":1159,\"height\":772,\"caption\":\"Bandeira do Vasco da Gama (Foto: Reprodu\u00e7\u00e3o\/Vasco)\"},{\"@type\":\"BreadcrumbList\",\"@id\":\"https:\/\/www.gaveanews.com\/index.php\/2025\/03\/27\/video-ex-zagueiro-do-vasco-detona-o-clube\/#breadcrumb\",\"itemListElement\":[{\"@type\":\"ListItem\",\"position\":1,\"name\":\"Home\",\"item\":\"https:\/\/www.gaveanews.com\/\"},{\"@type\":\"ListItem\",\"position\":2,\"name\":\"V\u00eddeo: ex-zagueiro do Vasco detona o clube\"}]},{\"@type\":\"WebSite\",\"@id\":\"https:\/\/www.gaveanews.com\/#website\",\"url\":\"https:\/\/www.gaveanews.com\/\",\"name\":\"G\u00e1vea News\",\"description\":\"Veja todas as not\u00edcias sobre o Flamengo: Contrata\u00e7\u00f5es, categorias de base, resultados das partidas, tabela de classifica\u00e7\u00e3o, pr\u00f3ximos jogos!\",\"potentialAction\":[{\"@type\":\"SearchAction\",\"target\":{\"@type\":\"EntryPoint\",\"urlTemplate\":\"https:\/\/www.gaveanews.com\/?s={search_term_string}\"},\"query-input\":{\"@type\":\"PropertyValueSpecification\",\"valueRequired\":true,\"valueName\":\"search_term_string\"}}],\"inLanguage\":\"pt-BR\"},{\"@type\":\"Person\",\"@id\":\"https:\/\/www.gaveanews.com\/#\/schema\/person\/daf63eec72e1164eb13dc35096c2b8da\",\"name\":\"Paula Silva\",\"image\":{\"@type\":\"ImageObject\",\"inLanguage\":\"pt-BR\",\"@id\":\"https:\/\/www.gaveanews.com\/#\/schema\/person\/image\/\",\"url\":\"https:\/\/secure.gravatar.com\/avatar\/eda381c845527cc5d64c13b901833cda29d97500ba040d3e6461f76f51d163bb?s=96&d=mm&r=g\",\"contentUrl\":\"https:\/\/secure.gravatar.com\/avatar\/eda381c845527cc5d64c13b901833cda29d97500ba040d3e6461f76f51d163bb?s=96&d=mm&r=g\",\"caption\":\"Paula Silva\"}}]}<\/script>\n<!-- \/ Yoast SEO Premium plugin. -->","yoast_head_json":{"title":"V\u00eddeo: ex-zagueiro do Vasco detona o clube","robots":{"index":"index","follow":"follow","max-snippet":"max-snippet:-1","max-image-preview":"max-image-preview:large","max-video-preview":"max-video-preview:-1"},"canonical":"https:\/\/www.gaveanews.com\/index.php\/2025\/03\/27\/video-ex-zagueiro-do-vasco-detona-o-clube\/","og_locale":"pt_BR","og_type":"article","og_title":"V\u00eddeo: ex-zagueiro do Vasco detona o clube","og_description":"O ex-zagueiro Leandro Cast\u00e1n se pronunciou ap\u00f3s declara\u00e7\u00f5es contundentes do t\u00e9cnico Ricardo S\u00e1 Pinto, que o classificou como \u201cmorto\u201d fisicamente durante sua passagem pelo Vasco, em 2020. Em entrevista \u00e0 ESPN, o ex-defensor rebateu a afirma\u00e7\u00e3o e minimizou a pol\u00eamica, alegando respeito pelas opini\u00f5es do treinador portugu\u00eas. Durante participa\u00e7\u00e3o no canal \u201cExpresso 1923\u201d, S\u00e1 Pinto [&hellip;]","og_url":"https:\/\/www.gaveanews.com\/index.php\/2025\/03\/27\/video-ex-zagueiro-do-vasco-detona-o-clube\/","og_site_name":"G\u00e1vea News","article_publisher":"https:\/\/facebook.com\/gaveaNews\/","article_published_time":"2025-03-27T04:05:00+00:00","og_image":[{"width":1159,"height":772,"url":"https:\/\/www.gaveanews.com\/wp-content\/uploads\/Bandeira-do-Vasco-da-Gama.webp","type":"image\/webp"}],"author":"Paula Silva","twitter_card":"summary_large_image","twitter_misc":{"Escrito por":"Paula Silva","Est. tempo de leitura":"3 minutos"},"schema":{"@context":"https:\/\/schema.org","@graph":[{"@type":"NewsArticle","@id":"https:\/\/www.gaveanews.com\/index.php\/2025\/03\/27\/video-ex-zagueiro-do-vasco-detona-o-clube\/#article","isPartOf":{"@id":"https:\/\/www.gaveanews.com\/index.php\/2025\/03\/27\/video-ex-zagueiro-do-vasco-detona-o-clube\/"},"author":{"name":"Paula Silva","@id":"https:\/\/www.gaveanews.com\/#\/schema\/person\/daf63eec72e1164eb13dc35096c2b8da"},"headline":"V\u00eddeo: ex-zagueiro do Vasco detona o clube","datePublished":"2025-03-27T04:05:00+00:00","mainEntityOfPage":{"@id":"https:\/\/www.gaveanews.com\/index.php\/2025\/03\/27\/video-ex-zagueiro-do-vasco-detona-o-clube\/"},"wordCount":388,"commentCount":0,"image":{"@id":"https:\/\/www.gaveanews.com\/index.php\/2025\/03\/27\/video-ex-zagueiro-do-vasco-detona-o-clube\/#primaryimage"},"thumbnailUrl":"https:\/\/www.gaveanews.com\/wp-content\/uploads\/Bandeira-do-Vasco-da-Gama.webp","articleSection":["Vasco"],"inLanguage":"pt-BR","potentialAction":[{"@type":"CommentAction","name":"Comment","target":["https:\/\/www.gaveanews.com\/index.php\/2025\/03\/27\/video-ex-zagueiro-do-vasco-detona-o-clube\/#respond"]}],"copyrightYear":"2025","copyrightHolder":{"@id":"https:\/\/www.gaveanews.com\/#organization"}},{"@type":"WebPage","@id":"https:\/\/www.gaveanews.com\/index.php\/2025\/03\/27\/video-ex-zagueiro-do-vasco-detona-o-clube\/","url":"https:\/\/www.gaveanews.com\/index.php\/2025\/03\/27\/video-ex-zagueiro-do-vasco-detona-o-clube\/","name":"V\u00eddeo: ex-zagueiro do Vasco detona o clube","isPartOf":{"@id":"https:\/\/www.gaveanews.com\/#website"},"primaryImageOfPage":{"@id":"https:\/\/www.gaveanews.com\/index.php\/2025\/03\/27\/video-ex-zagueiro-do-vasco-detona-o-clube\/#primaryimage"},"image":{"@id":"https:\/\/www.gaveanews.com\/index.php\/2025\/03\/27\/video-ex-zagueiro-do-vasco-detona-o-clube\/#primaryimage"},"thumbnailUrl":"https:\/\/www.gaveanews.com\/wp-content\/uploads\/Bandeira-do-Vasco-da-Gama.webp","datePublished":"2025-03-27T04:05:00+00:00","author":{"@id":"https:\/\/www.gaveanews.com\/#\/schema\/person\/daf63eec72e1164eb13dc35096c2b8da"},"breadcrumb":{"@id":"https:\/\/www.gaveanews.com\/index.php\/2025\/03\/27\/video-ex-zagueiro-do-vasco-detona-o-clube\/#breadcrumb"},"inLanguage":"pt-BR","potentialAction":[{"@type":"ReadAction","target":["https:\/\/www.gaveanews.com\/index.php\/2025\/03\/27\/video-ex-zagueiro-do-vasco-detona-o-clube\/"]}]},{"@type":"ImageObject","inLanguage":"pt-BR","@id":"https:\/\/www.gaveanews.com\/index.php\/2025\/03\/27\/video-ex-zagueiro-do-vasco-detona-o-clube\/#primaryimage","url":"https:\/\/www.gaveanews.com\/wp-content\/uploads\/Bandeira-do-Vasco-da-Gama.webp","contentUrl":"https:\/\/www.gaveanews.com\/wp-content\/uploads\/Bandeira-do-Vasco-da-Gama.webp","width":1159,"height":772,"caption":"Bandeira do Vasco da Gama (Foto: Reprodu\u00e7\u00e3o\/Vasco)"},{"@type":"BreadcrumbList","@id":"https:\/\/www.gaveanews.com\/index.php\/2025\/03\/27\/video-ex-zagueiro-do-vasco-detona-o-clube\/#breadcrumb","itemListElement":[{"@type":"ListItem","position":1,"name":"Home","item":"https:\/\/www.gaveanews.com\/"},{"@type":"ListItem","position":2,"name":"V\u00eddeo: ex-zagueiro do Vasco detona o clube"}]},{"@type":"WebSite","@id":"https:\/\/www.gaveanews.com\/#website","url":"https:\/\/www.gaveanews.com\/","name":"G\u00e1vea News","description":"Veja todas as not\u00edcias sobre o Flamengo: Contrata\u00e7\u00f5es, categorias de base, resultados das partidas, tabela de classifica\u00e7\u00e3o, pr\u00f3ximos jogos!","potentialAction":[{"@type":"SearchAction","target":{"@type":"EntryPoint","urlTemplate":"https:\/\/www.gaveanews.com\/?s={search_term_string}"},"query-input":{"@type":"PropertyValueSpecification","valueRequired":true,"valueName":"search_term_string"}}],"inLanguage":"pt-BR"},{"@type":"Person","@id":"https:\/\/www.gaveanews.com\/#\/schema\/person\/daf63eec72e1164eb13dc35096c2b8da","name":"Paula Silva","image":{"@type":"ImageObject","inLanguage":"pt-BR","@id":"https:\/\/www.gaveanews.com\/#\/schema\/person\/image\/","url":"https:\/\/secure.gravatar.com\/avatar\/eda381c845527cc5d64c13b901833cda29d97500ba040d3e6461f76f51d163bb?s=96&d=mm&r=g","contentUrl":"https:\/\/secure.gravatar.com\/avatar\/eda381c845527cc5d64c13b901833cda29d97500ba040d3e6461f76f51d163bb?s=96&d=mm&r=g","caption":"Paula Silva"}}]}},"_links":{"self":[{"href":"https:\/\/www.gaveanews.com\/index.php\/wp-json\/wp\/v2\/posts\/245282","targetHints":{"allow":["GET"]}}],"collection":[{"href":"https:\/\/www.gaveanews.com\/index.php\/wp-json\/wp\/v2\/posts"}],"about":[{"href":"https:\/\/www.gaveanews.com\/index.php\/wp-json\/wp\/v2\/types\/post"}],"author":[{"embeddable":true,"href":"https:\/\/www.gaveanews.com\/index.php\/wp-json\/wp\/v2\/users\/18"}],"replies":[{"embeddable":true,"href":"https:\/\/www.gaveanews.com\/index.php\/wp-json\/wp\/v2\/comments?post=245282"}],"version-history":[{"count":1,"href":"https:\/\/www.gaveanews.com\/index.php\/wp-json\/wp\/v2\/posts\/245282\/revisions"}],"predecessor-version":[{"id":245284,"href":"https:\/\/www.gaveanews.com\/index.php\/wp-json\/wp\/v2\/posts\/245282\/revisions\/245284"}],"wp:featuredmedia":[{"embeddable":true,"href":"https:\/\/www.gaveanews.com\/index.php\/wp-json\/wp\/v2\/media\/152090"}],"wp:attachment":[{"href":"https:\/\/www.gaveanews.com\/index.php\/wp-json\/wp\/v2\/media?parent=245282"}],"wp:term":[{"taxonomy":"category","embeddable":true,"href":"https:\/\/www.gaveanews.com\/index.php\/wp-json\/wp\/v2\/categories?post=245282"},{"taxonomy":"post_tag","embeddable":true,"href":"https:\/\/www.gaveanews.com\/index.php\/wp-json\/wp\/v2\/tags?post=245282"}],"curies":[{"name":"wp","href":"https:\/\/api.w.org\/{rel}","templated":true}]}}