{"id":245326,"date":"2025-03-27T09:05:00","date_gmt":"2025-03-27T12:05:00","guid":{"rendered":"https:\/\/www.gaveanews.com\/?p=245326"},"modified":"2025-03-27T09:01:52","modified_gmt":"2025-03-27T12:01:52","slug":"arana-ganha-destaque-mundial-recado-de-cuello-para-hulk-e-atitude-importante-na-europa-as-ultimas-noticias-do-atletico-mg","status":"publish","type":"post","link":"https:\/\/www.gaveanews.com\/index.php\/2025\/03\/27\/arana-ganha-destaque-mundial-recado-de-cuello-para-hulk-e-atitude-importante-na-europa-as-ultimas-noticias-do-atletico-mg\/","title":{"rendered":"Arana ganha destaque mundial, recado de Cuello para Hulk e atitude importante na Europa: as \u00faltimas not\u00edcias do Atl\u00e9tico-MG"},"content":{"rendered":"\n<p>Nas \u00faltimas horas, o foco das not\u00edcias sobre o Atl\u00e9tico-MG se concentram nos bastidores do clube, com destaques do dia a dia do time.<\/p>\n\n\n\n<p>Por conta deste contexto, leia abaixo um resumo preparado pela equipe do portal G\u00e1vea News para lhe manter muito bem informado!<\/p>\n\n\n\n<h2 class=\"wp-block-heading\" id=\"h-atitude-importante-na-europa\">Atitude importante na Europa<\/h2>\n\n\n\n<p>O diretor do Atl\u00e9tico-MG, Paulo Bracks, est\u00e1 na Inglaterra participando da etapa presencial de um curso de Gest\u00e3o em Futebol promovido pela UEFA. Aproveitando a viagem, ele visitou os clubes Arsenal, West Ham e Tottenham, com o objetivo de observar estruturas, metodologias e estrat\u00e9gias de gest\u00e3o esportiva. A iniciativa tamb\u00e9m visa aproximar o Atl\u00e9tico-MG do mercado europeu, facilitando poss\u00edveis negocia\u00e7\u00f5es e parcerias futuras com equipes do continente <strong><a href=\"https:\/\/www.gaveanews.com\/index.php\/2025\/03\/23\/dirigente-do-atletico-mg-toma-atitude-importante-na-europa\/\">(leia a mat\u00e9ria completa).<\/a><\/strong><\/p>\n\n\n\n<figure class=\"wp-block-image size-large\"><img loading=\"lazy\" decoding=\"async\" width=\"1024\" height=\"819\" src=\"http:\/\/www.gaveanews.com\/wp-content\/uploads\/Paulo-Bracks-CEO-do-Santos-1024x819.webp\" alt=\"\" class=\"wp-image-149583\" srcset=\"https:\/\/www.gaveanews.com\/wp-content\/uploads\/Paulo-Bracks-CEO-do-Santos-1024x819.webp 1024w, https:\/\/www.gaveanews.com\/wp-content\/uploads\/Paulo-Bracks-CEO-do-Santos-300x240.webp 300w, https:\/\/www.gaveanews.com\/wp-content\/uploads\/Paulo-Bracks-CEO-do-Santos-768x614.webp 768w, https:\/\/www.gaveanews.com\/wp-content\/uploads\/Paulo-Bracks-CEO-do-Santos-1536x1229.webp 1536w, https:\/\/www.gaveanews.com\/wp-content\/uploads\/Paulo-Bracks-CEO-do-Santos-525x420.webp 525w, https:\/\/www.gaveanews.com\/wp-content\/uploads\/Paulo-Bracks-CEO-do-Santos-1050x840.webp 1050w, https:\/\/www.gaveanews.com\/wp-content\/uploads\/Paulo-Bracks-CEO-do-Santos-640x512.webp 640w, https:\/\/www.gaveanews.com\/wp-content\/uploads\/Paulo-Bracks-CEO-do-Santos-1280x1024.webp 1280w, https:\/\/www.gaveanews.com\/wp-content\/uploads\/Paulo-Bracks-CEO-do-Santos-681x545.webp 681w, https:\/\/www.gaveanews.com\/wp-content\/uploads\/Paulo-Bracks-CEO-do-Santos-1362x1090.webp 1362w, https:\/\/www.gaveanews.com\/wp-content\/uploads\/Paulo-Bracks-CEO-do-Santos-100x80.webp 100w, https:\/\/www.gaveanews.com\/wp-content\/uploads\/Paulo-Bracks-CEO-do-Santos.webp 1600w\" sizes=\"auto, (max-width: 1024px) 100vw, 1024px\" \/><figcaption class=\"wp-element-caption\">Paulo Bracks, CEO do Santos (Foto: Reprodu\u00e7\u00e3o\/Santos)<\/figcaption><\/figure>\n\n\n\n<p>Al\u00e9m do networking, a estadia tem um vi\u00e9s estrat\u00e9gico para a pr\u00f3xima janela de transfer\u00eancias. O clube mineiro est\u00e1 em busca de refor\u00e7os e poss\u00edveis vendas de jogadores, visando o equil\u00edbrio financeiro e o fortalecimento do elenco. <\/p>\n\n\n\n<p>O curso, que inclui m\u00f3dulos online e presenciais, aborda temas como marketing esportivo, opera\u00e7\u00e3o de clubes e desenvolvimento estrat\u00e9gico do futebol, e ser\u00e1 conclu\u00eddo em Nyon, na Su\u00ed\u00e7a, sede da UEFA.<\/p>\n\n\n\n<p>Com um curr\u00edculo robusto e passagens por eventos internacionais, Bracks j\u00e1 \u00e9 conhecido no cen\u00e1rio esportivo. Em outra ocasi\u00e3o, foi palestrante em uma confer\u00eancia global na casa do Chelsea, onde tratou do mercado sul-americano. Durante sua perman\u00eancia na Europa, tamb\u00e9m assistiu a um jogo entre Inglaterra e Alb\u00e2nia, ampliando sua imers\u00e3o no futebol internacional. Seu retorno ao Brasil trar\u00e1 n\u00e3o apenas aprendizado, mas tamb\u00e9m contatos valiosos para o planejamento do Atl\u00e9tico-MG ao longo da temporada.<\/p>\n\n\n\n<h2 class=\"wp-block-heading\" id=\"h-recado-de-cuello-para-hulk\">Recado de Cuello para Hulk<\/h2>\n\n\n\n<p>O atacante argentino Cuello tem se destacado rapidamente como pe\u00e7a fundamental no elenco do Atl\u00e9tico-MG desde sua chegada no in\u00edcio de 2025, vindo do Athletico-PR. Com dois gols e tr\u00eas assist\u00eancias em apenas dez partidas, ele teve participa\u00e7\u00e3o decisiva na conquista do hexacampeonato Mineiro. Em entrevista ao jornal argentino <em>Ol\u00e9<\/em>, Cuello ressaltou a import\u00e2ncia do t\u00e9cnico Cuca em sua adapta\u00e7\u00e3o, elogiando o apoio recebido para conquistar a titularidade e o estilo de jogo agressivo que vem sendo estimulado desde sua contrata\u00e7\u00e3o <strong><a href=\"https:\/\/www.gaveanews.com\/index.php\/2025\/03\/24\/a-declaracao-de-cuello-direcionada-a-hulk-do-atletico-mg\/\">(leia a mat\u00e9ria completa).<\/a><\/strong><\/p>\n\n\n\n<figure class=\"wp-block-image size-large\"><img loading=\"lazy\" decoding=\"async\" width=\"1024\" height=\"822\" src=\"http:\/\/www.gaveanews.com\/wp-content\/uploads\/Hulk-em-acao-pelo-Atletico-MG-1024x822.webp\" alt=\"\" class=\"wp-image-183983\" srcset=\"https:\/\/www.gaveanews.com\/wp-content\/uploads\/Hulk-em-acao-pelo-Atletico-MG-1024x822.webp 1024w, https:\/\/www.gaveanews.com\/wp-content\/uploads\/Hulk-em-acao-pelo-Atletico-MG-300x241.webp 300w, https:\/\/www.gaveanews.com\/wp-content\/uploads\/Hulk-em-acao-pelo-Atletico-MG-768x616.webp 768w, https:\/\/www.gaveanews.com\/wp-content\/uploads\/Hulk-em-acao-pelo-Atletico-MG-523x420.webp 523w, https:\/\/www.gaveanews.com\/wp-content\/uploads\/Hulk-em-acao-pelo-Atletico-MG-1046x840.webp 1046w, https:\/\/www.gaveanews.com\/wp-content\/uploads\/Hulk-em-acao-pelo-Atletico-MG-640x514.webp 640w, https:\/\/www.gaveanews.com\/wp-content\/uploads\/Hulk-em-acao-pelo-Atletico-MG-1280x1027.webp 1280w, https:\/\/www.gaveanews.com\/wp-content\/uploads\/Hulk-em-acao-pelo-Atletico-MG-681x547.webp 681w, https:\/\/www.gaveanews.com\/wp-content\/uploads\/Hulk-em-acao-pelo-Atletico-MG-100x80.webp 100w, https:\/\/www.gaveanews.com\/wp-content\/uploads\/Hulk-em-acao-pelo-Atletico-MG.webp 1328w\" sizes=\"auto, (max-width: 1024px) 100vw, 1024px\" \/><figcaption class=\"wp-element-caption\">Hulk em a\u00e7\u00e3o pelo Atl\u00e9tico-MG (Foto: Pedro Souza\/Atletico)\n<\/figcaption><\/figure>\n\n\n\n<p>Al\u00e9m da forte liga\u00e7\u00e3o com o treinador, Cuello tamb\u00e9m se adaptou com agilidade ao esquema t\u00e1tico do time e \u00e0 conviv\u00eancia com os companheiros. Ele destacou que desde os primeiros treinos recebeu oportunidades e conseguiu se firmar entre os titulares, enfatizando que segue focado em evoluir. A influ\u00eancia de Cuca, segundo o jogador, vai al\u00e9m da t\u00e9cnica, abrangendo tamb\u00e9m a confian\u00e7a depositada em seu potencial desde a \u00e9poca em que atuavam juntos no Athletico-PR.<\/p>\n\n\n\n<p>Outro ponto de destaque na trajet\u00f3ria do atacante argentino \u00e9 sua parceria com Hulk, a quem chamou de \u201co melhor do Brasil\u201d. Cuello revelou que o veterano jogador tem sido uma refer\u00eancia dentro e fora de campo, oferecendo conselhos sobre movimenta\u00e7\u00e3o e troca de passes. Admirado com a intelig\u00eancia e for\u00e7a f\u00edsica de Hulk, mesmo aos 38 anos, o argentino afirmou que a sintonia entre os dois foi imediata. Com contrato at\u00e9 2028, Cuello agora se prepara para os desafios das principais competi\u00e7\u00f5es nacionais e internacionais pelo Galo.<\/p>\n\n\n\n<h2 class=\"wp-block-heading\" id=\"h-arana-ganha-destaque-mundial\">Arana ganha destaque mundial<\/h2>\n\n\n\n<p>A mat\u00e9ria destaca os dez laterais brasileiros mais valiosos do futebol mundial, com base em dados do site Transfermarkt. A lista reflete o crescimento t\u00e9cnico e financeiro dos clubes, especialmente ap\u00f3s o encerramento da primeira janela de transfer\u00eancias de 2025. Yan Couto, atleta do Borussia Dortmund, lidera o ranking com valor de mercado estimado em 25 milh\u00f5es de euros, seguido por Carlos Augusto (Internazionale) e Dod\u00f4 (Fiorentina), evidenciando a presen\u00e7a de brasileiros em ligas de destaque na Europa <strong><a href=\"https:\/\/www.gaveanews.com\/index.php\/2025\/03\/24\/yan-couto-carlos-augusto-dodo-vanderson-caio-henrique-renan-lodi-emerson-royal-guilherme-arana-douglas-santos-e-abner-os-laterais-brasileiros-mais-valiosos-do-mundo\/\">(leia a mat\u00e9ria completa).<\/a><\/strong><\/p>\n\n\n\n<figure class=\"wp-block-image size-full\"><img loading=\"lazy\" decoding=\"async\" width=\"721\" height=\"535\" src=\"http:\/\/www.gaveanews.com\/wp-content\/uploads\/Guilherme-Arana-pelo-Atletico-MG.webp\" alt=\"\" class=\"wp-image-168221\" srcset=\"https:\/\/www.gaveanews.com\/wp-content\/uploads\/Guilherme-Arana-pelo-Atletico-MG.webp 721w, https:\/\/www.gaveanews.com\/wp-content\/uploads\/Guilherme-Arana-pelo-Atletico-MG-300x223.webp 300w, https:\/\/www.gaveanews.com\/wp-content\/uploads\/Guilherme-Arana-pelo-Atletico-MG-566x420.webp 566w, https:\/\/www.gaveanews.com\/wp-content\/uploads\/Guilherme-Arana-pelo-Atletico-MG-80x60.webp 80w, https:\/\/www.gaveanews.com\/wp-content\/uploads\/Guilherme-Arana-pelo-Atletico-MG-160x120.webp 160w, https:\/\/www.gaveanews.com\/wp-content\/uploads\/Guilherme-Arana-pelo-Atletico-MG-100x74.webp 100w, https:\/\/www.gaveanews.com\/wp-content\/uploads\/Guilherme-Arana-pelo-Atletico-MG-180x135.webp 180w, https:\/\/www.gaveanews.com\/wp-content\/uploads\/Guilherme-Arana-pelo-Atletico-MG-238x178.webp 238w, https:\/\/www.gaveanews.com\/wp-content\/uploads\/Guilherme-Arana-pelo-Atletico-MG-640x475.webp 640w, https:\/\/www.gaveanews.com\/wp-content\/uploads\/Guilherme-Arana-pelo-Atletico-MG-681x505.webp 681w\" sizes=\"auto, (max-width: 721px) 100vw, 721px\" \/><figcaption class=\"wp-element-caption\">Guilherme Arana pelo Atl\u00e9tico-MG (Foto: Pedro Souza\/Atl\u00e9tico-MG)<\/figcaption><\/figure>\n\n\n\n<p>Outros nomes importantes tamb\u00e9m aparecem na sele\u00e7\u00e3o, como Vanderson e Caio Henrique, ambos atuando no Monaco, al\u00e9m de Renan Lodi (Al-Hilal), Emerson Royal (Milan) e Guilherme Arana (Atl\u00e9tico-MG), que se destacam em diferentes mercados. Os valores dos jogadores variam entre 9 e 25 milh\u00f5es de euros, indicando um bom momento da lateral brasileira no cen\u00e1rio internacional, tanto em termos t\u00e9cnicos quanto financeiros.<\/p>\n\n\n\n<p>O levantamento demonstra a valoriza\u00e7\u00e3o constante dos atletas brasileiros, especialmente aqueles que desempenham fun\u00e7\u00f5es defensivas com caracter\u00edsticas ofensivas. O crescimento do mercado \u00e1rabe e o fortalecimento dos clubes europeus tamb\u00e9m influenciam nos n\u00fameros apresentados. A lista serve como term\u00f4metro do impacto global dos jogadores brasileiros e a sua import\u00e2ncia estrat\u00e9gica nos principais elencos do futebol mundial.<\/p>\n","protected":false},"excerpt":{"rendered":"<p>Nas \u00faltimas horas, o foco das not\u00edcias sobre o Atl\u00e9tico-MG se concentram nos bastidores do clube, com destaques do dia a dia do time. Por conta deste contexto, leia abaixo um resumo preparado pela equipe do portal G\u00e1vea News para lhe manter muito bem informado! Atitude importante na Europa O diretor do Atl\u00e9tico-MG, Paulo Bracks, [&hellip;]<\/p>\n","protected":false},"author":33,"featured_media":153999,"comment_status":"open","ping_status":"closed","sticky":false,"template":"","format":"standard","meta":{"footnotes":""},"categories":[136],"tags":[],"class_list":["post-245326","post","type-post","status-publish","format-standard","has-post-thumbnail","hentry","category-atletico-mg"],"yoast_head":"<!-- This site is optimized with the Yoast SEO Premium plugin v24.2 (Yoast SEO v26.9) - https:\/\/yoast.com\/product\/yoast-seo-premium-wordpress\/ -->\n<title>Arana ganha destaque mundial, recado de Cuello para Hulk e atitude importante na Europa: as \u00faltimas not\u00edcias do Atl\u00e9tico-MG<\/title>\n<meta name=\"robots\" content=\"index, follow, max-snippet:-1, max-image-preview:large, max-video-preview:-1\" \/>\n<link rel=\"canonical\" href=\"https:\/\/www.gaveanews.com\/index.php\/2025\/03\/27\/arana-ganha-destaque-mundial-recado-de-cuello-para-hulk-e-atitude-importante-na-europa-as-ultimas-noticias-do-atletico-mg\/\" \/>\n<meta property=\"og:locale\" content=\"pt_BR\" \/>\n<meta property=\"og:type\" content=\"article\" \/>\n<meta property=\"og:title\" content=\"Arana ganha destaque mundial, recado de Cuello para Hulk e atitude importante na Europa: as \u00faltimas not\u00edcias do Atl\u00e9tico-MG\" \/>\n<meta property=\"og:description\" content=\"Nas \u00faltimas horas, o foco das not\u00edcias sobre o Atl\u00e9tico-MG se concentram nos bastidores do clube, com destaques do dia a dia do time. Por conta deste contexto, leia abaixo um resumo preparado pela equipe do portal G\u00e1vea News para lhe manter muito bem informado! Atitude importante na Europa O diretor do Atl\u00e9tico-MG, Paulo Bracks, [&hellip;]\" \/>\n<meta property=\"og:url\" content=\"https:\/\/www.gaveanews.com\/index.php\/2025\/03\/27\/arana-ganha-destaque-mundial-recado-de-cuello-para-hulk-e-atitude-importante-na-europa-as-ultimas-noticias-do-atletico-mg\/\" \/>\n<meta property=\"og:site_name\" content=\"G\u00e1vea News\" \/>\n<meta property=\"article:publisher\" content=\"https:\/\/facebook.com\/gaveaNews\/\" \/>\n<meta property=\"article:published_time\" content=\"2025-03-27T12:05:00+00:00\" \/>\n<meta property=\"og:image\" content=\"https:\/\/www.gaveanews.com\/wp-content\/uploads\/Estadio-do-Atletico-MG.webp\" \/>\n\t<meta property=\"og:image:width\" content=\"900\" \/>\n\t<meta property=\"og:image:height\" content=\"600\" \/>\n\t<meta property=\"og:image:type\" content=\"image\/webp\" \/>\n<meta name=\"author\" content=\"Brenda Cezillo\" \/>\n<meta name=\"twitter:card\" content=\"summary_large_image\" \/>\n<meta name=\"twitter:label1\" content=\"Escrito por\" \/>\n\t<meta name=\"twitter:data1\" content=\"Brenda Cezillo\" \/>\n\t<meta name=\"twitter:label2\" content=\"Est. tempo de leitura\" \/>\n\t<meta name=\"twitter:data2\" content=\"5 minutos\" \/>\n<script type=\"application\/ld+json\" class=\"yoast-schema-graph\">{\"@context\":\"https:\/\/schema.org\",\"@graph\":[{\"@type\":\"NewsArticle\",\"@id\":\"https:\/\/www.gaveanews.com\/index.php\/2025\/03\/27\/arana-ganha-destaque-mundial-recado-de-cuello-para-hulk-e-atitude-importante-na-europa-as-ultimas-noticias-do-atletico-mg\/#article\",\"isPartOf\":{\"@id\":\"https:\/\/www.gaveanews.com\/index.php\/2025\/03\/27\/arana-ganha-destaque-mundial-recado-de-cuello-para-hulk-e-atitude-importante-na-europa-as-ultimas-noticias-do-atletico-mg\/\"},\"author\":{\"name\":\"Brenda Cezillo\",\"@id\":\"https:\/\/www.gaveanews.com\/#\/schema\/person\/c79759ca337c40791ae8d08e2923d403\"},\"headline\":\"Arana ganha destaque mundial, recado de Cuello para Hulk e atitude importante na Europa: as \u00faltimas not\u00edcias do Atl\u00e9tico-MG\",\"datePublished\":\"2025-03-27T12:05:00+00:00\",\"mainEntityOfPage\":{\"@id\":\"https:\/\/www.gaveanews.com\/index.php\/2025\/03\/27\/arana-ganha-destaque-mundial-recado-de-cuello-para-hulk-e-atitude-importante-na-europa-as-ultimas-noticias-do-atletico-mg\/\"},\"wordCount\":846,\"commentCount\":0,\"image\":{\"@id\":\"https:\/\/www.gaveanews.com\/index.php\/2025\/03\/27\/arana-ganha-destaque-mundial-recado-de-cuello-para-hulk-e-atitude-importante-na-europa-as-ultimas-noticias-do-atletico-mg\/#primaryimage\"},\"thumbnailUrl\":\"https:\/\/www.gaveanews.com\/wp-content\/uploads\/Estadio-do-Atletico-MG.webp\",\"articleSection\":[\"Atl\u00e9tico-MG\"],\"inLanguage\":\"pt-BR\",\"potentialAction\":[{\"@type\":\"CommentAction\",\"name\":\"Comment\",\"target\":[\"https:\/\/www.gaveanews.com\/index.php\/2025\/03\/27\/arana-ganha-destaque-mundial-recado-de-cuello-para-hulk-e-atitude-importante-na-europa-as-ultimas-noticias-do-atletico-mg\/#respond\"]}],\"copyrightYear\":\"2025\",\"copyrightHolder\":{\"@id\":\"https:\/\/www.gaveanews.com\/#organization\"}},{\"@type\":\"WebPage\",\"@id\":\"https:\/\/www.gaveanews.com\/index.php\/2025\/03\/27\/arana-ganha-destaque-mundial-recado-de-cuello-para-hulk-e-atitude-importante-na-europa-as-ultimas-noticias-do-atletico-mg\/\",\"url\":\"https:\/\/www.gaveanews.com\/index.php\/2025\/03\/27\/arana-ganha-destaque-mundial-recado-de-cuello-para-hulk-e-atitude-importante-na-europa-as-ultimas-noticias-do-atletico-mg\/\",\"name\":\"Arana ganha destaque mundial, recado de Cuello para Hulk e atitude importante na Europa: as \u00faltimas not\u00edcias do Atl\u00e9tico-MG\",\"isPartOf\":{\"@id\":\"https:\/\/www.gaveanews.com\/#website\"},\"primaryImageOfPage\":{\"@id\":\"https:\/\/www.gaveanews.com\/index.php\/2025\/03\/27\/arana-ganha-destaque-mundial-recado-de-cuello-para-hulk-e-atitude-importante-na-europa-as-ultimas-noticias-do-atletico-mg\/#primaryimage\"},\"image\":{\"@id\":\"https:\/\/www.gaveanews.com\/index.php\/2025\/03\/27\/arana-ganha-destaque-mundial-recado-de-cuello-para-hulk-e-atitude-importante-na-europa-as-ultimas-noticias-do-atletico-mg\/#primaryimage\"},\"thumbnailUrl\":\"https:\/\/www.gaveanews.com\/wp-content\/uploads\/Estadio-do-Atletico-MG.webp\",\"datePublished\":\"2025-03-27T12:05:00+00:00\",\"author\":{\"@id\":\"https:\/\/www.gaveanews.com\/#\/schema\/person\/c79759ca337c40791ae8d08e2923d403\"},\"breadcrumb\":{\"@id\":\"https:\/\/www.gaveanews.com\/index.php\/2025\/03\/27\/arana-ganha-destaque-mundial-recado-de-cuello-para-hulk-e-atitude-importante-na-europa-as-ultimas-noticias-do-atletico-mg\/#breadcrumb\"},\"inLanguage\":\"pt-BR\",\"potentialAction\":[{\"@type\":\"ReadAction\",\"target\":[\"https:\/\/www.gaveanews.com\/index.php\/2025\/03\/27\/arana-ganha-destaque-mundial-recado-de-cuello-para-hulk-e-atitude-importante-na-europa-as-ultimas-noticias-do-atletico-mg\/\"]}]},{\"@type\":\"ImageObject\",\"inLanguage\":\"pt-BR\",\"@id\":\"https:\/\/www.gaveanews.com\/index.php\/2025\/03\/27\/arana-ganha-destaque-mundial-recado-de-cuello-para-hulk-e-atitude-importante-na-europa-as-ultimas-noticias-do-atletico-mg\/#primaryimage\",\"url\":\"https:\/\/www.gaveanews.com\/wp-content\/uploads\/Estadio-do-Atletico-MG.webp\",\"contentUrl\":\"https:\/\/www.gaveanews.com\/wp-content\/uploads\/Estadio-do-Atletico-MG.webp\",\"width\":900,\"height\":600,\"caption\":\"Arena MRV, est\u00e1dio do Atl\u00e9tico-MG (Foto: Reprodu\u00e7\u00e3o\/Atl\u00e9tico)\"},{\"@type\":\"BreadcrumbList\",\"@id\":\"https:\/\/www.gaveanews.com\/index.php\/2025\/03\/27\/arana-ganha-destaque-mundial-recado-de-cuello-para-hulk-e-atitude-importante-na-europa-as-ultimas-noticias-do-atletico-mg\/#breadcrumb\",\"itemListElement\":[{\"@type\":\"ListItem\",\"position\":1,\"name\":\"Home\",\"item\":\"https:\/\/www.gaveanews.com\/\"},{\"@type\":\"ListItem\",\"position\":2,\"name\":\"Arana ganha destaque mundial, recado de Cuello para Hulk e atitude importante na Europa: as \u00faltimas not\u00edcias do Atl\u00e9tico-MG\"}]},{\"@type\":\"WebSite\",\"@id\":\"https:\/\/www.gaveanews.com\/#website\",\"url\":\"https:\/\/www.gaveanews.com\/\",\"name\":\"G\u00e1vea News\",\"description\":\"Veja todas as not\u00edcias sobre o Flamengo: Contrata\u00e7\u00f5es, categorias de base, resultados das partidas, tabela de classifica\u00e7\u00e3o, pr\u00f3ximos jogos!\",\"potentialAction\":[{\"@type\":\"SearchAction\",\"target\":{\"@type\":\"EntryPoint\",\"urlTemplate\":\"https:\/\/www.gaveanews.com\/?s={search_term_string}\"},\"query-input\":{\"@type\":\"PropertyValueSpecification\",\"valueRequired\":true,\"valueName\":\"search_term_string\"}}],\"inLanguage\":\"pt-BR\"},{\"@type\":\"Person\",\"@id\":\"https:\/\/www.gaveanews.com\/#\/schema\/person\/c79759ca337c40791ae8d08e2923d403\",\"name\":\"Brenda Cezillo\",\"image\":{\"@type\":\"ImageObject\",\"inLanguage\":\"pt-BR\",\"@id\":\"https:\/\/www.gaveanews.com\/#\/schema\/person\/image\/\",\"url\":\"https:\/\/secure.gravatar.com\/avatar\/1738d75cee7317f9c29ae61dd67620c5883d80a92e42a6fff88ae5d527af217a?s=96&d=mm&r=g\",\"contentUrl\":\"https:\/\/secure.gravatar.com\/avatar\/1738d75cee7317f9c29ae61dd67620c5883d80a92e42a6fff88ae5d527af217a?s=96&d=mm&r=g\",\"caption\":\"Brenda Cezillo\"}}]}<\/script>\n<!-- \/ Yoast SEO Premium plugin. -->","yoast_head_json":{"title":"Arana ganha destaque mundial, recado de Cuello para Hulk e atitude importante na Europa: as \u00faltimas not\u00edcias do Atl\u00e9tico-MG","robots":{"index":"index","follow":"follow","max-snippet":"max-snippet:-1","max-image-preview":"max-image-preview:large","max-video-preview":"max-video-preview:-1"},"canonical":"https:\/\/www.gaveanews.com\/index.php\/2025\/03\/27\/arana-ganha-destaque-mundial-recado-de-cuello-para-hulk-e-atitude-importante-na-europa-as-ultimas-noticias-do-atletico-mg\/","og_locale":"pt_BR","og_type":"article","og_title":"Arana ganha destaque mundial, recado de Cuello para Hulk e atitude importante na Europa: as \u00faltimas not\u00edcias do Atl\u00e9tico-MG","og_description":"Nas \u00faltimas horas, o foco das not\u00edcias sobre o Atl\u00e9tico-MG se concentram nos bastidores do clube, com destaques do dia a dia do time. Por conta deste contexto, leia abaixo um resumo preparado pela equipe do portal G\u00e1vea News para lhe manter muito bem informado! Atitude importante na Europa O diretor do Atl\u00e9tico-MG, Paulo Bracks, [&hellip;]","og_url":"https:\/\/www.gaveanews.com\/index.php\/2025\/03\/27\/arana-ganha-destaque-mundial-recado-de-cuello-para-hulk-e-atitude-importante-na-europa-as-ultimas-noticias-do-atletico-mg\/","og_site_name":"G\u00e1vea News","article_publisher":"https:\/\/facebook.com\/gaveaNews\/","article_published_time":"2025-03-27T12:05:00+00:00","og_image":[{"width":900,"height":600,"url":"https:\/\/www.gaveanews.com\/wp-content\/uploads\/Estadio-do-Atletico-MG.webp","type":"image\/webp"}],"author":"Brenda Cezillo","twitter_card":"summary_large_image","twitter_misc":{"Escrito por":"Brenda Cezillo","Est. tempo de leitura":"5 minutos"},"schema":{"@context":"https:\/\/schema.org","@graph":[{"@type":"NewsArticle","@id":"https:\/\/www.gaveanews.com\/index.php\/2025\/03\/27\/arana-ganha-destaque-mundial-recado-de-cuello-para-hulk-e-atitude-importante-na-europa-as-ultimas-noticias-do-atletico-mg\/#article","isPartOf":{"@id":"https:\/\/www.gaveanews.com\/index.php\/2025\/03\/27\/arana-ganha-destaque-mundial-recado-de-cuello-para-hulk-e-atitude-importante-na-europa-as-ultimas-noticias-do-atletico-mg\/"},"author":{"name":"Brenda Cezillo","@id":"https:\/\/www.gaveanews.com\/#\/schema\/person\/c79759ca337c40791ae8d08e2923d403"},"headline":"Arana ganha destaque mundial, recado de Cuello para Hulk e atitude importante na Europa: as \u00faltimas not\u00edcias do Atl\u00e9tico-MG","datePublished":"2025-03-27T12:05:00+00:00","mainEntityOfPage":{"@id":"https:\/\/www.gaveanews.com\/index.php\/2025\/03\/27\/arana-ganha-destaque-mundial-recado-de-cuello-para-hulk-e-atitude-importante-na-europa-as-ultimas-noticias-do-atletico-mg\/"},"wordCount":846,"commentCount":0,"image":{"@id":"https:\/\/www.gaveanews.com\/index.php\/2025\/03\/27\/arana-ganha-destaque-mundial-recado-de-cuello-para-hulk-e-atitude-importante-na-europa-as-ultimas-noticias-do-atletico-mg\/#primaryimage"},"thumbnailUrl":"https:\/\/www.gaveanews.com\/wp-content\/uploads\/Estadio-do-Atletico-MG.webp","articleSection":["Atl\u00e9tico-MG"],"inLanguage":"pt-BR","potentialAction":[{"@type":"CommentAction","name":"Comment","target":["https:\/\/www.gaveanews.com\/index.php\/2025\/03\/27\/arana-ganha-destaque-mundial-recado-de-cuello-para-hulk-e-atitude-importante-na-europa-as-ultimas-noticias-do-atletico-mg\/#respond"]}],"copyrightYear":"2025","copyrightHolder":{"@id":"https:\/\/www.gaveanews.com\/#organization"}},{"@type":"WebPage","@id":"https:\/\/www.gaveanews.com\/index.php\/2025\/03\/27\/arana-ganha-destaque-mundial-recado-de-cuello-para-hulk-e-atitude-importante-na-europa-as-ultimas-noticias-do-atletico-mg\/","url":"https:\/\/www.gaveanews.com\/index.php\/2025\/03\/27\/arana-ganha-destaque-mundial-recado-de-cuello-para-hulk-e-atitude-importante-na-europa-as-ultimas-noticias-do-atletico-mg\/","name":"Arana ganha destaque mundial, recado de Cuello para Hulk e atitude importante na Europa: as \u00faltimas not\u00edcias do Atl\u00e9tico-MG","isPartOf":{"@id":"https:\/\/www.gaveanews.com\/#website"},"primaryImageOfPage":{"@id":"https:\/\/www.gaveanews.com\/index.php\/2025\/03\/27\/arana-ganha-destaque-mundial-recado-de-cuello-para-hulk-e-atitude-importante-na-europa-as-ultimas-noticias-do-atletico-mg\/#primaryimage"},"image":{"@id":"https:\/\/www.gaveanews.com\/index.php\/2025\/03\/27\/arana-ganha-destaque-mundial-recado-de-cuello-para-hulk-e-atitude-importante-na-europa-as-ultimas-noticias-do-atletico-mg\/#primaryimage"},"thumbnailUrl":"https:\/\/www.gaveanews.com\/wp-content\/uploads\/Estadio-do-Atletico-MG.webp","datePublished":"2025-03-27T12:05:00+00:00","author":{"@id":"https:\/\/www.gaveanews.com\/#\/schema\/person\/c79759ca337c40791ae8d08e2923d403"},"breadcrumb":{"@id":"https:\/\/www.gaveanews.com\/index.php\/2025\/03\/27\/arana-ganha-destaque-mundial-recado-de-cuello-para-hulk-e-atitude-importante-na-europa-as-ultimas-noticias-do-atletico-mg\/#breadcrumb"},"inLanguage":"pt-BR","potentialAction":[{"@type":"ReadAction","target":["https:\/\/www.gaveanews.com\/index.php\/2025\/03\/27\/arana-ganha-destaque-mundial-recado-de-cuello-para-hulk-e-atitude-importante-na-europa-as-ultimas-noticias-do-atletico-mg\/"]}]},{"@type":"ImageObject","inLanguage":"pt-BR","@id":"https:\/\/www.gaveanews.com\/index.php\/2025\/03\/27\/arana-ganha-destaque-mundial-recado-de-cuello-para-hulk-e-atitude-importante-na-europa-as-ultimas-noticias-do-atletico-mg\/#primaryimage","url":"https:\/\/www.gaveanews.com\/wp-content\/uploads\/Estadio-do-Atletico-MG.webp","contentUrl":"https:\/\/www.gaveanews.com\/wp-content\/uploads\/Estadio-do-Atletico-MG.webp","width":900,"height":600,"caption":"Arena MRV, est\u00e1dio do Atl\u00e9tico-MG (Foto: Reprodu\u00e7\u00e3o\/Atl\u00e9tico)"},{"@type":"BreadcrumbList","@id":"https:\/\/www.gaveanews.com\/index.php\/2025\/03\/27\/arana-ganha-destaque-mundial-recado-de-cuello-para-hulk-e-atitude-importante-na-europa-as-ultimas-noticias-do-atletico-mg\/#breadcrumb","itemListElement":[{"@type":"ListItem","position":1,"name":"Home","item":"https:\/\/www.gaveanews.com\/"},{"@type":"ListItem","position":2,"name":"Arana ganha destaque mundial, recado de Cuello para Hulk e atitude importante na Europa: as \u00faltimas not\u00edcias do Atl\u00e9tico-MG"}]},{"@type":"WebSite","@id":"https:\/\/www.gaveanews.com\/#website","url":"https:\/\/www.gaveanews.com\/","name":"G\u00e1vea News","description":"Veja todas as not\u00edcias sobre o Flamengo: Contrata\u00e7\u00f5es, categorias de base, resultados das partidas, tabela de classifica\u00e7\u00e3o, pr\u00f3ximos jogos!","potentialAction":[{"@type":"SearchAction","target":{"@type":"EntryPoint","urlTemplate":"https:\/\/www.gaveanews.com\/?s={search_term_string}"},"query-input":{"@type":"PropertyValueSpecification","valueRequired":true,"valueName":"search_term_string"}}],"inLanguage":"pt-BR"},{"@type":"Person","@id":"https:\/\/www.gaveanews.com\/#\/schema\/person\/c79759ca337c40791ae8d08e2923d403","name":"Brenda Cezillo","image":{"@type":"ImageObject","inLanguage":"pt-BR","@id":"https:\/\/www.gaveanews.com\/#\/schema\/person\/image\/","url":"https:\/\/secure.gravatar.com\/avatar\/1738d75cee7317f9c29ae61dd67620c5883d80a92e42a6fff88ae5d527af217a?s=96&d=mm&r=g","contentUrl":"https:\/\/secure.gravatar.com\/avatar\/1738d75cee7317f9c29ae61dd67620c5883d80a92e42a6fff88ae5d527af217a?s=96&d=mm&r=g","caption":"Brenda Cezillo"}}]}},"_links":{"self":[{"href":"https:\/\/www.gaveanews.com\/index.php\/wp-json\/wp\/v2\/posts\/245326","targetHints":{"allow":["GET"]}}],"collection":[{"href":"https:\/\/www.gaveanews.com\/index.php\/wp-json\/wp\/v2\/posts"}],"about":[{"href":"https:\/\/www.gaveanews.com\/index.php\/wp-json\/wp\/v2\/types\/post"}],"author":[{"embeddable":true,"href":"https:\/\/www.gaveanews.com\/index.php\/wp-json\/wp\/v2\/users\/33"}],"replies":[{"embeddable":true,"href":"https:\/\/www.gaveanews.com\/index.php\/wp-json\/wp\/v2\/comments?post=245326"}],"version-history":[{"count":1,"href":"https:\/\/www.gaveanews.com\/index.php\/wp-json\/wp\/v2\/posts\/245326\/revisions"}],"predecessor-version":[{"id":245328,"href":"https:\/\/www.gaveanews.com\/index.php\/wp-json\/wp\/v2\/posts\/245326\/revisions\/245328"}],"wp:featuredmedia":[{"embeddable":true,"href":"https:\/\/www.gaveanews.com\/index.php\/wp-json\/wp\/v2\/media\/153999"}],"wp:attachment":[{"href":"https:\/\/www.gaveanews.com\/index.php\/wp-json\/wp\/v2\/media?parent=245326"}],"wp:term":[{"taxonomy":"category","embeddable":true,"href":"https:\/\/www.gaveanews.com\/index.php\/wp-json\/wp\/v2\/categories?post=245326"},{"taxonomy":"post_tag","embeddable":true,"href":"https:\/\/www.gaveanews.com\/index.php\/wp-json\/wp\/v2\/tags?post=245326"}],"curies":[{"name":"wp","href":"https:\/\/api.w.org\/{rel}","templated":true}]}}