{"id":245426,"date":"2025-03-27T15:50:00","date_gmt":"2025-03-27T18:50:00","guid":{"rendered":"https:\/\/www.gaveanews.com\/?p=245426"},"modified":"2025-03-27T12:40:37","modified_gmt":"2025-03-27T15:40:37","slug":"recado-de-gregore-para-a-torcida-situacao-de-bastos-nos-bastidores-e-torcida-ganha-destaque-internacional-as-ultimas-noticias-do-botafogo","status":"publish","type":"post","link":"https:\/\/www.gaveanews.com\/index.php\/2025\/03\/27\/recado-de-gregore-para-a-torcida-situacao-de-bastos-nos-bastidores-e-torcida-ganha-destaque-internacional-as-ultimas-noticias-do-botafogo\/","title":{"rendered":"Recado de Gregore para a torcida, situa\u00e7\u00e3o de Bastos nos bastidores e torcida ganha destaque internacional: as \u00faltimas not\u00edcias do Botafogo"},"content":{"rendered":"\n<p>Nas \u00faltimas horas, o foco das not\u00edcias sobre o Botafogo se concentram nos bastidores do clube, com destaques do dia a dia do time.<\/p>\n\n\n\n<p>Por conta deste contexto, leia abaixo um resumo preparado pela equipe do portal G\u00e1vea News para lhe manter muito bem informado!<\/p>\n\n\n\n<h2 class=\"wp-block-heading\" id=\"h-torcida-ganha-destaque-internacional\">Torcida ganha destaque internacional<\/h2>\n\n\n\n<p>Uma an\u00e1lise conduzida por intelig\u00eancia artificial e divulgada recentemente listou as 30 torcidas mais relevantes da Am\u00e9rica Latina, destacando a paix\u00e3o, engajamento digital e presen\u00e7a nos est\u00e1dios como crit\u00e9rios centrais. No topo do ranking est\u00e1 a torcida do Flamengo, reconhecida por sua enorme base de f\u00e3s, apoio massivo em jogos e alto n\u00edvel de intera\u00e7\u00e3o nas redes sociais. Boca Juniors, com o ambiente fervoroso da Bombonera, ficou em segundo lugar, seguido pelo Corinthians, cuja Fiel \u00e9 amplamente conhecida por sua intensidade nos est\u00e1dios e no ambiente digital <strong><a href=\"https:\/\/www.gaveanews.com\/index.php\/2025\/03\/24\/essas-sao-as-melhores-torcidas-da-america-latina-segundo-a-ia\/\">(leia a mat\u00e9ria completa).<\/a><\/strong><\/p>\n\n\n\n<figure class=\"wp-block-image size-large\"><img loading=\"lazy\" decoding=\"async\" width=\"1024\" height=\"566\" src=\"http:\/\/www.gaveanews.com\/wp-content\/uploads\/53924402764_6b4493792f_o-e1723743312178-1024x566.webp\" alt=\"\" class=\"wp-image-158965\" srcset=\"https:\/\/www.gaveanews.com\/wp-content\/uploads\/53924402764_6b4493792f_o-e1723743312178-1024x566.webp 1024w, https:\/\/www.gaveanews.com\/wp-content\/uploads\/53924402764_6b4493792f_o-e1723743312178-300x166.webp 300w, https:\/\/www.gaveanews.com\/wp-content\/uploads\/53924402764_6b4493792f_o-e1723743312178-768x424.webp 768w, https:\/\/www.gaveanews.com\/wp-content\/uploads\/53924402764_6b4493792f_o-e1723743312178-760x420.webp 760w, https:\/\/www.gaveanews.com\/wp-content\/uploads\/53924402764_6b4493792f_o-e1723743312178-640x354.webp 640w, https:\/\/www.gaveanews.com\/wp-content\/uploads\/53924402764_6b4493792f_o-e1723743312178-681x376.webp 681w, https:\/\/www.gaveanews.com\/wp-content\/uploads\/53924402764_6b4493792f_o-e1723743312178-100x55.webp 100w, https:\/\/www.gaveanews.com\/wp-content\/uploads\/53924402764_6b4493792f_o-e1723743312178.webp 1220w\" sizes=\"auto, (max-width: 1024px) 100vw, 1024px\" \/><figcaption class=\"wp-element-caption\">Torcida do Botafogo no jogo contra o Palmeiras pela Libertadores\nBotafogo\/Flickr<\/figcaption><\/figure>\n\n\n\n<p>Outros clubes brasileiros que figuram na lista incluem Palmeiras, S\u00e3o Paulo, Atl\u00e9tico-MG, Gr\u00eamio, Internacional, Vasco, Cruzeiro, Fortaleza, Bahia, Botafogo, Santos e Cear\u00e1. <\/p>\n\n\n\n<p>Essa diversidade comprova a for\u00e7a do futebol nacional e a influ\u00eancia de suas torcidas dentro e fora do campo. Tamb\u00e9m se destacam torcidas argentinas como a do River Plate, Independiente e Racing, todas reconhecidas pela fidelidade e atmosfera vibrante que proporcionam em seus est\u00e1dios.<\/p>\n\n\n\n<p>Al\u00e9m do eixo Brasil-Argentina, o levantamento valorizou torcidas de outros pa\u00edses sul-americanos. Colo-Colo e Universidad de Chile (Chile), Atl\u00e9tico Nacional e Am\u00e9rica de Cali (Col\u00f4mbia), al\u00e9m de LDU e Emelec (Equador), demonstraram forte representatividade. A pesquisa refor\u00e7a o papel central das arquibancadas na identidade dos clubes e na experi\u00eancia do futebol, onde o amor do torcedor segue como elemento essencial para manter a chama do esporte mais popular do continente acesa.<\/p>\n\n\n\n<h2 class=\"wp-block-heading\" id=\"h-situacao-de-bastos-nos-bastidores\">Situa\u00e7\u00e3o de Bastos nos bastidores<\/h2>\n\n\n\n<p>A escala\u00e7\u00e3o do zagueiro Bastos em um amistoso do Botafogo contra o Novorizontino gerou uma pol\u00eamica com a sele\u00e7\u00e3o angolana. O defensor havia sido cortado da convoca\u00e7\u00e3o para a Data FIFA a pedido do clube, que alegou foco total na sua recupera\u00e7\u00e3o f\u00edsica ap\u00f3s les\u00e3o no joelho. Mesmo com libera\u00e7\u00e3o oficial da Federa\u00e7\u00e3o Angolana, a participa\u00e7\u00e3o do jogador por 45 minutos no jogo causou desconforto ao t\u00e9cnico Pedro Gon\u00e7alves, que criticou publicamente a falta de comunica\u00e7\u00e3o atualizada por parte do Botafogo<strong><a href=\"https:\/\/www.gaveanews.com\/index.php\/2025\/03\/25\/o-pensamento-da-diretoria-do-botafogo-relacionado-ao-zagueiro-bastos\/\"> (leia a mat\u00e9ria completa).<\/a><\/strong><\/p>\n\n\n\n<figure class=\"wp-block-image size-full\"><img loading=\"lazy\" decoding=\"async\" width=\"667\" height=\"592\" src=\"http:\/\/www.gaveanews.com\/wp-content\/uploads\/Bastos-em-acao-pelo-Botafogo.webp\" alt=\"\" class=\"wp-image-170336\" srcset=\"https:\/\/www.gaveanews.com\/wp-content\/uploads\/Bastos-em-acao-pelo-Botafogo.webp 667w, https:\/\/www.gaveanews.com\/wp-content\/uploads\/Bastos-em-acao-pelo-Botafogo-300x266.webp 300w, https:\/\/www.gaveanews.com\/wp-content\/uploads\/Bastos-em-acao-pelo-Botafogo-473x420.webp 473w, https:\/\/www.gaveanews.com\/wp-content\/uploads\/Bastos-em-acao-pelo-Botafogo-640x568.webp 640w, https:\/\/www.gaveanews.com\/wp-content\/uploads\/Bastos-em-acao-pelo-Botafogo-100x89.webp 100w\" sizes=\"auto, (max-width: 667px) 100vw, 667px\" \/><figcaption class=\"wp-element-caption\">Bastos em a\u00e7\u00e3o pelo Botafogo (Foto: Vitor Silva\/Botafogo)<\/figcaption><\/figure>\n\n\n\n<p>Segundo informa\u00e7\u00f5es do jornal <em>O Globo<\/em>, o clube carioca tratou a situa\u00e7\u00e3o com naturalidade, afirmando que o tempo em campo foi controlado e previamente acordado internamente, sem desrespeitar o processo de recupera\u00e7\u00e3o do atleta. A ideia foi oferecer ritmo de jogo de forma gradual e segura, algo que n\u00e3o seria poss\u00edvel com a carga de minutos que a sele\u00e7\u00e3o pretendia utilizar. Para o Botafogo, a decis\u00e3o priorizou o bem-estar f\u00edsico do jogador e foi fundamentada em avalia\u00e7\u00e3o m\u00e9dica.<\/p>\n\n\n\n<p>A diretoria do clube tamb\u00e9m agiu com cautela ao solicitar formalmente \u00e0 Federa\u00e7\u00e3o Angolana a desconvoca\u00e7\u00e3o de Bastos, explicando os motivos e o est\u00e1gio da recupera\u00e7\u00e3o. Ainda que n\u00e3o tenha autoridade para impedir a convoca\u00e7\u00e3o, o Botafogo conseguiu o respaldo necess\u00e1rio para preservar seu atleta. A expectativa agora \u00e9 que o defensor esteja totalmente apto para a estreia do time no Campeonato Brasileiro, diante do Palmeiras, mantendo o foco na temporada e longe de novas controv\u00e9rsias.<\/p>\n\n\n\n<h2 class=\"wp-block-heading\" id=\"h-recado-de-gregore-para-a-torcida\">Recado de Gregore para a torcida<\/h2>\n\n\n\n<p>\u00c0s v\u00e9speras da estreia do Botafogo no Campeonato Brasileiro de 2025, o volante Gregore concedeu entrevista destacando a expectativa para o confronto contra o Palmeiras, no Allianz Parque. O jogador classificou o duelo como um \u201cbom teste\u201d para medir a for\u00e7a da equipe alvinegra e valorizou a evolu\u00e7\u00e3o do clube nos \u00faltimos anos. Segundo ele, o aumento da cobran\u00e7a da torcida \u00e9 reflexo do sucesso recente e da consci\u00eancia coletiva de que o time pode ir ainda mais longe <strong><a href=\"https:\/\/www.gaveanews.com\/index.php\/2025\/03\/25\/a-declaracao-de-gregore-sobre-a-torcida-do-botafogo\/\">(leia a mat\u00e9ria completa).<\/a><\/strong><\/p>\n\n\n\n<figure class=\"wp-block-image size-full\"><img loading=\"lazy\" decoding=\"async\" width=\"825\" height=\"667\" src=\"http:\/\/www.gaveanews.com\/wp-content\/uploads\/Gregore-pelo-Botafogo.webp\" alt=\"\" class=\"wp-image-172443\" srcset=\"https:\/\/www.gaveanews.com\/wp-content\/uploads\/Gregore-pelo-Botafogo.webp 825w, https:\/\/www.gaveanews.com\/wp-content\/uploads\/Gregore-pelo-Botafogo-300x243.webp 300w, https:\/\/www.gaveanews.com\/wp-content\/uploads\/Gregore-pelo-Botafogo-768x621.webp 768w, https:\/\/www.gaveanews.com\/wp-content\/uploads\/Gregore-pelo-Botafogo-519x420.webp 519w, https:\/\/www.gaveanews.com\/wp-content\/uploads\/Gregore-pelo-Botafogo-640x517.webp 640w, https:\/\/www.gaveanews.com\/wp-content\/uploads\/Gregore-pelo-Botafogo-681x551.webp 681w, https:\/\/www.gaveanews.com\/wp-content\/uploads\/Gregore-pelo-Botafogo-100x81.webp 100w\" sizes=\"auto, (max-width: 825px) 100vw, 825px\" \/><figcaption class=\"wp-element-caption\">Gregore pelo Botafogo (Foto: Vitor Silva\/Botafogo)<\/figcaption><\/figure>\n\n\n\n<p>Gregore tamb\u00e9m comentou sobre o per\u00edodo de prepara\u00e7\u00e3o ap\u00f3s a elimina\u00e7\u00e3o precoce no Campeonato Carioca, que, para ele, serviu como uma esp\u00e9cie de pr\u00e9-temporada. Ele acredita que o elenco soube aproveitar os 31 dias sem jogos oficiais para assimilar a filosofia do t\u00e9cnico Renato Paiva, que chegou ao clube com novas ideias. O meio-campista refor\u00e7ou o desejo de come\u00e7ar a temporada com o p\u00e9 direito, enfatizando a import\u00e2ncia de entender o estilo de jogo do advers\u00e1rio e se preparar f\u00edsica e mentalmente.<\/p>\n\n\n\n<p>Durante a entrevista, o camisa 26 ainda relembrou sua expuls\u00e3o na final da Libertadores de 2024, epis\u00f3dio que acabou se tornando simb\u00f3lico e at\u00e9 c\u00f4mico ap\u00f3s a conquista do t\u00edtulo. Al\u00e9m disso, revelou que vive o melhor momento da carreira e n\u00e3o escondeu o sonho de ser convocado para a Sele\u00e7\u00e3o Brasileira. Gregore encerrou suas declara\u00e7\u00f5es com confian\u00e7a, destacando a prepara\u00e7\u00e3o intensa do grupo e a ambi\u00e7\u00e3o de alcan\u00e7ar novos objetivos nesta temporada.<\/p>\n","protected":false},"excerpt":{"rendered":"<p>Nas \u00faltimas horas, o foco das not\u00edcias sobre o Botafogo se concentram nos bastidores do clube, com destaques do dia a dia do time. Por conta deste contexto, leia abaixo um resumo preparado pela equipe do portal G\u00e1vea News para lhe manter muito bem informado! Torcida ganha destaque internacional Uma an\u00e1lise conduzida por intelig\u00eancia artificial [&hellip;]<\/p>\n","protected":false},"author":33,"featured_media":182060,"comment_status":"open","ping_status":"closed","sticky":false,"template":"","format":"standard","meta":{"footnotes":""},"categories":[138],"tags":[],"class_list":["post-245426","post","type-post","status-publish","format-standard","has-post-thumbnail","hentry","category-botafogo"],"yoast_head":"<!-- This site is optimized with the Yoast SEO Premium plugin v24.2 (Yoast SEO v26.9) - https:\/\/yoast.com\/product\/yoast-seo-premium-wordpress\/ -->\n<title>Recado de Gregore para a torcida, situa\u00e7\u00e3o de Bastos nos bastidores e torcida ganha destaque internacional: as \u00faltimas not\u00edcias do Botafogo<\/title>\n<meta name=\"robots\" content=\"index, follow, max-snippet:-1, max-image-preview:large, max-video-preview:-1\" \/>\n<link rel=\"canonical\" href=\"https:\/\/www.gaveanews.com\/index.php\/2025\/03\/27\/recado-de-gregore-para-a-torcida-situacao-de-bastos-nos-bastidores-e-torcida-ganha-destaque-internacional-as-ultimas-noticias-do-botafogo\/\" \/>\n<meta property=\"og:locale\" content=\"pt_BR\" \/>\n<meta property=\"og:type\" content=\"article\" \/>\n<meta property=\"og:title\" content=\"Recado de Gregore para a torcida, situa\u00e7\u00e3o de Bastos nos bastidores e torcida ganha destaque internacional: as \u00faltimas not\u00edcias do Botafogo\" \/>\n<meta property=\"og:description\" content=\"Nas \u00faltimas horas, o foco das not\u00edcias sobre o Botafogo se concentram nos bastidores do clube, com destaques do dia a dia do time. Por conta deste contexto, leia abaixo um resumo preparado pela equipe do portal G\u00e1vea News para lhe manter muito bem informado! Torcida ganha destaque internacional Uma an\u00e1lise conduzida por intelig\u00eancia artificial [&hellip;]\" \/>\n<meta property=\"og:url\" content=\"https:\/\/www.gaveanews.com\/index.php\/2025\/03\/27\/recado-de-gregore-para-a-torcida-situacao-de-bastos-nos-bastidores-e-torcida-ganha-destaque-internacional-as-ultimas-noticias-do-botafogo\/\" \/>\n<meta property=\"og:site_name\" content=\"G\u00e1vea News\" \/>\n<meta property=\"article:publisher\" content=\"https:\/\/facebook.com\/gaveaNews\/\" \/>\n<meta property=\"article:published_time\" content=\"2025-03-27T18:50:00+00:00\" \/>\n<meta property=\"og:image\" content=\"https:\/\/www.gaveanews.com\/wp-content\/uploads\/Escudo-do-Botafogo-1.webp\" \/>\n\t<meta property=\"og:image:width\" content=\"787\" \/>\n\t<meta property=\"og:image:height\" content=\"525\" \/>\n\t<meta property=\"og:image:type\" content=\"image\/webp\" \/>\n<meta name=\"author\" content=\"Brenda Cezillo\" \/>\n<meta name=\"twitter:card\" content=\"summary_large_image\" \/>\n<meta name=\"twitter:label1\" content=\"Escrito por\" \/>\n\t<meta name=\"twitter:data1\" content=\"Brenda Cezillo\" \/>\n\t<meta name=\"twitter:label2\" content=\"Est. tempo de leitura\" \/>\n\t<meta name=\"twitter:data2\" content=\"6 minutos\" \/>\n<script type=\"application\/ld+json\" class=\"yoast-schema-graph\">{\"@context\":\"https:\/\/schema.org\",\"@graph\":[{\"@type\":\"NewsArticle\",\"@id\":\"https:\/\/www.gaveanews.com\/index.php\/2025\/03\/27\/recado-de-gregore-para-a-torcida-situacao-de-bastos-nos-bastidores-e-torcida-ganha-destaque-internacional-as-ultimas-noticias-do-botafogo\/#article\",\"isPartOf\":{\"@id\":\"https:\/\/www.gaveanews.com\/index.php\/2025\/03\/27\/recado-de-gregore-para-a-torcida-situacao-de-bastos-nos-bastidores-e-torcida-ganha-destaque-internacional-as-ultimas-noticias-do-botafogo\/\"},\"author\":{\"name\":\"Brenda Cezillo\",\"@id\":\"https:\/\/www.gaveanews.com\/#\/schema\/person\/c79759ca337c40791ae8d08e2923d403\"},\"headline\":\"Recado de Gregore para a torcida, situa\u00e7\u00e3o de Bastos nos bastidores e torcida ganha destaque internacional: as \u00faltimas not\u00edcias do Botafogo\",\"datePublished\":\"2025-03-27T18:50:00+00:00\",\"mainEntityOfPage\":{\"@id\":\"https:\/\/www.gaveanews.com\/index.php\/2025\/03\/27\/recado-de-gregore-para-a-torcida-situacao-de-bastos-nos-bastidores-e-torcida-ganha-destaque-internacional-as-ultimas-noticias-do-botafogo\/\"},\"wordCount\":904,\"commentCount\":0,\"image\":{\"@id\":\"https:\/\/www.gaveanews.com\/index.php\/2025\/03\/27\/recado-de-gregore-para-a-torcida-situacao-de-bastos-nos-bastidores-e-torcida-ganha-destaque-internacional-as-ultimas-noticias-do-botafogo\/#primaryimage\"},\"thumbnailUrl\":\"https:\/\/www.gaveanews.com\/wp-content\/uploads\/Escudo-do-Botafogo-1.webp\",\"articleSection\":[\"Botafogo\"],\"inLanguage\":\"pt-BR\",\"potentialAction\":[{\"@type\":\"CommentAction\",\"name\":\"Comment\",\"target\":[\"https:\/\/www.gaveanews.com\/index.php\/2025\/03\/27\/recado-de-gregore-para-a-torcida-situacao-de-bastos-nos-bastidores-e-torcida-ganha-destaque-internacional-as-ultimas-noticias-do-botafogo\/#respond\"]}],\"copyrightYear\":\"2025\",\"copyrightHolder\":{\"@id\":\"https:\/\/www.gaveanews.com\/#organization\"}},{\"@type\":\"WebPage\",\"@id\":\"https:\/\/www.gaveanews.com\/index.php\/2025\/03\/27\/recado-de-gregore-para-a-torcida-situacao-de-bastos-nos-bastidores-e-torcida-ganha-destaque-internacional-as-ultimas-noticias-do-botafogo\/\",\"url\":\"https:\/\/www.gaveanews.com\/index.php\/2025\/03\/27\/recado-de-gregore-para-a-torcida-situacao-de-bastos-nos-bastidores-e-torcida-ganha-destaque-internacional-as-ultimas-noticias-do-botafogo\/\",\"name\":\"Recado de Gregore para a torcida, situa\u00e7\u00e3o de Bastos nos bastidores e torcida ganha destaque internacional: as \u00faltimas not\u00edcias do Botafogo\",\"isPartOf\":{\"@id\":\"https:\/\/www.gaveanews.com\/#website\"},\"primaryImageOfPage\":{\"@id\":\"https:\/\/www.gaveanews.com\/index.php\/2025\/03\/27\/recado-de-gregore-para-a-torcida-situacao-de-bastos-nos-bastidores-e-torcida-ganha-destaque-internacional-as-ultimas-noticias-do-botafogo\/#primaryimage\"},\"image\":{\"@id\":\"https:\/\/www.gaveanews.com\/index.php\/2025\/03\/27\/recado-de-gregore-para-a-torcida-situacao-de-bastos-nos-bastidores-e-torcida-ganha-destaque-internacional-as-ultimas-noticias-do-botafogo\/#primaryimage\"},\"thumbnailUrl\":\"https:\/\/www.gaveanews.com\/wp-content\/uploads\/Escudo-do-Botafogo-1.webp\",\"datePublished\":\"2025-03-27T18:50:00+00:00\",\"author\":{\"@id\":\"https:\/\/www.gaveanews.com\/#\/schema\/person\/c79759ca337c40791ae8d08e2923d403\"},\"breadcrumb\":{\"@id\":\"https:\/\/www.gaveanews.com\/index.php\/2025\/03\/27\/recado-de-gregore-para-a-torcida-situacao-de-bastos-nos-bastidores-e-torcida-ganha-destaque-internacional-as-ultimas-noticias-do-botafogo\/#breadcrumb\"},\"inLanguage\":\"pt-BR\",\"potentialAction\":[{\"@type\":\"ReadAction\",\"target\":[\"https:\/\/www.gaveanews.com\/index.php\/2025\/03\/27\/recado-de-gregore-para-a-torcida-situacao-de-bastos-nos-bastidores-e-torcida-ganha-destaque-internacional-as-ultimas-noticias-do-botafogo\/\"]}]},{\"@type\":\"ImageObject\",\"inLanguage\":\"pt-BR\",\"@id\":\"https:\/\/www.gaveanews.com\/index.php\/2025\/03\/27\/recado-de-gregore-para-a-torcida-situacao-de-bastos-nos-bastidores-e-torcida-ganha-destaque-internacional-as-ultimas-noticias-do-botafogo\/#primaryimage\",\"url\":\"https:\/\/www.gaveanews.com\/wp-content\/uploads\/Escudo-do-Botafogo-1.webp\",\"contentUrl\":\"https:\/\/www.gaveanews.com\/wp-content\/uploads\/Escudo-do-Botafogo-1.webp\",\"width\":787,\"height\":525,\"caption\":\"Escudo do Botafogo (Foto: Reprodu\u00e7\u00e3o\/Botafogo)\"},{\"@type\":\"BreadcrumbList\",\"@id\":\"https:\/\/www.gaveanews.com\/index.php\/2025\/03\/27\/recado-de-gregore-para-a-torcida-situacao-de-bastos-nos-bastidores-e-torcida-ganha-destaque-internacional-as-ultimas-noticias-do-botafogo\/#breadcrumb\",\"itemListElement\":[{\"@type\":\"ListItem\",\"position\":1,\"name\":\"Home\",\"item\":\"https:\/\/www.gaveanews.com\/\"},{\"@type\":\"ListItem\",\"position\":2,\"name\":\"Recado de Gregore para a torcida, situa\u00e7\u00e3o de Bastos nos bastidores e torcida ganha destaque internacional: as \u00faltimas not\u00edcias do Botafogo\"}]},{\"@type\":\"WebSite\",\"@id\":\"https:\/\/www.gaveanews.com\/#website\",\"url\":\"https:\/\/www.gaveanews.com\/\",\"name\":\"G\u00e1vea News\",\"description\":\"Veja todas as not\u00edcias sobre o Flamengo: Contrata\u00e7\u00f5es, categorias de base, resultados das partidas, tabela de classifica\u00e7\u00e3o, pr\u00f3ximos jogos!\",\"potentialAction\":[{\"@type\":\"SearchAction\",\"target\":{\"@type\":\"EntryPoint\",\"urlTemplate\":\"https:\/\/www.gaveanews.com\/?s={search_term_string}\"},\"query-input\":{\"@type\":\"PropertyValueSpecification\",\"valueRequired\":true,\"valueName\":\"search_term_string\"}}],\"inLanguage\":\"pt-BR\"},{\"@type\":\"Person\",\"@id\":\"https:\/\/www.gaveanews.com\/#\/schema\/person\/c79759ca337c40791ae8d08e2923d403\",\"name\":\"Brenda Cezillo\",\"image\":{\"@type\":\"ImageObject\",\"inLanguage\":\"pt-BR\",\"@id\":\"https:\/\/www.gaveanews.com\/#\/schema\/person\/image\/\",\"url\":\"https:\/\/secure.gravatar.com\/avatar\/1738d75cee7317f9c29ae61dd67620c5883d80a92e42a6fff88ae5d527af217a?s=96&d=mm&r=g\",\"contentUrl\":\"https:\/\/secure.gravatar.com\/avatar\/1738d75cee7317f9c29ae61dd67620c5883d80a92e42a6fff88ae5d527af217a?s=96&d=mm&r=g\",\"caption\":\"Brenda Cezillo\"}}]}<\/script>\n<!-- \/ Yoast SEO Premium plugin. -->","yoast_head_json":{"title":"Recado de Gregore para a torcida, situa\u00e7\u00e3o de Bastos nos bastidores e torcida ganha destaque internacional: as \u00faltimas not\u00edcias do Botafogo","robots":{"index":"index","follow":"follow","max-snippet":"max-snippet:-1","max-image-preview":"max-image-preview:large","max-video-preview":"max-video-preview:-1"},"canonical":"https:\/\/www.gaveanews.com\/index.php\/2025\/03\/27\/recado-de-gregore-para-a-torcida-situacao-de-bastos-nos-bastidores-e-torcida-ganha-destaque-internacional-as-ultimas-noticias-do-botafogo\/","og_locale":"pt_BR","og_type":"article","og_title":"Recado de Gregore para a torcida, situa\u00e7\u00e3o de Bastos nos bastidores e torcida ganha destaque internacional: as \u00faltimas not\u00edcias do Botafogo","og_description":"Nas \u00faltimas horas, o foco das not\u00edcias sobre o Botafogo se concentram nos bastidores do clube, com destaques do dia a dia do time. Por conta deste contexto, leia abaixo um resumo preparado pela equipe do portal G\u00e1vea News para lhe manter muito bem informado! Torcida ganha destaque internacional Uma an\u00e1lise conduzida por intelig\u00eancia artificial [&hellip;]","og_url":"https:\/\/www.gaveanews.com\/index.php\/2025\/03\/27\/recado-de-gregore-para-a-torcida-situacao-de-bastos-nos-bastidores-e-torcida-ganha-destaque-internacional-as-ultimas-noticias-do-botafogo\/","og_site_name":"G\u00e1vea News","article_publisher":"https:\/\/facebook.com\/gaveaNews\/","article_published_time":"2025-03-27T18:50:00+00:00","og_image":[{"width":787,"height":525,"url":"https:\/\/www.gaveanews.com\/wp-content\/uploads\/Escudo-do-Botafogo-1.webp","type":"image\/webp"}],"author":"Brenda Cezillo","twitter_card":"summary_large_image","twitter_misc":{"Escrito por":"Brenda Cezillo","Est. tempo de leitura":"6 minutos"},"schema":{"@context":"https:\/\/schema.org","@graph":[{"@type":"NewsArticle","@id":"https:\/\/www.gaveanews.com\/index.php\/2025\/03\/27\/recado-de-gregore-para-a-torcida-situacao-de-bastos-nos-bastidores-e-torcida-ganha-destaque-internacional-as-ultimas-noticias-do-botafogo\/#article","isPartOf":{"@id":"https:\/\/www.gaveanews.com\/index.php\/2025\/03\/27\/recado-de-gregore-para-a-torcida-situacao-de-bastos-nos-bastidores-e-torcida-ganha-destaque-internacional-as-ultimas-noticias-do-botafogo\/"},"author":{"name":"Brenda Cezillo","@id":"https:\/\/www.gaveanews.com\/#\/schema\/person\/c79759ca337c40791ae8d08e2923d403"},"headline":"Recado de Gregore para a torcida, situa\u00e7\u00e3o de Bastos nos bastidores e torcida ganha destaque internacional: as \u00faltimas not\u00edcias do Botafogo","datePublished":"2025-03-27T18:50:00+00:00","mainEntityOfPage":{"@id":"https:\/\/www.gaveanews.com\/index.php\/2025\/03\/27\/recado-de-gregore-para-a-torcida-situacao-de-bastos-nos-bastidores-e-torcida-ganha-destaque-internacional-as-ultimas-noticias-do-botafogo\/"},"wordCount":904,"commentCount":0,"image":{"@id":"https:\/\/www.gaveanews.com\/index.php\/2025\/03\/27\/recado-de-gregore-para-a-torcida-situacao-de-bastos-nos-bastidores-e-torcida-ganha-destaque-internacional-as-ultimas-noticias-do-botafogo\/#primaryimage"},"thumbnailUrl":"https:\/\/www.gaveanews.com\/wp-content\/uploads\/Escudo-do-Botafogo-1.webp","articleSection":["Botafogo"],"inLanguage":"pt-BR","potentialAction":[{"@type":"CommentAction","name":"Comment","target":["https:\/\/www.gaveanews.com\/index.php\/2025\/03\/27\/recado-de-gregore-para-a-torcida-situacao-de-bastos-nos-bastidores-e-torcida-ganha-destaque-internacional-as-ultimas-noticias-do-botafogo\/#respond"]}],"copyrightYear":"2025","copyrightHolder":{"@id":"https:\/\/www.gaveanews.com\/#organization"}},{"@type":"WebPage","@id":"https:\/\/www.gaveanews.com\/index.php\/2025\/03\/27\/recado-de-gregore-para-a-torcida-situacao-de-bastos-nos-bastidores-e-torcida-ganha-destaque-internacional-as-ultimas-noticias-do-botafogo\/","url":"https:\/\/www.gaveanews.com\/index.php\/2025\/03\/27\/recado-de-gregore-para-a-torcida-situacao-de-bastos-nos-bastidores-e-torcida-ganha-destaque-internacional-as-ultimas-noticias-do-botafogo\/","name":"Recado de Gregore para a torcida, situa\u00e7\u00e3o de Bastos nos bastidores e torcida ganha destaque internacional: as \u00faltimas not\u00edcias do Botafogo","isPartOf":{"@id":"https:\/\/www.gaveanews.com\/#website"},"primaryImageOfPage":{"@id":"https:\/\/www.gaveanews.com\/index.php\/2025\/03\/27\/recado-de-gregore-para-a-torcida-situacao-de-bastos-nos-bastidores-e-torcida-ganha-destaque-internacional-as-ultimas-noticias-do-botafogo\/#primaryimage"},"image":{"@id":"https:\/\/www.gaveanews.com\/index.php\/2025\/03\/27\/recado-de-gregore-para-a-torcida-situacao-de-bastos-nos-bastidores-e-torcida-ganha-destaque-internacional-as-ultimas-noticias-do-botafogo\/#primaryimage"},"thumbnailUrl":"https:\/\/www.gaveanews.com\/wp-content\/uploads\/Escudo-do-Botafogo-1.webp","datePublished":"2025-03-27T18:50:00+00:00","author":{"@id":"https:\/\/www.gaveanews.com\/#\/schema\/person\/c79759ca337c40791ae8d08e2923d403"},"breadcrumb":{"@id":"https:\/\/www.gaveanews.com\/index.php\/2025\/03\/27\/recado-de-gregore-para-a-torcida-situacao-de-bastos-nos-bastidores-e-torcida-ganha-destaque-internacional-as-ultimas-noticias-do-botafogo\/#breadcrumb"},"inLanguage":"pt-BR","potentialAction":[{"@type":"ReadAction","target":["https:\/\/www.gaveanews.com\/index.php\/2025\/03\/27\/recado-de-gregore-para-a-torcida-situacao-de-bastos-nos-bastidores-e-torcida-ganha-destaque-internacional-as-ultimas-noticias-do-botafogo\/"]}]},{"@type":"ImageObject","inLanguage":"pt-BR","@id":"https:\/\/www.gaveanews.com\/index.php\/2025\/03\/27\/recado-de-gregore-para-a-torcida-situacao-de-bastos-nos-bastidores-e-torcida-ganha-destaque-internacional-as-ultimas-noticias-do-botafogo\/#primaryimage","url":"https:\/\/www.gaveanews.com\/wp-content\/uploads\/Escudo-do-Botafogo-1.webp","contentUrl":"https:\/\/www.gaveanews.com\/wp-content\/uploads\/Escudo-do-Botafogo-1.webp","width":787,"height":525,"caption":"Escudo do Botafogo (Foto: Reprodu\u00e7\u00e3o\/Botafogo)"},{"@type":"BreadcrumbList","@id":"https:\/\/www.gaveanews.com\/index.php\/2025\/03\/27\/recado-de-gregore-para-a-torcida-situacao-de-bastos-nos-bastidores-e-torcida-ganha-destaque-internacional-as-ultimas-noticias-do-botafogo\/#breadcrumb","itemListElement":[{"@type":"ListItem","position":1,"name":"Home","item":"https:\/\/www.gaveanews.com\/"},{"@type":"ListItem","position":2,"name":"Recado de Gregore para a torcida, situa\u00e7\u00e3o de Bastos nos bastidores e torcida ganha destaque internacional: as \u00faltimas not\u00edcias do Botafogo"}]},{"@type":"WebSite","@id":"https:\/\/www.gaveanews.com\/#website","url":"https:\/\/www.gaveanews.com\/","name":"G\u00e1vea News","description":"Veja todas as not\u00edcias sobre o Flamengo: Contrata\u00e7\u00f5es, categorias de base, resultados das partidas, tabela de classifica\u00e7\u00e3o, pr\u00f3ximos jogos!","potentialAction":[{"@type":"SearchAction","target":{"@type":"EntryPoint","urlTemplate":"https:\/\/www.gaveanews.com\/?s={search_term_string}"},"query-input":{"@type":"PropertyValueSpecification","valueRequired":true,"valueName":"search_term_string"}}],"inLanguage":"pt-BR"},{"@type":"Person","@id":"https:\/\/www.gaveanews.com\/#\/schema\/person\/c79759ca337c40791ae8d08e2923d403","name":"Brenda Cezillo","image":{"@type":"ImageObject","inLanguage":"pt-BR","@id":"https:\/\/www.gaveanews.com\/#\/schema\/person\/image\/","url":"https:\/\/secure.gravatar.com\/avatar\/1738d75cee7317f9c29ae61dd67620c5883d80a92e42a6fff88ae5d527af217a?s=96&d=mm&r=g","contentUrl":"https:\/\/secure.gravatar.com\/avatar\/1738d75cee7317f9c29ae61dd67620c5883d80a92e42a6fff88ae5d527af217a?s=96&d=mm&r=g","caption":"Brenda Cezillo"}}]}},"_links":{"self":[{"href":"https:\/\/www.gaveanews.com\/index.php\/wp-json\/wp\/v2\/posts\/245426","targetHints":{"allow":["GET"]}}],"collection":[{"href":"https:\/\/www.gaveanews.com\/index.php\/wp-json\/wp\/v2\/posts"}],"about":[{"href":"https:\/\/www.gaveanews.com\/index.php\/wp-json\/wp\/v2\/types\/post"}],"author":[{"embeddable":true,"href":"https:\/\/www.gaveanews.com\/index.php\/wp-json\/wp\/v2\/users\/33"}],"replies":[{"embeddable":true,"href":"https:\/\/www.gaveanews.com\/index.php\/wp-json\/wp\/v2\/comments?post=245426"}],"version-history":[{"count":1,"href":"https:\/\/www.gaveanews.com\/index.php\/wp-json\/wp\/v2\/posts\/245426\/revisions"}],"predecessor-version":[{"id":245435,"href":"https:\/\/www.gaveanews.com\/index.php\/wp-json\/wp\/v2\/posts\/245426\/revisions\/245435"}],"wp:featuredmedia":[{"embeddable":true,"href":"https:\/\/www.gaveanews.com\/index.php\/wp-json\/wp\/v2\/media\/182060"}],"wp:attachment":[{"href":"https:\/\/www.gaveanews.com\/index.php\/wp-json\/wp\/v2\/media?parent=245426"}],"wp:term":[{"taxonomy":"category","embeddable":true,"href":"https:\/\/www.gaveanews.com\/index.php\/wp-json\/wp\/v2\/categories?post=245426"},{"taxonomy":"post_tag","embeddable":true,"href":"https:\/\/www.gaveanews.com\/index.php\/wp-json\/wp\/v2\/tags?post=245426"}],"curies":[{"name":"wp","href":"https:\/\/api.w.org\/{rel}","templated":true}]}}