{"id":245488,"date":"2025-03-27T16:25:00","date_gmt":"2025-03-27T19:25:00","guid":{"rendered":"https:\/\/www.gaveanews.com\/?p=245488"},"modified":"2025-03-27T15:47:19","modified_gmt":"2025-03-27T18:47:19","slug":"atacante-esta-fora-dos-planos-augusto-melo-manda-recado-ao-palmeiras-e-declaracao-de-andre-rocha-as-ultimas-noticias-do-corinthians","status":"publish","type":"post","link":"https:\/\/www.gaveanews.com\/index.php\/2025\/03\/27\/atacante-esta-fora-dos-planos-augusto-melo-manda-recado-ao-palmeiras-e-declaracao-de-andre-rocha-as-ultimas-noticias-do-corinthians\/","title":{"rendered":"Atacante est\u00e1 fora dos planos, Augusto Melo manda recado ao Palmeiras e declara\u00e7\u00e3o de Andr\u00e9 Rocha: as \u00faltimas not\u00edcias do Corinthians"},"content":{"rendered":"\n<p>Nas \u00faltimas horas, o foco das not\u00edcias sobre o Corinthians se concentram nos bastidores do clube, com destaques do dia a dia do time.<\/p>\n\n\n\n<p>Por conta deste contexto, leia abaixo um resumo preparado pela equipe do portal G\u00e1vea News para lhe manter muito bem informado!<\/p>\n\n\n\n<h2 class=\"wp-block-heading\" id=\"h-declaracao-de-andre-rocha\">Declara\u00e7\u00e3o de Andr\u00e9 Rocha<\/h2>\n\n\n\n<p>O Flamengo vive um momento delicado com a recorr\u00eancia de les\u00f5es de jogadores durante as Datas FIFA. Gerson, De La Cruz e Arrascaeta s\u00e3o os nomes mais recentes a voltarem machucados ap\u00f3s servirem suas sele\u00e7\u00f5es, gerando grande preocupa\u00e7\u00e3o no clube carioca. O comentarista Andr\u00e9 Rocha criticou a situa\u00e7\u00e3o no canal <em>S1 Live<\/em>, classificando o cen\u00e1rio como um ciclo prejudicial para clubes que investem em atletas de alto n\u00edvel e, por isso, frequentemente os cedem \u00e0s sele\u00e7\u00f5es nacionais<strong><a href=\"https:\/\/www.gaveanews.com\/index.php\/2025\/03\/24\/andre-rocha-cita-o-corinthians-ao-falar-sobre-jogadores-do-flamengo-lesionados-na-data-fifa\/\"> (leia a mat\u00e9ria completa).<\/a><\/strong><\/p>\n\n\n\n<figure class=\"wp-block-image size-large\"><img loading=\"lazy\" decoding=\"async\" width=\"1024\" height=\"988\" src=\"http:\/\/www.gaveanews.com\/wp-content\/uploads\/Corinthians-x-Flamengo-pelo-Campeonato-Brasileiro-na-Neo-Quimica-Arena-1024x988.webp\" alt=\"\" class=\"wp-image-163113\" srcset=\"https:\/\/www.gaveanews.com\/wp-content\/uploads\/Corinthians-x-Flamengo-pelo-Campeonato-Brasileiro-na-Neo-Quimica-Arena-1024x988.webp 1024w, https:\/\/www.gaveanews.com\/wp-content\/uploads\/Corinthians-x-Flamengo-pelo-Campeonato-Brasileiro-na-Neo-Quimica-Arena-300x289.webp 300w, https:\/\/www.gaveanews.com\/wp-content\/uploads\/Corinthians-x-Flamengo-pelo-Campeonato-Brasileiro-na-Neo-Quimica-Arena-768x741.webp 768w, https:\/\/www.gaveanews.com\/wp-content\/uploads\/Corinthians-x-Flamengo-pelo-Campeonato-Brasileiro-na-Neo-Quimica-Arena-435x420.webp 435w, https:\/\/www.gaveanews.com\/wp-content\/uploads\/Corinthians-x-Flamengo-pelo-Campeonato-Brasileiro-na-Neo-Quimica-Arena-871x840.webp 871w, https:\/\/www.gaveanews.com\/wp-content\/uploads\/Corinthians-x-Flamengo-pelo-Campeonato-Brasileiro-na-Neo-Quimica-Arena-640x618.webp 640w, https:\/\/www.gaveanews.com\/wp-content\/uploads\/Corinthians-x-Flamengo-pelo-Campeonato-Brasileiro-na-Neo-Quimica-Arena-681x657.webp 681w, https:\/\/www.gaveanews.com\/wp-content\/uploads\/Corinthians-x-Flamengo-pelo-Campeonato-Brasileiro-na-Neo-Quimica-Arena-100x96.webp 100w, https:\/\/www.gaveanews.com\/wp-content\/uploads\/Corinthians-x-Flamengo-pelo-Campeonato-Brasileiro-na-Neo-Quimica-Arena.webp 1170w\" sizes=\"auto, (max-width: 1024px) 100vw, 1024px\" \/><figcaption class=\"wp-element-caption\">Corinthians x Flamengo pelo Campeonato Brasileiro, na Neo Qu\u00edmica Arena (Foto: Divulga\u00e7\u00e3o\/Flamengo)<\/figcaption><\/figure>\n\n\n\n<p>Rocha ainda comparou o momento atual do Flamengo com epis\u00f3dios vividos anteriormente pelo Corinthians, que chegou a perder t\u00e9cnicos e jogadores importantes para a Sele\u00e7\u00e3o Brasileira em fases decisivas. <\/p>\n\n\n\n<p>Segundo ele, o futebol brasileiro precisa rever a cultura que ignora os impactos das convoca\u00e7\u00f5es nos clubes, especialmente em calend\u00e1rios apertados. O jornalista tamb\u00e9m alertou para a possibilidade de o Flamengo sofrer com a sa\u00edda de Filipe Lu\u00eds, que j\u00e1 \u00e9 especulado como poss\u00edvel sucessor de Dorival J\u00fanior.<\/p>\n\n\n\n<p>Com a estreia no Brasileir\u00e3o marcada para o dia 29 contra o Internacional e a Libertadores se aproximando, o Flamengo corre o risco de jogar sem pe\u00e7as fundamentais como Gerson e Arrascaeta. O clube monitora de perto outros convocados, como Alex Sandro, L\u00e9o Ortiz, Wesley, Pulgar, Plata e Varela, torcendo para que n\u00e3o retornem com les\u00f5es. O departamento m\u00e9dico rubro-negro ter\u00e1 papel crucial nas pr\u00f3ximas semanas para manter o elenco competitivo diante dos desafios simult\u00e2neos da temporada.<\/p>\n\n\n\n<h2 class=\"wp-block-heading\" id=\"h-augusto-melo-manda-recado-ao-palmeiras\">Augusto Melo manda recado ao Palmeiras<\/h2>\n\n\n\n<p>O Corinthians chega confiante para a grande decis\u00e3o do Campeonato Paulista 2025 ap\u00f3s vencer o Palmeiras por 1 a 0 no jogo de ida, no Allianz Parque. Em entrevista, o presidente Augusto Melo refor\u00e7ou a tranquilidade da equipe para o duelo de volta, destacando a confian\u00e7a na arbitragem e na organiza\u00e7\u00e3o da Federa\u00e7\u00e3o Paulista de Futebol. A fala do dirigente veio para acalmar os \u00e2nimos em meio \u00e0 press\u00e3o da final e refor\u00e7ar o clima de concentra\u00e7\u00e3o dentro do clube <strong><a href=\"https:\/\/www.gaveanews.com\/index.php\/2025\/03\/24\/video-a-declaracao-de-augusto-melo-relacionada-ao-palmeiras\/\">(leia a mat\u00e9ria completa).<\/a><\/strong><\/p>\n\n\n\n<figure class=\"wp-block-image size-large\"><img loading=\"lazy\" decoding=\"async\" width=\"1024\" height=\"576\" src=\"http:\/\/www.gaveanews.com\/wp-content\/uploads\/Augusto-Melo-durante-coletiva-de-imprensa-do-Corinthians-1024x576.webp\" alt=\"\" class=\"wp-image-145590\" srcset=\"https:\/\/www.gaveanews.com\/wp-content\/uploads\/Augusto-Melo-durante-coletiva-de-imprensa-do-Corinthians-1024x576.webp 1024w, https:\/\/www.gaveanews.com\/wp-content\/uploads\/Augusto-Melo-durante-coletiva-de-imprensa-do-Corinthians-300x169.webp 300w, https:\/\/www.gaveanews.com\/wp-content\/uploads\/Augusto-Melo-durante-coletiva-de-imprensa-do-Corinthians-768x432.webp 768w, https:\/\/www.gaveanews.com\/wp-content\/uploads\/Augusto-Melo-durante-coletiva-de-imprensa-do-Corinthians-1536x864.webp 1536w, https:\/\/www.gaveanews.com\/wp-content\/uploads\/Augusto-Melo-durante-coletiva-de-imprensa-do-Corinthians-747x420.webp 747w, https:\/\/www.gaveanews.com\/wp-content\/uploads\/Augusto-Melo-durante-coletiva-de-imprensa-do-Corinthians-1493x840.webp 1493w, https:\/\/www.gaveanews.com\/wp-content\/uploads\/Augusto-Melo-durante-coletiva-de-imprensa-do-Corinthians-640x360.webp 640w, https:\/\/www.gaveanews.com\/wp-content\/uploads\/Augusto-Melo-durante-coletiva-de-imprensa-do-Corinthians-1280x720.webp 1280w, https:\/\/www.gaveanews.com\/wp-content\/uploads\/Augusto-Melo-durante-coletiva-de-imprensa-do-Corinthians-681x383.webp 681w, https:\/\/www.gaveanews.com\/wp-content\/uploads\/Augusto-Melo-durante-coletiva-de-imprensa-do-Corinthians-1362x766.webp 1362w, https:\/\/www.gaveanews.com\/wp-content\/uploads\/Augusto-Melo-durante-coletiva-de-imprensa-do-Corinthians-100x56.webp 100w, https:\/\/www.gaveanews.com\/wp-content\/uploads\/Augusto-Melo-durante-coletiva-de-imprensa-do-Corinthians.webp 1920w\" sizes=\"auto, (max-width: 1024px) 100vw, 1024px\" \/><figcaption class=\"wp-element-caption\">Augusto Melo durante coletiva de imprensa do Corinthians (Foto: Rodrigo Coca\/ Corinthians)<\/figcaption><\/figure>\n\n\n\n<p>O autor do gol que deu vantagem ao Tim\u00e3o foi Yuri Alberto, principal refer\u00eancia ofensiva da equipe. Com o resultado, o Corinthians joga por um empate na Neo Qu\u00edmica Arena para levantar a ta\u00e7a estadual. O bom desempenho fora de casa trouxe um impulso emocional importante para a equipe, que agora poder\u00e1 contar com o apoio da torcida em seu est\u00e1dio, onde costuma ser mais dominante.<\/p>\n\n\n\n<p>A partida decisiva acontecer\u00e1 na quinta-feira, dia 27, \u00e0s 21h35. O Palmeiras, por sua vez, buscar\u00e1 reverter o placar e lutar pelo t\u00edtulo at\u00e9 o fim. A rivalidade entre os clubes, somada \u00e0 expectativa da torcida, promete um jogo eletrizante. Enquanto isso, o Corinthians se prepara com foco total, apostando em sua vantagem e no ambiente favor\u00e1vel para conquistar mais uma ta\u00e7a em sua hist\u00f3ria recente.<\/p>\n\n\n\n<h2 class=\"wp-block-heading\" id=\"h-atacante-esta-fora-dos-planos\">Atacante est\u00e1 fora dos planos<\/h2>\n\n\n\n<p>O atacante espanhol H\u00e9ctor Hern\u00e1ndez vive momento delicado no Corinthians. Contratado em agosto de 2024 ap\u00f3s boa passagem pelo futebol portugu\u00eas, o centroavante n\u00e3o tem agradado ao t\u00e9cnico Ram\u00f3n D\u00edaz e est\u00e1 sem atuar h\u00e1 um m\u00eas. Sua \u00faltima apari\u00e7\u00e3o foi em 23 de fevereiro, diante do Guarani, pelo Campeonato Paulista. Desde ent\u00e3o, ficou fora de seis partidas importantes, incluindo jogos da pr\u00e9-Libertadores e do mata-mata estadual, o que o coloca em situa\u00e7\u00e3o de \u201cencostado\u201d no elenco <strong><a href=\"https:\/\/www.gaveanews.com\/index.php\/2025\/03\/24\/sem-agradar-ramon-diaz-ele-esta-encostado-no-corinthians\/\">(leia a mat\u00e9ria completa).<\/a><\/strong><\/p>\n\n\n\n<blockquote class=\"instagram-media\" data-instgrm-permalink=\"https:\/\/www.instagram.com\/p\/DHd3eQlsRkZ\/?utm_source=ig_embed&amp;utm_campaign=loading\" data-instgrm-version=\"14\" style=\" background:#FFF; border:0; border-radius:3px; box-shadow:0 0 1px 0 rgba(0,0,0,0.5),0 1px 10px 0 rgba(0,0,0,0.15); margin: 1px; max-width:540px; min-width:326px; padding:0; width:99.375%; width:-webkit-calc(100% - 2px); width:calc(100% - 2px);\"><div style=\"padding:16px;\"> <a href=\"https:\/\/www.instagram.com\/p\/DHd3eQlsRkZ\/?utm_source=ig_embed&amp;utm_campaign=loading\" style=\" background:#FFFFFF; line-height:0; padding:0 0; text-align:center; text-decoration:none; width:100%;\" target=\"_blank\"> <div style=\" display: flex; flex-direction: row; align-items: center;\"> <div style=\"background-color: #F4F4F4; border-radius: 50%; flex-grow: 0; height: 40px; margin-right: 14px; width: 40px;\"><\/div> <div style=\"display: flex; flex-direction: column; flex-grow: 1; justify-content: center;\"> <div style=\" background-color: #F4F4F4; border-radius: 4px; flex-grow: 0; height: 14px; margin-bottom: 6px; width: 100px;\"><\/div> <div style=\" background-color: #F4F4F4; border-radius: 4px; flex-grow: 0; height: 14px; width: 60px;\"><\/div><\/div><\/div><div style=\"padding: 19% 0;\"><\/div> <div style=\"display:block; height:50px; margin:0 auto 12px; width:50px;\"><svg width=\"50px\" height=\"50px\" viewBox=\"0 0 60 60\" version=\"1.1\" xmlns=\"https:\/\/www.w3.org\/2000\/svg\" xmlns:xlink=\"https:\/\/www.w3.org\/1999\/xlink\"><g stroke=\"none\" stroke-width=\"1\" fill=\"none\" fill-rule=\"evenodd\"><g transform=\"translate(-511.000000, -20.000000)\" fill=\"#000000\"><g><path d=\"M556.869,30.41 C554.814,30.41 553.148,32.076 553.148,34.131 C553.148,36.186 554.814,37.852 556.869,37.852 C558.924,37.852 560.59,36.186 560.59,34.131 C560.59,32.076 558.924,30.41 556.869,30.41 M541,60.657 C535.114,60.657 530.342,55.887 530.342,50 C530.342,44.114 535.114,39.342 541,39.342 C546.887,39.342 551.658,44.114 551.658,50 C551.658,55.887 546.887,60.657 541,60.657 M541,33.886 C532.1,33.886 524.886,41.1 524.886,50 C524.886,58.899 532.1,66.113 541,66.113 C549.9,66.113 557.115,58.899 557.115,50 C557.115,41.1 549.9,33.886 541,33.886 M565.378,62.101 C565.244,65.022 564.756,66.606 564.346,67.663 C563.803,69.06 563.154,70.057 562.106,71.106 C561.058,72.155 560.06,72.803 558.662,73.347 C557.607,73.757 556.021,74.244 553.102,74.378 C549.944,74.521 548.997,74.552 541,74.552 C533.003,74.552 532.056,74.521 528.898,74.378 C525.979,74.244 524.393,73.757 523.338,73.347 C521.94,72.803 520.942,72.155 519.894,71.106 C518.846,70.057 518.197,69.06 517.654,67.663 C517.244,66.606 516.755,65.022 516.623,62.101 C516.479,58.943 516.448,57.996 516.448,50 C516.448,42.003 516.479,41.056 516.623,37.899 C516.755,34.978 517.244,33.391 517.654,32.338 C518.197,30.938 518.846,29.942 519.894,28.894 C520.942,27.846 521.94,27.196 523.338,26.654 C524.393,26.244 525.979,25.756 528.898,25.623 C532.057,25.479 533.004,25.448 541,25.448 C548.997,25.448 549.943,25.479 553.102,25.623 C556.021,25.756 557.607,26.244 558.662,26.654 C560.06,27.196 561.058,27.846 562.106,28.894 C563.154,29.942 563.803,30.938 564.346,32.338 C564.756,33.391 565.244,34.978 565.378,37.899 C565.522,41.056 565.552,42.003 565.552,50 C565.552,57.996 565.522,58.943 565.378,62.101 M570.82,37.631 C570.674,34.438 570.167,32.258 569.425,30.349 C568.659,28.377 567.633,26.702 565.965,25.035 C564.297,23.368 562.623,22.342 560.652,21.575 C558.743,20.834 556.562,20.326 553.369,20.18 C550.169,20.033 549.148,20 541,20 C532.853,20 531.831,20.033 528.631,20.18 C525.438,20.326 523.257,20.834 521.349,21.575 C519.376,22.342 517.703,23.368 516.035,25.035 C514.368,26.702 513.342,28.377 512.574,30.349 C511.834,32.258 511.326,34.438 511.181,37.631 C511.035,40.831 511,41.851 511,50 C511,58.147 511.035,59.17 511.181,62.369 C511.326,65.562 511.834,67.743 512.574,69.651 C513.342,71.625 514.368,73.296 516.035,74.965 C517.703,76.634 519.376,77.658 521.349,78.425 C523.257,79.167 525.438,79.673 528.631,79.82 C531.831,79.965 532.853,80.001 541,80.001 C549.148,80.001 550.169,79.965 553.369,79.82 C556.562,79.673 558.743,79.167 560.652,78.425 C562.623,77.658 564.297,76.634 565.965,74.965 C567.633,73.296 568.659,71.625 569.425,69.651 C570.167,67.743 570.674,65.562 570.82,62.369 C570.966,59.17 571,58.147 571,50 C571,41.851 570.966,40.831 570.82,37.631\"><\/path><\/g><\/g><\/g><\/svg><\/div><div style=\"padding-top: 8px;\"> <div style=\" color:#3897f0; font-family:Arial,sans-serif; font-size:14px; font-style:normal; font-weight:550; line-height:18px;\">Ver essa foto no Instagram<\/div><\/div><div style=\"padding: 12.5% 0;\"><\/div> <div style=\"display: flex; flex-direction: row; margin-bottom: 14px; align-items: center;\"><div> <div style=\"background-color: #F4F4F4; border-radius: 50%; height: 12.5px; width: 12.5px; transform: translateX(0px) translateY(7px);\"><\/div> <div style=\"background-color: #F4F4F4; height: 12.5px; transform: rotate(-45deg) translateX(3px) translateY(1px); width: 12.5px; flex-grow: 0; margin-right: 14px; margin-left: 2px;\"><\/div> <div style=\"background-color: #F4F4F4; border-radius: 50%; height: 12.5px; width: 12.5px; transform: translateX(9px) translateY(-18px);\"><\/div><\/div><div style=\"margin-left: 8px;\"> <div style=\" background-color: #F4F4F4; border-radius: 50%; flex-grow: 0; height: 20px; width: 20px;\"><\/div> <div style=\" width: 0; height: 0; border-top: 2px solid transparent; border-left: 6px solid #f4f4f4; border-bottom: 2px solid transparent; transform: translateX(16px) translateY(-4px) rotate(30deg)\"><\/div><\/div><div style=\"margin-left: auto;\"> <div style=\" width: 0px; border-top: 8px solid #F4F4F4; border-right: 8px solid transparent; transform: translateY(16px);\"><\/div> <div style=\" background-color: #F4F4F4; flex-grow: 0; height: 12px; width: 16px; transform: translateY(-4px);\"><\/div> <div style=\" width: 0; height: 0; border-top: 8px solid #F4F4F4; border-left: 8px solid transparent; transform: translateY(-4px) translateX(8px);\"><\/div><\/div><\/div> <div style=\"display: flex; flex-direction: column; flex-grow: 1; justify-content: center; margin-bottom: 24px;\"> <div style=\" background-color: #F4F4F4; border-radius: 4px; flex-grow: 0; height: 14px; margin-bottom: 6px; width: 224px;\"><\/div> <div style=\" background-color: #F4F4F4; border-radius: 4px; flex-grow: 0; height: 14px; width: 144px;\"><\/div><\/div><\/a><p style=\" color:#c9c8cd; font-family:Arial,sans-serif; font-size:14px; line-height:17px; margin-bottom:0; margin-top:8px; overflow:hidden; padding:8px 0 7px; text-align:center; text-overflow:ellipsis; white-space:nowrap;\"><a href=\"https:\/\/www.instagram.com\/p\/DHd3eQlsRkZ\/?utm_source=ig_embed&amp;utm_campaign=loading\" style=\" color:#c9c8cd; font-family:Arial,sans-serif; font-size:14px; font-style:normal; font-weight:normal; line-height:17px; text-decoration:none;\" target=\"_blank\">Uma publica\u00e7\u00e3o compartilhada por HE\u0301CTOR HERNANDEZ (@hectorhernandez9)<\/a><\/p><\/div><\/blockquote>\n<script async src=\"\/\/www.instagram.com\/embed.js\"><\/script>\n\n\n\n<p>H\u00e9ctor, que tem caracter\u00edsticas de um centroavante mais fixo, enfrenta forte concorr\u00eancia de atacantes com maior mobilidade, como Yuri Alberto e Memphis Depay \u2014 dupla titular no atual esquema do treinador. Al\u00e9m disso, nomes como Romero e Talles Magno tamb\u00e9m aparecem \u00e0 frente na hierarquia ofensiva. Mesmo estando fisicamente bem, o espanhol ainda n\u00e3o marcou gols em 11 jogos com a camisa alvinegra e amarga o banco enquanto outros jogadores com perfil semelhante, como Pedro Raul, buscam espa\u00e7o em outros clubes.<\/p>\n\n\n\n<p>Apesar do cen\u00e1rio adverso, o contrato de H\u00e9ctor com o Corinthians vai at\u00e9 o fim de 2026, o que d\u00e1 ao clube tempo para avaliar seu aproveitamento ou decidir por um poss\u00edvel empr\u00e9stimo. Internamente, h\u00e1 expectativa de que a situa\u00e7\u00e3o possa mudar, principalmente se o jogador apresentar evolu\u00e7\u00e3o nos treinos e mostrar utilidade t\u00e1tica em jogos espec\u00edficos. Por enquanto, no entanto, ele segue \u00e0 margem das principais escolhas de Ram\u00f3n D\u00edaz para o ataque.<\/p>\n","protected":false},"excerpt":{"rendered":"<p>Nas \u00faltimas horas, o foco das not\u00edcias sobre o Corinthians se concentram nos bastidores do clube, com destaques do dia a dia do time. Por conta deste contexto, leia abaixo um resumo preparado pela equipe do portal G\u00e1vea News para lhe manter muito bem informado! Declara\u00e7\u00e3o de Andr\u00e9 Rocha O Flamengo vive um momento delicado [&hellip;]<\/p>\n","protected":false},"author":33,"featured_media":154473,"comment_status":"open","ping_status":"closed","sticky":false,"template":"","format":"standard","meta":{"footnotes":""},"categories":[141],"tags":[],"class_list":["post-245488","post","type-post","status-publish","format-standard","has-post-thumbnail","hentry","category-corinthians"],"yoast_head":"<!-- This site is optimized with the Yoast SEO Premium plugin v24.2 (Yoast SEO v26.9) - https:\/\/yoast.com\/product\/yoast-seo-premium-wordpress\/ -->\n<title>Atacante est\u00e1 fora dos planos, Augusto Melo manda recado ao Palmeiras e declara\u00e7\u00e3o de Andr\u00e9 Rocha: as \u00faltimas not\u00edcias do Corinthians<\/title>\n<meta name=\"robots\" content=\"index, follow, max-snippet:-1, max-image-preview:large, max-video-preview:-1\" \/>\n<link rel=\"canonical\" href=\"https:\/\/www.gaveanews.com\/index.php\/2025\/03\/27\/atacante-esta-fora-dos-planos-augusto-melo-manda-recado-ao-palmeiras-e-declaracao-de-andre-rocha-as-ultimas-noticias-do-corinthians\/\" \/>\n<meta property=\"og:locale\" content=\"pt_BR\" \/>\n<meta property=\"og:type\" content=\"article\" \/>\n<meta property=\"og:title\" content=\"Atacante est\u00e1 fora dos planos, Augusto Melo manda recado ao Palmeiras e declara\u00e7\u00e3o de Andr\u00e9 Rocha: as \u00faltimas not\u00edcias do Corinthians\" \/>\n<meta property=\"og:description\" content=\"Nas \u00faltimas horas, o foco das not\u00edcias sobre o Corinthians se concentram nos bastidores do clube, com destaques do dia a dia do time. Por conta deste contexto, leia abaixo um resumo preparado pela equipe do portal G\u00e1vea News para lhe manter muito bem informado! Declara\u00e7\u00e3o de Andr\u00e9 Rocha O Flamengo vive um momento delicado [&hellip;]\" \/>\n<meta property=\"og:url\" content=\"https:\/\/www.gaveanews.com\/index.php\/2025\/03\/27\/atacante-esta-fora-dos-planos-augusto-melo-manda-recado-ao-palmeiras-e-declaracao-de-andre-rocha-as-ultimas-noticias-do-corinthians\/\" \/>\n<meta property=\"og:site_name\" content=\"G\u00e1vea News\" \/>\n<meta property=\"article:publisher\" content=\"https:\/\/facebook.com\/gaveaNews\/\" \/>\n<meta property=\"article:published_time\" content=\"2025-03-27T19:25:00+00:00\" \/>\n<meta property=\"og:image\" content=\"https:\/\/www.gaveanews.com\/wp-content\/uploads\/Escudo-do-Corinthians-na-Neo-Quimica-Arena.webp\" \/>\n\t<meta property=\"og:image:width\" content=\"1440\" \/>\n\t<meta property=\"og:image:height\" content=\"959\" \/>\n\t<meta property=\"og:image:type\" content=\"image\/jpeg\" \/>\n<meta name=\"author\" content=\"Brenda Cezillo\" \/>\n<meta name=\"twitter:card\" content=\"summary_large_image\" \/>\n<meta name=\"twitter:label1\" content=\"Escrito por\" \/>\n\t<meta name=\"twitter:data1\" content=\"Brenda Cezillo\" \/>\n\t<meta name=\"twitter:label2\" content=\"Est. tempo de leitura\" \/>\n\t<meta name=\"twitter:data2\" content=\"5 minutos\" \/>\n<script type=\"application\/ld+json\" class=\"yoast-schema-graph\">{\"@context\":\"https:\/\/schema.org\",\"@graph\":[{\"@type\":\"NewsArticle\",\"@id\":\"https:\/\/www.gaveanews.com\/index.php\/2025\/03\/27\/atacante-esta-fora-dos-planos-augusto-melo-manda-recado-ao-palmeiras-e-declaracao-de-andre-rocha-as-ultimas-noticias-do-corinthians\/#article\",\"isPartOf\":{\"@id\":\"https:\/\/www.gaveanews.com\/index.php\/2025\/03\/27\/atacante-esta-fora-dos-planos-augusto-melo-manda-recado-ao-palmeiras-e-declaracao-de-andre-rocha-as-ultimas-noticias-do-corinthians\/\"},\"author\":{\"name\":\"Brenda Cezillo\",\"@id\":\"https:\/\/www.gaveanews.com\/#\/schema\/person\/c79759ca337c40791ae8d08e2923d403\"},\"headline\":\"Atacante est\u00e1 fora dos planos, Augusto Melo manda recado ao Palmeiras e declara\u00e7\u00e3o de Andr\u00e9 Rocha: as \u00faltimas not\u00edcias do Corinthians\",\"datePublished\":\"2025-03-27T19:25:00+00:00\",\"mainEntityOfPage\":{\"@id\":\"https:\/\/www.gaveanews.com\/index.php\/2025\/03\/27\/atacante-esta-fora-dos-planos-augusto-melo-manda-recado-ao-palmeiras-e-declaracao-de-andre-rocha-as-ultimas-noticias-do-corinthians\/\"},\"wordCount\":878,\"commentCount\":0,\"image\":{\"@id\":\"https:\/\/www.gaveanews.com\/index.php\/2025\/03\/27\/atacante-esta-fora-dos-planos-augusto-melo-manda-recado-ao-palmeiras-e-declaracao-de-andre-rocha-as-ultimas-noticias-do-corinthians\/#primaryimage\"},\"thumbnailUrl\":\"https:\/\/www.gaveanews.com\/wp-content\/uploads\/Escudo-do-Corinthians-na-Neo-Quimica-Arena.webp\",\"articleSection\":[\"Corinthians\"],\"inLanguage\":\"pt-BR\",\"potentialAction\":[{\"@type\":\"CommentAction\",\"name\":\"Comment\",\"target\":[\"https:\/\/www.gaveanews.com\/index.php\/2025\/03\/27\/atacante-esta-fora-dos-planos-augusto-melo-manda-recado-ao-palmeiras-e-declaracao-de-andre-rocha-as-ultimas-noticias-do-corinthians\/#respond\"]}],\"copyrightYear\":\"2025\",\"copyrightHolder\":{\"@id\":\"https:\/\/www.gaveanews.com\/#organization\"}},{\"@type\":\"WebPage\",\"@id\":\"https:\/\/www.gaveanews.com\/index.php\/2025\/03\/27\/atacante-esta-fora-dos-planos-augusto-melo-manda-recado-ao-palmeiras-e-declaracao-de-andre-rocha-as-ultimas-noticias-do-corinthians\/\",\"url\":\"https:\/\/www.gaveanews.com\/index.php\/2025\/03\/27\/atacante-esta-fora-dos-planos-augusto-melo-manda-recado-ao-palmeiras-e-declaracao-de-andre-rocha-as-ultimas-noticias-do-corinthians\/\",\"name\":\"Atacante est\u00e1 fora dos planos, Augusto Melo manda recado ao Palmeiras e declara\u00e7\u00e3o de Andr\u00e9 Rocha: as \u00faltimas not\u00edcias do Corinthians\",\"isPartOf\":{\"@id\":\"https:\/\/www.gaveanews.com\/#website\"},\"primaryImageOfPage\":{\"@id\":\"https:\/\/www.gaveanews.com\/index.php\/2025\/03\/27\/atacante-esta-fora-dos-planos-augusto-melo-manda-recado-ao-palmeiras-e-declaracao-de-andre-rocha-as-ultimas-noticias-do-corinthians\/#primaryimage\"},\"image\":{\"@id\":\"https:\/\/www.gaveanews.com\/index.php\/2025\/03\/27\/atacante-esta-fora-dos-planos-augusto-melo-manda-recado-ao-palmeiras-e-declaracao-de-andre-rocha-as-ultimas-noticias-do-corinthians\/#primaryimage\"},\"thumbnailUrl\":\"https:\/\/www.gaveanews.com\/wp-content\/uploads\/Escudo-do-Corinthians-na-Neo-Quimica-Arena.webp\",\"datePublished\":\"2025-03-27T19:25:00+00:00\",\"author\":{\"@id\":\"https:\/\/www.gaveanews.com\/#\/schema\/person\/c79759ca337c40791ae8d08e2923d403\"},\"breadcrumb\":{\"@id\":\"https:\/\/www.gaveanews.com\/index.php\/2025\/03\/27\/atacante-esta-fora-dos-planos-augusto-melo-manda-recado-ao-palmeiras-e-declaracao-de-andre-rocha-as-ultimas-noticias-do-corinthians\/#breadcrumb\"},\"inLanguage\":\"pt-BR\",\"potentialAction\":[{\"@type\":\"ReadAction\",\"target\":[\"https:\/\/www.gaveanews.com\/index.php\/2025\/03\/27\/atacante-esta-fora-dos-planos-augusto-melo-manda-recado-ao-palmeiras-e-declaracao-de-andre-rocha-as-ultimas-noticias-do-corinthians\/\"]}]},{\"@type\":\"ImageObject\",\"inLanguage\":\"pt-BR\",\"@id\":\"https:\/\/www.gaveanews.com\/index.php\/2025\/03\/27\/atacante-esta-fora-dos-planos-augusto-melo-manda-recado-ao-palmeiras-e-declaracao-de-andre-rocha-as-ultimas-noticias-do-corinthians\/#primaryimage\",\"url\":\"https:\/\/www.gaveanews.com\/wp-content\/uploads\/Escudo-do-Corinthians-na-Neo-Quimica-Arena.webp\",\"contentUrl\":\"https:\/\/www.gaveanews.com\/wp-content\/uploads\/Escudo-do-Corinthians-na-Neo-Quimica-Arena.webp\",\"width\":1440,\"height\":959,\"caption\":\"Escudo do Corinthians na N\u00e9o Qu\u00edmica Arena (Foto Reprodu\u00e7\u00e3o\/Instagram)\"},{\"@type\":\"BreadcrumbList\",\"@id\":\"https:\/\/www.gaveanews.com\/index.php\/2025\/03\/27\/atacante-esta-fora-dos-planos-augusto-melo-manda-recado-ao-palmeiras-e-declaracao-de-andre-rocha-as-ultimas-noticias-do-corinthians\/#breadcrumb\",\"itemListElement\":[{\"@type\":\"ListItem\",\"position\":1,\"name\":\"Home\",\"item\":\"https:\/\/www.gaveanews.com\/\"},{\"@type\":\"ListItem\",\"position\":2,\"name\":\"Atacante est\u00e1 fora dos planos, Augusto Melo manda recado ao Palmeiras e declara\u00e7\u00e3o de Andr\u00e9 Rocha: as \u00faltimas not\u00edcias do Corinthians\"}]},{\"@type\":\"WebSite\",\"@id\":\"https:\/\/www.gaveanews.com\/#website\",\"url\":\"https:\/\/www.gaveanews.com\/\",\"name\":\"G\u00e1vea News\",\"description\":\"Veja todas as not\u00edcias sobre o Flamengo: Contrata\u00e7\u00f5es, categorias de base, resultados das partidas, tabela de classifica\u00e7\u00e3o, pr\u00f3ximos jogos!\",\"potentialAction\":[{\"@type\":\"SearchAction\",\"target\":{\"@type\":\"EntryPoint\",\"urlTemplate\":\"https:\/\/www.gaveanews.com\/?s={search_term_string}\"},\"query-input\":{\"@type\":\"PropertyValueSpecification\",\"valueRequired\":true,\"valueName\":\"search_term_string\"}}],\"inLanguage\":\"pt-BR\"},{\"@type\":\"Person\",\"@id\":\"https:\/\/www.gaveanews.com\/#\/schema\/person\/c79759ca337c40791ae8d08e2923d403\",\"name\":\"Brenda Cezillo\",\"image\":{\"@type\":\"ImageObject\",\"inLanguage\":\"pt-BR\",\"@id\":\"https:\/\/www.gaveanews.com\/#\/schema\/person\/image\/\",\"url\":\"https:\/\/secure.gravatar.com\/avatar\/1738d75cee7317f9c29ae61dd67620c5883d80a92e42a6fff88ae5d527af217a?s=96&d=mm&r=g\",\"contentUrl\":\"https:\/\/secure.gravatar.com\/avatar\/1738d75cee7317f9c29ae61dd67620c5883d80a92e42a6fff88ae5d527af217a?s=96&d=mm&r=g\",\"caption\":\"Brenda Cezillo\"}}]}<\/script>\n<!-- \/ Yoast SEO Premium plugin. -->","yoast_head_json":{"title":"Atacante est\u00e1 fora dos planos, Augusto Melo manda recado ao Palmeiras e declara\u00e7\u00e3o de Andr\u00e9 Rocha: as \u00faltimas not\u00edcias do Corinthians","robots":{"index":"index","follow":"follow","max-snippet":"max-snippet:-1","max-image-preview":"max-image-preview:large","max-video-preview":"max-video-preview:-1"},"canonical":"https:\/\/www.gaveanews.com\/index.php\/2025\/03\/27\/atacante-esta-fora-dos-planos-augusto-melo-manda-recado-ao-palmeiras-e-declaracao-de-andre-rocha-as-ultimas-noticias-do-corinthians\/","og_locale":"pt_BR","og_type":"article","og_title":"Atacante est\u00e1 fora dos planos, Augusto Melo manda recado ao Palmeiras e declara\u00e7\u00e3o de Andr\u00e9 Rocha: as \u00faltimas not\u00edcias do Corinthians","og_description":"Nas \u00faltimas horas, o foco das not\u00edcias sobre o Corinthians se concentram nos bastidores do clube, com destaques do dia a dia do time. Por conta deste contexto, leia abaixo um resumo preparado pela equipe do portal G\u00e1vea News para lhe manter muito bem informado! Declara\u00e7\u00e3o de Andr\u00e9 Rocha O Flamengo vive um momento delicado [&hellip;]","og_url":"https:\/\/www.gaveanews.com\/index.php\/2025\/03\/27\/atacante-esta-fora-dos-planos-augusto-melo-manda-recado-ao-palmeiras-e-declaracao-de-andre-rocha-as-ultimas-noticias-do-corinthians\/","og_site_name":"G\u00e1vea News","article_publisher":"https:\/\/facebook.com\/gaveaNews\/","article_published_time":"2025-03-27T19:25:00+00:00","og_image":[{"width":1440,"height":959,"url":"https:\/\/www.gaveanews.com\/wp-content\/uploads\/Escudo-do-Corinthians-na-Neo-Quimica-Arena.webp","type":"image\/jpeg"}],"author":"Brenda Cezillo","twitter_card":"summary_large_image","twitter_misc":{"Escrito por":"Brenda Cezillo","Est. tempo de leitura":"5 minutos"},"schema":{"@context":"https:\/\/schema.org","@graph":[{"@type":"NewsArticle","@id":"https:\/\/www.gaveanews.com\/index.php\/2025\/03\/27\/atacante-esta-fora-dos-planos-augusto-melo-manda-recado-ao-palmeiras-e-declaracao-de-andre-rocha-as-ultimas-noticias-do-corinthians\/#article","isPartOf":{"@id":"https:\/\/www.gaveanews.com\/index.php\/2025\/03\/27\/atacante-esta-fora-dos-planos-augusto-melo-manda-recado-ao-palmeiras-e-declaracao-de-andre-rocha-as-ultimas-noticias-do-corinthians\/"},"author":{"name":"Brenda Cezillo","@id":"https:\/\/www.gaveanews.com\/#\/schema\/person\/c79759ca337c40791ae8d08e2923d403"},"headline":"Atacante est\u00e1 fora dos planos, Augusto Melo manda recado ao Palmeiras e declara\u00e7\u00e3o de Andr\u00e9 Rocha: as \u00faltimas not\u00edcias do Corinthians","datePublished":"2025-03-27T19:25:00+00:00","mainEntityOfPage":{"@id":"https:\/\/www.gaveanews.com\/index.php\/2025\/03\/27\/atacante-esta-fora-dos-planos-augusto-melo-manda-recado-ao-palmeiras-e-declaracao-de-andre-rocha-as-ultimas-noticias-do-corinthians\/"},"wordCount":878,"commentCount":0,"image":{"@id":"https:\/\/www.gaveanews.com\/index.php\/2025\/03\/27\/atacante-esta-fora-dos-planos-augusto-melo-manda-recado-ao-palmeiras-e-declaracao-de-andre-rocha-as-ultimas-noticias-do-corinthians\/#primaryimage"},"thumbnailUrl":"https:\/\/www.gaveanews.com\/wp-content\/uploads\/Escudo-do-Corinthians-na-Neo-Quimica-Arena.webp","articleSection":["Corinthians"],"inLanguage":"pt-BR","potentialAction":[{"@type":"CommentAction","name":"Comment","target":["https:\/\/www.gaveanews.com\/index.php\/2025\/03\/27\/atacante-esta-fora-dos-planos-augusto-melo-manda-recado-ao-palmeiras-e-declaracao-de-andre-rocha-as-ultimas-noticias-do-corinthians\/#respond"]}],"copyrightYear":"2025","copyrightHolder":{"@id":"https:\/\/www.gaveanews.com\/#organization"}},{"@type":"WebPage","@id":"https:\/\/www.gaveanews.com\/index.php\/2025\/03\/27\/atacante-esta-fora-dos-planos-augusto-melo-manda-recado-ao-palmeiras-e-declaracao-de-andre-rocha-as-ultimas-noticias-do-corinthians\/","url":"https:\/\/www.gaveanews.com\/index.php\/2025\/03\/27\/atacante-esta-fora-dos-planos-augusto-melo-manda-recado-ao-palmeiras-e-declaracao-de-andre-rocha-as-ultimas-noticias-do-corinthians\/","name":"Atacante est\u00e1 fora dos planos, Augusto Melo manda recado ao Palmeiras e declara\u00e7\u00e3o de Andr\u00e9 Rocha: as \u00faltimas not\u00edcias do Corinthians","isPartOf":{"@id":"https:\/\/www.gaveanews.com\/#website"},"primaryImageOfPage":{"@id":"https:\/\/www.gaveanews.com\/index.php\/2025\/03\/27\/atacante-esta-fora-dos-planos-augusto-melo-manda-recado-ao-palmeiras-e-declaracao-de-andre-rocha-as-ultimas-noticias-do-corinthians\/#primaryimage"},"image":{"@id":"https:\/\/www.gaveanews.com\/index.php\/2025\/03\/27\/atacante-esta-fora-dos-planos-augusto-melo-manda-recado-ao-palmeiras-e-declaracao-de-andre-rocha-as-ultimas-noticias-do-corinthians\/#primaryimage"},"thumbnailUrl":"https:\/\/www.gaveanews.com\/wp-content\/uploads\/Escudo-do-Corinthians-na-Neo-Quimica-Arena.webp","datePublished":"2025-03-27T19:25:00+00:00","author":{"@id":"https:\/\/www.gaveanews.com\/#\/schema\/person\/c79759ca337c40791ae8d08e2923d403"},"breadcrumb":{"@id":"https:\/\/www.gaveanews.com\/index.php\/2025\/03\/27\/atacante-esta-fora-dos-planos-augusto-melo-manda-recado-ao-palmeiras-e-declaracao-de-andre-rocha-as-ultimas-noticias-do-corinthians\/#breadcrumb"},"inLanguage":"pt-BR","potentialAction":[{"@type":"ReadAction","target":["https:\/\/www.gaveanews.com\/index.php\/2025\/03\/27\/atacante-esta-fora-dos-planos-augusto-melo-manda-recado-ao-palmeiras-e-declaracao-de-andre-rocha-as-ultimas-noticias-do-corinthians\/"]}]},{"@type":"ImageObject","inLanguage":"pt-BR","@id":"https:\/\/www.gaveanews.com\/index.php\/2025\/03\/27\/atacante-esta-fora-dos-planos-augusto-melo-manda-recado-ao-palmeiras-e-declaracao-de-andre-rocha-as-ultimas-noticias-do-corinthians\/#primaryimage","url":"https:\/\/www.gaveanews.com\/wp-content\/uploads\/Escudo-do-Corinthians-na-Neo-Quimica-Arena.webp","contentUrl":"https:\/\/www.gaveanews.com\/wp-content\/uploads\/Escudo-do-Corinthians-na-Neo-Quimica-Arena.webp","width":1440,"height":959,"caption":"Escudo do Corinthians na N\u00e9o Qu\u00edmica Arena (Foto Reprodu\u00e7\u00e3o\/Instagram)"},{"@type":"BreadcrumbList","@id":"https:\/\/www.gaveanews.com\/index.php\/2025\/03\/27\/atacante-esta-fora-dos-planos-augusto-melo-manda-recado-ao-palmeiras-e-declaracao-de-andre-rocha-as-ultimas-noticias-do-corinthians\/#breadcrumb","itemListElement":[{"@type":"ListItem","position":1,"name":"Home","item":"https:\/\/www.gaveanews.com\/"},{"@type":"ListItem","position":2,"name":"Atacante est\u00e1 fora dos planos, Augusto Melo manda recado ao Palmeiras e declara\u00e7\u00e3o de Andr\u00e9 Rocha: as \u00faltimas not\u00edcias do Corinthians"}]},{"@type":"WebSite","@id":"https:\/\/www.gaveanews.com\/#website","url":"https:\/\/www.gaveanews.com\/","name":"G\u00e1vea News","description":"Veja todas as not\u00edcias sobre o Flamengo: Contrata\u00e7\u00f5es, categorias de base, resultados das partidas, tabela de classifica\u00e7\u00e3o, pr\u00f3ximos jogos!","potentialAction":[{"@type":"SearchAction","target":{"@type":"EntryPoint","urlTemplate":"https:\/\/www.gaveanews.com\/?s={search_term_string}"},"query-input":{"@type":"PropertyValueSpecification","valueRequired":true,"valueName":"search_term_string"}}],"inLanguage":"pt-BR"},{"@type":"Person","@id":"https:\/\/www.gaveanews.com\/#\/schema\/person\/c79759ca337c40791ae8d08e2923d403","name":"Brenda Cezillo","image":{"@type":"ImageObject","inLanguage":"pt-BR","@id":"https:\/\/www.gaveanews.com\/#\/schema\/person\/image\/","url":"https:\/\/secure.gravatar.com\/avatar\/1738d75cee7317f9c29ae61dd67620c5883d80a92e42a6fff88ae5d527af217a?s=96&d=mm&r=g","contentUrl":"https:\/\/secure.gravatar.com\/avatar\/1738d75cee7317f9c29ae61dd67620c5883d80a92e42a6fff88ae5d527af217a?s=96&d=mm&r=g","caption":"Brenda Cezillo"}}]}},"_links":{"self":[{"href":"https:\/\/www.gaveanews.com\/index.php\/wp-json\/wp\/v2\/posts\/245488","targetHints":{"allow":["GET"]}}],"collection":[{"href":"https:\/\/www.gaveanews.com\/index.php\/wp-json\/wp\/v2\/posts"}],"about":[{"href":"https:\/\/www.gaveanews.com\/index.php\/wp-json\/wp\/v2\/types\/post"}],"author":[{"embeddable":true,"href":"https:\/\/www.gaveanews.com\/index.php\/wp-json\/wp\/v2\/users\/33"}],"replies":[{"embeddable":true,"href":"https:\/\/www.gaveanews.com\/index.php\/wp-json\/wp\/v2\/comments?post=245488"}],"version-history":[{"count":1,"href":"https:\/\/www.gaveanews.com\/index.php\/wp-json\/wp\/v2\/posts\/245488\/revisions"}],"predecessor-version":[{"id":245498,"href":"https:\/\/www.gaveanews.com\/index.php\/wp-json\/wp\/v2\/posts\/245488\/revisions\/245498"}],"wp:featuredmedia":[{"embeddable":true,"href":"https:\/\/www.gaveanews.com\/index.php\/wp-json\/wp\/v2\/media\/154473"}],"wp:attachment":[{"href":"https:\/\/www.gaveanews.com\/index.php\/wp-json\/wp\/v2\/media?parent=245488"}],"wp:term":[{"taxonomy":"category","embeddable":true,"href":"https:\/\/www.gaveanews.com\/index.php\/wp-json\/wp\/v2\/categories?post=245488"},{"taxonomy":"post_tag","embeddable":true,"href":"https:\/\/www.gaveanews.com\/index.php\/wp-json\/wp\/v2\/tags?post=245488"}],"curies":[{"name":"wp","href":"https:\/\/api.w.org\/{rel}","templated":true}]}}