{"id":245494,"date":"2025-03-27T16:05:00","date_gmt":"2025-03-27T19:05:00","guid":{"rendered":"https:\/\/www.gaveanews.com\/?p=245494"},"modified":"2025-03-27T15:49:20","modified_gmt":"2025-03-27T18:49:20","slug":"braithwaite-kannemann-gabriel-mec-e-mayk-novidades-sobre-o-departamento-medico-do-gremio","status":"publish","type":"post","link":"https:\/\/www.gaveanews.com\/index.php\/2025\/03\/27\/braithwaite-kannemann-gabriel-mec-e-mayk-novidades-sobre-o-departamento-medico-do-gremio\/","title":{"rendered":"Braithwaite, Kannemann Gabriel Mec e Mayk: novidades sobre o departamento m\u00e9dico do Gr\u00eamio"},"content":{"rendered":"\n<p>O Gr\u00eamio iniciar\u00e1 sua trajet\u00f3ria no Campeonato Brasileiro 2025 com desafios importantes. A equipe comandada por Gustavo Quinteros enfrenta o Atl\u00e9tico neste s\u00e1bado (29), \u00e0s 18h30 (hor\u00e1rio de Bras\u00edlia), na Arena, em Porto Alegre, e ter\u00e1 de lidar com aus\u00eancias relevantes para o duelo.<\/p>\n\n\n\n<p>A principal baixa confirmada \u00e9 a de Martin Braithwaite. O atacante dinamarqu\u00eas sofreu uma les\u00e3o no m\u00fasculo adutor longo da coxa direita e foi encaminhado \u00e0 Europa para dar sequ\u00eancia ao tratamento m\u00e9dico. &#8220;Braithwaite est\u00e1 fora da estreia. Esperamos que se recupere o quanto antes&#8221;, informou o clube. Diante desse cen\u00e1rio, a expectativa \u00e9 de que o uruguaio Mat\u00edas Arezo seja escalado entre os titulares.<\/p>\n\n\n\n<figure class=\"wp-block-image size-full\"><img loading=\"lazy\" decoding=\"async\" width=\"800\" height=\"544\" src=\"http:\/\/www.gaveanews.com\/wp-content\/uploads\/Kannemann-em-acao-pelo-Gremio.webp\" alt=\"\" class=\"wp-image-64262\" srcset=\"https:\/\/www.gaveanews.com\/wp-content\/uploads\/Kannemann-em-acao-pelo-Gremio.webp 800w, https:\/\/www.gaveanews.com\/wp-content\/uploads\/Kannemann-em-acao-pelo-Gremio-300x204.webp 300w, https:\/\/www.gaveanews.com\/wp-content\/uploads\/Kannemann-em-acao-pelo-Gremio-768x522.webp 768w, https:\/\/www.gaveanews.com\/wp-content\/uploads\/Kannemann-em-acao-pelo-Gremio-618x420.webp 618w, https:\/\/www.gaveanews.com\/wp-content\/uploads\/Kannemann-em-acao-pelo-Gremio-640x435.webp 640w, https:\/\/www.gaveanews.com\/wp-content\/uploads\/Kannemann-em-acao-pelo-Gremio-681x463.webp 681w, https:\/\/www.gaveanews.com\/wp-content\/uploads\/Kannemann-em-acao-pelo-Gremio-100x68.webp 100w\" sizes=\"auto, (max-width: 800px) 100vw, 800px\" \/><figcaption class=\"wp-element-caption\">Kannemann em a\u00e7\u00e3o pelo Gr\u00eamio (Foto: Liamara Polli\/AFP\/JC)<\/figcaption><\/figure>\n\n\n\n<p>Al\u00e9m de Braithwaite, o jovem Gabriel Mec, de 17 anos, tamb\u00e9m segue afastado. O meia-atacante sofreu um entorse no tornozelo direito durante treinamento com a Sele\u00e7\u00e3o Brasileira Sub-17 em janeiro, e ainda realiza tratamento. Embora n\u00e3o seja uma pe\u00e7a do time principal, Mec vem sendo observado de perto pela comiss\u00e3o t\u00e9cnica, que projeta oportunidades futuras.<\/p>\n\n\n\n<p>Em contrapartida, o zagueiro Walter Kannemann, que enfrentava um problema no quadril desde o ano passado, j\u00e1 treina normalmente com o elenco. Contudo, conforme o planejamento da comiss\u00e3o t\u00e9cnica, o defensor argentino dever\u00e1 iniciar a partida no banco de reservas, sendo op\u00e7\u00e3o para o decorrer do confronto.<\/p>\n\n\n\n<p>Outro nome que caminha para o retorno \u00e9 Mayk. O lateral-esquerdo est\u00e1 em fase final de recupera\u00e7\u00e3o de uma les\u00e3o muscular na coxa, sofrida em janeiro, durante o Campeonato Ga\u00facho, em jogo contra o Caxias. Embora ainda n\u00e3o tenha sido liberado, o jogador tem evolu\u00eddo bem nos trabalhos com a fisioterapia.<\/p>\n\n\n\n<p>Por fim, o Gr\u00eamio contar\u00e1 com os retornos de Villasanti, Aravena e Olivera, que estavam com suas sele\u00e7\u00f5es disputando as Eliminat\u00f3rias. Os tr\u00eas jogadores voltaram a tempo e devem estar \u00e0 disposi\u00e7\u00e3o de Quinteros para o compromisso inicial do Brasileir\u00e3o. A prov\u00e1vel escala\u00e7\u00e3o conta com Volpi; Igor Serrote (Jo\u00e3o Pedro), Jemerson, Wagner Leonardo e Lucas Esteves; Cu\u00e9llar (Camilo), Villasanti, Edenilson (Monsalve), Amuzu e Olivera; Arezo.<\/p>\n","protected":false},"excerpt":{"rendered":"<p>O Gr\u00eamio iniciar\u00e1 sua trajet\u00f3ria no Campeonato Brasileiro 2025 com desafios importantes. A equipe comandada por Gustavo Quinteros enfrenta o Atl\u00e9tico neste s\u00e1bado (29), \u00e0s 18h30 (hor\u00e1rio de Bras\u00edlia), na Arena, em Porto Alegre, e ter\u00e1 de lidar com aus\u00eancias relevantes para o duelo. A principal baixa confirmada \u00e9 a de Martin Braithwaite. O atacante [&hellip;]<\/p>\n","protected":false},"author":27,"featured_media":159019,"comment_status":"open","ping_status":"closed","sticky":false,"template":"","format":"standard","meta":{"footnotes":""},"categories":[147],"tags":[],"class_list":["post-245494","post","type-post","status-publish","format-standard","has-post-thumbnail","hentry","category-gremio"],"yoast_head":"<!-- This site is optimized with the Yoast SEO Premium plugin v24.2 (Yoast SEO v26.9) - https:\/\/yoast.com\/product\/yoast-seo-premium-wordpress\/ -->\n<title>Braithwaite, Kannemann Gabriel Mec e Mayk: novidades sobre o departamento m\u00e9dico do Gr\u00eamio<\/title>\n<meta name=\"robots\" content=\"index, follow, max-snippet:-1, max-image-preview:large, max-video-preview:-1\" \/>\n<link rel=\"canonical\" href=\"https:\/\/www.gaveanews.com\/index.php\/2025\/03\/27\/braithwaite-kannemann-gabriel-mec-e-mayk-novidades-sobre-o-departamento-medico-do-gremio\/\" \/>\n<meta property=\"og:locale\" content=\"pt_BR\" \/>\n<meta property=\"og:type\" content=\"article\" \/>\n<meta property=\"og:title\" content=\"Braithwaite, Kannemann Gabriel Mec e Mayk: novidades sobre o departamento m\u00e9dico do Gr\u00eamio\" \/>\n<meta property=\"og:description\" content=\"O Gr\u00eamio iniciar\u00e1 sua trajet\u00f3ria no Campeonato Brasileiro 2025 com desafios importantes. A equipe comandada por Gustavo Quinteros enfrenta o Atl\u00e9tico neste s\u00e1bado (29), \u00e0s 18h30 (hor\u00e1rio de Bras\u00edlia), na Arena, em Porto Alegre, e ter\u00e1 de lidar com aus\u00eancias relevantes para o duelo. A principal baixa confirmada \u00e9 a de Martin Braithwaite. O atacante [&hellip;]\" \/>\n<meta property=\"og:url\" content=\"https:\/\/www.gaveanews.com\/index.php\/2025\/03\/27\/braithwaite-kannemann-gabriel-mec-e-mayk-novidades-sobre-o-departamento-medico-do-gremio\/\" \/>\n<meta property=\"og:site_name\" content=\"G\u00e1vea News\" \/>\n<meta property=\"article:publisher\" content=\"https:\/\/facebook.com\/gaveaNews\/\" \/>\n<meta property=\"article:published_time\" content=\"2025-03-27T19:05:00+00:00\" \/>\n<meta property=\"og:image\" content=\"https:\/\/www.gaveanews.com\/wp-content\/uploads\/Braithwaite-com-a-camisa-do-Gremio-em-2024.webp\" \/>\n\t<meta property=\"og:image:width\" content=\"1440\" \/>\n\t<meta property=\"og:image:height\" content=\"960\" \/>\n\t<meta property=\"og:image:type\" content=\"image\/webp\" \/>\n<meta name=\"author\" content=\"Matheus Felipe\" \/>\n<meta name=\"twitter:card\" content=\"summary_large_image\" \/>\n<meta name=\"twitter:label1\" content=\"Escrito por\" \/>\n\t<meta name=\"twitter:data1\" content=\"Matheus Felipe\" \/>\n\t<meta name=\"twitter:label2\" content=\"Est. tempo de leitura\" \/>\n\t<meta name=\"twitter:data2\" content=\"3 minutos\" \/>\n<script type=\"application\/ld+json\" class=\"yoast-schema-graph\">{\"@context\":\"https:\/\/schema.org\",\"@graph\":[{\"@type\":\"NewsArticle\",\"@id\":\"https:\/\/www.gaveanews.com\/index.php\/2025\/03\/27\/braithwaite-kannemann-gabriel-mec-e-mayk-novidades-sobre-o-departamento-medico-do-gremio\/#article\",\"isPartOf\":{\"@id\":\"https:\/\/www.gaveanews.com\/index.php\/2025\/03\/27\/braithwaite-kannemann-gabriel-mec-e-mayk-novidades-sobre-o-departamento-medico-do-gremio\/\"},\"author\":{\"name\":\"Matheus Felipe\",\"@id\":\"https:\/\/www.gaveanews.com\/#\/schema\/person\/8207cd4627f56151707418bfc835b2fb\"},\"headline\":\"Braithwaite, Kannemann Gabriel Mec e Mayk: novidades sobre o departamento m\u00e9dico do Gr\u00eamio\",\"datePublished\":\"2025-03-27T19:05:00+00:00\",\"mainEntityOfPage\":{\"@id\":\"https:\/\/www.gaveanews.com\/index.php\/2025\/03\/27\/braithwaite-kannemann-gabriel-mec-e-mayk-novidades-sobre-o-departamento-medico-do-gremio\/\"},\"wordCount\":385,\"commentCount\":0,\"image\":{\"@id\":\"https:\/\/www.gaveanews.com\/index.php\/2025\/03\/27\/braithwaite-kannemann-gabriel-mec-e-mayk-novidades-sobre-o-departamento-medico-do-gremio\/#primaryimage\"},\"thumbnailUrl\":\"https:\/\/www.gaveanews.com\/wp-content\/uploads\/Braithwaite-com-a-camisa-do-Gremio-em-2024.webp\",\"articleSection\":[\"Gr\u00eamio\"],\"inLanguage\":\"pt-BR\",\"potentialAction\":[{\"@type\":\"CommentAction\",\"name\":\"Comment\",\"target\":[\"https:\/\/www.gaveanews.com\/index.php\/2025\/03\/27\/braithwaite-kannemann-gabriel-mec-e-mayk-novidades-sobre-o-departamento-medico-do-gremio\/#respond\"]}],\"copyrightYear\":\"2025\",\"copyrightHolder\":{\"@id\":\"https:\/\/www.gaveanews.com\/#organization\"}},{\"@type\":\"WebPage\",\"@id\":\"https:\/\/www.gaveanews.com\/index.php\/2025\/03\/27\/braithwaite-kannemann-gabriel-mec-e-mayk-novidades-sobre-o-departamento-medico-do-gremio\/\",\"url\":\"https:\/\/www.gaveanews.com\/index.php\/2025\/03\/27\/braithwaite-kannemann-gabriel-mec-e-mayk-novidades-sobre-o-departamento-medico-do-gremio\/\",\"name\":\"Braithwaite, Kannemann Gabriel Mec e Mayk: novidades sobre o departamento m\u00e9dico do Gr\u00eamio\",\"isPartOf\":{\"@id\":\"https:\/\/www.gaveanews.com\/#website\"},\"primaryImageOfPage\":{\"@id\":\"https:\/\/www.gaveanews.com\/index.php\/2025\/03\/27\/braithwaite-kannemann-gabriel-mec-e-mayk-novidades-sobre-o-departamento-medico-do-gremio\/#primaryimage\"},\"image\":{\"@id\":\"https:\/\/www.gaveanews.com\/index.php\/2025\/03\/27\/braithwaite-kannemann-gabriel-mec-e-mayk-novidades-sobre-o-departamento-medico-do-gremio\/#primaryimage\"},\"thumbnailUrl\":\"https:\/\/www.gaveanews.com\/wp-content\/uploads\/Braithwaite-com-a-camisa-do-Gremio-em-2024.webp\",\"datePublished\":\"2025-03-27T19:05:00+00:00\",\"author\":{\"@id\":\"https:\/\/www.gaveanews.com\/#\/schema\/person\/8207cd4627f56151707418bfc835b2fb\"},\"breadcrumb\":{\"@id\":\"https:\/\/www.gaveanews.com\/index.php\/2025\/03\/27\/braithwaite-kannemann-gabriel-mec-e-mayk-novidades-sobre-o-departamento-medico-do-gremio\/#breadcrumb\"},\"inLanguage\":\"pt-BR\",\"potentialAction\":[{\"@type\":\"ReadAction\",\"target\":[\"https:\/\/www.gaveanews.com\/index.php\/2025\/03\/27\/braithwaite-kannemann-gabriel-mec-e-mayk-novidades-sobre-o-departamento-medico-do-gremio\/\"]}]},{\"@type\":\"ImageObject\",\"inLanguage\":\"pt-BR\",\"@id\":\"https:\/\/www.gaveanews.com\/index.php\/2025\/03\/27\/braithwaite-kannemann-gabriel-mec-e-mayk-novidades-sobre-o-departamento-medico-do-gremio\/#primaryimage\",\"url\":\"https:\/\/www.gaveanews.com\/wp-content\/uploads\/Braithwaite-com-a-camisa-do-Gremio-em-2024.webp\",\"contentUrl\":\"https:\/\/www.gaveanews.com\/wp-content\/uploads\/Braithwaite-com-a-camisa-do-Gremio-em-2024.webp\",\"width\":1440,\"height\":960,\"caption\":\"Braithwaite com a camisa do Gr\u00eamio em 2024 (Foto: Lucas Uebel\/Gr\u00eamio)\"},{\"@type\":\"BreadcrumbList\",\"@id\":\"https:\/\/www.gaveanews.com\/index.php\/2025\/03\/27\/braithwaite-kannemann-gabriel-mec-e-mayk-novidades-sobre-o-departamento-medico-do-gremio\/#breadcrumb\",\"itemListElement\":[{\"@type\":\"ListItem\",\"position\":1,\"name\":\"Home\",\"item\":\"https:\/\/www.gaveanews.com\/\"},{\"@type\":\"ListItem\",\"position\":2,\"name\":\"Braithwaite, Kannemann Gabriel Mec e Mayk: novidades sobre o departamento m\u00e9dico do Gr\u00eamio\"}]},{\"@type\":\"WebSite\",\"@id\":\"https:\/\/www.gaveanews.com\/#website\",\"url\":\"https:\/\/www.gaveanews.com\/\",\"name\":\"G\u00e1vea News\",\"description\":\"Veja todas as not\u00edcias sobre o Flamengo: Contrata\u00e7\u00f5es, categorias de base, resultados das partidas, tabela de classifica\u00e7\u00e3o, pr\u00f3ximos jogos!\",\"potentialAction\":[{\"@type\":\"SearchAction\",\"target\":{\"@type\":\"EntryPoint\",\"urlTemplate\":\"https:\/\/www.gaveanews.com\/?s={search_term_string}\"},\"query-input\":{\"@type\":\"PropertyValueSpecification\",\"valueRequired\":true,\"valueName\":\"search_term_string\"}}],\"inLanguage\":\"pt-BR\"},{\"@type\":\"Person\",\"@id\":\"https:\/\/www.gaveanews.com\/#\/schema\/person\/8207cd4627f56151707418bfc835b2fb\",\"name\":\"Matheus Felipe\",\"image\":{\"@type\":\"ImageObject\",\"inLanguage\":\"pt-BR\",\"@id\":\"https:\/\/www.gaveanews.com\/#\/schema\/person\/image\/\",\"url\":\"https:\/\/secure.gravatar.com\/avatar\/a452ffbed9130f726358b298bb3a99ce4bd3c5338411f8440e87e14d74c7c087?s=96&d=mm&r=g\",\"contentUrl\":\"https:\/\/secure.gravatar.com\/avatar\/a452ffbed9130f726358b298bb3a99ce4bd3c5338411f8440e87e14d74c7c087?s=96&d=mm&r=g\",\"caption\":\"Matheus Felipe\"}}]}<\/script>\n<!-- \/ Yoast SEO Premium plugin. -->","yoast_head_json":{"title":"Braithwaite, Kannemann Gabriel Mec e Mayk: novidades sobre o departamento m\u00e9dico do Gr\u00eamio","robots":{"index":"index","follow":"follow","max-snippet":"max-snippet:-1","max-image-preview":"max-image-preview:large","max-video-preview":"max-video-preview:-1"},"canonical":"https:\/\/www.gaveanews.com\/index.php\/2025\/03\/27\/braithwaite-kannemann-gabriel-mec-e-mayk-novidades-sobre-o-departamento-medico-do-gremio\/","og_locale":"pt_BR","og_type":"article","og_title":"Braithwaite, Kannemann Gabriel Mec e Mayk: novidades sobre o departamento m\u00e9dico do Gr\u00eamio","og_description":"O Gr\u00eamio iniciar\u00e1 sua trajet\u00f3ria no Campeonato Brasileiro 2025 com desafios importantes. A equipe comandada por Gustavo Quinteros enfrenta o Atl\u00e9tico neste s\u00e1bado (29), \u00e0s 18h30 (hor\u00e1rio de Bras\u00edlia), na Arena, em Porto Alegre, e ter\u00e1 de lidar com aus\u00eancias relevantes para o duelo. A principal baixa confirmada \u00e9 a de Martin Braithwaite. O atacante [&hellip;]","og_url":"https:\/\/www.gaveanews.com\/index.php\/2025\/03\/27\/braithwaite-kannemann-gabriel-mec-e-mayk-novidades-sobre-o-departamento-medico-do-gremio\/","og_site_name":"G\u00e1vea News","article_publisher":"https:\/\/facebook.com\/gaveaNews\/","article_published_time":"2025-03-27T19:05:00+00:00","og_image":[{"width":1440,"height":960,"url":"https:\/\/www.gaveanews.com\/wp-content\/uploads\/Braithwaite-com-a-camisa-do-Gremio-em-2024.webp","type":"image\/webp"}],"author":"Matheus Felipe","twitter_card":"summary_large_image","twitter_misc":{"Escrito por":"Matheus Felipe","Est. tempo de leitura":"3 minutos"},"schema":{"@context":"https:\/\/schema.org","@graph":[{"@type":"NewsArticle","@id":"https:\/\/www.gaveanews.com\/index.php\/2025\/03\/27\/braithwaite-kannemann-gabriel-mec-e-mayk-novidades-sobre-o-departamento-medico-do-gremio\/#article","isPartOf":{"@id":"https:\/\/www.gaveanews.com\/index.php\/2025\/03\/27\/braithwaite-kannemann-gabriel-mec-e-mayk-novidades-sobre-o-departamento-medico-do-gremio\/"},"author":{"name":"Matheus Felipe","@id":"https:\/\/www.gaveanews.com\/#\/schema\/person\/8207cd4627f56151707418bfc835b2fb"},"headline":"Braithwaite, Kannemann Gabriel Mec e Mayk: novidades sobre o departamento m\u00e9dico do Gr\u00eamio","datePublished":"2025-03-27T19:05:00+00:00","mainEntityOfPage":{"@id":"https:\/\/www.gaveanews.com\/index.php\/2025\/03\/27\/braithwaite-kannemann-gabriel-mec-e-mayk-novidades-sobre-o-departamento-medico-do-gremio\/"},"wordCount":385,"commentCount":0,"image":{"@id":"https:\/\/www.gaveanews.com\/index.php\/2025\/03\/27\/braithwaite-kannemann-gabriel-mec-e-mayk-novidades-sobre-o-departamento-medico-do-gremio\/#primaryimage"},"thumbnailUrl":"https:\/\/www.gaveanews.com\/wp-content\/uploads\/Braithwaite-com-a-camisa-do-Gremio-em-2024.webp","articleSection":["Gr\u00eamio"],"inLanguage":"pt-BR","potentialAction":[{"@type":"CommentAction","name":"Comment","target":["https:\/\/www.gaveanews.com\/index.php\/2025\/03\/27\/braithwaite-kannemann-gabriel-mec-e-mayk-novidades-sobre-o-departamento-medico-do-gremio\/#respond"]}],"copyrightYear":"2025","copyrightHolder":{"@id":"https:\/\/www.gaveanews.com\/#organization"}},{"@type":"WebPage","@id":"https:\/\/www.gaveanews.com\/index.php\/2025\/03\/27\/braithwaite-kannemann-gabriel-mec-e-mayk-novidades-sobre-o-departamento-medico-do-gremio\/","url":"https:\/\/www.gaveanews.com\/index.php\/2025\/03\/27\/braithwaite-kannemann-gabriel-mec-e-mayk-novidades-sobre-o-departamento-medico-do-gremio\/","name":"Braithwaite, Kannemann Gabriel Mec e Mayk: novidades sobre o departamento m\u00e9dico do Gr\u00eamio","isPartOf":{"@id":"https:\/\/www.gaveanews.com\/#website"},"primaryImageOfPage":{"@id":"https:\/\/www.gaveanews.com\/index.php\/2025\/03\/27\/braithwaite-kannemann-gabriel-mec-e-mayk-novidades-sobre-o-departamento-medico-do-gremio\/#primaryimage"},"image":{"@id":"https:\/\/www.gaveanews.com\/index.php\/2025\/03\/27\/braithwaite-kannemann-gabriel-mec-e-mayk-novidades-sobre-o-departamento-medico-do-gremio\/#primaryimage"},"thumbnailUrl":"https:\/\/www.gaveanews.com\/wp-content\/uploads\/Braithwaite-com-a-camisa-do-Gremio-em-2024.webp","datePublished":"2025-03-27T19:05:00+00:00","author":{"@id":"https:\/\/www.gaveanews.com\/#\/schema\/person\/8207cd4627f56151707418bfc835b2fb"},"breadcrumb":{"@id":"https:\/\/www.gaveanews.com\/index.php\/2025\/03\/27\/braithwaite-kannemann-gabriel-mec-e-mayk-novidades-sobre-o-departamento-medico-do-gremio\/#breadcrumb"},"inLanguage":"pt-BR","potentialAction":[{"@type":"ReadAction","target":["https:\/\/www.gaveanews.com\/index.php\/2025\/03\/27\/braithwaite-kannemann-gabriel-mec-e-mayk-novidades-sobre-o-departamento-medico-do-gremio\/"]}]},{"@type":"ImageObject","inLanguage":"pt-BR","@id":"https:\/\/www.gaveanews.com\/index.php\/2025\/03\/27\/braithwaite-kannemann-gabriel-mec-e-mayk-novidades-sobre-o-departamento-medico-do-gremio\/#primaryimage","url":"https:\/\/www.gaveanews.com\/wp-content\/uploads\/Braithwaite-com-a-camisa-do-Gremio-em-2024.webp","contentUrl":"https:\/\/www.gaveanews.com\/wp-content\/uploads\/Braithwaite-com-a-camisa-do-Gremio-em-2024.webp","width":1440,"height":960,"caption":"Braithwaite com a camisa do Gr\u00eamio em 2024 (Foto: Lucas Uebel\/Gr\u00eamio)"},{"@type":"BreadcrumbList","@id":"https:\/\/www.gaveanews.com\/index.php\/2025\/03\/27\/braithwaite-kannemann-gabriel-mec-e-mayk-novidades-sobre-o-departamento-medico-do-gremio\/#breadcrumb","itemListElement":[{"@type":"ListItem","position":1,"name":"Home","item":"https:\/\/www.gaveanews.com\/"},{"@type":"ListItem","position":2,"name":"Braithwaite, Kannemann Gabriel Mec e Mayk: novidades sobre o departamento m\u00e9dico do Gr\u00eamio"}]},{"@type":"WebSite","@id":"https:\/\/www.gaveanews.com\/#website","url":"https:\/\/www.gaveanews.com\/","name":"G\u00e1vea News","description":"Veja todas as not\u00edcias sobre o Flamengo: Contrata\u00e7\u00f5es, categorias de base, resultados das partidas, tabela de classifica\u00e7\u00e3o, pr\u00f3ximos jogos!","potentialAction":[{"@type":"SearchAction","target":{"@type":"EntryPoint","urlTemplate":"https:\/\/www.gaveanews.com\/?s={search_term_string}"},"query-input":{"@type":"PropertyValueSpecification","valueRequired":true,"valueName":"search_term_string"}}],"inLanguage":"pt-BR"},{"@type":"Person","@id":"https:\/\/www.gaveanews.com\/#\/schema\/person\/8207cd4627f56151707418bfc835b2fb","name":"Matheus Felipe","image":{"@type":"ImageObject","inLanguage":"pt-BR","@id":"https:\/\/www.gaveanews.com\/#\/schema\/person\/image\/","url":"https:\/\/secure.gravatar.com\/avatar\/a452ffbed9130f726358b298bb3a99ce4bd3c5338411f8440e87e14d74c7c087?s=96&d=mm&r=g","contentUrl":"https:\/\/secure.gravatar.com\/avatar\/a452ffbed9130f726358b298bb3a99ce4bd3c5338411f8440e87e14d74c7c087?s=96&d=mm&r=g","caption":"Matheus Felipe"}}]}},"_links":{"self":[{"href":"https:\/\/www.gaveanews.com\/index.php\/wp-json\/wp\/v2\/posts\/245494","targetHints":{"allow":["GET"]}}],"collection":[{"href":"https:\/\/www.gaveanews.com\/index.php\/wp-json\/wp\/v2\/posts"}],"about":[{"href":"https:\/\/www.gaveanews.com\/index.php\/wp-json\/wp\/v2\/types\/post"}],"author":[{"embeddable":true,"href":"https:\/\/www.gaveanews.com\/index.php\/wp-json\/wp\/v2\/users\/27"}],"replies":[{"embeddable":true,"href":"https:\/\/www.gaveanews.com\/index.php\/wp-json\/wp\/v2\/comments?post=245494"}],"version-history":[{"count":1,"href":"https:\/\/www.gaveanews.com\/index.php\/wp-json\/wp\/v2\/posts\/245494\/revisions"}],"predecessor-version":[{"id":245502,"href":"https:\/\/www.gaveanews.com\/index.php\/wp-json\/wp\/v2\/posts\/245494\/revisions\/245502"}],"wp:featuredmedia":[{"embeddable":true,"href":"https:\/\/www.gaveanews.com\/index.php\/wp-json\/wp\/v2\/media\/159019"}],"wp:attachment":[{"href":"https:\/\/www.gaveanews.com\/index.php\/wp-json\/wp\/v2\/media?parent=245494"}],"wp:term":[{"taxonomy":"category","embeddable":true,"href":"https:\/\/www.gaveanews.com\/index.php\/wp-json\/wp\/v2\/categories?post=245494"},{"taxonomy":"post_tag","embeddable":true,"href":"https:\/\/www.gaveanews.com\/index.php\/wp-json\/wp\/v2\/tags?post=245494"}],"curies":[{"name":"wp","href":"https:\/\/api.w.org\/{rel}","templated":true}]}}