{"id":245496,"date":"2025-03-27T16:00:00","date_gmt":"2025-03-27T19:00:00","guid":{"rendered":"https:\/\/www.gaveanews.com\/?p=245496"},"modified":"2025-03-27T15:42:24","modified_gmt":"2025-03-27T18:42:24","slug":"o-pensamento-de-leonardo-jardim-sobre-matheus-pereira","status":"publish","type":"post","link":"https:\/\/www.gaveanews.com\/index.php\/2025\/03\/27\/o-pensamento-de-leonardo-jardim-sobre-matheus-pereira\/","title":{"rendered":"O pensamento de Leonardo Jardim sobre Matheus Pereira\u00a0"},"content":{"rendered":"\n<p>O Cruzeiro inicia o Campeonato Brasileiro com um desafio importante: recuperar o futebol de Matheus Pereira.&nbsp;<\/p>\n\n\n\n<p>O meia, que j\u00e1 trabalhou com Leonardo Jardim no Al Hilal, reencontra o treinador na Raposa, e essa rela\u00e7\u00e3o pode ser determinante para seu desempenho em 2024. Sendo assim, a expectativa \u00e9 de que o t\u00e9cnico consiga extrair o melhor do camisa 10.<\/p>\n\n\n\n<h2 class=\"wp-block-heading\" id=\"h-matheus-pereira-ja-cogitou-deixar-o-cruzeiro\">Matheus Pereira j\u00e1 cogitou deixar o Cruzeiro<\/h2>\n\n\n\n<figure class=\"wp-block-image size-large\"><img loading=\"lazy\" decoding=\"async\" width=\"819\" height=\"1024\" src=\"http:\/\/www.gaveanews.com\/wp-content\/uploads\/Matheus-Pereira-em-acao-pelo-Cruzeiro-819x1024.webp\" alt=\"\" class=\"wp-image-158265\" srcset=\"https:\/\/www.gaveanews.com\/wp-content\/uploads\/Matheus-Pereira-em-acao-pelo-Cruzeiro-819x1024.webp 819w, https:\/\/www.gaveanews.com\/wp-content\/uploads\/Matheus-Pereira-em-acao-pelo-Cruzeiro-240x300.webp 240w, https:\/\/www.gaveanews.com\/wp-content\/uploads\/Matheus-Pereira-em-acao-pelo-Cruzeiro-768x960.webp 768w, https:\/\/www.gaveanews.com\/wp-content\/uploads\/Matheus-Pereira-em-acao-pelo-Cruzeiro-336x420.webp 336w, https:\/\/www.gaveanews.com\/wp-content\/uploads\/Matheus-Pereira-em-acao-pelo-Cruzeiro-672x840.webp 672w, https:\/\/www.gaveanews.com\/wp-content\/uploads\/Matheus-Pereira-em-acao-pelo-Cruzeiro-640x800.webp 640w, https:\/\/www.gaveanews.com\/wp-content\/uploads\/Matheus-Pereira-em-acao-pelo-Cruzeiro-681x851.webp 681w, https:\/\/www.gaveanews.com\/wp-content\/uploads\/Matheus-Pereira-em-acao-pelo-Cruzeiro-100x125.webp 100w, https:\/\/www.gaveanews.com\/wp-content\/uploads\/Matheus-Pereira-em-acao-pelo-Cruzeiro.webp 1080w\" sizes=\"auto, (max-width: 819px) 100vw, 819px\" \/><figcaption class=\"wp-element-caption\">Matheus Pereira em a\u00e7\u00e3o pelo Cruzeiro (Foto: Reprodu\u00e7\u00e3o\/Instagram)<\/figcaption><\/figure>\n\n\n\n<p>A rela\u00e7\u00e3o de Matheus Pereira com a torcida celeste teve momentos turbulentos. O jogador chegou a pedir para sair do clube por quest\u00f5es pessoais e esteve perto de se transferir para o Zenit, da R\u00fassia, no in\u00edcio do ano. No entanto, ele recusou a proposta e permaneceu na Toca da Raposa.<\/p>\n\n\n\n<p>Com isso, a incerteza sobre seu futuro ainda paira no ar. A janela europeia reabre em julho, e uma nova negocia\u00e7\u00e3o pode acontecer. Por isso, caso Matheus Pereira deixe o time, o Cruzeiro precisar\u00e1 buscar uma alternativa no mercado.<\/p>\n\n\n\n<h2 class=\"wp-block-heading\" id=\"h-leonardo-jardim-pode-recuperar-o-melhor-de-matheus-pereira\">Leonardo Jardim pode recuperar o melhor de Matheus Pereira<\/h2>\n\n\n\n<p>Leonardo Jardim j\u00e1 conhece bem o estilo de jogo do meia. Os dois trabalharam juntos no Al Hilal, e o treinador portugu\u00eas pode ser pe\u00e7a-chave para resgatar a confian\u00e7a do jogador.&nbsp;<\/p>\n\n\n\n<p>A experi\u00eancia do t\u00e9cnico pode ajudar a encaixar Matheus Pereira em um esquema t\u00e1tico que favore\u00e7a seu futebol. Isso porque o meia tem qualidade t\u00e9cnica e vis\u00e3o de jogo, mas precisa estar em um ambiente prop\u00edcio para desempenhar seu melhor papel.<\/p>\n\n\n\n<h2 class=\"wp-block-heading\" id=\"h-estreia-do-cruzeiro-no-brasileirao\">Estreia do Cruzeiro no Brasileir\u00e3o<\/h2>\n\n\n\n<p>A equipe de Leonardo Jardim segue sua prepara\u00e7\u00e3o para o Brasileir\u00e3o. O time realizou amistosos contra Botafogo e Bragantino e estreia na competi\u00e7\u00e3o contra o Mirassol, no pr\u00f3ximo s\u00e1bado (29), \u00e0s 18h30, no Mineir\u00e3o.<\/p>\n\n\n\n<p>Com isso, a partida marcar\u00e1 o in\u00edcio de uma nova fase para o Cruzeiro e, possivelmente, para Matheus Pereira sob o comando de Leonardo Jardim.<\/p>\n","protected":false},"excerpt":{"rendered":"<p>O Cruzeiro inicia o Campeonato Brasileiro com um desafio importante: recuperar o futebol de Matheus Pereira.&nbsp; O meia, que j\u00e1 trabalhou com Leonardo Jardim no Al Hilal, reencontra o treinador na Raposa, e essa rela\u00e7\u00e3o pode ser determinante para seu desempenho em 2024. Sendo assim, a expectativa \u00e9 de que o t\u00e9cnico consiga extrair o [&hellip;]<\/p>\n","protected":false},"author":25,"featured_media":225548,"comment_status":"open","ping_status":"closed","sticky":false,"template":"","format":"standard","meta":{"footnotes":""},"categories":[143],"tags":[],"class_list":["post-245496","post","type-post","status-publish","format-standard","has-post-thumbnail","hentry","category-cruzeiro"],"yoast_head":"<!-- This site is optimized with the Yoast SEO Premium plugin v24.2 (Yoast SEO v26.9) - https:\/\/yoast.com\/product\/yoast-seo-premium-wordpress\/ -->\n<title>O pensamento de Leonardo Jardim sobre Matheus Pereira\u00a0<\/title>\n<meta name=\"robots\" content=\"index, follow, max-snippet:-1, max-image-preview:large, max-video-preview:-1\" \/>\n<link rel=\"canonical\" href=\"https:\/\/www.gaveanews.com\/index.php\/2025\/03\/27\/o-pensamento-de-leonardo-jardim-sobre-matheus-pereira\/\" \/>\n<meta property=\"og:locale\" content=\"pt_BR\" \/>\n<meta property=\"og:type\" content=\"article\" \/>\n<meta property=\"og:title\" content=\"O pensamento de Leonardo Jardim sobre Matheus Pereira\u00a0\" \/>\n<meta property=\"og:description\" content=\"O Cruzeiro inicia o Campeonato Brasileiro com um desafio importante: recuperar o futebol de Matheus Pereira.&nbsp; O meia, que j\u00e1 trabalhou com Leonardo Jardim no Al Hilal, reencontra o treinador na Raposa, e essa rela\u00e7\u00e3o pode ser determinante para seu desempenho em 2024. Sendo assim, a expectativa \u00e9 de que o t\u00e9cnico consiga extrair o [&hellip;]\" \/>\n<meta property=\"og:url\" content=\"https:\/\/www.gaveanews.com\/index.php\/2025\/03\/27\/o-pensamento-de-leonardo-jardim-sobre-matheus-pereira\/\" \/>\n<meta property=\"og:site_name\" content=\"G\u00e1vea News\" \/>\n<meta property=\"article:publisher\" content=\"https:\/\/facebook.com\/gaveaNews\/\" \/>\n<meta property=\"article:published_time\" content=\"2025-03-27T19:00:00+00:00\" \/>\n<meta property=\"og:image\" content=\"https:\/\/www.gaveanews.com\/wp-content\/uploads\/Leonardo-Jardim-durante-partida-do-Cruzeiro-em-2025.webp\" \/>\n\t<meta property=\"og:image:width\" content=\"799\" \/>\n\t<meta property=\"og:image:height\" content=\"533\" \/>\n\t<meta property=\"og:image:type\" content=\"image\/jpeg\" \/>\n<meta name=\"author\" content=\"Rafaela Ladeira\" \/>\n<meta name=\"twitter:card\" content=\"summary_large_image\" \/>\n<meta name=\"twitter:label1\" content=\"Escrito por\" \/>\n\t<meta name=\"twitter:data1\" content=\"Rafaela Ladeira\" \/>\n\t<meta name=\"twitter:label2\" content=\"Est. tempo de leitura\" \/>\n\t<meta name=\"twitter:data2\" content=\"3 minutos\" \/>\n<script type=\"application\/ld+json\" class=\"yoast-schema-graph\">{\"@context\":\"https:\/\/schema.org\",\"@graph\":[{\"@type\":\"NewsArticle\",\"@id\":\"https:\/\/www.gaveanews.com\/index.php\/2025\/03\/27\/o-pensamento-de-leonardo-jardim-sobre-matheus-pereira\/#article\",\"isPartOf\":{\"@id\":\"https:\/\/www.gaveanews.com\/index.php\/2025\/03\/27\/o-pensamento-de-leonardo-jardim-sobre-matheus-pereira\/\"},\"author\":{\"name\":\"Rafaela Ladeira\",\"@id\":\"https:\/\/www.gaveanews.com\/#\/schema\/person\/0eb3e3fe1754f0205218538adbe8f5ed\"},\"headline\":\"O pensamento de Leonardo Jardim sobre Matheus Pereira\u00a0\",\"datePublished\":\"2025-03-27T19:00:00+00:00\",\"mainEntityOfPage\":{\"@id\":\"https:\/\/www.gaveanews.com\/index.php\/2025\/03\/27\/o-pensamento-de-leonardo-jardim-sobre-matheus-pereira\/\"},\"wordCount\":343,\"commentCount\":0,\"image\":{\"@id\":\"https:\/\/www.gaveanews.com\/index.php\/2025\/03\/27\/o-pensamento-de-leonardo-jardim-sobre-matheus-pereira\/#primaryimage\"},\"thumbnailUrl\":\"https:\/\/www.gaveanews.com\/wp-content\/uploads\/Leonardo-Jardim-durante-partida-do-Cruzeiro-em-2025.webp\",\"articleSection\":[\"Cruzeiro\"],\"inLanguage\":\"pt-BR\",\"potentialAction\":[{\"@type\":\"CommentAction\",\"name\":\"Comment\",\"target\":[\"https:\/\/www.gaveanews.com\/index.php\/2025\/03\/27\/o-pensamento-de-leonardo-jardim-sobre-matheus-pereira\/#respond\"]}],\"copyrightYear\":\"2025\",\"copyrightHolder\":{\"@id\":\"https:\/\/www.gaveanews.com\/#organization\"}},{\"@type\":\"WebPage\",\"@id\":\"https:\/\/www.gaveanews.com\/index.php\/2025\/03\/27\/o-pensamento-de-leonardo-jardim-sobre-matheus-pereira\/\",\"url\":\"https:\/\/www.gaveanews.com\/index.php\/2025\/03\/27\/o-pensamento-de-leonardo-jardim-sobre-matheus-pereira\/\",\"name\":\"O pensamento de Leonardo Jardim sobre Matheus Pereira\u00a0\",\"isPartOf\":{\"@id\":\"https:\/\/www.gaveanews.com\/#website\"},\"primaryImageOfPage\":{\"@id\":\"https:\/\/www.gaveanews.com\/index.php\/2025\/03\/27\/o-pensamento-de-leonardo-jardim-sobre-matheus-pereira\/#primaryimage\"},\"image\":{\"@id\":\"https:\/\/www.gaveanews.com\/index.php\/2025\/03\/27\/o-pensamento-de-leonardo-jardim-sobre-matheus-pereira\/#primaryimage\"},\"thumbnailUrl\":\"https:\/\/www.gaveanews.com\/wp-content\/uploads\/Leonardo-Jardim-durante-partida-do-Cruzeiro-em-2025.webp\",\"datePublished\":\"2025-03-27T19:00:00+00:00\",\"author\":{\"@id\":\"https:\/\/www.gaveanews.com\/#\/schema\/person\/0eb3e3fe1754f0205218538adbe8f5ed\"},\"breadcrumb\":{\"@id\":\"https:\/\/www.gaveanews.com\/index.php\/2025\/03\/27\/o-pensamento-de-leonardo-jardim-sobre-matheus-pereira\/#breadcrumb\"},\"inLanguage\":\"pt-BR\",\"potentialAction\":[{\"@type\":\"ReadAction\",\"target\":[\"https:\/\/www.gaveanews.com\/index.php\/2025\/03\/27\/o-pensamento-de-leonardo-jardim-sobre-matheus-pereira\/\"]}]},{\"@type\":\"ImageObject\",\"inLanguage\":\"pt-BR\",\"@id\":\"https:\/\/www.gaveanews.com\/index.php\/2025\/03\/27\/o-pensamento-de-leonardo-jardim-sobre-matheus-pereira\/#primaryimage\",\"url\":\"https:\/\/www.gaveanews.com\/wp-content\/uploads\/Leonardo-Jardim-durante-partida-do-Cruzeiro-em-2025.webp\",\"contentUrl\":\"https:\/\/www.gaveanews.com\/wp-content\/uploads\/Leonardo-Jardim-durante-partida-do-Cruzeiro-em-2025.webp\",\"width\":799,\"height\":533,\"caption\":\"Leonardo Jardim durante partida do Cruzeiro em 2025 (Foto: Gustavo Aleixo\/Cruzeiro)\"},{\"@type\":\"BreadcrumbList\",\"@id\":\"https:\/\/www.gaveanews.com\/index.php\/2025\/03\/27\/o-pensamento-de-leonardo-jardim-sobre-matheus-pereira\/#breadcrumb\",\"itemListElement\":[{\"@type\":\"ListItem\",\"position\":1,\"name\":\"Home\",\"item\":\"https:\/\/www.gaveanews.com\/\"},{\"@type\":\"ListItem\",\"position\":2,\"name\":\"O pensamento de Leonardo Jardim sobre Matheus Pereira\u00a0\"}]},{\"@type\":\"WebSite\",\"@id\":\"https:\/\/www.gaveanews.com\/#website\",\"url\":\"https:\/\/www.gaveanews.com\/\",\"name\":\"G\u00e1vea News\",\"description\":\"Veja todas as not\u00edcias sobre o Flamengo: Contrata\u00e7\u00f5es, categorias de base, resultados das partidas, tabela de classifica\u00e7\u00e3o, pr\u00f3ximos jogos!\",\"potentialAction\":[{\"@type\":\"SearchAction\",\"target\":{\"@type\":\"EntryPoint\",\"urlTemplate\":\"https:\/\/www.gaveanews.com\/?s={search_term_string}\"},\"query-input\":{\"@type\":\"PropertyValueSpecification\",\"valueRequired\":true,\"valueName\":\"search_term_string\"}}],\"inLanguage\":\"pt-BR\"},{\"@type\":\"Person\",\"@id\":\"https:\/\/www.gaveanews.com\/#\/schema\/person\/0eb3e3fe1754f0205218538adbe8f5ed\",\"name\":\"Rafaela Ladeira\",\"image\":{\"@type\":\"ImageObject\",\"inLanguage\":\"pt-BR\",\"@id\":\"https:\/\/www.gaveanews.com\/#\/schema\/person\/image\/\",\"url\":\"https:\/\/secure.gravatar.com\/avatar\/c31f513acffd85eacab5730cbdfdbbf59f21ba5aeada8cd890acea879fbb2455?s=96&d=mm&r=g\",\"contentUrl\":\"https:\/\/secure.gravatar.com\/avatar\/c31f513acffd85eacab5730cbdfdbbf59f21ba5aeada8cd890acea879fbb2455?s=96&d=mm&r=g\",\"caption\":\"Rafaela Ladeira\"}}]}<\/script>\n<!-- \/ Yoast SEO Premium plugin. -->","yoast_head_json":{"title":"O pensamento de Leonardo Jardim sobre Matheus Pereira\u00a0","robots":{"index":"index","follow":"follow","max-snippet":"max-snippet:-1","max-image-preview":"max-image-preview:large","max-video-preview":"max-video-preview:-1"},"canonical":"https:\/\/www.gaveanews.com\/index.php\/2025\/03\/27\/o-pensamento-de-leonardo-jardim-sobre-matheus-pereira\/","og_locale":"pt_BR","og_type":"article","og_title":"O pensamento de Leonardo Jardim sobre Matheus Pereira\u00a0","og_description":"O Cruzeiro inicia o Campeonato Brasileiro com um desafio importante: recuperar o futebol de Matheus Pereira.&nbsp; O meia, que j\u00e1 trabalhou com Leonardo Jardim no Al Hilal, reencontra o treinador na Raposa, e essa rela\u00e7\u00e3o pode ser determinante para seu desempenho em 2024. Sendo assim, a expectativa \u00e9 de que o t\u00e9cnico consiga extrair o [&hellip;]","og_url":"https:\/\/www.gaveanews.com\/index.php\/2025\/03\/27\/o-pensamento-de-leonardo-jardim-sobre-matheus-pereira\/","og_site_name":"G\u00e1vea News","article_publisher":"https:\/\/facebook.com\/gaveaNews\/","article_published_time":"2025-03-27T19:00:00+00:00","og_image":[{"width":799,"height":533,"url":"https:\/\/www.gaveanews.com\/wp-content\/uploads\/Leonardo-Jardim-durante-partida-do-Cruzeiro-em-2025.webp","type":"image\/jpeg"}],"author":"Rafaela Ladeira","twitter_card":"summary_large_image","twitter_misc":{"Escrito por":"Rafaela Ladeira","Est. tempo de leitura":"3 minutos"},"schema":{"@context":"https:\/\/schema.org","@graph":[{"@type":"NewsArticle","@id":"https:\/\/www.gaveanews.com\/index.php\/2025\/03\/27\/o-pensamento-de-leonardo-jardim-sobre-matheus-pereira\/#article","isPartOf":{"@id":"https:\/\/www.gaveanews.com\/index.php\/2025\/03\/27\/o-pensamento-de-leonardo-jardim-sobre-matheus-pereira\/"},"author":{"name":"Rafaela Ladeira","@id":"https:\/\/www.gaveanews.com\/#\/schema\/person\/0eb3e3fe1754f0205218538adbe8f5ed"},"headline":"O pensamento de Leonardo Jardim sobre Matheus Pereira\u00a0","datePublished":"2025-03-27T19:00:00+00:00","mainEntityOfPage":{"@id":"https:\/\/www.gaveanews.com\/index.php\/2025\/03\/27\/o-pensamento-de-leonardo-jardim-sobre-matheus-pereira\/"},"wordCount":343,"commentCount":0,"image":{"@id":"https:\/\/www.gaveanews.com\/index.php\/2025\/03\/27\/o-pensamento-de-leonardo-jardim-sobre-matheus-pereira\/#primaryimage"},"thumbnailUrl":"https:\/\/www.gaveanews.com\/wp-content\/uploads\/Leonardo-Jardim-durante-partida-do-Cruzeiro-em-2025.webp","articleSection":["Cruzeiro"],"inLanguage":"pt-BR","potentialAction":[{"@type":"CommentAction","name":"Comment","target":["https:\/\/www.gaveanews.com\/index.php\/2025\/03\/27\/o-pensamento-de-leonardo-jardim-sobre-matheus-pereira\/#respond"]}],"copyrightYear":"2025","copyrightHolder":{"@id":"https:\/\/www.gaveanews.com\/#organization"}},{"@type":"WebPage","@id":"https:\/\/www.gaveanews.com\/index.php\/2025\/03\/27\/o-pensamento-de-leonardo-jardim-sobre-matheus-pereira\/","url":"https:\/\/www.gaveanews.com\/index.php\/2025\/03\/27\/o-pensamento-de-leonardo-jardim-sobre-matheus-pereira\/","name":"O pensamento de Leonardo Jardim sobre Matheus Pereira\u00a0","isPartOf":{"@id":"https:\/\/www.gaveanews.com\/#website"},"primaryImageOfPage":{"@id":"https:\/\/www.gaveanews.com\/index.php\/2025\/03\/27\/o-pensamento-de-leonardo-jardim-sobre-matheus-pereira\/#primaryimage"},"image":{"@id":"https:\/\/www.gaveanews.com\/index.php\/2025\/03\/27\/o-pensamento-de-leonardo-jardim-sobre-matheus-pereira\/#primaryimage"},"thumbnailUrl":"https:\/\/www.gaveanews.com\/wp-content\/uploads\/Leonardo-Jardim-durante-partida-do-Cruzeiro-em-2025.webp","datePublished":"2025-03-27T19:00:00+00:00","author":{"@id":"https:\/\/www.gaveanews.com\/#\/schema\/person\/0eb3e3fe1754f0205218538adbe8f5ed"},"breadcrumb":{"@id":"https:\/\/www.gaveanews.com\/index.php\/2025\/03\/27\/o-pensamento-de-leonardo-jardim-sobre-matheus-pereira\/#breadcrumb"},"inLanguage":"pt-BR","potentialAction":[{"@type":"ReadAction","target":["https:\/\/www.gaveanews.com\/index.php\/2025\/03\/27\/o-pensamento-de-leonardo-jardim-sobre-matheus-pereira\/"]}]},{"@type":"ImageObject","inLanguage":"pt-BR","@id":"https:\/\/www.gaveanews.com\/index.php\/2025\/03\/27\/o-pensamento-de-leonardo-jardim-sobre-matheus-pereira\/#primaryimage","url":"https:\/\/www.gaveanews.com\/wp-content\/uploads\/Leonardo-Jardim-durante-partida-do-Cruzeiro-em-2025.webp","contentUrl":"https:\/\/www.gaveanews.com\/wp-content\/uploads\/Leonardo-Jardim-durante-partida-do-Cruzeiro-em-2025.webp","width":799,"height":533,"caption":"Leonardo Jardim durante partida do Cruzeiro em 2025 (Foto: Gustavo Aleixo\/Cruzeiro)"},{"@type":"BreadcrumbList","@id":"https:\/\/www.gaveanews.com\/index.php\/2025\/03\/27\/o-pensamento-de-leonardo-jardim-sobre-matheus-pereira\/#breadcrumb","itemListElement":[{"@type":"ListItem","position":1,"name":"Home","item":"https:\/\/www.gaveanews.com\/"},{"@type":"ListItem","position":2,"name":"O pensamento de Leonardo Jardim sobre Matheus Pereira\u00a0"}]},{"@type":"WebSite","@id":"https:\/\/www.gaveanews.com\/#website","url":"https:\/\/www.gaveanews.com\/","name":"G\u00e1vea News","description":"Veja todas as not\u00edcias sobre o Flamengo: Contrata\u00e7\u00f5es, categorias de base, resultados das partidas, tabela de classifica\u00e7\u00e3o, pr\u00f3ximos jogos!","potentialAction":[{"@type":"SearchAction","target":{"@type":"EntryPoint","urlTemplate":"https:\/\/www.gaveanews.com\/?s={search_term_string}"},"query-input":{"@type":"PropertyValueSpecification","valueRequired":true,"valueName":"search_term_string"}}],"inLanguage":"pt-BR"},{"@type":"Person","@id":"https:\/\/www.gaveanews.com\/#\/schema\/person\/0eb3e3fe1754f0205218538adbe8f5ed","name":"Rafaela Ladeira","image":{"@type":"ImageObject","inLanguage":"pt-BR","@id":"https:\/\/www.gaveanews.com\/#\/schema\/person\/image\/","url":"https:\/\/secure.gravatar.com\/avatar\/c31f513acffd85eacab5730cbdfdbbf59f21ba5aeada8cd890acea879fbb2455?s=96&d=mm&r=g","contentUrl":"https:\/\/secure.gravatar.com\/avatar\/c31f513acffd85eacab5730cbdfdbbf59f21ba5aeada8cd890acea879fbb2455?s=96&d=mm&r=g","caption":"Rafaela Ladeira"}}]}},"_links":{"self":[{"href":"https:\/\/www.gaveanews.com\/index.php\/wp-json\/wp\/v2\/posts\/245496","targetHints":{"allow":["GET"]}}],"collection":[{"href":"https:\/\/www.gaveanews.com\/index.php\/wp-json\/wp\/v2\/posts"}],"about":[{"href":"https:\/\/www.gaveanews.com\/index.php\/wp-json\/wp\/v2\/types\/post"}],"author":[{"embeddable":true,"href":"https:\/\/www.gaveanews.com\/index.php\/wp-json\/wp\/v2\/users\/25"}],"replies":[{"embeddable":true,"href":"https:\/\/www.gaveanews.com\/index.php\/wp-json\/wp\/v2\/comments?post=245496"}],"version-history":[{"count":1,"href":"https:\/\/www.gaveanews.com\/index.php\/wp-json\/wp\/v2\/posts\/245496\/revisions"}],"predecessor-version":[{"id":245497,"href":"https:\/\/www.gaveanews.com\/index.php\/wp-json\/wp\/v2\/posts\/245496\/revisions\/245497"}],"wp:featuredmedia":[{"embeddable":true,"href":"https:\/\/www.gaveanews.com\/index.php\/wp-json\/wp\/v2\/media\/225548"}],"wp:attachment":[{"href":"https:\/\/www.gaveanews.com\/index.php\/wp-json\/wp\/v2\/media?parent=245496"}],"wp:term":[{"taxonomy":"category","embeddable":true,"href":"https:\/\/www.gaveanews.com\/index.php\/wp-json\/wp\/v2\/categories?post=245496"},{"taxonomy":"post_tag","embeddable":true,"href":"https:\/\/www.gaveanews.com\/index.php\/wp-json\/wp\/v2\/tags?post=245496"}],"curies":[{"name":"wp","href":"https:\/\/api.w.org\/{rel}","templated":true}]}}