{"id":245510,"date":"2025-03-27T16:20:00","date_gmt":"2025-03-27T19:20:00","guid":{"rendered":"https:\/\/www.gaveanews.com\/?p=245510"},"modified":"2025-03-27T15:57:56","modified_gmt":"2025-03-27T18:57:56","slug":"a-declaracao-de-andre-rizek-sobre-carlo-ancelotti-e-filipe-luis-assumirem-o-brasil","status":"publish","type":"post","link":"https:\/\/www.gaveanews.com\/index.php\/2025\/03\/27\/a-declaracao-de-andre-rizek-sobre-carlo-ancelotti-e-filipe-luis-assumirem-o-brasil\/","title":{"rendered":"A declara\u00e7\u00e3o de Andr\u00e9 Rizek sobre Carlo Ancelotti e Filipe Lu\u00eds assumirem o Brasil"},"content":{"rendered":"\n<p>Ap\u00f3s a derrota da Sele\u00e7\u00e3o Brasileira por 4 a 1 para a Argentina, na \u00faltima ter\u00e7a-feira (25), o jornalista Andr\u00e9 Rizek afirmou que a passagem de Dorival J\u00fanior no comando t\u00e9cnico da equipe chegou ao fim. Durante o programa \u201cSele\u00e7\u00e3o SporTV\u201d, Rizek foi enf\u00e1tico ao cravar que a Confedera\u00e7\u00e3o Brasileira de Futebol (CBF) deve buscar um novo treinador nos pr\u00f3ximos dias.<\/p>\n\n\n\n<p>\u201cAcho que a passagem do Dorival terminou. O Brasil vai precisar de um novo t\u00e9cnico em breve\u201d, declarou o apresentador. Segundo ele, o nome que continua sendo o principal plano da CBF \u00e9 o do italiano Carlo Ancelotti, atualmente no Real Madrid. Ainda assim, Rizek admite que a contrata\u00e7\u00e3o do europeu \u00e9 improv\u00e1vel. \u201cO Ancelotti tem contrato com o Real Madrid at\u00e9 junho de 2026. Acho muito dif\u00edcil quebrar esse v\u00ednculo, mas seria maravilhoso, para mim\u201d, comentou.<\/p>\n\n\n\n<figure class=\"wp-block-image size-full\"><img loading=\"lazy\" decoding=\"async\" width=\"984\" height=\"737\" src=\"http:\/\/www.gaveanews.com\/wp-content\/uploads\/carlo-ancelotti-real-madrid.webp\" alt=\"\" class=\"wp-image-94020\" srcset=\"https:\/\/www.gaveanews.com\/wp-content\/uploads\/carlo-ancelotti-real-madrid.webp 984w, https:\/\/www.gaveanews.com\/wp-content\/uploads\/carlo-ancelotti-real-madrid-300x225.webp 300w, https:\/\/www.gaveanews.com\/wp-content\/uploads\/carlo-ancelotti-real-madrid-768x575.webp 768w, https:\/\/www.gaveanews.com\/wp-content\/uploads\/carlo-ancelotti-real-madrid-561x420.webp 561w, https:\/\/www.gaveanews.com\/wp-content\/uploads\/carlo-ancelotti-real-madrid-80x60.webp 80w, https:\/\/www.gaveanews.com\/wp-content\/uploads\/carlo-ancelotti-real-madrid-160x120.webp 160w, https:\/\/www.gaveanews.com\/wp-content\/uploads\/carlo-ancelotti-real-madrid-100x75.webp 100w, https:\/\/www.gaveanews.com\/wp-content\/uploads\/carlo-ancelotti-real-madrid-200x150.webp 200w, https:\/\/www.gaveanews.com\/wp-content\/uploads\/carlo-ancelotti-real-madrid-180x135.webp 180w, https:\/\/www.gaveanews.com\/wp-content\/uploads\/carlo-ancelotti-real-madrid-360x270.webp 360w, https:\/\/www.gaveanews.com\/wp-content\/uploads\/carlo-ancelotti-real-madrid-238x178.webp 238w, https:\/\/www.gaveanews.com\/wp-content\/uploads\/carlo-ancelotti-real-madrid-476x356.webp 476w, https:\/\/www.gaveanews.com\/wp-content\/uploads\/carlo-ancelotti-real-madrid-640x479.webp 640w, https:\/\/www.gaveanews.com\/wp-content\/uploads\/carlo-ancelotti-real-madrid-681x510.webp 681w\" sizes=\"auto, (max-width: 984px) 100vw, 984px\" \/><figcaption class=\"wp-element-caption\">Carlo Ancelotti, t\u00e9cnico do Real Madrid (Foto: Susana Vera\/Reuters)<\/figcaption><\/figure>\n\n\n\n<p>Contudo, o jornalista tamb\u00e9m apontou alternativas mais vi\u00e1veis para a fun\u00e7\u00e3o. Filipe Lu\u00eds, atualmente no Flamengo, foi citado como uma possibilidade, mas com ressalvas. \u201cO Filipe Lu\u00eds n\u00e3o tem interesse hoje. Pode ser que mude se for convidado, mas o projeto de vida dele \u00e9 na Europa. A carreira dele come\u00e7ou agora. N\u00e3o sei se seria a melhor alternativa\u201d, avaliou Rizek.<\/p>\n\n\n\n<p>Outra op\u00e7\u00e3o mencionada foi Jorge Jesus, t\u00e9cnico do Al Hilal, cujo contrato se encerra em maio. A rela\u00e7\u00e3o do portugu\u00eas com Neymar, por\u00e9m, pode representar um empecilho, conforme observou o jornalista. \u201cTem um atrito a\u00ed com o Neymar\u201d, afirmou. Apesar disso, o apresentador acredita que Jesus surge como uma op\u00e7\u00e3o l\u00f3gica. \u201cEle j\u00e1 demonstrou interesse em dirigir a Sele\u00e7\u00e3o. Com o contrato terminando em maio, passa a ser um alvo meio \u00f3bvio\u201d, completou.<\/p>\n\n\n\n<p>Ali\u00e1s, segundo informa\u00e7\u00f5es do programa, Jorge Jesus estaria disposto a antecipar sua sa\u00edda do Al Hilal para assumir o comando da Sele\u00e7\u00e3o, mesmo que isso o impe\u00e7a de disputar o Mundial de Clubes da Fifa.<\/p>\n\n\n\n<p>Por fim, uma reuni\u00e3o marcada para esta sexta-feira (28) entre o presidente da CBF, Ednaldo Rodrigues, o t\u00e9cnico Dorival J\u00fanior e o coordenador executivo de sele\u00e7\u00f5es, Rodrigo Caetano, deve definir a perman\u00eancia ou n\u00e3o da atual comiss\u00e3o t\u00e9cnica. Assim, o futuro do comando da Sele\u00e7\u00e3o Brasileira poder\u00e1 ser decidido ainda nesta semana.<\/p>\n","protected":false},"excerpt":{"rendered":"<p>Ap\u00f3s a derrota da Sele\u00e7\u00e3o Brasileira por 4 a 1 para a Argentina, na \u00faltima ter\u00e7a-feira (25), o jornalista Andr\u00e9 Rizek afirmou que a passagem de Dorival J\u00fanior no comando t\u00e9cnico da equipe chegou ao fim. Durante o programa \u201cSele\u00e7\u00e3o SporTV\u201d, Rizek foi enf\u00e1tico ao cravar que a Confedera\u00e7\u00e3o Brasileira de Futebol (CBF) deve buscar [&hellip;]<\/p>\n","protected":false},"author":27,"featured_media":101875,"comment_status":"open","ping_status":"closed","sticky":false,"template":"","format":"standard","meta":{"footnotes":""},"categories":[1,88],"tags":[],"class_list":["post-245510","post","type-post","status-publish","format-standard","has-post-thumbnail","hentry","category-flamengo","category-real-madrid"],"yoast_head":"<!-- This site is optimized with the Yoast SEO Premium plugin v24.2 (Yoast SEO v26.9) - https:\/\/yoast.com\/product\/yoast-seo-premium-wordpress\/ -->\n<title>A declara\u00e7\u00e3o de Andr\u00e9 Rizek sobre Carlo Ancelotti e Filipe Lu\u00eds assumirem o Brasil<\/title>\n<meta name=\"robots\" content=\"index, follow, max-snippet:-1, max-image-preview:large, max-video-preview:-1\" \/>\n<link rel=\"canonical\" href=\"https:\/\/www.gaveanews.com\/index.php\/2025\/03\/27\/a-declaracao-de-andre-rizek-sobre-carlo-ancelotti-e-filipe-luis-assumirem-o-brasil\/\" \/>\n<meta property=\"og:locale\" content=\"pt_BR\" \/>\n<meta property=\"og:type\" content=\"article\" \/>\n<meta property=\"og:title\" content=\"A declara\u00e7\u00e3o de Andr\u00e9 Rizek sobre Carlo Ancelotti e Filipe Lu\u00eds assumirem o Brasil\" \/>\n<meta property=\"og:description\" content=\"Ap\u00f3s a derrota da Sele\u00e7\u00e3o Brasileira por 4 a 1 para a Argentina, na \u00faltima ter\u00e7a-feira (25), o jornalista Andr\u00e9 Rizek afirmou que a passagem de Dorival J\u00fanior no comando t\u00e9cnico da equipe chegou ao fim. Durante o programa \u201cSele\u00e7\u00e3o SporTV\u201d, Rizek foi enf\u00e1tico ao cravar que a Confedera\u00e7\u00e3o Brasileira de Futebol (CBF) deve buscar [&hellip;]\" \/>\n<meta property=\"og:url\" content=\"https:\/\/www.gaveanews.com\/index.php\/2025\/03\/27\/a-declaracao-de-andre-rizek-sobre-carlo-ancelotti-e-filipe-luis-assumirem-o-brasil\/\" \/>\n<meta property=\"og:site_name\" content=\"G\u00e1vea News\" \/>\n<meta property=\"article:publisher\" content=\"https:\/\/facebook.com\/gaveaNews\/\" \/>\n<meta property=\"article:published_time\" content=\"2025-03-27T19:20:00+00:00\" \/>\n<meta property=\"og:image\" content=\"https:\/\/www.gaveanews.com\/wp-content\/uploads\/Andre-Rizek-durante-um-programa-do-SporTV.webp\" \/>\n\t<meta property=\"og:image:width\" content=\"795\" \/>\n\t<meta property=\"og:image:height\" content=\"448\" \/>\n\t<meta property=\"og:image:type\" content=\"image\/jpeg\" \/>\n<meta name=\"author\" content=\"Matheus Felipe\" \/>\n<meta name=\"twitter:card\" content=\"summary_large_image\" \/>\n<meta name=\"twitter:label1\" content=\"Escrito por\" \/>\n\t<meta name=\"twitter:data1\" content=\"Matheus Felipe\" \/>\n\t<meta name=\"twitter:label2\" content=\"Est. tempo de leitura\" \/>\n\t<meta name=\"twitter:data2\" content=\"3 minutos\" \/>\n<script type=\"application\/ld+json\" class=\"yoast-schema-graph\">{\"@context\":\"https:\/\/schema.org\",\"@graph\":[{\"@type\":\"NewsArticle\",\"@id\":\"https:\/\/www.gaveanews.com\/index.php\/2025\/03\/27\/a-declaracao-de-andre-rizek-sobre-carlo-ancelotti-e-filipe-luis-assumirem-o-brasil\/#article\",\"isPartOf\":{\"@id\":\"https:\/\/www.gaveanews.com\/index.php\/2025\/03\/27\/a-declaracao-de-andre-rizek-sobre-carlo-ancelotti-e-filipe-luis-assumirem-o-brasil\/\"},\"author\":{\"name\":\"Matheus Felipe\",\"@id\":\"https:\/\/www.gaveanews.com\/#\/schema\/person\/8207cd4627f56151707418bfc835b2fb\"},\"headline\":\"A declara\u00e7\u00e3o de Andr\u00e9 Rizek sobre Carlo Ancelotti e Filipe Lu\u00eds assumirem o Brasil\",\"datePublished\":\"2025-03-27T19:20:00+00:00\",\"mainEntityOfPage\":{\"@id\":\"https:\/\/www.gaveanews.com\/index.php\/2025\/03\/27\/a-declaracao-de-andre-rizek-sobre-carlo-ancelotti-e-filipe-luis-assumirem-o-brasil\/\"},\"wordCount\":422,\"commentCount\":0,\"image\":{\"@id\":\"https:\/\/www.gaveanews.com\/index.php\/2025\/03\/27\/a-declaracao-de-andre-rizek-sobre-carlo-ancelotti-e-filipe-luis-assumirem-o-brasil\/#primaryimage\"},\"thumbnailUrl\":\"https:\/\/www.gaveanews.com\/wp-content\/uploads\/Andre-Rizek-durante-um-programa-do-SporTV.webp\",\"articleSection\":[\"Flamengo\",\"Real Madrid\"],\"inLanguage\":\"pt-BR\",\"potentialAction\":[{\"@type\":\"CommentAction\",\"name\":\"Comment\",\"target\":[\"https:\/\/www.gaveanews.com\/index.php\/2025\/03\/27\/a-declaracao-de-andre-rizek-sobre-carlo-ancelotti-e-filipe-luis-assumirem-o-brasil\/#respond\"]}],\"copyrightYear\":\"2025\",\"copyrightHolder\":{\"@id\":\"https:\/\/www.gaveanews.com\/#organization\"}},{\"@type\":\"WebPage\",\"@id\":\"https:\/\/www.gaveanews.com\/index.php\/2025\/03\/27\/a-declaracao-de-andre-rizek-sobre-carlo-ancelotti-e-filipe-luis-assumirem-o-brasil\/\",\"url\":\"https:\/\/www.gaveanews.com\/index.php\/2025\/03\/27\/a-declaracao-de-andre-rizek-sobre-carlo-ancelotti-e-filipe-luis-assumirem-o-brasil\/\",\"name\":\"A declara\u00e7\u00e3o de Andr\u00e9 Rizek sobre Carlo Ancelotti e Filipe Lu\u00eds assumirem o Brasil\",\"isPartOf\":{\"@id\":\"https:\/\/www.gaveanews.com\/#website\"},\"primaryImageOfPage\":{\"@id\":\"https:\/\/www.gaveanews.com\/index.php\/2025\/03\/27\/a-declaracao-de-andre-rizek-sobre-carlo-ancelotti-e-filipe-luis-assumirem-o-brasil\/#primaryimage\"},\"image\":{\"@id\":\"https:\/\/www.gaveanews.com\/index.php\/2025\/03\/27\/a-declaracao-de-andre-rizek-sobre-carlo-ancelotti-e-filipe-luis-assumirem-o-brasil\/#primaryimage\"},\"thumbnailUrl\":\"https:\/\/www.gaveanews.com\/wp-content\/uploads\/Andre-Rizek-durante-um-programa-do-SporTV.webp\",\"datePublished\":\"2025-03-27T19:20:00+00:00\",\"author\":{\"@id\":\"https:\/\/www.gaveanews.com\/#\/schema\/person\/8207cd4627f56151707418bfc835b2fb\"},\"breadcrumb\":{\"@id\":\"https:\/\/www.gaveanews.com\/index.php\/2025\/03\/27\/a-declaracao-de-andre-rizek-sobre-carlo-ancelotti-e-filipe-luis-assumirem-o-brasil\/#breadcrumb\"},\"inLanguage\":\"pt-BR\",\"potentialAction\":[{\"@type\":\"ReadAction\",\"target\":[\"https:\/\/www.gaveanews.com\/index.php\/2025\/03\/27\/a-declaracao-de-andre-rizek-sobre-carlo-ancelotti-e-filipe-luis-assumirem-o-brasil\/\"]}]},{\"@type\":\"ImageObject\",\"inLanguage\":\"pt-BR\",\"@id\":\"https:\/\/www.gaveanews.com\/index.php\/2025\/03\/27\/a-declaracao-de-andre-rizek-sobre-carlo-ancelotti-e-filipe-luis-assumirem-o-brasil\/#primaryimage\",\"url\":\"https:\/\/www.gaveanews.com\/wp-content\/uploads\/Andre-Rizek-durante-um-programa-do-SporTV.webp\",\"contentUrl\":\"https:\/\/www.gaveanews.com\/wp-content\/uploads\/Andre-Rizek-durante-um-programa-do-SporTV.webp\",\"width\":795,\"height\":448,\"caption\":\"Andr\u00e9 Rizek durante um programa do SporTV (Foto: Reprodu\u00e7\u00e3o\/SporTV)\"},{\"@type\":\"BreadcrumbList\",\"@id\":\"https:\/\/www.gaveanews.com\/index.php\/2025\/03\/27\/a-declaracao-de-andre-rizek-sobre-carlo-ancelotti-e-filipe-luis-assumirem-o-brasil\/#breadcrumb\",\"itemListElement\":[{\"@type\":\"ListItem\",\"position\":1,\"name\":\"Home\",\"item\":\"https:\/\/www.gaveanews.com\/\"},{\"@type\":\"ListItem\",\"position\":2,\"name\":\"A declara\u00e7\u00e3o de Andr\u00e9 Rizek sobre Carlo Ancelotti e Filipe Lu\u00eds assumirem o Brasil\"}]},{\"@type\":\"WebSite\",\"@id\":\"https:\/\/www.gaveanews.com\/#website\",\"url\":\"https:\/\/www.gaveanews.com\/\",\"name\":\"G\u00e1vea News\",\"description\":\"Veja todas as not\u00edcias sobre o Flamengo: Contrata\u00e7\u00f5es, categorias de base, resultados das partidas, tabela de classifica\u00e7\u00e3o, pr\u00f3ximos jogos!\",\"potentialAction\":[{\"@type\":\"SearchAction\",\"target\":{\"@type\":\"EntryPoint\",\"urlTemplate\":\"https:\/\/www.gaveanews.com\/?s={search_term_string}\"},\"query-input\":{\"@type\":\"PropertyValueSpecification\",\"valueRequired\":true,\"valueName\":\"search_term_string\"}}],\"inLanguage\":\"pt-BR\"},{\"@type\":\"Person\",\"@id\":\"https:\/\/www.gaveanews.com\/#\/schema\/person\/8207cd4627f56151707418bfc835b2fb\",\"name\":\"Matheus Felipe\",\"image\":{\"@type\":\"ImageObject\",\"inLanguage\":\"pt-BR\",\"@id\":\"https:\/\/www.gaveanews.com\/#\/schema\/person\/image\/\",\"url\":\"https:\/\/secure.gravatar.com\/avatar\/a452ffbed9130f726358b298bb3a99ce4bd3c5338411f8440e87e14d74c7c087?s=96&d=mm&r=g\",\"contentUrl\":\"https:\/\/secure.gravatar.com\/avatar\/a452ffbed9130f726358b298bb3a99ce4bd3c5338411f8440e87e14d74c7c087?s=96&d=mm&r=g\",\"caption\":\"Matheus Felipe\"}}]}<\/script>\n<!-- \/ Yoast SEO Premium plugin. -->","yoast_head_json":{"title":"A declara\u00e7\u00e3o de Andr\u00e9 Rizek sobre Carlo Ancelotti e Filipe Lu\u00eds assumirem o Brasil","robots":{"index":"index","follow":"follow","max-snippet":"max-snippet:-1","max-image-preview":"max-image-preview:large","max-video-preview":"max-video-preview:-1"},"canonical":"https:\/\/www.gaveanews.com\/index.php\/2025\/03\/27\/a-declaracao-de-andre-rizek-sobre-carlo-ancelotti-e-filipe-luis-assumirem-o-brasil\/","og_locale":"pt_BR","og_type":"article","og_title":"A declara\u00e7\u00e3o de Andr\u00e9 Rizek sobre Carlo Ancelotti e Filipe Lu\u00eds assumirem o Brasil","og_description":"Ap\u00f3s a derrota da Sele\u00e7\u00e3o Brasileira por 4 a 1 para a Argentina, na \u00faltima ter\u00e7a-feira (25), o jornalista Andr\u00e9 Rizek afirmou que a passagem de Dorival J\u00fanior no comando t\u00e9cnico da equipe chegou ao fim. Durante o programa \u201cSele\u00e7\u00e3o SporTV\u201d, Rizek foi enf\u00e1tico ao cravar que a Confedera\u00e7\u00e3o Brasileira de Futebol (CBF) deve buscar [&hellip;]","og_url":"https:\/\/www.gaveanews.com\/index.php\/2025\/03\/27\/a-declaracao-de-andre-rizek-sobre-carlo-ancelotti-e-filipe-luis-assumirem-o-brasil\/","og_site_name":"G\u00e1vea News","article_publisher":"https:\/\/facebook.com\/gaveaNews\/","article_published_time":"2025-03-27T19:20:00+00:00","og_image":[{"width":795,"height":448,"url":"https:\/\/www.gaveanews.com\/wp-content\/uploads\/Andre-Rizek-durante-um-programa-do-SporTV.webp","type":"image\/jpeg"}],"author":"Matheus Felipe","twitter_card":"summary_large_image","twitter_misc":{"Escrito por":"Matheus Felipe","Est. tempo de leitura":"3 minutos"},"schema":{"@context":"https:\/\/schema.org","@graph":[{"@type":"NewsArticle","@id":"https:\/\/www.gaveanews.com\/index.php\/2025\/03\/27\/a-declaracao-de-andre-rizek-sobre-carlo-ancelotti-e-filipe-luis-assumirem-o-brasil\/#article","isPartOf":{"@id":"https:\/\/www.gaveanews.com\/index.php\/2025\/03\/27\/a-declaracao-de-andre-rizek-sobre-carlo-ancelotti-e-filipe-luis-assumirem-o-brasil\/"},"author":{"name":"Matheus Felipe","@id":"https:\/\/www.gaveanews.com\/#\/schema\/person\/8207cd4627f56151707418bfc835b2fb"},"headline":"A declara\u00e7\u00e3o de Andr\u00e9 Rizek sobre Carlo Ancelotti e Filipe Lu\u00eds assumirem o Brasil","datePublished":"2025-03-27T19:20:00+00:00","mainEntityOfPage":{"@id":"https:\/\/www.gaveanews.com\/index.php\/2025\/03\/27\/a-declaracao-de-andre-rizek-sobre-carlo-ancelotti-e-filipe-luis-assumirem-o-brasil\/"},"wordCount":422,"commentCount":0,"image":{"@id":"https:\/\/www.gaveanews.com\/index.php\/2025\/03\/27\/a-declaracao-de-andre-rizek-sobre-carlo-ancelotti-e-filipe-luis-assumirem-o-brasil\/#primaryimage"},"thumbnailUrl":"https:\/\/www.gaveanews.com\/wp-content\/uploads\/Andre-Rizek-durante-um-programa-do-SporTV.webp","articleSection":["Flamengo","Real Madrid"],"inLanguage":"pt-BR","potentialAction":[{"@type":"CommentAction","name":"Comment","target":["https:\/\/www.gaveanews.com\/index.php\/2025\/03\/27\/a-declaracao-de-andre-rizek-sobre-carlo-ancelotti-e-filipe-luis-assumirem-o-brasil\/#respond"]}],"copyrightYear":"2025","copyrightHolder":{"@id":"https:\/\/www.gaveanews.com\/#organization"}},{"@type":"WebPage","@id":"https:\/\/www.gaveanews.com\/index.php\/2025\/03\/27\/a-declaracao-de-andre-rizek-sobre-carlo-ancelotti-e-filipe-luis-assumirem-o-brasil\/","url":"https:\/\/www.gaveanews.com\/index.php\/2025\/03\/27\/a-declaracao-de-andre-rizek-sobre-carlo-ancelotti-e-filipe-luis-assumirem-o-brasil\/","name":"A declara\u00e7\u00e3o de Andr\u00e9 Rizek sobre Carlo Ancelotti e Filipe Lu\u00eds assumirem o Brasil","isPartOf":{"@id":"https:\/\/www.gaveanews.com\/#website"},"primaryImageOfPage":{"@id":"https:\/\/www.gaveanews.com\/index.php\/2025\/03\/27\/a-declaracao-de-andre-rizek-sobre-carlo-ancelotti-e-filipe-luis-assumirem-o-brasil\/#primaryimage"},"image":{"@id":"https:\/\/www.gaveanews.com\/index.php\/2025\/03\/27\/a-declaracao-de-andre-rizek-sobre-carlo-ancelotti-e-filipe-luis-assumirem-o-brasil\/#primaryimage"},"thumbnailUrl":"https:\/\/www.gaveanews.com\/wp-content\/uploads\/Andre-Rizek-durante-um-programa-do-SporTV.webp","datePublished":"2025-03-27T19:20:00+00:00","author":{"@id":"https:\/\/www.gaveanews.com\/#\/schema\/person\/8207cd4627f56151707418bfc835b2fb"},"breadcrumb":{"@id":"https:\/\/www.gaveanews.com\/index.php\/2025\/03\/27\/a-declaracao-de-andre-rizek-sobre-carlo-ancelotti-e-filipe-luis-assumirem-o-brasil\/#breadcrumb"},"inLanguage":"pt-BR","potentialAction":[{"@type":"ReadAction","target":["https:\/\/www.gaveanews.com\/index.php\/2025\/03\/27\/a-declaracao-de-andre-rizek-sobre-carlo-ancelotti-e-filipe-luis-assumirem-o-brasil\/"]}]},{"@type":"ImageObject","inLanguage":"pt-BR","@id":"https:\/\/www.gaveanews.com\/index.php\/2025\/03\/27\/a-declaracao-de-andre-rizek-sobre-carlo-ancelotti-e-filipe-luis-assumirem-o-brasil\/#primaryimage","url":"https:\/\/www.gaveanews.com\/wp-content\/uploads\/Andre-Rizek-durante-um-programa-do-SporTV.webp","contentUrl":"https:\/\/www.gaveanews.com\/wp-content\/uploads\/Andre-Rizek-durante-um-programa-do-SporTV.webp","width":795,"height":448,"caption":"Andr\u00e9 Rizek durante um programa do SporTV (Foto: Reprodu\u00e7\u00e3o\/SporTV)"},{"@type":"BreadcrumbList","@id":"https:\/\/www.gaveanews.com\/index.php\/2025\/03\/27\/a-declaracao-de-andre-rizek-sobre-carlo-ancelotti-e-filipe-luis-assumirem-o-brasil\/#breadcrumb","itemListElement":[{"@type":"ListItem","position":1,"name":"Home","item":"https:\/\/www.gaveanews.com\/"},{"@type":"ListItem","position":2,"name":"A declara\u00e7\u00e3o de Andr\u00e9 Rizek sobre Carlo Ancelotti e Filipe Lu\u00eds assumirem o Brasil"}]},{"@type":"WebSite","@id":"https:\/\/www.gaveanews.com\/#website","url":"https:\/\/www.gaveanews.com\/","name":"G\u00e1vea News","description":"Veja todas as not\u00edcias sobre o Flamengo: Contrata\u00e7\u00f5es, categorias de base, resultados das partidas, tabela de classifica\u00e7\u00e3o, pr\u00f3ximos jogos!","potentialAction":[{"@type":"SearchAction","target":{"@type":"EntryPoint","urlTemplate":"https:\/\/www.gaveanews.com\/?s={search_term_string}"},"query-input":{"@type":"PropertyValueSpecification","valueRequired":true,"valueName":"search_term_string"}}],"inLanguage":"pt-BR"},{"@type":"Person","@id":"https:\/\/www.gaveanews.com\/#\/schema\/person\/8207cd4627f56151707418bfc835b2fb","name":"Matheus Felipe","image":{"@type":"ImageObject","inLanguage":"pt-BR","@id":"https:\/\/www.gaveanews.com\/#\/schema\/person\/image\/","url":"https:\/\/secure.gravatar.com\/avatar\/a452ffbed9130f726358b298bb3a99ce4bd3c5338411f8440e87e14d74c7c087?s=96&d=mm&r=g","contentUrl":"https:\/\/secure.gravatar.com\/avatar\/a452ffbed9130f726358b298bb3a99ce4bd3c5338411f8440e87e14d74c7c087?s=96&d=mm&r=g","caption":"Matheus Felipe"}}]}},"_links":{"self":[{"href":"https:\/\/www.gaveanews.com\/index.php\/wp-json\/wp\/v2\/posts\/245510","targetHints":{"allow":["GET"]}}],"collection":[{"href":"https:\/\/www.gaveanews.com\/index.php\/wp-json\/wp\/v2\/posts"}],"about":[{"href":"https:\/\/www.gaveanews.com\/index.php\/wp-json\/wp\/v2\/types\/post"}],"author":[{"embeddable":true,"href":"https:\/\/www.gaveanews.com\/index.php\/wp-json\/wp\/v2\/users\/27"}],"replies":[{"embeddable":true,"href":"https:\/\/www.gaveanews.com\/index.php\/wp-json\/wp\/v2\/comments?post=245510"}],"version-history":[{"count":1,"href":"https:\/\/www.gaveanews.com\/index.php\/wp-json\/wp\/v2\/posts\/245510\/revisions"}],"predecessor-version":[{"id":245511,"href":"https:\/\/www.gaveanews.com\/index.php\/wp-json\/wp\/v2\/posts\/245510\/revisions\/245511"}],"wp:featuredmedia":[{"embeddable":true,"href":"https:\/\/www.gaveanews.com\/index.php\/wp-json\/wp\/v2\/media\/101875"}],"wp:attachment":[{"href":"https:\/\/www.gaveanews.com\/index.php\/wp-json\/wp\/v2\/media?parent=245510"}],"wp:term":[{"taxonomy":"category","embeddable":true,"href":"https:\/\/www.gaveanews.com\/index.php\/wp-json\/wp\/v2\/categories?post=245510"},{"taxonomy":"post_tag","embeddable":true,"href":"https:\/\/www.gaveanews.com\/index.php\/wp-json\/wp\/v2\/tags?post=245510"}],"curies":[{"name":"wp","href":"https:\/\/api.w.org\/{rel}","templated":true}]}}