{"id":245512,"date":"2025-03-27T16:30:00","date_gmt":"2025-03-27T19:30:00","guid":{"rendered":"https:\/\/www.gaveanews.com\/?p=245512"},"modified":"2025-03-27T16:00:33","modified_gmt":"2025-03-27T19:00:33","slug":"a-declaracao-de-pedro-caixinha-direcionada-a-neymar-do-santos","status":"publish","type":"post","link":"https:\/\/www.gaveanews.com\/index.php\/2025\/03\/27\/a-declaracao-de-pedro-caixinha-direcionada-a-neymar-do-santos\/","title":{"rendered":"A declara\u00e7\u00e3o de Pedro Caixinha direcionada a Neymar, do Santos"},"content":{"rendered":"\n<p>O t\u00e9cnico Pedro Caixinha abordou uma das pol\u00eamicas recentes envolvendo o Santos e o atacante Neymar. Em entrevista ao programa <em>Esporte por Esporte<\/em>, o comandante portugu\u00eas afirmou que o jogador n\u00e3o estava lesionado durante o per\u00edodo de carnaval, quando foi visto em eventos p\u00fablicos, mas sim sobrecarregado fisicamente. A aus\u00eancia do camisa 10 na semifinal do Paulist\u00e3o, diante do Corinthians, provocou insatisfa\u00e7\u00e3o entre torcedores.<\/p>\n\n\n\n<p>De acordo com Caixinha, a condi\u00e7\u00e3o de Neymar era acompanhada por um grupo multidisciplinar que inclui profissionais das \u00e1reas m\u00e9dica, f\u00edsica e de performance. \u201cN\u00e3o, ele n\u00e3o estava machucado no carnaval, estava sobrecarregado. Temos que entender que h\u00e1 diferentes patamares e situa\u00e7\u00f5es\u201d, declarou o treinador. A fala buscou esclarecer as d\u00favidas em rela\u00e7\u00e3o ao estado f\u00edsico do atleta, especialmente ap\u00f3s sua aus\u00eancia em um confronto decisivo.<\/p>\n\n\n\n<figure class=\"wp-block-image size-full\"><img loading=\"lazy\" decoding=\"async\" width=\"543\" height=\"748\" src=\"http:\/\/www.gaveanews.com\/wp-content\/uploads\/Neymar-apresentado-pelo-Santos.webp\" alt=\"\" class=\"wp-image-221594\"\/><figcaption class=\"wp-element-caption\">Neymar apresentado pelo Santos (Foto: GuilhermeKastner \/ Santos FC)<\/figcaption><\/figure>\n\n\n\n<p>Ali\u00e1s, o treinador foi enf\u00e1tico ao mencionar que Neymar sempre teve um estilo de jogo intenso, baseado em explos\u00e3o e competitividade. \u201cEle tem uma forma de jogar intensa, explosiva, e n\u00e3o sabe atuar de outra maneira. Sempre quer jogar e vencer\u201d, completou. Conforme o comandante, essa caracter\u00edstica dificulta o controle de carga, principalmente ap\u00f3s um per\u00edodo longo de inatividade.<\/p>\n\n\n\n<p>Caixinha explicou que o clube adotou um planejamento para administrar os minutos de jogo de Neymar. Ainda assim, reconheceu que, em determinadas ocasi\u00f5es, o atleta foi exigido al\u00e9m do ideal. \u201cTalvez em alguns momentos tenha sido um pouco excessivo, mas n\u00e3o acredito que tenha sido no jogo contra o Inter\u201d, afirmou. Segundo ele, o problema decorre do fato de que, em poucas semanas, o atacante participou de mais partidas do que nos dois anos anteriores.<\/p>\n\n\n\n<p>Embora a participa\u00e7\u00e3o em festas tenha gerado cr\u00edticas, o treinador refor\u00e7ou que o Santos estava ciente do cronograma e das limita\u00e7\u00f5es impostas pela condi\u00e7\u00e3o f\u00edsica do atleta. Portanto, a aus\u00eancia na semifinal foi uma decis\u00e3o baseada em avalia\u00e7\u00f5es t\u00e9cnicas e m\u00e9dicas, e n\u00e3o uma neglig\u00eancia por parte do clube ou do jogador.<\/p>\n\n\n\n<p>O Santos volta a campo neste s\u00e1bado (29 de mar\u00e7o), \u00e0s 18h30 (hor\u00e1rio de Bras\u00edlia), para enfrentar o Vasco, em S\u00e3o Janu\u00e1rio, na estreia da S\u00e9rie A do Campeonato Brasileiro. A equipe busca iniciar sua trajet\u00f3ria com um resultado positivo, ap\u00f3s o retorno \u00e0 elite nacional.<\/p>\n","protected":false},"excerpt":{"rendered":"<p>O t\u00e9cnico Pedro Caixinha abordou uma das pol\u00eamicas recentes envolvendo o Santos e o atacante Neymar. Em entrevista ao programa Esporte por Esporte, o comandante portugu\u00eas afirmou que o jogador n\u00e3o estava lesionado durante o per\u00edodo de carnaval, quando foi visto em eventos p\u00fablicos, mas sim sobrecarregado fisicamente. A aus\u00eancia do camisa 10 na semifinal [&hellip;]<\/p>\n","protected":false},"author":27,"featured_media":227144,"comment_status":"open","ping_status":"closed","sticky":false,"template":"","format":"standard","meta":{"footnotes":""},"categories":[139],"tags":[],"class_list":["post-245512","post","type-post","status-publish","format-standard","has-post-thumbnail","hentry","category-santos"],"yoast_head":"<!-- This site is optimized with the Yoast SEO Premium plugin v24.2 (Yoast SEO v26.9) - https:\/\/yoast.com\/product\/yoast-seo-premium-wordpress\/ -->\n<title>A declara\u00e7\u00e3o de Pedro Caixinha direcionada a Neymar, do Santos<\/title>\n<meta name=\"robots\" content=\"index, follow, max-snippet:-1, max-image-preview:large, max-video-preview:-1\" \/>\n<link rel=\"canonical\" href=\"https:\/\/www.gaveanews.com\/index.php\/2025\/03\/27\/a-declaracao-de-pedro-caixinha-direcionada-a-neymar-do-santos\/\" \/>\n<meta property=\"og:locale\" content=\"pt_BR\" \/>\n<meta property=\"og:type\" content=\"article\" \/>\n<meta property=\"og:title\" content=\"A declara\u00e7\u00e3o de Pedro Caixinha direcionada a Neymar, do Santos\" \/>\n<meta property=\"og:description\" content=\"O t\u00e9cnico Pedro Caixinha abordou uma das pol\u00eamicas recentes envolvendo o Santos e o atacante Neymar. Em entrevista ao programa Esporte por Esporte, o comandante portugu\u00eas afirmou que o jogador n\u00e3o estava lesionado durante o per\u00edodo de carnaval, quando foi visto em eventos p\u00fablicos, mas sim sobrecarregado fisicamente. A aus\u00eancia do camisa 10 na semifinal [&hellip;]\" \/>\n<meta property=\"og:url\" content=\"https:\/\/www.gaveanews.com\/index.php\/2025\/03\/27\/a-declaracao-de-pedro-caixinha-direcionada-a-neymar-do-santos\/\" \/>\n<meta property=\"og:site_name\" content=\"G\u00e1vea News\" \/>\n<meta property=\"article:publisher\" content=\"https:\/\/facebook.com\/gaveaNews\/\" \/>\n<meta property=\"article:published_time\" content=\"2025-03-27T19:30:00+00:00\" \/>\n<meta property=\"og:image\" content=\"https:\/\/www.gaveanews.com\/wp-content\/uploads\/Pedro-Caixinha-tecnico-do-Santos.webp\" \/>\n\t<meta property=\"og:image:width\" content=\"725\" \/>\n\t<meta property=\"og:image:height\" content=\"526\" \/>\n\t<meta property=\"og:image:type\" content=\"image\/jpeg\" \/>\n<meta name=\"author\" content=\"Matheus Felipe\" \/>\n<meta name=\"twitter:card\" content=\"summary_large_image\" \/>\n<meta name=\"twitter:label1\" content=\"Escrito por\" \/>\n\t<meta name=\"twitter:data1\" content=\"Matheus Felipe\" \/>\n\t<meta name=\"twitter:label2\" content=\"Est. tempo de leitura\" \/>\n\t<meta name=\"twitter:data2\" content=\"3 minutos\" \/>\n<script type=\"application\/ld+json\" class=\"yoast-schema-graph\">{\"@context\":\"https:\/\/schema.org\",\"@graph\":[{\"@type\":\"NewsArticle\",\"@id\":\"https:\/\/www.gaveanews.com\/index.php\/2025\/03\/27\/a-declaracao-de-pedro-caixinha-direcionada-a-neymar-do-santos\/#article\",\"isPartOf\":{\"@id\":\"https:\/\/www.gaveanews.com\/index.php\/2025\/03\/27\/a-declaracao-de-pedro-caixinha-direcionada-a-neymar-do-santos\/\"},\"author\":{\"name\":\"Matheus Felipe\",\"@id\":\"https:\/\/www.gaveanews.com\/#\/schema\/person\/8207cd4627f56151707418bfc835b2fb\"},\"headline\":\"A declara\u00e7\u00e3o de Pedro Caixinha direcionada a Neymar, do Santos\",\"datePublished\":\"2025-03-27T19:30:00+00:00\",\"mainEntityOfPage\":{\"@id\":\"https:\/\/www.gaveanews.com\/index.php\/2025\/03\/27\/a-declaracao-de-pedro-caixinha-direcionada-a-neymar-do-santos\/\"},\"wordCount\":430,\"commentCount\":0,\"image\":{\"@id\":\"https:\/\/www.gaveanews.com\/index.php\/2025\/03\/27\/a-declaracao-de-pedro-caixinha-direcionada-a-neymar-do-santos\/#primaryimage\"},\"thumbnailUrl\":\"https:\/\/www.gaveanews.com\/wp-content\/uploads\/Pedro-Caixinha-tecnico-do-Santos.webp\",\"articleSection\":[\"Santos\"],\"inLanguage\":\"pt-BR\",\"potentialAction\":[{\"@type\":\"CommentAction\",\"name\":\"Comment\",\"target\":[\"https:\/\/www.gaveanews.com\/index.php\/2025\/03\/27\/a-declaracao-de-pedro-caixinha-direcionada-a-neymar-do-santos\/#respond\"]}],\"copyrightYear\":\"2025\",\"copyrightHolder\":{\"@id\":\"https:\/\/www.gaveanews.com\/#organization\"}},{\"@type\":\"WebPage\",\"@id\":\"https:\/\/www.gaveanews.com\/index.php\/2025\/03\/27\/a-declaracao-de-pedro-caixinha-direcionada-a-neymar-do-santos\/\",\"url\":\"https:\/\/www.gaveanews.com\/index.php\/2025\/03\/27\/a-declaracao-de-pedro-caixinha-direcionada-a-neymar-do-santos\/\",\"name\":\"A declara\u00e7\u00e3o de Pedro Caixinha direcionada a Neymar, do Santos\",\"isPartOf\":{\"@id\":\"https:\/\/www.gaveanews.com\/#website\"},\"primaryImageOfPage\":{\"@id\":\"https:\/\/www.gaveanews.com\/index.php\/2025\/03\/27\/a-declaracao-de-pedro-caixinha-direcionada-a-neymar-do-santos\/#primaryimage\"},\"image\":{\"@id\":\"https:\/\/www.gaveanews.com\/index.php\/2025\/03\/27\/a-declaracao-de-pedro-caixinha-direcionada-a-neymar-do-santos\/#primaryimage\"},\"thumbnailUrl\":\"https:\/\/www.gaveanews.com\/wp-content\/uploads\/Pedro-Caixinha-tecnico-do-Santos.webp\",\"datePublished\":\"2025-03-27T19:30:00+00:00\",\"author\":{\"@id\":\"https:\/\/www.gaveanews.com\/#\/schema\/person\/8207cd4627f56151707418bfc835b2fb\"},\"breadcrumb\":{\"@id\":\"https:\/\/www.gaveanews.com\/index.php\/2025\/03\/27\/a-declaracao-de-pedro-caixinha-direcionada-a-neymar-do-santos\/#breadcrumb\"},\"inLanguage\":\"pt-BR\",\"potentialAction\":[{\"@type\":\"ReadAction\",\"target\":[\"https:\/\/www.gaveanews.com\/index.php\/2025\/03\/27\/a-declaracao-de-pedro-caixinha-direcionada-a-neymar-do-santos\/\"]}]},{\"@type\":\"ImageObject\",\"inLanguage\":\"pt-BR\",\"@id\":\"https:\/\/www.gaveanews.com\/index.php\/2025\/03\/27\/a-declaracao-de-pedro-caixinha-direcionada-a-neymar-do-santos\/#primaryimage\",\"url\":\"https:\/\/www.gaveanews.com\/wp-content\/uploads\/Pedro-Caixinha-tecnico-do-Santos.webp\",\"contentUrl\":\"https:\/\/www.gaveanews.com\/wp-content\/uploads\/Pedro-Caixinha-tecnico-do-Santos.webp\",\"width\":725,\"height\":526,\"caption\":\"Pedro Caixinha, t\u00e9cnico do Santos (Foto: Divulga\u00e7\u00e3o\/Santos)\"},{\"@type\":\"BreadcrumbList\",\"@id\":\"https:\/\/www.gaveanews.com\/index.php\/2025\/03\/27\/a-declaracao-de-pedro-caixinha-direcionada-a-neymar-do-santos\/#breadcrumb\",\"itemListElement\":[{\"@type\":\"ListItem\",\"position\":1,\"name\":\"Home\",\"item\":\"https:\/\/www.gaveanews.com\/\"},{\"@type\":\"ListItem\",\"position\":2,\"name\":\"A declara\u00e7\u00e3o de Pedro Caixinha direcionada a Neymar, do Santos\"}]},{\"@type\":\"WebSite\",\"@id\":\"https:\/\/www.gaveanews.com\/#website\",\"url\":\"https:\/\/www.gaveanews.com\/\",\"name\":\"G\u00e1vea News\",\"description\":\"Veja todas as not\u00edcias sobre o Flamengo: Contrata\u00e7\u00f5es, categorias de base, resultados das partidas, tabela de classifica\u00e7\u00e3o, pr\u00f3ximos jogos!\",\"potentialAction\":[{\"@type\":\"SearchAction\",\"target\":{\"@type\":\"EntryPoint\",\"urlTemplate\":\"https:\/\/www.gaveanews.com\/?s={search_term_string}\"},\"query-input\":{\"@type\":\"PropertyValueSpecification\",\"valueRequired\":true,\"valueName\":\"search_term_string\"}}],\"inLanguage\":\"pt-BR\"},{\"@type\":\"Person\",\"@id\":\"https:\/\/www.gaveanews.com\/#\/schema\/person\/8207cd4627f56151707418bfc835b2fb\",\"name\":\"Matheus Felipe\",\"image\":{\"@type\":\"ImageObject\",\"inLanguage\":\"pt-BR\",\"@id\":\"https:\/\/www.gaveanews.com\/#\/schema\/person\/image\/\",\"url\":\"https:\/\/secure.gravatar.com\/avatar\/a452ffbed9130f726358b298bb3a99ce4bd3c5338411f8440e87e14d74c7c087?s=96&d=mm&r=g\",\"contentUrl\":\"https:\/\/secure.gravatar.com\/avatar\/a452ffbed9130f726358b298bb3a99ce4bd3c5338411f8440e87e14d74c7c087?s=96&d=mm&r=g\",\"caption\":\"Matheus Felipe\"}}]}<\/script>\n<!-- \/ Yoast SEO Premium plugin. -->","yoast_head_json":{"title":"A declara\u00e7\u00e3o de Pedro Caixinha direcionada a Neymar, do Santos","robots":{"index":"index","follow":"follow","max-snippet":"max-snippet:-1","max-image-preview":"max-image-preview:large","max-video-preview":"max-video-preview:-1"},"canonical":"https:\/\/www.gaveanews.com\/index.php\/2025\/03\/27\/a-declaracao-de-pedro-caixinha-direcionada-a-neymar-do-santos\/","og_locale":"pt_BR","og_type":"article","og_title":"A declara\u00e7\u00e3o de Pedro Caixinha direcionada a Neymar, do Santos","og_description":"O t\u00e9cnico Pedro Caixinha abordou uma das pol\u00eamicas recentes envolvendo o Santos e o atacante Neymar. Em entrevista ao programa Esporte por Esporte, o comandante portugu\u00eas afirmou que o jogador n\u00e3o estava lesionado durante o per\u00edodo de carnaval, quando foi visto em eventos p\u00fablicos, mas sim sobrecarregado fisicamente. A aus\u00eancia do camisa 10 na semifinal [&hellip;]","og_url":"https:\/\/www.gaveanews.com\/index.php\/2025\/03\/27\/a-declaracao-de-pedro-caixinha-direcionada-a-neymar-do-santos\/","og_site_name":"G\u00e1vea News","article_publisher":"https:\/\/facebook.com\/gaveaNews\/","article_published_time":"2025-03-27T19:30:00+00:00","og_image":[{"width":725,"height":526,"url":"https:\/\/www.gaveanews.com\/wp-content\/uploads\/Pedro-Caixinha-tecnico-do-Santos.webp","type":"image\/jpeg"}],"author":"Matheus Felipe","twitter_card":"summary_large_image","twitter_misc":{"Escrito por":"Matheus Felipe","Est. tempo de leitura":"3 minutos"},"schema":{"@context":"https:\/\/schema.org","@graph":[{"@type":"NewsArticle","@id":"https:\/\/www.gaveanews.com\/index.php\/2025\/03\/27\/a-declaracao-de-pedro-caixinha-direcionada-a-neymar-do-santos\/#article","isPartOf":{"@id":"https:\/\/www.gaveanews.com\/index.php\/2025\/03\/27\/a-declaracao-de-pedro-caixinha-direcionada-a-neymar-do-santos\/"},"author":{"name":"Matheus Felipe","@id":"https:\/\/www.gaveanews.com\/#\/schema\/person\/8207cd4627f56151707418bfc835b2fb"},"headline":"A declara\u00e7\u00e3o de Pedro Caixinha direcionada a Neymar, do Santos","datePublished":"2025-03-27T19:30:00+00:00","mainEntityOfPage":{"@id":"https:\/\/www.gaveanews.com\/index.php\/2025\/03\/27\/a-declaracao-de-pedro-caixinha-direcionada-a-neymar-do-santos\/"},"wordCount":430,"commentCount":0,"image":{"@id":"https:\/\/www.gaveanews.com\/index.php\/2025\/03\/27\/a-declaracao-de-pedro-caixinha-direcionada-a-neymar-do-santos\/#primaryimage"},"thumbnailUrl":"https:\/\/www.gaveanews.com\/wp-content\/uploads\/Pedro-Caixinha-tecnico-do-Santos.webp","articleSection":["Santos"],"inLanguage":"pt-BR","potentialAction":[{"@type":"CommentAction","name":"Comment","target":["https:\/\/www.gaveanews.com\/index.php\/2025\/03\/27\/a-declaracao-de-pedro-caixinha-direcionada-a-neymar-do-santos\/#respond"]}],"copyrightYear":"2025","copyrightHolder":{"@id":"https:\/\/www.gaveanews.com\/#organization"}},{"@type":"WebPage","@id":"https:\/\/www.gaveanews.com\/index.php\/2025\/03\/27\/a-declaracao-de-pedro-caixinha-direcionada-a-neymar-do-santos\/","url":"https:\/\/www.gaveanews.com\/index.php\/2025\/03\/27\/a-declaracao-de-pedro-caixinha-direcionada-a-neymar-do-santos\/","name":"A declara\u00e7\u00e3o de Pedro Caixinha direcionada a Neymar, do Santos","isPartOf":{"@id":"https:\/\/www.gaveanews.com\/#website"},"primaryImageOfPage":{"@id":"https:\/\/www.gaveanews.com\/index.php\/2025\/03\/27\/a-declaracao-de-pedro-caixinha-direcionada-a-neymar-do-santos\/#primaryimage"},"image":{"@id":"https:\/\/www.gaveanews.com\/index.php\/2025\/03\/27\/a-declaracao-de-pedro-caixinha-direcionada-a-neymar-do-santos\/#primaryimage"},"thumbnailUrl":"https:\/\/www.gaveanews.com\/wp-content\/uploads\/Pedro-Caixinha-tecnico-do-Santos.webp","datePublished":"2025-03-27T19:30:00+00:00","author":{"@id":"https:\/\/www.gaveanews.com\/#\/schema\/person\/8207cd4627f56151707418bfc835b2fb"},"breadcrumb":{"@id":"https:\/\/www.gaveanews.com\/index.php\/2025\/03\/27\/a-declaracao-de-pedro-caixinha-direcionada-a-neymar-do-santos\/#breadcrumb"},"inLanguage":"pt-BR","potentialAction":[{"@type":"ReadAction","target":["https:\/\/www.gaveanews.com\/index.php\/2025\/03\/27\/a-declaracao-de-pedro-caixinha-direcionada-a-neymar-do-santos\/"]}]},{"@type":"ImageObject","inLanguage":"pt-BR","@id":"https:\/\/www.gaveanews.com\/index.php\/2025\/03\/27\/a-declaracao-de-pedro-caixinha-direcionada-a-neymar-do-santos\/#primaryimage","url":"https:\/\/www.gaveanews.com\/wp-content\/uploads\/Pedro-Caixinha-tecnico-do-Santos.webp","contentUrl":"https:\/\/www.gaveanews.com\/wp-content\/uploads\/Pedro-Caixinha-tecnico-do-Santos.webp","width":725,"height":526,"caption":"Pedro Caixinha, t\u00e9cnico do Santos (Foto: Divulga\u00e7\u00e3o\/Santos)"},{"@type":"BreadcrumbList","@id":"https:\/\/www.gaveanews.com\/index.php\/2025\/03\/27\/a-declaracao-de-pedro-caixinha-direcionada-a-neymar-do-santos\/#breadcrumb","itemListElement":[{"@type":"ListItem","position":1,"name":"Home","item":"https:\/\/www.gaveanews.com\/"},{"@type":"ListItem","position":2,"name":"A declara\u00e7\u00e3o de Pedro Caixinha direcionada a Neymar, do Santos"}]},{"@type":"WebSite","@id":"https:\/\/www.gaveanews.com\/#website","url":"https:\/\/www.gaveanews.com\/","name":"G\u00e1vea News","description":"Veja todas as not\u00edcias sobre o Flamengo: Contrata\u00e7\u00f5es, categorias de base, resultados das partidas, tabela de classifica\u00e7\u00e3o, pr\u00f3ximos jogos!","potentialAction":[{"@type":"SearchAction","target":{"@type":"EntryPoint","urlTemplate":"https:\/\/www.gaveanews.com\/?s={search_term_string}"},"query-input":{"@type":"PropertyValueSpecification","valueRequired":true,"valueName":"search_term_string"}}],"inLanguage":"pt-BR"},{"@type":"Person","@id":"https:\/\/www.gaveanews.com\/#\/schema\/person\/8207cd4627f56151707418bfc835b2fb","name":"Matheus Felipe","image":{"@type":"ImageObject","inLanguage":"pt-BR","@id":"https:\/\/www.gaveanews.com\/#\/schema\/person\/image\/","url":"https:\/\/secure.gravatar.com\/avatar\/a452ffbed9130f726358b298bb3a99ce4bd3c5338411f8440e87e14d74c7c087?s=96&d=mm&r=g","contentUrl":"https:\/\/secure.gravatar.com\/avatar\/a452ffbed9130f726358b298bb3a99ce4bd3c5338411f8440e87e14d74c7c087?s=96&d=mm&r=g","caption":"Matheus Felipe"}}]}},"_links":{"self":[{"href":"https:\/\/www.gaveanews.com\/index.php\/wp-json\/wp\/v2\/posts\/245512","targetHints":{"allow":["GET"]}}],"collection":[{"href":"https:\/\/www.gaveanews.com\/index.php\/wp-json\/wp\/v2\/posts"}],"about":[{"href":"https:\/\/www.gaveanews.com\/index.php\/wp-json\/wp\/v2\/types\/post"}],"author":[{"embeddable":true,"href":"https:\/\/www.gaveanews.com\/index.php\/wp-json\/wp\/v2\/users\/27"}],"replies":[{"embeddable":true,"href":"https:\/\/www.gaveanews.com\/index.php\/wp-json\/wp\/v2\/comments?post=245512"}],"version-history":[{"count":1,"href":"https:\/\/www.gaveanews.com\/index.php\/wp-json\/wp\/v2\/posts\/245512\/revisions"}],"predecessor-version":[{"id":245515,"href":"https:\/\/www.gaveanews.com\/index.php\/wp-json\/wp\/v2\/posts\/245512\/revisions\/245515"}],"wp:featuredmedia":[{"embeddable":true,"href":"https:\/\/www.gaveanews.com\/index.php\/wp-json\/wp\/v2\/media\/227144"}],"wp:attachment":[{"href":"https:\/\/www.gaveanews.com\/index.php\/wp-json\/wp\/v2\/media?parent=245512"}],"wp:term":[{"taxonomy":"category","embeddable":true,"href":"https:\/\/www.gaveanews.com\/index.php\/wp-json\/wp\/v2\/categories?post=245512"},{"taxonomy":"post_tag","embeddable":true,"href":"https:\/\/www.gaveanews.com\/index.php\/wp-json\/wp\/v2\/tags?post=245512"}],"curies":[{"name":"wp","href":"https:\/\/api.w.org\/{rel}","templated":true}]}}