{"id":245518,"date":"2025-03-27T18:25:00","date_gmt":"2025-03-27T21:25:00","guid":{"rendered":"https:\/\/www.gaveanews.com\/?p=245518"},"modified":"2025-03-27T16:13:51","modified_gmt":"2025-03-27T19:13:51","slug":"problema-milionario-na-justica-talles-magno-manda-recado-e-recado-de-pedro-raul-as-ultimas-noticias-do-corinthians","status":"publish","type":"post","link":"https:\/\/www.gaveanews.com\/index.php\/2025\/03\/27\/problema-milionario-na-justica-talles-magno-manda-recado-e-recado-de-pedro-raul-as-ultimas-noticias-do-corinthians\/","title":{"rendered":"Problema milion\u00e1rio na Justi\u00e7a, Talles Magno manda recado e recado de Pedro Raul: as \u00faltimas not\u00edcias do Corinthians"},"content":{"rendered":"\n<p>Nas \u00faltimas horas, o foco das not\u00edcias sobre o Corinthians se concentram nos bastidores do clube, com destaques do dia a dia do time.<\/p>\n\n\n\n<p>Por conta deste contexto, leia abaixo um resumo preparado pela equipe do portal G\u00e1vea News para lhe manter muito bem informado!<\/p>\n\n\n\n<h2 class=\"wp-block-heading\" id=\"h-recado-de-pedro-raul\">Recado de Pedro Raul<\/h2>\n\n\n\n<p>O atacante Pedro Raul, atualmente emprestado ao Cear\u00e1, falou sobre seu per\u00edodo conturbado no Corinthians e revelou n\u00e3o ter tido uma boa rela\u00e7\u00e3o com o t\u00e9cnico Ram\u00f3n D\u00edaz. Segundo ele, o contato direto sempre foi com Emiliano D\u00edaz, filho e auxiliar do treinador. A declara\u00e7\u00e3o foi dada em entrevista \u00e0 ESPN, onde o jogador afirmou que sua passagem pelo clube foi marcada por dificuldades de adapta\u00e7\u00e3o e escassez de oportunidades no time titular, o que o levou a buscar novos ares <strong><a href=\"https:\/\/www.gaveanews.com\/index.php\/2025\/03\/25\/a-declaracao-de-pedro-raul-direcionada-a-ramon-diaz-do-corinthians\/\">(leia a mat\u00e9ria completa).<\/a><\/strong><\/p>\n\n\n\n<figure class=\"wp-block-image size-large\"><img loading=\"lazy\" decoding=\"async\" width=\"1024\" height=\"768\" src=\"http:\/\/www.gaveanews.com\/wp-content\/uploads\/Pedro-Raul-com-a-camisa-do-Corinthians-em-2024-1024x768.webp\" alt=\"\" class=\"wp-image-158005\" srcset=\"https:\/\/www.gaveanews.com\/wp-content\/uploads\/Pedro-Raul-com-a-camisa-do-Corinthians-em-2024-1024x768.webp 1024w, https:\/\/www.gaveanews.com\/wp-content\/uploads\/Pedro-Raul-com-a-camisa-do-Corinthians-em-2024-300x225.webp 300w, https:\/\/www.gaveanews.com\/wp-content\/uploads\/Pedro-Raul-com-a-camisa-do-Corinthians-em-2024-768x576.webp 768w, https:\/\/www.gaveanews.com\/wp-content\/uploads\/Pedro-Raul-com-a-camisa-do-Corinthians-em-2024-560x420.webp 560w, https:\/\/www.gaveanews.com\/wp-content\/uploads\/Pedro-Raul-com-a-camisa-do-Corinthians-em-2024-1120x840.webp 1120w, https:\/\/www.gaveanews.com\/wp-content\/uploads\/Pedro-Raul-com-a-camisa-do-Corinthians-em-2024-80x60.webp 80w, https:\/\/www.gaveanews.com\/wp-content\/uploads\/Pedro-Raul-com-a-camisa-do-Corinthians-em-2024-160x120.webp 160w, https:\/\/www.gaveanews.com\/wp-content\/uploads\/Pedro-Raul-com-a-camisa-do-Corinthians-em-2024-100x75.webp 100w, https:\/\/www.gaveanews.com\/wp-content\/uploads\/Pedro-Raul-com-a-camisa-do-Corinthians-em-2024-200x150.webp 200w, https:\/\/www.gaveanews.com\/wp-content\/uploads\/Pedro-Raul-com-a-camisa-do-Corinthians-em-2024-180x135.webp 180w, https:\/\/www.gaveanews.com\/wp-content\/uploads\/Pedro-Raul-com-a-camisa-do-Corinthians-em-2024-360x270.webp 360w, https:\/\/www.gaveanews.com\/wp-content\/uploads\/Pedro-Raul-com-a-camisa-do-Corinthians-em-2024-238x178.webp 238w, https:\/\/www.gaveanews.com\/wp-content\/uploads\/Pedro-Raul-com-a-camisa-do-Corinthians-em-2024-476x356.webp 476w, https:\/\/www.gaveanews.com\/wp-content\/uploads\/Pedro-Raul-com-a-camisa-do-Corinthians-em-2024-640x480.webp 640w, https:\/\/www.gaveanews.com\/wp-content\/uploads\/Pedro-Raul-com-a-camisa-do-Corinthians-em-2024-1280x960.webp 1280w, https:\/\/www.gaveanews.com\/wp-content\/uploads\/Pedro-Raul-com-a-camisa-do-Corinthians-em-2024-681x511.webp 681w, https:\/\/www.gaveanews.com\/wp-content\/uploads\/Pedro-Raul-com-a-camisa-do-Corinthians-em-2024-1362x1022.webp 1362w, https:\/\/www.gaveanews.com\/wp-content\/uploads\/Pedro-Raul-com-a-camisa-do-Corinthians-em-2024.webp 1440w\" sizes=\"auto, (max-width: 1024px) 100vw, 1024px\" \/><figcaption class=\"wp-element-caption\">Pedro Raul com a camisa do Corinthians em 2024 (Foto: Reprodu\u00e7\u00e3o\/Corinthians)<\/figcaption><\/figure>\n\n\n\n<p>Durante sua estadia no Corinthians, Pedro Raul disputou 38 jogos, mas teve desempenho modesto: marcou apenas quatro gols e deu uma assist\u00eancia. <\/p>\n\n\n\n<p>A concorr\u00eancia com nomes como Yuri Alberto e Memphis Depay foi apontada como fator que limitou sua sequ\u00eancia. Ainda assim, Pedro destacou o apoio que recebeu de Emiliano D\u00edaz, com quem mant\u00e9m boa rela\u00e7\u00e3o desde os tempos de Botafogo e Vasco, e que foi fundamental na decis\u00e3o de sua ida para o Cear\u00e1.<\/p>\n\n\n\n<p>No novo clube, Pedro Raul vive um momento mais favor\u00e1vel. Seu rendimento tem sido decisivo para o bom desempenho do time cearense, que conquistou recentemente o t\u00edtulo estadual. Enquanto isso, o Corinthians, sob o comando de Ram\u00f3n D\u00edaz, se prepara para o segundo jogo da final do Campeonato Paulista contra o Palmeiras, com a vantagem do empate ap\u00f3s vencer o jogo de ida por 1 a 0.<\/p>\n\n\n\n<h2 class=\"wp-block-heading\" id=\"h-talles-magno-manda-recado\">Talles Magno manda recado<\/h2>\n\n\n\n<p>O Corinthians se prepara para a grande decis\u00e3o do Campeonato Paulista 2025, quando enfrentar\u00e1 o Palmeiras no jogo de volta da final. Com vantagem conquistada na ida, ap\u00f3s vencer por 1 a 0 no Allianz Parque, o Tim\u00e3o entra em campo podendo empatar para garantir o t\u00edtulo. Talles Magno, um dos destaques da campanha, destacou a confian\u00e7a do elenco e a import\u00e2ncia da atmosfera criada pela torcida na Neo Qu\u00edmica Arena <strong><a href=\"https:\/\/www.gaveanews.com\/index.php\/2025\/03\/25\/corinthians-a-declaracao-de-talles-magno-sobre-a-decisao-do-paulista\/\">(leia a mat\u00e9ria completa).<\/a><\/strong><\/p>\n\n\n\n<figure class=\"wp-block-image size-large\"><img loading=\"lazy\" decoding=\"async\" width=\"820\" height=\"1024\" src=\"http:\/\/www.gaveanews.com\/wp-content\/uploads\/Talles-Magno-ergue-a-mao-para-o-ceu-apos-marcar-seu-primeiro-gol-pelo-Corinthians-820x1024.webp\" alt=\"\" class=\"wp-image-159236\" srcset=\"https:\/\/www.gaveanews.com\/wp-content\/uploads\/Talles-Magno-ergue-a-mao-para-o-ceu-apos-marcar-seu-primeiro-gol-pelo-Corinthians-820x1024.webp 820w, https:\/\/www.gaveanews.com\/wp-content\/uploads\/Talles-Magno-ergue-a-mao-para-o-ceu-apos-marcar-seu-primeiro-gol-pelo-Corinthians-240x300.webp 240w, https:\/\/www.gaveanews.com\/wp-content\/uploads\/Talles-Magno-ergue-a-mao-para-o-ceu-apos-marcar-seu-primeiro-gol-pelo-Corinthians-768x959.webp 768w, https:\/\/www.gaveanews.com\/wp-content\/uploads\/Talles-Magno-ergue-a-mao-para-o-ceu-apos-marcar-seu-primeiro-gol-pelo-Corinthians-336x420.webp 336w, https:\/\/www.gaveanews.com\/wp-content\/uploads\/Talles-Magno-ergue-a-mao-para-o-ceu-apos-marcar-seu-primeiro-gol-pelo-Corinthians-672x840.webp 672w, https:\/\/www.gaveanews.com\/wp-content\/uploads\/Talles-Magno-ergue-a-mao-para-o-ceu-apos-marcar-seu-primeiro-gol-pelo-Corinthians-640x799.webp 640w, https:\/\/www.gaveanews.com\/wp-content\/uploads\/Talles-Magno-ergue-a-mao-para-o-ceu-apos-marcar-seu-primeiro-gol-pelo-Corinthians-681x851.webp 681w, https:\/\/www.gaveanews.com\/wp-content\/uploads\/Talles-Magno-ergue-a-mao-para-o-ceu-apos-marcar-seu-primeiro-gol-pelo-Corinthians-100x125.webp 100w, https:\/\/www.gaveanews.com\/wp-content\/uploads\/Talles-Magno-ergue-a-mao-para-o-ceu-apos-marcar-seu-primeiro-gol-pelo-Corinthians.webp 1080w\" sizes=\"auto, (max-width: 820px) 100vw, 820px\" \/><figcaption class=\"wp-element-caption\">Talles Magno ergue a m\u00e3o para o c\u00e9u ap\u00f3s marcar seu primeiro gol pelo Corinthians (Foto: Reprodu\u00e7\u00e3o\/Instagram)<\/figcaption><\/figure>\n\n\n\n<p>O atacante refor\u00e7ou que a equipe est\u00e1 focada e bem preparada para aproveitar qualquer oportunidade de gol, ressaltando a for\u00e7a do grupo e a sinergia com os meias, capazes de encontrar espa\u00e7os cruciais na defesa advers\u00e1ria. Al\u00e9m do t\u00edtulo, h\u00e1 uma disputa interna pela artilharia do time entre ele e Yuri Alberto, ambos com cinco gols. Apesar da rivalidade, Talles mostrou esp\u00edrito coletivo e projetou um cen\u00e1rio ideal com gols para os dois na final.<\/p>\n\n\n\n<p>Com a possibilidade de alcan\u00e7ar seu 31\u00ba t\u00edtulo estadual, o Corinthians busca encerrar um jejum de cinco anos sem levantar trof\u00e9us. A vit\u00f3ria no primeiro jogo deu ao time confian\u00e7a e impulsionou a moral do elenco, que chega motivado para a decis\u00e3o. Do outro lado, o Palmeiras precisa vencer para levar a disputa aos p\u00eanaltis ou reverter o placar com dois gols de vantagem. A promessa \u00e9 de um confronto eletrizante, recheado de rivalidade e emo\u00e7\u00e3o.<\/p>\n\n\n\n<h2 class=\"wp-block-heading\" id=\"h-problema-milionario-na-justica\">Problema milion\u00e1rio na Justi\u00e7a<\/h2>\n\n\n\n<p>O Corinthians, \u00e0s v\u00e9speras de uma final estadual decisiva, enfrenta mais um imbr\u00f3glio jur\u00eddico que pode afetar seu planejamento financeiro. O meia \u00c9derson, atualmente na Atalanta, acionou o clube paulista na Justi\u00e7a em raz\u00e3o de uma pend\u00eancia envolvendo a negocia\u00e7\u00e3o realizada com a Salernitana, da It\u00e1lia, em 2021. A cobran\u00e7a gira em torno de R$ 3,7 milh\u00f5es, valor correspondente \u00e0 sua parte na venda, o que agrava ainda mais o cen\u00e1rio de dificuldades administrativas enfrentado pelo Tim\u00e3o<strong><a href=\"https:\/\/www.gaveanews.com\/index.php\/2025\/03\/25\/meia-aciona-justica-e-cobra-quantia-milionaria-do-corinthians\/\"> (leia a mat\u00e9ria completa).<\/a><\/strong><\/p>\n\n\n\n<figure class=\"wp-block-image size-large\"><img loading=\"lazy\" decoding=\"async\" width=\"1024\" height=\"576\" src=\"http:\/\/www.gaveanews.com\/wp-content\/uploads\/Futebol-e-dinheiro-1-1024x576.webp\" alt=\"\" class=\"wp-image-167418\" srcset=\"https:\/\/www.gaveanews.com\/wp-content\/uploads\/Futebol-e-dinheiro-1-1024x576.webp 1024w, https:\/\/www.gaveanews.com\/wp-content\/uploads\/Futebol-e-dinheiro-1-300x169.webp 300w, https:\/\/www.gaveanews.com\/wp-content\/uploads\/Futebol-e-dinheiro-1-768x432.webp 768w, https:\/\/www.gaveanews.com\/wp-content\/uploads\/Futebol-e-dinheiro-1-747x420.webp 747w, https:\/\/www.gaveanews.com\/wp-content\/uploads\/Futebol-e-dinheiro-1-640x360.webp 640w, https:\/\/www.gaveanews.com\/wp-content\/uploads\/Futebol-e-dinheiro-1-681x383.webp 681w, https:\/\/www.gaveanews.com\/wp-content\/uploads\/Futebol-e-dinheiro-1-100x56.webp 100w, https:\/\/www.gaveanews.com\/wp-content\/uploads\/Futebol-e-dinheiro-1.webp 1280w\" sizes=\"auto, (max-width: 1024px) 100vw, 1024px\" \/><figcaption class=\"wp-element-caption\">Futebol e dinheiro (Imagem: Editoria de arte\/G\u00e1vea News\/Henrique Machado)<\/figcaption><\/figure>\n\n\n\n<p>A a\u00e7\u00e3o judicial movida pelo jogador envolve tamb\u00e9m seu empres\u00e1rio, Andr\u00e9 Cury, e sua empresa, a Link Assessoria Esportiva. Segundo os advogados, o Corinthians teria ignorado notifica\u00e7\u00f5es extrajudiciais sobre o pagamento devido, o que motivou a abertura do processo na 19\u00aa Vara C\u00edvel de S\u00e3o Paulo. No entanto, o pedido de urg\u00eancia foi negado pela ju\u00edza, e agora o clube tem 15 dias para se manifestar formalmente. A aus\u00eancia de repasses e respostas revela uma situa\u00e7\u00e3o recorrente no clube, que j\u00e1 foi condenado recentemente em um processo movido por Gustavo Mosquito.<\/p>\n\n\n\n<p>Esse novo cap\u00edtulo acende um alerta sobre a situa\u00e7\u00e3o financeira corintiana e evidencia a necessidade de reorganiza\u00e7\u00e3o da gest\u00e3o para evitar preju\u00edzos maiores. A recorr\u00eancia de processos envolvendo ex-jogadores sugere fragilidades em acordos contratuais e na comunica\u00e7\u00e3o entre clube e atletas. Em meio \u00e0 disputa por um t\u00edtulo estadual, o extracampo ganha contornos preocupantes para o Corinthians.<\/p>\n","protected":false},"excerpt":{"rendered":"<p>Nas \u00faltimas horas, o foco das not\u00edcias sobre o Corinthians se concentram nos bastidores do clube, com destaques do dia a dia do time. Por conta deste contexto, leia abaixo um resumo preparado pela equipe do portal G\u00e1vea News para lhe manter muito bem informado! Recado de Pedro Raul O atacante Pedro Raul, atualmente emprestado [&hellip;]<\/p>\n","protected":false},"author":33,"featured_media":123882,"comment_status":"open","ping_status":"closed","sticky":false,"template":"","format":"standard","meta":{"footnotes":""},"categories":[141],"tags":[],"class_list":["post-245518","post","type-post","status-publish","format-standard","has-post-thumbnail","hentry","category-corinthians"],"yoast_head":"<!-- This site is optimized with the Yoast SEO Premium plugin v24.2 (Yoast SEO v26.9) - https:\/\/yoast.com\/product\/yoast-seo-premium-wordpress\/ -->\n<title>Problema milion\u00e1rio na Justi\u00e7a, Talles Magno manda recado e recado de Pedro Raul: as \u00faltimas not\u00edcias do Corinthians<\/title>\n<meta name=\"robots\" content=\"index, follow, max-snippet:-1, max-image-preview:large, max-video-preview:-1\" \/>\n<link rel=\"canonical\" href=\"https:\/\/www.gaveanews.com\/index.php\/2025\/03\/27\/problema-milionario-na-justica-talles-magno-manda-recado-e-recado-de-pedro-raul-as-ultimas-noticias-do-corinthians\/\" \/>\n<meta property=\"og:locale\" content=\"pt_BR\" \/>\n<meta property=\"og:type\" content=\"article\" \/>\n<meta property=\"og:title\" content=\"Problema milion\u00e1rio na Justi\u00e7a, Talles Magno manda recado e recado de Pedro Raul: as \u00faltimas not\u00edcias do Corinthians\" \/>\n<meta property=\"og:description\" content=\"Nas \u00faltimas horas, o foco das not\u00edcias sobre o Corinthians se concentram nos bastidores do clube, com destaques do dia a dia do time. Por conta deste contexto, leia abaixo um resumo preparado pela equipe do portal G\u00e1vea News para lhe manter muito bem informado! Recado de Pedro Raul O atacante Pedro Raul, atualmente emprestado [&hellip;]\" \/>\n<meta property=\"og:url\" content=\"https:\/\/www.gaveanews.com\/index.php\/2025\/03\/27\/problema-milionario-na-justica-talles-magno-manda-recado-e-recado-de-pedro-raul-as-ultimas-noticias-do-corinthians\/\" \/>\n<meta property=\"og:site_name\" content=\"G\u00e1vea News\" \/>\n<meta property=\"article:publisher\" content=\"https:\/\/facebook.com\/gaveaNews\/\" \/>\n<meta property=\"article:published_time\" content=\"2025-03-27T21:25:00+00:00\" \/>\n<meta property=\"og:image\" content=\"https:\/\/www.gaveanews.com\/wp-content\/uploads\/01-edited.webp\" \/>\n\t<meta property=\"og:image:width\" content=\"984\" \/>\n\t<meta property=\"og:image:height\" content=\"656\" \/>\n\t<meta property=\"og:image:type\" content=\"image\/webp\" \/>\n<meta name=\"author\" content=\"Brenda Cezillo\" \/>\n<meta name=\"twitter:card\" content=\"summary_large_image\" \/>\n<meta name=\"twitter:label1\" content=\"Escrito por\" \/>\n\t<meta name=\"twitter:data1\" content=\"Brenda Cezillo\" \/>\n\t<meta name=\"twitter:label2\" content=\"Est. tempo de leitura\" \/>\n\t<meta name=\"twitter:data2\" content=\"6 minutos\" \/>\n<script type=\"application\/ld+json\" class=\"yoast-schema-graph\">{\"@context\":\"https:\/\/schema.org\",\"@graph\":[{\"@type\":\"NewsArticle\",\"@id\":\"https:\/\/www.gaveanews.com\/index.php\/2025\/03\/27\/problema-milionario-na-justica-talles-magno-manda-recado-e-recado-de-pedro-raul-as-ultimas-noticias-do-corinthians\/#article\",\"isPartOf\":{\"@id\":\"https:\/\/www.gaveanews.com\/index.php\/2025\/03\/27\/problema-milionario-na-justica-talles-magno-manda-recado-e-recado-de-pedro-raul-as-ultimas-noticias-do-corinthians\/\"},\"author\":{\"name\":\"Brenda Cezillo\",\"@id\":\"https:\/\/www.gaveanews.com\/#\/schema\/person\/c79759ca337c40791ae8d08e2923d403\"},\"headline\":\"Problema milion\u00e1rio na Justi\u00e7a, Talles Magno manda recado e recado de Pedro Raul: as \u00faltimas not\u00edcias do Corinthians\",\"datePublished\":\"2025-03-27T21:25:00+00:00\",\"mainEntityOfPage\":{\"@id\":\"https:\/\/www.gaveanews.com\/index.php\/2025\/03\/27\/problema-milionario-na-justica-talles-magno-manda-recado-e-recado-de-pedro-raul-as-ultimas-noticias-do-corinthians\/\"},\"wordCount\":872,\"commentCount\":0,\"image\":{\"@id\":\"https:\/\/www.gaveanews.com\/index.php\/2025\/03\/27\/problema-milionario-na-justica-talles-magno-manda-recado-e-recado-de-pedro-raul-as-ultimas-noticias-do-corinthians\/#primaryimage\"},\"thumbnailUrl\":\"https:\/\/www.gaveanews.com\/wp-content\/uploads\/01-edited.webp\",\"articleSection\":[\"Corinthians\"],\"inLanguage\":\"pt-BR\",\"potentialAction\":[{\"@type\":\"CommentAction\",\"name\":\"Comment\",\"target\":[\"https:\/\/www.gaveanews.com\/index.php\/2025\/03\/27\/problema-milionario-na-justica-talles-magno-manda-recado-e-recado-de-pedro-raul-as-ultimas-noticias-do-corinthians\/#respond\"]}],\"copyrightYear\":\"2025\",\"copyrightHolder\":{\"@id\":\"https:\/\/www.gaveanews.com\/#organization\"}},{\"@type\":\"WebPage\",\"@id\":\"https:\/\/www.gaveanews.com\/index.php\/2025\/03\/27\/problema-milionario-na-justica-talles-magno-manda-recado-e-recado-de-pedro-raul-as-ultimas-noticias-do-corinthians\/\",\"url\":\"https:\/\/www.gaveanews.com\/index.php\/2025\/03\/27\/problema-milionario-na-justica-talles-magno-manda-recado-e-recado-de-pedro-raul-as-ultimas-noticias-do-corinthians\/\",\"name\":\"Problema milion\u00e1rio na Justi\u00e7a, Talles Magno manda recado e recado de Pedro Raul: as \u00faltimas not\u00edcias do Corinthians\",\"isPartOf\":{\"@id\":\"https:\/\/www.gaveanews.com\/#website\"},\"primaryImageOfPage\":{\"@id\":\"https:\/\/www.gaveanews.com\/index.php\/2025\/03\/27\/problema-milionario-na-justica-talles-magno-manda-recado-e-recado-de-pedro-raul-as-ultimas-noticias-do-corinthians\/#primaryimage\"},\"image\":{\"@id\":\"https:\/\/www.gaveanews.com\/index.php\/2025\/03\/27\/problema-milionario-na-justica-talles-magno-manda-recado-e-recado-de-pedro-raul-as-ultimas-noticias-do-corinthians\/#primaryimage\"},\"thumbnailUrl\":\"https:\/\/www.gaveanews.com\/wp-content\/uploads\/01-edited.webp\",\"datePublished\":\"2025-03-27T21:25:00+00:00\",\"author\":{\"@id\":\"https:\/\/www.gaveanews.com\/#\/schema\/person\/c79759ca337c40791ae8d08e2923d403\"},\"breadcrumb\":{\"@id\":\"https:\/\/www.gaveanews.com\/index.php\/2025\/03\/27\/problema-milionario-na-justica-talles-magno-manda-recado-e-recado-de-pedro-raul-as-ultimas-noticias-do-corinthians\/#breadcrumb\"},\"inLanguage\":\"pt-BR\",\"potentialAction\":[{\"@type\":\"ReadAction\",\"target\":[\"https:\/\/www.gaveanews.com\/index.php\/2025\/03\/27\/problema-milionario-na-justica-talles-magno-manda-recado-e-recado-de-pedro-raul-as-ultimas-noticias-do-corinthians\/\"]}]},{\"@type\":\"ImageObject\",\"inLanguage\":\"pt-BR\",\"@id\":\"https:\/\/www.gaveanews.com\/index.php\/2025\/03\/27\/problema-milionario-na-justica-talles-magno-manda-recado-e-recado-de-pedro-raul-as-ultimas-noticias-do-corinthians\/#primaryimage\",\"url\":\"https:\/\/www.gaveanews.com\/wp-content\/uploads\/01-edited.webp\",\"contentUrl\":\"https:\/\/www.gaveanews.com\/wp-content\/uploads\/01-edited.webp\",\"width\":984,\"height\":656,\"caption\":\"Escudo do Corinthians (Foto: Reprodu\u00e7\u00e3o\/Instagram)\"},{\"@type\":\"BreadcrumbList\",\"@id\":\"https:\/\/www.gaveanews.com\/index.php\/2025\/03\/27\/problema-milionario-na-justica-talles-magno-manda-recado-e-recado-de-pedro-raul-as-ultimas-noticias-do-corinthians\/#breadcrumb\",\"itemListElement\":[{\"@type\":\"ListItem\",\"position\":1,\"name\":\"Home\",\"item\":\"https:\/\/www.gaveanews.com\/\"},{\"@type\":\"ListItem\",\"position\":2,\"name\":\"Problema milion\u00e1rio na Justi\u00e7a, Talles Magno manda recado e recado de Pedro Raul: as \u00faltimas not\u00edcias do Corinthians\"}]},{\"@type\":\"WebSite\",\"@id\":\"https:\/\/www.gaveanews.com\/#website\",\"url\":\"https:\/\/www.gaveanews.com\/\",\"name\":\"G\u00e1vea News\",\"description\":\"Veja todas as not\u00edcias sobre o Flamengo: Contrata\u00e7\u00f5es, categorias de base, resultados das partidas, tabela de classifica\u00e7\u00e3o, pr\u00f3ximos jogos!\",\"potentialAction\":[{\"@type\":\"SearchAction\",\"target\":{\"@type\":\"EntryPoint\",\"urlTemplate\":\"https:\/\/www.gaveanews.com\/?s={search_term_string}\"},\"query-input\":{\"@type\":\"PropertyValueSpecification\",\"valueRequired\":true,\"valueName\":\"search_term_string\"}}],\"inLanguage\":\"pt-BR\"},{\"@type\":\"Person\",\"@id\":\"https:\/\/www.gaveanews.com\/#\/schema\/person\/c79759ca337c40791ae8d08e2923d403\",\"name\":\"Brenda Cezillo\",\"image\":{\"@type\":\"ImageObject\",\"inLanguage\":\"pt-BR\",\"@id\":\"https:\/\/www.gaveanews.com\/#\/schema\/person\/image\/\",\"url\":\"https:\/\/secure.gravatar.com\/avatar\/1738d75cee7317f9c29ae61dd67620c5883d80a92e42a6fff88ae5d527af217a?s=96&d=mm&r=g\",\"contentUrl\":\"https:\/\/secure.gravatar.com\/avatar\/1738d75cee7317f9c29ae61dd67620c5883d80a92e42a6fff88ae5d527af217a?s=96&d=mm&r=g\",\"caption\":\"Brenda Cezillo\"}}]}<\/script>\n<!-- \/ Yoast SEO Premium plugin. -->","yoast_head_json":{"title":"Problema milion\u00e1rio na Justi\u00e7a, Talles Magno manda recado e recado de Pedro Raul: as \u00faltimas not\u00edcias do Corinthians","robots":{"index":"index","follow":"follow","max-snippet":"max-snippet:-1","max-image-preview":"max-image-preview:large","max-video-preview":"max-video-preview:-1"},"canonical":"https:\/\/www.gaveanews.com\/index.php\/2025\/03\/27\/problema-milionario-na-justica-talles-magno-manda-recado-e-recado-de-pedro-raul-as-ultimas-noticias-do-corinthians\/","og_locale":"pt_BR","og_type":"article","og_title":"Problema milion\u00e1rio na Justi\u00e7a, Talles Magno manda recado e recado de Pedro Raul: as \u00faltimas not\u00edcias do Corinthians","og_description":"Nas \u00faltimas horas, o foco das not\u00edcias sobre o Corinthians se concentram nos bastidores do clube, com destaques do dia a dia do time. Por conta deste contexto, leia abaixo um resumo preparado pela equipe do portal G\u00e1vea News para lhe manter muito bem informado! Recado de Pedro Raul O atacante Pedro Raul, atualmente emprestado [&hellip;]","og_url":"https:\/\/www.gaveanews.com\/index.php\/2025\/03\/27\/problema-milionario-na-justica-talles-magno-manda-recado-e-recado-de-pedro-raul-as-ultimas-noticias-do-corinthians\/","og_site_name":"G\u00e1vea News","article_publisher":"https:\/\/facebook.com\/gaveaNews\/","article_published_time":"2025-03-27T21:25:00+00:00","og_image":[{"width":984,"height":656,"url":"https:\/\/www.gaveanews.com\/wp-content\/uploads\/01-edited.webp","type":"image\/webp"}],"author":"Brenda Cezillo","twitter_card":"summary_large_image","twitter_misc":{"Escrito por":"Brenda Cezillo","Est. tempo de leitura":"6 minutos"},"schema":{"@context":"https:\/\/schema.org","@graph":[{"@type":"NewsArticle","@id":"https:\/\/www.gaveanews.com\/index.php\/2025\/03\/27\/problema-milionario-na-justica-talles-magno-manda-recado-e-recado-de-pedro-raul-as-ultimas-noticias-do-corinthians\/#article","isPartOf":{"@id":"https:\/\/www.gaveanews.com\/index.php\/2025\/03\/27\/problema-milionario-na-justica-talles-magno-manda-recado-e-recado-de-pedro-raul-as-ultimas-noticias-do-corinthians\/"},"author":{"name":"Brenda Cezillo","@id":"https:\/\/www.gaveanews.com\/#\/schema\/person\/c79759ca337c40791ae8d08e2923d403"},"headline":"Problema milion\u00e1rio na Justi\u00e7a, Talles Magno manda recado e recado de Pedro Raul: as \u00faltimas not\u00edcias do Corinthians","datePublished":"2025-03-27T21:25:00+00:00","mainEntityOfPage":{"@id":"https:\/\/www.gaveanews.com\/index.php\/2025\/03\/27\/problema-milionario-na-justica-talles-magno-manda-recado-e-recado-de-pedro-raul-as-ultimas-noticias-do-corinthians\/"},"wordCount":872,"commentCount":0,"image":{"@id":"https:\/\/www.gaveanews.com\/index.php\/2025\/03\/27\/problema-milionario-na-justica-talles-magno-manda-recado-e-recado-de-pedro-raul-as-ultimas-noticias-do-corinthians\/#primaryimage"},"thumbnailUrl":"https:\/\/www.gaveanews.com\/wp-content\/uploads\/01-edited.webp","articleSection":["Corinthians"],"inLanguage":"pt-BR","potentialAction":[{"@type":"CommentAction","name":"Comment","target":["https:\/\/www.gaveanews.com\/index.php\/2025\/03\/27\/problema-milionario-na-justica-talles-magno-manda-recado-e-recado-de-pedro-raul-as-ultimas-noticias-do-corinthians\/#respond"]}],"copyrightYear":"2025","copyrightHolder":{"@id":"https:\/\/www.gaveanews.com\/#organization"}},{"@type":"WebPage","@id":"https:\/\/www.gaveanews.com\/index.php\/2025\/03\/27\/problema-milionario-na-justica-talles-magno-manda-recado-e-recado-de-pedro-raul-as-ultimas-noticias-do-corinthians\/","url":"https:\/\/www.gaveanews.com\/index.php\/2025\/03\/27\/problema-milionario-na-justica-talles-magno-manda-recado-e-recado-de-pedro-raul-as-ultimas-noticias-do-corinthians\/","name":"Problema milion\u00e1rio na Justi\u00e7a, Talles Magno manda recado e recado de Pedro Raul: as \u00faltimas not\u00edcias do Corinthians","isPartOf":{"@id":"https:\/\/www.gaveanews.com\/#website"},"primaryImageOfPage":{"@id":"https:\/\/www.gaveanews.com\/index.php\/2025\/03\/27\/problema-milionario-na-justica-talles-magno-manda-recado-e-recado-de-pedro-raul-as-ultimas-noticias-do-corinthians\/#primaryimage"},"image":{"@id":"https:\/\/www.gaveanews.com\/index.php\/2025\/03\/27\/problema-milionario-na-justica-talles-magno-manda-recado-e-recado-de-pedro-raul-as-ultimas-noticias-do-corinthians\/#primaryimage"},"thumbnailUrl":"https:\/\/www.gaveanews.com\/wp-content\/uploads\/01-edited.webp","datePublished":"2025-03-27T21:25:00+00:00","author":{"@id":"https:\/\/www.gaveanews.com\/#\/schema\/person\/c79759ca337c40791ae8d08e2923d403"},"breadcrumb":{"@id":"https:\/\/www.gaveanews.com\/index.php\/2025\/03\/27\/problema-milionario-na-justica-talles-magno-manda-recado-e-recado-de-pedro-raul-as-ultimas-noticias-do-corinthians\/#breadcrumb"},"inLanguage":"pt-BR","potentialAction":[{"@type":"ReadAction","target":["https:\/\/www.gaveanews.com\/index.php\/2025\/03\/27\/problema-milionario-na-justica-talles-magno-manda-recado-e-recado-de-pedro-raul-as-ultimas-noticias-do-corinthians\/"]}]},{"@type":"ImageObject","inLanguage":"pt-BR","@id":"https:\/\/www.gaveanews.com\/index.php\/2025\/03\/27\/problema-milionario-na-justica-talles-magno-manda-recado-e-recado-de-pedro-raul-as-ultimas-noticias-do-corinthians\/#primaryimage","url":"https:\/\/www.gaveanews.com\/wp-content\/uploads\/01-edited.webp","contentUrl":"https:\/\/www.gaveanews.com\/wp-content\/uploads\/01-edited.webp","width":984,"height":656,"caption":"Escudo do Corinthians (Foto: Reprodu\u00e7\u00e3o\/Instagram)"},{"@type":"BreadcrumbList","@id":"https:\/\/www.gaveanews.com\/index.php\/2025\/03\/27\/problema-milionario-na-justica-talles-magno-manda-recado-e-recado-de-pedro-raul-as-ultimas-noticias-do-corinthians\/#breadcrumb","itemListElement":[{"@type":"ListItem","position":1,"name":"Home","item":"https:\/\/www.gaveanews.com\/"},{"@type":"ListItem","position":2,"name":"Problema milion\u00e1rio na Justi\u00e7a, Talles Magno manda recado e recado de Pedro Raul: as \u00faltimas not\u00edcias do Corinthians"}]},{"@type":"WebSite","@id":"https:\/\/www.gaveanews.com\/#website","url":"https:\/\/www.gaveanews.com\/","name":"G\u00e1vea News","description":"Veja todas as not\u00edcias sobre o Flamengo: Contrata\u00e7\u00f5es, categorias de base, resultados das partidas, tabela de classifica\u00e7\u00e3o, pr\u00f3ximos jogos!","potentialAction":[{"@type":"SearchAction","target":{"@type":"EntryPoint","urlTemplate":"https:\/\/www.gaveanews.com\/?s={search_term_string}"},"query-input":{"@type":"PropertyValueSpecification","valueRequired":true,"valueName":"search_term_string"}}],"inLanguage":"pt-BR"},{"@type":"Person","@id":"https:\/\/www.gaveanews.com\/#\/schema\/person\/c79759ca337c40791ae8d08e2923d403","name":"Brenda Cezillo","image":{"@type":"ImageObject","inLanguage":"pt-BR","@id":"https:\/\/www.gaveanews.com\/#\/schema\/person\/image\/","url":"https:\/\/secure.gravatar.com\/avatar\/1738d75cee7317f9c29ae61dd67620c5883d80a92e42a6fff88ae5d527af217a?s=96&d=mm&r=g","contentUrl":"https:\/\/secure.gravatar.com\/avatar\/1738d75cee7317f9c29ae61dd67620c5883d80a92e42a6fff88ae5d527af217a?s=96&d=mm&r=g","caption":"Brenda Cezillo"}}]}},"_links":{"self":[{"href":"https:\/\/www.gaveanews.com\/index.php\/wp-json\/wp\/v2\/posts\/245518","targetHints":{"allow":["GET"]}}],"collection":[{"href":"https:\/\/www.gaveanews.com\/index.php\/wp-json\/wp\/v2\/posts"}],"about":[{"href":"https:\/\/www.gaveanews.com\/index.php\/wp-json\/wp\/v2\/types\/post"}],"author":[{"embeddable":true,"href":"https:\/\/www.gaveanews.com\/index.php\/wp-json\/wp\/v2\/users\/33"}],"replies":[{"embeddable":true,"href":"https:\/\/www.gaveanews.com\/index.php\/wp-json\/wp\/v2\/comments?post=245518"}],"version-history":[{"count":1,"href":"https:\/\/www.gaveanews.com\/index.php\/wp-json\/wp\/v2\/posts\/245518\/revisions"}],"predecessor-version":[{"id":245530,"href":"https:\/\/www.gaveanews.com\/index.php\/wp-json\/wp\/v2\/posts\/245518\/revisions\/245530"}],"wp:featuredmedia":[{"embeddable":true,"href":"https:\/\/www.gaveanews.com\/index.php\/wp-json\/wp\/v2\/media\/123882"}],"wp:attachment":[{"href":"https:\/\/www.gaveanews.com\/index.php\/wp-json\/wp\/v2\/media?parent=245518"}],"wp:term":[{"taxonomy":"category","embeddable":true,"href":"https:\/\/www.gaveanews.com\/index.php\/wp-json\/wp\/v2\/categories?post=245518"},{"taxonomy":"post_tag","embeddable":true,"href":"https:\/\/www.gaveanews.com\/index.php\/wp-json\/wp\/v2\/tags?post=245518"}],"curies":[{"name":"wp","href":"https:\/\/api.w.org\/{rel}","templated":true}]}}