{"id":245525,"date":"2025-03-27T19:25:00","date_gmt":"2025-03-27T22:25:00","guid":{"rendered":"https:\/\/www.gaveanews.com\/?p=245525"},"modified":"2025-03-27T16:40:14","modified_gmt":"2025-03-27T19:40:14","slug":"corinthians-vai-receber-caminhao-de-dinheiro-da-europa-impeachment-de-augusto-melo-e-declaracao-de-abel-braga-as-ultimas-noticias-do-corinthians","status":"publish","type":"post","link":"https:\/\/www.gaveanews.com\/index.php\/2025\/03\/27\/corinthians-vai-receber-caminhao-de-dinheiro-da-europa-impeachment-de-augusto-melo-e-declaracao-de-abel-braga-as-ultimas-noticias-do-corinthians\/","title":{"rendered":"Volante preocupa para final, Milton Neves crava campe\u00e3o e avi\u00e3o de atacante \u00e9 atingido: as \u00faltimas not\u00edcias do Corinthians"},"content":{"rendered":"\n<p>Nas \u00faltimas horas, o foco das not\u00edcias sobre o Corinthians se concentram nos bastidores do clube, com destaques do dia a dia do time.<\/p>\n\n\n\n<p>Por conta deste contexto, leia abaixo um resumo preparado pela equipe do portal G\u00e1vea News para lhe manter muito bem informado!<\/p>\n\n\n\n<h2 class=\"wp-block-heading\" id=\"h-aviao-de-atacante-e-atingido\">Avi\u00e3o de atacante \u00e9 atingido<\/h2>\n\n\n\n<p>Durante o retorno a S\u00e3o Paulo ap\u00f3s defender a sele\u00e7\u00e3o do Paraguai, o atacante \u00c1ngel Romero, do Corinthians, enfrentou um contratempo a\u00e9reo. O avi\u00e3o em que viajava foi atingido por um raio durante uma tempestade, o que resultou em uma falha t\u00e9cnica e obrigou a companhia a\u00e9rea a substituir a aeronave na escala em Manaus. Apesar do susto, a situa\u00e7\u00e3o foi controlada sem p\u00e2nico a bordo, e a troca foi feita por precau\u00e7\u00e3o <strong><a href=\"https:\/\/www.gaveanews.com\/index.php\/2025\/03\/26\/aviao-que-transportava-romero-do-corinthians-e-atingido-por-raio\/\">(leia a mat\u00e9ria completa).<\/a><\/strong><\/p>\n\n\n\n<figure class=\"wp-block-image size-large\"><img loading=\"lazy\" decoding=\"async\" width=\"1024\" height=\"1003\" src=\"http:\/\/www.gaveanews.com\/wp-content\/uploads\/Angel-Rodrigo-Romero-com-a-camisa-do-Corinthians-em-2024-1024x1003.webp\" alt=\"\" class=\"wp-image-153975\" srcset=\"https:\/\/www.gaveanews.com\/wp-content\/uploads\/Angel-Rodrigo-Romero-com-a-camisa-do-Corinthians-em-2024-1024x1003.webp 1024w, https:\/\/www.gaveanews.com\/wp-content\/uploads\/Angel-Rodrigo-Romero-com-a-camisa-do-Corinthians-em-2024-300x294.webp 300w, https:\/\/www.gaveanews.com\/wp-content\/uploads\/Angel-Rodrigo-Romero-com-a-camisa-do-Corinthians-em-2024-768x752.webp 768w, https:\/\/www.gaveanews.com\/wp-content\/uploads\/Angel-Rodrigo-Romero-com-a-camisa-do-Corinthians-em-2024-429x420.webp 429w, https:\/\/www.gaveanews.com\/wp-content\/uploads\/Angel-Rodrigo-Romero-com-a-camisa-do-Corinthians-em-2024-858x840.webp 858w, https:\/\/www.gaveanews.com\/wp-content\/uploads\/Angel-Rodrigo-Romero-com-a-camisa-do-Corinthians-em-2024-640x627.webp 640w, https:\/\/www.gaveanews.com\/wp-content\/uploads\/Angel-Rodrigo-Romero-com-a-camisa-do-Corinthians-em-2024-681x667.webp 681w, https:\/\/www.gaveanews.com\/wp-content\/uploads\/Angel-Rodrigo-Romero-com-a-camisa-do-Corinthians-em-2024-100x98.webp 100w, https:\/\/www.gaveanews.com\/wp-content\/uploads\/Angel-Rodrigo-Romero-com-a-camisa-do-Corinthians-em-2024.webp 1242w\" sizes=\"auto, (max-width: 1024px) 100vw, 1024px\" \/><figcaption class=\"wp-element-caption\">\u00c1ngel Rodrigo Romero com a camisa do Corinthians em 2024 (Foto: Reprodu\u00e7\u00e3o\/Corinthians)<\/figcaption><\/figure>\n\n\n\n<p>Romero estava acompanhado de Richard R\u00edos, meio-campista do Palmeiras, em uma log\u00edstica conjunta organizada pelos dois clubes. A viagem visava otimizar o retorno dos atletas sul-americanos ap\u00f3s compromissos com suas sele\u00e7\u00f5es. Com o atraso, a reapresenta\u00e7\u00e3o do paraguaio ao Corinthians teve que ser adiada, prejudicando o planejamento do time para o cl\u00e1ssico contra o Palmeiras, v\u00e1lido pela final do Paulist\u00e3o.<\/p>\n\n\n\n<p>Mesmo com o imprevisto, a expectativa da comiss\u00e3o t\u00e9cnica \u00e9 de que Romero esteja dispon\u00edvel em tempo h\u00e1bil. O atacante tem sido presen\u00e7a constante no ataque corintiano, e o clube acredita que o contratempo a\u00e9reo n\u00e3o comprometer\u00e1 sua prepara\u00e7\u00e3o para os pr\u00f3ximos jogos. A reapresenta\u00e7\u00e3o est\u00e1 prevista ainda para a noite desta quarta-feira, caso o novo voo ocorra conforme o planejado.<\/p>\n\n\n\n<h2 class=\"wp-block-heading\" id=\"h-milton-neves-crava-campeao\">Milton Neves crava campe\u00e3o<\/h2>\n\n\n\n<p>O comentarista Milton Neves causou pol\u00eamica ao afirmar, com convic\u00e7\u00e3o, que o Corinthians ser\u00e1 o campe\u00e3o paulista de 2025. A declara\u00e7\u00e3o foi feita durante o programa \u201cMesa Redonda\u201d, na TV Gazeta, \u00e0s v\u00e9speras da final entre Corinthians e Palmeiras, marcada para quinta-feira (27), na Neo Qu\u00edmica Arena. O jornalista afirmou que a vantagem obtida pelo Tim\u00e3o no primeiro jogo, vencido por 1 a 0 fora de casa, \u00e9 suficiente para garantir o t\u00edtulo estadual <strong><a href=\"https:\/\/www.gaveanews.com\/index.php\/2025\/03\/26\/milton-neves-crava-campeao-paulista-de-2025\/\">(leia a mat\u00e9ria completa).<\/a><\/strong><\/p>\n\n\n\n<figure class=\"wp-block-image size-large\"><img loading=\"lazy\" decoding=\"async\" width=\"1024\" height=\"576\" src=\"http:\/\/www.gaveanews.com\/wp-content\/uploads\/Milton-Neves-durante-a-programacao-da-Bandeirantes-1024x576.webp\" alt=\"\" class=\"wp-image-166659\" srcset=\"https:\/\/www.gaveanews.com\/wp-content\/uploads\/Milton-Neves-durante-a-programacao-da-Bandeirantes-1024x576.webp 1024w, https:\/\/www.gaveanews.com\/wp-content\/uploads\/Milton-Neves-durante-a-programacao-da-Bandeirantes-300x169.webp 300w, https:\/\/www.gaveanews.com\/wp-content\/uploads\/Milton-Neves-durante-a-programacao-da-Bandeirantes-768x432.webp 768w, https:\/\/www.gaveanews.com\/wp-content\/uploads\/Milton-Neves-durante-a-programacao-da-Bandeirantes-747x420.webp 747w, https:\/\/www.gaveanews.com\/wp-content\/uploads\/Milton-Neves-durante-a-programacao-da-Bandeirantes-1493x840.webp 1493w, https:\/\/www.gaveanews.com\/wp-content\/uploads\/Milton-Neves-durante-a-programacao-da-Bandeirantes-640x360.webp 640w, https:\/\/www.gaveanews.com\/wp-content\/uploads\/Milton-Neves-durante-a-programacao-da-Bandeirantes-1280x720.webp 1280w, https:\/\/www.gaveanews.com\/wp-content\/uploads\/Milton-Neves-durante-a-programacao-da-Bandeirantes-681x383.webp 681w, https:\/\/www.gaveanews.com\/wp-content\/uploads\/Milton-Neves-durante-a-programacao-da-Bandeirantes-1362x766.webp 1362w, https:\/\/www.gaveanews.com\/wp-content\/uploads\/Milton-Neves-durante-a-programacao-da-Bandeirantes-100x56.webp 100w, https:\/\/www.gaveanews.com\/wp-content\/uploads\/Milton-Neves-durante-a-programacao-da-Bandeirantes.webp 1536w\" sizes=\"auto, (max-width: 1024px) 100vw, 1024px\" \/><figcaption class=\"wp-element-caption\">Milton Neves durante a programa\u00e7\u00e3o da Bandeirantes (Foto: Reprodu\u00e7\u00e3o\/Bandeirantes)<\/figcaption><\/figure>\n\n\n\n<p>Segundo Milton, o Palmeiras n\u00e3o tem condi\u00e7\u00f5es de reverter o placar na partida de volta, destacando que j\u00e1 previa o t\u00edtulo corintiano desde o in\u00edcio do campeonato. <\/p>\n\n\n\n<p>O time comandado por Ram\u00f3n D\u00edaz pode at\u00e9 empatar para sair campe\u00e3o, enquanto o rival alviverde precisa vencer por dois gols de diferen\u00e7a no tempo regulamentar para ficar com a ta\u00e7a, ou levar a decis\u00e3o para os p\u00eanaltis com uma vit\u00f3ria simples. O jornalista ainda criticou a press\u00e3o sobre Ram\u00f3n, dizendo que uma poss\u00edvel demiss\u00e3o seria injusta caso ele perca a final.<\/p>\n\n\n\n<p>Apesar do favoritismo declarado, o Corinthians ainda convive com incertezas nos bastidores. Al\u00e9m da tens\u00e3o envolvendo o t\u00e9cnico, quest\u00f5es administrativas e financeiras v\u00eam cercando o clube. No entanto, a oportunidade de conquistar o 31\u00ba t\u00edtulo paulista pode aliviar o ambiente e fortalecer a continuidade do trabalho de Ram\u00f3n D\u00edaz. O jogo promete fortes emo\u00e7\u00f5es e pode marcar mais um cap\u00edtulo hist\u00f3rico na rivalidade entre os dois gigantes paulistas.<\/p>\n\n\n\n<h2 class=\"wp-block-heading\" id=\"h-volante-preocupa-para-final\">Volante preocupa para final<\/h2>\n\n\n\n<p>A proximidade da final do Campeonato Paulista intensificou a aten\u00e7\u00e3o no Corinthians, especialmente em rela\u00e7\u00e3o \u00e0 condi\u00e7\u00e3o f\u00edsica do volante Jos\u00e9 Mart\u00ednez. O jogador venezuelano sentiu um desconforto muscular na coxa durante a Data Fifa e virou d\u00favida para o cl\u00e1ssico contra o Palmeiras, marcado para quinta-feira (27). A situa\u00e7\u00e3o preocupa o t\u00e9cnico Ram\u00f3n D\u00edaz, que considera o atleta pe\u00e7a essencial na conten\u00e7\u00e3o do meio-campo <strong><a href=\"https:\/\/www.gaveanews.com\/index.php\/2025\/03\/26\/corinthians-x-palmeiras-condicao-de-jose-martinez-preocupa\/\">(leia a mat\u00e9ria completa).<\/a><\/strong><\/p>\n\n\n\n<figure class=\"wp-block-image size-full\"><img loading=\"lazy\" decoding=\"async\" width=\"1414\" height=\"1060\" src=\"http:\/\/www.gaveanews.com\/wp-content\/uploads\/Jose-Andres-Martinez-com-a-camisa-do-Corinthians.webp\" alt=\"\" class=\"wp-image-225578\"\/><figcaption class=\"wp-element-caption\">Jose Andres Martinez com a camisa do Corinthians (Foto: Reprodu\u00e7\u00e3o\/Instagram)<\/figcaption><\/figure>\n\n\n\n<p>Para tentar acelerar a recupera\u00e7\u00e3o, o clube enviou um fisioterapeuta \u00e0 Venezuela e fretou um voo para antecipar o retorno de Mart\u00ednez e Andr\u00e9 Carrillo. Apesar do esfor\u00e7o, a participa\u00e7\u00e3o do volante ser\u00e1 decidida apenas ap\u00f3s o \u00faltimo treino antes da partida. Enquanto isso, o treinador argentino testa forma\u00e7\u00f5es alternativas, com nomes como Maycon, Alex Santana e Breno Bidon entre os cotados para substituir o venezuelano.<\/p>\n\n\n\n<p>Com a vantagem do empate conquistada na primeira partida, o Corinthians pode adotar uma estrat\u00e9gia mais defensiva na Neo Qu\u00edmica Arena. A presen\u00e7a ou aus\u00eancia de Mart\u00ednez pode influenciar diretamente na postura t\u00e1tica da equipe. Enquanto isso, a comiss\u00e3o t\u00e9cnica tamb\u00e9m avalia ajustes no setor ofensivo, embora a tend\u00eancia seja manter o trio com Garro, Depay e Yuri Alberto. A incerteza em torno do camisa 5 adiciona ainda mais tens\u00e3o \u00e0 decis\u00e3o.<\/p>\n","protected":false},"excerpt":{"rendered":"<p>Nas \u00faltimas horas, o foco das not\u00edcias sobre o Corinthians se concentram nos bastidores do clube, com destaques do dia a dia do time. Por conta deste contexto, leia abaixo um resumo preparado pela equipe do portal G\u00e1vea News para lhe manter muito bem informado! Avi\u00e3o de atacante \u00e9 atingido Durante o retorno a S\u00e3o [&hellip;]<\/p>\n","protected":false},"author":33,"featured_media":155584,"comment_status":"open","ping_status":"closed","sticky":false,"template":"","format":"standard","meta":{"footnotes":""},"categories":[141],"tags":[],"class_list":["post-245525","post","type-post","status-publish","format-standard","has-post-thumbnail","hentry","category-corinthians"],"yoast_head":"<!-- This site is optimized with the Yoast SEO Premium plugin v24.2 (Yoast SEO v26.9) - https:\/\/yoast.com\/product\/yoast-seo-premium-wordpress\/ -->\n<title>Volante preocupa para final, Milton Neves crava campe\u00e3o e avi\u00e3o de atacante \u00e9 atingido: as \u00faltimas not\u00edcias do Corinthians<\/title>\n<meta name=\"robots\" content=\"index, follow, max-snippet:-1, max-image-preview:large, max-video-preview:-1\" \/>\n<link rel=\"canonical\" href=\"https:\/\/www.gaveanews.com\/index.php\/2025\/03\/27\/corinthians-vai-receber-caminhao-de-dinheiro-da-europa-impeachment-de-augusto-melo-e-declaracao-de-abel-braga-as-ultimas-noticias-do-corinthians\/\" \/>\n<meta property=\"og:locale\" content=\"pt_BR\" \/>\n<meta property=\"og:type\" content=\"article\" \/>\n<meta property=\"og:title\" content=\"Volante preocupa para final, Milton Neves crava campe\u00e3o e avi\u00e3o de atacante \u00e9 atingido: as \u00faltimas not\u00edcias do Corinthians\" \/>\n<meta property=\"og:description\" content=\"Nas \u00faltimas horas, o foco das not\u00edcias sobre o Corinthians se concentram nos bastidores do clube, com destaques do dia a dia do time. Por conta deste contexto, leia abaixo um resumo preparado pela equipe do portal G\u00e1vea News para lhe manter muito bem informado! Avi\u00e3o de atacante \u00e9 atingido Durante o retorno a S\u00e3o [&hellip;]\" \/>\n<meta property=\"og:url\" content=\"https:\/\/www.gaveanews.com\/index.php\/2025\/03\/27\/corinthians-vai-receber-caminhao-de-dinheiro-da-europa-impeachment-de-augusto-melo-e-declaracao-de-abel-braga-as-ultimas-noticias-do-corinthians\/\" \/>\n<meta property=\"og:site_name\" content=\"G\u00e1vea News\" \/>\n<meta property=\"article:publisher\" content=\"https:\/\/facebook.com\/gaveaNews\/\" \/>\n<meta property=\"article:published_time\" content=\"2025-03-27T22:25:00+00:00\" \/>\n<meta property=\"og:image\" content=\"https:\/\/www.gaveanews.com\/wp-content\/uploads\/Elenco-do-Corinthians-durante-partida-do-Brasileirao-2024.webp\" \/>\n\t<meta property=\"og:image:width\" content=\"1814\" \/>\n\t<meta property=\"og:image:height\" content=\"1440\" \/>\n\t<meta property=\"og:image:type\" content=\"image\/jpeg\" \/>\n<meta name=\"author\" content=\"Brenda Cezillo\" \/>\n<meta name=\"twitter:card\" content=\"summary_large_image\" \/>\n<meta name=\"twitter:label1\" content=\"Escrito por\" \/>\n\t<meta name=\"twitter:data1\" content=\"Brenda Cezillo\" \/>\n\t<meta name=\"twitter:label2\" content=\"Est. tempo de leitura\" \/>\n\t<meta name=\"twitter:data2\" content=\"5 minutos\" \/>\n<script type=\"application\/ld+json\" class=\"yoast-schema-graph\">{\"@context\":\"https:\/\/schema.org\",\"@graph\":[{\"@type\":\"NewsArticle\",\"@id\":\"https:\/\/www.gaveanews.com\/index.php\/2025\/03\/27\/corinthians-vai-receber-caminhao-de-dinheiro-da-europa-impeachment-de-augusto-melo-e-declaracao-de-abel-braga-as-ultimas-noticias-do-corinthians\/#article\",\"isPartOf\":{\"@id\":\"https:\/\/www.gaveanews.com\/index.php\/2025\/03\/27\/corinthians-vai-receber-caminhao-de-dinheiro-da-europa-impeachment-de-augusto-melo-e-declaracao-de-abel-braga-as-ultimas-noticias-do-corinthians\/\"},\"author\":{\"name\":\"Brenda Cezillo\",\"@id\":\"https:\/\/www.gaveanews.com\/#\/schema\/person\/c79759ca337c40791ae8d08e2923d403\"},\"headline\":\"Volante preocupa para final, Milton Neves crava campe\u00e3o e avi\u00e3o de atacante \u00e9 atingido: as \u00faltimas not\u00edcias do Corinthians\",\"datePublished\":\"2025-03-27T22:25:00+00:00\",\"mainEntityOfPage\":{\"@id\":\"https:\/\/www.gaveanews.com\/index.php\/2025\/03\/27\/corinthians-vai-receber-caminhao-de-dinheiro-da-europa-impeachment-de-augusto-melo-e-declaracao-de-abel-braga-as-ultimas-noticias-do-corinthians\/\"},\"wordCount\":844,\"commentCount\":0,\"image\":{\"@id\":\"https:\/\/www.gaveanews.com\/index.php\/2025\/03\/27\/corinthians-vai-receber-caminhao-de-dinheiro-da-europa-impeachment-de-augusto-melo-e-declaracao-de-abel-braga-as-ultimas-noticias-do-corinthians\/#primaryimage\"},\"thumbnailUrl\":\"https:\/\/www.gaveanews.com\/wp-content\/uploads\/Elenco-do-Corinthians-durante-partida-do-Brasileirao-2024.webp\",\"articleSection\":[\"Corinthians\"],\"inLanguage\":\"pt-BR\",\"potentialAction\":[{\"@type\":\"CommentAction\",\"name\":\"Comment\",\"target\":[\"https:\/\/www.gaveanews.com\/index.php\/2025\/03\/27\/corinthians-vai-receber-caminhao-de-dinheiro-da-europa-impeachment-de-augusto-melo-e-declaracao-de-abel-braga-as-ultimas-noticias-do-corinthians\/#respond\"]}],\"copyrightYear\":\"2025\",\"copyrightHolder\":{\"@id\":\"https:\/\/www.gaveanews.com\/#organization\"}},{\"@type\":\"WebPage\",\"@id\":\"https:\/\/www.gaveanews.com\/index.php\/2025\/03\/27\/corinthians-vai-receber-caminhao-de-dinheiro-da-europa-impeachment-de-augusto-melo-e-declaracao-de-abel-braga-as-ultimas-noticias-do-corinthians\/\",\"url\":\"https:\/\/www.gaveanews.com\/index.php\/2025\/03\/27\/corinthians-vai-receber-caminhao-de-dinheiro-da-europa-impeachment-de-augusto-melo-e-declaracao-de-abel-braga-as-ultimas-noticias-do-corinthians\/\",\"name\":\"Volante preocupa para final, Milton Neves crava campe\u00e3o e avi\u00e3o de atacante \u00e9 atingido: as \u00faltimas not\u00edcias do Corinthians\",\"isPartOf\":{\"@id\":\"https:\/\/www.gaveanews.com\/#website\"},\"primaryImageOfPage\":{\"@id\":\"https:\/\/www.gaveanews.com\/index.php\/2025\/03\/27\/corinthians-vai-receber-caminhao-de-dinheiro-da-europa-impeachment-de-augusto-melo-e-declaracao-de-abel-braga-as-ultimas-noticias-do-corinthians\/#primaryimage\"},\"image\":{\"@id\":\"https:\/\/www.gaveanews.com\/index.php\/2025\/03\/27\/corinthians-vai-receber-caminhao-de-dinheiro-da-europa-impeachment-de-augusto-melo-e-declaracao-de-abel-braga-as-ultimas-noticias-do-corinthians\/#primaryimage\"},\"thumbnailUrl\":\"https:\/\/www.gaveanews.com\/wp-content\/uploads\/Elenco-do-Corinthians-durante-partida-do-Brasileirao-2024.webp\",\"datePublished\":\"2025-03-27T22:25:00+00:00\",\"author\":{\"@id\":\"https:\/\/www.gaveanews.com\/#\/schema\/person\/c79759ca337c40791ae8d08e2923d403\"},\"breadcrumb\":{\"@id\":\"https:\/\/www.gaveanews.com\/index.php\/2025\/03\/27\/corinthians-vai-receber-caminhao-de-dinheiro-da-europa-impeachment-de-augusto-melo-e-declaracao-de-abel-braga-as-ultimas-noticias-do-corinthians\/#breadcrumb\"},\"inLanguage\":\"pt-BR\",\"potentialAction\":[{\"@type\":\"ReadAction\",\"target\":[\"https:\/\/www.gaveanews.com\/index.php\/2025\/03\/27\/corinthians-vai-receber-caminhao-de-dinheiro-da-europa-impeachment-de-augusto-melo-e-declaracao-de-abel-braga-as-ultimas-noticias-do-corinthians\/\"]}]},{\"@type\":\"ImageObject\",\"inLanguage\":\"pt-BR\",\"@id\":\"https:\/\/www.gaveanews.com\/index.php\/2025\/03\/27\/corinthians-vai-receber-caminhao-de-dinheiro-da-europa-impeachment-de-augusto-melo-e-declaracao-de-abel-braga-as-ultimas-noticias-do-corinthians\/#primaryimage\",\"url\":\"https:\/\/www.gaveanews.com\/wp-content\/uploads\/Elenco-do-Corinthians-durante-partida-do-Brasileirao-2024.webp\",\"contentUrl\":\"https:\/\/www.gaveanews.com\/wp-content\/uploads\/Elenco-do-Corinthians-durante-partida-do-Brasileirao-2024.webp\",\"width\":1814,\"height\":1440,\"caption\":\"Elenco do Corinthians durante partida do Brasileir\u00e3o 2024 (Foto: Reprodu\u00e7\u00e3o\/Instagram)\"},{\"@type\":\"BreadcrumbList\",\"@id\":\"https:\/\/www.gaveanews.com\/index.php\/2025\/03\/27\/corinthians-vai-receber-caminhao-de-dinheiro-da-europa-impeachment-de-augusto-melo-e-declaracao-de-abel-braga-as-ultimas-noticias-do-corinthians\/#breadcrumb\",\"itemListElement\":[{\"@type\":\"ListItem\",\"position\":1,\"name\":\"Home\",\"item\":\"https:\/\/www.gaveanews.com\/\"},{\"@type\":\"ListItem\",\"position\":2,\"name\":\"Volante preocupa para final, Milton Neves crava campe\u00e3o e avi\u00e3o de atacante \u00e9 atingido: as \u00faltimas not\u00edcias do Corinthians\"}]},{\"@type\":\"WebSite\",\"@id\":\"https:\/\/www.gaveanews.com\/#website\",\"url\":\"https:\/\/www.gaveanews.com\/\",\"name\":\"G\u00e1vea News\",\"description\":\"Veja todas as not\u00edcias sobre o Flamengo: Contrata\u00e7\u00f5es, categorias de base, resultados das partidas, tabela de classifica\u00e7\u00e3o, pr\u00f3ximos jogos!\",\"potentialAction\":[{\"@type\":\"SearchAction\",\"target\":{\"@type\":\"EntryPoint\",\"urlTemplate\":\"https:\/\/www.gaveanews.com\/?s={search_term_string}\"},\"query-input\":{\"@type\":\"PropertyValueSpecification\",\"valueRequired\":true,\"valueName\":\"search_term_string\"}}],\"inLanguage\":\"pt-BR\"},{\"@type\":\"Person\",\"@id\":\"https:\/\/www.gaveanews.com\/#\/schema\/person\/c79759ca337c40791ae8d08e2923d403\",\"name\":\"Brenda Cezillo\",\"image\":{\"@type\":\"ImageObject\",\"inLanguage\":\"pt-BR\",\"@id\":\"https:\/\/www.gaveanews.com\/#\/schema\/person\/image\/\",\"url\":\"https:\/\/secure.gravatar.com\/avatar\/1738d75cee7317f9c29ae61dd67620c5883d80a92e42a6fff88ae5d527af217a?s=96&d=mm&r=g\",\"contentUrl\":\"https:\/\/secure.gravatar.com\/avatar\/1738d75cee7317f9c29ae61dd67620c5883d80a92e42a6fff88ae5d527af217a?s=96&d=mm&r=g\",\"caption\":\"Brenda Cezillo\"}}]}<\/script>\n<!-- \/ Yoast SEO Premium plugin. -->","yoast_head_json":{"title":"Volante preocupa para final, Milton Neves crava campe\u00e3o e avi\u00e3o de atacante \u00e9 atingido: as \u00faltimas not\u00edcias do Corinthians","robots":{"index":"index","follow":"follow","max-snippet":"max-snippet:-1","max-image-preview":"max-image-preview:large","max-video-preview":"max-video-preview:-1"},"canonical":"https:\/\/www.gaveanews.com\/index.php\/2025\/03\/27\/corinthians-vai-receber-caminhao-de-dinheiro-da-europa-impeachment-de-augusto-melo-e-declaracao-de-abel-braga-as-ultimas-noticias-do-corinthians\/","og_locale":"pt_BR","og_type":"article","og_title":"Volante preocupa para final, Milton Neves crava campe\u00e3o e avi\u00e3o de atacante \u00e9 atingido: as \u00faltimas not\u00edcias do Corinthians","og_description":"Nas \u00faltimas horas, o foco das not\u00edcias sobre o Corinthians se concentram nos bastidores do clube, com destaques do dia a dia do time. Por conta deste contexto, leia abaixo um resumo preparado pela equipe do portal G\u00e1vea News para lhe manter muito bem informado! Avi\u00e3o de atacante \u00e9 atingido Durante o retorno a S\u00e3o [&hellip;]","og_url":"https:\/\/www.gaveanews.com\/index.php\/2025\/03\/27\/corinthians-vai-receber-caminhao-de-dinheiro-da-europa-impeachment-de-augusto-melo-e-declaracao-de-abel-braga-as-ultimas-noticias-do-corinthians\/","og_site_name":"G\u00e1vea News","article_publisher":"https:\/\/facebook.com\/gaveaNews\/","article_published_time":"2025-03-27T22:25:00+00:00","og_image":[{"width":1814,"height":1440,"url":"https:\/\/www.gaveanews.com\/wp-content\/uploads\/Elenco-do-Corinthians-durante-partida-do-Brasileirao-2024.webp","type":"image\/jpeg"}],"author":"Brenda Cezillo","twitter_card":"summary_large_image","twitter_misc":{"Escrito por":"Brenda Cezillo","Est. tempo de leitura":"5 minutos"},"schema":{"@context":"https:\/\/schema.org","@graph":[{"@type":"NewsArticle","@id":"https:\/\/www.gaveanews.com\/index.php\/2025\/03\/27\/corinthians-vai-receber-caminhao-de-dinheiro-da-europa-impeachment-de-augusto-melo-e-declaracao-de-abel-braga-as-ultimas-noticias-do-corinthians\/#article","isPartOf":{"@id":"https:\/\/www.gaveanews.com\/index.php\/2025\/03\/27\/corinthians-vai-receber-caminhao-de-dinheiro-da-europa-impeachment-de-augusto-melo-e-declaracao-de-abel-braga-as-ultimas-noticias-do-corinthians\/"},"author":{"name":"Brenda Cezillo","@id":"https:\/\/www.gaveanews.com\/#\/schema\/person\/c79759ca337c40791ae8d08e2923d403"},"headline":"Volante preocupa para final, Milton Neves crava campe\u00e3o e avi\u00e3o de atacante \u00e9 atingido: as \u00faltimas not\u00edcias do Corinthians","datePublished":"2025-03-27T22:25:00+00:00","mainEntityOfPage":{"@id":"https:\/\/www.gaveanews.com\/index.php\/2025\/03\/27\/corinthians-vai-receber-caminhao-de-dinheiro-da-europa-impeachment-de-augusto-melo-e-declaracao-de-abel-braga-as-ultimas-noticias-do-corinthians\/"},"wordCount":844,"commentCount":0,"image":{"@id":"https:\/\/www.gaveanews.com\/index.php\/2025\/03\/27\/corinthians-vai-receber-caminhao-de-dinheiro-da-europa-impeachment-de-augusto-melo-e-declaracao-de-abel-braga-as-ultimas-noticias-do-corinthians\/#primaryimage"},"thumbnailUrl":"https:\/\/www.gaveanews.com\/wp-content\/uploads\/Elenco-do-Corinthians-durante-partida-do-Brasileirao-2024.webp","articleSection":["Corinthians"],"inLanguage":"pt-BR","potentialAction":[{"@type":"CommentAction","name":"Comment","target":["https:\/\/www.gaveanews.com\/index.php\/2025\/03\/27\/corinthians-vai-receber-caminhao-de-dinheiro-da-europa-impeachment-de-augusto-melo-e-declaracao-de-abel-braga-as-ultimas-noticias-do-corinthians\/#respond"]}],"copyrightYear":"2025","copyrightHolder":{"@id":"https:\/\/www.gaveanews.com\/#organization"}},{"@type":"WebPage","@id":"https:\/\/www.gaveanews.com\/index.php\/2025\/03\/27\/corinthians-vai-receber-caminhao-de-dinheiro-da-europa-impeachment-de-augusto-melo-e-declaracao-de-abel-braga-as-ultimas-noticias-do-corinthians\/","url":"https:\/\/www.gaveanews.com\/index.php\/2025\/03\/27\/corinthians-vai-receber-caminhao-de-dinheiro-da-europa-impeachment-de-augusto-melo-e-declaracao-de-abel-braga-as-ultimas-noticias-do-corinthians\/","name":"Volante preocupa para final, Milton Neves crava campe\u00e3o e avi\u00e3o de atacante \u00e9 atingido: as \u00faltimas not\u00edcias do Corinthians","isPartOf":{"@id":"https:\/\/www.gaveanews.com\/#website"},"primaryImageOfPage":{"@id":"https:\/\/www.gaveanews.com\/index.php\/2025\/03\/27\/corinthians-vai-receber-caminhao-de-dinheiro-da-europa-impeachment-de-augusto-melo-e-declaracao-de-abel-braga-as-ultimas-noticias-do-corinthians\/#primaryimage"},"image":{"@id":"https:\/\/www.gaveanews.com\/index.php\/2025\/03\/27\/corinthians-vai-receber-caminhao-de-dinheiro-da-europa-impeachment-de-augusto-melo-e-declaracao-de-abel-braga-as-ultimas-noticias-do-corinthians\/#primaryimage"},"thumbnailUrl":"https:\/\/www.gaveanews.com\/wp-content\/uploads\/Elenco-do-Corinthians-durante-partida-do-Brasileirao-2024.webp","datePublished":"2025-03-27T22:25:00+00:00","author":{"@id":"https:\/\/www.gaveanews.com\/#\/schema\/person\/c79759ca337c40791ae8d08e2923d403"},"breadcrumb":{"@id":"https:\/\/www.gaveanews.com\/index.php\/2025\/03\/27\/corinthians-vai-receber-caminhao-de-dinheiro-da-europa-impeachment-de-augusto-melo-e-declaracao-de-abel-braga-as-ultimas-noticias-do-corinthians\/#breadcrumb"},"inLanguage":"pt-BR","potentialAction":[{"@type":"ReadAction","target":["https:\/\/www.gaveanews.com\/index.php\/2025\/03\/27\/corinthians-vai-receber-caminhao-de-dinheiro-da-europa-impeachment-de-augusto-melo-e-declaracao-de-abel-braga-as-ultimas-noticias-do-corinthians\/"]}]},{"@type":"ImageObject","inLanguage":"pt-BR","@id":"https:\/\/www.gaveanews.com\/index.php\/2025\/03\/27\/corinthians-vai-receber-caminhao-de-dinheiro-da-europa-impeachment-de-augusto-melo-e-declaracao-de-abel-braga-as-ultimas-noticias-do-corinthians\/#primaryimage","url":"https:\/\/www.gaveanews.com\/wp-content\/uploads\/Elenco-do-Corinthians-durante-partida-do-Brasileirao-2024.webp","contentUrl":"https:\/\/www.gaveanews.com\/wp-content\/uploads\/Elenco-do-Corinthians-durante-partida-do-Brasileirao-2024.webp","width":1814,"height":1440,"caption":"Elenco do Corinthians durante partida do Brasileir\u00e3o 2024 (Foto: Reprodu\u00e7\u00e3o\/Instagram)"},{"@type":"BreadcrumbList","@id":"https:\/\/www.gaveanews.com\/index.php\/2025\/03\/27\/corinthians-vai-receber-caminhao-de-dinheiro-da-europa-impeachment-de-augusto-melo-e-declaracao-de-abel-braga-as-ultimas-noticias-do-corinthians\/#breadcrumb","itemListElement":[{"@type":"ListItem","position":1,"name":"Home","item":"https:\/\/www.gaveanews.com\/"},{"@type":"ListItem","position":2,"name":"Volante preocupa para final, Milton Neves crava campe\u00e3o e avi\u00e3o de atacante \u00e9 atingido: as \u00faltimas not\u00edcias do Corinthians"}]},{"@type":"WebSite","@id":"https:\/\/www.gaveanews.com\/#website","url":"https:\/\/www.gaveanews.com\/","name":"G\u00e1vea News","description":"Veja todas as not\u00edcias sobre o Flamengo: Contrata\u00e7\u00f5es, categorias de base, resultados das partidas, tabela de classifica\u00e7\u00e3o, pr\u00f3ximos jogos!","potentialAction":[{"@type":"SearchAction","target":{"@type":"EntryPoint","urlTemplate":"https:\/\/www.gaveanews.com\/?s={search_term_string}"},"query-input":{"@type":"PropertyValueSpecification","valueRequired":true,"valueName":"search_term_string"}}],"inLanguage":"pt-BR"},{"@type":"Person","@id":"https:\/\/www.gaveanews.com\/#\/schema\/person\/c79759ca337c40791ae8d08e2923d403","name":"Brenda Cezillo","image":{"@type":"ImageObject","inLanguage":"pt-BR","@id":"https:\/\/www.gaveanews.com\/#\/schema\/person\/image\/","url":"https:\/\/secure.gravatar.com\/avatar\/1738d75cee7317f9c29ae61dd67620c5883d80a92e42a6fff88ae5d527af217a?s=96&d=mm&r=g","contentUrl":"https:\/\/secure.gravatar.com\/avatar\/1738d75cee7317f9c29ae61dd67620c5883d80a92e42a6fff88ae5d527af217a?s=96&d=mm&r=g","caption":"Brenda Cezillo"}}]}},"_links":{"self":[{"href":"https:\/\/www.gaveanews.com\/index.php\/wp-json\/wp\/v2\/posts\/245525","targetHints":{"allow":["GET"]}}],"collection":[{"href":"https:\/\/www.gaveanews.com\/index.php\/wp-json\/wp\/v2\/posts"}],"about":[{"href":"https:\/\/www.gaveanews.com\/index.php\/wp-json\/wp\/v2\/types\/post"}],"author":[{"embeddable":true,"href":"https:\/\/www.gaveanews.com\/index.php\/wp-json\/wp\/v2\/users\/33"}],"replies":[{"embeddable":true,"href":"https:\/\/www.gaveanews.com\/index.php\/wp-json\/wp\/v2\/comments?post=245525"}],"version-history":[{"count":2,"href":"https:\/\/www.gaveanews.com\/index.php\/wp-json\/wp\/v2\/posts\/245525\/revisions"}],"predecessor-version":[{"id":245558,"href":"https:\/\/www.gaveanews.com\/index.php\/wp-json\/wp\/v2\/posts\/245525\/revisions\/245558"}],"wp:featuredmedia":[{"embeddable":true,"href":"https:\/\/www.gaveanews.com\/index.php\/wp-json\/wp\/v2\/media\/155584"}],"wp:attachment":[{"href":"https:\/\/www.gaveanews.com\/index.php\/wp-json\/wp\/v2\/media?parent=245525"}],"wp:term":[{"taxonomy":"category","embeddable":true,"href":"https:\/\/www.gaveanews.com\/index.php\/wp-json\/wp\/v2\/categories?post=245525"},{"taxonomy":"post_tag","embeddable":true,"href":"https:\/\/www.gaveanews.com\/index.php\/wp-json\/wp\/v2\/tags?post=245525"}],"curies":[{"name":"wp","href":"https:\/\/api.w.org\/{rel}","templated":true}]}}