{"id":245548,"date":"2025-03-27T17:40:00","date_gmt":"2025-03-27T20:40:00","guid":{"rendered":"https:\/\/www.gaveanews.com\/?p=245548"},"modified":"2025-03-27T16:57:11","modified_gmt":"2025-03-27T19:57:11","slug":"video-jorge-jesus-esclarece-sua-situacao-com-neymar-do-santos","status":"publish","type":"post","link":"https:\/\/www.gaveanews.com\/index.php\/2025\/03\/27\/video-jorge-jesus-esclarece-sua-situacao-com-neymar-do-santos\/","title":{"rendered":"V\u00eddeo: Jorge Jesus esclarece sua situa\u00e7\u00e3o com Neymar, do Santos"},"content":{"rendered":"\n<p>Em uma recente declara\u00e7\u00e3o ao jornalista Ven\u00ea Casagrande, o t\u00e9cnico Jorge Jesus se posicionou sobre a rela\u00e7\u00e3o com Neymar, afirmando que n\u00e3o tem problemas pessoais com o astro da sele\u00e7\u00e3o brasileira. O posicionamento surge em meio a um clima de tens\u00e3o que permeia a sa\u00edda de Neymar do Al-Hilal, onde o craque deixou o clube chateado ap\u00f3s a decis\u00e3o do Mister em n\u00e3o convoc\u00e1-lo para o torneio nacional, alegando que o jogador n\u00e3o apresentava condi\u00e7\u00f5es f\u00edsicas para acompanhar seu time.<\/p>\n\n\n\n<p>As rusgas voltaram \u00e0 tona ap\u00f3s o nome de Jorge Jesus ser vinculado \u00e0 Sele\u00e7\u00e3o para suceder uma poss\u00edvel sa\u00edda de Dorival J\u00fanior e caso Carlo Ancelotti, t\u00e9cnico do Real Madrid, n\u00e3o chegue a um acordo com a CBF. Especialistas e torcedores passaram, ent\u00e3o, a discutir a influ\u00eancia do &#8216;desentendimento&#8217; na negocia\u00e7\u00e3o. Contudo, o t\u00e9cnico fez quest\u00e3o de enfatizar que sua decis\u00e3o foi pautada em crit\u00e9rios t\u00e9cnicos, sem envolv\u00ea-los a aspectos pessoais. <\/p>\n\n\n\n<p>&#8220;E a\u00ed muita gente pede a chegada do Jorge Jesus, por\u00e9m levanta a bola. Como que \u00e9 a rela\u00e7\u00e3o Jorge Jesus e Neymar? E ele viu um corte nosso no SBT Rio. Inclusive, me mandou uma mensagem falando: &#8220;eu quero te pedir que voc\u00ea mencione l\u00e1 no programa que eu n\u00e3o tenho nenhum problema com o Neymar. Que n\u00e3o tem nada disso. Eu n\u00e3o tenho nada com o Neymar. Nada contra ele, nada contra o atleta&#8221;. Porque muita gente est\u00e1 levantando essa bola de uma rela\u00e7\u00e3o estremecida&#8221;, iniciou. <\/p>\n\n\n\n<p>&#8220;Eu achei que tivesse. Eu n\u00e3o vou negar. Mas se o Jorge Jesus est\u00e1 dizendo que ele n\u00e3o tem problema com o Neymar, que fique muito claro aqui. At\u00e9 porque ele pediu para mencionar isso aqui ao vivo no programa, tendo em vista que a gente chegou a debater aqui sobre essa possibilidade. Ent\u00e3o da parte do Jorge Jesus com o Neymar n\u00e3o tem nenhum problema&#8221;, completou Ven\u00ea. <\/p>\n\n\n\n<blockquote class=\"twitter-tweet\" data-media-max-width=\"560\"><p lang=\"pt\" dir=\"ltr\">Jorge Jesus pediu ao jornalista Ven\u00ea Casagrande para deixar claro no programa do SBT que ele n\u00e3o tem qualquer tipo de problema com Neymar.<br><br>\ud83c\udfa5 <a href=\"https:\/\/twitter.com\/sbtrio?ref_src=twsrc%5Etfw\">@sbtrio<\/a> <a href=\"https:\/\/t.co\/jJS0NgEQo2\">pic.twitter.com\/jJS0NgEQo2<\/a><\/p>&mdash; Planeta do Futebol \ud83c\udf0e (@futebol_info) <a href=\"https:\/\/twitter.com\/futebol_info\/status\/1905296236912968048?ref_src=twsrc%5Etfw\">March 27, 2025<\/a><\/blockquote> <script async src=\"https:\/\/platform.twitter.com\/widgets.js\" charset=\"utf-8\"><\/script>\n\n\n\n<h2 class=\"wp-block-heading\" id=\"h-cbf-abre-conversas-com-jorge-jesus\">CBF abre conversas com Jorge Jesus<\/h2>\n\n\n\n<p>A Confedera\u00e7\u00e3o Brasileira de Futebol (CBF) est\u00e1 intensificando as discuss\u00f5es com o treinador Jorge Jesus como uma op\u00e7\u00e3o vi\u00e1vel para o comando da Sele\u00e7\u00e3o Brasileira. Essa estrat\u00e9gia surge em meio a incertezas sobre a efetiva\u00e7\u00e3o de Carlo Ancelotti, o nome preferido pela entidade, que ainda se encontra vinculado ao Real Madrid.<\/p>\n\n\n\n<p>As conversas com Jorge Jesus partem de uma inten\u00e7\u00e3o da CBF em evitar uma \u2018longa novela\u2019 \u00e0 espera de Ancelotti, que poderia prejudicar a prepara\u00e7\u00e3o da equipe para os pr\u00f3ximos desafios. O dirigente Ricardo Rocha afirmou que \u00e9 essencial ter um plano B bem estruturado, assegurando que, caso as negocia\u00e7\u00f5es com o italiano n\u00e3o avancem, a Sele\u00e7\u00e3o j\u00e1 teria um t\u00e9cnico em potencial pronto para assumir.<\/p>\n\n\n\n<h2 class=\"wp-block-heading\" id=\"h-reuniao-com-dorival-jr\">Reuni\u00e3o com Dorival Jr.<\/h2>\n\n\n\n<p>Ednaldo Rodrigues, presidente da CBF, deve se reunir com o t\u00e9cnico Dorival J\u00fanior na pr\u00f3xima sexta-feira (28), segundo informa\u00e7\u00f5es do jornalista Andr\u00e9 Rizek, da Globo. O encontro servir\u00e1 para definir os rumos da equipe canarinho, que enfrenta cr\u00edticas crescentes ap\u00f3s resultados decepcionantes em suas \u00faltimas partidas \u2013 especialmente pela goleada para Argentina na \u00faltima ter\u00e7a-feira (25).<\/p>\n","protected":false},"excerpt":{"rendered":"<p>Em uma recente declara\u00e7\u00e3o ao jornalista Ven\u00ea Casagrande, o t\u00e9cnico Jorge Jesus se posicionou sobre a rela\u00e7\u00e3o com Neymar, afirmando que n\u00e3o tem problemas pessoais com o astro da sele\u00e7\u00e3o brasileira. O posicionamento surge em meio a um clima de tens\u00e3o que permeia a sa\u00edda de Neymar do Al-Hilal, onde o craque deixou o clube [&hellip;]<\/p>\n","protected":false},"author":30,"featured_media":245576,"comment_status":"open","ping_status":"closed","sticky":false,"template":"","format":"standard","meta":{"footnotes":""},"categories":[478,47,139,477],"tags":[],"class_list":["post-245548","post","type-post","status-publish","format-standard","has-post-thumbnail","hentry","category-brasil","category-destaques","category-santos","category-selecoes"],"yoast_head":"<!-- This site is optimized with the Yoast SEO Premium plugin v24.2 (Yoast SEO v26.9) - https:\/\/yoast.com\/product\/yoast-seo-premium-wordpress\/ -->\n<title>V\u00eddeo: Jorge Jesus esclarece sua situa\u00e7\u00e3o com Neymar, do Santos<\/title>\n<meta name=\"robots\" content=\"index, follow, max-snippet:-1, max-image-preview:large, max-video-preview:-1\" \/>\n<link rel=\"canonical\" href=\"https:\/\/www.gaveanews.com\/index.php\/2025\/03\/27\/video-jorge-jesus-esclarece-sua-situacao-com-neymar-do-santos\/\" \/>\n<meta property=\"og:locale\" content=\"pt_BR\" \/>\n<meta property=\"og:type\" content=\"article\" \/>\n<meta property=\"og:title\" content=\"V\u00eddeo: Jorge Jesus esclarece sua situa\u00e7\u00e3o com Neymar, do Santos\" \/>\n<meta property=\"og:description\" content=\"Em uma recente declara\u00e7\u00e3o ao jornalista Ven\u00ea Casagrande, o t\u00e9cnico Jorge Jesus se posicionou sobre a rela\u00e7\u00e3o com Neymar, afirmando que n\u00e3o tem problemas pessoais com o astro da sele\u00e7\u00e3o brasileira. O posicionamento surge em meio a um clima de tens\u00e3o que permeia a sa\u00edda de Neymar do Al-Hilal, onde o craque deixou o clube [&hellip;]\" \/>\n<meta property=\"og:url\" content=\"https:\/\/www.gaveanews.com\/index.php\/2025\/03\/27\/video-jorge-jesus-esclarece-sua-situacao-com-neymar-do-santos\/\" \/>\n<meta property=\"og:site_name\" content=\"G\u00e1vea News\" \/>\n<meta property=\"article:publisher\" content=\"https:\/\/facebook.com\/gaveaNews\/\" \/>\n<meta property=\"article:published_time\" content=\"2025-03-27T20:40:00+00:00\" \/>\n<meta property=\"og:image\" content=\"https:\/\/www.gaveanews.com\/wp-content\/uploads\/Jorge-Jesus-e-Neymar-confraternizando-no-Al-Hilal.webp\" \/>\n\t<meta property=\"og:image:width\" content=\"1200\" \/>\n\t<meta property=\"og:image:height\" content=\"800\" \/>\n\t<meta property=\"og:image:type\" content=\"image\/png\" \/>\n<meta name=\"author\" content=\"Ana Teixeira\" \/>\n<meta name=\"twitter:card\" content=\"summary_large_image\" \/>\n<meta name=\"twitter:label1\" content=\"Escrito por\" \/>\n\t<meta name=\"twitter:data1\" content=\"Ana Teixeira\" \/>\n\t<meta name=\"twitter:label2\" content=\"Est. tempo de leitura\" \/>\n\t<meta name=\"twitter:data2\" content=\"3 minutos\" \/>\n<script type=\"application\/ld+json\" class=\"yoast-schema-graph\">{\"@context\":\"https:\/\/schema.org\",\"@graph\":[{\"@type\":\"NewsArticle\",\"@id\":\"https:\/\/www.gaveanews.com\/index.php\/2025\/03\/27\/video-jorge-jesus-esclarece-sua-situacao-com-neymar-do-santos\/#article\",\"isPartOf\":{\"@id\":\"https:\/\/www.gaveanews.com\/index.php\/2025\/03\/27\/video-jorge-jesus-esclarece-sua-situacao-com-neymar-do-santos\/\"},\"author\":{\"name\":\"Ana Teixeira\",\"@id\":\"https:\/\/www.gaveanews.com\/#\/schema\/person\/3b19f7288b0ce20372991275e4f2e6c2\"},\"headline\":\"V\u00eddeo: Jorge Jesus esclarece sua situa\u00e7\u00e3o com Neymar, do Santos\",\"datePublished\":\"2025-03-27T20:40:00+00:00\",\"mainEntityOfPage\":{\"@id\":\"https:\/\/www.gaveanews.com\/index.php\/2025\/03\/27\/video-jorge-jesus-esclarece-sua-situacao-com-neymar-do-santos\/\"},\"wordCount\":595,\"commentCount\":0,\"image\":{\"@id\":\"https:\/\/www.gaveanews.com\/index.php\/2025\/03\/27\/video-jorge-jesus-esclarece-sua-situacao-com-neymar-do-santos\/#primaryimage\"},\"thumbnailUrl\":\"https:\/\/www.gaveanews.com\/wp-content\/uploads\/Jorge-Jesus-e-Neymar-confraternizando-no-Al-Hilal.webp\",\"articleSection\":[\"Brasil\",\"Destaques\",\"Santos\",\"Sele\u00e7\u00f5es\"],\"inLanguage\":\"pt-BR\",\"potentialAction\":[{\"@type\":\"CommentAction\",\"name\":\"Comment\",\"target\":[\"https:\/\/www.gaveanews.com\/index.php\/2025\/03\/27\/video-jorge-jesus-esclarece-sua-situacao-com-neymar-do-santos\/#respond\"]}],\"copyrightYear\":\"2025\",\"copyrightHolder\":{\"@id\":\"https:\/\/www.gaveanews.com\/#organization\"}},{\"@type\":\"WebPage\",\"@id\":\"https:\/\/www.gaveanews.com\/index.php\/2025\/03\/27\/video-jorge-jesus-esclarece-sua-situacao-com-neymar-do-santos\/\",\"url\":\"https:\/\/www.gaveanews.com\/index.php\/2025\/03\/27\/video-jorge-jesus-esclarece-sua-situacao-com-neymar-do-santos\/\",\"name\":\"V\u00eddeo: Jorge Jesus esclarece sua situa\u00e7\u00e3o com Neymar, do Santos\",\"isPartOf\":{\"@id\":\"https:\/\/www.gaveanews.com\/#website\"},\"primaryImageOfPage\":{\"@id\":\"https:\/\/www.gaveanews.com\/index.php\/2025\/03\/27\/video-jorge-jesus-esclarece-sua-situacao-com-neymar-do-santos\/#primaryimage\"},\"image\":{\"@id\":\"https:\/\/www.gaveanews.com\/index.php\/2025\/03\/27\/video-jorge-jesus-esclarece-sua-situacao-com-neymar-do-santos\/#primaryimage\"},\"thumbnailUrl\":\"https:\/\/www.gaveanews.com\/wp-content\/uploads\/Jorge-Jesus-e-Neymar-confraternizando-no-Al-Hilal.webp\",\"datePublished\":\"2025-03-27T20:40:00+00:00\",\"author\":{\"@id\":\"https:\/\/www.gaveanews.com\/#\/schema\/person\/3b19f7288b0ce20372991275e4f2e6c2\"},\"breadcrumb\":{\"@id\":\"https:\/\/www.gaveanews.com\/index.php\/2025\/03\/27\/video-jorge-jesus-esclarece-sua-situacao-com-neymar-do-santos\/#breadcrumb\"},\"inLanguage\":\"pt-BR\",\"potentialAction\":[{\"@type\":\"ReadAction\",\"target\":[\"https:\/\/www.gaveanews.com\/index.php\/2025\/03\/27\/video-jorge-jesus-esclarece-sua-situacao-com-neymar-do-santos\/\"]}]},{\"@type\":\"ImageObject\",\"inLanguage\":\"pt-BR\",\"@id\":\"https:\/\/www.gaveanews.com\/index.php\/2025\/03\/27\/video-jorge-jesus-esclarece-sua-situacao-com-neymar-do-santos\/#primaryimage\",\"url\":\"https:\/\/www.gaveanews.com\/wp-content\/uploads\/Jorge-Jesus-e-Neymar-confraternizando-no-Al-Hilal.webp\",\"contentUrl\":\"https:\/\/www.gaveanews.com\/wp-content\/uploads\/Jorge-Jesus-e-Neymar-confraternizando-no-Al-Hilal.webp\",\"width\":1200,\"height\":800},{\"@type\":\"BreadcrumbList\",\"@id\":\"https:\/\/www.gaveanews.com\/index.php\/2025\/03\/27\/video-jorge-jesus-esclarece-sua-situacao-com-neymar-do-santos\/#breadcrumb\",\"itemListElement\":[{\"@type\":\"ListItem\",\"position\":1,\"name\":\"Home\",\"item\":\"https:\/\/www.gaveanews.com\/\"},{\"@type\":\"ListItem\",\"position\":2,\"name\":\"V\u00eddeo: Jorge Jesus esclarece sua situa\u00e7\u00e3o com Neymar, do Santos\"}]},{\"@type\":\"WebSite\",\"@id\":\"https:\/\/www.gaveanews.com\/#website\",\"url\":\"https:\/\/www.gaveanews.com\/\",\"name\":\"G\u00e1vea News\",\"description\":\"Veja todas as not\u00edcias sobre o Flamengo: Contrata\u00e7\u00f5es, categorias de base, resultados das partidas, tabela de classifica\u00e7\u00e3o, pr\u00f3ximos jogos!\",\"potentialAction\":[{\"@type\":\"SearchAction\",\"target\":{\"@type\":\"EntryPoint\",\"urlTemplate\":\"https:\/\/www.gaveanews.com\/?s={search_term_string}\"},\"query-input\":{\"@type\":\"PropertyValueSpecification\",\"valueRequired\":true,\"valueName\":\"search_term_string\"}}],\"inLanguage\":\"pt-BR\"},{\"@type\":\"Person\",\"@id\":\"https:\/\/www.gaveanews.com\/#\/schema\/person\/3b19f7288b0ce20372991275e4f2e6c2\",\"name\":\"Ana Teixeira\",\"image\":{\"@type\":\"ImageObject\",\"inLanguage\":\"pt-BR\",\"@id\":\"https:\/\/www.gaveanews.com\/#\/schema\/person\/image\/\",\"url\":\"https:\/\/secure.gravatar.com\/avatar\/0a73f5a5258f3fed37fc2fa641892f3f7a4748456d4d4792f9bc550e6c19e06c?s=96&d=mm&r=g\",\"contentUrl\":\"https:\/\/secure.gravatar.com\/avatar\/0a73f5a5258f3fed37fc2fa641892f3f7a4748456d4d4792f9bc550e6c19e06c?s=96&d=mm&r=g\",\"caption\":\"Ana Teixeira\"}}]}<\/script>\n<!-- \/ Yoast SEO Premium plugin. -->","yoast_head_json":{"title":"V\u00eddeo: Jorge Jesus esclarece sua situa\u00e7\u00e3o com Neymar, do Santos","robots":{"index":"index","follow":"follow","max-snippet":"max-snippet:-1","max-image-preview":"max-image-preview:large","max-video-preview":"max-video-preview:-1"},"canonical":"https:\/\/www.gaveanews.com\/index.php\/2025\/03\/27\/video-jorge-jesus-esclarece-sua-situacao-com-neymar-do-santos\/","og_locale":"pt_BR","og_type":"article","og_title":"V\u00eddeo: Jorge Jesus esclarece sua situa\u00e7\u00e3o com Neymar, do Santos","og_description":"Em uma recente declara\u00e7\u00e3o ao jornalista Ven\u00ea Casagrande, o t\u00e9cnico Jorge Jesus se posicionou sobre a rela\u00e7\u00e3o com Neymar, afirmando que n\u00e3o tem problemas pessoais com o astro da sele\u00e7\u00e3o brasileira. O posicionamento surge em meio a um clima de tens\u00e3o que permeia a sa\u00edda de Neymar do Al-Hilal, onde o craque deixou o clube [&hellip;]","og_url":"https:\/\/www.gaveanews.com\/index.php\/2025\/03\/27\/video-jorge-jesus-esclarece-sua-situacao-com-neymar-do-santos\/","og_site_name":"G\u00e1vea News","article_publisher":"https:\/\/facebook.com\/gaveaNews\/","article_published_time":"2025-03-27T20:40:00+00:00","og_image":[{"width":1200,"height":800,"url":"https:\/\/www.gaveanews.com\/wp-content\/uploads\/Jorge-Jesus-e-Neymar-confraternizando-no-Al-Hilal.webp","type":"image\/png"}],"author":"Ana Teixeira","twitter_card":"summary_large_image","twitter_misc":{"Escrito por":"Ana Teixeira","Est. tempo de leitura":"3 minutos"},"schema":{"@context":"https:\/\/schema.org","@graph":[{"@type":"NewsArticle","@id":"https:\/\/www.gaveanews.com\/index.php\/2025\/03\/27\/video-jorge-jesus-esclarece-sua-situacao-com-neymar-do-santos\/#article","isPartOf":{"@id":"https:\/\/www.gaveanews.com\/index.php\/2025\/03\/27\/video-jorge-jesus-esclarece-sua-situacao-com-neymar-do-santos\/"},"author":{"name":"Ana Teixeira","@id":"https:\/\/www.gaveanews.com\/#\/schema\/person\/3b19f7288b0ce20372991275e4f2e6c2"},"headline":"V\u00eddeo: Jorge Jesus esclarece sua situa\u00e7\u00e3o com Neymar, do Santos","datePublished":"2025-03-27T20:40:00+00:00","mainEntityOfPage":{"@id":"https:\/\/www.gaveanews.com\/index.php\/2025\/03\/27\/video-jorge-jesus-esclarece-sua-situacao-com-neymar-do-santos\/"},"wordCount":595,"commentCount":0,"image":{"@id":"https:\/\/www.gaveanews.com\/index.php\/2025\/03\/27\/video-jorge-jesus-esclarece-sua-situacao-com-neymar-do-santos\/#primaryimage"},"thumbnailUrl":"https:\/\/www.gaveanews.com\/wp-content\/uploads\/Jorge-Jesus-e-Neymar-confraternizando-no-Al-Hilal.webp","articleSection":["Brasil","Destaques","Santos","Sele\u00e7\u00f5es"],"inLanguage":"pt-BR","potentialAction":[{"@type":"CommentAction","name":"Comment","target":["https:\/\/www.gaveanews.com\/index.php\/2025\/03\/27\/video-jorge-jesus-esclarece-sua-situacao-com-neymar-do-santos\/#respond"]}],"copyrightYear":"2025","copyrightHolder":{"@id":"https:\/\/www.gaveanews.com\/#organization"}},{"@type":"WebPage","@id":"https:\/\/www.gaveanews.com\/index.php\/2025\/03\/27\/video-jorge-jesus-esclarece-sua-situacao-com-neymar-do-santos\/","url":"https:\/\/www.gaveanews.com\/index.php\/2025\/03\/27\/video-jorge-jesus-esclarece-sua-situacao-com-neymar-do-santos\/","name":"V\u00eddeo: Jorge Jesus esclarece sua situa\u00e7\u00e3o com Neymar, do Santos","isPartOf":{"@id":"https:\/\/www.gaveanews.com\/#website"},"primaryImageOfPage":{"@id":"https:\/\/www.gaveanews.com\/index.php\/2025\/03\/27\/video-jorge-jesus-esclarece-sua-situacao-com-neymar-do-santos\/#primaryimage"},"image":{"@id":"https:\/\/www.gaveanews.com\/index.php\/2025\/03\/27\/video-jorge-jesus-esclarece-sua-situacao-com-neymar-do-santos\/#primaryimage"},"thumbnailUrl":"https:\/\/www.gaveanews.com\/wp-content\/uploads\/Jorge-Jesus-e-Neymar-confraternizando-no-Al-Hilal.webp","datePublished":"2025-03-27T20:40:00+00:00","author":{"@id":"https:\/\/www.gaveanews.com\/#\/schema\/person\/3b19f7288b0ce20372991275e4f2e6c2"},"breadcrumb":{"@id":"https:\/\/www.gaveanews.com\/index.php\/2025\/03\/27\/video-jorge-jesus-esclarece-sua-situacao-com-neymar-do-santos\/#breadcrumb"},"inLanguage":"pt-BR","potentialAction":[{"@type":"ReadAction","target":["https:\/\/www.gaveanews.com\/index.php\/2025\/03\/27\/video-jorge-jesus-esclarece-sua-situacao-com-neymar-do-santos\/"]}]},{"@type":"ImageObject","inLanguage":"pt-BR","@id":"https:\/\/www.gaveanews.com\/index.php\/2025\/03\/27\/video-jorge-jesus-esclarece-sua-situacao-com-neymar-do-santos\/#primaryimage","url":"https:\/\/www.gaveanews.com\/wp-content\/uploads\/Jorge-Jesus-e-Neymar-confraternizando-no-Al-Hilal.webp","contentUrl":"https:\/\/www.gaveanews.com\/wp-content\/uploads\/Jorge-Jesus-e-Neymar-confraternizando-no-Al-Hilal.webp","width":1200,"height":800},{"@type":"BreadcrumbList","@id":"https:\/\/www.gaveanews.com\/index.php\/2025\/03\/27\/video-jorge-jesus-esclarece-sua-situacao-com-neymar-do-santos\/#breadcrumb","itemListElement":[{"@type":"ListItem","position":1,"name":"Home","item":"https:\/\/www.gaveanews.com\/"},{"@type":"ListItem","position":2,"name":"V\u00eddeo: Jorge Jesus esclarece sua situa\u00e7\u00e3o com Neymar, do Santos"}]},{"@type":"WebSite","@id":"https:\/\/www.gaveanews.com\/#website","url":"https:\/\/www.gaveanews.com\/","name":"G\u00e1vea News","description":"Veja todas as not\u00edcias sobre o Flamengo: Contrata\u00e7\u00f5es, categorias de base, resultados das partidas, tabela de classifica\u00e7\u00e3o, pr\u00f3ximos jogos!","potentialAction":[{"@type":"SearchAction","target":{"@type":"EntryPoint","urlTemplate":"https:\/\/www.gaveanews.com\/?s={search_term_string}"},"query-input":{"@type":"PropertyValueSpecification","valueRequired":true,"valueName":"search_term_string"}}],"inLanguage":"pt-BR"},{"@type":"Person","@id":"https:\/\/www.gaveanews.com\/#\/schema\/person\/3b19f7288b0ce20372991275e4f2e6c2","name":"Ana Teixeira","image":{"@type":"ImageObject","inLanguage":"pt-BR","@id":"https:\/\/www.gaveanews.com\/#\/schema\/person\/image\/","url":"https:\/\/secure.gravatar.com\/avatar\/0a73f5a5258f3fed37fc2fa641892f3f7a4748456d4d4792f9bc550e6c19e06c?s=96&d=mm&r=g","contentUrl":"https:\/\/secure.gravatar.com\/avatar\/0a73f5a5258f3fed37fc2fa641892f3f7a4748456d4d4792f9bc550e6c19e06c?s=96&d=mm&r=g","caption":"Ana Teixeira"}}]}},"_links":{"self":[{"href":"https:\/\/www.gaveanews.com\/index.php\/wp-json\/wp\/v2\/posts\/245548","targetHints":{"allow":["GET"]}}],"collection":[{"href":"https:\/\/www.gaveanews.com\/index.php\/wp-json\/wp\/v2\/posts"}],"about":[{"href":"https:\/\/www.gaveanews.com\/index.php\/wp-json\/wp\/v2\/types\/post"}],"author":[{"embeddable":true,"href":"https:\/\/www.gaveanews.com\/index.php\/wp-json\/wp\/v2\/users\/30"}],"replies":[{"embeddable":true,"href":"https:\/\/www.gaveanews.com\/index.php\/wp-json\/wp\/v2\/comments?post=245548"}],"version-history":[{"count":1,"href":"https:\/\/www.gaveanews.com\/index.php\/wp-json\/wp\/v2\/posts\/245548\/revisions"}],"predecessor-version":[{"id":245578,"href":"https:\/\/www.gaveanews.com\/index.php\/wp-json\/wp\/v2\/posts\/245548\/revisions\/245578"}],"wp:featuredmedia":[{"embeddable":true,"href":"https:\/\/www.gaveanews.com\/index.php\/wp-json\/wp\/v2\/media\/245576"}],"wp:attachment":[{"href":"https:\/\/www.gaveanews.com\/index.php\/wp-json\/wp\/v2\/media?parent=245548"}],"wp:term":[{"taxonomy":"category","embeddable":true,"href":"https:\/\/www.gaveanews.com\/index.php\/wp-json\/wp\/v2\/categories?post=245548"},{"taxonomy":"post_tag","embeddable":true,"href":"https:\/\/www.gaveanews.com\/index.php\/wp-json\/wp\/v2\/tags?post=245548"}],"curies":[{"name":"wp","href":"https:\/\/api.w.org\/{rel}","templated":true}]}}