{"id":245557,"date":"2025-03-27T18:10:00","date_gmt":"2025-03-27T21:10:00","guid":{"rendered":"https:\/\/www.gaveanews.com\/?p=245557"},"modified":"2025-03-27T16:41:00","modified_gmt":"2025-03-27T19:41:00","slug":"video-veja-a-bronca-de-joao-gomes-em-wesley-do-flamengo","status":"publish","type":"post","link":"https:\/\/www.gaveanews.com\/index.php\/2025\/03\/27\/video-veja-a-bronca-de-joao-gomes-em-wesley-do-flamengo\/","title":{"rendered":"V\u00eddeo: veja a bronca de Jo\u00e3o Gomes em Wesley, do Flamengo\u00a0"},"content":{"rendered":"\n<p>A derrota hist\u00f3rica do Brasil para a Argentina nas Eliminat\u00f3rias gerou repercuss\u00f5es n\u00e3o s\u00f3 no placar, mas tamb\u00e9m nos bastidores. Uma situa\u00e7\u00e3o que chamou bastante aten\u00e7\u00e3o nas redes sociais foi a bronca de Jo\u00e3o Gomes em Wesley durante a partida.&nbsp;<\/p>\n\n\n\n<p>A situa\u00e7\u00e3o rapidamente viralizou, trazendo \u00e0 tona a tens\u00e3o entre os atletas.<\/p>\n\n\n\n<h2 class=\"wp-block-heading\" id=\"h-a-cobranca-de-lateral-que-gerou-confusao\">A cobran\u00e7a de lateral que gerou confus\u00e3o<\/h2>\n\n\n\n<p>Durante o segundo tempo do cl\u00e1ssico, com a Argentina j\u00e1 dominando o jogo, Wesley fez uma cobran\u00e7a de lateral forte, enviando a bola em dire\u00e7\u00e3o a Jo\u00e3o Gomes. O volante, no entanto, n\u00e3o conseguiu controlar a bola e acabou mandando-a para fora.&nbsp;<\/p>\n\n\n\n<p>Com isso, a frustra\u00e7\u00e3o de Jo\u00e3o Gomes foi clara e imediata. O jogador, visivelmente irritado, n\u00e3o hesitou em expressar sua insatisfa\u00e7\u00e3o com o erro, soltando um grito: \u201cO que eu iria fazer com essa bola, cara****!?\u201d.&nbsp;<\/p>\n\n\n\n<p>A rea\u00e7\u00e3o foi intensa e, dessa maneira, chamou a aten\u00e7\u00e3o de todos os que assistiam ao jogo.<\/p>\n\n\n\n<blockquote class=\"twitter-tweet\" data-media-max-width=\"560\"><p lang=\"pt\" dir=\"ltr\">Brasil X Argentina Dublado! <a href=\"https:\/\/t.co\/wOdjGAYb7j\">pic.twitter.com\/wOdjGAYb7j<\/a><\/p>&mdash; Gustavo Machado (@gustavomachadog) <a href=\"https:\/\/twitter.com\/gustavomachadog\/status\/1904890672370397201?ref_src=twsrc%5Etfw\">March 26, 2025<\/a><\/blockquote> <script async src=\"https:\/\/platform.twitter.com\/widgets.js\" charset=\"utf-8\"><\/script>\n\n\n\n<h2 class=\"wp-block-heading\" id=\"h-o-impacto-da-bronca-nas-redes-sociais\">O impacto da bronca nas redes sociais<\/h2>\n\n\n\n<p>O epis\u00f3dio rapidamente ganhou destaque nas redes sociais, com muitos torcedores comentando a atitude de Jo\u00e3o Gomes. Vale destacar que a leitura labial do influenciador Gustavo Machado foi fundamental para a repercuss\u00e3o do momento, permitindo que o p\u00fablico visse a rea\u00e7\u00e3o do jogador de forma clara.&nbsp;<\/p>\n\n\n\n<p>A situa\u00e7\u00e3o evidenciou a frustra\u00e7\u00e3o de Jo\u00e3o Gomes, que, al\u00e9m da cobran\u00e7a equivocada de Wesley, enfrentava uma partida dif\u00edcil contra a Argentina.<\/p>\n\n\n\n<p>A bronca de Jo\u00e3o Gomes em Wesley pode ser vista como um reflexo do desejo de ambos os jogadores de se destacarem, mas tamb\u00e9m como um sinal da press\u00e3o de representar a Sele\u00e7\u00e3o Brasileira.<\/p>\n\n\n\n<p>Sendo assim, a expectativa \u00e9 que esse epis\u00f3dio seja resolvido internamente, sem maiores repercuss\u00f5es para o desempenho dos jogadores no Flamengo.&nbsp;<\/p>\n\n\n\n<p>No entanto, fica claro que a ansiedade e a frustra\u00e7\u00e3o podem explodir em campo, gerando situa\u00e7\u00f5es como essa, que, embora moment\u00e2neas, se tornam um reflexo das dificuldades enfrentadas pelos atletas em partidas t\u00e3o importantes.<\/p>\n","protected":false},"excerpt":{"rendered":"<p>A derrota hist\u00f3rica do Brasil para a Argentina nas Eliminat\u00f3rias gerou repercuss\u00f5es n\u00e3o s\u00f3 no placar, mas tamb\u00e9m nos bastidores. Uma situa\u00e7\u00e3o que chamou bastante aten\u00e7\u00e3o nas redes sociais foi a bronca de Jo\u00e3o Gomes em Wesley durante a partida.&nbsp; A situa\u00e7\u00e3o rapidamente viralizou, trazendo \u00e0 tona a tens\u00e3o entre os atletas. A cobran\u00e7a de [&hellip;]<\/p>\n","protected":false},"author":25,"featured_media":241649,"comment_status":"open","ping_status":"closed","sticky":false,"template":"","format":"standard","meta":{"footnotes":""},"categories":[478,1],"tags":[],"class_list":["post-245557","post","type-post","status-publish","format-standard","has-post-thumbnail","hentry","category-brasil","category-flamengo"],"yoast_head":"<!-- This site is optimized with the Yoast SEO Premium plugin v24.2 (Yoast SEO v26.9) - https:\/\/yoast.com\/product\/yoast-seo-premium-wordpress\/ -->\n<title>V\u00eddeo: veja a bronca de Jo\u00e3o Gomes em Wesley, do Flamengo\u00a0<\/title>\n<meta name=\"robots\" content=\"index, follow, max-snippet:-1, max-image-preview:large, max-video-preview:-1\" \/>\n<link rel=\"canonical\" href=\"https:\/\/www.gaveanews.com\/index.php\/2025\/03\/27\/video-veja-a-bronca-de-joao-gomes-em-wesley-do-flamengo\/\" \/>\n<meta property=\"og:locale\" content=\"pt_BR\" \/>\n<meta property=\"og:type\" content=\"article\" \/>\n<meta property=\"og:title\" content=\"V\u00eddeo: veja a bronca de Jo\u00e3o Gomes em Wesley, do Flamengo\u00a0\" \/>\n<meta property=\"og:description\" content=\"A derrota hist\u00f3rica do Brasil para a Argentina nas Eliminat\u00f3rias gerou repercuss\u00f5es n\u00e3o s\u00f3 no placar, mas tamb\u00e9m nos bastidores. Uma situa\u00e7\u00e3o que chamou bastante aten\u00e7\u00e3o nas redes sociais foi a bronca de Jo\u00e3o Gomes em Wesley durante a partida.&nbsp; A situa\u00e7\u00e3o rapidamente viralizou, trazendo \u00e0 tona a tens\u00e3o entre os atletas. A cobran\u00e7a de [&hellip;]\" \/>\n<meta property=\"og:url\" content=\"https:\/\/www.gaveanews.com\/index.php\/2025\/03\/27\/video-veja-a-bronca-de-joao-gomes-em-wesley-do-flamengo\/\" \/>\n<meta property=\"og:site_name\" content=\"G\u00e1vea News\" \/>\n<meta property=\"article:publisher\" content=\"https:\/\/facebook.com\/gaveaNews\/\" \/>\n<meta property=\"article:published_time\" content=\"2025-03-27T21:10:00+00:00\" \/>\n<meta property=\"og:image\" content=\"https:\/\/www.gaveanews.com\/wp-content\/uploads\/Wesley-do-Flamengo-em-coletiva-de-imprensa-na-Selecao.webp\" \/>\n\t<meta property=\"og:image:width\" content=\"1200\" \/>\n\t<meta property=\"og:image:height\" content=\"800\" \/>\n\t<meta property=\"og:image:type\" content=\"image\/png\" \/>\n<meta name=\"author\" content=\"Rafaela Ladeira\" \/>\n<meta name=\"twitter:card\" content=\"summary_large_image\" \/>\n<meta name=\"twitter:label1\" content=\"Escrito por\" \/>\n\t<meta name=\"twitter:data1\" content=\"Rafaela Ladeira\" \/>\n\t<meta name=\"twitter:label2\" content=\"Est. tempo de leitura\" \/>\n\t<meta name=\"twitter:data2\" content=\"2 minutos\" \/>\n<script type=\"application\/ld+json\" class=\"yoast-schema-graph\">{\"@context\":\"https:\/\/schema.org\",\"@graph\":[{\"@type\":\"NewsArticle\",\"@id\":\"https:\/\/www.gaveanews.com\/index.php\/2025\/03\/27\/video-veja-a-bronca-de-joao-gomes-em-wesley-do-flamengo\/#article\",\"isPartOf\":{\"@id\":\"https:\/\/www.gaveanews.com\/index.php\/2025\/03\/27\/video-veja-a-bronca-de-joao-gomes-em-wesley-do-flamengo\/\"},\"author\":{\"name\":\"Rafaela Ladeira\",\"@id\":\"https:\/\/www.gaveanews.com\/#\/schema\/person\/0eb3e3fe1754f0205218538adbe8f5ed\"},\"headline\":\"V\u00eddeo: veja a bronca de Jo\u00e3o Gomes em Wesley, do Flamengo\u00a0\",\"datePublished\":\"2025-03-27T21:10:00+00:00\",\"mainEntityOfPage\":{\"@id\":\"https:\/\/www.gaveanews.com\/index.php\/2025\/03\/27\/video-veja-a-bronca-de-joao-gomes-em-wesley-do-flamengo\/\"},\"wordCount\":392,\"commentCount\":0,\"image\":{\"@id\":\"https:\/\/www.gaveanews.com\/index.php\/2025\/03\/27\/video-veja-a-bronca-de-joao-gomes-em-wesley-do-flamengo\/#primaryimage\"},\"thumbnailUrl\":\"https:\/\/www.gaveanews.com\/wp-content\/uploads\/Wesley-do-Flamengo-em-coletiva-de-imprensa-na-Selecao.webp\",\"articleSection\":[\"Brasil\",\"Flamengo\"],\"inLanguage\":\"pt-BR\",\"potentialAction\":[{\"@type\":\"CommentAction\",\"name\":\"Comment\",\"target\":[\"https:\/\/www.gaveanews.com\/index.php\/2025\/03\/27\/video-veja-a-bronca-de-joao-gomes-em-wesley-do-flamengo\/#respond\"]}],\"copyrightYear\":\"2025\",\"copyrightHolder\":{\"@id\":\"https:\/\/www.gaveanews.com\/#organization\"}},{\"@type\":\"WebPage\",\"@id\":\"https:\/\/www.gaveanews.com\/index.php\/2025\/03\/27\/video-veja-a-bronca-de-joao-gomes-em-wesley-do-flamengo\/\",\"url\":\"https:\/\/www.gaveanews.com\/index.php\/2025\/03\/27\/video-veja-a-bronca-de-joao-gomes-em-wesley-do-flamengo\/\",\"name\":\"V\u00eddeo: veja a bronca de Jo\u00e3o Gomes em Wesley, do Flamengo\u00a0\",\"isPartOf\":{\"@id\":\"https:\/\/www.gaveanews.com\/#website\"},\"primaryImageOfPage\":{\"@id\":\"https:\/\/www.gaveanews.com\/index.php\/2025\/03\/27\/video-veja-a-bronca-de-joao-gomes-em-wesley-do-flamengo\/#primaryimage\"},\"image\":{\"@id\":\"https:\/\/www.gaveanews.com\/index.php\/2025\/03\/27\/video-veja-a-bronca-de-joao-gomes-em-wesley-do-flamengo\/#primaryimage\"},\"thumbnailUrl\":\"https:\/\/www.gaveanews.com\/wp-content\/uploads\/Wesley-do-Flamengo-em-coletiva-de-imprensa-na-Selecao.webp\",\"datePublished\":\"2025-03-27T21:10:00+00:00\",\"author\":{\"@id\":\"https:\/\/www.gaveanews.com\/#\/schema\/person\/0eb3e3fe1754f0205218538adbe8f5ed\"},\"breadcrumb\":{\"@id\":\"https:\/\/www.gaveanews.com\/index.php\/2025\/03\/27\/video-veja-a-bronca-de-joao-gomes-em-wesley-do-flamengo\/#breadcrumb\"},\"inLanguage\":\"pt-BR\",\"potentialAction\":[{\"@type\":\"ReadAction\",\"target\":[\"https:\/\/www.gaveanews.com\/index.php\/2025\/03\/27\/video-veja-a-bronca-de-joao-gomes-em-wesley-do-flamengo\/\"]}]},{\"@type\":\"ImageObject\",\"inLanguage\":\"pt-BR\",\"@id\":\"https:\/\/www.gaveanews.com\/index.php\/2025\/03\/27\/video-veja-a-bronca-de-joao-gomes-em-wesley-do-flamengo\/#primaryimage\",\"url\":\"https:\/\/www.gaveanews.com\/wp-content\/uploads\/Wesley-do-Flamengo-em-coletiva-de-imprensa-na-Selecao.webp\",\"contentUrl\":\"https:\/\/www.gaveanews.com\/wp-content\/uploads\/Wesley-do-Flamengo-em-coletiva-de-imprensa-na-Selecao.webp\",\"width\":1200,\"height\":800,\"caption\":\"Wesley, do Flamengo, em coletiva de imprensa na Sele\u00e7\u00e3o - Foto: Reprodu\u00e7\u00e3o\"},{\"@type\":\"BreadcrumbList\",\"@id\":\"https:\/\/www.gaveanews.com\/index.php\/2025\/03\/27\/video-veja-a-bronca-de-joao-gomes-em-wesley-do-flamengo\/#breadcrumb\",\"itemListElement\":[{\"@type\":\"ListItem\",\"position\":1,\"name\":\"Home\",\"item\":\"https:\/\/www.gaveanews.com\/\"},{\"@type\":\"ListItem\",\"position\":2,\"name\":\"V\u00eddeo: veja a bronca de Jo\u00e3o Gomes em Wesley, do Flamengo\u00a0\"}]},{\"@type\":\"WebSite\",\"@id\":\"https:\/\/www.gaveanews.com\/#website\",\"url\":\"https:\/\/www.gaveanews.com\/\",\"name\":\"G\u00e1vea News\",\"description\":\"Veja todas as not\u00edcias sobre o Flamengo: Contrata\u00e7\u00f5es, categorias de base, resultados das partidas, tabela de classifica\u00e7\u00e3o, pr\u00f3ximos jogos!\",\"potentialAction\":[{\"@type\":\"SearchAction\",\"target\":{\"@type\":\"EntryPoint\",\"urlTemplate\":\"https:\/\/www.gaveanews.com\/?s={search_term_string}\"},\"query-input\":{\"@type\":\"PropertyValueSpecification\",\"valueRequired\":true,\"valueName\":\"search_term_string\"}}],\"inLanguage\":\"pt-BR\"},{\"@type\":\"Person\",\"@id\":\"https:\/\/www.gaveanews.com\/#\/schema\/person\/0eb3e3fe1754f0205218538adbe8f5ed\",\"name\":\"Rafaela Ladeira\",\"image\":{\"@type\":\"ImageObject\",\"inLanguage\":\"pt-BR\",\"@id\":\"https:\/\/www.gaveanews.com\/#\/schema\/person\/image\/\",\"url\":\"https:\/\/secure.gravatar.com\/avatar\/c31f513acffd85eacab5730cbdfdbbf59f21ba5aeada8cd890acea879fbb2455?s=96&d=mm&r=g\",\"contentUrl\":\"https:\/\/secure.gravatar.com\/avatar\/c31f513acffd85eacab5730cbdfdbbf59f21ba5aeada8cd890acea879fbb2455?s=96&d=mm&r=g\",\"caption\":\"Rafaela Ladeira\"}}]}<\/script>\n<!-- \/ Yoast SEO Premium plugin. -->","yoast_head_json":{"title":"V\u00eddeo: veja a bronca de Jo\u00e3o Gomes em Wesley, do Flamengo\u00a0","robots":{"index":"index","follow":"follow","max-snippet":"max-snippet:-1","max-image-preview":"max-image-preview:large","max-video-preview":"max-video-preview:-1"},"canonical":"https:\/\/www.gaveanews.com\/index.php\/2025\/03\/27\/video-veja-a-bronca-de-joao-gomes-em-wesley-do-flamengo\/","og_locale":"pt_BR","og_type":"article","og_title":"V\u00eddeo: veja a bronca de Jo\u00e3o Gomes em Wesley, do Flamengo\u00a0","og_description":"A derrota hist\u00f3rica do Brasil para a Argentina nas Eliminat\u00f3rias gerou repercuss\u00f5es n\u00e3o s\u00f3 no placar, mas tamb\u00e9m nos bastidores. Uma situa\u00e7\u00e3o que chamou bastante aten\u00e7\u00e3o nas redes sociais foi a bronca de Jo\u00e3o Gomes em Wesley durante a partida.&nbsp; A situa\u00e7\u00e3o rapidamente viralizou, trazendo \u00e0 tona a tens\u00e3o entre os atletas. A cobran\u00e7a de [&hellip;]","og_url":"https:\/\/www.gaveanews.com\/index.php\/2025\/03\/27\/video-veja-a-bronca-de-joao-gomes-em-wesley-do-flamengo\/","og_site_name":"G\u00e1vea News","article_publisher":"https:\/\/facebook.com\/gaveaNews\/","article_published_time":"2025-03-27T21:10:00+00:00","og_image":[{"width":1200,"height":800,"url":"https:\/\/www.gaveanews.com\/wp-content\/uploads\/Wesley-do-Flamengo-em-coletiva-de-imprensa-na-Selecao.webp","type":"image\/png"}],"author":"Rafaela Ladeira","twitter_card":"summary_large_image","twitter_misc":{"Escrito por":"Rafaela Ladeira","Est. tempo de leitura":"2 minutos"},"schema":{"@context":"https:\/\/schema.org","@graph":[{"@type":"NewsArticle","@id":"https:\/\/www.gaveanews.com\/index.php\/2025\/03\/27\/video-veja-a-bronca-de-joao-gomes-em-wesley-do-flamengo\/#article","isPartOf":{"@id":"https:\/\/www.gaveanews.com\/index.php\/2025\/03\/27\/video-veja-a-bronca-de-joao-gomes-em-wesley-do-flamengo\/"},"author":{"name":"Rafaela Ladeira","@id":"https:\/\/www.gaveanews.com\/#\/schema\/person\/0eb3e3fe1754f0205218538adbe8f5ed"},"headline":"V\u00eddeo: veja a bronca de Jo\u00e3o Gomes em Wesley, do Flamengo\u00a0","datePublished":"2025-03-27T21:10:00+00:00","mainEntityOfPage":{"@id":"https:\/\/www.gaveanews.com\/index.php\/2025\/03\/27\/video-veja-a-bronca-de-joao-gomes-em-wesley-do-flamengo\/"},"wordCount":392,"commentCount":0,"image":{"@id":"https:\/\/www.gaveanews.com\/index.php\/2025\/03\/27\/video-veja-a-bronca-de-joao-gomes-em-wesley-do-flamengo\/#primaryimage"},"thumbnailUrl":"https:\/\/www.gaveanews.com\/wp-content\/uploads\/Wesley-do-Flamengo-em-coletiva-de-imprensa-na-Selecao.webp","articleSection":["Brasil","Flamengo"],"inLanguage":"pt-BR","potentialAction":[{"@type":"CommentAction","name":"Comment","target":["https:\/\/www.gaveanews.com\/index.php\/2025\/03\/27\/video-veja-a-bronca-de-joao-gomes-em-wesley-do-flamengo\/#respond"]}],"copyrightYear":"2025","copyrightHolder":{"@id":"https:\/\/www.gaveanews.com\/#organization"}},{"@type":"WebPage","@id":"https:\/\/www.gaveanews.com\/index.php\/2025\/03\/27\/video-veja-a-bronca-de-joao-gomes-em-wesley-do-flamengo\/","url":"https:\/\/www.gaveanews.com\/index.php\/2025\/03\/27\/video-veja-a-bronca-de-joao-gomes-em-wesley-do-flamengo\/","name":"V\u00eddeo: veja a bronca de Jo\u00e3o Gomes em Wesley, do Flamengo\u00a0","isPartOf":{"@id":"https:\/\/www.gaveanews.com\/#website"},"primaryImageOfPage":{"@id":"https:\/\/www.gaveanews.com\/index.php\/2025\/03\/27\/video-veja-a-bronca-de-joao-gomes-em-wesley-do-flamengo\/#primaryimage"},"image":{"@id":"https:\/\/www.gaveanews.com\/index.php\/2025\/03\/27\/video-veja-a-bronca-de-joao-gomes-em-wesley-do-flamengo\/#primaryimage"},"thumbnailUrl":"https:\/\/www.gaveanews.com\/wp-content\/uploads\/Wesley-do-Flamengo-em-coletiva-de-imprensa-na-Selecao.webp","datePublished":"2025-03-27T21:10:00+00:00","author":{"@id":"https:\/\/www.gaveanews.com\/#\/schema\/person\/0eb3e3fe1754f0205218538adbe8f5ed"},"breadcrumb":{"@id":"https:\/\/www.gaveanews.com\/index.php\/2025\/03\/27\/video-veja-a-bronca-de-joao-gomes-em-wesley-do-flamengo\/#breadcrumb"},"inLanguage":"pt-BR","potentialAction":[{"@type":"ReadAction","target":["https:\/\/www.gaveanews.com\/index.php\/2025\/03\/27\/video-veja-a-bronca-de-joao-gomes-em-wesley-do-flamengo\/"]}]},{"@type":"ImageObject","inLanguage":"pt-BR","@id":"https:\/\/www.gaveanews.com\/index.php\/2025\/03\/27\/video-veja-a-bronca-de-joao-gomes-em-wesley-do-flamengo\/#primaryimage","url":"https:\/\/www.gaveanews.com\/wp-content\/uploads\/Wesley-do-Flamengo-em-coletiva-de-imprensa-na-Selecao.webp","contentUrl":"https:\/\/www.gaveanews.com\/wp-content\/uploads\/Wesley-do-Flamengo-em-coletiva-de-imprensa-na-Selecao.webp","width":1200,"height":800,"caption":"Wesley, do Flamengo, em coletiva de imprensa na Sele\u00e7\u00e3o - Foto: Reprodu\u00e7\u00e3o"},{"@type":"BreadcrumbList","@id":"https:\/\/www.gaveanews.com\/index.php\/2025\/03\/27\/video-veja-a-bronca-de-joao-gomes-em-wesley-do-flamengo\/#breadcrumb","itemListElement":[{"@type":"ListItem","position":1,"name":"Home","item":"https:\/\/www.gaveanews.com\/"},{"@type":"ListItem","position":2,"name":"V\u00eddeo: veja a bronca de Jo\u00e3o Gomes em Wesley, do Flamengo\u00a0"}]},{"@type":"WebSite","@id":"https:\/\/www.gaveanews.com\/#website","url":"https:\/\/www.gaveanews.com\/","name":"G\u00e1vea News","description":"Veja todas as not\u00edcias sobre o Flamengo: Contrata\u00e7\u00f5es, categorias de base, resultados das partidas, tabela de classifica\u00e7\u00e3o, pr\u00f3ximos jogos!","potentialAction":[{"@type":"SearchAction","target":{"@type":"EntryPoint","urlTemplate":"https:\/\/www.gaveanews.com\/?s={search_term_string}"},"query-input":{"@type":"PropertyValueSpecification","valueRequired":true,"valueName":"search_term_string"}}],"inLanguage":"pt-BR"},{"@type":"Person","@id":"https:\/\/www.gaveanews.com\/#\/schema\/person\/0eb3e3fe1754f0205218538adbe8f5ed","name":"Rafaela Ladeira","image":{"@type":"ImageObject","inLanguage":"pt-BR","@id":"https:\/\/www.gaveanews.com\/#\/schema\/person\/image\/","url":"https:\/\/secure.gravatar.com\/avatar\/c31f513acffd85eacab5730cbdfdbbf59f21ba5aeada8cd890acea879fbb2455?s=96&d=mm&r=g","contentUrl":"https:\/\/secure.gravatar.com\/avatar\/c31f513acffd85eacab5730cbdfdbbf59f21ba5aeada8cd890acea879fbb2455?s=96&d=mm&r=g","caption":"Rafaela Ladeira"}}]}},"_links":{"self":[{"href":"https:\/\/www.gaveanews.com\/index.php\/wp-json\/wp\/v2\/posts\/245557","targetHints":{"allow":["GET"]}}],"collection":[{"href":"https:\/\/www.gaveanews.com\/index.php\/wp-json\/wp\/v2\/posts"}],"about":[{"href":"https:\/\/www.gaveanews.com\/index.php\/wp-json\/wp\/v2\/types\/post"}],"author":[{"embeddable":true,"href":"https:\/\/www.gaveanews.com\/index.php\/wp-json\/wp\/v2\/users\/25"}],"replies":[{"embeddable":true,"href":"https:\/\/www.gaveanews.com\/index.php\/wp-json\/wp\/v2\/comments?post=245557"}],"version-history":[{"count":1,"href":"https:\/\/www.gaveanews.com\/index.php\/wp-json\/wp\/v2\/posts\/245557\/revisions"}],"predecessor-version":[{"id":245559,"href":"https:\/\/www.gaveanews.com\/index.php\/wp-json\/wp\/v2\/posts\/245557\/revisions\/245559"}],"wp:featuredmedia":[{"embeddable":true,"href":"https:\/\/www.gaveanews.com\/index.php\/wp-json\/wp\/v2\/media\/241649"}],"wp:attachment":[{"href":"https:\/\/www.gaveanews.com\/index.php\/wp-json\/wp\/v2\/media?parent=245557"}],"wp:term":[{"taxonomy":"category","embeddable":true,"href":"https:\/\/www.gaveanews.com\/index.php\/wp-json\/wp\/v2\/categories?post=245557"},{"taxonomy":"post_tag","embeddable":true,"href":"https:\/\/www.gaveanews.com\/index.php\/wp-json\/wp\/v2\/tags?post=245557"}],"curies":[{"name":"wp","href":"https:\/\/api.w.org\/{rel}","templated":true}]}}