{"id":245564,"date":"2025-03-27T18:20:00","date_gmt":"2025-03-27T21:20:00","guid":{"rendered":"https:\/\/www.gaveanews.com\/?p=245564"},"modified":"2025-03-27T16:47:44","modified_gmt":"2025-03-27T19:47:44","slug":"partiu-laliga-thiago-almada-pode-ser-vendido-por-497-milhoes","status":"publish","type":"post","link":"https:\/\/www.gaveanews.com\/index.php\/2025\/03\/27\/partiu-laliga-thiago-almada-pode-ser-vendido-por-497-milhoes\/","title":{"rendered":"Partiu LaLiga! Thiago Almada pode ser vendido por 497 milh\u00f5es\u00a0"},"content":{"rendered":"\n<p>Thiago Almada, um dos maiores talentos revelados pelo futebol sul-americano nos \u00faltimos anos, pode estar prestes a fazer hist\u00f3ria em sua carreira e no Botafogo. A negocia\u00e7\u00e3o envolvendo o meia argentino, que atualmente est\u00e1 emprestado ao Lyon, promete se transformar em um dos maiores neg\u00f3cios j\u00e1 realizados no futebol da Am\u00e9rica do Sul.&nbsp;<\/p>\n\n\n\n<p>De acordo com o jornalista Fernando Kall\u00e1s, Almada \u00e9 um dos nomes cotados para substituir Antoine Griezmann no Atl\u00e9tico de Madrid, com a negocia\u00e7\u00e3o podendo chegar a impressionantes \u20ac80 milh\u00f5es (aproximadamente R$ 497 milh\u00f5es).<\/p>\n\n\n\n<h2 class=\"wp-block-heading\" id=\"h-atletico-de-madrid-ou-lyon\">Atl\u00e9tico de Madrid ou Lyon?<\/h2>\n\n\n\n<figure class=\"wp-block-image size-full\"><img loading=\"lazy\" decoding=\"async\" width=\"720\" height=\"480\" src=\"http:\/\/www.gaveanews.com\/wp-content\/uploads\/thiago_almada23_1705081450024-edited.webp\" alt=\"\" class=\"wp-image-121111\" srcset=\"https:\/\/www.gaveanews.com\/wp-content\/uploads\/thiago_almada23_1705081450024-edited.webp 720w, https:\/\/www.gaveanews.com\/wp-content\/uploads\/thiago_almada23_1705081450024-edited-300x200.webp 300w, https:\/\/www.gaveanews.com\/wp-content\/uploads\/thiago_almada23_1705081450024-edited-630x420.webp 630w, https:\/\/www.gaveanews.com\/wp-content\/uploads\/thiago_almada23_1705081450024-edited-640x427.webp 640w, https:\/\/www.gaveanews.com\/wp-content\/uploads\/thiago_almada23_1705081450024-edited-681x454.webp 681w, https:\/\/www.gaveanews.com\/wp-content\/uploads\/thiago_almada23_1705081450024-edited-100x67.webp 100w\" sizes=\"auto, (max-width: 720px) 100vw, 720px\" \/><figcaption class=\"wp-element-caption\">Thiago Almada pela sele\u00e7\u00e3o da Argentina (Foto: Reprodu\u00e7\u00e3o\/Instagram)<\/figcaption><\/figure>\n\n\n\n<p>A transfer\u00eancia de Almada para o Atl\u00e9tico de Madrid \u00e9 vista como uma possibilidade muito concreta. Al\u00e9m disso, o t\u00e9cnico Diego Simeone tem total confian\u00e7a no talento do meia, o que aumenta ainda mais as chances dessa negocia\u00e7\u00e3o se concretizar.&nbsp;<\/p>\n\n\n\n<p>A busca pelo substituto de Griezmann come\u00e7ou no ano passado, quando o franc\u00eas cogitou uma transfer\u00eancia para a MLS. Por isso, o Atl\u00e9tico de Madrid iniciou um planejamento para trazer algu\u00e9m que tivesse o perfil ideal para assumir o posto deixado por Griezmann, e Almada se encaixava perfeitamente nesse cen\u00e1rio.<\/p>\n\n\n\n<p>Vale destacar que, antes dessa negocia\u00e7\u00e3o ganhar for\u00e7a, a perman\u00eancia de Griezmann no clube espanhol adiantou a transfer\u00eancia do argentino. Sendo assim, a expectativa \u00e9 que o Atl\u00e9tico de Madrid reforce seu elenco com Almada j\u00e1 em 2025, quando a sa\u00edda de Griezmann para a MLS se torna mais prov\u00e1vel.<\/p>\n\n\n\n<p>O jornalista Kall\u00e1s, que segue de perto o desenvolvimento da negocia\u00e7\u00e3o, afirmou que a chance de Almada se transferir para o Atl\u00e9tico de Madrid \u00e9 &#8220;alt\u00edssima&#8221;.&nbsp;<\/p>\n\n\n\n<p>&#8220;\u00c9 o time mais argentino da Europa. O Simeone \u00e9 apaixonado pelo Almada&#8221;, disse o jornalista, destacando que a negocia\u00e7\u00e3o \u00e9 uma quest\u00e3o de tempo.<\/p>\n\n\n\n<h2 class=\"wp-block-heading\" id=\"h-botafogo-em-ascensao-no-mercado\">Botafogo em ascens\u00e3o no mercado<\/h2>\n\n\n\n<p>Enquanto Almada brilha no Lyon, o Botafogo se prepara para colher os frutos dessa negocia\u00e7\u00e3o hist\u00f3rica. Com isso, o clube carioca pode se tornar um dos maiores beneficiados de toda essa transa\u00e7\u00e3o, o que \u00e9 ainda mais significativo quando se leva em considera\u00e7\u00e3o as cr\u00edticas que o modelo de multi-clubes recebeu no passado.&nbsp;<\/p>\n\n\n\n<p>O jornalista Kall\u00e1s, inclusive, fez quest\u00e3o de provocar aqueles que duvidam do modelo de neg\u00f3cios implementado por John Textor.&nbsp;<\/p>\n\n\n\n<p>&#8220;Quero ver o que v\u00e3o falar quando o Botafogo vender o Almada por \u20ac80 milh\u00f5es. V\u00e3o continuar chamando de clubesat\u00e9lite?&#8221;, disse ele, ressaltando que o Botafogo pode, de fato, realizar um dos maiores neg\u00f3cios de sua hist\u00f3ria.<\/p>\n\n\n\n<p>Cabe ressaltar que, al\u00e9m do aspecto financeiro, a venda de Almada representaria um marco para o futebol brasileiro, colocando o Botafogo como um protagonista no mercado de transfer\u00eancias internacionais.<\/p>\n","protected":false},"excerpt":{"rendered":"<p>Thiago Almada, um dos maiores talentos revelados pelo futebol sul-americano nos \u00faltimos anos, pode estar prestes a fazer hist\u00f3ria em sua carreira e no Botafogo. A negocia\u00e7\u00e3o envolvendo o meia argentino, que atualmente est\u00e1 emprestado ao Lyon, promete se transformar em um dos maiores neg\u00f3cios j\u00e1 realizados no futebol da Am\u00e9rica do Sul.&nbsp; De acordo [&hellip;]<\/p>\n","protected":false},"author":25,"featured_media":168201,"comment_status":"open","ping_status":"closed","sticky":false,"template":"","format":"standard","meta":{"footnotes":""},"categories":[138],"tags":[],"class_list":["post-245564","post","type-post","status-publish","format-standard","has-post-thumbnail","hentry","category-botafogo"],"yoast_head":"<!-- This site is optimized with the Yoast SEO Premium plugin v24.2 (Yoast SEO v26.9) - https:\/\/yoast.com\/product\/yoast-seo-premium-wordpress\/ -->\n<title>Partiu LaLiga! Thiago Almada pode ser vendido por 497 milh\u00f5es\u00a0<\/title>\n<meta name=\"robots\" content=\"index, follow, max-snippet:-1, max-image-preview:large, max-video-preview:-1\" \/>\n<link rel=\"canonical\" href=\"https:\/\/www.gaveanews.com\/index.php\/2025\/03\/27\/partiu-laliga-thiago-almada-pode-ser-vendido-por-497-milhoes\/\" \/>\n<meta property=\"og:locale\" content=\"pt_BR\" \/>\n<meta property=\"og:type\" content=\"article\" \/>\n<meta property=\"og:title\" content=\"Partiu LaLiga! Thiago Almada pode ser vendido por 497 milh\u00f5es\u00a0\" \/>\n<meta property=\"og:description\" content=\"Thiago Almada, um dos maiores talentos revelados pelo futebol sul-americano nos \u00faltimos anos, pode estar prestes a fazer hist\u00f3ria em sua carreira e no Botafogo. A negocia\u00e7\u00e3o envolvendo o meia argentino, que atualmente est\u00e1 emprestado ao Lyon, promete se transformar em um dos maiores neg\u00f3cios j\u00e1 realizados no futebol da Am\u00e9rica do Sul.&nbsp; De acordo [&hellip;]\" \/>\n<meta property=\"og:url\" content=\"https:\/\/www.gaveanews.com\/index.php\/2025\/03\/27\/partiu-laliga-thiago-almada-pode-ser-vendido-por-497-milhoes\/\" \/>\n<meta property=\"og:site_name\" content=\"G\u00e1vea News\" \/>\n<meta property=\"article:publisher\" content=\"https:\/\/facebook.com\/gaveaNews\/\" \/>\n<meta property=\"article:published_time\" content=\"2025-03-27T21:20:00+00:00\" \/>\n<meta property=\"og:image\" content=\"https:\/\/www.gaveanews.com\/wp-content\/uploads\/Thiago-Almada-e-apresentado-pelo-Botafogo.webp\" \/>\n\t<meta property=\"og:image:width\" content=\"984\" \/>\n\t<meta property=\"og:image:height\" content=\"656\" \/>\n\t<meta property=\"og:image:type\" content=\"image\/jpeg\" \/>\n<meta name=\"author\" content=\"Rafaela Ladeira\" \/>\n<meta name=\"twitter:card\" content=\"summary_large_image\" \/>\n<meta name=\"twitter:label1\" content=\"Escrito por\" \/>\n\t<meta name=\"twitter:data1\" content=\"Rafaela Ladeira\" \/>\n\t<meta name=\"twitter:label2\" content=\"Est. tempo de leitura\" \/>\n\t<meta name=\"twitter:data2\" content=\"3 minutos\" \/>\n<script type=\"application\/ld+json\" class=\"yoast-schema-graph\">{\"@context\":\"https:\/\/schema.org\",\"@graph\":[{\"@type\":\"NewsArticle\",\"@id\":\"https:\/\/www.gaveanews.com\/index.php\/2025\/03\/27\/partiu-laliga-thiago-almada-pode-ser-vendido-por-497-milhoes\/#article\",\"isPartOf\":{\"@id\":\"https:\/\/www.gaveanews.com\/index.php\/2025\/03\/27\/partiu-laliga-thiago-almada-pode-ser-vendido-por-497-milhoes\/\"},\"author\":{\"name\":\"Rafaela Ladeira\",\"@id\":\"https:\/\/www.gaveanews.com\/#\/schema\/person\/0eb3e3fe1754f0205218538adbe8f5ed\"},\"headline\":\"Partiu LaLiga! Thiago Almada pode ser vendido por 497 milh\u00f5es\u00a0\",\"datePublished\":\"2025-03-27T21:20:00+00:00\",\"mainEntityOfPage\":{\"@id\":\"https:\/\/www.gaveanews.com\/index.php\/2025\/03\/27\/partiu-laliga-thiago-almada-pode-ser-vendido-por-497-milhoes\/\"},\"wordCount\":492,\"commentCount\":0,\"image\":{\"@id\":\"https:\/\/www.gaveanews.com\/index.php\/2025\/03\/27\/partiu-laliga-thiago-almada-pode-ser-vendido-por-497-milhoes\/#primaryimage\"},\"thumbnailUrl\":\"https:\/\/www.gaveanews.com\/wp-content\/uploads\/Thiago-Almada-e-apresentado-pelo-Botafogo.webp\",\"articleSection\":[\"Botafogo\"],\"inLanguage\":\"pt-BR\",\"potentialAction\":[{\"@type\":\"CommentAction\",\"name\":\"Comment\",\"target\":[\"https:\/\/www.gaveanews.com\/index.php\/2025\/03\/27\/partiu-laliga-thiago-almada-pode-ser-vendido-por-497-milhoes\/#respond\"]}],\"copyrightYear\":\"2025\",\"copyrightHolder\":{\"@id\":\"https:\/\/www.gaveanews.com\/#organization\"}},{\"@type\":\"WebPage\",\"@id\":\"https:\/\/www.gaveanews.com\/index.php\/2025\/03\/27\/partiu-laliga-thiago-almada-pode-ser-vendido-por-497-milhoes\/\",\"url\":\"https:\/\/www.gaveanews.com\/index.php\/2025\/03\/27\/partiu-laliga-thiago-almada-pode-ser-vendido-por-497-milhoes\/\",\"name\":\"Partiu LaLiga! Thiago Almada pode ser vendido por 497 milh\u00f5es\u00a0\",\"isPartOf\":{\"@id\":\"https:\/\/www.gaveanews.com\/#website\"},\"primaryImageOfPage\":{\"@id\":\"https:\/\/www.gaveanews.com\/index.php\/2025\/03\/27\/partiu-laliga-thiago-almada-pode-ser-vendido-por-497-milhoes\/#primaryimage\"},\"image\":{\"@id\":\"https:\/\/www.gaveanews.com\/index.php\/2025\/03\/27\/partiu-laliga-thiago-almada-pode-ser-vendido-por-497-milhoes\/#primaryimage\"},\"thumbnailUrl\":\"https:\/\/www.gaveanews.com\/wp-content\/uploads\/Thiago-Almada-e-apresentado-pelo-Botafogo.webp\",\"datePublished\":\"2025-03-27T21:20:00+00:00\",\"author\":{\"@id\":\"https:\/\/www.gaveanews.com\/#\/schema\/person\/0eb3e3fe1754f0205218538adbe8f5ed\"},\"breadcrumb\":{\"@id\":\"https:\/\/www.gaveanews.com\/index.php\/2025\/03\/27\/partiu-laliga-thiago-almada-pode-ser-vendido-por-497-milhoes\/#breadcrumb\"},\"inLanguage\":\"pt-BR\",\"potentialAction\":[{\"@type\":\"ReadAction\",\"target\":[\"https:\/\/www.gaveanews.com\/index.php\/2025\/03\/27\/partiu-laliga-thiago-almada-pode-ser-vendido-por-497-milhoes\/\"]}]},{\"@type\":\"ImageObject\",\"inLanguage\":\"pt-BR\",\"@id\":\"https:\/\/www.gaveanews.com\/index.php\/2025\/03\/27\/partiu-laliga-thiago-almada-pode-ser-vendido-por-497-milhoes\/#primaryimage\",\"url\":\"https:\/\/www.gaveanews.com\/wp-content\/uploads\/Thiago-Almada-e-apresentado-pelo-Botafogo.webp\",\"contentUrl\":\"https:\/\/www.gaveanews.com\/wp-content\/uploads\/Thiago-Almada-e-apresentado-pelo-Botafogo.webp\",\"width\":984,\"height\":656,\"caption\":\"Thiago Almada em apresenta\u00e7\u00e3o pelo Botafogo (Foto: Vitor Silva\/Botafogo)\"},{\"@type\":\"BreadcrumbList\",\"@id\":\"https:\/\/www.gaveanews.com\/index.php\/2025\/03\/27\/partiu-laliga-thiago-almada-pode-ser-vendido-por-497-milhoes\/#breadcrumb\",\"itemListElement\":[{\"@type\":\"ListItem\",\"position\":1,\"name\":\"Home\",\"item\":\"https:\/\/www.gaveanews.com\/\"},{\"@type\":\"ListItem\",\"position\":2,\"name\":\"Partiu LaLiga! Thiago Almada pode ser vendido por 497 milh\u00f5es\u00a0\"}]},{\"@type\":\"WebSite\",\"@id\":\"https:\/\/www.gaveanews.com\/#website\",\"url\":\"https:\/\/www.gaveanews.com\/\",\"name\":\"G\u00e1vea News\",\"description\":\"Veja todas as not\u00edcias sobre o Flamengo: Contrata\u00e7\u00f5es, categorias de base, resultados das partidas, tabela de classifica\u00e7\u00e3o, pr\u00f3ximos jogos!\",\"potentialAction\":[{\"@type\":\"SearchAction\",\"target\":{\"@type\":\"EntryPoint\",\"urlTemplate\":\"https:\/\/www.gaveanews.com\/?s={search_term_string}\"},\"query-input\":{\"@type\":\"PropertyValueSpecification\",\"valueRequired\":true,\"valueName\":\"search_term_string\"}}],\"inLanguage\":\"pt-BR\"},{\"@type\":\"Person\",\"@id\":\"https:\/\/www.gaveanews.com\/#\/schema\/person\/0eb3e3fe1754f0205218538adbe8f5ed\",\"name\":\"Rafaela Ladeira\",\"image\":{\"@type\":\"ImageObject\",\"inLanguage\":\"pt-BR\",\"@id\":\"https:\/\/www.gaveanews.com\/#\/schema\/person\/image\/\",\"url\":\"https:\/\/secure.gravatar.com\/avatar\/c31f513acffd85eacab5730cbdfdbbf59f21ba5aeada8cd890acea879fbb2455?s=96&d=mm&r=g\",\"contentUrl\":\"https:\/\/secure.gravatar.com\/avatar\/c31f513acffd85eacab5730cbdfdbbf59f21ba5aeada8cd890acea879fbb2455?s=96&d=mm&r=g\",\"caption\":\"Rafaela Ladeira\"}}]}<\/script>\n<!-- \/ Yoast SEO Premium plugin. -->","yoast_head_json":{"title":"Partiu LaLiga! Thiago Almada pode ser vendido por 497 milh\u00f5es\u00a0","robots":{"index":"index","follow":"follow","max-snippet":"max-snippet:-1","max-image-preview":"max-image-preview:large","max-video-preview":"max-video-preview:-1"},"canonical":"https:\/\/www.gaveanews.com\/index.php\/2025\/03\/27\/partiu-laliga-thiago-almada-pode-ser-vendido-por-497-milhoes\/","og_locale":"pt_BR","og_type":"article","og_title":"Partiu LaLiga! Thiago Almada pode ser vendido por 497 milh\u00f5es\u00a0","og_description":"Thiago Almada, um dos maiores talentos revelados pelo futebol sul-americano nos \u00faltimos anos, pode estar prestes a fazer hist\u00f3ria em sua carreira e no Botafogo. A negocia\u00e7\u00e3o envolvendo o meia argentino, que atualmente est\u00e1 emprestado ao Lyon, promete se transformar em um dos maiores neg\u00f3cios j\u00e1 realizados no futebol da Am\u00e9rica do Sul.&nbsp; De acordo [&hellip;]","og_url":"https:\/\/www.gaveanews.com\/index.php\/2025\/03\/27\/partiu-laliga-thiago-almada-pode-ser-vendido-por-497-milhoes\/","og_site_name":"G\u00e1vea News","article_publisher":"https:\/\/facebook.com\/gaveaNews\/","article_published_time":"2025-03-27T21:20:00+00:00","og_image":[{"width":984,"height":656,"url":"https:\/\/www.gaveanews.com\/wp-content\/uploads\/Thiago-Almada-e-apresentado-pelo-Botafogo.webp","type":"image\/jpeg"}],"author":"Rafaela Ladeira","twitter_card":"summary_large_image","twitter_misc":{"Escrito por":"Rafaela Ladeira","Est. tempo de leitura":"3 minutos"},"schema":{"@context":"https:\/\/schema.org","@graph":[{"@type":"NewsArticle","@id":"https:\/\/www.gaveanews.com\/index.php\/2025\/03\/27\/partiu-laliga-thiago-almada-pode-ser-vendido-por-497-milhoes\/#article","isPartOf":{"@id":"https:\/\/www.gaveanews.com\/index.php\/2025\/03\/27\/partiu-laliga-thiago-almada-pode-ser-vendido-por-497-milhoes\/"},"author":{"name":"Rafaela Ladeira","@id":"https:\/\/www.gaveanews.com\/#\/schema\/person\/0eb3e3fe1754f0205218538adbe8f5ed"},"headline":"Partiu LaLiga! Thiago Almada pode ser vendido por 497 milh\u00f5es\u00a0","datePublished":"2025-03-27T21:20:00+00:00","mainEntityOfPage":{"@id":"https:\/\/www.gaveanews.com\/index.php\/2025\/03\/27\/partiu-laliga-thiago-almada-pode-ser-vendido-por-497-milhoes\/"},"wordCount":492,"commentCount":0,"image":{"@id":"https:\/\/www.gaveanews.com\/index.php\/2025\/03\/27\/partiu-laliga-thiago-almada-pode-ser-vendido-por-497-milhoes\/#primaryimage"},"thumbnailUrl":"https:\/\/www.gaveanews.com\/wp-content\/uploads\/Thiago-Almada-e-apresentado-pelo-Botafogo.webp","articleSection":["Botafogo"],"inLanguage":"pt-BR","potentialAction":[{"@type":"CommentAction","name":"Comment","target":["https:\/\/www.gaveanews.com\/index.php\/2025\/03\/27\/partiu-laliga-thiago-almada-pode-ser-vendido-por-497-milhoes\/#respond"]}],"copyrightYear":"2025","copyrightHolder":{"@id":"https:\/\/www.gaveanews.com\/#organization"}},{"@type":"WebPage","@id":"https:\/\/www.gaveanews.com\/index.php\/2025\/03\/27\/partiu-laliga-thiago-almada-pode-ser-vendido-por-497-milhoes\/","url":"https:\/\/www.gaveanews.com\/index.php\/2025\/03\/27\/partiu-laliga-thiago-almada-pode-ser-vendido-por-497-milhoes\/","name":"Partiu LaLiga! Thiago Almada pode ser vendido por 497 milh\u00f5es\u00a0","isPartOf":{"@id":"https:\/\/www.gaveanews.com\/#website"},"primaryImageOfPage":{"@id":"https:\/\/www.gaveanews.com\/index.php\/2025\/03\/27\/partiu-laliga-thiago-almada-pode-ser-vendido-por-497-milhoes\/#primaryimage"},"image":{"@id":"https:\/\/www.gaveanews.com\/index.php\/2025\/03\/27\/partiu-laliga-thiago-almada-pode-ser-vendido-por-497-milhoes\/#primaryimage"},"thumbnailUrl":"https:\/\/www.gaveanews.com\/wp-content\/uploads\/Thiago-Almada-e-apresentado-pelo-Botafogo.webp","datePublished":"2025-03-27T21:20:00+00:00","author":{"@id":"https:\/\/www.gaveanews.com\/#\/schema\/person\/0eb3e3fe1754f0205218538adbe8f5ed"},"breadcrumb":{"@id":"https:\/\/www.gaveanews.com\/index.php\/2025\/03\/27\/partiu-laliga-thiago-almada-pode-ser-vendido-por-497-milhoes\/#breadcrumb"},"inLanguage":"pt-BR","potentialAction":[{"@type":"ReadAction","target":["https:\/\/www.gaveanews.com\/index.php\/2025\/03\/27\/partiu-laliga-thiago-almada-pode-ser-vendido-por-497-milhoes\/"]}]},{"@type":"ImageObject","inLanguage":"pt-BR","@id":"https:\/\/www.gaveanews.com\/index.php\/2025\/03\/27\/partiu-laliga-thiago-almada-pode-ser-vendido-por-497-milhoes\/#primaryimage","url":"https:\/\/www.gaveanews.com\/wp-content\/uploads\/Thiago-Almada-e-apresentado-pelo-Botafogo.webp","contentUrl":"https:\/\/www.gaveanews.com\/wp-content\/uploads\/Thiago-Almada-e-apresentado-pelo-Botafogo.webp","width":984,"height":656,"caption":"Thiago Almada em apresenta\u00e7\u00e3o pelo Botafogo (Foto: Vitor Silva\/Botafogo)"},{"@type":"BreadcrumbList","@id":"https:\/\/www.gaveanews.com\/index.php\/2025\/03\/27\/partiu-laliga-thiago-almada-pode-ser-vendido-por-497-milhoes\/#breadcrumb","itemListElement":[{"@type":"ListItem","position":1,"name":"Home","item":"https:\/\/www.gaveanews.com\/"},{"@type":"ListItem","position":2,"name":"Partiu LaLiga! Thiago Almada pode ser vendido por 497 milh\u00f5es\u00a0"}]},{"@type":"WebSite","@id":"https:\/\/www.gaveanews.com\/#website","url":"https:\/\/www.gaveanews.com\/","name":"G\u00e1vea News","description":"Veja todas as not\u00edcias sobre o Flamengo: Contrata\u00e7\u00f5es, categorias de base, resultados das partidas, tabela de classifica\u00e7\u00e3o, pr\u00f3ximos jogos!","potentialAction":[{"@type":"SearchAction","target":{"@type":"EntryPoint","urlTemplate":"https:\/\/www.gaveanews.com\/?s={search_term_string}"},"query-input":{"@type":"PropertyValueSpecification","valueRequired":true,"valueName":"search_term_string"}}],"inLanguage":"pt-BR"},{"@type":"Person","@id":"https:\/\/www.gaveanews.com\/#\/schema\/person\/0eb3e3fe1754f0205218538adbe8f5ed","name":"Rafaela Ladeira","image":{"@type":"ImageObject","inLanguage":"pt-BR","@id":"https:\/\/www.gaveanews.com\/#\/schema\/person\/image\/","url":"https:\/\/secure.gravatar.com\/avatar\/c31f513acffd85eacab5730cbdfdbbf59f21ba5aeada8cd890acea879fbb2455?s=96&d=mm&r=g","contentUrl":"https:\/\/secure.gravatar.com\/avatar\/c31f513acffd85eacab5730cbdfdbbf59f21ba5aeada8cd890acea879fbb2455?s=96&d=mm&r=g","caption":"Rafaela Ladeira"}}]}},"_links":{"self":[{"href":"https:\/\/www.gaveanews.com\/index.php\/wp-json\/wp\/v2\/posts\/245564","targetHints":{"allow":["GET"]}}],"collection":[{"href":"https:\/\/www.gaveanews.com\/index.php\/wp-json\/wp\/v2\/posts"}],"about":[{"href":"https:\/\/www.gaveanews.com\/index.php\/wp-json\/wp\/v2\/types\/post"}],"author":[{"embeddable":true,"href":"https:\/\/www.gaveanews.com\/index.php\/wp-json\/wp\/v2\/users\/25"}],"replies":[{"embeddable":true,"href":"https:\/\/www.gaveanews.com\/index.php\/wp-json\/wp\/v2\/comments?post=245564"}],"version-history":[{"count":1,"href":"https:\/\/www.gaveanews.com\/index.php\/wp-json\/wp\/v2\/posts\/245564\/revisions"}],"predecessor-version":[{"id":245568,"href":"https:\/\/www.gaveanews.com\/index.php\/wp-json\/wp\/v2\/posts\/245564\/revisions\/245568"}],"wp:featuredmedia":[{"embeddable":true,"href":"https:\/\/www.gaveanews.com\/index.php\/wp-json\/wp\/v2\/media\/168201"}],"wp:attachment":[{"href":"https:\/\/www.gaveanews.com\/index.php\/wp-json\/wp\/v2\/media?parent=245564"}],"wp:term":[{"taxonomy":"category","embeddable":true,"href":"https:\/\/www.gaveanews.com\/index.php\/wp-json\/wp\/v2\/categories?post=245564"},{"taxonomy":"post_tag","embeddable":true,"href":"https:\/\/www.gaveanews.com\/index.php\/wp-json\/wp\/v2\/tags?post=245564"}],"curies":[{"name":"wp","href":"https:\/\/api.w.org\/{rel}","templated":true}]}}