{"id":245580,"date":"2025-03-27T19:00:00","date_gmt":"2025-03-27T22:00:00","guid":{"rendered":"https:\/\/www.gaveanews.com\/?p=245580"},"modified":"2025-03-27T17:06:11","modified_gmt":"2025-03-27T20:06:11","slug":"reforcos-chegando-recado-de-leila-pereira-para-conmebol-e-declaracao-de-felipao-as-ultimas-noticias-do-palmeiras","status":"publish","type":"post","link":"https:\/\/www.gaveanews.com\/index.php\/2025\/03\/27\/reforcos-chegando-recado-de-leila-pereira-para-conmebol-e-declaracao-de-felipao-as-ultimas-noticias-do-palmeiras\/","title":{"rendered":"Refor\u00e7os chegando, recado de Leila Pereira para Conmebol e declara\u00e7\u00e3o de Felip\u00e3o: as \u00faltimas not\u00edcias do Palmeiras"},"content":{"rendered":"\n<p>Nas \u00faltimas horas, o foco das not\u00edcias sobre o Palmeiras se concentram nos bastidores do clube, com destaques do dia a dia do time.<\/p>\n\n\n\n<p>Por conta deste contexto, leia abaixo um resumo preparado pela equipe do portal G\u00e1vea News para lhe manter muito bem informado!<\/p>\n\n\n\n<div class=\"wp-block-group\"><div class=\"wp-block-group__inner-container is-layout-constrained wp-block-group-is-layout-constrained\">\n<h2 class=\"wp-block-heading\" id=\"h-declaracao-de-felipao\">Declara\u00e7\u00e3o de Felip\u00e3o<\/h2>\n\n\n\n<p>Durante participa\u00e7\u00e3o no podcast \u201cUm Assado para\u2026\u201d, Luiz Felipe Scolari relembrou momentos marcantes da carreira e destacou tr\u00eas torcidas que considera espetaculares: a do Gr\u00eamio, do Palmeiras e da sele\u00e7\u00e3o portuguesa. Segundo Felip\u00e3o, seu v\u00ednculo com esses p\u00fablicos vai al\u00e9m das conquistas, refletindo uma identifica\u00e7\u00e3o constru\u00edda com carinho, respeito e hist\u00f3ria compartilhada \u2014 tanto nos gramados brasileiros quanto no exterior<strong><a href=\"https:\/\/www.gaveanews.com\/index.php\/2025\/03\/25\/felipao-aponta-tres-torcidas-que-sao-espetaculares\/\"> (leia a mat\u00e9ria completa).<\/a><\/strong><\/p>\n\n\n\n<figure class=\"wp-block-image size-large\"><img loading=\"lazy\" decoding=\"async\" width=\"1024\" height=\"706\" src=\"http:\/\/www.gaveanews.com\/wp-content\/uploads\/Felipao-e-Paulo-Turra-1024x706.webp\" alt=\"\" class=\"wp-image-100542\" srcset=\"https:\/\/www.gaveanews.com\/wp-content\/uploads\/Felipao-e-Paulo-Turra-1024x706.webp 1024w, https:\/\/www.gaveanews.com\/wp-content\/uploads\/Felipao-e-Paulo-Turra-300x207.webp 300w, https:\/\/www.gaveanews.com\/wp-content\/uploads\/Felipao-e-Paulo-Turra-768x529.webp 768w, https:\/\/www.gaveanews.com\/wp-content\/uploads\/Felipao-e-Paulo-Turra-609x420.webp 609w, https:\/\/www.gaveanews.com\/wp-content\/uploads\/Felipao-e-Paulo-Turra-640x441.webp 640w, https:\/\/www.gaveanews.com\/wp-content\/uploads\/Felipao-e-Paulo-Turra-681x469.webp 681w, https:\/\/www.gaveanews.com\/wp-content\/uploads\/Felipao-e-Paulo-Turra-100x69.webp 100w, https:\/\/www.gaveanews.com\/wp-content\/uploads\/Felipao-e-Paulo-Turra.webp 1200w\" sizes=\"auto, (max-width: 1024px) 100vw, 1024px\" \/><figcaption class=\"wp-element-caption\">Felip\u00e3o e Paulo Turra no CAP<\/figcaption><\/figure>\n\n\n\n<p>O treinador ressaltou que, mesmo ap\u00f3s a dolorosa derrota na final da Eurocopa de 2004, a torcida portuguesa manteve sua admira\u00e7\u00e3o, algo que, segundo ele, permanece at\u00e9 hoje. <\/p>\n\n\n\n<p>Felip\u00e3o afirmou que Portugal se tornou seu \u201csegundo pa\u00eds\u201d, refor\u00e7ado pelo fato de ter familiares que vivem por l\u00e1 desde seu per\u00edodo \u00e0 frente da sele\u00e7\u00e3o lusitana, entre 2003 e 2008. J\u00e1 sobre Gr\u00eamio e Palmeiras, clubes com os quais conquistou Libertadores, Felip\u00e3o foi categ\u00f3rico ao afirmar que \u00e9 visto como um \u201crepresentante oficial\u201d pelas duas torcidas.<\/p>\n\n\n\n<p>Apesar de ter sido procurado pelo Gr\u00eamio recentemente para assumir uma fun\u00e7\u00e3o de coordenador t\u00e9cnico, Scolari recusou o convite por motivos pessoais. Ele revelou que, ap\u00f3s anos adiando, priorizou um compromisso familiar em Portugal com os netos e a esposa. O t\u00e9cnico deixou claro que, no futuro, poder\u00e1 reavaliar novas oportunidades, mas refor\u00e7ou o valor que d\u00e1 \u00e0 fam\u00edlia nesse momento da vida.<\/p>\n\n\n\n<h2 class=\"wp-block-heading\" id=\"h-recado-de-leila-pereira-para-conmebol\">Recado de Leila Pereira para Conmebol<\/h2>\n\n\n\n<p>Ap\u00f3s um caso de racismo envolvendo torcedores do Cerro Porte\u00f1o e o jogador Luighi, do sub-20 do Palmeiras, a presidente Leila Pereira adotou uma postura firme e anunciou refor\u00e7o na seguran\u00e7a para a partida do time principal no Paraguai. A medida visa proteger a delega\u00e7\u00e3o e tamb\u00e9m deixar clara a posi\u00e7\u00e3o do clube contra qualquer forma de discrimina\u00e7\u00e3o. A dirigente reiterou que a luta \u00e9 contra o racismo, e n\u00e3o contra um clube espec\u00edfico, e criticou duramente a leve puni\u00e7\u00e3o aplicada pela Conmebol ao clube paraguaio<strong><a href=\"https:\/\/www.gaveanews.com\/index.php\/2025\/03\/24\/palmeiras-leila-pereira-manda-forte-recado-para-a-conmebol\/\"> (leia a mat\u00e9ria completa).<\/a><\/strong><\/p>\n\n\n\n<figure class=\"wp-block-image size-full\"><img loading=\"lazy\" decoding=\"async\" width=\"696\" height=\"385\" src=\"http:\/\/www.gaveanews.com\/wp-content\/uploads\/A-presidente-Leila-Pereira-da-SE-Palmeiras-durante-coletiva-de-imprensa-na-Academia-de-Futebol-2-696x385-1.webp\" alt=\"\" class=\"wp-image-142474\" srcset=\"https:\/\/www.gaveanews.com\/wp-content\/uploads\/A-presidente-Leila-Pereira-da-SE-Palmeiras-durante-coletiva-de-imprensa-na-Academia-de-Futebol-2-696x385-1.webp 696w, https:\/\/www.gaveanews.com\/wp-content\/uploads\/A-presidente-Leila-Pereira-da-SE-Palmeiras-durante-coletiva-de-imprensa-na-Academia-de-Futebol-2-696x385-1-300x166.webp 300w, https:\/\/www.gaveanews.com\/wp-content\/uploads\/A-presidente-Leila-Pereira-da-SE-Palmeiras-durante-coletiva-de-imprensa-na-Academia-de-Futebol-2-696x385-1-640x354.webp 640w, https:\/\/www.gaveanews.com\/wp-content\/uploads\/A-presidente-Leila-Pereira-da-SE-Palmeiras-durante-coletiva-de-imprensa-na-Academia-de-Futebol-2-696x385-1-681x377.webp 681w, https:\/\/www.gaveanews.com\/wp-content\/uploads\/A-presidente-Leila-Pereira-da-SE-Palmeiras-durante-coletiva-de-imprensa-na-Academia-de-Futebol-2-696x385-1-100x55.webp 100w\" sizes=\"auto, (max-width: 696px) 100vw, 696px\" \/><figcaption class=\"wp-element-caption\">Leila Pereira em coletiva &#8211; Foto: Cesar Greco\/Palmeiras<\/figcaption><\/figure>\n\n\n\n<p>Leila classificou a san\u00e7\u00e3o de 50 mil d\u00f3lares como \u201crid\u00edcula\u201d e destacou a disparidade entre essa pena e outras j\u00e1 aplicadas pela entidade por infra\u00e7\u00f5es menores, como atrasos. Mesmo com a resposta ir\u00f4nica do presidente da Conmebol, Alejandro Dom\u00ednguez, \u00e0 sugest\u00e3o de clubes brasileiros deixarem a entidade e buscarem filia\u00e7\u00e3o \u00e0 Concacaf, Leila manteve sua postura e refor\u00e7ou que seu compromisso \u00e9 com os atletas e torcedores palmeirenses, deixando claro que n\u00e3o aceitar\u00e1 omiss\u00f5es em epis\u00f3dios t\u00e3o graves.<\/p>\n\n\n\n<p>Al\u00e9m da cr\u00edtica p\u00fablica, Leila articulou um movimento entre os clubes da Libra e da LFU para enviar uma carta \u00e0 Fifa cobrando a\u00e7\u00f5es mais duras. A presidente tamb\u00e9m prometeu medidas severas, caso epis\u00f3dios semelhantes ocorram no Allianz Parque. Sua atua\u00e7\u00e3o tem sido destacada por parte da imprensa e torcida, que veem no posicionamento do Palmeiras um passo importante na luta por justi\u00e7a e respeito no futebol sul-americano.<\/p>\n\n\n\n<h2 class=\"wp-block-heading\" id=\"h-reforcos-chegando\">Refor\u00e7os chegando <\/h2>\n\n\n\n<p>O Palmeiras pode ganhar dois importantes refor\u00e7os nos pr\u00f3ximos dias para a final do Campeonato Paulista contra o Corinthians. Gustavo G\u00f3mez e Paulinho, ainda em fase de recupera\u00e7\u00e3o, participaram de um treino t\u00e9cnico na Academia de Futebol, ao lado de Mauricio e atletas do sub-20. Ambos seguem sob observa\u00e7\u00e3o do N\u00facleo de Sa\u00fade e Performance, mas o fato de estarem em campo j\u00e1 representa um avan\u00e7o no processo de reabilita\u00e7\u00e3o <strong><a href=\"https:\/\/www.gaveanews.com\/index.php\/2025\/03\/24\/palmeiras-pode-ganhar-dois-reforcos-nos-proximos-dias\/\">(leia a mat\u00e9ria completa).<\/a><\/strong><\/p>\n\n\n\n<figure class=\"wp-block-image size-large\"><img loading=\"lazy\" decoding=\"async\" width=\"921\" height=\"1024\" src=\"http:\/\/www.gaveanews.com\/wp-content\/uploads\/Abel-Ferreira-e-fotografado-durante-um-jogo-do-Palmeiras-no-Allianz-921x1024.webp\" alt=\"\" class=\"wp-image-157843\" srcset=\"https:\/\/www.gaveanews.com\/wp-content\/uploads\/Abel-Ferreira-e-fotografado-durante-um-jogo-do-Palmeiras-no-Allianz-921x1024.webp 921w, https:\/\/www.gaveanews.com\/wp-content\/uploads\/Abel-Ferreira-e-fotografado-durante-um-jogo-do-Palmeiras-no-Allianz-270x300.webp 270w, https:\/\/www.gaveanews.com\/wp-content\/uploads\/Abel-Ferreira-e-fotografado-durante-um-jogo-do-Palmeiras-no-Allianz-768x854.webp 768w, https:\/\/www.gaveanews.com\/wp-content\/uploads\/Abel-Ferreira-e-fotografado-durante-um-jogo-do-Palmeiras-no-Allianz-378x420.webp 378w, https:\/\/www.gaveanews.com\/wp-content\/uploads\/Abel-Ferreira-e-fotografado-durante-um-jogo-do-Palmeiras-no-Allianz-755x840.webp 755w, https:\/\/www.gaveanews.com\/wp-content\/uploads\/Abel-Ferreira-e-fotografado-durante-um-jogo-do-Palmeiras-no-Allianz-640x712.webp 640w, https:\/\/www.gaveanews.com\/wp-content\/uploads\/Abel-Ferreira-e-fotografado-durante-um-jogo-do-Palmeiras-no-Allianz-1280x1423.webp 1280w, https:\/\/www.gaveanews.com\/wp-content\/uploads\/Abel-Ferreira-e-fotografado-durante-um-jogo-do-Palmeiras-no-Allianz-681x757.webp 681w, https:\/\/www.gaveanews.com\/wp-content\/uploads\/Abel-Ferreira-e-fotografado-durante-um-jogo-do-Palmeiras-no-Allianz-100x111.webp 100w, https:\/\/www.gaveanews.com\/wp-content\/uploads\/Abel-Ferreira-e-fotografado-durante-um-jogo-do-Palmeiras-no-Allianz.webp 1349w\" sizes=\"auto, (max-width: 921px) 100vw, 921px\" \/><figcaption class=\"wp-element-caption\">Abel Ferreira \u00e9 fotografado durante um jogo do Palmeiras no Allianz (Foto: Cesar Greco\/Palmeiras)<\/figcaption><\/figure>\n\n\n\n<p>G\u00f3mez trata uma les\u00e3o no joelho, enquanto Paulinho se recupera de uma cirurgia na canela. J\u00e1 Mauricio, em est\u00e1gio mais avan\u00e7ado de transi\u00e7\u00e3o f\u00edsica, participou de atividades com o elenco principal e pode ser op\u00e7\u00e3o no cl\u00e1ssico decisivo. Enquanto isso, o t\u00e9cnico Abel Ferreira comandou treinamentos t\u00e1ticos com o restante do grupo, mesmo com algumas aus\u00eancias devido a convoca\u00e7\u00f5es para as Eliminat\u00f3rias da Copa do Mundo, como Weverton, Piquerez e Est\u00eav\u00e3o.<\/p>\n\n\n\n<p>A prov\u00e1vel escala\u00e7\u00e3o do Verd\u00e3o para o segundo jogo da final inclui nomes como Murilo, Raphael Veiga e Vitor Roque, com poss\u00edveis retornos dependendo da log\u00edstica e das avalia\u00e7\u00f5es f\u00edsicas. A partida decisiva acontece nesta quinta-feira (27), na Neo Qu\u00edmica Arena, e o time alviverde busca reverter a desvantagem ap\u00f3s derrota por 1 a 0 na ida, apostando na for\u00e7a do elenco e na recupera\u00e7\u00e3o de atletas-chave para lutar pelo t\u00edtulo estadual.<\/p>\n<\/div><\/div>\n","protected":false},"excerpt":{"rendered":"<p>Nas \u00faltimas horas, o foco das not\u00edcias sobre o Palmeiras se concentram nos bastidores do clube, com destaques do dia a dia do time. Por conta deste contexto, leia abaixo um resumo preparado pela equipe do portal G\u00e1vea News para lhe manter muito bem informado! Declara\u00e7\u00e3o de Felip\u00e3o Durante participa\u00e7\u00e3o no podcast \u201cUm Assado para\u2026\u201d, [&hellip;]<\/p>\n","protected":false},"author":33,"featured_media":158318,"comment_status":"open","ping_status":"closed","sticky":false,"template":"","format":"standard","meta":{"footnotes":""},"categories":[150],"tags":[],"class_list":["post-245580","post","type-post","status-publish","format-standard","has-post-thumbnail","hentry","category-palmeiras"],"yoast_head":"<!-- This site is optimized with the Yoast SEO Premium plugin v24.2 (Yoast SEO v26.9) - https:\/\/yoast.com\/product\/yoast-seo-premium-wordpress\/ -->\n<title>Refor\u00e7os chegando, recado de Leila Pereira para Conmebol e declara\u00e7\u00e3o de Felip\u00e3o: as \u00faltimas not\u00edcias do Palmeiras<\/title>\n<meta name=\"robots\" content=\"index, follow, max-snippet:-1, max-image-preview:large, max-video-preview:-1\" \/>\n<link rel=\"canonical\" href=\"https:\/\/www.gaveanews.com\/index.php\/2025\/03\/27\/reforcos-chegando-recado-de-leila-pereira-para-conmebol-e-declaracao-de-felipao-as-ultimas-noticias-do-palmeiras\/\" \/>\n<meta property=\"og:locale\" content=\"pt_BR\" \/>\n<meta property=\"og:type\" content=\"article\" \/>\n<meta property=\"og:title\" content=\"Refor\u00e7os chegando, recado de Leila Pereira para Conmebol e declara\u00e7\u00e3o de Felip\u00e3o: as \u00faltimas not\u00edcias do Palmeiras\" \/>\n<meta property=\"og:description\" content=\"Nas \u00faltimas horas, o foco das not\u00edcias sobre o Palmeiras se concentram nos bastidores do clube, com destaques do dia a dia do time. Por conta deste contexto, leia abaixo um resumo preparado pela equipe do portal G\u00e1vea News para lhe manter muito bem informado! Declara\u00e7\u00e3o de Felip\u00e3o Durante participa\u00e7\u00e3o no podcast \u201cUm Assado para\u2026\u201d, [&hellip;]\" \/>\n<meta property=\"og:url\" content=\"https:\/\/www.gaveanews.com\/index.php\/2025\/03\/27\/reforcos-chegando-recado-de-leila-pereira-para-conmebol-e-declaracao-de-felipao-as-ultimas-noticias-do-palmeiras\/\" \/>\n<meta property=\"og:site_name\" content=\"G\u00e1vea News\" \/>\n<meta property=\"article:publisher\" content=\"https:\/\/facebook.com\/gaveaNews\/\" \/>\n<meta property=\"article:published_time\" content=\"2025-03-27T22:00:00+00:00\" \/>\n<meta property=\"og:image\" content=\"https:\/\/www.gaveanews.com\/wp-content\/uploads\/Jogadores-do-Palmeiras-durante-partida-valida-pela-Copa-do-Brasil-2024.webp\" \/>\n\t<meta property=\"og:image:width\" content=\"1051\" \/>\n\t<meta property=\"og:image:height\" content=\"701\" \/>\n\t<meta property=\"og:image:type\" content=\"image\/webp\" \/>\n<meta name=\"author\" content=\"Brenda Cezillo\" \/>\n<meta name=\"twitter:card\" content=\"summary_large_image\" \/>\n<meta name=\"twitter:label1\" content=\"Escrito por\" \/>\n\t<meta name=\"twitter:data1\" content=\"Brenda Cezillo\" \/>\n\t<meta name=\"twitter:label2\" content=\"Est. tempo de leitura\" \/>\n\t<meta name=\"twitter:data2\" content=\"5 minutos\" \/>\n<script type=\"application\/ld+json\" class=\"yoast-schema-graph\">{\"@context\":\"https:\/\/schema.org\",\"@graph\":[{\"@type\":\"NewsArticle\",\"@id\":\"https:\/\/www.gaveanews.com\/index.php\/2025\/03\/27\/reforcos-chegando-recado-de-leila-pereira-para-conmebol-e-declaracao-de-felipao-as-ultimas-noticias-do-palmeiras\/#article\",\"isPartOf\":{\"@id\":\"https:\/\/www.gaveanews.com\/index.php\/2025\/03\/27\/reforcos-chegando-recado-de-leila-pereira-para-conmebol-e-declaracao-de-felipao-as-ultimas-noticias-do-palmeiras\/\"},\"author\":{\"name\":\"Brenda Cezillo\",\"@id\":\"https:\/\/www.gaveanews.com\/#\/schema\/person\/c79759ca337c40791ae8d08e2923d403\"},\"headline\":\"Refor\u00e7os chegando, recado de Leila Pereira para Conmebol e declara\u00e7\u00e3o de Felip\u00e3o: as \u00faltimas not\u00edcias do Palmeiras\",\"datePublished\":\"2025-03-27T22:00:00+00:00\",\"mainEntityOfPage\":{\"@id\":\"https:\/\/www.gaveanews.com\/index.php\/2025\/03\/27\/reforcos-chegando-recado-de-leila-pereira-para-conmebol-e-declaracao-de-felipao-as-ultimas-noticias-do-palmeiras\/\"},\"wordCount\":861,\"commentCount\":0,\"image\":{\"@id\":\"https:\/\/www.gaveanews.com\/index.php\/2025\/03\/27\/reforcos-chegando-recado-de-leila-pereira-para-conmebol-e-declaracao-de-felipao-as-ultimas-noticias-do-palmeiras\/#primaryimage\"},\"thumbnailUrl\":\"https:\/\/www.gaveanews.com\/wp-content\/uploads\/Jogadores-do-Palmeiras-durante-partida-valida-pela-Copa-do-Brasil-2024.webp\",\"articleSection\":[\"Palmeiras\"],\"inLanguage\":\"pt-BR\",\"potentialAction\":[{\"@type\":\"CommentAction\",\"name\":\"Comment\",\"target\":[\"https:\/\/www.gaveanews.com\/index.php\/2025\/03\/27\/reforcos-chegando-recado-de-leila-pereira-para-conmebol-e-declaracao-de-felipao-as-ultimas-noticias-do-palmeiras\/#respond\"]}],\"copyrightYear\":\"2025\",\"copyrightHolder\":{\"@id\":\"https:\/\/www.gaveanews.com\/#organization\"}},{\"@type\":\"WebPage\",\"@id\":\"https:\/\/www.gaveanews.com\/index.php\/2025\/03\/27\/reforcos-chegando-recado-de-leila-pereira-para-conmebol-e-declaracao-de-felipao-as-ultimas-noticias-do-palmeiras\/\",\"url\":\"https:\/\/www.gaveanews.com\/index.php\/2025\/03\/27\/reforcos-chegando-recado-de-leila-pereira-para-conmebol-e-declaracao-de-felipao-as-ultimas-noticias-do-palmeiras\/\",\"name\":\"Refor\u00e7os chegando, recado de Leila Pereira para Conmebol e declara\u00e7\u00e3o de Felip\u00e3o: as \u00faltimas not\u00edcias do Palmeiras\",\"isPartOf\":{\"@id\":\"https:\/\/www.gaveanews.com\/#website\"},\"primaryImageOfPage\":{\"@id\":\"https:\/\/www.gaveanews.com\/index.php\/2025\/03\/27\/reforcos-chegando-recado-de-leila-pereira-para-conmebol-e-declaracao-de-felipao-as-ultimas-noticias-do-palmeiras\/#primaryimage\"},\"image\":{\"@id\":\"https:\/\/www.gaveanews.com\/index.php\/2025\/03\/27\/reforcos-chegando-recado-de-leila-pereira-para-conmebol-e-declaracao-de-felipao-as-ultimas-noticias-do-palmeiras\/#primaryimage\"},\"thumbnailUrl\":\"https:\/\/www.gaveanews.com\/wp-content\/uploads\/Jogadores-do-Palmeiras-durante-partida-valida-pela-Copa-do-Brasil-2024.webp\",\"datePublished\":\"2025-03-27T22:00:00+00:00\",\"author\":{\"@id\":\"https:\/\/www.gaveanews.com\/#\/schema\/person\/c79759ca337c40791ae8d08e2923d403\"},\"breadcrumb\":{\"@id\":\"https:\/\/www.gaveanews.com\/index.php\/2025\/03\/27\/reforcos-chegando-recado-de-leila-pereira-para-conmebol-e-declaracao-de-felipao-as-ultimas-noticias-do-palmeiras\/#breadcrumb\"},\"inLanguage\":\"pt-BR\",\"potentialAction\":[{\"@type\":\"ReadAction\",\"target\":[\"https:\/\/www.gaveanews.com\/index.php\/2025\/03\/27\/reforcos-chegando-recado-de-leila-pereira-para-conmebol-e-declaracao-de-felipao-as-ultimas-noticias-do-palmeiras\/\"]}]},{\"@type\":\"ImageObject\",\"inLanguage\":\"pt-BR\",\"@id\":\"https:\/\/www.gaveanews.com\/index.php\/2025\/03\/27\/reforcos-chegando-recado-de-leila-pereira-para-conmebol-e-declaracao-de-felipao-as-ultimas-noticias-do-palmeiras\/#primaryimage\",\"url\":\"https:\/\/www.gaveanews.com\/wp-content\/uploads\/Jogadores-do-Palmeiras-durante-partida-valida-pela-Copa-do-Brasil-2024.webp\",\"contentUrl\":\"https:\/\/www.gaveanews.com\/wp-content\/uploads\/Jogadores-do-Palmeiras-durante-partida-valida-pela-Copa-do-Brasil-2024.webp\",\"width\":1051,\"height\":701,\"caption\":\"Jogadores do Palmeiras durante partida v\u00e1lida pela Copa do Brasil 2024 (Foto: Reprodu\u00e7\u00e3o\/Palmeiras)\"},{\"@type\":\"BreadcrumbList\",\"@id\":\"https:\/\/www.gaveanews.com\/index.php\/2025\/03\/27\/reforcos-chegando-recado-de-leila-pereira-para-conmebol-e-declaracao-de-felipao-as-ultimas-noticias-do-palmeiras\/#breadcrumb\",\"itemListElement\":[{\"@type\":\"ListItem\",\"position\":1,\"name\":\"Home\",\"item\":\"https:\/\/www.gaveanews.com\/\"},{\"@type\":\"ListItem\",\"position\":2,\"name\":\"Refor\u00e7os chegando, recado de Leila Pereira para Conmebol e declara\u00e7\u00e3o de Felip\u00e3o: as \u00faltimas not\u00edcias do Palmeiras\"}]},{\"@type\":\"WebSite\",\"@id\":\"https:\/\/www.gaveanews.com\/#website\",\"url\":\"https:\/\/www.gaveanews.com\/\",\"name\":\"G\u00e1vea News\",\"description\":\"Veja todas as not\u00edcias sobre o Flamengo: Contrata\u00e7\u00f5es, categorias de base, resultados das partidas, tabela de classifica\u00e7\u00e3o, pr\u00f3ximos jogos!\",\"potentialAction\":[{\"@type\":\"SearchAction\",\"target\":{\"@type\":\"EntryPoint\",\"urlTemplate\":\"https:\/\/www.gaveanews.com\/?s={search_term_string}\"},\"query-input\":{\"@type\":\"PropertyValueSpecification\",\"valueRequired\":true,\"valueName\":\"search_term_string\"}}],\"inLanguage\":\"pt-BR\"},{\"@type\":\"Person\",\"@id\":\"https:\/\/www.gaveanews.com\/#\/schema\/person\/c79759ca337c40791ae8d08e2923d403\",\"name\":\"Brenda Cezillo\",\"image\":{\"@type\":\"ImageObject\",\"inLanguage\":\"pt-BR\",\"@id\":\"https:\/\/www.gaveanews.com\/#\/schema\/person\/image\/\",\"url\":\"https:\/\/secure.gravatar.com\/avatar\/1738d75cee7317f9c29ae61dd67620c5883d80a92e42a6fff88ae5d527af217a?s=96&d=mm&r=g\",\"contentUrl\":\"https:\/\/secure.gravatar.com\/avatar\/1738d75cee7317f9c29ae61dd67620c5883d80a92e42a6fff88ae5d527af217a?s=96&d=mm&r=g\",\"caption\":\"Brenda Cezillo\"}}]}<\/script>\n<!-- \/ Yoast SEO Premium plugin. -->","yoast_head_json":{"title":"Refor\u00e7os chegando, recado de Leila Pereira para Conmebol e declara\u00e7\u00e3o de Felip\u00e3o: as \u00faltimas not\u00edcias do Palmeiras","robots":{"index":"index","follow":"follow","max-snippet":"max-snippet:-1","max-image-preview":"max-image-preview:large","max-video-preview":"max-video-preview:-1"},"canonical":"https:\/\/www.gaveanews.com\/index.php\/2025\/03\/27\/reforcos-chegando-recado-de-leila-pereira-para-conmebol-e-declaracao-de-felipao-as-ultimas-noticias-do-palmeiras\/","og_locale":"pt_BR","og_type":"article","og_title":"Refor\u00e7os chegando, recado de Leila Pereira para Conmebol e declara\u00e7\u00e3o de Felip\u00e3o: as \u00faltimas not\u00edcias do Palmeiras","og_description":"Nas \u00faltimas horas, o foco das not\u00edcias sobre o Palmeiras se concentram nos bastidores do clube, com destaques do dia a dia do time. Por conta deste contexto, leia abaixo um resumo preparado pela equipe do portal G\u00e1vea News para lhe manter muito bem informado! Declara\u00e7\u00e3o de Felip\u00e3o Durante participa\u00e7\u00e3o no podcast \u201cUm Assado para\u2026\u201d, [&hellip;]","og_url":"https:\/\/www.gaveanews.com\/index.php\/2025\/03\/27\/reforcos-chegando-recado-de-leila-pereira-para-conmebol-e-declaracao-de-felipao-as-ultimas-noticias-do-palmeiras\/","og_site_name":"G\u00e1vea News","article_publisher":"https:\/\/facebook.com\/gaveaNews\/","article_published_time":"2025-03-27T22:00:00+00:00","og_image":[{"width":1051,"height":701,"url":"https:\/\/www.gaveanews.com\/wp-content\/uploads\/Jogadores-do-Palmeiras-durante-partida-valida-pela-Copa-do-Brasil-2024.webp","type":"image\/webp"}],"author":"Brenda Cezillo","twitter_card":"summary_large_image","twitter_misc":{"Escrito por":"Brenda Cezillo","Est. tempo de leitura":"5 minutos"},"schema":{"@context":"https:\/\/schema.org","@graph":[{"@type":"NewsArticle","@id":"https:\/\/www.gaveanews.com\/index.php\/2025\/03\/27\/reforcos-chegando-recado-de-leila-pereira-para-conmebol-e-declaracao-de-felipao-as-ultimas-noticias-do-palmeiras\/#article","isPartOf":{"@id":"https:\/\/www.gaveanews.com\/index.php\/2025\/03\/27\/reforcos-chegando-recado-de-leila-pereira-para-conmebol-e-declaracao-de-felipao-as-ultimas-noticias-do-palmeiras\/"},"author":{"name":"Brenda Cezillo","@id":"https:\/\/www.gaveanews.com\/#\/schema\/person\/c79759ca337c40791ae8d08e2923d403"},"headline":"Refor\u00e7os chegando, recado de Leila Pereira para Conmebol e declara\u00e7\u00e3o de Felip\u00e3o: as \u00faltimas not\u00edcias do Palmeiras","datePublished":"2025-03-27T22:00:00+00:00","mainEntityOfPage":{"@id":"https:\/\/www.gaveanews.com\/index.php\/2025\/03\/27\/reforcos-chegando-recado-de-leila-pereira-para-conmebol-e-declaracao-de-felipao-as-ultimas-noticias-do-palmeiras\/"},"wordCount":861,"commentCount":0,"image":{"@id":"https:\/\/www.gaveanews.com\/index.php\/2025\/03\/27\/reforcos-chegando-recado-de-leila-pereira-para-conmebol-e-declaracao-de-felipao-as-ultimas-noticias-do-palmeiras\/#primaryimage"},"thumbnailUrl":"https:\/\/www.gaveanews.com\/wp-content\/uploads\/Jogadores-do-Palmeiras-durante-partida-valida-pela-Copa-do-Brasil-2024.webp","articleSection":["Palmeiras"],"inLanguage":"pt-BR","potentialAction":[{"@type":"CommentAction","name":"Comment","target":["https:\/\/www.gaveanews.com\/index.php\/2025\/03\/27\/reforcos-chegando-recado-de-leila-pereira-para-conmebol-e-declaracao-de-felipao-as-ultimas-noticias-do-palmeiras\/#respond"]}],"copyrightYear":"2025","copyrightHolder":{"@id":"https:\/\/www.gaveanews.com\/#organization"}},{"@type":"WebPage","@id":"https:\/\/www.gaveanews.com\/index.php\/2025\/03\/27\/reforcos-chegando-recado-de-leila-pereira-para-conmebol-e-declaracao-de-felipao-as-ultimas-noticias-do-palmeiras\/","url":"https:\/\/www.gaveanews.com\/index.php\/2025\/03\/27\/reforcos-chegando-recado-de-leila-pereira-para-conmebol-e-declaracao-de-felipao-as-ultimas-noticias-do-palmeiras\/","name":"Refor\u00e7os chegando, recado de Leila Pereira para Conmebol e declara\u00e7\u00e3o de Felip\u00e3o: as \u00faltimas not\u00edcias do Palmeiras","isPartOf":{"@id":"https:\/\/www.gaveanews.com\/#website"},"primaryImageOfPage":{"@id":"https:\/\/www.gaveanews.com\/index.php\/2025\/03\/27\/reforcos-chegando-recado-de-leila-pereira-para-conmebol-e-declaracao-de-felipao-as-ultimas-noticias-do-palmeiras\/#primaryimage"},"image":{"@id":"https:\/\/www.gaveanews.com\/index.php\/2025\/03\/27\/reforcos-chegando-recado-de-leila-pereira-para-conmebol-e-declaracao-de-felipao-as-ultimas-noticias-do-palmeiras\/#primaryimage"},"thumbnailUrl":"https:\/\/www.gaveanews.com\/wp-content\/uploads\/Jogadores-do-Palmeiras-durante-partida-valida-pela-Copa-do-Brasil-2024.webp","datePublished":"2025-03-27T22:00:00+00:00","author":{"@id":"https:\/\/www.gaveanews.com\/#\/schema\/person\/c79759ca337c40791ae8d08e2923d403"},"breadcrumb":{"@id":"https:\/\/www.gaveanews.com\/index.php\/2025\/03\/27\/reforcos-chegando-recado-de-leila-pereira-para-conmebol-e-declaracao-de-felipao-as-ultimas-noticias-do-palmeiras\/#breadcrumb"},"inLanguage":"pt-BR","potentialAction":[{"@type":"ReadAction","target":["https:\/\/www.gaveanews.com\/index.php\/2025\/03\/27\/reforcos-chegando-recado-de-leila-pereira-para-conmebol-e-declaracao-de-felipao-as-ultimas-noticias-do-palmeiras\/"]}]},{"@type":"ImageObject","inLanguage":"pt-BR","@id":"https:\/\/www.gaveanews.com\/index.php\/2025\/03\/27\/reforcos-chegando-recado-de-leila-pereira-para-conmebol-e-declaracao-de-felipao-as-ultimas-noticias-do-palmeiras\/#primaryimage","url":"https:\/\/www.gaveanews.com\/wp-content\/uploads\/Jogadores-do-Palmeiras-durante-partida-valida-pela-Copa-do-Brasil-2024.webp","contentUrl":"https:\/\/www.gaveanews.com\/wp-content\/uploads\/Jogadores-do-Palmeiras-durante-partida-valida-pela-Copa-do-Brasil-2024.webp","width":1051,"height":701,"caption":"Jogadores do Palmeiras durante partida v\u00e1lida pela Copa do Brasil 2024 (Foto: Reprodu\u00e7\u00e3o\/Palmeiras)"},{"@type":"BreadcrumbList","@id":"https:\/\/www.gaveanews.com\/index.php\/2025\/03\/27\/reforcos-chegando-recado-de-leila-pereira-para-conmebol-e-declaracao-de-felipao-as-ultimas-noticias-do-palmeiras\/#breadcrumb","itemListElement":[{"@type":"ListItem","position":1,"name":"Home","item":"https:\/\/www.gaveanews.com\/"},{"@type":"ListItem","position":2,"name":"Refor\u00e7os chegando, recado de Leila Pereira para Conmebol e declara\u00e7\u00e3o de Felip\u00e3o: as \u00faltimas not\u00edcias do Palmeiras"}]},{"@type":"WebSite","@id":"https:\/\/www.gaveanews.com\/#website","url":"https:\/\/www.gaveanews.com\/","name":"G\u00e1vea News","description":"Veja todas as not\u00edcias sobre o Flamengo: Contrata\u00e7\u00f5es, categorias de base, resultados das partidas, tabela de classifica\u00e7\u00e3o, pr\u00f3ximos jogos!","potentialAction":[{"@type":"SearchAction","target":{"@type":"EntryPoint","urlTemplate":"https:\/\/www.gaveanews.com\/?s={search_term_string}"},"query-input":{"@type":"PropertyValueSpecification","valueRequired":true,"valueName":"search_term_string"}}],"inLanguage":"pt-BR"},{"@type":"Person","@id":"https:\/\/www.gaveanews.com\/#\/schema\/person\/c79759ca337c40791ae8d08e2923d403","name":"Brenda Cezillo","image":{"@type":"ImageObject","inLanguage":"pt-BR","@id":"https:\/\/www.gaveanews.com\/#\/schema\/person\/image\/","url":"https:\/\/secure.gravatar.com\/avatar\/1738d75cee7317f9c29ae61dd67620c5883d80a92e42a6fff88ae5d527af217a?s=96&d=mm&r=g","contentUrl":"https:\/\/secure.gravatar.com\/avatar\/1738d75cee7317f9c29ae61dd67620c5883d80a92e42a6fff88ae5d527af217a?s=96&d=mm&r=g","caption":"Brenda Cezillo"}}]}},"_links":{"self":[{"href":"https:\/\/www.gaveanews.com\/index.php\/wp-json\/wp\/v2\/posts\/245580","targetHints":{"allow":["GET"]}}],"collection":[{"href":"https:\/\/www.gaveanews.com\/index.php\/wp-json\/wp\/v2\/posts"}],"about":[{"href":"https:\/\/www.gaveanews.com\/index.php\/wp-json\/wp\/v2\/types\/post"}],"author":[{"embeddable":true,"href":"https:\/\/www.gaveanews.com\/index.php\/wp-json\/wp\/v2\/users\/33"}],"replies":[{"embeddable":true,"href":"https:\/\/www.gaveanews.com\/index.php\/wp-json\/wp\/v2\/comments?post=245580"}],"version-history":[{"count":1,"href":"https:\/\/www.gaveanews.com\/index.php\/wp-json\/wp\/v2\/posts\/245580\/revisions"}],"predecessor-version":[{"id":245587,"href":"https:\/\/www.gaveanews.com\/index.php\/wp-json\/wp\/v2\/posts\/245580\/revisions\/245587"}],"wp:featuredmedia":[{"embeddable":true,"href":"https:\/\/www.gaveanews.com\/index.php\/wp-json\/wp\/v2\/media\/158318"}],"wp:attachment":[{"href":"https:\/\/www.gaveanews.com\/index.php\/wp-json\/wp\/v2\/media?parent=245580"}],"wp:term":[{"taxonomy":"category","embeddable":true,"href":"https:\/\/www.gaveanews.com\/index.php\/wp-json\/wp\/v2\/categories?post=245580"},{"taxonomy":"post_tag","embeddable":true,"href":"https:\/\/www.gaveanews.com\/index.php\/wp-json\/wp\/v2\/tags?post=245580"}],"curies":[{"name":"wp","href":"https:\/\/api.w.org\/{rel}","templated":true}]}}