{"id":245584,"date":"2025-03-27T18:50:00","date_gmt":"2025-03-27T21:50:00","guid":{"rendered":"https:\/\/www.gaveanews.com\/?p=245584"},"modified":"2025-03-27T17:21:10","modified_gmt":"2025-03-27T20:21:10","slug":"mais-um-atacante-vai-deixar-o-athletico-pr","status":"publish","type":"post","link":"https:\/\/www.gaveanews.com\/index.php\/2025\/03\/27\/mais-um-atacante-vai-deixar-o-athletico-pr\/","title":{"rendered":"Mais um atacante vai deixar o Athletico-PR"},"content":{"rendered":"\n<p>Ap\u00f3s a recente libera\u00e7\u00e3o de Matheus Babi para o Juventude, o Athletico continua seu processo de reestrutura\u00e7\u00e3o e colocou o atacante chileno Luciano Arriagada, de 22 anos, no mercado de transfer\u00eancias. Informa\u00e7\u00f5es do jornalista Vinicius Furlan indicam que clubes das S\u00e9ries B e C do Campeonato Brasileiro demonstraram interesse inicial no jogador, mas nenhuma proposta oficial foi formalizada at\u00e9 o momento.<\/p>\n\n\n\n<p>Arriagada, que chegou ao Athletico-PR sem custos em agosto de 2022 ap\u00f3s n\u00e3o renovar com o Colo-Colo, assinou contrato v\u00e1lido at\u00e9 dezembro de 2025. Apesar das expectativas, o atacante n\u00e3o conseguiu se firmar na equipe principal. Em 2025, por exemplo, participou apenas de cinco partidas, totalizando menos de 90 minutos em campo e registrando uma assist\u00eancia. Sua \u00faltima apari\u00e7\u00e3o foi em 12 de fevereiro, atuando por 13 minutos no empate contra o Cascavel.<\/p>\n\n\n\n<p>Internamente, Arriagada n\u00e3o faz parte dos planos do t\u00e9cnico Maur\u00edcio Barbieri, que busca otimizar a folha salarial e ajustar o elenco conforme suas prefer\u00eancias t\u00e1ticas. A diretoria do Furac\u00e3o est\u00e1 aberta a negocia\u00e7\u00f5es e aguarda propostas concretas para definir o futuro do atleta.<\/p>\n\n\n\n<h2 class=\"wp-block-heading\" id=\"h-negociacao-de-matheus-babi\">Negocia\u00e7\u00e3o de Matheus Babi<\/h2>\n\n\n\n<p>O Athletico encaminhou a transfer\u00eancia definitiva do atacante Matheus Babi, de 27 anos, para o Juventude &#8211; que disputar\u00e1 a S\u00e9rie A neste ano. O jogador viajou na ter\u00e7a-feira (25) para se apresentar ao clube ga\u00facho, realizar exames m\u00e9dicos e assinar o contrato. <\/p>\n\n\n\n<p>Babi chegou ao Athletico em 2021, disputando 23 partidas e marcando quatro gols. Posteriormente, foi emprestado ao Santa Clara, de Portugal, e ao Goi\u00e1s, em 2023. Em 2024, o atacante foi cedido ao Pe\u00f1arol, do Uruguai.<\/p>\n\n\n\n<p>Ao todo, Matheus Babi acumulou 31 jogos e seis gols pelo Furac\u00e3o. Com a transfer\u00eancia para o Juventude, o jogador busca retomar a regularidade e contribuir para a campanha do clube no Campeonato Brasileiro, que inicia neste s\u00e1bado. O Pap\u00e3o estreia na competi\u00e7\u00e3o \u00e0s 18h30 diante do Vit\u00f3ria, no Alfredo Jaconi.<\/p>\n","protected":false},"excerpt":{"rendered":"<p>Ap\u00f3s a recente libera\u00e7\u00e3o de Matheus Babi para o Juventude, o Athletico continua seu processo de reestrutura\u00e7\u00e3o e colocou o atacante chileno Luciano Arriagada, de 22 anos, no mercado de transfer\u00eancias. Informa\u00e7\u00f5es do jornalista Vinicius Furlan indicam que clubes das S\u00e9ries B e C do Campeonato Brasileiro demonstraram interesse inicial no jogador, mas nenhuma proposta [&hellip;]<\/p>\n","protected":false},"author":30,"featured_media":208155,"comment_status":"open","ping_status":"closed","sticky":false,"template":"","format":"standard","meta":{"footnotes":""},"categories":[134,133],"tags":[],"class_list":["post-245584","post","type-post","status-publish","format-standard","has-post-thumbnail","hentry","category-athletico-pr","category-brasileirao"],"yoast_head":"<!-- This site is optimized with the Yoast SEO Premium plugin v24.2 (Yoast SEO v26.9) - https:\/\/yoast.com\/product\/yoast-seo-premium-wordpress\/ -->\n<title>Mais um atacante vai deixar o Athletico-PR<\/title>\n<meta name=\"robots\" content=\"index, follow, max-snippet:-1, max-image-preview:large, max-video-preview:-1\" \/>\n<link rel=\"canonical\" href=\"https:\/\/www.gaveanews.com\/index.php\/2025\/03\/27\/mais-um-atacante-vai-deixar-o-athletico-pr\/\" \/>\n<meta property=\"og:locale\" content=\"pt_BR\" \/>\n<meta property=\"og:type\" content=\"article\" \/>\n<meta property=\"og:title\" content=\"Mais um atacante vai deixar o Athletico-PR\" \/>\n<meta property=\"og:description\" content=\"Ap\u00f3s a recente libera\u00e7\u00e3o de Matheus Babi para o Juventude, o Athletico continua seu processo de reestrutura\u00e7\u00e3o e colocou o atacante chileno Luciano Arriagada, de 22 anos, no mercado de transfer\u00eancias. Informa\u00e7\u00f5es do jornalista Vinicius Furlan indicam que clubes das S\u00e9ries B e C do Campeonato Brasileiro demonstraram interesse inicial no jogador, mas nenhuma proposta [&hellip;]\" \/>\n<meta property=\"og:url\" content=\"https:\/\/www.gaveanews.com\/index.php\/2025\/03\/27\/mais-um-atacante-vai-deixar-o-athletico-pr\/\" \/>\n<meta property=\"og:site_name\" content=\"G\u00e1vea News\" \/>\n<meta property=\"article:publisher\" content=\"https:\/\/facebook.com\/gaveaNews\/\" \/>\n<meta property=\"article:published_time\" content=\"2025-03-27T21:50:00+00:00\" \/>\n<meta property=\"og:image\" content=\"https:\/\/www.gaveanews.com\/wp-content\/uploads\/Atheltico-PR-bandeirinha.webp\" \/>\n\t<meta property=\"og:image:width\" content=\"1600\" \/>\n\t<meta property=\"og:image:height\" content=\"888\" \/>\n\t<meta property=\"og:image:type\" content=\"image\/jpeg\" \/>\n<meta name=\"author\" content=\"Ana Teixeira\" \/>\n<meta name=\"twitter:card\" content=\"summary_large_image\" \/>\n<meta name=\"twitter:label1\" content=\"Escrito por\" \/>\n\t<meta name=\"twitter:data1\" content=\"Ana Teixeira\" \/>\n\t<meta name=\"twitter:label2\" content=\"Est. tempo de leitura\" \/>\n\t<meta name=\"twitter:data2\" content=\"2 minutos\" \/>\n<script type=\"application\/ld+json\" class=\"yoast-schema-graph\">{\"@context\":\"https:\/\/schema.org\",\"@graph\":[{\"@type\":\"NewsArticle\",\"@id\":\"https:\/\/www.gaveanews.com\/index.php\/2025\/03\/27\/mais-um-atacante-vai-deixar-o-athletico-pr\/#article\",\"isPartOf\":{\"@id\":\"https:\/\/www.gaveanews.com\/index.php\/2025\/03\/27\/mais-um-atacante-vai-deixar-o-athletico-pr\/\"},\"author\":{\"name\":\"Ana Teixeira\",\"@id\":\"https:\/\/www.gaveanews.com\/#\/schema\/person\/3b19f7288b0ce20372991275e4f2e6c2\"},\"headline\":\"Mais um atacante vai deixar o Athletico-PR\",\"datePublished\":\"2025-03-27T21:50:00+00:00\",\"mainEntityOfPage\":{\"@id\":\"https:\/\/www.gaveanews.com\/index.php\/2025\/03\/27\/mais-um-atacante-vai-deixar-o-athletico-pr\/\"},\"wordCount\":337,\"commentCount\":0,\"image\":{\"@id\":\"https:\/\/www.gaveanews.com\/index.php\/2025\/03\/27\/mais-um-atacante-vai-deixar-o-athletico-pr\/#primaryimage\"},\"thumbnailUrl\":\"https:\/\/www.gaveanews.com\/wp-content\/uploads\/Atheltico-PR-bandeirinha.webp\",\"articleSection\":[\"Athletico-PR\",\"Brasileir\u00e3o\"],\"inLanguage\":\"pt-BR\",\"potentialAction\":[{\"@type\":\"CommentAction\",\"name\":\"Comment\",\"target\":[\"https:\/\/www.gaveanews.com\/index.php\/2025\/03\/27\/mais-um-atacante-vai-deixar-o-athletico-pr\/#respond\"]}],\"copyrightYear\":\"2025\",\"copyrightHolder\":{\"@id\":\"https:\/\/www.gaveanews.com\/#organization\"}},{\"@type\":\"WebPage\",\"@id\":\"https:\/\/www.gaveanews.com\/index.php\/2025\/03\/27\/mais-um-atacante-vai-deixar-o-athletico-pr\/\",\"url\":\"https:\/\/www.gaveanews.com\/index.php\/2025\/03\/27\/mais-um-atacante-vai-deixar-o-athletico-pr\/\",\"name\":\"Mais um atacante vai deixar o Athletico-PR\",\"isPartOf\":{\"@id\":\"https:\/\/www.gaveanews.com\/#website\"},\"primaryImageOfPage\":{\"@id\":\"https:\/\/www.gaveanews.com\/index.php\/2025\/03\/27\/mais-um-atacante-vai-deixar-o-athletico-pr\/#primaryimage\"},\"image\":{\"@id\":\"https:\/\/www.gaveanews.com\/index.php\/2025\/03\/27\/mais-um-atacante-vai-deixar-o-athletico-pr\/#primaryimage\"},\"thumbnailUrl\":\"https:\/\/www.gaveanews.com\/wp-content\/uploads\/Atheltico-PR-bandeirinha.webp\",\"datePublished\":\"2025-03-27T21:50:00+00:00\",\"author\":{\"@id\":\"https:\/\/www.gaveanews.com\/#\/schema\/person\/3b19f7288b0ce20372991275e4f2e6c2\"},\"breadcrumb\":{\"@id\":\"https:\/\/www.gaveanews.com\/index.php\/2025\/03\/27\/mais-um-atacante-vai-deixar-o-athletico-pr\/#breadcrumb\"},\"inLanguage\":\"pt-BR\",\"potentialAction\":[{\"@type\":\"ReadAction\",\"target\":[\"https:\/\/www.gaveanews.com\/index.php\/2025\/03\/27\/mais-um-atacante-vai-deixar-o-athletico-pr\/\"]}]},{\"@type\":\"ImageObject\",\"inLanguage\":\"pt-BR\",\"@id\":\"https:\/\/www.gaveanews.com\/index.php\/2025\/03\/27\/mais-um-atacante-vai-deixar-o-athletico-pr\/#primaryimage\",\"url\":\"https:\/\/www.gaveanews.com\/wp-content\/uploads\/Atheltico-PR-bandeirinha.webp\",\"contentUrl\":\"https:\/\/www.gaveanews.com\/wp-content\/uploads\/Atheltico-PR-bandeirinha.webp\",\"width\":1600,\"height\":888,\"caption\":\"Atheltico-PR bandeirinha (Foto: Reprodu\u00e7\u00e3o\/Athletico)\"},{\"@type\":\"BreadcrumbList\",\"@id\":\"https:\/\/www.gaveanews.com\/index.php\/2025\/03\/27\/mais-um-atacante-vai-deixar-o-athletico-pr\/#breadcrumb\",\"itemListElement\":[{\"@type\":\"ListItem\",\"position\":1,\"name\":\"Home\",\"item\":\"https:\/\/www.gaveanews.com\/\"},{\"@type\":\"ListItem\",\"position\":2,\"name\":\"Mais um atacante vai deixar o Athletico-PR\"}]},{\"@type\":\"WebSite\",\"@id\":\"https:\/\/www.gaveanews.com\/#website\",\"url\":\"https:\/\/www.gaveanews.com\/\",\"name\":\"G\u00e1vea News\",\"description\":\"Veja todas as not\u00edcias sobre o Flamengo: Contrata\u00e7\u00f5es, categorias de base, resultados das partidas, tabela de classifica\u00e7\u00e3o, pr\u00f3ximos jogos!\",\"potentialAction\":[{\"@type\":\"SearchAction\",\"target\":{\"@type\":\"EntryPoint\",\"urlTemplate\":\"https:\/\/www.gaveanews.com\/?s={search_term_string}\"},\"query-input\":{\"@type\":\"PropertyValueSpecification\",\"valueRequired\":true,\"valueName\":\"search_term_string\"}}],\"inLanguage\":\"pt-BR\"},{\"@type\":\"Person\",\"@id\":\"https:\/\/www.gaveanews.com\/#\/schema\/person\/3b19f7288b0ce20372991275e4f2e6c2\",\"name\":\"Ana Teixeira\",\"image\":{\"@type\":\"ImageObject\",\"inLanguage\":\"pt-BR\",\"@id\":\"https:\/\/www.gaveanews.com\/#\/schema\/person\/image\/\",\"url\":\"https:\/\/secure.gravatar.com\/avatar\/0a73f5a5258f3fed37fc2fa641892f3f7a4748456d4d4792f9bc550e6c19e06c?s=96&d=mm&r=g\",\"contentUrl\":\"https:\/\/secure.gravatar.com\/avatar\/0a73f5a5258f3fed37fc2fa641892f3f7a4748456d4d4792f9bc550e6c19e06c?s=96&d=mm&r=g\",\"caption\":\"Ana Teixeira\"}}]}<\/script>\n<!-- \/ Yoast SEO Premium plugin. -->","yoast_head_json":{"title":"Mais um atacante vai deixar o Athletico-PR","robots":{"index":"index","follow":"follow","max-snippet":"max-snippet:-1","max-image-preview":"max-image-preview:large","max-video-preview":"max-video-preview:-1"},"canonical":"https:\/\/www.gaveanews.com\/index.php\/2025\/03\/27\/mais-um-atacante-vai-deixar-o-athletico-pr\/","og_locale":"pt_BR","og_type":"article","og_title":"Mais um atacante vai deixar o Athletico-PR","og_description":"Ap\u00f3s a recente libera\u00e7\u00e3o de Matheus Babi para o Juventude, o Athletico continua seu processo de reestrutura\u00e7\u00e3o e colocou o atacante chileno Luciano Arriagada, de 22 anos, no mercado de transfer\u00eancias. Informa\u00e7\u00f5es do jornalista Vinicius Furlan indicam que clubes das S\u00e9ries B e C do Campeonato Brasileiro demonstraram interesse inicial no jogador, mas nenhuma proposta [&hellip;]","og_url":"https:\/\/www.gaveanews.com\/index.php\/2025\/03\/27\/mais-um-atacante-vai-deixar-o-athletico-pr\/","og_site_name":"G\u00e1vea News","article_publisher":"https:\/\/facebook.com\/gaveaNews\/","article_published_time":"2025-03-27T21:50:00+00:00","og_image":[{"width":1600,"height":888,"url":"https:\/\/www.gaveanews.com\/wp-content\/uploads\/Atheltico-PR-bandeirinha.webp","type":"image\/jpeg"}],"author":"Ana Teixeira","twitter_card":"summary_large_image","twitter_misc":{"Escrito por":"Ana Teixeira","Est. tempo de leitura":"2 minutos"},"schema":{"@context":"https:\/\/schema.org","@graph":[{"@type":"NewsArticle","@id":"https:\/\/www.gaveanews.com\/index.php\/2025\/03\/27\/mais-um-atacante-vai-deixar-o-athletico-pr\/#article","isPartOf":{"@id":"https:\/\/www.gaveanews.com\/index.php\/2025\/03\/27\/mais-um-atacante-vai-deixar-o-athletico-pr\/"},"author":{"name":"Ana Teixeira","@id":"https:\/\/www.gaveanews.com\/#\/schema\/person\/3b19f7288b0ce20372991275e4f2e6c2"},"headline":"Mais um atacante vai deixar o Athletico-PR","datePublished":"2025-03-27T21:50:00+00:00","mainEntityOfPage":{"@id":"https:\/\/www.gaveanews.com\/index.php\/2025\/03\/27\/mais-um-atacante-vai-deixar-o-athletico-pr\/"},"wordCount":337,"commentCount":0,"image":{"@id":"https:\/\/www.gaveanews.com\/index.php\/2025\/03\/27\/mais-um-atacante-vai-deixar-o-athletico-pr\/#primaryimage"},"thumbnailUrl":"https:\/\/www.gaveanews.com\/wp-content\/uploads\/Atheltico-PR-bandeirinha.webp","articleSection":["Athletico-PR","Brasileir\u00e3o"],"inLanguage":"pt-BR","potentialAction":[{"@type":"CommentAction","name":"Comment","target":["https:\/\/www.gaveanews.com\/index.php\/2025\/03\/27\/mais-um-atacante-vai-deixar-o-athletico-pr\/#respond"]}],"copyrightYear":"2025","copyrightHolder":{"@id":"https:\/\/www.gaveanews.com\/#organization"}},{"@type":"WebPage","@id":"https:\/\/www.gaveanews.com\/index.php\/2025\/03\/27\/mais-um-atacante-vai-deixar-o-athletico-pr\/","url":"https:\/\/www.gaveanews.com\/index.php\/2025\/03\/27\/mais-um-atacante-vai-deixar-o-athletico-pr\/","name":"Mais um atacante vai deixar o Athletico-PR","isPartOf":{"@id":"https:\/\/www.gaveanews.com\/#website"},"primaryImageOfPage":{"@id":"https:\/\/www.gaveanews.com\/index.php\/2025\/03\/27\/mais-um-atacante-vai-deixar-o-athletico-pr\/#primaryimage"},"image":{"@id":"https:\/\/www.gaveanews.com\/index.php\/2025\/03\/27\/mais-um-atacante-vai-deixar-o-athletico-pr\/#primaryimage"},"thumbnailUrl":"https:\/\/www.gaveanews.com\/wp-content\/uploads\/Atheltico-PR-bandeirinha.webp","datePublished":"2025-03-27T21:50:00+00:00","author":{"@id":"https:\/\/www.gaveanews.com\/#\/schema\/person\/3b19f7288b0ce20372991275e4f2e6c2"},"breadcrumb":{"@id":"https:\/\/www.gaveanews.com\/index.php\/2025\/03\/27\/mais-um-atacante-vai-deixar-o-athletico-pr\/#breadcrumb"},"inLanguage":"pt-BR","potentialAction":[{"@type":"ReadAction","target":["https:\/\/www.gaveanews.com\/index.php\/2025\/03\/27\/mais-um-atacante-vai-deixar-o-athletico-pr\/"]}]},{"@type":"ImageObject","inLanguage":"pt-BR","@id":"https:\/\/www.gaveanews.com\/index.php\/2025\/03\/27\/mais-um-atacante-vai-deixar-o-athletico-pr\/#primaryimage","url":"https:\/\/www.gaveanews.com\/wp-content\/uploads\/Atheltico-PR-bandeirinha.webp","contentUrl":"https:\/\/www.gaveanews.com\/wp-content\/uploads\/Atheltico-PR-bandeirinha.webp","width":1600,"height":888,"caption":"Atheltico-PR bandeirinha (Foto: Reprodu\u00e7\u00e3o\/Athletico)"},{"@type":"BreadcrumbList","@id":"https:\/\/www.gaveanews.com\/index.php\/2025\/03\/27\/mais-um-atacante-vai-deixar-o-athletico-pr\/#breadcrumb","itemListElement":[{"@type":"ListItem","position":1,"name":"Home","item":"https:\/\/www.gaveanews.com\/"},{"@type":"ListItem","position":2,"name":"Mais um atacante vai deixar o Athletico-PR"}]},{"@type":"WebSite","@id":"https:\/\/www.gaveanews.com\/#website","url":"https:\/\/www.gaveanews.com\/","name":"G\u00e1vea News","description":"Veja todas as not\u00edcias sobre o Flamengo: Contrata\u00e7\u00f5es, categorias de base, resultados das partidas, tabela de classifica\u00e7\u00e3o, pr\u00f3ximos jogos!","potentialAction":[{"@type":"SearchAction","target":{"@type":"EntryPoint","urlTemplate":"https:\/\/www.gaveanews.com\/?s={search_term_string}"},"query-input":{"@type":"PropertyValueSpecification","valueRequired":true,"valueName":"search_term_string"}}],"inLanguage":"pt-BR"},{"@type":"Person","@id":"https:\/\/www.gaveanews.com\/#\/schema\/person\/3b19f7288b0ce20372991275e4f2e6c2","name":"Ana Teixeira","image":{"@type":"ImageObject","inLanguage":"pt-BR","@id":"https:\/\/www.gaveanews.com\/#\/schema\/person\/image\/","url":"https:\/\/secure.gravatar.com\/avatar\/0a73f5a5258f3fed37fc2fa641892f3f7a4748456d4d4792f9bc550e6c19e06c?s=96&d=mm&r=g","contentUrl":"https:\/\/secure.gravatar.com\/avatar\/0a73f5a5258f3fed37fc2fa641892f3f7a4748456d4d4792f9bc550e6c19e06c?s=96&d=mm&r=g","caption":"Ana Teixeira"}}]}},"_links":{"self":[{"href":"https:\/\/www.gaveanews.com\/index.php\/wp-json\/wp\/v2\/posts\/245584","targetHints":{"allow":["GET"]}}],"collection":[{"href":"https:\/\/www.gaveanews.com\/index.php\/wp-json\/wp\/v2\/posts"}],"about":[{"href":"https:\/\/www.gaveanews.com\/index.php\/wp-json\/wp\/v2\/types\/post"}],"author":[{"embeddable":true,"href":"https:\/\/www.gaveanews.com\/index.php\/wp-json\/wp\/v2\/users\/30"}],"replies":[{"embeddable":true,"href":"https:\/\/www.gaveanews.com\/index.php\/wp-json\/wp\/v2\/comments?post=245584"}],"version-history":[{"count":1,"href":"https:\/\/www.gaveanews.com\/index.php\/wp-json\/wp\/v2\/posts\/245584\/revisions"}],"predecessor-version":[{"id":245604,"href":"https:\/\/www.gaveanews.com\/index.php\/wp-json\/wp\/v2\/posts\/245584\/revisions\/245604"}],"wp:featuredmedia":[{"embeddable":true,"href":"https:\/\/www.gaveanews.com\/index.php\/wp-json\/wp\/v2\/media\/208155"}],"wp:attachment":[{"href":"https:\/\/www.gaveanews.com\/index.php\/wp-json\/wp\/v2\/media?parent=245584"}],"wp:term":[{"taxonomy":"category","embeddable":true,"href":"https:\/\/www.gaveanews.com\/index.php\/wp-json\/wp\/v2\/categories?post=245584"},{"taxonomy":"post_tag","embeddable":true,"href":"https:\/\/www.gaveanews.com\/index.php\/wp-json\/wp\/v2\/tags?post=245584"}],"curies":[{"name":"wp","href":"https:\/\/api.w.org\/{rel}","templated":true}]}}