{"id":245590,"date":"2025-03-27T19:10:00","date_gmt":"2025-03-27T22:10:00","guid":{"rendered":"https:\/\/www.gaveanews.com\/?p=245590"},"modified":"2025-03-27T17:10:34","modified_gmt":"2025-03-27T20:10:34","slug":"juca-kfouri-debocha-de-meia-do-palmeiras-por-conta-da-final-com-o-corinthians","status":"publish","type":"post","link":"https:\/\/www.gaveanews.com\/index.php\/2025\/03\/27\/juca-kfouri-debocha-de-meia-do-palmeiras-por-conta-da-final-com-o-corinthians\/","title":{"rendered":"Juca Kfouri debocha de meia do Palmeiras por conta da final com o Corinthians\u00a0"},"content":{"rendered":"\n<p>A final do Campeonato Paulista entre Palmeiras e Corinthians promete intensas emo\u00e7\u00f5es, mas nos bastidores, uma figura tem gerado bastante discuss\u00e3o: o meio-campista Richard R\u00edos.&nbsp;<\/p>\n\n\n\n<p>Isso porque o jogador ficou de fora da escala\u00e7\u00e3o do Verd\u00e3o para o decisivo confronto contra o rival. A aus\u00eancia de R\u00edos gerou uma cr\u00edtica de Juca Kfouri, que, em tom ir\u00f4nico, fez quest\u00e3o de alfinetar o colombiano.<\/p>\n\n\n\n<h2 class=\"wp-block-heading\" id=\"h-critica-acida-de-kfouri\">Cr\u00edtica \u00e1cida de Kfouri<\/h2>\n\n\n\n<p>A situa\u00e7\u00e3o de Richard R\u00edos n\u00e3o passou despercebida por Juca Kfouri, jornalista conhecido por suas opini\u00f5es afiadas, especialmente sobre o Palmeiras. Por isso, ao comentar sobre o elenco do Corinthians, Kfouri n\u00e3o perdeu a oportunidade de ironizar a falta de seriedade de R\u00edos, cujas atua\u00e7\u00f5es nos cl\u00e1ssicos n\u00e3o t\u00eam agradado a muitos.&nbsp;<\/p>\n\n\n\n<p>Ele tem sido uma m\u00e3e nos \u00faltimos d\u00e9rbis. Se ele n\u00e3o jogar, \u00e9 algo que vai fazer falta em Itaquera&#8221;, afirmou o comunicador durante o programa Fim de Papo, do UOL Esporte.<\/p>\n\n\n\n<p>Kfouri utilizou o tom de brincadeira para lan\u00e7ar a alfinetada, deixando claro que, na sua vis\u00e3o, a aus\u00eancia do colombiano n\u00e3o \u00e9 uma perda significativa para o Palmeiras.&nbsp;<\/p>\n\n\n\n<p>Sendo assim, o jornalista aproveitou para colocar o foco em R\u00edos, que, segundo ele, tem sido respons\u00e1vel por falhas importantes nas \u00faltimas disputas contra o rival alvinegro.<\/p>\n\n\n\n<h2 class=\"wp-block-heading\" id=\"h-polemicas-envolvendo-richard-rios\">Pol\u00eamicas envolvendo Richard R\u00edos<\/h2>\n\n\n\n<p>Richard R\u00edos, apesar de ser um dos jogadores que comp\u00f5em o esquema t\u00e1tico de Abel Ferreira, tem sido alvo de cr\u00edticas pela torcida e especialistas, principalmente devido a alguns erros cometidos em jogos decisivos.&nbsp;<\/p>\n\n\n\n<p>Vale destacar que o ex-jogador Zinho tamb\u00e9m cobrou maior seriedade do colombiano, sugerindo que ele deveria apresentar mais consist\u00eancia em cl\u00e1ssicos e momentos de press\u00e3o. Essa cobran\u00e7a aumenta a press\u00e3o sobre R\u00edos, que ter\u00e1 que buscar a recupera\u00e7\u00e3o se voltar a ser escalado no futuro.<\/p>\n\n\n\n<p>Com isso, a aus\u00eancia de R\u00edos no confronto contra o Corinthians deixou o t\u00e9cnico Abel Ferreira com a responsabilidade de corrigir o time, incluindo op\u00e7\u00f5es no meio-campo para fortalecer a equipe na final.&nbsp;<\/p>\n","protected":false},"excerpt":{"rendered":"<p>A final do Campeonato Paulista entre Palmeiras e Corinthians promete intensas emo\u00e7\u00f5es, mas nos bastidores, uma figura tem gerado bastante discuss\u00e3o: o meio-campista Richard R\u00edos.&nbsp; Isso porque o jogador ficou de fora da escala\u00e7\u00e3o do Verd\u00e3o para o decisivo confronto contra o rival. A aus\u00eancia de R\u00edos gerou uma cr\u00edtica de Juca Kfouri, que, em [&hellip;]<\/p>\n","protected":false},"author":25,"featured_media":99564,"comment_status":"open","ping_status":"closed","sticky":false,"template":"","format":"standard","meta":{"footnotes":""},"categories":[150],"tags":[],"class_list":["post-245590","post","type-post","status-publish","format-standard","has-post-thumbnail","hentry","category-palmeiras"],"yoast_head":"<!-- This site is optimized with the Yoast SEO Premium plugin v24.2 (Yoast SEO v26.9) - https:\/\/yoast.com\/product\/yoast-seo-premium-wordpress\/ -->\n<title>Juca Kfouri debocha de meia do Palmeiras por conta da final com o Corinthians\u00a0<\/title>\n<meta name=\"robots\" content=\"index, follow, max-snippet:-1, max-image-preview:large, max-video-preview:-1\" \/>\n<link rel=\"canonical\" href=\"https:\/\/www.gaveanews.com\/index.php\/2025\/03\/27\/juca-kfouri-debocha-de-meia-do-palmeiras-por-conta-da-final-com-o-corinthians\/\" \/>\n<meta property=\"og:locale\" content=\"pt_BR\" \/>\n<meta property=\"og:type\" content=\"article\" \/>\n<meta property=\"og:title\" content=\"Juca Kfouri debocha de meia do Palmeiras por conta da final com o Corinthians\u00a0\" \/>\n<meta property=\"og:description\" content=\"A final do Campeonato Paulista entre Palmeiras e Corinthians promete intensas emo\u00e7\u00f5es, mas nos bastidores, uma figura tem gerado bastante discuss\u00e3o: o meio-campista Richard R\u00edos.&nbsp; Isso porque o jogador ficou de fora da escala\u00e7\u00e3o do Verd\u00e3o para o decisivo confronto contra o rival. A aus\u00eancia de R\u00edos gerou uma cr\u00edtica de Juca Kfouri, que, em [&hellip;]\" \/>\n<meta property=\"og:url\" content=\"https:\/\/www.gaveanews.com\/index.php\/2025\/03\/27\/juca-kfouri-debocha-de-meia-do-palmeiras-por-conta-da-final-com-o-corinthians\/\" \/>\n<meta property=\"og:site_name\" content=\"G\u00e1vea News\" \/>\n<meta property=\"article:publisher\" content=\"https:\/\/facebook.com\/gaveaNews\/\" \/>\n<meta property=\"article:published_time\" content=\"2025-03-27T22:10:00+00:00\" \/>\n<meta property=\"og:image\" content=\"https:\/\/www.gaveanews.com\/wp-content\/uploads\/richard-rios-palmeiras-flamengo.webp\" \/>\n\t<meta property=\"og:image:width\" content=\"785\" \/>\n\t<meta property=\"og:image:height\" content=\"475\" \/>\n\t<meta property=\"og:image:type\" content=\"image\/jpeg\" \/>\n<meta name=\"author\" content=\"Rafaela Ladeira\" \/>\n<meta name=\"twitter:card\" content=\"summary_large_image\" \/>\n<meta name=\"twitter:label1\" content=\"Escrito por\" \/>\n\t<meta name=\"twitter:data1\" content=\"Rafaela Ladeira\" \/>\n\t<meta name=\"twitter:label2\" content=\"Est. tempo de leitura\" \/>\n\t<meta name=\"twitter:data2\" content=\"2 minutos\" \/>\n<script type=\"application\/ld+json\" class=\"yoast-schema-graph\">{\"@context\":\"https:\/\/schema.org\",\"@graph\":[{\"@type\":\"NewsArticle\",\"@id\":\"https:\/\/www.gaveanews.com\/index.php\/2025\/03\/27\/juca-kfouri-debocha-de-meia-do-palmeiras-por-conta-da-final-com-o-corinthians\/#article\",\"isPartOf\":{\"@id\":\"https:\/\/www.gaveanews.com\/index.php\/2025\/03\/27\/juca-kfouri-debocha-de-meia-do-palmeiras-por-conta-da-final-com-o-corinthians\/\"},\"author\":{\"name\":\"Rafaela Ladeira\",\"@id\":\"https:\/\/www.gaveanews.com\/#\/schema\/person\/0eb3e3fe1754f0205218538adbe8f5ed\"},\"headline\":\"Juca Kfouri debocha de meia do Palmeiras por conta da final com o Corinthians\u00a0\",\"datePublished\":\"2025-03-27T22:10:00+00:00\",\"mainEntityOfPage\":{\"@id\":\"https:\/\/www.gaveanews.com\/index.php\/2025\/03\/27\/juca-kfouri-debocha-de-meia-do-palmeiras-por-conta-da-final-com-o-corinthians\/\"},\"wordCount\":387,\"commentCount\":0,\"image\":{\"@id\":\"https:\/\/www.gaveanews.com\/index.php\/2025\/03\/27\/juca-kfouri-debocha-de-meia-do-palmeiras-por-conta-da-final-com-o-corinthians\/#primaryimage\"},\"thumbnailUrl\":\"https:\/\/www.gaveanews.com\/wp-content\/uploads\/richard-rios-palmeiras-flamengo.webp\",\"articleSection\":[\"Palmeiras\"],\"inLanguage\":\"pt-BR\",\"potentialAction\":[{\"@type\":\"CommentAction\",\"name\":\"Comment\",\"target\":[\"https:\/\/www.gaveanews.com\/index.php\/2025\/03\/27\/juca-kfouri-debocha-de-meia-do-palmeiras-por-conta-da-final-com-o-corinthians\/#respond\"]}],\"copyrightYear\":\"2025\",\"copyrightHolder\":{\"@id\":\"https:\/\/www.gaveanews.com\/#organization\"}},{\"@type\":\"WebPage\",\"@id\":\"https:\/\/www.gaveanews.com\/index.php\/2025\/03\/27\/juca-kfouri-debocha-de-meia-do-palmeiras-por-conta-da-final-com-o-corinthians\/\",\"url\":\"https:\/\/www.gaveanews.com\/index.php\/2025\/03\/27\/juca-kfouri-debocha-de-meia-do-palmeiras-por-conta-da-final-com-o-corinthians\/\",\"name\":\"Juca Kfouri debocha de meia do Palmeiras por conta da final com o Corinthians\u00a0\",\"isPartOf\":{\"@id\":\"https:\/\/www.gaveanews.com\/#website\"},\"primaryImageOfPage\":{\"@id\":\"https:\/\/www.gaveanews.com\/index.php\/2025\/03\/27\/juca-kfouri-debocha-de-meia-do-palmeiras-por-conta-da-final-com-o-corinthians\/#primaryimage\"},\"image\":{\"@id\":\"https:\/\/www.gaveanews.com\/index.php\/2025\/03\/27\/juca-kfouri-debocha-de-meia-do-palmeiras-por-conta-da-final-com-o-corinthians\/#primaryimage\"},\"thumbnailUrl\":\"https:\/\/www.gaveanews.com\/wp-content\/uploads\/richard-rios-palmeiras-flamengo.webp\",\"datePublished\":\"2025-03-27T22:10:00+00:00\",\"author\":{\"@id\":\"https:\/\/www.gaveanews.com\/#\/schema\/person\/0eb3e3fe1754f0205218538adbe8f5ed\"},\"breadcrumb\":{\"@id\":\"https:\/\/www.gaveanews.com\/index.php\/2025\/03\/27\/juca-kfouri-debocha-de-meia-do-palmeiras-por-conta-da-final-com-o-corinthians\/#breadcrumb\"},\"inLanguage\":\"pt-BR\",\"potentialAction\":[{\"@type\":\"ReadAction\",\"target\":[\"https:\/\/www.gaveanews.com\/index.php\/2025\/03\/27\/juca-kfouri-debocha-de-meia-do-palmeiras-por-conta-da-final-com-o-corinthians\/\"]}]},{\"@type\":\"ImageObject\",\"inLanguage\":\"pt-BR\",\"@id\":\"https:\/\/www.gaveanews.com\/index.php\/2025\/03\/27\/juca-kfouri-debocha-de-meia-do-palmeiras-por-conta-da-final-com-o-corinthians\/#primaryimage\",\"url\":\"https:\/\/www.gaveanews.com\/wp-content\/uploads\/richard-rios-palmeiras-flamengo.webp\",\"contentUrl\":\"https:\/\/www.gaveanews.com\/wp-content\/uploads\/richard-rios-palmeiras-flamengo.webp\",\"width\":785,\"height\":475,\"caption\":\"Richard R\u00edos em a\u00e7\u00e3o pelo Palmeiras (Foto: Cesar Greco\/Palmeiras)\"},{\"@type\":\"BreadcrumbList\",\"@id\":\"https:\/\/www.gaveanews.com\/index.php\/2025\/03\/27\/juca-kfouri-debocha-de-meia-do-palmeiras-por-conta-da-final-com-o-corinthians\/#breadcrumb\",\"itemListElement\":[{\"@type\":\"ListItem\",\"position\":1,\"name\":\"Home\",\"item\":\"https:\/\/www.gaveanews.com\/\"},{\"@type\":\"ListItem\",\"position\":2,\"name\":\"Juca Kfouri debocha de meia do Palmeiras por conta da final com o Corinthians\u00a0\"}]},{\"@type\":\"WebSite\",\"@id\":\"https:\/\/www.gaveanews.com\/#website\",\"url\":\"https:\/\/www.gaveanews.com\/\",\"name\":\"G\u00e1vea News\",\"description\":\"Veja todas as not\u00edcias sobre o Flamengo: Contrata\u00e7\u00f5es, categorias de base, resultados das partidas, tabela de classifica\u00e7\u00e3o, pr\u00f3ximos jogos!\",\"potentialAction\":[{\"@type\":\"SearchAction\",\"target\":{\"@type\":\"EntryPoint\",\"urlTemplate\":\"https:\/\/www.gaveanews.com\/?s={search_term_string}\"},\"query-input\":{\"@type\":\"PropertyValueSpecification\",\"valueRequired\":true,\"valueName\":\"search_term_string\"}}],\"inLanguage\":\"pt-BR\"},{\"@type\":\"Person\",\"@id\":\"https:\/\/www.gaveanews.com\/#\/schema\/person\/0eb3e3fe1754f0205218538adbe8f5ed\",\"name\":\"Rafaela Ladeira\",\"image\":{\"@type\":\"ImageObject\",\"inLanguage\":\"pt-BR\",\"@id\":\"https:\/\/www.gaveanews.com\/#\/schema\/person\/image\/\",\"url\":\"https:\/\/secure.gravatar.com\/avatar\/c31f513acffd85eacab5730cbdfdbbf59f21ba5aeada8cd890acea879fbb2455?s=96&d=mm&r=g\",\"contentUrl\":\"https:\/\/secure.gravatar.com\/avatar\/c31f513acffd85eacab5730cbdfdbbf59f21ba5aeada8cd890acea879fbb2455?s=96&d=mm&r=g\",\"caption\":\"Rafaela Ladeira\"}}]}<\/script>\n<!-- \/ Yoast SEO Premium plugin. -->","yoast_head_json":{"title":"Juca Kfouri debocha de meia do Palmeiras por conta da final com o Corinthians\u00a0","robots":{"index":"index","follow":"follow","max-snippet":"max-snippet:-1","max-image-preview":"max-image-preview:large","max-video-preview":"max-video-preview:-1"},"canonical":"https:\/\/www.gaveanews.com\/index.php\/2025\/03\/27\/juca-kfouri-debocha-de-meia-do-palmeiras-por-conta-da-final-com-o-corinthians\/","og_locale":"pt_BR","og_type":"article","og_title":"Juca Kfouri debocha de meia do Palmeiras por conta da final com o Corinthians\u00a0","og_description":"A final do Campeonato Paulista entre Palmeiras e Corinthians promete intensas emo\u00e7\u00f5es, mas nos bastidores, uma figura tem gerado bastante discuss\u00e3o: o meio-campista Richard R\u00edos.&nbsp; Isso porque o jogador ficou de fora da escala\u00e7\u00e3o do Verd\u00e3o para o decisivo confronto contra o rival. A aus\u00eancia de R\u00edos gerou uma cr\u00edtica de Juca Kfouri, que, em [&hellip;]","og_url":"https:\/\/www.gaveanews.com\/index.php\/2025\/03\/27\/juca-kfouri-debocha-de-meia-do-palmeiras-por-conta-da-final-com-o-corinthians\/","og_site_name":"G\u00e1vea News","article_publisher":"https:\/\/facebook.com\/gaveaNews\/","article_published_time":"2025-03-27T22:10:00+00:00","og_image":[{"width":785,"height":475,"url":"https:\/\/www.gaveanews.com\/wp-content\/uploads\/richard-rios-palmeiras-flamengo.webp","type":"image\/jpeg"}],"author":"Rafaela Ladeira","twitter_card":"summary_large_image","twitter_misc":{"Escrito por":"Rafaela Ladeira","Est. tempo de leitura":"2 minutos"},"schema":{"@context":"https:\/\/schema.org","@graph":[{"@type":"NewsArticle","@id":"https:\/\/www.gaveanews.com\/index.php\/2025\/03\/27\/juca-kfouri-debocha-de-meia-do-palmeiras-por-conta-da-final-com-o-corinthians\/#article","isPartOf":{"@id":"https:\/\/www.gaveanews.com\/index.php\/2025\/03\/27\/juca-kfouri-debocha-de-meia-do-palmeiras-por-conta-da-final-com-o-corinthians\/"},"author":{"name":"Rafaela Ladeira","@id":"https:\/\/www.gaveanews.com\/#\/schema\/person\/0eb3e3fe1754f0205218538adbe8f5ed"},"headline":"Juca Kfouri debocha de meia do Palmeiras por conta da final com o Corinthians\u00a0","datePublished":"2025-03-27T22:10:00+00:00","mainEntityOfPage":{"@id":"https:\/\/www.gaveanews.com\/index.php\/2025\/03\/27\/juca-kfouri-debocha-de-meia-do-palmeiras-por-conta-da-final-com-o-corinthians\/"},"wordCount":387,"commentCount":0,"image":{"@id":"https:\/\/www.gaveanews.com\/index.php\/2025\/03\/27\/juca-kfouri-debocha-de-meia-do-palmeiras-por-conta-da-final-com-o-corinthians\/#primaryimage"},"thumbnailUrl":"https:\/\/www.gaveanews.com\/wp-content\/uploads\/richard-rios-palmeiras-flamengo.webp","articleSection":["Palmeiras"],"inLanguage":"pt-BR","potentialAction":[{"@type":"CommentAction","name":"Comment","target":["https:\/\/www.gaveanews.com\/index.php\/2025\/03\/27\/juca-kfouri-debocha-de-meia-do-palmeiras-por-conta-da-final-com-o-corinthians\/#respond"]}],"copyrightYear":"2025","copyrightHolder":{"@id":"https:\/\/www.gaveanews.com\/#organization"}},{"@type":"WebPage","@id":"https:\/\/www.gaveanews.com\/index.php\/2025\/03\/27\/juca-kfouri-debocha-de-meia-do-palmeiras-por-conta-da-final-com-o-corinthians\/","url":"https:\/\/www.gaveanews.com\/index.php\/2025\/03\/27\/juca-kfouri-debocha-de-meia-do-palmeiras-por-conta-da-final-com-o-corinthians\/","name":"Juca Kfouri debocha de meia do Palmeiras por conta da final com o Corinthians\u00a0","isPartOf":{"@id":"https:\/\/www.gaveanews.com\/#website"},"primaryImageOfPage":{"@id":"https:\/\/www.gaveanews.com\/index.php\/2025\/03\/27\/juca-kfouri-debocha-de-meia-do-palmeiras-por-conta-da-final-com-o-corinthians\/#primaryimage"},"image":{"@id":"https:\/\/www.gaveanews.com\/index.php\/2025\/03\/27\/juca-kfouri-debocha-de-meia-do-palmeiras-por-conta-da-final-com-o-corinthians\/#primaryimage"},"thumbnailUrl":"https:\/\/www.gaveanews.com\/wp-content\/uploads\/richard-rios-palmeiras-flamengo.webp","datePublished":"2025-03-27T22:10:00+00:00","author":{"@id":"https:\/\/www.gaveanews.com\/#\/schema\/person\/0eb3e3fe1754f0205218538adbe8f5ed"},"breadcrumb":{"@id":"https:\/\/www.gaveanews.com\/index.php\/2025\/03\/27\/juca-kfouri-debocha-de-meia-do-palmeiras-por-conta-da-final-com-o-corinthians\/#breadcrumb"},"inLanguage":"pt-BR","potentialAction":[{"@type":"ReadAction","target":["https:\/\/www.gaveanews.com\/index.php\/2025\/03\/27\/juca-kfouri-debocha-de-meia-do-palmeiras-por-conta-da-final-com-o-corinthians\/"]}]},{"@type":"ImageObject","inLanguage":"pt-BR","@id":"https:\/\/www.gaveanews.com\/index.php\/2025\/03\/27\/juca-kfouri-debocha-de-meia-do-palmeiras-por-conta-da-final-com-o-corinthians\/#primaryimage","url":"https:\/\/www.gaveanews.com\/wp-content\/uploads\/richard-rios-palmeiras-flamengo.webp","contentUrl":"https:\/\/www.gaveanews.com\/wp-content\/uploads\/richard-rios-palmeiras-flamengo.webp","width":785,"height":475,"caption":"Richard R\u00edos em a\u00e7\u00e3o pelo Palmeiras (Foto: Cesar Greco\/Palmeiras)"},{"@type":"BreadcrumbList","@id":"https:\/\/www.gaveanews.com\/index.php\/2025\/03\/27\/juca-kfouri-debocha-de-meia-do-palmeiras-por-conta-da-final-com-o-corinthians\/#breadcrumb","itemListElement":[{"@type":"ListItem","position":1,"name":"Home","item":"https:\/\/www.gaveanews.com\/"},{"@type":"ListItem","position":2,"name":"Juca Kfouri debocha de meia do Palmeiras por conta da final com o Corinthians\u00a0"}]},{"@type":"WebSite","@id":"https:\/\/www.gaveanews.com\/#website","url":"https:\/\/www.gaveanews.com\/","name":"G\u00e1vea News","description":"Veja todas as not\u00edcias sobre o Flamengo: Contrata\u00e7\u00f5es, categorias de base, resultados das partidas, tabela de classifica\u00e7\u00e3o, pr\u00f3ximos jogos!","potentialAction":[{"@type":"SearchAction","target":{"@type":"EntryPoint","urlTemplate":"https:\/\/www.gaveanews.com\/?s={search_term_string}"},"query-input":{"@type":"PropertyValueSpecification","valueRequired":true,"valueName":"search_term_string"}}],"inLanguage":"pt-BR"},{"@type":"Person","@id":"https:\/\/www.gaveanews.com\/#\/schema\/person\/0eb3e3fe1754f0205218538adbe8f5ed","name":"Rafaela Ladeira","image":{"@type":"ImageObject","inLanguage":"pt-BR","@id":"https:\/\/www.gaveanews.com\/#\/schema\/person\/image\/","url":"https:\/\/secure.gravatar.com\/avatar\/c31f513acffd85eacab5730cbdfdbbf59f21ba5aeada8cd890acea879fbb2455?s=96&d=mm&r=g","contentUrl":"https:\/\/secure.gravatar.com\/avatar\/c31f513acffd85eacab5730cbdfdbbf59f21ba5aeada8cd890acea879fbb2455?s=96&d=mm&r=g","caption":"Rafaela Ladeira"}}]}},"_links":{"self":[{"href":"https:\/\/www.gaveanews.com\/index.php\/wp-json\/wp\/v2\/posts\/245590","targetHints":{"allow":["GET"]}}],"collection":[{"href":"https:\/\/www.gaveanews.com\/index.php\/wp-json\/wp\/v2\/posts"}],"about":[{"href":"https:\/\/www.gaveanews.com\/index.php\/wp-json\/wp\/v2\/types\/post"}],"author":[{"embeddable":true,"href":"https:\/\/www.gaveanews.com\/index.php\/wp-json\/wp\/v2\/users\/25"}],"replies":[{"embeddable":true,"href":"https:\/\/www.gaveanews.com\/index.php\/wp-json\/wp\/v2\/comments?post=245590"}],"version-history":[{"count":1,"href":"https:\/\/www.gaveanews.com\/index.php\/wp-json\/wp\/v2\/posts\/245590\/revisions"}],"predecessor-version":[{"id":245591,"href":"https:\/\/www.gaveanews.com\/index.php\/wp-json\/wp\/v2\/posts\/245590\/revisions\/245591"}],"wp:featuredmedia":[{"embeddable":true,"href":"https:\/\/www.gaveanews.com\/index.php\/wp-json\/wp\/v2\/media\/99564"}],"wp:attachment":[{"href":"https:\/\/www.gaveanews.com\/index.php\/wp-json\/wp\/v2\/media?parent=245590"}],"wp:term":[{"taxonomy":"category","embeddable":true,"href":"https:\/\/www.gaveanews.com\/index.php\/wp-json\/wp\/v2\/categories?post=245590"},{"taxonomy":"post_tag","embeddable":true,"href":"https:\/\/www.gaveanews.com\/index.php\/wp-json\/wp\/v2\/tags?post=245590"}],"curies":[{"name":"wp","href":"https:\/\/api.w.org\/{rel}","templated":true}]}}