{"id":245605,"date":"2025-03-27T19:40:00","date_gmt":"2025-03-27T22:40:00","guid":{"rendered":"https:\/\/www.gaveanews.com\/?p=245605"},"modified":"2025-03-27T21:05:15","modified_gmt":"2025-03-28T00:05:15","slug":"atacante-deseja-deixar-o-atletico-mg-em-definitivo","status":"publish","type":"post","link":"https:\/\/www.gaveanews.com\/index.php\/2025\/03\/27\/atacante-deseja-deixar-o-atletico-mg-em-definitivo\/","title":{"rendered":"Atacante deseja deixar o Atl\u00e9tico-MG em definitivo"},"content":{"rendered":"\n<p>A poss\u00edvel sa\u00edda de Deyverson do Atl\u00e9tico-MG para o Fortaleza tem movimentado os bastidores do futebol brasileiro. O atacante, de 33 anos, manifestou desejo de deixar o Galo ap\u00f3s receber uma proposta atrativa do time nordestino. Contudo, a situa\u00e7\u00e3o ainda \u00e9 indefinida, e o clube mineiro n\u00e3o descarta a perman\u00eancia do jogador. O desfecho dessa negocia\u00e7\u00e3o depender\u00e1 de condi\u00e7\u00f5es importantes que o Atl\u00e9tico imp\u00f4s.<\/p>\n\n\n\n<h2 class=\"wp-block-heading\" id=\"h-proposta-sedutora-mas-com-restricoes\">Proposta sedutora, mas com restri\u00e7\u00f5es<\/h2>\n\n\n\n<figure class=\"wp-block-image size-large\"><img loading=\"lazy\" decoding=\"async\" width=\"1024\" height=\"768\" src=\"http:\/\/www.gaveanews.com\/wp-content\/uploads\/Deyverson-com-a-camisa-do-Atletico-Mineiro-em-2024-1024x768.webp\" alt=\"\" class=\"wp-image-158213\" srcset=\"https:\/\/www.gaveanews.com\/wp-content\/uploads\/Deyverson-com-a-camisa-do-Atletico-Mineiro-em-2024-1024x768.webp 1024w, https:\/\/www.gaveanews.com\/wp-content\/uploads\/Deyverson-com-a-camisa-do-Atletico-Mineiro-em-2024-300x225.webp 300w, https:\/\/www.gaveanews.com\/wp-content\/uploads\/Deyverson-com-a-camisa-do-Atletico-Mineiro-em-2024-768x576.webp 768w, https:\/\/www.gaveanews.com\/wp-content\/uploads\/Deyverson-com-a-camisa-do-Atletico-Mineiro-em-2024-560x420.webp 560w, https:\/\/www.gaveanews.com\/wp-content\/uploads\/Deyverson-com-a-camisa-do-Atletico-Mineiro-em-2024-1119x840.webp 1119w, https:\/\/www.gaveanews.com\/wp-content\/uploads\/Deyverson-com-a-camisa-do-Atletico-Mineiro-em-2024-80x60.webp 80w, https:\/\/www.gaveanews.com\/wp-content\/uploads\/Deyverson-com-a-camisa-do-Atletico-Mineiro-em-2024-160x120.webp 160w, https:\/\/www.gaveanews.com\/wp-content\/uploads\/Deyverson-com-a-camisa-do-Atletico-Mineiro-em-2024-100x75.webp 100w, https:\/\/www.gaveanews.com\/wp-content\/uploads\/Deyverson-com-a-camisa-do-Atletico-Mineiro-em-2024-200x150.webp 200w, https:\/\/www.gaveanews.com\/wp-content\/uploads\/Deyverson-com-a-camisa-do-Atletico-Mineiro-em-2024-180x135.webp 180w, https:\/\/www.gaveanews.com\/wp-content\/uploads\/Deyverson-com-a-camisa-do-Atletico-Mineiro-em-2024-360x270.webp 360w, https:\/\/www.gaveanews.com\/wp-content\/uploads\/Deyverson-com-a-camisa-do-Atletico-Mineiro-em-2024-238x178.webp 238w, https:\/\/www.gaveanews.com\/wp-content\/uploads\/Deyverson-com-a-camisa-do-Atletico-Mineiro-em-2024-476x356.webp 476w, https:\/\/www.gaveanews.com\/wp-content\/uploads\/Deyverson-com-a-camisa-do-Atletico-Mineiro-em-2024-640x480.webp 640w, https:\/\/www.gaveanews.com\/wp-content\/uploads\/Deyverson-com-a-camisa-do-Atletico-Mineiro-em-2024-1280x960.webp 1280w, https:\/\/www.gaveanews.com\/wp-content\/uploads\/Deyverson-com-a-camisa-do-Atletico-Mineiro-em-2024-681x511.webp 681w, https:\/\/www.gaveanews.com\/wp-content\/uploads\/Deyverson-com-a-camisa-do-Atletico-Mineiro-em-2024.webp 1350w\" sizes=\"auto, (max-width: 1024px) 100vw, 1024px\" \/><figcaption class=\"wp-element-caption\">Deyverson com a camisa do Atl\u00e9tico Mineiro em 2024 (Foto: Divulga\u00e7\u00e3o\/Atl\u00e9tico Mineiro)<\/figcaption><\/figure>\n\n\n\n<p>Deyverson foi seduzido pela oferta financeira do Fortaleza, que, al\u00e9m de um sal\u00e1rio superior ao atual, prop\u00f5e um contrato mais longo. No entanto, o Atl\u00e9tico-MG n\u00e3o est\u00e1 disposto a liberar o atacante sem garantir que todas as condi\u00e7\u00f5es da transa\u00e7\u00e3o sejam favor\u00e1veis para todas as partes envolvidas. <\/p>\n\n\n\n<p>Isso porque, at\u00e9 o momento, apenas Fortaleza e Deyverson est\u00e3o satisfeitos com os termos da negocia\u00e7\u00e3o. Sendo assim, o Galo ainda espera por uma proposta mais vantajosa para finalizar o neg\u00f3cio. Vale destacar que os valores da oferta do time nordestino n\u00e3o foram revelados publicamente.<\/p>\n\n\n\n<p>Para manter o atacante, o Atl\u00e9tico-MG conta com uma cl\u00e1usula de renova\u00e7\u00e3o autom\u00e1tica no contrato de Deyverson, assinada no ano passado. Caso o jogador cumpra as metas estabelecidas para a temporada, o v\u00ednculo ser\u00e1 automaticamente prorrogado por mais 12 meses. Outra possibilidade seria um aumento salarial, embora, como apurou a reportagem, o clube dificilmente igualar\u00e1 a proposta financeira feita pelo Fortaleza.<\/p>\n\n\n\n<h2 class=\"wp-block-heading\" id=\"h-atletico-mg-quer-a-permanencia-de-deyverson\">Atl\u00e9tico-MG quer a perman\u00eancia de Deyverson<\/h2>\n\n\n\n<p>A maior parte da diretoria e da c\u00fapula da SAF do Atl\u00e9tico-MG prefere a perman\u00eancia de Deyverson. Com isso, a negocia\u00e7\u00e3o para manter o atacante no clube depende de um equil\u00edbrio entre o que o jogador deseja e as exig\u00eancias do clube. Por isso, caso n\u00e3o haja uma proposta mais sedutora para o Atl\u00e9tico, o Galo ter\u00e1 que ser flex\u00edvel nas negocia\u00e7\u00f5es.<\/p>\n\n\n\n<p>Deyverson, em sua temporada pelo Atl\u00e9tico-MG, j\u00e1 disputou 33 partidas, com oito gols e duas assist\u00eancias. No entanto, o clube conta com outros sete atacantes, incluindo nomes como Hulk, Rony, e Tom\u00e1s Cuello, o que pode influenciar nas decis\u00f5es sobre a continuidade de Deyverson no elenco.<\/p>\n","protected":false},"excerpt":{"rendered":"<p>A poss\u00edvel sa\u00edda de Deyverson do Atl\u00e9tico-MG para o Fortaleza tem movimentado os bastidores do futebol brasileiro. O atacante, de 33 anos, manifestou desejo de deixar o Galo ap\u00f3s receber uma proposta atrativa do time nordestino. Contudo, a situa\u00e7\u00e3o ainda \u00e9 indefinida, e o clube mineiro n\u00e3o descarta a perman\u00eancia do jogador. O desfecho dessa [&hellip;]<\/p>\n","protected":false},"author":24,"featured_media":153999,"comment_status":"open","ping_status":"closed","sticky":false,"template":"","format":"standard","meta":{"footnotes":""},"categories":[136,146],"tags":[],"class_list":["post-245605","post","type-post","status-publish","format-standard","has-post-thumbnail","hentry","category-atletico-mg","category-fortaleza"],"yoast_head":"<!-- This site is optimized with the Yoast SEO Premium plugin v24.2 (Yoast SEO v26.9) - https:\/\/yoast.com\/product\/yoast-seo-premium-wordpress\/ -->\n<title>Atacante deseja deixar o Atl\u00e9tico-MG em definitivo<\/title>\n<meta name=\"robots\" content=\"index, follow, max-snippet:-1, max-image-preview:large, max-video-preview:-1\" \/>\n<link rel=\"canonical\" href=\"https:\/\/www.gaveanews.com\/index.php\/2025\/03\/27\/atacante-deseja-deixar-o-atletico-mg-em-definitivo\/\" \/>\n<meta property=\"og:locale\" content=\"pt_BR\" \/>\n<meta property=\"og:type\" content=\"article\" \/>\n<meta property=\"og:title\" content=\"Atacante deseja deixar o Atl\u00e9tico-MG em definitivo\" \/>\n<meta property=\"og:description\" content=\"A poss\u00edvel sa\u00edda de Deyverson do Atl\u00e9tico-MG para o Fortaleza tem movimentado os bastidores do futebol brasileiro. O atacante, de 33 anos, manifestou desejo de deixar o Galo ap\u00f3s receber uma proposta atrativa do time nordestino. Contudo, a situa\u00e7\u00e3o ainda \u00e9 indefinida, e o clube mineiro n\u00e3o descarta a perman\u00eancia do jogador. O desfecho dessa [&hellip;]\" \/>\n<meta property=\"og:url\" content=\"https:\/\/www.gaveanews.com\/index.php\/2025\/03\/27\/atacante-deseja-deixar-o-atletico-mg-em-definitivo\/\" \/>\n<meta property=\"og:site_name\" content=\"G\u00e1vea News\" \/>\n<meta property=\"article:publisher\" content=\"https:\/\/facebook.com\/gaveaNews\/\" \/>\n<meta property=\"article:published_time\" content=\"2025-03-27T22:40:00+00:00\" \/>\n<meta property=\"article:modified_time\" content=\"2025-03-28T00:05:15+00:00\" \/>\n<meta property=\"og:image\" content=\"http:\/\/www.gaveanews.com\/wp-content\/uploads\/Estadio-do-Atletico-MG.webp\" \/>\n\t<meta property=\"og:image:width\" content=\"900\" \/>\n\t<meta property=\"og:image:height\" content=\"600\" \/>\n\t<meta property=\"og:image:type\" content=\"image\/webp\" \/>\n<meta name=\"author\" content=\"Leandro Cardoso\" \/>\n<meta name=\"twitter:card\" content=\"summary_large_image\" \/>\n<meta name=\"twitter:label1\" content=\"Escrito por\" \/>\n\t<meta name=\"twitter:data1\" content=\"Leandro Cardoso\" \/>\n\t<meta name=\"twitter:label2\" content=\"Est. tempo de leitura\" \/>\n\t<meta name=\"twitter:data2\" content=\"3 minutos\" \/>\n<script type=\"application\/ld+json\" class=\"yoast-schema-graph\">{\"@context\":\"https:\/\/schema.org\",\"@graph\":[{\"@type\":\"NewsArticle\",\"@id\":\"https:\/\/www.gaveanews.com\/index.php\/2025\/03\/27\/atacante-deseja-deixar-o-atletico-mg-em-definitivo\/#article\",\"isPartOf\":{\"@id\":\"https:\/\/www.gaveanews.com\/index.php\/2025\/03\/27\/atacante-deseja-deixar-o-atletico-mg-em-definitivo\/\"},\"author\":{\"name\":\"Leandro Cardoso\",\"@id\":\"https:\/\/www.gaveanews.com\/#\/schema\/person\/2424ec6409bc3f068411fc5e4e9b6168\"},\"headline\":\"Atacante deseja deixar o Atl\u00e9tico-MG em definitivo\",\"datePublished\":\"2025-03-27T22:40:00+00:00\",\"dateModified\":\"2025-03-28T00:05:15+00:00\",\"mainEntityOfPage\":{\"@id\":\"https:\/\/www.gaveanews.com\/index.php\/2025\/03\/27\/atacante-deseja-deixar-o-atletico-mg-em-definitivo\/\"},\"wordCount\":400,\"commentCount\":0,\"image\":{\"@id\":\"https:\/\/www.gaveanews.com\/index.php\/2025\/03\/27\/atacante-deseja-deixar-o-atletico-mg-em-definitivo\/#primaryimage\"},\"thumbnailUrl\":\"https:\/\/www.gaveanews.com\/wp-content\/uploads\/Estadio-do-Atletico-MG.webp\",\"articleSection\":[\"Atl\u00e9tico-MG\",\"Fortaleza\"],\"inLanguage\":\"pt-BR\",\"potentialAction\":[{\"@type\":\"CommentAction\",\"name\":\"Comment\",\"target\":[\"https:\/\/www.gaveanews.com\/index.php\/2025\/03\/27\/atacante-deseja-deixar-o-atletico-mg-em-definitivo\/#respond\"]}],\"copyrightYear\":\"2025\",\"copyrightHolder\":{\"@id\":\"https:\/\/www.gaveanews.com\/#organization\"}},{\"@type\":\"WebPage\",\"@id\":\"https:\/\/www.gaveanews.com\/index.php\/2025\/03\/27\/atacante-deseja-deixar-o-atletico-mg-em-definitivo\/\",\"url\":\"https:\/\/www.gaveanews.com\/index.php\/2025\/03\/27\/atacante-deseja-deixar-o-atletico-mg-em-definitivo\/\",\"name\":\"Atacante deseja deixar o Atl\u00e9tico-MG em definitivo\",\"isPartOf\":{\"@id\":\"https:\/\/www.gaveanews.com\/#website\"},\"primaryImageOfPage\":{\"@id\":\"https:\/\/www.gaveanews.com\/index.php\/2025\/03\/27\/atacante-deseja-deixar-o-atletico-mg-em-definitivo\/#primaryimage\"},\"image\":{\"@id\":\"https:\/\/www.gaveanews.com\/index.php\/2025\/03\/27\/atacante-deseja-deixar-o-atletico-mg-em-definitivo\/#primaryimage\"},\"thumbnailUrl\":\"https:\/\/www.gaveanews.com\/wp-content\/uploads\/Estadio-do-Atletico-MG.webp\",\"datePublished\":\"2025-03-27T22:40:00+00:00\",\"dateModified\":\"2025-03-28T00:05:15+00:00\",\"author\":{\"@id\":\"https:\/\/www.gaveanews.com\/#\/schema\/person\/2424ec6409bc3f068411fc5e4e9b6168\"},\"breadcrumb\":{\"@id\":\"https:\/\/www.gaveanews.com\/index.php\/2025\/03\/27\/atacante-deseja-deixar-o-atletico-mg-em-definitivo\/#breadcrumb\"},\"inLanguage\":\"pt-BR\",\"potentialAction\":[{\"@type\":\"ReadAction\",\"target\":[\"https:\/\/www.gaveanews.com\/index.php\/2025\/03\/27\/atacante-deseja-deixar-o-atletico-mg-em-definitivo\/\"]}]},{\"@type\":\"ImageObject\",\"inLanguage\":\"pt-BR\",\"@id\":\"https:\/\/www.gaveanews.com\/index.php\/2025\/03\/27\/atacante-deseja-deixar-o-atletico-mg-em-definitivo\/#primaryimage\",\"url\":\"https:\/\/www.gaveanews.com\/wp-content\/uploads\/Estadio-do-Atletico-MG.webp\",\"contentUrl\":\"https:\/\/www.gaveanews.com\/wp-content\/uploads\/Estadio-do-Atletico-MG.webp\",\"width\":900,\"height\":600,\"caption\":\"Arena MRV, est\u00e1dio do Atl\u00e9tico-MG (Foto: Reprodu\u00e7\u00e3o\/Atl\u00e9tico)\"},{\"@type\":\"BreadcrumbList\",\"@id\":\"https:\/\/www.gaveanews.com\/index.php\/2025\/03\/27\/atacante-deseja-deixar-o-atletico-mg-em-definitivo\/#breadcrumb\",\"itemListElement\":[{\"@type\":\"ListItem\",\"position\":1,\"name\":\"Home\",\"item\":\"https:\/\/www.gaveanews.com\/\"},{\"@type\":\"ListItem\",\"position\":2,\"name\":\"Atacante deseja deixar o Atl\u00e9tico-MG em definitivo\"}]},{\"@type\":\"WebSite\",\"@id\":\"https:\/\/www.gaveanews.com\/#website\",\"url\":\"https:\/\/www.gaveanews.com\/\",\"name\":\"G\u00e1vea News\",\"description\":\"Veja todas as not\u00edcias sobre o Flamengo: Contrata\u00e7\u00f5es, categorias de base, resultados das partidas, tabela de classifica\u00e7\u00e3o, pr\u00f3ximos jogos!\",\"potentialAction\":[{\"@type\":\"SearchAction\",\"target\":{\"@type\":\"EntryPoint\",\"urlTemplate\":\"https:\/\/www.gaveanews.com\/?s={search_term_string}\"},\"query-input\":{\"@type\":\"PropertyValueSpecification\",\"valueRequired\":true,\"valueName\":\"search_term_string\"}}],\"inLanguage\":\"pt-BR\"},{\"@type\":\"Person\",\"@id\":\"https:\/\/www.gaveanews.com\/#\/schema\/person\/2424ec6409bc3f068411fc5e4e9b6168\",\"name\":\"Leandro Cardoso\",\"image\":{\"@type\":\"ImageObject\",\"inLanguage\":\"pt-BR\",\"@id\":\"https:\/\/www.gaveanews.com\/#\/schema\/person\/image\/\",\"url\":\"https:\/\/secure.gravatar.com\/avatar\/8ca179f9b55eefe9f376f5493ef25475bfa59fbc28ce937f6076ce20e523098f?s=96&d=mm&r=g\",\"contentUrl\":\"https:\/\/secure.gravatar.com\/avatar\/8ca179f9b55eefe9f376f5493ef25475bfa59fbc28ce937f6076ce20e523098f?s=96&d=mm&r=g\",\"caption\":\"Leandro Cardoso\"}}]}<\/script>\n<!-- \/ Yoast SEO Premium plugin. -->","yoast_head_json":{"title":"Atacante deseja deixar o Atl\u00e9tico-MG em definitivo","robots":{"index":"index","follow":"follow","max-snippet":"max-snippet:-1","max-image-preview":"max-image-preview:large","max-video-preview":"max-video-preview:-1"},"canonical":"https:\/\/www.gaveanews.com\/index.php\/2025\/03\/27\/atacante-deseja-deixar-o-atletico-mg-em-definitivo\/","og_locale":"pt_BR","og_type":"article","og_title":"Atacante deseja deixar o Atl\u00e9tico-MG em definitivo","og_description":"A poss\u00edvel sa\u00edda de Deyverson do Atl\u00e9tico-MG para o Fortaleza tem movimentado os bastidores do futebol brasileiro. O atacante, de 33 anos, manifestou desejo de deixar o Galo ap\u00f3s receber uma proposta atrativa do time nordestino. Contudo, a situa\u00e7\u00e3o ainda \u00e9 indefinida, e o clube mineiro n\u00e3o descarta a perman\u00eancia do jogador. O desfecho dessa [&hellip;]","og_url":"https:\/\/www.gaveanews.com\/index.php\/2025\/03\/27\/atacante-deseja-deixar-o-atletico-mg-em-definitivo\/","og_site_name":"G\u00e1vea News","article_publisher":"https:\/\/facebook.com\/gaveaNews\/","article_published_time":"2025-03-27T22:40:00+00:00","article_modified_time":"2025-03-28T00:05:15+00:00","og_image":[{"width":900,"height":600,"url":"http:\/\/www.gaveanews.com\/wp-content\/uploads\/Estadio-do-Atletico-MG.webp","type":"image\/webp"}],"author":"Leandro Cardoso","twitter_card":"summary_large_image","twitter_misc":{"Escrito por":"Leandro Cardoso","Est. tempo de leitura":"3 minutos"},"schema":{"@context":"https:\/\/schema.org","@graph":[{"@type":"NewsArticle","@id":"https:\/\/www.gaveanews.com\/index.php\/2025\/03\/27\/atacante-deseja-deixar-o-atletico-mg-em-definitivo\/#article","isPartOf":{"@id":"https:\/\/www.gaveanews.com\/index.php\/2025\/03\/27\/atacante-deseja-deixar-o-atletico-mg-em-definitivo\/"},"author":{"name":"Leandro Cardoso","@id":"https:\/\/www.gaveanews.com\/#\/schema\/person\/2424ec6409bc3f068411fc5e4e9b6168"},"headline":"Atacante deseja deixar o Atl\u00e9tico-MG em definitivo","datePublished":"2025-03-27T22:40:00+00:00","dateModified":"2025-03-28T00:05:15+00:00","mainEntityOfPage":{"@id":"https:\/\/www.gaveanews.com\/index.php\/2025\/03\/27\/atacante-deseja-deixar-o-atletico-mg-em-definitivo\/"},"wordCount":400,"commentCount":0,"image":{"@id":"https:\/\/www.gaveanews.com\/index.php\/2025\/03\/27\/atacante-deseja-deixar-o-atletico-mg-em-definitivo\/#primaryimage"},"thumbnailUrl":"https:\/\/www.gaveanews.com\/wp-content\/uploads\/Estadio-do-Atletico-MG.webp","articleSection":["Atl\u00e9tico-MG","Fortaleza"],"inLanguage":"pt-BR","potentialAction":[{"@type":"CommentAction","name":"Comment","target":["https:\/\/www.gaveanews.com\/index.php\/2025\/03\/27\/atacante-deseja-deixar-o-atletico-mg-em-definitivo\/#respond"]}],"copyrightYear":"2025","copyrightHolder":{"@id":"https:\/\/www.gaveanews.com\/#organization"}},{"@type":"WebPage","@id":"https:\/\/www.gaveanews.com\/index.php\/2025\/03\/27\/atacante-deseja-deixar-o-atletico-mg-em-definitivo\/","url":"https:\/\/www.gaveanews.com\/index.php\/2025\/03\/27\/atacante-deseja-deixar-o-atletico-mg-em-definitivo\/","name":"Atacante deseja deixar o Atl\u00e9tico-MG em definitivo","isPartOf":{"@id":"https:\/\/www.gaveanews.com\/#website"},"primaryImageOfPage":{"@id":"https:\/\/www.gaveanews.com\/index.php\/2025\/03\/27\/atacante-deseja-deixar-o-atletico-mg-em-definitivo\/#primaryimage"},"image":{"@id":"https:\/\/www.gaveanews.com\/index.php\/2025\/03\/27\/atacante-deseja-deixar-o-atletico-mg-em-definitivo\/#primaryimage"},"thumbnailUrl":"https:\/\/www.gaveanews.com\/wp-content\/uploads\/Estadio-do-Atletico-MG.webp","datePublished":"2025-03-27T22:40:00+00:00","dateModified":"2025-03-28T00:05:15+00:00","author":{"@id":"https:\/\/www.gaveanews.com\/#\/schema\/person\/2424ec6409bc3f068411fc5e4e9b6168"},"breadcrumb":{"@id":"https:\/\/www.gaveanews.com\/index.php\/2025\/03\/27\/atacante-deseja-deixar-o-atletico-mg-em-definitivo\/#breadcrumb"},"inLanguage":"pt-BR","potentialAction":[{"@type":"ReadAction","target":["https:\/\/www.gaveanews.com\/index.php\/2025\/03\/27\/atacante-deseja-deixar-o-atletico-mg-em-definitivo\/"]}]},{"@type":"ImageObject","inLanguage":"pt-BR","@id":"https:\/\/www.gaveanews.com\/index.php\/2025\/03\/27\/atacante-deseja-deixar-o-atletico-mg-em-definitivo\/#primaryimage","url":"https:\/\/www.gaveanews.com\/wp-content\/uploads\/Estadio-do-Atletico-MG.webp","contentUrl":"https:\/\/www.gaveanews.com\/wp-content\/uploads\/Estadio-do-Atletico-MG.webp","width":900,"height":600,"caption":"Arena MRV, est\u00e1dio do Atl\u00e9tico-MG (Foto: Reprodu\u00e7\u00e3o\/Atl\u00e9tico)"},{"@type":"BreadcrumbList","@id":"https:\/\/www.gaveanews.com\/index.php\/2025\/03\/27\/atacante-deseja-deixar-o-atletico-mg-em-definitivo\/#breadcrumb","itemListElement":[{"@type":"ListItem","position":1,"name":"Home","item":"https:\/\/www.gaveanews.com\/"},{"@type":"ListItem","position":2,"name":"Atacante deseja deixar o Atl\u00e9tico-MG em definitivo"}]},{"@type":"WebSite","@id":"https:\/\/www.gaveanews.com\/#website","url":"https:\/\/www.gaveanews.com\/","name":"G\u00e1vea News","description":"Veja todas as not\u00edcias sobre o Flamengo: Contrata\u00e7\u00f5es, categorias de base, resultados das partidas, tabela de classifica\u00e7\u00e3o, pr\u00f3ximos jogos!","potentialAction":[{"@type":"SearchAction","target":{"@type":"EntryPoint","urlTemplate":"https:\/\/www.gaveanews.com\/?s={search_term_string}"},"query-input":{"@type":"PropertyValueSpecification","valueRequired":true,"valueName":"search_term_string"}}],"inLanguage":"pt-BR"},{"@type":"Person","@id":"https:\/\/www.gaveanews.com\/#\/schema\/person\/2424ec6409bc3f068411fc5e4e9b6168","name":"Leandro Cardoso","image":{"@type":"ImageObject","inLanguage":"pt-BR","@id":"https:\/\/www.gaveanews.com\/#\/schema\/person\/image\/","url":"https:\/\/secure.gravatar.com\/avatar\/8ca179f9b55eefe9f376f5493ef25475bfa59fbc28ce937f6076ce20e523098f?s=96&d=mm&r=g","contentUrl":"https:\/\/secure.gravatar.com\/avatar\/8ca179f9b55eefe9f376f5493ef25475bfa59fbc28ce937f6076ce20e523098f?s=96&d=mm&r=g","caption":"Leandro Cardoso"}}]}},"_links":{"self":[{"href":"https:\/\/www.gaveanews.com\/index.php\/wp-json\/wp\/v2\/posts\/245605","targetHints":{"allow":["GET"]}}],"collection":[{"href":"https:\/\/www.gaveanews.com\/index.php\/wp-json\/wp\/v2\/posts"}],"about":[{"href":"https:\/\/www.gaveanews.com\/index.php\/wp-json\/wp\/v2\/types\/post"}],"author":[{"embeddable":true,"href":"https:\/\/www.gaveanews.com\/index.php\/wp-json\/wp\/v2\/users\/24"}],"replies":[{"embeddable":true,"href":"https:\/\/www.gaveanews.com\/index.php\/wp-json\/wp\/v2\/comments?post=245605"}],"version-history":[{"count":2,"href":"https:\/\/www.gaveanews.com\/index.php\/wp-json\/wp\/v2\/posts\/245605\/revisions"}],"predecessor-version":[{"id":245610,"href":"https:\/\/www.gaveanews.com\/index.php\/wp-json\/wp\/v2\/posts\/245605\/revisions\/245610"}],"wp:featuredmedia":[{"embeddable":true,"href":"https:\/\/www.gaveanews.com\/index.php\/wp-json\/wp\/v2\/media\/153999"}],"wp:attachment":[{"href":"https:\/\/www.gaveanews.com\/index.php\/wp-json\/wp\/v2\/media?parent=245605"}],"wp:term":[{"taxonomy":"category","embeddable":true,"href":"https:\/\/www.gaveanews.com\/index.php\/wp-json\/wp\/v2\/categories?post=245605"},{"taxonomy":"post_tag","embeddable":true,"href":"https:\/\/www.gaveanews.com\/index.php\/wp-json\/wp\/v2\/tags?post=245605"}],"curies":[{"name":"wp","href":"https:\/\/api.w.org\/{rel}","templated":true}]}}