{"id":245628,"date":"2025-03-27T23:00:00","date_gmt":"2025-03-28T02:00:00","guid":{"rendered":"https:\/\/www.gaveanews.com\/?p=245628"},"modified":"2025-03-28T13:00:33","modified_gmt":"2025-03-28T16:00:33","slug":"palmeiras-vai-receber-caminhao-de-dinheiro-vidente-crava-campeao-e-declaracao-de-felipao-as-ultimas-noticias-do-palmeiras","status":"publish","type":"post","link":"https:\/\/www.gaveanews.com\/index.php\/2025\/03\/27\/palmeiras-vai-receber-caminhao-de-dinheiro-vidente-crava-campeao-e-declaracao-de-felipao-as-ultimas-noticias-do-palmeiras\/","title":{"rendered":"Palmeiras vai receber caminh\u00e3o de dinheiro, vidente crava campe\u00e3o e declara\u00e7\u00e3o de Felip\u00e3o: as \u00faltimas not\u00edcias do Palmeiras"},"content":{"rendered":"\n<p>Nas \u00faltimas horas, o foco das not\u00edcias sobre o Palmeiras se concentram nos bastidores do clube, com destaques do dia a dia do time.<\/p>\n\n\n\n<p>Por conta deste contexto, leia abaixo um resumo preparado pela equipe do portal G\u00e1vea News para lhe manter muito bem informado!<\/p>\n\n\n\n<h2 class=\"wp-block-heading\" id=\"h-declaracao-de-felipao\">Declara\u00e7\u00e3o de Felip\u00e3o<\/h2>\n\n\n\n<p>Durante entrevista recente, Luiz Felipe Scolari relembrou com bom humor o momento em que escolheu Marcos como goleiro titular da Sele\u00e7\u00e3o Brasileira na Copa do Mundo de 2002. Segundo Felip\u00e3o, o ent\u00e3o arqueiro do Palmeiras chegou a questionar a escolha, alegando que Dida e Rog\u00e9rio Ceni estavam em melhor fase. Apesar da rea\u00e7\u00e3o modesta, Marcos foi pe\u00e7a essencial na campanha vitoriosa que levou o Brasil ao pentacampeonato mundial no Jap\u00e3o e Coreia do Sul<strong><a href=\"https:\/\/www.gaveanews.com\/index.php\/2025\/03\/26\/a-declaracao-de-felipao-direcionada-ao-goleiro-marcos\/\"> (leia a mat\u00e9ria completa).<\/a><\/strong><\/p>\n\n\n\n<figure class=\"wp-block-image size-large\"><img loading=\"lazy\" decoding=\"async\" width=\"1024\" height=\"706\" src=\"http:\/\/www.gaveanews.com\/wp-content\/uploads\/Felipao-e-Paulo-Turra-1024x706.webp\" alt=\"\" class=\"wp-image-100542\" srcset=\"https:\/\/www.gaveanews.com\/wp-content\/uploads\/Felipao-e-Paulo-Turra-1024x706.webp 1024w, https:\/\/www.gaveanews.com\/wp-content\/uploads\/Felipao-e-Paulo-Turra-300x207.webp 300w, https:\/\/www.gaveanews.com\/wp-content\/uploads\/Felipao-e-Paulo-Turra-768x529.webp 768w, https:\/\/www.gaveanews.com\/wp-content\/uploads\/Felipao-e-Paulo-Turra-609x420.webp 609w, https:\/\/www.gaveanews.com\/wp-content\/uploads\/Felipao-e-Paulo-Turra-640x441.webp 640w, https:\/\/www.gaveanews.com\/wp-content\/uploads\/Felipao-e-Paulo-Turra-681x469.webp 681w, https:\/\/www.gaveanews.com\/wp-content\/uploads\/Felipao-e-Paulo-Turra-100x69.webp 100w, https:\/\/www.gaveanews.com\/wp-content\/uploads\/Felipao-e-Paulo-Turra.webp 1200w\" sizes=\"auto, (max-width: 1024px) 100vw, 1024px\" \/><figcaption class=\"wp-element-caption\">Felip\u00e3o e Paulo Turra no CAP<\/figcaption><\/figure>\n\n\n\n<p>A rea\u00e7\u00e3o de Marcos, descrita como t\u00edmida e respeitosa, ganhou o tom descontra\u00eddo da entrevista, mas tamb\u00e9m revelou o perfil humilde do goleiro. <\/p>\n\n\n\n<p>Mesmo com grandes feitos pelo Palmeiras e pela Sele\u00e7\u00e3o, o camisa 12 preferia n\u00e3o se colocar \u00e0 frente de seus companheiros. A escolha de Felip\u00e3o, no entanto, foi certeira. Marcos teve atua\u00e7\u00f5es decisivas durante o torneio, principalmente nas fases eliminat\u00f3rias, e foi fundamental para a conquista invicta da equipe brasileira.<\/p>\n\n\n\n<p>Al\u00e9m da gl\u00f3ria mundial, Marcos j\u00e1 era considerado \u00eddolo absoluto no Palmeiras, clube que defendeu durante toda a carreira. Multicampe\u00e3o com o Verd\u00e3o e recordista em defesas de p\u00eanalti na Libertadores, ele disputou mais de 500 jogos com a camisa alviverde. Seu legado ultrapassou fronteiras e foi eternizado com o t\u00edtulo de \u201cS\u00e3o Marcos\u201d, em reconhecimento ao impacto que teve tanto no futebol nacional quanto internacional.<\/p>\n\n\n\n<h2 class=\"wp-block-heading\" id=\"h-vidente-crava-campeao\">Vidente crava campe\u00e3o<\/h2>\n\n\n\n<p>A decis\u00e3o do Campeonato Paulista de 2025 ganhou um ingrediente extra com a previs\u00e3o do vidente Maur\u00edcio, do canal Fan\u00e1ticos. Ap\u00f3s realizar uma nova tiragem de cartas, ele apontou uma mudan\u00e7a energ\u00e9tica significativa no cen\u00e1rio da final entre Corinthians e Palmeiras. O especialista em tarot afirmou que as energias, antes favor\u00e1veis ao Palmeiras, agora indicam um caminho mais promissor para o clube alvinegro, destacando sinais positivos como a carta das estrelas e um novo equil\u00edbrio espiritual a favor do Tim\u00e3o <strong><a href=\"https:\/\/www.gaveanews.com\/index.php\/2025\/03\/26\/corinthians-x-palmeiras-vidente-crava-campeao-paulista\/\">(leia a mat\u00e9ria completa).<\/a><\/strong><\/p>\n\n\n\n<figure class=\"wp-block-image size-full\"><img loading=\"lazy\" decoding=\"async\" width=\"900\" height=\"600\" src=\"http:\/\/www.gaveanews.com\/wp-content\/uploads\/Escudos-de-Palmeiras-e-Corinthians.webp\" alt=\"\" class=\"wp-image-155414\" srcset=\"https:\/\/www.gaveanews.com\/wp-content\/uploads\/Escudos-de-Palmeiras-e-Corinthians.webp 900w, https:\/\/www.gaveanews.com\/wp-content\/uploads\/Escudos-de-Palmeiras-e-Corinthians-300x200.webp 300w, https:\/\/www.gaveanews.com\/wp-content\/uploads\/Escudos-de-Palmeiras-e-Corinthians-768x512.webp 768w, https:\/\/www.gaveanews.com\/wp-content\/uploads\/Escudos-de-Palmeiras-e-Corinthians-630x420.webp 630w, https:\/\/www.gaveanews.com\/wp-content\/uploads\/Escudos-de-Palmeiras-e-Corinthians-640x427.webp 640w, https:\/\/www.gaveanews.com\/wp-content\/uploads\/Escudos-de-Palmeiras-e-Corinthians-681x454.webp 681w, https:\/\/www.gaveanews.com\/wp-content\/uploads\/Escudos-de-Palmeiras-e-Corinthians-100x67.webp 100w\" sizes=\"auto, (max-width: 900px) 100vw, 900px\" \/><figcaption class=\"wp-element-caption\">Escudos de Palmeiras e Corinthians (Imagem: Editoria de arte\/G\u00e1vea News\/Henrique Machado)<\/figcaption><\/figure>\n\n\n\n<p>Segundo Maur\u00edcio, cartas como \u201cA Foice\u201d e \u201cO Caix\u00e3o\u201d surgiram para o Palmeiras na nova leitura, sinalizando poss\u00edveis obst\u00e1culos e perdas inesperadas na reta final. Essa reviravolta, conforme sua interpreta\u00e7\u00e3o, reduz a for\u00e7a vibracional do time de Abel Ferreira, que precisa reverter a derrota sofrida em casa. Para o Corinthians, que venceu o jogo de ida por 1 a 0, a leitura revelou estabilidade e caminhos abertos, refor\u00e7ando o favoritismo na opini\u00e3o do vidente.<\/p>\n\n\n\n<p>Apesar do car\u00e1ter subjetivo da previs\u00e3o, ela aumentou ainda mais a expectativa em torno do cl\u00e1ssico decisivo, que acontece nesta quinta-feira (27), na Neo Qu\u00edmica Arena. Com o Tim\u00e3o podendo empatar para conquistar o t\u00edtulo e o Verd\u00e3o precisando de uma vit\u00f3ria por dois gols, cada detalhe emocional, f\u00edsico e at\u00e9 \u201cenerg\u00e9tico\u201d poder\u00e1 pesar na balan\u00e7a. Agora, resta saber se a bola vai confirmar o que as cartas previram.<\/p>\n\n\n\n<h2 class=\"wp-block-heading\" id=\"h-palmeiras-vai-receber-caminhao-de-dinheiro\">Palmeiras vai receber caminh\u00e3o de dinheiro<\/h2>\n\n\n\n<p>A FIFA oficializou os valores da premia\u00e7\u00e3o do novo formato do Mundial de Clubes, que ocorrer\u00e1 entre 14 de junho e 15 de julho de 2025, nos Estados Unidos. A competi\u00e7\u00e3o contar\u00e1 com quatro representantes brasileiros \u2014 Palmeiras, Flamengo, Fluminense e Botafogo \u2014 que j\u00e1 garantem uma premia\u00e7\u00e3o inicial de 15,21 milh\u00f5es de d\u00f3lares (cerca de R$ 86,6 milh\u00f5es) apenas por participarem do torneio. As cifras reveladas nesta quarta-feira (26) evidenciam a aposta da entidade em transformar a competi\u00e7\u00e3o em um marco global <strong><a href=\"https:\/\/www.gaveanews.com\/index.php\/2025\/03\/26\/mundial-de-clubes-fifa-define-premiacao-milionaria\/\">(leia a mat\u00e9ria completa).<\/a><\/strong><\/p>\n\n\n\n<figure class=\"wp-block-image size-full\"><img loading=\"lazy\" decoding=\"async\" width=\"450\" height=\"450\" src=\"http:\/\/www.gaveanews.com\/wp-content\/uploads\/trofeu-do-super-mundial-de-clubes-da-fifa-1731601569969_v2_450x450.png.webp\" alt=\"Trof\u00e9u do Super Mundial de Clubes da Fifa Imagem: Divulga\u00e7\u00e3o\/Fifa\" class=\"wp-image-185794\" srcset=\"https:\/\/www.gaveanews.com\/wp-content\/uploads\/trofeu-do-super-mundial-de-clubes-da-fifa-1731601569969_v2_450x450.png.webp 450w, https:\/\/www.gaveanews.com\/wp-content\/uploads\/trofeu-do-super-mundial-de-clubes-da-fifa-1731601569969_v2_450x450.png-300x300.webp 300w, https:\/\/www.gaveanews.com\/wp-content\/uploads\/trofeu-do-super-mundial-de-clubes-da-fifa-1731601569969_v2_450x450.png-150x150.webp 150w, https:\/\/www.gaveanews.com\/wp-content\/uploads\/trofeu-do-super-mundial-de-clubes-da-fifa-1731601569969_v2_450x450.png-420x420.webp 420w, https:\/\/www.gaveanews.com\/wp-content\/uploads\/trofeu-do-super-mundial-de-clubes-da-fifa-1731601569969_v2_450x450.png-100x100.webp 100w\" sizes=\"auto, (max-width: 450px) 100vw, 450px\" \/><figcaption class=\"wp-element-caption\">Trof\u00e9u do Super Mundial de Clubes da Fifa\nImagem: Divulga\u00e7\u00e3o\/Fifa<\/figcaption><\/figure>\n\n\n\n<p>O modelo de premia\u00e7\u00e3o inclui bonifica\u00e7\u00f5es por desempenho: vit\u00f3rias na fase de grupos render\u00e3o 2 milh\u00f5es de d\u00f3lares e empates, 1 milh\u00e3o. O valor aumenta conforme o avan\u00e7o no torneio: US$ 7,5 milh\u00f5es nas oitavas, US$ 13,125 milh\u00f5es nas quartas e US$ 21 milh\u00f5es nas semifinais. O vice-campe\u00e3o receber\u00e1 30 milh\u00f5es de d\u00f3lares, enquanto o campe\u00e3o embolsar\u00e1 40 milh\u00f5es, o equivalente a cerca de R$ 227,9 milh\u00f5es. A estrutura foi pensada para valorizar tanto a presen\u00e7a quanto o rendimento esportivo.<\/p>\n\n\n\n<p>A premia\u00e7\u00e3o tamb\u00e9m varia de acordo com o continente. Enquanto os sul-americanos j\u00e1 come\u00e7am com US$ 15,21 milh\u00f5es, os europeus recebem entre 12,81 e 38,19 milh\u00f5es, e clubes de outras confedera\u00e7\u00f5es, como Concacaf, \u00c1sia, \u00c1frica e Oceania, recebem menos. A FIFA afirma que os crit\u00e9rios consideram fatores esportivos e comerciais. Com isso, o Mundial 2025 deve consolidar um novo patamar de investimentos no futebol de clubes, refor\u00e7ando sua posi\u00e7\u00e3o como torneio de elite no calend\u00e1rio internacional.<\/p>\n","protected":false},"excerpt":{"rendered":"<p>Nas \u00faltimas horas, o foco das not\u00edcias sobre o Palmeiras se concentram nos bastidores do clube, com destaques do dia a dia do time. Por conta deste contexto, leia abaixo um resumo preparado pela equipe do portal G\u00e1vea News para lhe manter muito bem informado! Declara\u00e7\u00e3o de Felip\u00e3o Durante entrevista recente, Luiz Felipe Scolari relembrou [&hellip;]<\/p>\n","protected":false},"author":33,"featured_media":152159,"comment_status":"open","ping_status":"closed","sticky":false,"template":"","format":"standard","meta":{"footnotes":""},"categories":[150],"tags":[],"class_list":["post-245628","post","type-post","status-publish","format-standard","has-post-thumbnail","hentry","category-palmeiras"],"yoast_head":"<!-- This site is optimized with the Yoast SEO Premium plugin v24.2 (Yoast SEO v26.9) - https:\/\/yoast.com\/product\/yoast-seo-premium-wordpress\/ -->\n<title>Palmeiras vai receber caminh\u00e3o de dinheiro, vidente crava campe\u00e3o e declara\u00e7\u00e3o de Felip\u00e3o: as \u00faltimas not\u00edcias do Palmeiras<\/title>\n<meta name=\"robots\" content=\"index, follow, max-snippet:-1, max-image-preview:large, max-video-preview:-1\" \/>\n<link rel=\"canonical\" href=\"https:\/\/www.gaveanews.com\/index.php\/2025\/03\/27\/palmeiras-vai-receber-caminhao-de-dinheiro-vidente-crava-campeao-e-declaracao-de-felipao-as-ultimas-noticias-do-palmeiras\/\" \/>\n<meta property=\"og:locale\" content=\"pt_BR\" \/>\n<meta property=\"og:type\" content=\"article\" \/>\n<meta property=\"og:title\" content=\"Palmeiras vai receber caminh\u00e3o de dinheiro, vidente crava campe\u00e3o e declara\u00e7\u00e3o de Felip\u00e3o: as \u00faltimas not\u00edcias do Palmeiras\" \/>\n<meta property=\"og:description\" content=\"Nas \u00faltimas horas, o foco das not\u00edcias sobre o Palmeiras se concentram nos bastidores do clube, com destaques do dia a dia do time. Por conta deste contexto, leia abaixo um resumo preparado pela equipe do portal G\u00e1vea News para lhe manter muito bem informado! Declara\u00e7\u00e3o de Felip\u00e3o Durante entrevista recente, Luiz Felipe Scolari relembrou [&hellip;]\" \/>\n<meta property=\"og:url\" content=\"https:\/\/www.gaveanews.com\/index.php\/2025\/03\/27\/palmeiras-vai-receber-caminhao-de-dinheiro-vidente-crava-campeao-e-declaracao-de-felipao-as-ultimas-noticias-do-palmeiras\/\" \/>\n<meta property=\"og:site_name\" content=\"G\u00e1vea News\" \/>\n<meta property=\"article:publisher\" content=\"https:\/\/facebook.com\/gaveaNews\/\" \/>\n<meta property=\"article:published_time\" content=\"2025-03-28T02:00:00+00:00\" \/>\n<meta property=\"article:modified_time\" content=\"2025-03-28T16:00:33+00:00\" \/>\n<meta property=\"og:image\" content=\"http:\/\/www.gaveanews.com\/wp-content\/uploads\/Escudo-do-Palmeiras.webp\" \/>\n\t<meta property=\"og:image:width\" content=\"1000\" \/>\n\t<meta property=\"og:image:height\" content=\"667\" \/>\n\t<meta property=\"og:image:type\" content=\"image\/webp\" \/>\n<meta name=\"author\" content=\"Brenda Cezillo\" \/>\n<meta name=\"twitter:card\" content=\"summary_large_image\" \/>\n<meta name=\"twitter:label1\" content=\"Escrito por\" \/>\n\t<meta name=\"twitter:data1\" content=\"Brenda Cezillo\" \/>\n\t<meta name=\"twitter:label2\" content=\"Est. tempo de leitura\" \/>\n\t<meta name=\"twitter:data2\" content=\"6 minutos\" \/>\n<script type=\"application\/ld+json\" class=\"yoast-schema-graph\">{\"@context\":\"https:\/\/schema.org\",\"@graph\":[{\"@type\":\"NewsArticle\",\"@id\":\"https:\/\/www.gaveanews.com\/index.php\/2025\/03\/27\/palmeiras-vai-receber-caminhao-de-dinheiro-vidente-crava-campeao-e-declaracao-de-felipao-as-ultimas-noticias-do-palmeiras\/#article\",\"isPartOf\":{\"@id\":\"https:\/\/www.gaveanews.com\/index.php\/2025\/03\/27\/palmeiras-vai-receber-caminhao-de-dinheiro-vidente-crava-campeao-e-declaracao-de-felipao-as-ultimas-noticias-do-palmeiras\/\"},\"author\":{\"name\":\"Brenda Cezillo\",\"@id\":\"https:\/\/www.gaveanews.com\/#\/schema\/person\/c79759ca337c40791ae8d08e2923d403\"},\"headline\":\"Palmeiras vai receber caminh\u00e3o de dinheiro, vidente crava campe\u00e3o e declara\u00e7\u00e3o de Felip\u00e3o: as \u00faltimas not\u00edcias do Palmeiras\",\"datePublished\":\"2025-03-28T02:00:00+00:00\",\"dateModified\":\"2025-03-28T16:00:33+00:00\",\"mainEntityOfPage\":{\"@id\":\"https:\/\/www.gaveanews.com\/index.php\/2025\/03\/27\/palmeiras-vai-receber-caminhao-de-dinheiro-vidente-crava-campeao-e-declaracao-de-felipao-as-ultimas-noticias-do-palmeiras\/\"},\"wordCount\":870,\"commentCount\":0,\"image\":{\"@id\":\"https:\/\/www.gaveanews.com\/index.php\/2025\/03\/27\/palmeiras-vai-receber-caminhao-de-dinheiro-vidente-crava-campeao-e-declaracao-de-felipao-as-ultimas-noticias-do-palmeiras\/#primaryimage\"},\"thumbnailUrl\":\"https:\/\/www.gaveanews.com\/wp-content\/uploads\/Escudo-do-Palmeiras.webp\",\"articleSection\":[\"Palmeiras\"],\"inLanguage\":\"pt-BR\",\"potentialAction\":[{\"@type\":\"CommentAction\",\"name\":\"Comment\",\"target\":[\"https:\/\/www.gaveanews.com\/index.php\/2025\/03\/27\/palmeiras-vai-receber-caminhao-de-dinheiro-vidente-crava-campeao-e-declaracao-de-felipao-as-ultimas-noticias-do-palmeiras\/#respond\"]}],\"copyrightYear\":\"2025\",\"copyrightHolder\":{\"@id\":\"https:\/\/www.gaveanews.com\/#organization\"}},{\"@type\":\"WebPage\",\"@id\":\"https:\/\/www.gaveanews.com\/index.php\/2025\/03\/27\/palmeiras-vai-receber-caminhao-de-dinheiro-vidente-crava-campeao-e-declaracao-de-felipao-as-ultimas-noticias-do-palmeiras\/\",\"url\":\"https:\/\/www.gaveanews.com\/index.php\/2025\/03\/27\/palmeiras-vai-receber-caminhao-de-dinheiro-vidente-crava-campeao-e-declaracao-de-felipao-as-ultimas-noticias-do-palmeiras\/\",\"name\":\"Palmeiras vai receber caminh\u00e3o de dinheiro, vidente crava campe\u00e3o e declara\u00e7\u00e3o de Felip\u00e3o: as \u00faltimas not\u00edcias do Palmeiras\",\"isPartOf\":{\"@id\":\"https:\/\/www.gaveanews.com\/#website\"},\"primaryImageOfPage\":{\"@id\":\"https:\/\/www.gaveanews.com\/index.php\/2025\/03\/27\/palmeiras-vai-receber-caminhao-de-dinheiro-vidente-crava-campeao-e-declaracao-de-felipao-as-ultimas-noticias-do-palmeiras\/#primaryimage\"},\"image\":{\"@id\":\"https:\/\/www.gaveanews.com\/index.php\/2025\/03\/27\/palmeiras-vai-receber-caminhao-de-dinheiro-vidente-crava-campeao-e-declaracao-de-felipao-as-ultimas-noticias-do-palmeiras\/#primaryimage\"},\"thumbnailUrl\":\"https:\/\/www.gaveanews.com\/wp-content\/uploads\/Escudo-do-Palmeiras.webp\",\"datePublished\":\"2025-03-28T02:00:00+00:00\",\"dateModified\":\"2025-03-28T16:00:33+00:00\",\"author\":{\"@id\":\"https:\/\/www.gaveanews.com\/#\/schema\/person\/c79759ca337c40791ae8d08e2923d403\"},\"breadcrumb\":{\"@id\":\"https:\/\/www.gaveanews.com\/index.php\/2025\/03\/27\/palmeiras-vai-receber-caminhao-de-dinheiro-vidente-crava-campeao-e-declaracao-de-felipao-as-ultimas-noticias-do-palmeiras\/#breadcrumb\"},\"inLanguage\":\"pt-BR\",\"potentialAction\":[{\"@type\":\"ReadAction\",\"target\":[\"https:\/\/www.gaveanews.com\/index.php\/2025\/03\/27\/palmeiras-vai-receber-caminhao-de-dinheiro-vidente-crava-campeao-e-declaracao-de-felipao-as-ultimas-noticias-do-palmeiras\/\"]}]},{\"@type\":\"ImageObject\",\"inLanguage\":\"pt-BR\",\"@id\":\"https:\/\/www.gaveanews.com\/index.php\/2025\/03\/27\/palmeiras-vai-receber-caminhao-de-dinheiro-vidente-crava-campeao-e-declaracao-de-felipao-as-ultimas-noticias-do-palmeiras\/#primaryimage\",\"url\":\"https:\/\/www.gaveanews.com\/wp-content\/uploads\/Escudo-do-Palmeiras.webp\",\"contentUrl\":\"https:\/\/www.gaveanews.com\/wp-content\/uploads\/Escudo-do-Palmeiras.webp\",\"width\":1000,\"height\":667,\"caption\":\"Escudo do Palmeiras (Foto Reprodu\u00e7\u00e3o\/Instagram)\"},{\"@type\":\"BreadcrumbList\",\"@id\":\"https:\/\/www.gaveanews.com\/index.php\/2025\/03\/27\/palmeiras-vai-receber-caminhao-de-dinheiro-vidente-crava-campeao-e-declaracao-de-felipao-as-ultimas-noticias-do-palmeiras\/#breadcrumb\",\"itemListElement\":[{\"@type\":\"ListItem\",\"position\":1,\"name\":\"Home\",\"item\":\"https:\/\/www.gaveanews.com\/\"},{\"@type\":\"ListItem\",\"position\":2,\"name\":\"Palmeiras vai receber caminh\u00e3o de dinheiro, vidente crava campe\u00e3o e declara\u00e7\u00e3o de Felip\u00e3o: as \u00faltimas not\u00edcias do Palmeiras\"}]},{\"@type\":\"WebSite\",\"@id\":\"https:\/\/www.gaveanews.com\/#website\",\"url\":\"https:\/\/www.gaveanews.com\/\",\"name\":\"G\u00e1vea News\",\"description\":\"Veja todas as not\u00edcias sobre o Flamengo: Contrata\u00e7\u00f5es, categorias de base, resultados das partidas, tabela de classifica\u00e7\u00e3o, pr\u00f3ximos jogos!\",\"potentialAction\":[{\"@type\":\"SearchAction\",\"target\":{\"@type\":\"EntryPoint\",\"urlTemplate\":\"https:\/\/www.gaveanews.com\/?s={search_term_string}\"},\"query-input\":{\"@type\":\"PropertyValueSpecification\",\"valueRequired\":true,\"valueName\":\"search_term_string\"}}],\"inLanguage\":\"pt-BR\"},{\"@type\":\"Person\",\"@id\":\"https:\/\/www.gaveanews.com\/#\/schema\/person\/c79759ca337c40791ae8d08e2923d403\",\"name\":\"Brenda Cezillo\",\"image\":{\"@type\":\"ImageObject\",\"inLanguage\":\"pt-BR\",\"@id\":\"https:\/\/www.gaveanews.com\/#\/schema\/person\/image\/\",\"url\":\"https:\/\/secure.gravatar.com\/avatar\/1738d75cee7317f9c29ae61dd67620c5883d80a92e42a6fff88ae5d527af217a?s=96&d=mm&r=g\",\"contentUrl\":\"https:\/\/secure.gravatar.com\/avatar\/1738d75cee7317f9c29ae61dd67620c5883d80a92e42a6fff88ae5d527af217a?s=96&d=mm&r=g\",\"caption\":\"Brenda Cezillo\"}}]}<\/script>\n<!-- \/ Yoast SEO Premium plugin. -->","yoast_head_json":{"title":"Palmeiras vai receber caminh\u00e3o de dinheiro, vidente crava campe\u00e3o e declara\u00e7\u00e3o de Felip\u00e3o: as \u00faltimas not\u00edcias do Palmeiras","robots":{"index":"index","follow":"follow","max-snippet":"max-snippet:-1","max-image-preview":"max-image-preview:large","max-video-preview":"max-video-preview:-1"},"canonical":"https:\/\/www.gaveanews.com\/index.php\/2025\/03\/27\/palmeiras-vai-receber-caminhao-de-dinheiro-vidente-crava-campeao-e-declaracao-de-felipao-as-ultimas-noticias-do-palmeiras\/","og_locale":"pt_BR","og_type":"article","og_title":"Palmeiras vai receber caminh\u00e3o de dinheiro, vidente crava campe\u00e3o e declara\u00e7\u00e3o de Felip\u00e3o: as \u00faltimas not\u00edcias do Palmeiras","og_description":"Nas \u00faltimas horas, o foco das not\u00edcias sobre o Palmeiras se concentram nos bastidores do clube, com destaques do dia a dia do time. Por conta deste contexto, leia abaixo um resumo preparado pela equipe do portal G\u00e1vea News para lhe manter muito bem informado! Declara\u00e7\u00e3o de Felip\u00e3o Durante entrevista recente, Luiz Felipe Scolari relembrou [&hellip;]","og_url":"https:\/\/www.gaveanews.com\/index.php\/2025\/03\/27\/palmeiras-vai-receber-caminhao-de-dinheiro-vidente-crava-campeao-e-declaracao-de-felipao-as-ultimas-noticias-do-palmeiras\/","og_site_name":"G\u00e1vea News","article_publisher":"https:\/\/facebook.com\/gaveaNews\/","article_published_time":"2025-03-28T02:00:00+00:00","article_modified_time":"2025-03-28T16:00:33+00:00","og_image":[{"width":1000,"height":667,"url":"http:\/\/www.gaveanews.com\/wp-content\/uploads\/Escudo-do-Palmeiras.webp","type":"image\/webp"}],"author":"Brenda Cezillo","twitter_card":"summary_large_image","twitter_misc":{"Escrito por":"Brenda Cezillo","Est. tempo de leitura":"6 minutos"},"schema":{"@context":"https:\/\/schema.org","@graph":[{"@type":"NewsArticle","@id":"https:\/\/www.gaveanews.com\/index.php\/2025\/03\/27\/palmeiras-vai-receber-caminhao-de-dinheiro-vidente-crava-campeao-e-declaracao-de-felipao-as-ultimas-noticias-do-palmeiras\/#article","isPartOf":{"@id":"https:\/\/www.gaveanews.com\/index.php\/2025\/03\/27\/palmeiras-vai-receber-caminhao-de-dinheiro-vidente-crava-campeao-e-declaracao-de-felipao-as-ultimas-noticias-do-palmeiras\/"},"author":{"name":"Brenda Cezillo","@id":"https:\/\/www.gaveanews.com\/#\/schema\/person\/c79759ca337c40791ae8d08e2923d403"},"headline":"Palmeiras vai receber caminh\u00e3o de dinheiro, vidente crava campe\u00e3o e declara\u00e7\u00e3o de Felip\u00e3o: as \u00faltimas not\u00edcias do Palmeiras","datePublished":"2025-03-28T02:00:00+00:00","dateModified":"2025-03-28T16:00:33+00:00","mainEntityOfPage":{"@id":"https:\/\/www.gaveanews.com\/index.php\/2025\/03\/27\/palmeiras-vai-receber-caminhao-de-dinheiro-vidente-crava-campeao-e-declaracao-de-felipao-as-ultimas-noticias-do-palmeiras\/"},"wordCount":870,"commentCount":0,"image":{"@id":"https:\/\/www.gaveanews.com\/index.php\/2025\/03\/27\/palmeiras-vai-receber-caminhao-de-dinheiro-vidente-crava-campeao-e-declaracao-de-felipao-as-ultimas-noticias-do-palmeiras\/#primaryimage"},"thumbnailUrl":"https:\/\/www.gaveanews.com\/wp-content\/uploads\/Escudo-do-Palmeiras.webp","articleSection":["Palmeiras"],"inLanguage":"pt-BR","potentialAction":[{"@type":"CommentAction","name":"Comment","target":["https:\/\/www.gaveanews.com\/index.php\/2025\/03\/27\/palmeiras-vai-receber-caminhao-de-dinheiro-vidente-crava-campeao-e-declaracao-de-felipao-as-ultimas-noticias-do-palmeiras\/#respond"]}],"copyrightYear":"2025","copyrightHolder":{"@id":"https:\/\/www.gaveanews.com\/#organization"}},{"@type":"WebPage","@id":"https:\/\/www.gaveanews.com\/index.php\/2025\/03\/27\/palmeiras-vai-receber-caminhao-de-dinheiro-vidente-crava-campeao-e-declaracao-de-felipao-as-ultimas-noticias-do-palmeiras\/","url":"https:\/\/www.gaveanews.com\/index.php\/2025\/03\/27\/palmeiras-vai-receber-caminhao-de-dinheiro-vidente-crava-campeao-e-declaracao-de-felipao-as-ultimas-noticias-do-palmeiras\/","name":"Palmeiras vai receber caminh\u00e3o de dinheiro, vidente crava campe\u00e3o e declara\u00e7\u00e3o de Felip\u00e3o: as \u00faltimas not\u00edcias do Palmeiras","isPartOf":{"@id":"https:\/\/www.gaveanews.com\/#website"},"primaryImageOfPage":{"@id":"https:\/\/www.gaveanews.com\/index.php\/2025\/03\/27\/palmeiras-vai-receber-caminhao-de-dinheiro-vidente-crava-campeao-e-declaracao-de-felipao-as-ultimas-noticias-do-palmeiras\/#primaryimage"},"image":{"@id":"https:\/\/www.gaveanews.com\/index.php\/2025\/03\/27\/palmeiras-vai-receber-caminhao-de-dinheiro-vidente-crava-campeao-e-declaracao-de-felipao-as-ultimas-noticias-do-palmeiras\/#primaryimage"},"thumbnailUrl":"https:\/\/www.gaveanews.com\/wp-content\/uploads\/Escudo-do-Palmeiras.webp","datePublished":"2025-03-28T02:00:00+00:00","dateModified":"2025-03-28T16:00:33+00:00","author":{"@id":"https:\/\/www.gaveanews.com\/#\/schema\/person\/c79759ca337c40791ae8d08e2923d403"},"breadcrumb":{"@id":"https:\/\/www.gaveanews.com\/index.php\/2025\/03\/27\/palmeiras-vai-receber-caminhao-de-dinheiro-vidente-crava-campeao-e-declaracao-de-felipao-as-ultimas-noticias-do-palmeiras\/#breadcrumb"},"inLanguage":"pt-BR","potentialAction":[{"@type":"ReadAction","target":["https:\/\/www.gaveanews.com\/index.php\/2025\/03\/27\/palmeiras-vai-receber-caminhao-de-dinheiro-vidente-crava-campeao-e-declaracao-de-felipao-as-ultimas-noticias-do-palmeiras\/"]}]},{"@type":"ImageObject","inLanguage":"pt-BR","@id":"https:\/\/www.gaveanews.com\/index.php\/2025\/03\/27\/palmeiras-vai-receber-caminhao-de-dinheiro-vidente-crava-campeao-e-declaracao-de-felipao-as-ultimas-noticias-do-palmeiras\/#primaryimage","url":"https:\/\/www.gaveanews.com\/wp-content\/uploads\/Escudo-do-Palmeiras.webp","contentUrl":"https:\/\/www.gaveanews.com\/wp-content\/uploads\/Escudo-do-Palmeiras.webp","width":1000,"height":667,"caption":"Escudo do Palmeiras (Foto Reprodu\u00e7\u00e3o\/Instagram)"},{"@type":"BreadcrumbList","@id":"https:\/\/www.gaveanews.com\/index.php\/2025\/03\/27\/palmeiras-vai-receber-caminhao-de-dinheiro-vidente-crava-campeao-e-declaracao-de-felipao-as-ultimas-noticias-do-palmeiras\/#breadcrumb","itemListElement":[{"@type":"ListItem","position":1,"name":"Home","item":"https:\/\/www.gaveanews.com\/"},{"@type":"ListItem","position":2,"name":"Palmeiras vai receber caminh\u00e3o de dinheiro, vidente crava campe\u00e3o e declara\u00e7\u00e3o de Felip\u00e3o: as \u00faltimas not\u00edcias do Palmeiras"}]},{"@type":"WebSite","@id":"https:\/\/www.gaveanews.com\/#website","url":"https:\/\/www.gaveanews.com\/","name":"G\u00e1vea News","description":"Veja todas as not\u00edcias sobre o Flamengo: Contrata\u00e7\u00f5es, categorias de base, resultados das partidas, tabela de classifica\u00e7\u00e3o, pr\u00f3ximos jogos!","potentialAction":[{"@type":"SearchAction","target":{"@type":"EntryPoint","urlTemplate":"https:\/\/www.gaveanews.com\/?s={search_term_string}"},"query-input":{"@type":"PropertyValueSpecification","valueRequired":true,"valueName":"search_term_string"}}],"inLanguage":"pt-BR"},{"@type":"Person","@id":"https:\/\/www.gaveanews.com\/#\/schema\/person\/c79759ca337c40791ae8d08e2923d403","name":"Brenda Cezillo","image":{"@type":"ImageObject","inLanguage":"pt-BR","@id":"https:\/\/www.gaveanews.com\/#\/schema\/person\/image\/","url":"https:\/\/secure.gravatar.com\/avatar\/1738d75cee7317f9c29ae61dd67620c5883d80a92e42a6fff88ae5d527af217a?s=96&d=mm&r=g","contentUrl":"https:\/\/secure.gravatar.com\/avatar\/1738d75cee7317f9c29ae61dd67620c5883d80a92e42a6fff88ae5d527af217a?s=96&d=mm&r=g","caption":"Brenda Cezillo"}}]}},"_links":{"self":[{"href":"https:\/\/www.gaveanews.com\/index.php\/wp-json\/wp\/v2\/posts\/245628","targetHints":{"allow":["GET"]}}],"collection":[{"href":"https:\/\/www.gaveanews.com\/index.php\/wp-json\/wp\/v2\/posts"}],"about":[{"href":"https:\/\/www.gaveanews.com\/index.php\/wp-json\/wp\/v2\/types\/post"}],"author":[{"embeddable":true,"href":"https:\/\/www.gaveanews.com\/index.php\/wp-json\/wp\/v2\/users\/33"}],"replies":[{"embeddable":true,"href":"https:\/\/www.gaveanews.com\/index.php\/wp-json\/wp\/v2\/comments?post=245628"}],"version-history":[{"count":1,"href":"https:\/\/www.gaveanews.com\/index.php\/wp-json\/wp\/v2\/posts\/245628\/revisions"}],"predecessor-version":[{"id":245638,"href":"https:\/\/www.gaveanews.com\/index.php\/wp-json\/wp\/v2\/posts\/245628\/revisions\/245638"}],"wp:featuredmedia":[{"embeddable":true,"href":"https:\/\/www.gaveanews.com\/index.php\/wp-json\/wp\/v2\/media\/152159"}],"wp:attachment":[{"href":"https:\/\/www.gaveanews.com\/index.php\/wp-json\/wp\/v2\/media?parent=245628"}],"wp:term":[{"taxonomy":"category","embeddable":true,"href":"https:\/\/www.gaveanews.com\/index.php\/wp-json\/wp\/v2\/categories?post=245628"},{"taxonomy":"post_tag","embeddable":true,"href":"https:\/\/www.gaveanews.com\/index.php\/wp-json\/wp\/v2\/tags?post=245628"}],"curies":[{"name":"wp","href":"https:\/\/api.w.org\/{rel}","templated":true}]}}