{"id":245759,"date":"2025-03-28T02:20:00","date_gmt":"2025-03-28T05:20:00","guid":{"rendered":"https:\/\/www.gaveanews.com\/?p=245759"},"modified":"2025-03-27T21:16:57","modified_gmt":"2025-03-28T00:16:57","slug":"goleiro-ederson-pode-trocar-de-time-na-europa","status":"publish","type":"post","link":"https:\/\/www.gaveanews.com\/index.php\/2025\/03\/28\/goleiro-ederson-pode-trocar-de-time-na-europa\/","title":{"rendered":"Goleiro Ederson pode trocar de time na Europa"},"content":{"rendered":"\n<p>O goleiro Ederson, atualmente no Manchester City, entrou na mira do Fenerbah\u00e7e para a janela de transfer\u00eancias do meio do ano. A poss\u00edvel negocia\u00e7\u00e3o ganhou for\u00e7a por influ\u00eancia direta de Jos\u00e9 Mourinho, t\u00e9cnico do clube turco, que j\u00e1 inicia o planejamento para a pr\u00f3xima temporada.<\/p>\n\n\n\n<p>Revelado pelo S\u00e3o Paulo e com passagem marcante pelo Benfica, Ederson defende o Manchester City desde 2017. Desde ent\u00e3o, acumulou conquistas relevantes com os Citizens, como seis t\u00edtulos da Premier League, uma Liga dos Campe\u00f5es, em 2023, e o Mundial de Clubes da Fifa em 2024. Seu v\u00ednculo com o clube ingl\u00eas \u00e9 v\u00e1lido at\u00e9 junho de 2026.<\/p>\n\n\n\n<p>Apesar de contar com prest\u00edgio junto ao t\u00e9cnico Pep Guardiola, Ederson pode deixar o clube no fim da atual temporada europeia. Afinal, o Manchester City atravessa um ano inst\u00e1vel, ocupando apenas a quinta posi\u00e7\u00e3o na Premier League, com 48 pontos, e j\u00e1 sem chances de disputar o t\u00edtulo. A principal meta da equipe no momento \u00e9 assegurar uma vaga na pr\u00f3xima Liga dos Campe\u00f5es.<\/p>\n\n\n\n<p>O Fenerbah\u00e7e tamb\u00e9m passa por um momento de redefini\u00e7\u00e3o. A equipe ocupa a segunda coloca\u00e7\u00e3o no Campeonato Turco, mas est\u00e1 nove pontos atr\u00e1s do Galatasaray, atual l\u00edder. Essa diferen\u00e7a reduz consideravelmente as chances de t\u00edtulo na competi\u00e7\u00e3o nacional. Diante desse cen\u00e1rio, Mourinho j\u00e1 busca refor\u00e7os pontuais para fortalecer o elenco.<\/p>\n\n\n\n<p>Segundo informa\u00e7\u00f5es dos jornais \u201cThe Mirror\u201d, da Inglaterra, e \u201cFanatik\u201d, da Turquia, o nome de Ederson surgiu como prioridade no radar do clube de Istambul. A chegada do goleiro brasileiro \u00e9 vista como uma pe\u00e7a-chave no novo ciclo desejado por Mourinho, que tenta reestruturar o sistema defensivo da equipe.<\/p>\n\n\n\n<p>Enquanto isso, o Manchester City ainda tem compromissos importantes. O time enfrentar\u00e1 o Bournemouth no pr\u00f3ximo domingo (30 de mar\u00e7o), \u00e0s 12h30 (hor\u00e1rio de Bras\u00edlia), pelas quartas de final da Copa da Inglaterra. Esse torneio representa a \u00faltima oportunidade de t\u00edtulo para o clube na atual temporada.<\/p>\n","protected":false},"excerpt":{"rendered":"<p>O goleiro Ederson, atualmente no Manchester City, entrou na mira do Fenerbah\u00e7e para a janela de transfer\u00eancias do meio do ano. A poss\u00edvel negocia\u00e7\u00e3o ganhou for\u00e7a por influ\u00eancia direta de Jos\u00e9 Mourinho, t\u00e9cnico do clube turco, que j\u00e1 inicia o planejamento para a pr\u00f3xima temporada. Revelado pelo S\u00e3o Paulo e com passagem marcante pelo Benfica, [&hellip;]<\/p>\n","protected":false},"author":18,"featured_media":154791,"comment_status":"open","ping_status":"closed","sticky":false,"template":"","format":"standard","meta":{"footnotes":""},"categories":[84],"tags":[],"class_list":["post-245759","post","type-post","status-publish","format-standard","has-post-thumbnail","hentry","category-manchester-city"],"yoast_head":"<!-- This site is optimized with the Yoast SEO Premium plugin v24.2 (Yoast SEO v26.9) - https:\/\/yoast.com\/product\/yoast-seo-premium-wordpress\/ -->\n<title>Goleiro Ederson pode trocar de time na Europa<\/title>\n<meta name=\"robots\" content=\"index, follow, max-snippet:-1, max-image-preview:large, max-video-preview:-1\" \/>\n<link rel=\"canonical\" href=\"https:\/\/www.gaveanews.com\/index.php\/2025\/03\/28\/goleiro-ederson-pode-trocar-de-time-na-europa\/\" \/>\n<meta property=\"og:locale\" content=\"pt_BR\" \/>\n<meta property=\"og:type\" content=\"article\" \/>\n<meta property=\"og:title\" content=\"Goleiro Ederson pode trocar de time na Europa\" \/>\n<meta property=\"og:description\" content=\"O goleiro Ederson, atualmente no Manchester City, entrou na mira do Fenerbah\u00e7e para a janela de transfer\u00eancias do meio do ano. A poss\u00edvel negocia\u00e7\u00e3o ganhou for\u00e7a por influ\u00eancia direta de Jos\u00e9 Mourinho, t\u00e9cnico do clube turco, que j\u00e1 inicia o planejamento para a pr\u00f3xima temporada. Revelado pelo S\u00e3o Paulo e com passagem marcante pelo Benfica, [&hellip;]\" \/>\n<meta property=\"og:url\" content=\"https:\/\/www.gaveanews.com\/index.php\/2025\/03\/28\/goleiro-ederson-pode-trocar-de-time-na-europa\/\" \/>\n<meta property=\"og:site_name\" content=\"G\u00e1vea News\" \/>\n<meta property=\"article:publisher\" content=\"https:\/\/facebook.com\/gaveaNews\/\" \/>\n<meta property=\"article:published_time\" content=\"2025-03-28T05:20:00+00:00\" \/>\n<meta property=\"og:image\" content=\"https:\/\/www.gaveanews.com\/wp-content\/uploads\/Ederson-com-a-camisa-do-Manchester-City-em-2024.webp\" \/>\n\t<meta property=\"og:image:width\" content=\"1440\" \/>\n\t<meta property=\"og:image:height\" content=\"960\" \/>\n\t<meta property=\"og:image:type\" content=\"image\/jpeg\" \/>\n<meta name=\"author\" content=\"Paula Silva\" \/>\n<meta name=\"twitter:card\" content=\"summary_large_image\" \/>\n<meta name=\"twitter:label1\" content=\"Escrito por\" \/>\n\t<meta name=\"twitter:data1\" content=\"Paula Silva\" \/>\n\t<meta name=\"twitter:label2\" content=\"Est. tempo de leitura\" \/>\n\t<meta name=\"twitter:data2\" content=\"2 minutos\" \/>\n<script type=\"application\/ld+json\" class=\"yoast-schema-graph\">{\"@context\":\"https:\/\/schema.org\",\"@graph\":[{\"@type\":\"NewsArticle\",\"@id\":\"https:\/\/www.gaveanews.com\/index.php\/2025\/03\/28\/goleiro-ederson-pode-trocar-de-time-na-europa\/#article\",\"isPartOf\":{\"@id\":\"https:\/\/www.gaveanews.com\/index.php\/2025\/03\/28\/goleiro-ederson-pode-trocar-de-time-na-europa\/\"},\"author\":{\"name\":\"Paula Silva\",\"@id\":\"https:\/\/www.gaveanews.com\/#\/schema\/person\/daf63eec72e1164eb13dc35096c2b8da\"},\"headline\":\"Goleiro Ederson pode trocar de time na Europa\",\"datePublished\":\"2025-03-28T05:20:00+00:00\",\"mainEntityOfPage\":{\"@id\":\"https:\/\/www.gaveanews.com\/index.php\/2025\/03\/28\/goleiro-ederson-pode-trocar-de-time-na-europa\/\"},\"wordCount\":352,\"commentCount\":0,\"image\":{\"@id\":\"https:\/\/www.gaveanews.com\/index.php\/2025\/03\/28\/goleiro-ederson-pode-trocar-de-time-na-europa\/#primaryimage\"},\"thumbnailUrl\":\"https:\/\/www.gaveanews.com\/wp-content\/uploads\/Ederson-com-a-camisa-do-Manchester-City-em-2024.webp\",\"articleSection\":[\"Manchester City\"],\"inLanguage\":\"pt-BR\",\"potentialAction\":[{\"@type\":\"CommentAction\",\"name\":\"Comment\",\"target\":[\"https:\/\/www.gaveanews.com\/index.php\/2025\/03\/28\/goleiro-ederson-pode-trocar-de-time-na-europa\/#respond\"]}],\"copyrightYear\":\"2025\",\"copyrightHolder\":{\"@id\":\"https:\/\/www.gaveanews.com\/#organization\"}},{\"@type\":\"WebPage\",\"@id\":\"https:\/\/www.gaveanews.com\/index.php\/2025\/03\/28\/goleiro-ederson-pode-trocar-de-time-na-europa\/\",\"url\":\"https:\/\/www.gaveanews.com\/index.php\/2025\/03\/28\/goleiro-ederson-pode-trocar-de-time-na-europa\/\",\"name\":\"Goleiro Ederson pode trocar de time na Europa\",\"isPartOf\":{\"@id\":\"https:\/\/www.gaveanews.com\/#website\"},\"primaryImageOfPage\":{\"@id\":\"https:\/\/www.gaveanews.com\/index.php\/2025\/03\/28\/goleiro-ederson-pode-trocar-de-time-na-europa\/#primaryimage\"},\"image\":{\"@id\":\"https:\/\/www.gaveanews.com\/index.php\/2025\/03\/28\/goleiro-ederson-pode-trocar-de-time-na-europa\/#primaryimage\"},\"thumbnailUrl\":\"https:\/\/www.gaveanews.com\/wp-content\/uploads\/Ederson-com-a-camisa-do-Manchester-City-em-2024.webp\",\"datePublished\":\"2025-03-28T05:20:00+00:00\",\"author\":{\"@id\":\"https:\/\/www.gaveanews.com\/#\/schema\/person\/daf63eec72e1164eb13dc35096c2b8da\"},\"breadcrumb\":{\"@id\":\"https:\/\/www.gaveanews.com\/index.php\/2025\/03\/28\/goleiro-ederson-pode-trocar-de-time-na-europa\/#breadcrumb\"},\"inLanguage\":\"pt-BR\",\"potentialAction\":[{\"@type\":\"ReadAction\",\"target\":[\"https:\/\/www.gaveanews.com\/index.php\/2025\/03\/28\/goleiro-ederson-pode-trocar-de-time-na-europa\/\"]}]},{\"@type\":\"ImageObject\",\"inLanguage\":\"pt-BR\",\"@id\":\"https:\/\/www.gaveanews.com\/index.php\/2025\/03\/28\/goleiro-ederson-pode-trocar-de-time-na-europa\/#primaryimage\",\"url\":\"https:\/\/www.gaveanews.com\/wp-content\/uploads\/Ederson-com-a-camisa-do-Manchester-City-em-2024.webp\",\"contentUrl\":\"https:\/\/www.gaveanews.com\/wp-content\/uploads\/Ederson-com-a-camisa-do-Manchester-City-em-2024.webp\",\"width\":1440,\"height\":960,\"caption\":\"Ederson com a camisa do Manchester City em 2024 (Foto: Reprodu\u00e7\u00e3o\/Manchester City)\"},{\"@type\":\"BreadcrumbList\",\"@id\":\"https:\/\/www.gaveanews.com\/index.php\/2025\/03\/28\/goleiro-ederson-pode-trocar-de-time-na-europa\/#breadcrumb\",\"itemListElement\":[{\"@type\":\"ListItem\",\"position\":1,\"name\":\"Home\",\"item\":\"https:\/\/www.gaveanews.com\/\"},{\"@type\":\"ListItem\",\"position\":2,\"name\":\"Goleiro Ederson pode trocar de time na Europa\"}]},{\"@type\":\"WebSite\",\"@id\":\"https:\/\/www.gaveanews.com\/#website\",\"url\":\"https:\/\/www.gaveanews.com\/\",\"name\":\"G\u00e1vea News\",\"description\":\"Veja todas as not\u00edcias sobre o Flamengo: Contrata\u00e7\u00f5es, categorias de base, resultados das partidas, tabela de classifica\u00e7\u00e3o, pr\u00f3ximos jogos!\",\"potentialAction\":[{\"@type\":\"SearchAction\",\"target\":{\"@type\":\"EntryPoint\",\"urlTemplate\":\"https:\/\/www.gaveanews.com\/?s={search_term_string}\"},\"query-input\":{\"@type\":\"PropertyValueSpecification\",\"valueRequired\":true,\"valueName\":\"search_term_string\"}}],\"inLanguage\":\"pt-BR\"},{\"@type\":\"Person\",\"@id\":\"https:\/\/www.gaveanews.com\/#\/schema\/person\/daf63eec72e1164eb13dc35096c2b8da\",\"name\":\"Paula Silva\",\"image\":{\"@type\":\"ImageObject\",\"inLanguage\":\"pt-BR\",\"@id\":\"https:\/\/www.gaveanews.com\/#\/schema\/person\/image\/\",\"url\":\"https:\/\/secure.gravatar.com\/avatar\/eda381c845527cc5d64c13b901833cda29d97500ba040d3e6461f76f51d163bb?s=96&d=mm&r=g\",\"contentUrl\":\"https:\/\/secure.gravatar.com\/avatar\/eda381c845527cc5d64c13b901833cda29d97500ba040d3e6461f76f51d163bb?s=96&d=mm&r=g\",\"caption\":\"Paula Silva\"}}]}<\/script>\n<!-- \/ Yoast SEO Premium plugin. -->","yoast_head_json":{"title":"Goleiro Ederson pode trocar de time na Europa","robots":{"index":"index","follow":"follow","max-snippet":"max-snippet:-1","max-image-preview":"max-image-preview:large","max-video-preview":"max-video-preview:-1"},"canonical":"https:\/\/www.gaveanews.com\/index.php\/2025\/03\/28\/goleiro-ederson-pode-trocar-de-time-na-europa\/","og_locale":"pt_BR","og_type":"article","og_title":"Goleiro Ederson pode trocar de time na Europa","og_description":"O goleiro Ederson, atualmente no Manchester City, entrou na mira do Fenerbah\u00e7e para a janela de transfer\u00eancias do meio do ano. A poss\u00edvel negocia\u00e7\u00e3o ganhou for\u00e7a por influ\u00eancia direta de Jos\u00e9 Mourinho, t\u00e9cnico do clube turco, que j\u00e1 inicia o planejamento para a pr\u00f3xima temporada. Revelado pelo S\u00e3o Paulo e com passagem marcante pelo Benfica, [&hellip;]","og_url":"https:\/\/www.gaveanews.com\/index.php\/2025\/03\/28\/goleiro-ederson-pode-trocar-de-time-na-europa\/","og_site_name":"G\u00e1vea News","article_publisher":"https:\/\/facebook.com\/gaveaNews\/","article_published_time":"2025-03-28T05:20:00+00:00","og_image":[{"width":1440,"height":960,"url":"https:\/\/www.gaveanews.com\/wp-content\/uploads\/Ederson-com-a-camisa-do-Manchester-City-em-2024.webp","type":"image\/jpeg"}],"author":"Paula Silva","twitter_card":"summary_large_image","twitter_misc":{"Escrito por":"Paula Silva","Est. tempo de leitura":"2 minutos"},"schema":{"@context":"https:\/\/schema.org","@graph":[{"@type":"NewsArticle","@id":"https:\/\/www.gaveanews.com\/index.php\/2025\/03\/28\/goleiro-ederson-pode-trocar-de-time-na-europa\/#article","isPartOf":{"@id":"https:\/\/www.gaveanews.com\/index.php\/2025\/03\/28\/goleiro-ederson-pode-trocar-de-time-na-europa\/"},"author":{"name":"Paula Silva","@id":"https:\/\/www.gaveanews.com\/#\/schema\/person\/daf63eec72e1164eb13dc35096c2b8da"},"headline":"Goleiro Ederson pode trocar de time na Europa","datePublished":"2025-03-28T05:20:00+00:00","mainEntityOfPage":{"@id":"https:\/\/www.gaveanews.com\/index.php\/2025\/03\/28\/goleiro-ederson-pode-trocar-de-time-na-europa\/"},"wordCount":352,"commentCount":0,"image":{"@id":"https:\/\/www.gaveanews.com\/index.php\/2025\/03\/28\/goleiro-ederson-pode-trocar-de-time-na-europa\/#primaryimage"},"thumbnailUrl":"https:\/\/www.gaveanews.com\/wp-content\/uploads\/Ederson-com-a-camisa-do-Manchester-City-em-2024.webp","articleSection":["Manchester City"],"inLanguage":"pt-BR","potentialAction":[{"@type":"CommentAction","name":"Comment","target":["https:\/\/www.gaveanews.com\/index.php\/2025\/03\/28\/goleiro-ederson-pode-trocar-de-time-na-europa\/#respond"]}],"copyrightYear":"2025","copyrightHolder":{"@id":"https:\/\/www.gaveanews.com\/#organization"}},{"@type":"WebPage","@id":"https:\/\/www.gaveanews.com\/index.php\/2025\/03\/28\/goleiro-ederson-pode-trocar-de-time-na-europa\/","url":"https:\/\/www.gaveanews.com\/index.php\/2025\/03\/28\/goleiro-ederson-pode-trocar-de-time-na-europa\/","name":"Goleiro Ederson pode trocar de time na Europa","isPartOf":{"@id":"https:\/\/www.gaveanews.com\/#website"},"primaryImageOfPage":{"@id":"https:\/\/www.gaveanews.com\/index.php\/2025\/03\/28\/goleiro-ederson-pode-trocar-de-time-na-europa\/#primaryimage"},"image":{"@id":"https:\/\/www.gaveanews.com\/index.php\/2025\/03\/28\/goleiro-ederson-pode-trocar-de-time-na-europa\/#primaryimage"},"thumbnailUrl":"https:\/\/www.gaveanews.com\/wp-content\/uploads\/Ederson-com-a-camisa-do-Manchester-City-em-2024.webp","datePublished":"2025-03-28T05:20:00+00:00","author":{"@id":"https:\/\/www.gaveanews.com\/#\/schema\/person\/daf63eec72e1164eb13dc35096c2b8da"},"breadcrumb":{"@id":"https:\/\/www.gaveanews.com\/index.php\/2025\/03\/28\/goleiro-ederson-pode-trocar-de-time-na-europa\/#breadcrumb"},"inLanguage":"pt-BR","potentialAction":[{"@type":"ReadAction","target":["https:\/\/www.gaveanews.com\/index.php\/2025\/03\/28\/goleiro-ederson-pode-trocar-de-time-na-europa\/"]}]},{"@type":"ImageObject","inLanguage":"pt-BR","@id":"https:\/\/www.gaveanews.com\/index.php\/2025\/03\/28\/goleiro-ederson-pode-trocar-de-time-na-europa\/#primaryimage","url":"https:\/\/www.gaveanews.com\/wp-content\/uploads\/Ederson-com-a-camisa-do-Manchester-City-em-2024.webp","contentUrl":"https:\/\/www.gaveanews.com\/wp-content\/uploads\/Ederson-com-a-camisa-do-Manchester-City-em-2024.webp","width":1440,"height":960,"caption":"Ederson com a camisa do Manchester City em 2024 (Foto: Reprodu\u00e7\u00e3o\/Manchester City)"},{"@type":"BreadcrumbList","@id":"https:\/\/www.gaveanews.com\/index.php\/2025\/03\/28\/goleiro-ederson-pode-trocar-de-time-na-europa\/#breadcrumb","itemListElement":[{"@type":"ListItem","position":1,"name":"Home","item":"https:\/\/www.gaveanews.com\/"},{"@type":"ListItem","position":2,"name":"Goleiro Ederson pode trocar de time na Europa"}]},{"@type":"WebSite","@id":"https:\/\/www.gaveanews.com\/#website","url":"https:\/\/www.gaveanews.com\/","name":"G\u00e1vea News","description":"Veja todas as not\u00edcias sobre o Flamengo: Contrata\u00e7\u00f5es, categorias de base, resultados das partidas, tabela de classifica\u00e7\u00e3o, pr\u00f3ximos jogos!","potentialAction":[{"@type":"SearchAction","target":{"@type":"EntryPoint","urlTemplate":"https:\/\/www.gaveanews.com\/?s={search_term_string}"},"query-input":{"@type":"PropertyValueSpecification","valueRequired":true,"valueName":"search_term_string"}}],"inLanguage":"pt-BR"},{"@type":"Person","@id":"https:\/\/www.gaveanews.com\/#\/schema\/person\/daf63eec72e1164eb13dc35096c2b8da","name":"Paula Silva","image":{"@type":"ImageObject","inLanguage":"pt-BR","@id":"https:\/\/www.gaveanews.com\/#\/schema\/person\/image\/","url":"https:\/\/secure.gravatar.com\/avatar\/eda381c845527cc5d64c13b901833cda29d97500ba040d3e6461f76f51d163bb?s=96&d=mm&r=g","contentUrl":"https:\/\/secure.gravatar.com\/avatar\/eda381c845527cc5d64c13b901833cda29d97500ba040d3e6461f76f51d163bb?s=96&d=mm&r=g","caption":"Paula Silva"}}]}},"_links":{"self":[{"href":"https:\/\/www.gaveanews.com\/index.php\/wp-json\/wp\/v2\/posts\/245759","targetHints":{"allow":["GET"]}}],"collection":[{"href":"https:\/\/www.gaveanews.com\/index.php\/wp-json\/wp\/v2\/posts"}],"about":[{"href":"https:\/\/www.gaveanews.com\/index.php\/wp-json\/wp\/v2\/types\/post"}],"author":[{"embeddable":true,"href":"https:\/\/www.gaveanews.com\/index.php\/wp-json\/wp\/v2\/users\/18"}],"replies":[{"embeddable":true,"href":"https:\/\/www.gaveanews.com\/index.php\/wp-json\/wp\/v2\/comments?post=245759"}],"version-history":[{"count":1,"href":"https:\/\/www.gaveanews.com\/index.php\/wp-json\/wp\/v2\/posts\/245759\/revisions"}],"predecessor-version":[{"id":245762,"href":"https:\/\/www.gaveanews.com\/index.php\/wp-json\/wp\/v2\/posts\/245759\/revisions\/245762"}],"wp:featuredmedia":[{"embeddable":true,"href":"https:\/\/www.gaveanews.com\/index.php\/wp-json\/wp\/v2\/media\/154791"}],"wp:attachment":[{"href":"https:\/\/www.gaveanews.com\/index.php\/wp-json\/wp\/v2\/media?parent=245759"}],"wp:term":[{"taxonomy":"category","embeddable":true,"href":"https:\/\/www.gaveanews.com\/index.php\/wp-json\/wp\/v2\/categories?post=245759"},{"taxonomy":"post_tag","embeddable":true,"href":"https:\/\/www.gaveanews.com\/index.php\/wp-json\/wp\/v2\/tags?post=245759"}],"curies":[{"name":"wp","href":"https:\/\/api.w.org\/{rel}","templated":true}]}}