{"id":245777,"date":"2025-03-28T02:45:00","date_gmt":"2025-03-28T05:45:00","guid":{"rendered":"https:\/\/www.gaveanews.com\/?p=245777"},"modified":"2025-03-27T22:22:21","modified_gmt":"2025-03-28T01:22:21","slug":"diego-rosa-faz-promessa-para-a-torcida-do-internacional","status":"publish","type":"post","link":"https:\/\/www.gaveanews.com\/index.php\/2025\/03\/28\/diego-rosa-faz-promessa-para-a-torcida-do-internacional\/","title":{"rendered":"Diego Rosa faz promessa para a torcida do Internacional"},"content":{"rendered":"\n<p>O Internacional apresentou oficialmente o volante Diego Rosa na \u00faltima quarta-feira (26). Aos 22 anos, o jogador retorna ao futebol brasileiro por empr\u00e9stimo at\u00e9 o fim da temporada, ap\u00f3s passagem pela B\u00e9lgica. A contrata\u00e7\u00e3o foi anunciada juntamente com a chegada do zagueiro Juninho e do meia \u00d3scar Romero, todos fora da disputa do Campeonato Ga\u00facho por terem chegado ap\u00f3s o fim do per\u00edodo de inscri\u00e7\u00f5es.<\/p>\n\n\n\n<p>Revelado pelas categorias de base do Gr\u00eamio, Diego Rosa foi negociado com o Grupo City ainda aos 17 anos, cercado de expectativa. Entretanto, apesar do status de promessa, o atleta ainda n\u00e3o conseguiu firmar seu espa\u00e7o no futebol europeu. Antes de chegar ao Beira-Rio, ele acumulou passagens por Vizela, de Portugal, e Lommel, da B\u00e9lgica, al\u00e9m de ter atuado pelo Bahia durante a temporada de 2023.<\/p>\n\n\n\n<p>A experi\u00eancia no clube baiano, sua cidade natal, n\u00e3o foi das mais positivas. O jogador admitiu ter vivido uma fase conturbada, a ponto de considerar interromper a carreira. &#8220;Passei um momento dif\u00edcil no Bahia, por ser minha cidade natal, mas venho com outra cabe\u00e7a, focado&#8221;, afirmou Diego, demonstrando estar mais maduro neste novo momento da carreira.<\/p>\n\n\n\n<p>Ali\u00e1s, o volante relaciona essa mudan\u00e7a de postura ao nascimento da filha, que completou tr\u00eas meses recentemente. Segundo ele, a chegada da crian\u00e7a aumentou sua responsabilidade pessoal e profissional. &#8220;Venho com a cabe\u00e7a tranquila e focado no Inter para fazer uma grande temporada aqui&#8221;, completou.<\/p>\n\n\n\n<p>No elenco comandado por Roger Machado, Diego Rosa inicialmente disputar\u00e1 posi\u00e7\u00e3o com Bruno Henrique e Thiago Maia como segundo volante. Contudo, ele salientou sua versatilidade ao apontar que tamb\u00e9m pode atuar como meia, fun\u00e7\u00e3o que desempenhou na B\u00e9lgica, ou at\u00e9 mesmo como lateral-direito, a depender das necessidades do time.<\/p>\n\n\n\n<p>&#8220;Vejo como uma oportunidade \u00fanica na minha vida&#8221;, declarou o jogador. &#8220;O Inter est\u00e1 abrindo as portas para eu estar atuando no futebol brasileiro. Ent\u00e3o prometo dar minha vida dentro de campo e fazer de tudo para dar certo.&#8221; Conforme suas pr\u00f3prias palavras, ele se define como um jogador de chegada \u00e0 \u00e1rea, com bom aproveitamento em bolas paradas \u2014 caracter\u00edsticas que podem ser \u00fateis ao longo da temporada colorada.<\/p>\n","protected":false},"excerpt":{"rendered":"<p>O Internacional apresentou oficialmente o volante Diego Rosa na \u00faltima quarta-feira (26). Aos 22 anos, o jogador retorna ao futebol brasileiro por empr\u00e9stimo at\u00e9 o fim da temporada, ap\u00f3s passagem pela B\u00e9lgica. A contrata\u00e7\u00e3o foi anunciada juntamente com a chegada do zagueiro Juninho e do meia \u00d3scar Romero, todos fora da disputa do Campeonato Ga\u00facho [&hellip;]<\/p>\n","protected":false},"author":18,"featured_media":173600,"comment_status":"open","ping_status":"closed","sticky":false,"template":"","format":"standard","meta":{"footnotes":""},"categories":[148],"tags":[],"class_list":["post-245777","post","type-post","status-publish","format-standard","has-post-thumbnail","hentry","category-internacional"],"yoast_head":"<!-- This site is optimized with the Yoast SEO Premium plugin v24.2 (Yoast SEO v26.9) - https:\/\/yoast.com\/product\/yoast-seo-premium-wordpress\/ -->\n<title>Diego Rosa faz promessa para a torcida do Internacional<\/title>\n<meta name=\"robots\" content=\"index, follow, max-snippet:-1, max-image-preview:large, max-video-preview:-1\" \/>\n<link rel=\"canonical\" href=\"https:\/\/www.gaveanews.com\/index.php\/2025\/03\/28\/diego-rosa-faz-promessa-para-a-torcida-do-internacional\/\" \/>\n<meta property=\"og:locale\" content=\"pt_BR\" \/>\n<meta property=\"og:type\" content=\"article\" \/>\n<meta property=\"og:title\" content=\"Diego Rosa faz promessa para a torcida do Internacional\" \/>\n<meta property=\"og:description\" content=\"O Internacional apresentou oficialmente o volante Diego Rosa na \u00faltima quarta-feira (26). Aos 22 anos, o jogador retorna ao futebol brasileiro por empr\u00e9stimo at\u00e9 o fim da temporada, ap\u00f3s passagem pela B\u00e9lgica. A contrata\u00e7\u00e3o foi anunciada juntamente com a chegada do zagueiro Juninho e do meia \u00d3scar Romero, todos fora da disputa do Campeonato Ga\u00facho [&hellip;]\" \/>\n<meta property=\"og:url\" content=\"https:\/\/www.gaveanews.com\/index.php\/2025\/03\/28\/diego-rosa-faz-promessa-para-a-torcida-do-internacional\/\" \/>\n<meta property=\"og:site_name\" content=\"G\u00e1vea News\" \/>\n<meta property=\"article:publisher\" content=\"https:\/\/facebook.com\/gaveaNews\/\" \/>\n<meta property=\"article:published_time\" content=\"2025-03-28T05:45:00+00:00\" \/>\n<meta property=\"og:image\" content=\"https:\/\/www.gaveanews.com\/wp-content\/uploads\/Escudo-do-Internacional.webp\" \/>\n\t<meta property=\"og:image:width\" content=\"1728\" \/>\n\t<meta property=\"og:image:height\" content=\"1080\" \/>\n\t<meta property=\"og:image:type\" content=\"image\/webp\" \/>\n<meta name=\"author\" content=\"Paula Silva\" \/>\n<meta name=\"twitter:card\" content=\"summary_large_image\" \/>\n<meta name=\"twitter:label1\" content=\"Escrito por\" \/>\n\t<meta name=\"twitter:data1\" content=\"Paula Silva\" \/>\n\t<meta name=\"twitter:label2\" content=\"Est. tempo de leitura\" \/>\n\t<meta name=\"twitter:data2\" content=\"3 minutos\" \/>\n<script type=\"application\/ld+json\" class=\"yoast-schema-graph\">{\"@context\":\"https:\/\/schema.org\",\"@graph\":[{\"@type\":\"NewsArticle\",\"@id\":\"https:\/\/www.gaveanews.com\/index.php\/2025\/03\/28\/diego-rosa-faz-promessa-para-a-torcida-do-internacional\/#article\",\"isPartOf\":{\"@id\":\"https:\/\/www.gaveanews.com\/index.php\/2025\/03\/28\/diego-rosa-faz-promessa-para-a-torcida-do-internacional\/\"},\"author\":{\"name\":\"Paula Silva\",\"@id\":\"https:\/\/www.gaveanews.com\/#\/schema\/person\/daf63eec72e1164eb13dc35096c2b8da\"},\"headline\":\"Diego Rosa faz promessa para a torcida do Internacional\",\"datePublished\":\"2025-03-28T05:45:00+00:00\",\"mainEntityOfPage\":{\"@id\":\"https:\/\/www.gaveanews.com\/index.php\/2025\/03\/28\/diego-rosa-faz-promessa-para-a-torcida-do-internacional\/\"},\"wordCount\":383,\"commentCount\":0,\"image\":{\"@id\":\"https:\/\/www.gaveanews.com\/index.php\/2025\/03\/28\/diego-rosa-faz-promessa-para-a-torcida-do-internacional\/#primaryimage\"},\"thumbnailUrl\":\"https:\/\/www.gaveanews.com\/wp-content\/uploads\/Escudo-do-Internacional.webp\",\"articleSection\":[\"Internacional\"],\"inLanguage\":\"pt-BR\",\"potentialAction\":[{\"@type\":\"CommentAction\",\"name\":\"Comment\",\"target\":[\"https:\/\/www.gaveanews.com\/index.php\/2025\/03\/28\/diego-rosa-faz-promessa-para-a-torcida-do-internacional\/#respond\"]}],\"copyrightYear\":\"2025\",\"copyrightHolder\":{\"@id\":\"https:\/\/www.gaveanews.com\/#organization\"}},{\"@type\":\"WebPage\",\"@id\":\"https:\/\/www.gaveanews.com\/index.php\/2025\/03\/28\/diego-rosa-faz-promessa-para-a-torcida-do-internacional\/\",\"url\":\"https:\/\/www.gaveanews.com\/index.php\/2025\/03\/28\/diego-rosa-faz-promessa-para-a-torcida-do-internacional\/\",\"name\":\"Diego Rosa faz promessa para a torcida do Internacional\",\"isPartOf\":{\"@id\":\"https:\/\/www.gaveanews.com\/#website\"},\"primaryImageOfPage\":{\"@id\":\"https:\/\/www.gaveanews.com\/index.php\/2025\/03\/28\/diego-rosa-faz-promessa-para-a-torcida-do-internacional\/#primaryimage\"},\"image\":{\"@id\":\"https:\/\/www.gaveanews.com\/index.php\/2025\/03\/28\/diego-rosa-faz-promessa-para-a-torcida-do-internacional\/#primaryimage\"},\"thumbnailUrl\":\"https:\/\/www.gaveanews.com\/wp-content\/uploads\/Escudo-do-Internacional.webp\",\"datePublished\":\"2025-03-28T05:45:00+00:00\",\"author\":{\"@id\":\"https:\/\/www.gaveanews.com\/#\/schema\/person\/daf63eec72e1164eb13dc35096c2b8da\"},\"breadcrumb\":{\"@id\":\"https:\/\/www.gaveanews.com\/index.php\/2025\/03\/28\/diego-rosa-faz-promessa-para-a-torcida-do-internacional\/#breadcrumb\"},\"inLanguage\":\"pt-BR\",\"potentialAction\":[{\"@type\":\"ReadAction\",\"target\":[\"https:\/\/www.gaveanews.com\/index.php\/2025\/03\/28\/diego-rosa-faz-promessa-para-a-torcida-do-internacional\/\"]}]},{\"@type\":\"ImageObject\",\"inLanguage\":\"pt-BR\",\"@id\":\"https:\/\/www.gaveanews.com\/index.php\/2025\/03\/28\/diego-rosa-faz-promessa-para-a-torcida-do-internacional\/#primaryimage\",\"url\":\"https:\/\/www.gaveanews.com\/wp-content\/uploads\/Escudo-do-Internacional.webp\",\"contentUrl\":\"https:\/\/www.gaveanews.com\/wp-content\/uploads\/Escudo-do-Internacional.webp\",\"width\":1728,\"height\":1080,\"caption\":\"Escudo do Internacional (Foto: Reprodu\u00e7\u00e3o)\"},{\"@type\":\"BreadcrumbList\",\"@id\":\"https:\/\/www.gaveanews.com\/index.php\/2025\/03\/28\/diego-rosa-faz-promessa-para-a-torcida-do-internacional\/#breadcrumb\",\"itemListElement\":[{\"@type\":\"ListItem\",\"position\":1,\"name\":\"Home\",\"item\":\"https:\/\/www.gaveanews.com\/\"},{\"@type\":\"ListItem\",\"position\":2,\"name\":\"Diego Rosa faz promessa para a torcida do Internacional\"}]},{\"@type\":\"WebSite\",\"@id\":\"https:\/\/www.gaveanews.com\/#website\",\"url\":\"https:\/\/www.gaveanews.com\/\",\"name\":\"G\u00e1vea News\",\"description\":\"Veja todas as not\u00edcias sobre o Flamengo: Contrata\u00e7\u00f5es, categorias de base, resultados das partidas, tabela de classifica\u00e7\u00e3o, pr\u00f3ximos jogos!\",\"potentialAction\":[{\"@type\":\"SearchAction\",\"target\":{\"@type\":\"EntryPoint\",\"urlTemplate\":\"https:\/\/www.gaveanews.com\/?s={search_term_string}\"},\"query-input\":{\"@type\":\"PropertyValueSpecification\",\"valueRequired\":true,\"valueName\":\"search_term_string\"}}],\"inLanguage\":\"pt-BR\"},{\"@type\":\"Person\",\"@id\":\"https:\/\/www.gaveanews.com\/#\/schema\/person\/daf63eec72e1164eb13dc35096c2b8da\",\"name\":\"Paula Silva\",\"image\":{\"@type\":\"ImageObject\",\"inLanguage\":\"pt-BR\",\"@id\":\"https:\/\/www.gaveanews.com\/#\/schema\/person\/image\/\",\"url\":\"https:\/\/secure.gravatar.com\/avatar\/eda381c845527cc5d64c13b901833cda29d97500ba040d3e6461f76f51d163bb?s=96&d=mm&r=g\",\"contentUrl\":\"https:\/\/secure.gravatar.com\/avatar\/eda381c845527cc5d64c13b901833cda29d97500ba040d3e6461f76f51d163bb?s=96&d=mm&r=g\",\"caption\":\"Paula Silva\"}}]}<\/script>\n<!-- \/ Yoast SEO Premium plugin. -->","yoast_head_json":{"title":"Diego Rosa faz promessa para a torcida do Internacional","robots":{"index":"index","follow":"follow","max-snippet":"max-snippet:-1","max-image-preview":"max-image-preview:large","max-video-preview":"max-video-preview:-1"},"canonical":"https:\/\/www.gaveanews.com\/index.php\/2025\/03\/28\/diego-rosa-faz-promessa-para-a-torcida-do-internacional\/","og_locale":"pt_BR","og_type":"article","og_title":"Diego Rosa faz promessa para a torcida do Internacional","og_description":"O Internacional apresentou oficialmente o volante Diego Rosa na \u00faltima quarta-feira (26). Aos 22 anos, o jogador retorna ao futebol brasileiro por empr\u00e9stimo at\u00e9 o fim da temporada, ap\u00f3s passagem pela B\u00e9lgica. A contrata\u00e7\u00e3o foi anunciada juntamente com a chegada do zagueiro Juninho e do meia \u00d3scar Romero, todos fora da disputa do Campeonato Ga\u00facho [&hellip;]","og_url":"https:\/\/www.gaveanews.com\/index.php\/2025\/03\/28\/diego-rosa-faz-promessa-para-a-torcida-do-internacional\/","og_site_name":"G\u00e1vea News","article_publisher":"https:\/\/facebook.com\/gaveaNews\/","article_published_time":"2025-03-28T05:45:00+00:00","og_image":[{"width":1728,"height":1080,"url":"https:\/\/www.gaveanews.com\/wp-content\/uploads\/Escudo-do-Internacional.webp","type":"image\/webp"}],"author":"Paula Silva","twitter_card":"summary_large_image","twitter_misc":{"Escrito por":"Paula Silva","Est. tempo de leitura":"3 minutos"},"schema":{"@context":"https:\/\/schema.org","@graph":[{"@type":"NewsArticle","@id":"https:\/\/www.gaveanews.com\/index.php\/2025\/03\/28\/diego-rosa-faz-promessa-para-a-torcida-do-internacional\/#article","isPartOf":{"@id":"https:\/\/www.gaveanews.com\/index.php\/2025\/03\/28\/diego-rosa-faz-promessa-para-a-torcida-do-internacional\/"},"author":{"name":"Paula Silva","@id":"https:\/\/www.gaveanews.com\/#\/schema\/person\/daf63eec72e1164eb13dc35096c2b8da"},"headline":"Diego Rosa faz promessa para a torcida do Internacional","datePublished":"2025-03-28T05:45:00+00:00","mainEntityOfPage":{"@id":"https:\/\/www.gaveanews.com\/index.php\/2025\/03\/28\/diego-rosa-faz-promessa-para-a-torcida-do-internacional\/"},"wordCount":383,"commentCount":0,"image":{"@id":"https:\/\/www.gaveanews.com\/index.php\/2025\/03\/28\/diego-rosa-faz-promessa-para-a-torcida-do-internacional\/#primaryimage"},"thumbnailUrl":"https:\/\/www.gaveanews.com\/wp-content\/uploads\/Escudo-do-Internacional.webp","articleSection":["Internacional"],"inLanguage":"pt-BR","potentialAction":[{"@type":"CommentAction","name":"Comment","target":["https:\/\/www.gaveanews.com\/index.php\/2025\/03\/28\/diego-rosa-faz-promessa-para-a-torcida-do-internacional\/#respond"]}],"copyrightYear":"2025","copyrightHolder":{"@id":"https:\/\/www.gaveanews.com\/#organization"}},{"@type":"WebPage","@id":"https:\/\/www.gaveanews.com\/index.php\/2025\/03\/28\/diego-rosa-faz-promessa-para-a-torcida-do-internacional\/","url":"https:\/\/www.gaveanews.com\/index.php\/2025\/03\/28\/diego-rosa-faz-promessa-para-a-torcida-do-internacional\/","name":"Diego Rosa faz promessa para a torcida do Internacional","isPartOf":{"@id":"https:\/\/www.gaveanews.com\/#website"},"primaryImageOfPage":{"@id":"https:\/\/www.gaveanews.com\/index.php\/2025\/03\/28\/diego-rosa-faz-promessa-para-a-torcida-do-internacional\/#primaryimage"},"image":{"@id":"https:\/\/www.gaveanews.com\/index.php\/2025\/03\/28\/diego-rosa-faz-promessa-para-a-torcida-do-internacional\/#primaryimage"},"thumbnailUrl":"https:\/\/www.gaveanews.com\/wp-content\/uploads\/Escudo-do-Internacional.webp","datePublished":"2025-03-28T05:45:00+00:00","author":{"@id":"https:\/\/www.gaveanews.com\/#\/schema\/person\/daf63eec72e1164eb13dc35096c2b8da"},"breadcrumb":{"@id":"https:\/\/www.gaveanews.com\/index.php\/2025\/03\/28\/diego-rosa-faz-promessa-para-a-torcida-do-internacional\/#breadcrumb"},"inLanguage":"pt-BR","potentialAction":[{"@type":"ReadAction","target":["https:\/\/www.gaveanews.com\/index.php\/2025\/03\/28\/diego-rosa-faz-promessa-para-a-torcida-do-internacional\/"]}]},{"@type":"ImageObject","inLanguage":"pt-BR","@id":"https:\/\/www.gaveanews.com\/index.php\/2025\/03\/28\/diego-rosa-faz-promessa-para-a-torcida-do-internacional\/#primaryimage","url":"https:\/\/www.gaveanews.com\/wp-content\/uploads\/Escudo-do-Internacional.webp","contentUrl":"https:\/\/www.gaveanews.com\/wp-content\/uploads\/Escudo-do-Internacional.webp","width":1728,"height":1080,"caption":"Escudo do Internacional (Foto: Reprodu\u00e7\u00e3o)"},{"@type":"BreadcrumbList","@id":"https:\/\/www.gaveanews.com\/index.php\/2025\/03\/28\/diego-rosa-faz-promessa-para-a-torcida-do-internacional\/#breadcrumb","itemListElement":[{"@type":"ListItem","position":1,"name":"Home","item":"https:\/\/www.gaveanews.com\/"},{"@type":"ListItem","position":2,"name":"Diego Rosa faz promessa para a torcida do Internacional"}]},{"@type":"WebSite","@id":"https:\/\/www.gaveanews.com\/#website","url":"https:\/\/www.gaveanews.com\/","name":"G\u00e1vea News","description":"Veja todas as not\u00edcias sobre o Flamengo: Contrata\u00e7\u00f5es, categorias de base, resultados das partidas, tabela de classifica\u00e7\u00e3o, pr\u00f3ximos jogos!","potentialAction":[{"@type":"SearchAction","target":{"@type":"EntryPoint","urlTemplate":"https:\/\/www.gaveanews.com\/?s={search_term_string}"},"query-input":{"@type":"PropertyValueSpecification","valueRequired":true,"valueName":"search_term_string"}}],"inLanguage":"pt-BR"},{"@type":"Person","@id":"https:\/\/www.gaveanews.com\/#\/schema\/person\/daf63eec72e1164eb13dc35096c2b8da","name":"Paula Silva","image":{"@type":"ImageObject","inLanguage":"pt-BR","@id":"https:\/\/www.gaveanews.com\/#\/schema\/person\/image\/","url":"https:\/\/secure.gravatar.com\/avatar\/eda381c845527cc5d64c13b901833cda29d97500ba040d3e6461f76f51d163bb?s=96&d=mm&r=g","contentUrl":"https:\/\/secure.gravatar.com\/avatar\/eda381c845527cc5d64c13b901833cda29d97500ba040d3e6461f76f51d163bb?s=96&d=mm&r=g","caption":"Paula Silva"}}]}},"_links":{"self":[{"href":"https:\/\/www.gaveanews.com\/index.php\/wp-json\/wp\/v2\/posts\/245777","targetHints":{"allow":["GET"]}}],"collection":[{"href":"https:\/\/www.gaveanews.com\/index.php\/wp-json\/wp\/v2\/posts"}],"about":[{"href":"https:\/\/www.gaveanews.com\/index.php\/wp-json\/wp\/v2\/types\/post"}],"author":[{"embeddable":true,"href":"https:\/\/www.gaveanews.com\/index.php\/wp-json\/wp\/v2\/users\/18"}],"replies":[{"embeddable":true,"href":"https:\/\/www.gaveanews.com\/index.php\/wp-json\/wp\/v2\/comments?post=245777"}],"version-history":[{"count":1,"href":"https:\/\/www.gaveanews.com\/index.php\/wp-json\/wp\/v2\/posts\/245777\/revisions"}],"predecessor-version":[{"id":245791,"href":"https:\/\/www.gaveanews.com\/index.php\/wp-json\/wp\/v2\/posts\/245777\/revisions\/245791"}],"wp:featuredmedia":[{"embeddable":true,"href":"https:\/\/www.gaveanews.com\/index.php\/wp-json\/wp\/v2\/media\/173600"}],"wp:attachment":[{"href":"https:\/\/www.gaveanews.com\/index.php\/wp-json\/wp\/v2\/media?parent=245777"}],"wp:term":[{"taxonomy":"category","embeddable":true,"href":"https:\/\/www.gaveanews.com\/index.php\/wp-json\/wp\/v2\/categories?post=245777"},{"taxonomy":"post_tag","embeddable":true,"href":"https:\/\/www.gaveanews.com\/index.php\/wp-json\/wp\/v2\/tags?post=245777"}],"curies":[{"name":"wp","href":"https:\/\/api.w.org\/{rel}","templated":true}]}}