{"id":245786,"date":"2025-03-28T03:00:00","date_gmt":"2025-03-28T06:00:00","guid":{"rendered":"https:\/\/www.gaveanews.com\/?p=245786"},"modified":"2025-03-27T23:35:47","modified_gmt":"2025-03-28T02:35:47","slug":"filipe-luis-aprova-saida-situacao-de-gerson-e-arrascaeta-e-bap-toma-decisao-interna-as-ultimas-noticias-do-flamengo","status":"publish","type":"post","link":"https:\/\/www.gaveanews.com\/index.php\/2025\/03\/28\/filipe-luis-aprova-saida-situacao-de-gerson-e-arrascaeta-e-bap-toma-decisao-interna-as-ultimas-noticias-do-flamengo\/","title":{"rendered":"Filipe Lu\u00eds aprova sa\u00edda, situa\u00e7\u00e3o de Gerson e Arrascaeta e BAP toma decis\u00e3o interna: as \u00faltimas not\u00edcias do Flamengo"},"content":{"rendered":"\n<p>Nas \u00faltimas horas, o foco das not\u00edcias sobre o Flamengo se concentram nos bastidores do clube, com destaques do dia a dia do time.<\/p>\n\n\n\n<p>Por conta deste contexto, leia abaixo um resumo preparado pela equipe do portal G\u00e1vea News para lhe manter muito bem informado!<\/p>\n\n\n\n<h2 class=\"wp-block-heading\" id=\"h-bap-toma-decisao-interna\">BAP toma decis\u00e3o interna<\/h2>\n\n\n\n<p>O Flamengo tem implementado uma s\u00e9rie de mudan\u00e7as estruturais no departamento de futebol feminino com o objetivo de torn\u00e1-lo mais competitivo e sustent\u00e1vel financeiramente. Diante do desafio de manter uma equipe que custa cerca de R$ 12 milh\u00f5es anuais e gera apenas R$ 1 milh\u00e3o em receitas, o clube transferiu a gest\u00e3o da modalidade para a vice-presid\u00eancia de esportes ol\u00edmpicos, comandada por Edson Menezes. A decis\u00e3o tem apoio de nomes experientes, como Marcus Vin\u00edcius Freire, ex-COB, e representa um novo modelo de administra\u00e7\u00e3o voltado ao crescimento da modalidade<strong><a href=\"https:\/\/www.gaveanews.com\/index.php\/2025\/03\/24\/flamengo-toma-atitude-importante-em-relacao-ao-futebol-feminino\/\"> (leia a mat\u00e9ria completa).<\/a><\/strong><\/p>\n\n\n\n<figure class=\"wp-block-image size-full\"><img loading=\"lazy\" decoding=\"async\" width=\"984\" height=\"554\" src=\"http:\/\/www.gaveanews.com\/wp-content\/uploads\/Luiz-Eduardo-Baptista-o-Bap-durante-coletiva-de-imprensa.webp\" alt=\"\" class=\"wp-image-43567\" srcset=\"https:\/\/www.gaveanews.com\/wp-content\/uploads\/Luiz-Eduardo-Baptista-o-Bap-durante-coletiva-de-imprensa.webp 984w, https:\/\/www.gaveanews.com\/wp-content\/uploads\/Luiz-Eduardo-Baptista-o-Bap-durante-coletiva-de-imprensa-300x169.webp 300w, https:\/\/www.gaveanews.com\/wp-content\/uploads\/Luiz-Eduardo-Baptista-o-Bap-durante-coletiva-de-imprensa-768x432.webp 768w, https:\/\/www.gaveanews.com\/wp-content\/uploads\/Luiz-Eduardo-Baptista-o-Bap-durante-coletiva-de-imprensa-746x420.webp 746w, https:\/\/www.gaveanews.com\/wp-content\/uploads\/Luiz-Eduardo-Baptista-o-Bap-durante-coletiva-de-imprensa-640x360.webp 640w, https:\/\/www.gaveanews.com\/wp-content\/uploads\/Luiz-Eduardo-Baptista-o-Bap-durante-coletiva-de-imprensa-681x383.webp 681w, https:\/\/www.gaveanews.com\/wp-content\/uploads\/Luiz-Eduardo-Baptista-o-Bap-durante-coletiva-de-imprensa-100x56.webp 100w\" sizes=\"auto, (max-width: 984px) 100vw, 984px\" \/><figcaption class=\"wp-element-caption\">Luiz Eduardo Baptista, o Bap, durante coletiva de imprensa (Foto: Divulga\u00e7\u00e3o)<\/figcaption><\/figure>\n\n\n\n<p>Al\u00e9m da mudan\u00e7a organizacional, o Flamengo busca parcerias estrat\u00e9gicas com empresas como a Petrobras para fortalecer o or\u00e7amento do time feminino. <\/p>\n\n\n\n<p>O clube tamb\u00e9m promoveu a mudan\u00e7a de sede dos treinos para o CFZ, facilitando a log\u00edstica e oferecendo melhores condi\u00e7\u00f5es estruturais \u00e0s atletas. Essas a\u00e7\u00f5es sinalizam um esfor\u00e7o do Rubro-Negro para alcan\u00e7ar o patamar de outras pot\u00eancias do futebol feminino nacional, como Corinthians e Palmeiras.<\/p>\n\n\n\n<p>Em campo, o time estreia no Campeonato Brasileiro Feminino diante do S\u00e3o Paulo, no Est\u00e1dio Luso-Brasileiro, com expectativa de iniciar bem a competi\u00e7\u00e3o e mostrar os resultados desse novo planejamento. A diretoria acredita que, com maior profissionaliza\u00e7\u00e3o, patroc\u00ednio e visibilidade, o Flamengo pode se tornar refer\u00eancia tamb\u00e9m entre as mulheres no futebol brasileiro.<\/p>\n\n\n\n<h2 class=\"wp-block-heading\" id=\"h-situacao-de-gerson-e-arrascaeta\">Situa\u00e7\u00e3o de Gerson e Arrascaeta<\/h2>\n\n\n\n<p>\u00c0s v\u00e9speras da estreia no Campeonato Brasileiro, o Flamengo encara incertezas envolvendo tr\u00eas de seus principais jogadores. Gerson, Arrascaeta e De La Cruz foram desconvocados de suas sele\u00e7\u00f5es durante a Data FIFA, e agora s\u00e3o d\u00favidas para o duelo contra o Internacional. Filipe Lu\u00eds, que comanda a equipe, aguarda os pareceres m\u00e9dicos para escalar a equipe ideal na abertura da competi\u00e7\u00e3o nacional<strong><a href=\"https:\/\/www.gaveanews.com\/index.php\/2025\/03\/24\/gerson-arrascaeta-e-de-la-cruz-veja-a-situacao-dos-jogadores-para-a-estreia-do-flamengo-no-brasileirao\/\"> (leia a mat\u00e9ria completa).<\/a><\/strong><\/p>\n\n\n\n<figure class=\"wp-block-image size-full\"><img loading=\"lazy\" decoding=\"async\" width=\"900\" height=\"599\" src=\"http:\/\/www.gaveanews.com\/wp-content\/uploads\/gerson-flamengo-vasco.webp\" alt=\"\" class=\"wp-image-100042\" srcset=\"https:\/\/www.gaveanews.com\/wp-content\/uploads\/gerson-flamengo-vasco.webp 900w, https:\/\/www.gaveanews.com\/wp-content\/uploads\/gerson-flamengo-vasco-300x200.webp 300w, https:\/\/www.gaveanews.com\/wp-content\/uploads\/gerson-flamengo-vasco-768x511.webp 768w, https:\/\/www.gaveanews.com\/wp-content\/uploads\/gerson-flamengo-vasco-631x420.webp 631w, https:\/\/www.gaveanews.com\/wp-content\/uploads\/gerson-flamengo-vasco-640x426.webp 640w, https:\/\/www.gaveanews.com\/wp-content\/uploads\/gerson-flamengo-vasco-681x453.webp 681w, https:\/\/www.gaveanews.com\/wp-content\/uploads\/gerson-flamengo-vasco-100x67.webp 100w\" sizes=\"auto, (max-width: 900px) 100vw, 900px\" \/><figcaption class=\"wp-element-caption\">Gerson marca gol pelo Flamengo em cl\u00e1ssico contra o Vasco (Foto: Marcelo Cortes\/Flamengo)<\/figcaption><\/figure>\n\n\n\n<p>Gerson foi liberado da Sele\u00e7\u00e3o Brasileira ap\u00f3s sentir dores na coxa, embora exames n\u00e3o tenham identificado les\u00e3o. J\u00e1 Arrascaeta, cortado do Uruguai por inc\u00f4modo muscular, preocupa devido ao seu hist\u00f3rico de les\u00f5es. A situa\u00e7\u00e3o mais tranquila \u00e9 a de De La Cruz, que retornou ao clube apenas por desgaste f\u00edsico e deve estar \u00e0 disposi\u00e7\u00e3o para o confronto no Maracan\u00e3. A comiss\u00e3o t\u00e9cnica do Flamengo adota cautela, priorizando a condi\u00e7\u00e3o f\u00edsica ideal para garantir desempenho e evitar agravamentos.<\/p>\n\n\n\n<p>A estreia rubro-negra no Brasileir\u00e3o acontece neste s\u00e1bado (29), \u00e0s 21h, diante do Internacional, em casa. O clube inicia a jornada com grandes expectativas, buscando retomar o protagonismo no futebol nacional. A eventual aus\u00eancia de Gerson ou Arrascaeta pode influenciar diretamente a forma\u00e7\u00e3o t\u00e1tica e o ritmo da equipe no in\u00edcio da competi\u00e7\u00e3o.<\/p>\n\n\n\n<h2 class=\"wp-block-heading\" id=\"h-filipe-luis-aprova-saida\">Filipe Lu\u00eds aprova sa\u00edda<\/h2>\n\n\n\n<p>O zagueiro Pablo est\u00e1 de sa\u00edda do Flamengo ap\u00f3s perder espa\u00e7o com o t\u00e9cnico Filipe Lu\u00eds. Mesmo tendo iniciado o Campeonato Carioca como titular, o defensor foi afastado do elenco principal ap\u00f3s a pr\u00e9-temporada nos Estados Unidos. Com contrato at\u00e9 dezembro de 2025, Pablo recebeu autoriza\u00e7\u00e3o para buscar um novo clube, mas o alto sal\u00e1rio \u00e9 um entrave nas negocia\u00e7\u00f5es<strong><a href=\"https:\/\/www.gaveanews.com\/index.php\/2025\/03\/24\/sem-espaco-com-filipe-luis-ele-vai-deixar-o-flamengo\/\"> (leia a mat\u00e9ria completa).<\/a><\/strong><\/p>\n\n\n\n<figure class=\"wp-block-image size-full\"><img loading=\"lazy\" decoding=\"async\" width=\"342\" height=\"338\" src=\"http:\/\/www.gaveanews.com\/wp-content\/uploads\/Filipe-Luis-durante-jogo-entre-o-Flamengo-x-Bahia.webp\" alt=\"\" class=\"wp-image-171957\" srcset=\"https:\/\/www.gaveanews.com\/wp-content\/uploads\/Filipe-Luis-durante-jogo-entre-o-Flamengo-x-Bahia.webp 342w, https:\/\/www.gaveanews.com\/wp-content\/uploads\/Filipe-Luis-durante-jogo-entre-o-Flamengo-x-Bahia-300x296.webp 300w, https:\/\/www.gaveanews.com\/wp-content\/uploads\/Filipe-Luis-durante-jogo-entre-o-Flamengo-x-Bahia-100x99.webp 100w\" sizes=\"auto, (max-width: 342px) 100vw, 342px\" \/><figcaption class=\"wp-element-caption\">Filipe Lu\u00eds durante jogo entre o Flamengo x Bahia (Foto: Gilvan de Souza\/CRF)<\/figcaption><\/figure>\n\n\n\n<p>Com 51 partidas e cinco t\u00edtulos desde sua chegada ao clube em 2022, Pablo ainda pode se transferir para outra equipe brasileira at\u00e9 11 de abril, prazo final da janela para jogadores que atuaram em estaduais. Caso n\u00e3o haja acordo, ele deve seguir no Flamengo at\u00e9 o fim do v\u00ednculo. Vale lembrar que sua contrata\u00e7\u00e3o custou R$ 14 milh\u00f5es ao Rubro-Negro, ap\u00f3s acionar a cl\u00e1usula da guerra para deixar o Lokomotiv, da R\u00fassia.<\/p>\n\n\n\n<p>Antes de retornar ao Flamengo, o zagueiro passou pelo Botafogo, mas jogou apenas uma vez. Ap\u00f3s sua curta passagem, ele entrou com uma a\u00e7\u00e3o judicial contra o clube alvinegro, cobrando cerca de R$ 400 mil referentes ao FGTS n\u00e3o pago. Com um sal\u00e1rio estimado em R$ 505 mil mensais na \u00e9poca, Pablo busca um novo destino no futebol brasileiro enquanto tenta resolver pend\u00eancias judiciais com seu ex-time.<\/p>\n","protected":false},"excerpt":{"rendered":"<p>Nas \u00faltimas horas, o foco das not\u00edcias sobre o Flamengo se concentram nos bastidores do clube, com destaques do dia a dia do time. Por conta deste contexto, leia abaixo um resumo preparado pela equipe do portal G\u00e1vea News para lhe manter muito bem informado! BAP toma decis\u00e3o interna O Flamengo tem implementado uma s\u00e9rie [&hellip;]<\/p>\n","protected":false},"author":33,"featured_media":64001,"comment_status":"open","ping_status":"closed","sticky":false,"template":"","format":"standard","meta":{"footnotes":""},"categories":[1],"tags":[],"class_list":["post-245786","post","type-post","status-publish","format-standard","has-post-thumbnail","hentry","category-flamengo"],"yoast_head":"<!-- This site is optimized with the Yoast SEO Premium plugin v24.2 (Yoast SEO v26.9) - https:\/\/yoast.com\/product\/yoast-seo-premium-wordpress\/ -->\n<title>Filipe Lu\u00eds aprova sa\u00edda, situa\u00e7\u00e3o de Gerson e Arrascaeta e BAP toma decis\u00e3o interna: as \u00faltimas not\u00edcias do Flamengo<\/title>\n<meta name=\"robots\" content=\"index, follow, max-snippet:-1, max-image-preview:large, max-video-preview:-1\" \/>\n<link rel=\"canonical\" href=\"https:\/\/www.gaveanews.com\/index.php\/2025\/03\/28\/filipe-luis-aprova-saida-situacao-de-gerson-e-arrascaeta-e-bap-toma-decisao-interna-as-ultimas-noticias-do-flamengo\/\" \/>\n<meta property=\"og:locale\" content=\"pt_BR\" \/>\n<meta property=\"og:type\" content=\"article\" \/>\n<meta property=\"og:title\" content=\"Filipe Lu\u00eds aprova sa\u00edda, situa\u00e7\u00e3o de Gerson e Arrascaeta e BAP toma decis\u00e3o interna: as \u00faltimas not\u00edcias do Flamengo\" \/>\n<meta property=\"og:description\" content=\"Nas \u00faltimas horas, o foco das not\u00edcias sobre o Flamengo se concentram nos bastidores do clube, com destaques do dia a dia do time. Por conta deste contexto, leia abaixo um resumo preparado pela equipe do portal G\u00e1vea News para lhe manter muito bem informado! BAP toma decis\u00e3o interna O Flamengo tem implementado uma s\u00e9rie [&hellip;]\" \/>\n<meta property=\"og:url\" content=\"https:\/\/www.gaveanews.com\/index.php\/2025\/03\/28\/filipe-luis-aprova-saida-situacao-de-gerson-e-arrascaeta-e-bap-toma-decisao-interna-as-ultimas-noticias-do-flamengo\/\" \/>\n<meta property=\"og:site_name\" content=\"G\u00e1vea News\" \/>\n<meta property=\"article:publisher\" content=\"https:\/\/facebook.com\/gaveaNews\/\" \/>\n<meta property=\"article:published_time\" content=\"2025-03-28T06:00:00+00:00\" \/>\n<meta property=\"og:image\" content=\"https:\/\/www.gaveanews.com\/wp-content\/uploads\/Bandeira-do-Flamengo-no-estadio-do-Corinthians-antes-do-jogo-contra-o-Fluminense-pelo-Campeonato-Brasileiro-de-2021.webp\" \/>\n\t<meta property=\"og:image:width\" content=\"799\" \/>\n\t<meta property=\"og:image:height\" content=\"532\" \/>\n\t<meta property=\"og:image:type\" content=\"image\/jpeg\" \/>\n<meta name=\"author\" content=\"Brenda Cezillo\" \/>\n<meta name=\"twitter:card\" content=\"summary_large_image\" \/>\n<meta name=\"twitter:label1\" content=\"Escrito por\" \/>\n\t<meta name=\"twitter:data1\" content=\"Brenda Cezillo\" \/>\n\t<meta name=\"twitter:label2\" content=\"Est. tempo de leitura\" \/>\n\t<meta name=\"twitter:data2\" content=\"5 minutos\" \/>\n<script type=\"application\/ld+json\" class=\"yoast-schema-graph\">{\"@context\":\"https:\/\/schema.org\",\"@graph\":[{\"@type\":\"NewsArticle\",\"@id\":\"https:\/\/www.gaveanews.com\/index.php\/2025\/03\/28\/filipe-luis-aprova-saida-situacao-de-gerson-e-arrascaeta-e-bap-toma-decisao-interna-as-ultimas-noticias-do-flamengo\/#article\",\"isPartOf\":{\"@id\":\"https:\/\/www.gaveanews.com\/index.php\/2025\/03\/28\/filipe-luis-aprova-saida-situacao-de-gerson-e-arrascaeta-e-bap-toma-decisao-interna-as-ultimas-noticias-do-flamengo\/\"},\"author\":{\"name\":\"Brenda Cezillo\",\"@id\":\"https:\/\/www.gaveanews.com\/#\/schema\/person\/c79759ca337c40791ae8d08e2923d403\"},\"headline\":\"Filipe Lu\u00eds aprova sa\u00edda, situa\u00e7\u00e3o de Gerson e Arrascaeta e BAP toma decis\u00e3o interna: as \u00faltimas not\u00edcias do Flamengo\",\"datePublished\":\"2025-03-28T06:00:00+00:00\",\"mainEntityOfPage\":{\"@id\":\"https:\/\/www.gaveanews.com\/index.php\/2025\/03\/28\/filipe-luis-aprova-saida-situacao-de-gerson-e-arrascaeta-e-bap-toma-decisao-interna-as-ultimas-noticias-do-flamengo\/\"},\"wordCount\":815,\"commentCount\":0,\"image\":{\"@id\":\"https:\/\/www.gaveanews.com\/index.php\/2025\/03\/28\/filipe-luis-aprova-saida-situacao-de-gerson-e-arrascaeta-e-bap-toma-decisao-interna-as-ultimas-noticias-do-flamengo\/#primaryimage\"},\"thumbnailUrl\":\"https:\/\/www.gaveanews.com\/wp-content\/uploads\/Bandeira-do-Flamengo-no-estadio-do-Corinthians-antes-do-jogo-contra-o-Fluminense-pelo-Campeonato-Brasileiro-de-2021.webp\",\"articleSection\":[\"Flamengo\"],\"inLanguage\":\"pt-BR\",\"potentialAction\":[{\"@type\":\"CommentAction\",\"name\":\"Comment\",\"target\":[\"https:\/\/www.gaveanews.com\/index.php\/2025\/03\/28\/filipe-luis-aprova-saida-situacao-de-gerson-e-arrascaeta-e-bap-toma-decisao-interna-as-ultimas-noticias-do-flamengo\/#respond\"]}],\"copyrightYear\":\"2025\",\"copyrightHolder\":{\"@id\":\"https:\/\/www.gaveanews.com\/#organization\"}},{\"@type\":\"WebPage\",\"@id\":\"https:\/\/www.gaveanews.com\/index.php\/2025\/03\/28\/filipe-luis-aprova-saida-situacao-de-gerson-e-arrascaeta-e-bap-toma-decisao-interna-as-ultimas-noticias-do-flamengo\/\",\"url\":\"https:\/\/www.gaveanews.com\/index.php\/2025\/03\/28\/filipe-luis-aprova-saida-situacao-de-gerson-e-arrascaeta-e-bap-toma-decisao-interna-as-ultimas-noticias-do-flamengo\/\",\"name\":\"Filipe Lu\u00eds aprova sa\u00edda, situa\u00e7\u00e3o de Gerson e Arrascaeta e BAP toma decis\u00e3o interna: as \u00faltimas not\u00edcias do Flamengo\",\"isPartOf\":{\"@id\":\"https:\/\/www.gaveanews.com\/#website\"},\"primaryImageOfPage\":{\"@id\":\"https:\/\/www.gaveanews.com\/index.php\/2025\/03\/28\/filipe-luis-aprova-saida-situacao-de-gerson-e-arrascaeta-e-bap-toma-decisao-interna-as-ultimas-noticias-do-flamengo\/#primaryimage\"},\"image\":{\"@id\":\"https:\/\/www.gaveanews.com\/index.php\/2025\/03\/28\/filipe-luis-aprova-saida-situacao-de-gerson-e-arrascaeta-e-bap-toma-decisao-interna-as-ultimas-noticias-do-flamengo\/#primaryimage\"},\"thumbnailUrl\":\"https:\/\/www.gaveanews.com\/wp-content\/uploads\/Bandeira-do-Flamengo-no-estadio-do-Corinthians-antes-do-jogo-contra-o-Fluminense-pelo-Campeonato-Brasileiro-de-2021.webp\",\"datePublished\":\"2025-03-28T06:00:00+00:00\",\"author\":{\"@id\":\"https:\/\/www.gaveanews.com\/#\/schema\/person\/c79759ca337c40791ae8d08e2923d403\"},\"breadcrumb\":{\"@id\":\"https:\/\/www.gaveanews.com\/index.php\/2025\/03\/28\/filipe-luis-aprova-saida-situacao-de-gerson-e-arrascaeta-e-bap-toma-decisao-interna-as-ultimas-noticias-do-flamengo\/#breadcrumb\"},\"inLanguage\":\"pt-BR\",\"potentialAction\":[{\"@type\":\"ReadAction\",\"target\":[\"https:\/\/www.gaveanews.com\/index.php\/2025\/03\/28\/filipe-luis-aprova-saida-situacao-de-gerson-e-arrascaeta-e-bap-toma-decisao-interna-as-ultimas-noticias-do-flamengo\/\"]}]},{\"@type\":\"ImageObject\",\"inLanguage\":\"pt-BR\",\"@id\":\"https:\/\/www.gaveanews.com\/index.php\/2025\/03\/28\/filipe-luis-aprova-saida-situacao-de-gerson-e-arrascaeta-e-bap-toma-decisao-interna-as-ultimas-noticias-do-flamengo\/#primaryimage\",\"url\":\"https:\/\/www.gaveanews.com\/wp-content\/uploads\/Bandeira-do-Flamengo-no-estadio-do-Corinthians-antes-do-jogo-contra-o-Fluminense-pelo-Campeonato-Brasileiro-de-2021.webp\",\"contentUrl\":\"https:\/\/www.gaveanews.com\/wp-content\/uploads\/Bandeira-do-Flamengo-no-estadio-do-Corinthians-antes-do-jogo-contra-o-Fluminense-pelo-Campeonato-Brasileiro-de-2021.webp\",\"width\":799,\"height\":532,\"caption\":\"Bandeira do Flamengo no est\u00e1dio do Corinthians antes do jogo contra o Fluminense pelo Campeonato Brasileiro de 2021 (Foto: Alexandre Vidal\/Flamengo)\"},{\"@type\":\"BreadcrumbList\",\"@id\":\"https:\/\/www.gaveanews.com\/index.php\/2025\/03\/28\/filipe-luis-aprova-saida-situacao-de-gerson-e-arrascaeta-e-bap-toma-decisao-interna-as-ultimas-noticias-do-flamengo\/#breadcrumb\",\"itemListElement\":[{\"@type\":\"ListItem\",\"position\":1,\"name\":\"Home\",\"item\":\"https:\/\/www.gaveanews.com\/\"},{\"@type\":\"ListItem\",\"position\":2,\"name\":\"Filipe Lu\u00eds aprova sa\u00edda, situa\u00e7\u00e3o de Gerson e Arrascaeta e BAP toma decis\u00e3o interna: as \u00faltimas not\u00edcias do Flamengo\"}]},{\"@type\":\"WebSite\",\"@id\":\"https:\/\/www.gaveanews.com\/#website\",\"url\":\"https:\/\/www.gaveanews.com\/\",\"name\":\"G\u00e1vea News\",\"description\":\"Veja todas as not\u00edcias sobre o Flamengo: Contrata\u00e7\u00f5es, categorias de base, resultados das partidas, tabela de classifica\u00e7\u00e3o, pr\u00f3ximos jogos!\",\"potentialAction\":[{\"@type\":\"SearchAction\",\"target\":{\"@type\":\"EntryPoint\",\"urlTemplate\":\"https:\/\/www.gaveanews.com\/?s={search_term_string}\"},\"query-input\":{\"@type\":\"PropertyValueSpecification\",\"valueRequired\":true,\"valueName\":\"search_term_string\"}}],\"inLanguage\":\"pt-BR\"},{\"@type\":\"Person\",\"@id\":\"https:\/\/www.gaveanews.com\/#\/schema\/person\/c79759ca337c40791ae8d08e2923d403\",\"name\":\"Brenda Cezillo\",\"image\":{\"@type\":\"ImageObject\",\"inLanguage\":\"pt-BR\",\"@id\":\"https:\/\/www.gaveanews.com\/#\/schema\/person\/image\/\",\"url\":\"https:\/\/secure.gravatar.com\/avatar\/1738d75cee7317f9c29ae61dd67620c5883d80a92e42a6fff88ae5d527af217a?s=96&d=mm&r=g\",\"contentUrl\":\"https:\/\/secure.gravatar.com\/avatar\/1738d75cee7317f9c29ae61dd67620c5883d80a92e42a6fff88ae5d527af217a?s=96&d=mm&r=g\",\"caption\":\"Brenda Cezillo\"}}]}<\/script>\n<!-- \/ Yoast SEO Premium plugin. -->","yoast_head_json":{"title":"Filipe Lu\u00eds aprova sa\u00edda, situa\u00e7\u00e3o de Gerson e Arrascaeta e BAP toma decis\u00e3o interna: as \u00faltimas not\u00edcias do Flamengo","robots":{"index":"index","follow":"follow","max-snippet":"max-snippet:-1","max-image-preview":"max-image-preview:large","max-video-preview":"max-video-preview:-1"},"canonical":"https:\/\/www.gaveanews.com\/index.php\/2025\/03\/28\/filipe-luis-aprova-saida-situacao-de-gerson-e-arrascaeta-e-bap-toma-decisao-interna-as-ultimas-noticias-do-flamengo\/","og_locale":"pt_BR","og_type":"article","og_title":"Filipe Lu\u00eds aprova sa\u00edda, situa\u00e7\u00e3o de Gerson e Arrascaeta e BAP toma decis\u00e3o interna: as \u00faltimas not\u00edcias do Flamengo","og_description":"Nas \u00faltimas horas, o foco das not\u00edcias sobre o Flamengo se concentram nos bastidores do clube, com destaques do dia a dia do time. Por conta deste contexto, leia abaixo um resumo preparado pela equipe do portal G\u00e1vea News para lhe manter muito bem informado! BAP toma decis\u00e3o interna O Flamengo tem implementado uma s\u00e9rie [&hellip;]","og_url":"https:\/\/www.gaveanews.com\/index.php\/2025\/03\/28\/filipe-luis-aprova-saida-situacao-de-gerson-e-arrascaeta-e-bap-toma-decisao-interna-as-ultimas-noticias-do-flamengo\/","og_site_name":"G\u00e1vea News","article_publisher":"https:\/\/facebook.com\/gaveaNews\/","article_published_time":"2025-03-28T06:00:00+00:00","og_image":[{"width":799,"height":532,"url":"https:\/\/www.gaveanews.com\/wp-content\/uploads\/Bandeira-do-Flamengo-no-estadio-do-Corinthians-antes-do-jogo-contra-o-Fluminense-pelo-Campeonato-Brasileiro-de-2021.webp","type":"image\/jpeg"}],"author":"Brenda Cezillo","twitter_card":"summary_large_image","twitter_misc":{"Escrito por":"Brenda Cezillo","Est. tempo de leitura":"5 minutos"},"schema":{"@context":"https:\/\/schema.org","@graph":[{"@type":"NewsArticle","@id":"https:\/\/www.gaveanews.com\/index.php\/2025\/03\/28\/filipe-luis-aprova-saida-situacao-de-gerson-e-arrascaeta-e-bap-toma-decisao-interna-as-ultimas-noticias-do-flamengo\/#article","isPartOf":{"@id":"https:\/\/www.gaveanews.com\/index.php\/2025\/03\/28\/filipe-luis-aprova-saida-situacao-de-gerson-e-arrascaeta-e-bap-toma-decisao-interna-as-ultimas-noticias-do-flamengo\/"},"author":{"name":"Brenda Cezillo","@id":"https:\/\/www.gaveanews.com\/#\/schema\/person\/c79759ca337c40791ae8d08e2923d403"},"headline":"Filipe Lu\u00eds aprova sa\u00edda, situa\u00e7\u00e3o de Gerson e Arrascaeta e BAP toma decis\u00e3o interna: as \u00faltimas not\u00edcias do Flamengo","datePublished":"2025-03-28T06:00:00+00:00","mainEntityOfPage":{"@id":"https:\/\/www.gaveanews.com\/index.php\/2025\/03\/28\/filipe-luis-aprova-saida-situacao-de-gerson-e-arrascaeta-e-bap-toma-decisao-interna-as-ultimas-noticias-do-flamengo\/"},"wordCount":815,"commentCount":0,"image":{"@id":"https:\/\/www.gaveanews.com\/index.php\/2025\/03\/28\/filipe-luis-aprova-saida-situacao-de-gerson-e-arrascaeta-e-bap-toma-decisao-interna-as-ultimas-noticias-do-flamengo\/#primaryimage"},"thumbnailUrl":"https:\/\/www.gaveanews.com\/wp-content\/uploads\/Bandeira-do-Flamengo-no-estadio-do-Corinthians-antes-do-jogo-contra-o-Fluminense-pelo-Campeonato-Brasileiro-de-2021.webp","articleSection":["Flamengo"],"inLanguage":"pt-BR","potentialAction":[{"@type":"CommentAction","name":"Comment","target":["https:\/\/www.gaveanews.com\/index.php\/2025\/03\/28\/filipe-luis-aprova-saida-situacao-de-gerson-e-arrascaeta-e-bap-toma-decisao-interna-as-ultimas-noticias-do-flamengo\/#respond"]}],"copyrightYear":"2025","copyrightHolder":{"@id":"https:\/\/www.gaveanews.com\/#organization"}},{"@type":"WebPage","@id":"https:\/\/www.gaveanews.com\/index.php\/2025\/03\/28\/filipe-luis-aprova-saida-situacao-de-gerson-e-arrascaeta-e-bap-toma-decisao-interna-as-ultimas-noticias-do-flamengo\/","url":"https:\/\/www.gaveanews.com\/index.php\/2025\/03\/28\/filipe-luis-aprova-saida-situacao-de-gerson-e-arrascaeta-e-bap-toma-decisao-interna-as-ultimas-noticias-do-flamengo\/","name":"Filipe Lu\u00eds aprova sa\u00edda, situa\u00e7\u00e3o de Gerson e Arrascaeta e BAP toma decis\u00e3o interna: as \u00faltimas not\u00edcias do Flamengo","isPartOf":{"@id":"https:\/\/www.gaveanews.com\/#website"},"primaryImageOfPage":{"@id":"https:\/\/www.gaveanews.com\/index.php\/2025\/03\/28\/filipe-luis-aprova-saida-situacao-de-gerson-e-arrascaeta-e-bap-toma-decisao-interna-as-ultimas-noticias-do-flamengo\/#primaryimage"},"image":{"@id":"https:\/\/www.gaveanews.com\/index.php\/2025\/03\/28\/filipe-luis-aprova-saida-situacao-de-gerson-e-arrascaeta-e-bap-toma-decisao-interna-as-ultimas-noticias-do-flamengo\/#primaryimage"},"thumbnailUrl":"https:\/\/www.gaveanews.com\/wp-content\/uploads\/Bandeira-do-Flamengo-no-estadio-do-Corinthians-antes-do-jogo-contra-o-Fluminense-pelo-Campeonato-Brasileiro-de-2021.webp","datePublished":"2025-03-28T06:00:00+00:00","author":{"@id":"https:\/\/www.gaveanews.com\/#\/schema\/person\/c79759ca337c40791ae8d08e2923d403"},"breadcrumb":{"@id":"https:\/\/www.gaveanews.com\/index.php\/2025\/03\/28\/filipe-luis-aprova-saida-situacao-de-gerson-e-arrascaeta-e-bap-toma-decisao-interna-as-ultimas-noticias-do-flamengo\/#breadcrumb"},"inLanguage":"pt-BR","potentialAction":[{"@type":"ReadAction","target":["https:\/\/www.gaveanews.com\/index.php\/2025\/03\/28\/filipe-luis-aprova-saida-situacao-de-gerson-e-arrascaeta-e-bap-toma-decisao-interna-as-ultimas-noticias-do-flamengo\/"]}]},{"@type":"ImageObject","inLanguage":"pt-BR","@id":"https:\/\/www.gaveanews.com\/index.php\/2025\/03\/28\/filipe-luis-aprova-saida-situacao-de-gerson-e-arrascaeta-e-bap-toma-decisao-interna-as-ultimas-noticias-do-flamengo\/#primaryimage","url":"https:\/\/www.gaveanews.com\/wp-content\/uploads\/Bandeira-do-Flamengo-no-estadio-do-Corinthians-antes-do-jogo-contra-o-Fluminense-pelo-Campeonato-Brasileiro-de-2021.webp","contentUrl":"https:\/\/www.gaveanews.com\/wp-content\/uploads\/Bandeira-do-Flamengo-no-estadio-do-Corinthians-antes-do-jogo-contra-o-Fluminense-pelo-Campeonato-Brasileiro-de-2021.webp","width":799,"height":532,"caption":"Bandeira do Flamengo no est\u00e1dio do Corinthians antes do jogo contra o Fluminense pelo Campeonato Brasileiro de 2021 (Foto: Alexandre Vidal\/Flamengo)"},{"@type":"BreadcrumbList","@id":"https:\/\/www.gaveanews.com\/index.php\/2025\/03\/28\/filipe-luis-aprova-saida-situacao-de-gerson-e-arrascaeta-e-bap-toma-decisao-interna-as-ultimas-noticias-do-flamengo\/#breadcrumb","itemListElement":[{"@type":"ListItem","position":1,"name":"Home","item":"https:\/\/www.gaveanews.com\/"},{"@type":"ListItem","position":2,"name":"Filipe Lu\u00eds aprova sa\u00edda, situa\u00e7\u00e3o de Gerson e Arrascaeta e BAP toma decis\u00e3o interna: as \u00faltimas not\u00edcias do Flamengo"}]},{"@type":"WebSite","@id":"https:\/\/www.gaveanews.com\/#website","url":"https:\/\/www.gaveanews.com\/","name":"G\u00e1vea News","description":"Veja todas as not\u00edcias sobre o Flamengo: Contrata\u00e7\u00f5es, categorias de base, resultados das partidas, tabela de classifica\u00e7\u00e3o, pr\u00f3ximos jogos!","potentialAction":[{"@type":"SearchAction","target":{"@type":"EntryPoint","urlTemplate":"https:\/\/www.gaveanews.com\/?s={search_term_string}"},"query-input":{"@type":"PropertyValueSpecification","valueRequired":true,"valueName":"search_term_string"}}],"inLanguage":"pt-BR"},{"@type":"Person","@id":"https:\/\/www.gaveanews.com\/#\/schema\/person\/c79759ca337c40791ae8d08e2923d403","name":"Brenda Cezillo","image":{"@type":"ImageObject","inLanguage":"pt-BR","@id":"https:\/\/www.gaveanews.com\/#\/schema\/person\/image\/","url":"https:\/\/secure.gravatar.com\/avatar\/1738d75cee7317f9c29ae61dd67620c5883d80a92e42a6fff88ae5d527af217a?s=96&d=mm&r=g","contentUrl":"https:\/\/secure.gravatar.com\/avatar\/1738d75cee7317f9c29ae61dd67620c5883d80a92e42a6fff88ae5d527af217a?s=96&d=mm&r=g","caption":"Brenda Cezillo"}}]}},"_links":{"self":[{"href":"https:\/\/www.gaveanews.com\/index.php\/wp-json\/wp\/v2\/posts\/245786","targetHints":{"allow":["GET"]}}],"collection":[{"href":"https:\/\/www.gaveanews.com\/index.php\/wp-json\/wp\/v2\/posts"}],"about":[{"href":"https:\/\/www.gaveanews.com\/index.php\/wp-json\/wp\/v2\/types\/post"}],"author":[{"embeddable":true,"href":"https:\/\/www.gaveanews.com\/index.php\/wp-json\/wp\/v2\/users\/33"}],"replies":[{"embeddable":true,"href":"https:\/\/www.gaveanews.com\/index.php\/wp-json\/wp\/v2\/comments?post=245786"}],"version-history":[{"count":1,"href":"https:\/\/www.gaveanews.com\/index.php\/wp-json\/wp\/v2\/posts\/245786\/revisions"}],"predecessor-version":[{"id":245809,"href":"https:\/\/www.gaveanews.com\/index.php\/wp-json\/wp\/v2\/posts\/245786\/revisions\/245809"}],"wp:featuredmedia":[{"embeddable":true,"href":"https:\/\/www.gaveanews.com\/index.php\/wp-json\/wp\/v2\/media\/64001"}],"wp:attachment":[{"href":"https:\/\/www.gaveanews.com\/index.php\/wp-json\/wp\/v2\/media?parent=245786"}],"wp:term":[{"taxonomy":"category","embeddable":true,"href":"https:\/\/www.gaveanews.com\/index.php\/wp-json\/wp\/v2\/categories?post=245786"},{"taxonomy":"post_tag","embeddable":true,"href":"https:\/\/www.gaveanews.com\/index.php\/wp-json\/wp\/v2\/tags?post=245786"}],"curies":[{"name":"wp","href":"https:\/\/api.w.org\/{rel}","templated":true}]}}