{"id":245788,"date":"2025-03-28T04:00:00","date_gmt":"2025-03-28T07:00:00","guid":{"rendered":"https:\/\/www.gaveanews.com\/?p=245788"},"modified":"2025-03-27T23:47:10","modified_gmt":"2025-03-28T02:47:10","slug":"novo-tecnico-confirmado-caminhao-de-dinheiro-a-vista-e-plata-ganha-destaque-as-ultimas-noticias-do-flamengo","status":"publish","type":"post","link":"https:\/\/www.gaveanews.com\/index.php\/2025\/03\/28\/novo-tecnico-confirmado-caminhao-de-dinheiro-a-vista-e-plata-ganha-destaque-as-ultimas-noticias-do-flamengo\/","title":{"rendered":"Novo t\u00e9cnico confirmado, caminh\u00e3o de dinheiro \u00e0 vista e Plata ganha destaque: as \u00faltimas not\u00edcias do Flamengo"},"content":{"rendered":"\n<p>Nas \u00faltimas horas, o foco das not\u00edcias sobre o Flamengo se concentram nos bastidores do clube, com destaques do dia a dia do time.<\/p>\n\n\n\n<p>Por conta deste contexto, leia abaixo um resumo preparado pela equipe do portal G\u00e1vea News para lhe manter muito bem informado!<\/p>\n\n\n\n<h2 class=\"wp-block-heading\" id=\"h-plata-ganha-destaque\">Plata ganha destaque<\/h2>\n\n\n\n<p>O atacante Gonzalo Plata, do Flamengo, ganhou destaque durante a Data FIFA por sua performance com a sele\u00e7\u00e3o equatoriana. Na vit\u00f3ria do Equador sobre a Venezuela, o jogador foi titular e atuou durante os 90 minutos, chamando aten\u00e7\u00e3o pela habilidade e pelas jogadas individuais \u2014 incluindo dois dribles com \u201ccanetas\u201d \u2014 que contribu\u00edram para a constru\u00e7\u00e3o da vit\u00f3ria da equipe sul-americana<strong><a href=\"https:\/\/www.gaveanews.com\/index.php\/2025\/03\/24\/gonzalo-plata-do-flamengo-e-elogiado-por-tecnico-da-selecao\/\"> (leia a mat\u00e9ria completa).<\/a><\/strong><\/p>\n\n\n\n<figure class=\"wp-block-image size-large\"><img loading=\"lazy\" decoding=\"async\" width=\"1024\" height=\"680\" src=\"http:\/\/www.gaveanews.com\/wp-content\/uploads\/Gonzalo-Plata-em-acao-com-a-camisa-do-Flameng-o-em-2024-1024x680.webp\" alt=\"\" class=\"wp-image-185890\" srcset=\"https:\/\/www.gaveanews.com\/wp-content\/uploads\/Gonzalo-Plata-em-acao-com-a-camisa-do-Flameng-o-em-2024-1024x680.webp 1024w, https:\/\/www.gaveanews.com\/wp-content\/uploads\/Gonzalo-Plata-em-acao-com-a-camisa-do-Flameng-o-em-2024-300x199.webp 300w, https:\/\/www.gaveanews.com\/wp-content\/uploads\/Gonzalo-Plata-em-acao-com-a-camisa-do-Flameng-o-em-2024-768x510.webp 768w, https:\/\/www.gaveanews.com\/wp-content\/uploads\/Gonzalo-Plata-em-acao-com-a-camisa-do-Flameng-o-em-2024-633x420.webp 633w, https:\/\/www.gaveanews.com\/wp-content\/uploads\/Gonzalo-Plata-em-acao-com-a-camisa-do-Flameng-o-em-2024-1265x840.webp 1265w, https:\/\/www.gaveanews.com\/wp-content\/uploads\/Gonzalo-Plata-em-acao-com-a-camisa-do-Flameng-o-em-2024-640x425.webp 640w, https:\/\/www.gaveanews.com\/wp-content\/uploads\/Gonzalo-Plata-em-acao-com-a-camisa-do-Flameng-o-em-2024-1280x850.webp 1280w, https:\/\/www.gaveanews.com\/wp-content\/uploads\/Gonzalo-Plata-em-acao-com-a-camisa-do-Flameng-o-em-2024-681x452.webp 681w, https:\/\/www.gaveanews.com\/wp-content\/uploads\/Gonzalo-Plata-em-acao-com-a-camisa-do-Flameng-o-em-2024-1362x904.webp 1362w, https:\/\/www.gaveanews.com\/wp-content\/uploads\/Gonzalo-Plata-em-acao-com-a-camisa-do-Flameng-o-em-2024-100x66.webp 100w, https:\/\/www.gaveanews.com\/wp-content\/uploads\/Gonzalo-Plata-em-acao-com-a-camisa-do-Flameng-o-em-2024.webp 1440w\" sizes=\"auto, (max-width: 1024px) 100vw, 1024px\" \/><figcaption class=\"wp-element-caption\">Gonzalo Plata em a\u00e7\u00e3o com a camisa do Flamengo em 2024 (Foto: Reprodu\u00e7\u00e3o\/Instagram)<\/figcaption><\/figure>\n\n\n\n<p>O reconhecimento maior veio por meio do t\u00e9cnico da sele\u00e7\u00e3o, Sebasti\u00e1n Beccacece, que ressaltou a versatilidade de Plata. Segundo ele, o atacante pode desempenhar diversas fun\u00e7\u00f5es no setor ofensivo, o que oferece maior imprevisibilidade ao time. <\/p>\n\n\n\n<p>Essa polival\u00eancia tamb\u00e9m \u00e9 valorizada pelo Flamengo, onde o jogador atua aberto pelos lados, estilo em que se sente mais confort\u00e1vel e eficiente sob o comando de Filipe Lu\u00eds.<\/p>\n\n\n\n<p>Ap\u00f3s o compromisso da sele\u00e7\u00e3o equatoriana contra o Chile no dia 25, Gonzalo Plata retornar\u00e1 ao clube carioca para a estreia do Flamengo no Campeonato Brasileiro. Com boa forma f\u00edsica e confian\u00e7a em alta, o atacante promete ser pe\u00e7a importante na temporada e refor\u00e7a a profundidade do elenco rubro-negro.<\/p>\n\n\n\n<h2 class=\"wp-block-heading\" id=\"h-caminhao-de-dinheiro-a-vista\">Caminh\u00e3o de dinheiro \u00e0 vista<\/h2>\n\n\n\n<p>O Flamengo est\u00e1 adotando medidas mais rigorosas para cobrar d\u00edvidas milion\u00e1rias de clubes que ainda n\u00e3o quitaram compromissos com o clube carioca. Durante uma reuni\u00e3o do Conselho Deliberativo, o presidente Luiz Eduardo Baptista, o Bap, revelou que acionou a FIFA para recuperar cerca de 10 milh\u00f5es de euros (aproximadamente R$ 61 milh\u00f5es). A d\u00edvida mais expressiva \u00e9 a do Internacional, que ainda n\u00e3o pagou integralmente pela transfer\u00eancia de Thiago Maia, fechada em julho de 2024<strong><a href=\"https:\/\/www.gaveanews.com\/index.php\/2025\/03\/24\/flamengo-vai-ate-a-fifa-para-receber-bolada\/\"> (leia a mat\u00e9ria completa).<\/a><\/strong><\/p>\n\n\n\n<figure class=\"wp-block-image size-large\"><img loading=\"lazy\" decoding=\"async\" width=\"1024\" height=\"576\" src=\"http:\/\/www.gaveanews.com\/wp-content\/uploads\/Futebol-e-dinheiro-1-1024x576.webp\" alt=\"\" class=\"wp-image-167418\" srcset=\"https:\/\/www.gaveanews.com\/wp-content\/uploads\/Futebol-e-dinheiro-1-1024x576.webp 1024w, https:\/\/www.gaveanews.com\/wp-content\/uploads\/Futebol-e-dinheiro-1-300x169.webp 300w, https:\/\/www.gaveanews.com\/wp-content\/uploads\/Futebol-e-dinheiro-1-768x432.webp 768w, https:\/\/www.gaveanews.com\/wp-content\/uploads\/Futebol-e-dinheiro-1-747x420.webp 747w, https:\/\/www.gaveanews.com\/wp-content\/uploads\/Futebol-e-dinheiro-1-640x360.webp 640w, https:\/\/www.gaveanews.com\/wp-content\/uploads\/Futebol-e-dinheiro-1-681x383.webp 681w, https:\/\/www.gaveanews.com\/wp-content\/uploads\/Futebol-e-dinheiro-1-100x56.webp 100w, https:\/\/www.gaveanews.com\/wp-content\/uploads\/Futebol-e-dinheiro-1.webp 1280w\" sizes=\"auto, (max-width: 1024px) 100vw, 1024px\" \/><figcaption class=\"wp-element-caption\">Futebol e dinheiro (Imagem: Editoria de arte\/G\u00e1vea News\/Henrique Machado)<\/figcaption><\/figure>\n\n\n\n<p>Al\u00e9m do time ga\u00facho, clubes portugueses como Leix\u00f5es e Estrela Amadora tamb\u00e9m est\u00e3o na lista de devedores do Rubro-Negro. Segundo Bap, as cobran\u00e7as legais buscam assegurar os direitos financeiros do clube, diante da demora prolongada no cumprimento dos pagamentos. A diretoria entende que acionar inst\u00e2ncias internacionais \u00e9 necess\u00e1rio para proteger o planejamento econ\u00f4mico da equipe, especialmente em um cen\u00e1rio competitivo e com altos investimentos.<\/p>\n\n\n\n<p>Enquanto cuida das finan\u00e7as nos bastidores, o Flamengo mant\u00e9m o foco dentro de campo. A equipe estreia no Brasileir\u00e3o contra o Internacional, justamente um dos clubes envolvidos nas pend\u00eancias financeiras. O confronto promete ser tenso, tanto por sua import\u00e2ncia esportiva quanto pelo contexto extracampo. A torcida espera que a gest\u00e3o rubro-negra consiga resolver as quest\u00f5es econ\u00f4micas sem comprometer o desempenho esportivo em 2025.<\/p>\n\n\n\n<h2 class=\"wp-block-heading\" id=\"h-novo-tecnico-confirmado\">Novo t\u00e9cnico confirmado<\/h2>\n\n\n\n<p>O Flamengo anunciou uma importante mudan\u00e7a em sua equipe Sub-20: o t\u00e9cnico portugu\u00eas Nuno Campos assumir\u00e1 o comando a partir desta segunda-feira (24). Com ampla experi\u00eancia internacional, o novo treinador chega para substituir Cleber dos Santos, que liderou o time na conquista da Libertadores da categoria e nas primeiras rodadas do Carioca deste ano <strong><a href=\"https:\/\/www.gaveanews.com\/index.php\/2025\/03\/24\/novo-tecnico-ja-tem-data-para-assumir-o-flamengo\/\">(leia a mat\u00e9ria completa).<\/a><\/strong><\/p>\n\n\n\n<figure class=\"wp-block-image size-full\"><img loading=\"lazy\" decoding=\"async\" width=\"930\" height=\"545\" src=\"http:\/\/www.gaveanews.com\/wp-content\/uploads\/Prancheta-de-um-tecnico.webp\" alt=\"\" class=\"wp-image-160577\" srcset=\"https:\/\/www.gaveanews.com\/wp-content\/uploads\/Prancheta-de-um-tecnico.webp 930w, https:\/\/www.gaveanews.com\/wp-content\/uploads\/Prancheta-de-um-tecnico-300x176.webp 300w, https:\/\/www.gaveanews.com\/wp-content\/uploads\/Prancheta-de-um-tecnico-768x450.webp 768w, https:\/\/www.gaveanews.com\/wp-content\/uploads\/Prancheta-de-um-tecnico-717x420.webp 717w, https:\/\/www.gaveanews.com\/wp-content\/uploads\/Prancheta-de-um-tecnico-640x375.webp 640w, https:\/\/www.gaveanews.com\/wp-content\/uploads\/Prancheta-de-um-tecnico-681x400.webp 681w, https:\/\/www.gaveanews.com\/wp-content\/uploads\/Prancheta-de-um-tecnico-100x59.webp 100w\" sizes=\"auto, (max-width: 930px) 100vw, 930px\" \/><\/figure>\n\n\n\n<p>Nuno Campos, que recentemente trabalhou como auxiliar no Toluca, do M\u00e9xico, ao lado de Renato Paiva, carrega no curr\u00edculo passagens por clubes de Portugal, It\u00e1lia e Ucr\u00e2nia. O Flamengo aposta em sua viv\u00eancia para implementar uma filosofia s\u00f3lida e dar continuidade ao bom momento da base, que \u00e9 vista como um dos pilares da estrutura esportiva do clube.<\/p>\n\n\n\n<p>A estreia oficial do novo comandante est\u00e1 marcada para o cl\u00e1ssico contra o Vasco, nesta sexta-feira (28), pelo Campeonato Brasileiro Sub-20. A expectativa \u00e9 alta em torno de sua atua\u00e7\u00e3o, especialmente pelo desafio de manter a competitividade do time e dar sequ\u00eancia ao trabalho vencedor iniciado por Cleber.<\/p>\n","protected":false},"excerpt":{"rendered":"<p>Nas \u00faltimas horas, o foco das not\u00edcias sobre o Flamengo se concentram nos bastidores do clube, com destaques do dia a dia do time. Por conta deste contexto, leia abaixo um resumo preparado pela equipe do portal G\u00e1vea News para lhe manter muito bem informado! Plata ganha destaque O atacante Gonzalo Plata, do Flamengo, ganhou [&hellip;]<\/p>\n","protected":false},"author":33,"featured_media":213513,"comment_status":"open","ping_status":"closed","sticky":false,"template":"","format":"standard","meta":{"footnotes":""},"categories":[1],"tags":[],"class_list":["post-245788","post","type-post","status-publish","format-standard","has-post-thumbnail","hentry","category-flamengo"],"yoast_head":"<!-- This site is optimized with the Yoast SEO Premium plugin v24.2 (Yoast SEO v26.9) - https:\/\/yoast.com\/product\/yoast-seo-premium-wordpress\/ -->\n<title>Novo t\u00e9cnico confirmado, caminh\u00e3o de dinheiro \u00e0 vista e Plata ganha destaque: as \u00faltimas not\u00edcias do Flamengo<\/title>\n<meta name=\"robots\" content=\"index, follow, max-snippet:-1, max-image-preview:large, max-video-preview:-1\" \/>\n<link rel=\"canonical\" href=\"https:\/\/www.gaveanews.com\/index.php\/2025\/03\/28\/novo-tecnico-confirmado-caminhao-de-dinheiro-a-vista-e-plata-ganha-destaque-as-ultimas-noticias-do-flamengo\/\" \/>\n<meta property=\"og:locale\" content=\"pt_BR\" \/>\n<meta property=\"og:type\" content=\"article\" \/>\n<meta property=\"og:title\" content=\"Novo t\u00e9cnico confirmado, caminh\u00e3o de dinheiro \u00e0 vista e Plata ganha destaque: as \u00faltimas not\u00edcias do Flamengo\" \/>\n<meta property=\"og:description\" content=\"Nas \u00faltimas horas, o foco das not\u00edcias sobre o Flamengo se concentram nos bastidores do clube, com destaques do dia a dia do time. Por conta deste contexto, leia abaixo um resumo preparado pela equipe do portal G\u00e1vea News para lhe manter muito bem informado! Plata ganha destaque O atacante Gonzalo Plata, do Flamengo, ganhou [&hellip;]\" \/>\n<meta property=\"og:url\" content=\"https:\/\/www.gaveanews.com\/index.php\/2025\/03\/28\/novo-tecnico-confirmado-caminhao-de-dinheiro-a-vista-e-plata-ganha-destaque-as-ultimas-noticias-do-flamengo\/\" \/>\n<meta property=\"og:site_name\" content=\"G\u00e1vea News\" \/>\n<meta property=\"article:publisher\" content=\"https:\/\/facebook.com\/gaveaNews\/\" \/>\n<meta property=\"article:published_time\" content=\"2025-03-28T07:00:00+00:00\" \/>\n<meta property=\"og:image\" content=\"https:\/\/www.gaveanews.com\/wp-content\/uploads\/fachada-do-modulo-profissional-do-ninho-do-urubu-centro-de-treinamento-do-flamengo-1642444901774_v2_1x1.webp\" \/>\n\t<meta property=\"og:image:width\" content=\"1361\" \/>\n\t<meta property=\"og:image:height\" content=\"1363\" \/>\n\t<meta property=\"og:image:type\" content=\"image\/jpeg\" \/>\n<meta name=\"author\" content=\"Brenda Cezillo\" \/>\n<meta name=\"twitter:card\" content=\"summary_large_image\" \/>\n<meta name=\"twitter:label1\" content=\"Escrito por\" \/>\n\t<meta name=\"twitter:data1\" content=\"Brenda Cezillo\" \/>\n\t<meta name=\"twitter:label2\" content=\"Est. tempo de leitura\" \/>\n\t<meta name=\"twitter:data2\" content=\"5 minutos\" \/>\n<script type=\"application\/ld+json\" class=\"yoast-schema-graph\">{\"@context\":\"https:\/\/schema.org\",\"@graph\":[{\"@type\":\"NewsArticle\",\"@id\":\"https:\/\/www.gaveanews.com\/index.php\/2025\/03\/28\/novo-tecnico-confirmado-caminhao-de-dinheiro-a-vista-e-plata-ganha-destaque-as-ultimas-noticias-do-flamengo\/#article\",\"isPartOf\":{\"@id\":\"https:\/\/www.gaveanews.com\/index.php\/2025\/03\/28\/novo-tecnico-confirmado-caminhao-de-dinheiro-a-vista-e-plata-ganha-destaque-as-ultimas-noticias-do-flamengo\/\"},\"author\":{\"name\":\"Brenda Cezillo\",\"@id\":\"https:\/\/www.gaveanews.com\/#\/schema\/person\/c79759ca337c40791ae8d08e2923d403\"},\"headline\":\"Novo t\u00e9cnico confirmado, caminh\u00e3o de dinheiro \u00e0 vista e Plata ganha destaque: as \u00faltimas not\u00edcias do Flamengo\",\"datePublished\":\"2025-03-28T07:00:00+00:00\",\"mainEntityOfPage\":{\"@id\":\"https:\/\/www.gaveanews.com\/index.php\/2025\/03\/28\/novo-tecnico-confirmado-caminhao-de-dinheiro-a-vista-e-plata-ganha-destaque-as-ultimas-noticias-do-flamengo\/\"},\"wordCount\":702,\"commentCount\":0,\"image\":{\"@id\":\"https:\/\/www.gaveanews.com\/index.php\/2025\/03\/28\/novo-tecnico-confirmado-caminhao-de-dinheiro-a-vista-e-plata-ganha-destaque-as-ultimas-noticias-do-flamengo\/#primaryimage\"},\"thumbnailUrl\":\"https:\/\/www.gaveanews.com\/wp-content\/uploads\/fachada-do-modulo-profissional-do-ninho-do-urubu-centro-de-treinamento-do-flamengo-1642444901774_v2_1x1.webp\",\"articleSection\":[\"Flamengo\"],\"inLanguage\":\"pt-BR\",\"potentialAction\":[{\"@type\":\"CommentAction\",\"name\":\"Comment\",\"target\":[\"https:\/\/www.gaveanews.com\/index.php\/2025\/03\/28\/novo-tecnico-confirmado-caminhao-de-dinheiro-a-vista-e-plata-ganha-destaque-as-ultimas-noticias-do-flamengo\/#respond\"]}],\"copyrightYear\":\"2025\",\"copyrightHolder\":{\"@id\":\"https:\/\/www.gaveanews.com\/#organization\"}},{\"@type\":\"WebPage\",\"@id\":\"https:\/\/www.gaveanews.com\/index.php\/2025\/03\/28\/novo-tecnico-confirmado-caminhao-de-dinheiro-a-vista-e-plata-ganha-destaque-as-ultimas-noticias-do-flamengo\/\",\"url\":\"https:\/\/www.gaveanews.com\/index.php\/2025\/03\/28\/novo-tecnico-confirmado-caminhao-de-dinheiro-a-vista-e-plata-ganha-destaque-as-ultimas-noticias-do-flamengo\/\",\"name\":\"Novo t\u00e9cnico confirmado, caminh\u00e3o de dinheiro \u00e0 vista e Plata ganha destaque: as \u00faltimas not\u00edcias do Flamengo\",\"isPartOf\":{\"@id\":\"https:\/\/www.gaveanews.com\/#website\"},\"primaryImageOfPage\":{\"@id\":\"https:\/\/www.gaveanews.com\/index.php\/2025\/03\/28\/novo-tecnico-confirmado-caminhao-de-dinheiro-a-vista-e-plata-ganha-destaque-as-ultimas-noticias-do-flamengo\/#primaryimage\"},\"image\":{\"@id\":\"https:\/\/www.gaveanews.com\/index.php\/2025\/03\/28\/novo-tecnico-confirmado-caminhao-de-dinheiro-a-vista-e-plata-ganha-destaque-as-ultimas-noticias-do-flamengo\/#primaryimage\"},\"thumbnailUrl\":\"https:\/\/www.gaveanews.com\/wp-content\/uploads\/fachada-do-modulo-profissional-do-ninho-do-urubu-centro-de-treinamento-do-flamengo-1642444901774_v2_1x1.webp\",\"datePublished\":\"2025-03-28T07:00:00+00:00\",\"author\":{\"@id\":\"https:\/\/www.gaveanews.com\/#\/schema\/person\/c79759ca337c40791ae8d08e2923d403\"},\"breadcrumb\":{\"@id\":\"https:\/\/www.gaveanews.com\/index.php\/2025\/03\/28\/novo-tecnico-confirmado-caminhao-de-dinheiro-a-vista-e-plata-ganha-destaque-as-ultimas-noticias-do-flamengo\/#breadcrumb\"},\"inLanguage\":\"pt-BR\",\"potentialAction\":[{\"@type\":\"ReadAction\",\"target\":[\"https:\/\/www.gaveanews.com\/index.php\/2025\/03\/28\/novo-tecnico-confirmado-caminhao-de-dinheiro-a-vista-e-plata-ganha-destaque-as-ultimas-noticias-do-flamengo\/\"]}]},{\"@type\":\"ImageObject\",\"inLanguage\":\"pt-BR\",\"@id\":\"https:\/\/www.gaveanews.com\/index.php\/2025\/03\/28\/novo-tecnico-confirmado-caminhao-de-dinheiro-a-vista-e-plata-ganha-destaque-as-ultimas-noticias-do-flamengo\/#primaryimage\",\"url\":\"https:\/\/www.gaveanews.com\/wp-content\/uploads\/fachada-do-modulo-profissional-do-ninho-do-urubu-centro-de-treinamento-do-flamengo-1642444901774_v2_1x1.webp\",\"contentUrl\":\"https:\/\/www.gaveanews.com\/wp-content\/uploads\/fachada-do-modulo-profissional-do-ninho-do-urubu-centro-de-treinamento-do-flamengo-1642444901774_v2_1x1.webp\",\"width\":1361,\"height\":1363,\"caption\":\"CT Ninho do Urubu (Foto: Divulga\u00e7\u00e3o Flamengo)\"},{\"@type\":\"BreadcrumbList\",\"@id\":\"https:\/\/www.gaveanews.com\/index.php\/2025\/03\/28\/novo-tecnico-confirmado-caminhao-de-dinheiro-a-vista-e-plata-ganha-destaque-as-ultimas-noticias-do-flamengo\/#breadcrumb\",\"itemListElement\":[{\"@type\":\"ListItem\",\"position\":1,\"name\":\"Home\",\"item\":\"https:\/\/www.gaveanews.com\/\"},{\"@type\":\"ListItem\",\"position\":2,\"name\":\"Novo t\u00e9cnico confirmado, caminh\u00e3o de dinheiro \u00e0 vista e Plata ganha destaque: as \u00faltimas not\u00edcias do Flamengo\"}]},{\"@type\":\"WebSite\",\"@id\":\"https:\/\/www.gaveanews.com\/#website\",\"url\":\"https:\/\/www.gaveanews.com\/\",\"name\":\"G\u00e1vea News\",\"description\":\"Veja todas as not\u00edcias sobre o Flamengo: Contrata\u00e7\u00f5es, categorias de base, resultados das partidas, tabela de classifica\u00e7\u00e3o, pr\u00f3ximos jogos!\",\"potentialAction\":[{\"@type\":\"SearchAction\",\"target\":{\"@type\":\"EntryPoint\",\"urlTemplate\":\"https:\/\/www.gaveanews.com\/?s={search_term_string}\"},\"query-input\":{\"@type\":\"PropertyValueSpecification\",\"valueRequired\":true,\"valueName\":\"search_term_string\"}}],\"inLanguage\":\"pt-BR\"},{\"@type\":\"Person\",\"@id\":\"https:\/\/www.gaveanews.com\/#\/schema\/person\/c79759ca337c40791ae8d08e2923d403\",\"name\":\"Brenda Cezillo\",\"image\":{\"@type\":\"ImageObject\",\"inLanguage\":\"pt-BR\",\"@id\":\"https:\/\/www.gaveanews.com\/#\/schema\/person\/image\/\",\"url\":\"https:\/\/secure.gravatar.com\/avatar\/1738d75cee7317f9c29ae61dd67620c5883d80a92e42a6fff88ae5d527af217a?s=96&d=mm&r=g\",\"contentUrl\":\"https:\/\/secure.gravatar.com\/avatar\/1738d75cee7317f9c29ae61dd67620c5883d80a92e42a6fff88ae5d527af217a?s=96&d=mm&r=g\",\"caption\":\"Brenda Cezillo\"}}]}<\/script>\n<!-- \/ Yoast SEO Premium plugin. -->","yoast_head_json":{"title":"Novo t\u00e9cnico confirmado, caminh\u00e3o de dinheiro \u00e0 vista e Plata ganha destaque: as \u00faltimas not\u00edcias do Flamengo","robots":{"index":"index","follow":"follow","max-snippet":"max-snippet:-1","max-image-preview":"max-image-preview:large","max-video-preview":"max-video-preview:-1"},"canonical":"https:\/\/www.gaveanews.com\/index.php\/2025\/03\/28\/novo-tecnico-confirmado-caminhao-de-dinheiro-a-vista-e-plata-ganha-destaque-as-ultimas-noticias-do-flamengo\/","og_locale":"pt_BR","og_type":"article","og_title":"Novo t\u00e9cnico confirmado, caminh\u00e3o de dinheiro \u00e0 vista e Plata ganha destaque: as \u00faltimas not\u00edcias do Flamengo","og_description":"Nas \u00faltimas horas, o foco das not\u00edcias sobre o Flamengo se concentram nos bastidores do clube, com destaques do dia a dia do time. Por conta deste contexto, leia abaixo um resumo preparado pela equipe do portal G\u00e1vea News para lhe manter muito bem informado! Plata ganha destaque O atacante Gonzalo Plata, do Flamengo, ganhou [&hellip;]","og_url":"https:\/\/www.gaveanews.com\/index.php\/2025\/03\/28\/novo-tecnico-confirmado-caminhao-de-dinheiro-a-vista-e-plata-ganha-destaque-as-ultimas-noticias-do-flamengo\/","og_site_name":"G\u00e1vea News","article_publisher":"https:\/\/facebook.com\/gaveaNews\/","article_published_time":"2025-03-28T07:00:00+00:00","og_image":[{"width":1361,"height":1363,"url":"https:\/\/www.gaveanews.com\/wp-content\/uploads\/fachada-do-modulo-profissional-do-ninho-do-urubu-centro-de-treinamento-do-flamengo-1642444901774_v2_1x1.webp","type":"image\/jpeg"}],"author":"Brenda Cezillo","twitter_card":"summary_large_image","twitter_misc":{"Escrito por":"Brenda Cezillo","Est. tempo de leitura":"5 minutos"},"schema":{"@context":"https:\/\/schema.org","@graph":[{"@type":"NewsArticle","@id":"https:\/\/www.gaveanews.com\/index.php\/2025\/03\/28\/novo-tecnico-confirmado-caminhao-de-dinheiro-a-vista-e-plata-ganha-destaque-as-ultimas-noticias-do-flamengo\/#article","isPartOf":{"@id":"https:\/\/www.gaveanews.com\/index.php\/2025\/03\/28\/novo-tecnico-confirmado-caminhao-de-dinheiro-a-vista-e-plata-ganha-destaque-as-ultimas-noticias-do-flamengo\/"},"author":{"name":"Brenda Cezillo","@id":"https:\/\/www.gaveanews.com\/#\/schema\/person\/c79759ca337c40791ae8d08e2923d403"},"headline":"Novo t\u00e9cnico confirmado, caminh\u00e3o de dinheiro \u00e0 vista e Plata ganha destaque: as \u00faltimas not\u00edcias do Flamengo","datePublished":"2025-03-28T07:00:00+00:00","mainEntityOfPage":{"@id":"https:\/\/www.gaveanews.com\/index.php\/2025\/03\/28\/novo-tecnico-confirmado-caminhao-de-dinheiro-a-vista-e-plata-ganha-destaque-as-ultimas-noticias-do-flamengo\/"},"wordCount":702,"commentCount":0,"image":{"@id":"https:\/\/www.gaveanews.com\/index.php\/2025\/03\/28\/novo-tecnico-confirmado-caminhao-de-dinheiro-a-vista-e-plata-ganha-destaque-as-ultimas-noticias-do-flamengo\/#primaryimage"},"thumbnailUrl":"https:\/\/www.gaveanews.com\/wp-content\/uploads\/fachada-do-modulo-profissional-do-ninho-do-urubu-centro-de-treinamento-do-flamengo-1642444901774_v2_1x1.webp","articleSection":["Flamengo"],"inLanguage":"pt-BR","potentialAction":[{"@type":"CommentAction","name":"Comment","target":["https:\/\/www.gaveanews.com\/index.php\/2025\/03\/28\/novo-tecnico-confirmado-caminhao-de-dinheiro-a-vista-e-plata-ganha-destaque-as-ultimas-noticias-do-flamengo\/#respond"]}],"copyrightYear":"2025","copyrightHolder":{"@id":"https:\/\/www.gaveanews.com\/#organization"}},{"@type":"WebPage","@id":"https:\/\/www.gaveanews.com\/index.php\/2025\/03\/28\/novo-tecnico-confirmado-caminhao-de-dinheiro-a-vista-e-plata-ganha-destaque-as-ultimas-noticias-do-flamengo\/","url":"https:\/\/www.gaveanews.com\/index.php\/2025\/03\/28\/novo-tecnico-confirmado-caminhao-de-dinheiro-a-vista-e-plata-ganha-destaque-as-ultimas-noticias-do-flamengo\/","name":"Novo t\u00e9cnico confirmado, caminh\u00e3o de dinheiro \u00e0 vista e Plata ganha destaque: as \u00faltimas not\u00edcias do Flamengo","isPartOf":{"@id":"https:\/\/www.gaveanews.com\/#website"},"primaryImageOfPage":{"@id":"https:\/\/www.gaveanews.com\/index.php\/2025\/03\/28\/novo-tecnico-confirmado-caminhao-de-dinheiro-a-vista-e-plata-ganha-destaque-as-ultimas-noticias-do-flamengo\/#primaryimage"},"image":{"@id":"https:\/\/www.gaveanews.com\/index.php\/2025\/03\/28\/novo-tecnico-confirmado-caminhao-de-dinheiro-a-vista-e-plata-ganha-destaque-as-ultimas-noticias-do-flamengo\/#primaryimage"},"thumbnailUrl":"https:\/\/www.gaveanews.com\/wp-content\/uploads\/fachada-do-modulo-profissional-do-ninho-do-urubu-centro-de-treinamento-do-flamengo-1642444901774_v2_1x1.webp","datePublished":"2025-03-28T07:00:00+00:00","author":{"@id":"https:\/\/www.gaveanews.com\/#\/schema\/person\/c79759ca337c40791ae8d08e2923d403"},"breadcrumb":{"@id":"https:\/\/www.gaveanews.com\/index.php\/2025\/03\/28\/novo-tecnico-confirmado-caminhao-de-dinheiro-a-vista-e-plata-ganha-destaque-as-ultimas-noticias-do-flamengo\/#breadcrumb"},"inLanguage":"pt-BR","potentialAction":[{"@type":"ReadAction","target":["https:\/\/www.gaveanews.com\/index.php\/2025\/03\/28\/novo-tecnico-confirmado-caminhao-de-dinheiro-a-vista-e-plata-ganha-destaque-as-ultimas-noticias-do-flamengo\/"]}]},{"@type":"ImageObject","inLanguage":"pt-BR","@id":"https:\/\/www.gaveanews.com\/index.php\/2025\/03\/28\/novo-tecnico-confirmado-caminhao-de-dinheiro-a-vista-e-plata-ganha-destaque-as-ultimas-noticias-do-flamengo\/#primaryimage","url":"https:\/\/www.gaveanews.com\/wp-content\/uploads\/fachada-do-modulo-profissional-do-ninho-do-urubu-centro-de-treinamento-do-flamengo-1642444901774_v2_1x1.webp","contentUrl":"https:\/\/www.gaveanews.com\/wp-content\/uploads\/fachada-do-modulo-profissional-do-ninho-do-urubu-centro-de-treinamento-do-flamengo-1642444901774_v2_1x1.webp","width":1361,"height":1363,"caption":"CT Ninho do Urubu (Foto: Divulga\u00e7\u00e3o Flamengo)"},{"@type":"BreadcrumbList","@id":"https:\/\/www.gaveanews.com\/index.php\/2025\/03\/28\/novo-tecnico-confirmado-caminhao-de-dinheiro-a-vista-e-plata-ganha-destaque-as-ultimas-noticias-do-flamengo\/#breadcrumb","itemListElement":[{"@type":"ListItem","position":1,"name":"Home","item":"https:\/\/www.gaveanews.com\/"},{"@type":"ListItem","position":2,"name":"Novo t\u00e9cnico confirmado, caminh\u00e3o de dinheiro \u00e0 vista e Plata ganha destaque: as \u00faltimas not\u00edcias do Flamengo"}]},{"@type":"WebSite","@id":"https:\/\/www.gaveanews.com\/#website","url":"https:\/\/www.gaveanews.com\/","name":"G\u00e1vea News","description":"Veja todas as not\u00edcias sobre o Flamengo: Contrata\u00e7\u00f5es, categorias de base, resultados das partidas, tabela de classifica\u00e7\u00e3o, pr\u00f3ximos jogos!","potentialAction":[{"@type":"SearchAction","target":{"@type":"EntryPoint","urlTemplate":"https:\/\/www.gaveanews.com\/?s={search_term_string}"},"query-input":{"@type":"PropertyValueSpecification","valueRequired":true,"valueName":"search_term_string"}}],"inLanguage":"pt-BR"},{"@type":"Person","@id":"https:\/\/www.gaveanews.com\/#\/schema\/person\/c79759ca337c40791ae8d08e2923d403","name":"Brenda Cezillo","image":{"@type":"ImageObject","inLanguage":"pt-BR","@id":"https:\/\/www.gaveanews.com\/#\/schema\/person\/image\/","url":"https:\/\/secure.gravatar.com\/avatar\/1738d75cee7317f9c29ae61dd67620c5883d80a92e42a6fff88ae5d527af217a?s=96&d=mm&r=g","contentUrl":"https:\/\/secure.gravatar.com\/avatar\/1738d75cee7317f9c29ae61dd67620c5883d80a92e42a6fff88ae5d527af217a?s=96&d=mm&r=g","caption":"Brenda Cezillo"}}]}},"_links":{"self":[{"href":"https:\/\/www.gaveanews.com\/index.php\/wp-json\/wp\/v2\/posts\/245788","targetHints":{"allow":["GET"]}}],"collection":[{"href":"https:\/\/www.gaveanews.com\/index.php\/wp-json\/wp\/v2\/posts"}],"about":[{"href":"https:\/\/www.gaveanews.com\/index.php\/wp-json\/wp\/v2\/types\/post"}],"author":[{"embeddable":true,"href":"https:\/\/www.gaveanews.com\/index.php\/wp-json\/wp\/v2\/users\/33"}],"replies":[{"embeddable":true,"href":"https:\/\/www.gaveanews.com\/index.php\/wp-json\/wp\/v2\/comments?post=245788"}],"version-history":[{"count":1,"href":"https:\/\/www.gaveanews.com\/index.php\/wp-json\/wp\/v2\/posts\/245788\/revisions"}],"predecessor-version":[{"id":245813,"href":"https:\/\/www.gaveanews.com\/index.php\/wp-json\/wp\/v2\/posts\/245788\/revisions\/245813"}],"wp:featuredmedia":[{"embeddable":true,"href":"https:\/\/www.gaveanews.com\/index.php\/wp-json\/wp\/v2\/media\/213513"}],"wp:attachment":[{"href":"https:\/\/www.gaveanews.com\/index.php\/wp-json\/wp\/v2\/media?parent=245788"}],"wp:term":[{"taxonomy":"category","embeddable":true,"href":"https:\/\/www.gaveanews.com\/index.php\/wp-json\/wp\/v2\/categories?post=245788"},{"taxonomy":"post_tag","embeddable":true,"href":"https:\/\/www.gaveanews.com\/index.php\/wp-json\/wp\/v2\/tags?post=245788"}],"curies":[{"name":"wp","href":"https:\/\/api.w.org\/{rel}","templated":true}]}}