{"id":245804,"date":"2025-03-28T02:55:00","date_gmt":"2025-03-28T05:55:00","guid":{"rendered":"https:\/\/www.gaveanews.com\/?p=245804"},"modified":"2025-03-27T23:24:08","modified_gmt":"2025-03-28T02:24:08","slug":"agora-no-atletico-mg-a-declaracao-de-vitor-hugo-direcionada-ao-palmeiras","status":"publish","type":"post","link":"https:\/\/www.gaveanews.com\/index.php\/2025\/03\/28\/agora-no-atletico-mg-a-declaracao-de-vitor-hugo-direcionada-ao-palmeiras\/","title":{"rendered":"Agora no Atl\u00e9tico-MG, a declara\u00e7\u00e3o de Vitor Hugo direcionada ao Palmeiras"},"content":{"rendered":"\n<p>O zagueiro Vitor Hugo foi apresentado oficialmente como refor\u00e7o do Atl\u00e9tico na segunda-feira (25 de mar\u00e7o), data que marcou tamb\u00e9m o anivers\u00e1rio de 117 anos do clube. O evento ocorreu na Arena MRV, com transmiss\u00e3o ao vivo pela GaloTV, e contou com a presen\u00e7a do diretor de futebol Victor Bagy. O defensor chega por empr\u00e9stimo at\u00e9 dezembro de 2025, ap\u00f3s passagem recente pelo Bahia, e \u00e9 a 10\u00aa contrata\u00e7\u00e3o do clube nesta temporada.<\/p>\n\n\n\n<p>Durante a apresenta\u00e7\u00e3o, Vitor Hugo destacou o peso do momento: \u201c\u00c9 uma honra muito grande ser apresentado nesse grande clube no dia do seu anivers\u00e1rio\u201d. Ali\u00e1s, o jogador fez quest\u00e3o de demonstrar empolga\u00e7\u00e3o ao vestir a camisa alvinegra, mencionando o desejo de entregar ra\u00e7a e comprometimento em campo. \u201cEspero representar com muita ra\u00e7a e entrega dentro de campo as cores dessa camisa, que tem muito peso no futebol nacional e mundial\u201d, afirmou.<\/p>\n\n\n\n<p>A chegada do experiente zagueiro, de 33 anos, tem rela\u00e7\u00e3o direta com o t\u00e9cnico Cuca, com quem trabalhou no Palmeiras e conquistou o t\u00edtulo brasileiro de 2016. Conforme relatado pelo pr\u00f3prio atleta, o reencontro com o treinador foi determinante para o acerto com o Galo. \u201cEle perguntou como eu estava, se era o mesmo Vitor de 2016. Respondi que estava mais preparado, mais cabe\u00e7a, centrado\u201d, revelou. Vitor Hugo acredita viver uma fase mais madura da carreira: \u201cMe considero um jogador melhor\u201d.<\/p>\n\n\n\n<p>Apesar de seu curr\u00edculo, que inclui passagens por Fiorentina, na It\u00e1lia, al\u00e9m de clubes na Turquia e na Gr\u00e9cia, Vitor Hugo chega ao Atl\u00e9tico para disputar espa\u00e7o em um setor defensivo bastante concorrido. Atualmente, a zaga alvinegra conta com nomes como J\u00fanior Alonso, Lyanco, Igor Rabello, R\u00f4mulo e Ivan Rom\u00e1n. \u201cA disputa est\u00e1 acirrada. Quanto mais forte o elenco, melhor vai ser pelo clube\u201d, comentou.<\/p>\n\n\n\n<p>O defensor ainda lembrou momentos dif\u00edceis enfrentados recentemente, especialmente a perda da m\u00e3e em 2023, o que afetou sua sequ\u00eancia no Bahia. \u201cFoi um baque na minha vida. Mexeu comigo\u201d, disse. Ele acredita que esses epis\u00f3dios o fortaleceram emocionalmente e o tornaram mais comprometido com os desafios profissionais.<\/p>\n\n\n\n<p>Enfim, Vitor Hugo demonstrou confian\u00e7a ao falar sobre o ambiente do clube e o reencontro com integrantes do staff com quem j\u00e1 trabalhou anteriormente. O jogador afirmou estar \u00e0 disposi\u00e7\u00e3o para contribuir n\u00e3o apenas em campo, mas tamb\u00e9m nos bastidores, apoiando os mais jovens do elenco. \u201cEspero dar o melhor para ajudar o Atl\u00e9tico dentro e fora de campo\u201d, concluiu.<\/p>\n","protected":false},"excerpt":{"rendered":"<p>O zagueiro Vitor Hugo foi apresentado oficialmente como refor\u00e7o do Atl\u00e9tico na segunda-feira (25 de mar\u00e7o), data que marcou tamb\u00e9m o anivers\u00e1rio de 117 anos do clube. O evento ocorreu na Arena MRV, com transmiss\u00e3o ao vivo pela GaloTV, e contou com a presen\u00e7a do diretor de futebol Victor Bagy. O defensor chega por empr\u00e9stimo [&hellip;]<\/p>\n","protected":false},"author":18,"featured_media":245805,"comment_status":"open","ping_status":"closed","sticky":false,"template":"","format":"standard","meta":{"footnotes":""},"categories":[136,150],"tags":[],"class_list":["post-245804","post","type-post","status-publish","format-standard","has-post-thumbnail","hentry","category-atletico-mg","category-palmeiras"],"yoast_head":"<!-- This site is optimized with the Yoast SEO Premium plugin v24.2 (Yoast SEO v26.9) - https:\/\/yoast.com\/product\/yoast-seo-premium-wordpress\/ -->\n<title>Agora no Atl\u00e9tico-MG, a declara\u00e7\u00e3o de Vitor Hugo direcionada ao Palmeiras<\/title>\n<meta name=\"robots\" content=\"index, follow, max-snippet:-1, max-image-preview:large, max-video-preview:-1\" \/>\n<link rel=\"canonical\" href=\"https:\/\/www.gaveanews.com\/index.php\/2025\/03\/28\/agora-no-atletico-mg-a-declaracao-de-vitor-hugo-direcionada-ao-palmeiras\/\" \/>\n<meta property=\"og:locale\" content=\"pt_BR\" \/>\n<meta property=\"og:type\" content=\"article\" \/>\n<meta property=\"og:title\" content=\"Agora no Atl\u00e9tico-MG, a declara\u00e7\u00e3o de Vitor Hugo direcionada ao Palmeiras\" \/>\n<meta property=\"og:description\" content=\"O zagueiro Vitor Hugo foi apresentado oficialmente como refor\u00e7o do Atl\u00e9tico na segunda-feira (25 de mar\u00e7o), data que marcou tamb\u00e9m o anivers\u00e1rio de 117 anos do clube. O evento ocorreu na Arena MRV, com transmiss\u00e3o ao vivo pela GaloTV, e contou com a presen\u00e7a do diretor de futebol Victor Bagy. O defensor chega por empr\u00e9stimo [&hellip;]\" \/>\n<meta property=\"og:url\" content=\"https:\/\/www.gaveanews.com\/index.php\/2025\/03\/28\/agora-no-atletico-mg-a-declaracao-de-vitor-hugo-direcionada-ao-palmeiras\/\" \/>\n<meta property=\"og:site_name\" content=\"G\u00e1vea News\" \/>\n<meta property=\"article:publisher\" content=\"https:\/\/facebook.com\/gaveaNews\/\" \/>\n<meta property=\"article:published_time\" content=\"2025-03-28T05:55:00+00:00\" \/>\n<meta property=\"og:image\" content=\"https:\/\/www.gaveanews.com\/wp-content\/uploads\/Vitor-Hugo-Atletico-MG.webp\" \/>\n\t<meta property=\"og:image:width\" content=\"812\" \/>\n\t<meta property=\"og:image:height\" content=\"588\" \/>\n\t<meta property=\"og:image:type\" content=\"image\/jpeg\" \/>\n<meta name=\"author\" content=\"Paula Silva\" \/>\n<meta name=\"twitter:card\" content=\"summary_large_image\" \/>\n<meta name=\"twitter:label1\" content=\"Escrito por\" \/>\n\t<meta name=\"twitter:data1\" content=\"Paula Silva\" \/>\n\t<meta name=\"twitter:label2\" content=\"Est. tempo de leitura\" \/>\n\t<meta name=\"twitter:data2\" content=\"3 minutos\" \/>\n<script type=\"application\/ld+json\" class=\"yoast-schema-graph\">{\"@context\":\"https:\/\/schema.org\",\"@graph\":[{\"@type\":\"NewsArticle\",\"@id\":\"https:\/\/www.gaveanews.com\/index.php\/2025\/03\/28\/agora-no-atletico-mg-a-declaracao-de-vitor-hugo-direcionada-ao-palmeiras\/#article\",\"isPartOf\":{\"@id\":\"https:\/\/www.gaveanews.com\/index.php\/2025\/03\/28\/agora-no-atletico-mg-a-declaracao-de-vitor-hugo-direcionada-ao-palmeiras\/\"},\"author\":{\"name\":\"Paula Silva\",\"@id\":\"https:\/\/www.gaveanews.com\/#\/schema\/person\/daf63eec72e1164eb13dc35096c2b8da\"},\"headline\":\"Agora no Atl\u00e9tico-MG, a declara\u00e7\u00e3o de Vitor Hugo direcionada ao Palmeiras\",\"datePublished\":\"2025-03-28T05:55:00+00:00\",\"mainEntityOfPage\":{\"@id\":\"https:\/\/www.gaveanews.com\/index.php\/2025\/03\/28\/agora-no-atletico-mg-a-declaracao-de-vitor-hugo-direcionada-ao-palmeiras\/\"},\"wordCount\":441,\"commentCount\":0,\"image\":{\"@id\":\"https:\/\/www.gaveanews.com\/index.php\/2025\/03\/28\/agora-no-atletico-mg-a-declaracao-de-vitor-hugo-direcionada-ao-palmeiras\/#primaryimage\"},\"thumbnailUrl\":\"https:\/\/www.gaveanews.com\/wp-content\/uploads\/Vitor-Hugo-Atletico-MG.webp\",\"articleSection\":[\"Atl\u00e9tico-MG\",\"Palmeiras\"],\"inLanguage\":\"pt-BR\",\"potentialAction\":[{\"@type\":\"CommentAction\",\"name\":\"Comment\",\"target\":[\"https:\/\/www.gaveanews.com\/index.php\/2025\/03\/28\/agora-no-atletico-mg-a-declaracao-de-vitor-hugo-direcionada-ao-palmeiras\/#respond\"]}],\"copyrightYear\":\"2025\",\"copyrightHolder\":{\"@id\":\"https:\/\/www.gaveanews.com\/#organization\"}},{\"@type\":\"WebPage\",\"@id\":\"https:\/\/www.gaveanews.com\/index.php\/2025\/03\/28\/agora-no-atletico-mg-a-declaracao-de-vitor-hugo-direcionada-ao-palmeiras\/\",\"url\":\"https:\/\/www.gaveanews.com\/index.php\/2025\/03\/28\/agora-no-atletico-mg-a-declaracao-de-vitor-hugo-direcionada-ao-palmeiras\/\",\"name\":\"Agora no Atl\u00e9tico-MG, a declara\u00e7\u00e3o de Vitor Hugo direcionada ao Palmeiras\",\"isPartOf\":{\"@id\":\"https:\/\/www.gaveanews.com\/#website\"},\"primaryImageOfPage\":{\"@id\":\"https:\/\/www.gaveanews.com\/index.php\/2025\/03\/28\/agora-no-atletico-mg-a-declaracao-de-vitor-hugo-direcionada-ao-palmeiras\/#primaryimage\"},\"image\":{\"@id\":\"https:\/\/www.gaveanews.com\/index.php\/2025\/03\/28\/agora-no-atletico-mg-a-declaracao-de-vitor-hugo-direcionada-ao-palmeiras\/#primaryimage\"},\"thumbnailUrl\":\"https:\/\/www.gaveanews.com\/wp-content\/uploads\/Vitor-Hugo-Atletico-MG.webp\",\"datePublished\":\"2025-03-28T05:55:00+00:00\",\"author\":{\"@id\":\"https:\/\/www.gaveanews.com\/#\/schema\/person\/daf63eec72e1164eb13dc35096c2b8da\"},\"breadcrumb\":{\"@id\":\"https:\/\/www.gaveanews.com\/index.php\/2025\/03\/28\/agora-no-atletico-mg-a-declaracao-de-vitor-hugo-direcionada-ao-palmeiras\/#breadcrumb\"},\"inLanguage\":\"pt-BR\",\"potentialAction\":[{\"@type\":\"ReadAction\",\"target\":[\"https:\/\/www.gaveanews.com\/index.php\/2025\/03\/28\/agora-no-atletico-mg-a-declaracao-de-vitor-hugo-direcionada-ao-palmeiras\/\"]}]},{\"@type\":\"ImageObject\",\"inLanguage\":\"pt-BR\",\"@id\":\"https:\/\/www.gaveanews.com\/index.php\/2025\/03\/28\/agora-no-atletico-mg-a-declaracao-de-vitor-hugo-direcionada-ao-palmeiras\/#primaryimage\",\"url\":\"https:\/\/www.gaveanews.com\/wp-content\/uploads\/Vitor-Hugo-Atletico-MG.webp\",\"contentUrl\":\"https:\/\/www.gaveanews.com\/wp-content\/uploads\/Vitor-Hugo-Atletico-MG.webp\",\"width\":812,\"height\":588,\"caption\":\"Vitor Hugo Atl\u00e9tico-MG (Foto: Pedro Souza \/ Atl\u00e9tico)\"},{\"@type\":\"BreadcrumbList\",\"@id\":\"https:\/\/www.gaveanews.com\/index.php\/2025\/03\/28\/agora-no-atletico-mg-a-declaracao-de-vitor-hugo-direcionada-ao-palmeiras\/#breadcrumb\",\"itemListElement\":[{\"@type\":\"ListItem\",\"position\":1,\"name\":\"Home\",\"item\":\"https:\/\/www.gaveanews.com\/\"},{\"@type\":\"ListItem\",\"position\":2,\"name\":\"Agora no Atl\u00e9tico-MG, a declara\u00e7\u00e3o de Vitor Hugo direcionada ao Palmeiras\"}]},{\"@type\":\"WebSite\",\"@id\":\"https:\/\/www.gaveanews.com\/#website\",\"url\":\"https:\/\/www.gaveanews.com\/\",\"name\":\"G\u00e1vea News\",\"description\":\"Veja todas as not\u00edcias sobre o Flamengo: Contrata\u00e7\u00f5es, categorias de base, resultados das partidas, tabela de classifica\u00e7\u00e3o, pr\u00f3ximos jogos!\",\"potentialAction\":[{\"@type\":\"SearchAction\",\"target\":{\"@type\":\"EntryPoint\",\"urlTemplate\":\"https:\/\/www.gaveanews.com\/?s={search_term_string}\"},\"query-input\":{\"@type\":\"PropertyValueSpecification\",\"valueRequired\":true,\"valueName\":\"search_term_string\"}}],\"inLanguage\":\"pt-BR\"},{\"@type\":\"Person\",\"@id\":\"https:\/\/www.gaveanews.com\/#\/schema\/person\/daf63eec72e1164eb13dc35096c2b8da\",\"name\":\"Paula Silva\",\"image\":{\"@type\":\"ImageObject\",\"inLanguage\":\"pt-BR\",\"@id\":\"https:\/\/www.gaveanews.com\/#\/schema\/person\/image\/\",\"url\":\"https:\/\/secure.gravatar.com\/avatar\/eda381c845527cc5d64c13b901833cda29d97500ba040d3e6461f76f51d163bb?s=96&d=mm&r=g\",\"contentUrl\":\"https:\/\/secure.gravatar.com\/avatar\/eda381c845527cc5d64c13b901833cda29d97500ba040d3e6461f76f51d163bb?s=96&d=mm&r=g\",\"caption\":\"Paula Silva\"}}]}<\/script>\n<!-- \/ Yoast SEO Premium plugin. -->","yoast_head_json":{"title":"Agora no Atl\u00e9tico-MG, a declara\u00e7\u00e3o de Vitor Hugo direcionada ao Palmeiras","robots":{"index":"index","follow":"follow","max-snippet":"max-snippet:-1","max-image-preview":"max-image-preview:large","max-video-preview":"max-video-preview:-1"},"canonical":"https:\/\/www.gaveanews.com\/index.php\/2025\/03\/28\/agora-no-atletico-mg-a-declaracao-de-vitor-hugo-direcionada-ao-palmeiras\/","og_locale":"pt_BR","og_type":"article","og_title":"Agora no Atl\u00e9tico-MG, a declara\u00e7\u00e3o de Vitor Hugo direcionada ao Palmeiras","og_description":"O zagueiro Vitor Hugo foi apresentado oficialmente como refor\u00e7o do Atl\u00e9tico na segunda-feira (25 de mar\u00e7o), data que marcou tamb\u00e9m o anivers\u00e1rio de 117 anos do clube. O evento ocorreu na Arena MRV, com transmiss\u00e3o ao vivo pela GaloTV, e contou com a presen\u00e7a do diretor de futebol Victor Bagy. O defensor chega por empr\u00e9stimo [&hellip;]","og_url":"https:\/\/www.gaveanews.com\/index.php\/2025\/03\/28\/agora-no-atletico-mg-a-declaracao-de-vitor-hugo-direcionada-ao-palmeiras\/","og_site_name":"G\u00e1vea News","article_publisher":"https:\/\/facebook.com\/gaveaNews\/","article_published_time":"2025-03-28T05:55:00+00:00","og_image":[{"width":812,"height":588,"url":"https:\/\/www.gaveanews.com\/wp-content\/uploads\/Vitor-Hugo-Atletico-MG.webp","type":"image\/jpeg"}],"author":"Paula Silva","twitter_card":"summary_large_image","twitter_misc":{"Escrito por":"Paula Silva","Est. tempo de leitura":"3 minutos"},"schema":{"@context":"https:\/\/schema.org","@graph":[{"@type":"NewsArticle","@id":"https:\/\/www.gaveanews.com\/index.php\/2025\/03\/28\/agora-no-atletico-mg-a-declaracao-de-vitor-hugo-direcionada-ao-palmeiras\/#article","isPartOf":{"@id":"https:\/\/www.gaveanews.com\/index.php\/2025\/03\/28\/agora-no-atletico-mg-a-declaracao-de-vitor-hugo-direcionada-ao-palmeiras\/"},"author":{"name":"Paula Silva","@id":"https:\/\/www.gaveanews.com\/#\/schema\/person\/daf63eec72e1164eb13dc35096c2b8da"},"headline":"Agora no Atl\u00e9tico-MG, a declara\u00e7\u00e3o de Vitor Hugo direcionada ao Palmeiras","datePublished":"2025-03-28T05:55:00+00:00","mainEntityOfPage":{"@id":"https:\/\/www.gaveanews.com\/index.php\/2025\/03\/28\/agora-no-atletico-mg-a-declaracao-de-vitor-hugo-direcionada-ao-palmeiras\/"},"wordCount":441,"commentCount":0,"image":{"@id":"https:\/\/www.gaveanews.com\/index.php\/2025\/03\/28\/agora-no-atletico-mg-a-declaracao-de-vitor-hugo-direcionada-ao-palmeiras\/#primaryimage"},"thumbnailUrl":"https:\/\/www.gaveanews.com\/wp-content\/uploads\/Vitor-Hugo-Atletico-MG.webp","articleSection":["Atl\u00e9tico-MG","Palmeiras"],"inLanguage":"pt-BR","potentialAction":[{"@type":"CommentAction","name":"Comment","target":["https:\/\/www.gaveanews.com\/index.php\/2025\/03\/28\/agora-no-atletico-mg-a-declaracao-de-vitor-hugo-direcionada-ao-palmeiras\/#respond"]}],"copyrightYear":"2025","copyrightHolder":{"@id":"https:\/\/www.gaveanews.com\/#organization"}},{"@type":"WebPage","@id":"https:\/\/www.gaveanews.com\/index.php\/2025\/03\/28\/agora-no-atletico-mg-a-declaracao-de-vitor-hugo-direcionada-ao-palmeiras\/","url":"https:\/\/www.gaveanews.com\/index.php\/2025\/03\/28\/agora-no-atletico-mg-a-declaracao-de-vitor-hugo-direcionada-ao-palmeiras\/","name":"Agora no Atl\u00e9tico-MG, a declara\u00e7\u00e3o de Vitor Hugo direcionada ao Palmeiras","isPartOf":{"@id":"https:\/\/www.gaveanews.com\/#website"},"primaryImageOfPage":{"@id":"https:\/\/www.gaveanews.com\/index.php\/2025\/03\/28\/agora-no-atletico-mg-a-declaracao-de-vitor-hugo-direcionada-ao-palmeiras\/#primaryimage"},"image":{"@id":"https:\/\/www.gaveanews.com\/index.php\/2025\/03\/28\/agora-no-atletico-mg-a-declaracao-de-vitor-hugo-direcionada-ao-palmeiras\/#primaryimage"},"thumbnailUrl":"https:\/\/www.gaveanews.com\/wp-content\/uploads\/Vitor-Hugo-Atletico-MG.webp","datePublished":"2025-03-28T05:55:00+00:00","author":{"@id":"https:\/\/www.gaveanews.com\/#\/schema\/person\/daf63eec72e1164eb13dc35096c2b8da"},"breadcrumb":{"@id":"https:\/\/www.gaveanews.com\/index.php\/2025\/03\/28\/agora-no-atletico-mg-a-declaracao-de-vitor-hugo-direcionada-ao-palmeiras\/#breadcrumb"},"inLanguage":"pt-BR","potentialAction":[{"@type":"ReadAction","target":["https:\/\/www.gaveanews.com\/index.php\/2025\/03\/28\/agora-no-atletico-mg-a-declaracao-de-vitor-hugo-direcionada-ao-palmeiras\/"]}]},{"@type":"ImageObject","inLanguage":"pt-BR","@id":"https:\/\/www.gaveanews.com\/index.php\/2025\/03\/28\/agora-no-atletico-mg-a-declaracao-de-vitor-hugo-direcionada-ao-palmeiras\/#primaryimage","url":"https:\/\/www.gaveanews.com\/wp-content\/uploads\/Vitor-Hugo-Atletico-MG.webp","contentUrl":"https:\/\/www.gaveanews.com\/wp-content\/uploads\/Vitor-Hugo-Atletico-MG.webp","width":812,"height":588,"caption":"Vitor Hugo Atl\u00e9tico-MG (Foto: Pedro Souza \/ Atl\u00e9tico)"},{"@type":"BreadcrumbList","@id":"https:\/\/www.gaveanews.com\/index.php\/2025\/03\/28\/agora-no-atletico-mg-a-declaracao-de-vitor-hugo-direcionada-ao-palmeiras\/#breadcrumb","itemListElement":[{"@type":"ListItem","position":1,"name":"Home","item":"https:\/\/www.gaveanews.com\/"},{"@type":"ListItem","position":2,"name":"Agora no Atl\u00e9tico-MG, a declara\u00e7\u00e3o de Vitor Hugo direcionada ao Palmeiras"}]},{"@type":"WebSite","@id":"https:\/\/www.gaveanews.com\/#website","url":"https:\/\/www.gaveanews.com\/","name":"G\u00e1vea News","description":"Veja todas as not\u00edcias sobre o Flamengo: Contrata\u00e7\u00f5es, categorias de base, resultados das partidas, tabela de classifica\u00e7\u00e3o, pr\u00f3ximos jogos!","potentialAction":[{"@type":"SearchAction","target":{"@type":"EntryPoint","urlTemplate":"https:\/\/www.gaveanews.com\/?s={search_term_string}"},"query-input":{"@type":"PropertyValueSpecification","valueRequired":true,"valueName":"search_term_string"}}],"inLanguage":"pt-BR"},{"@type":"Person","@id":"https:\/\/www.gaveanews.com\/#\/schema\/person\/daf63eec72e1164eb13dc35096c2b8da","name":"Paula Silva","image":{"@type":"ImageObject","inLanguage":"pt-BR","@id":"https:\/\/www.gaveanews.com\/#\/schema\/person\/image\/","url":"https:\/\/secure.gravatar.com\/avatar\/eda381c845527cc5d64c13b901833cda29d97500ba040d3e6461f76f51d163bb?s=96&d=mm&r=g","contentUrl":"https:\/\/secure.gravatar.com\/avatar\/eda381c845527cc5d64c13b901833cda29d97500ba040d3e6461f76f51d163bb?s=96&d=mm&r=g","caption":"Paula Silva"}}]}},"_links":{"self":[{"href":"https:\/\/www.gaveanews.com\/index.php\/wp-json\/wp\/v2\/posts\/245804","targetHints":{"allow":["GET"]}}],"collection":[{"href":"https:\/\/www.gaveanews.com\/index.php\/wp-json\/wp\/v2\/posts"}],"about":[{"href":"https:\/\/www.gaveanews.com\/index.php\/wp-json\/wp\/v2\/types\/post"}],"author":[{"embeddable":true,"href":"https:\/\/www.gaveanews.com\/index.php\/wp-json\/wp\/v2\/users\/18"}],"replies":[{"embeddable":true,"href":"https:\/\/www.gaveanews.com\/index.php\/wp-json\/wp\/v2\/comments?post=245804"}],"version-history":[{"count":1,"href":"https:\/\/www.gaveanews.com\/index.php\/wp-json\/wp\/v2\/posts\/245804\/revisions"}],"predecessor-version":[{"id":245806,"href":"https:\/\/www.gaveanews.com\/index.php\/wp-json\/wp\/v2\/posts\/245804\/revisions\/245806"}],"wp:featuredmedia":[{"embeddable":true,"href":"https:\/\/www.gaveanews.com\/index.php\/wp-json\/wp\/v2\/media\/245805"}],"wp:attachment":[{"href":"https:\/\/www.gaveanews.com\/index.php\/wp-json\/wp\/v2\/media?parent=245804"}],"wp:term":[{"taxonomy":"category","embeddable":true,"href":"https:\/\/www.gaveanews.com\/index.php\/wp-json\/wp\/v2\/categories?post=245804"},{"taxonomy":"post_tag","embeddable":true,"href":"https:\/\/www.gaveanews.com\/index.php\/wp-json\/wp\/v2\/tags?post=245804"}],"curies":[{"name":"wp","href":"https:\/\/api.w.org\/{rel}","templated":true}]}}