{"id":245814,"date":"2025-03-28T03:10:00","date_gmt":"2025-03-28T06:10:00","guid":{"rendered":"https:\/\/www.gaveanews.com\/?p=245814"},"modified":"2025-03-27T23:54:39","modified_gmt":"2025-03-28T02:54:39","slug":"gerson-bruno-henrique-filipe-luis-pulgar-leo-pereira-leo-ortiz-rossi-wesley-arias-cano-vegetti-fuentes-a-selecao-do-campeonato-carioca","status":"publish","type":"post","link":"https:\/\/www.gaveanews.com\/index.php\/2025\/03\/28\/gerson-bruno-henrique-filipe-luis-pulgar-leo-pereira-leo-ortiz-rossi-wesley-arias-cano-vegetti-fuentes-a-selecao-do-campeonato-carioca\/","title":{"rendered":"Gerson, Bruno Henrique, Filipe Lu\u00eds, Pulgar, L\u00e9o Pereira, L\u00e9o Ortiz, Rossi, Wesley, Arias, Cano, Vegetti, Fuentes: a sele\u00e7\u00e3o do Campeonato Carioca"},"content":{"rendered":"\n<p>A sele\u00e7\u00e3o do Campeonato Carioca 2025 foi anunciada na noite de quinta-feira (27 de mar\u00e7o), durante evento promovido pela Ferj em uma casa de espet\u00e1culos na Zona Sul do Rio de Janeiro. Campe\u00e3o estadual, o Flamengo teve ampla maioria entre os escolhidos, emplacando sete jogadores na equipe ideal da competi\u00e7\u00e3o.<\/p>\n\n\n\n<p>Os rubro-negros selecionados foram: Rossi no gol, Wesley na lateral-direita, a dupla de zaga formada por L\u00e9o Ortiz e L\u00e9o Pereira, al\u00e9m dos meio-campistas Pulgar e Gerson, e o atacante Bruno Henrique. O t\u00e9cnico Filipe Lu\u00eds tamb\u00e9m foi reconhecido e eleito o melhor treinador do Estadual.<\/p>\n\n\n\n<p>\u201cPrimeiro pr\u00eamio como treinador, uma honra estar aqui\u201d, afirmou Filipe Lu\u00eds. \u201cAgradecer a minha esposa, sem ela n\u00e3o estaria aqui, s\u00e3o muitas horas de trabalho. E agradecer aos meus jogadores, que s\u00e3o muito bons. Jogando t\u00e3o bem, me fazem ser melhor treinador do que realmente sou\u201d, completou o comandante rubro-negro, que j\u00e1 havia conquistado a Copa do Brasil em 2024 e a Supercopa do Brasil em 2025.<\/p>\n\n\n\n<p>O Fluminense, vice-campe\u00e3o, teve tr\u00eas atletas na sele\u00e7\u00e3o: o lateral-esquerdo Fuentes, o meia Arias e o atacante Germ\u00e1n Cano. O Vasco tamb\u00e9m foi representado com a presen\u00e7a do atacante Vegetti. Al\u00e9m disso, o jovem Riquelme Felipe, meia tricolor de 18 anos, foi eleito a revela\u00e7\u00e3o da competi\u00e7\u00e3o. Recuperando-se de uma les\u00e3o no joelho esquerdo, ele compareceu \u00e0 cerim\u00f4nia utilizando muletas.<\/p>\n\n\n\n<p>Gerson, do Flamengo, foi eleito o craque do Campeonato Carioca, acumulando dois pr\u00eamios na noite de gala. J\u00e1 o trof\u00e9u Carlos Castilho, destinado \u00e0 melhor defesa da competi\u00e7\u00e3o, foi entregue ao goleiro Z\u00e9 Carlos, do Sampaio Corr\u00eaa. O pr\u00eamio de gol mais bonito ficou com Elicley, da Portuguesa, enquanto o Vasco foi agraciado com o trof\u00e9u fair play, como equipe mais disciplinada. Cano, Max e Vegetti dividiram a artilharia do torneio.<\/p>\n\n\n\n<p>O pr\u00f3ximo compromisso do Flamengo ser\u00e1 pelo Campeonato Brasileiro. A estreia acontecer\u00e1 no domingo (30 de mar\u00e7o), contra o Internacional, no Maracan\u00e3, com in\u00edcio previsto para as 21h (hor\u00e1rio de Bras\u00edlia).<\/p>\n","protected":false},"excerpt":{"rendered":"<p>A sele\u00e7\u00e3o do Campeonato Carioca 2025 foi anunciada na noite de quinta-feira (27 de mar\u00e7o), durante evento promovido pela Ferj em uma casa de espet\u00e1culos na Zona Sul do Rio de Janeiro. Campe\u00e3o estadual, o Flamengo teve ampla maioria entre os escolhidos, emplacando sete jogadores na equipe ideal da competi\u00e7\u00e3o. Os rubro-negros selecionados foram: Rossi [&hellip;]<\/p>\n","protected":false},"author":18,"featured_media":171103,"comment_status":"open","ping_status":"closed","sticky":false,"template":"","format":"standard","meta":{"footnotes":""},"categories":[478,1,145],"tags":[],"class_list":["post-245814","post","type-post","status-publish","format-standard","has-post-thumbnail","hentry","category-brasil","category-flamengo","category-fluminense"],"yoast_head":"<!-- This site is optimized with the Yoast SEO Premium plugin v24.2 (Yoast SEO v26.9) - https:\/\/yoast.com\/product\/yoast-seo-premium-wordpress\/ -->\n<title>Gerson, Bruno Henrique, Filipe Lu\u00eds, Pulgar, L\u00e9o Pereira, L\u00e9o Ortiz, Rossi, Wesley, Arias, Cano, Vegetti, Fuentes: a sele\u00e7\u00e3o do Campeonato Carioca<\/title>\n<meta name=\"robots\" content=\"index, follow, max-snippet:-1, max-image-preview:large, max-video-preview:-1\" \/>\n<link rel=\"canonical\" href=\"https:\/\/www.gaveanews.com\/index.php\/2025\/03\/28\/gerson-bruno-henrique-filipe-luis-pulgar-leo-pereira-leo-ortiz-rossi-wesley-arias-cano-vegetti-fuentes-a-selecao-do-campeonato-carioca\/\" \/>\n<meta property=\"og:locale\" content=\"pt_BR\" \/>\n<meta property=\"og:type\" content=\"article\" \/>\n<meta property=\"og:title\" content=\"Gerson, Bruno Henrique, Filipe Lu\u00eds, Pulgar, L\u00e9o Pereira, L\u00e9o Ortiz, Rossi, Wesley, Arias, Cano, Vegetti, Fuentes: a sele\u00e7\u00e3o do Campeonato Carioca\" \/>\n<meta property=\"og:description\" content=\"A sele\u00e7\u00e3o do Campeonato Carioca 2025 foi anunciada na noite de quinta-feira (27 de mar\u00e7o), durante evento promovido pela Ferj em uma casa de espet\u00e1culos na Zona Sul do Rio de Janeiro. Campe\u00e3o estadual, o Flamengo teve ampla maioria entre os escolhidos, emplacando sete jogadores na equipe ideal da competi\u00e7\u00e3o. Os rubro-negros selecionados foram: Rossi [&hellip;]\" \/>\n<meta property=\"og:url\" content=\"https:\/\/www.gaveanews.com\/index.php\/2025\/03\/28\/gerson-bruno-henrique-filipe-luis-pulgar-leo-pereira-leo-ortiz-rossi-wesley-arias-cano-vegetti-fuentes-a-selecao-do-campeonato-carioca\/\" \/>\n<meta property=\"og:site_name\" content=\"G\u00e1vea News\" \/>\n<meta property=\"article:publisher\" content=\"https:\/\/facebook.com\/gaveaNews\/\" \/>\n<meta property=\"article:published_time\" content=\"2025-03-28T06:10:00+00:00\" \/>\n<meta property=\"og:image\" content=\"https:\/\/www.gaveanews.com\/wp-content\/uploads\/Filipe-Luis-durante-jogo-entre-Flamengo-e-Corinthians-pela-semifinal-da-Copa-do-Brasil-no-Maracana.webp\" \/>\n\t<meta property=\"og:image:width\" content=\"742\" \/>\n\t<meta property=\"og:image:height\" content=\"493\" \/>\n\t<meta property=\"og:image:type\" content=\"image\/jpeg\" \/>\n<meta name=\"author\" content=\"Paula Silva\" \/>\n<meta name=\"twitter:card\" content=\"summary_large_image\" \/>\n<meta name=\"twitter:label1\" content=\"Escrito por\" \/>\n\t<meta name=\"twitter:data1\" content=\"Paula Silva\" \/>\n\t<meta name=\"twitter:label2\" content=\"Est. tempo de leitura\" \/>\n\t<meta name=\"twitter:data2\" content=\"2 minutos\" \/>\n<script type=\"application\/ld+json\" class=\"yoast-schema-graph\">{\"@context\":\"https:\/\/schema.org\",\"@graph\":[{\"@type\":\"NewsArticle\",\"@id\":\"https:\/\/www.gaveanews.com\/index.php\/2025\/03\/28\/gerson-bruno-henrique-filipe-luis-pulgar-leo-pereira-leo-ortiz-rossi-wesley-arias-cano-vegetti-fuentes-a-selecao-do-campeonato-carioca\/#article\",\"isPartOf\":{\"@id\":\"https:\/\/www.gaveanews.com\/index.php\/2025\/03\/28\/gerson-bruno-henrique-filipe-luis-pulgar-leo-pereira-leo-ortiz-rossi-wesley-arias-cano-vegetti-fuentes-a-selecao-do-campeonato-carioca\/\"},\"author\":{\"name\":\"Paula Silva\",\"@id\":\"https:\/\/www.gaveanews.com\/#\/schema\/person\/daf63eec72e1164eb13dc35096c2b8da\"},\"headline\":\"Gerson, Bruno Henrique, Filipe Lu\u00eds, Pulgar, L\u00e9o Pereira, L\u00e9o Ortiz, Rossi, Wesley, Arias, Cano, Vegetti, Fuentes: a sele\u00e7\u00e3o do Campeonato Carioca\",\"datePublished\":\"2025-03-28T06:10:00+00:00\",\"mainEntityOfPage\":{\"@id\":\"https:\/\/www.gaveanews.com\/index.php\/2025\/03\/28\/gerson-bruno-henrique-filipe-luis-pulgar-leo-pereira-leo-ortiz-rossi-wesley-arias-cano-vegetti-fuentes-a-selecao-do-campeonato-carioca\/\"},\"wordCount\":381,\"commentCount\":0,\"image\":{\"@id\":\"https:\/\/www.gaveanews.com\/index.php\/2025\/03\/28\/gerson-bruno-henrique-filipe-luis-pulgar-leo-pereira-leo-ortiz-rossi-wesley-arias-cano-vegetti-fuentes-a-selecao-do-campeonato-carioca\/#primaryimage\"},\"thumbnailUrl\":\"https:\/\/www.gaveanews.com\/wp-content\/uploads\/Filipe-Luis-durante-jogo-entre-Flamengo-e-Corinthians-pela-semifinal-da-Copa-do-Brasil-no-Maracana.webp\",\"articleSection\":[\"Brasil\",\"Flamengo\",\"Fluminense\"],\"inLanguage\":\"pt-BR\",\"potentialAction\":[{\"@type\":\"CommentAction\",\"name\":\"Comment\",\"target\":[\"https:\/\/www.gaveanews.com\/index.php\/2025\/03\/28\/gerson-bruno-henrique-filipe-luis-pulgar-leo-pereira-leo-ortiz-rossi-wesley-arias-cano-vegetti-fuentes-a-selecao-do-campeonato-carioca\/#respond\"]}],\"copyrightYear\":\"2025\",\"copyrightHolder\":{\"@id\":\"https:\/\/www.gaveanews.com\/#organization\"}},{\"@type\":\"WebPage\",\"@id\":\"https:\/\/www.gaveanews.com\/index.php\/2025\/03\/28\/gerson-bruno-henrique-filipe-luis-pulgar-leo-pereira-leo-ortiz-rossi-wesley-arias-cano-vegetti-fuentes-a-selecao-do-campeonato-carioca\/\",\"url\":\"https:\/\/www.gaveanews.com\/index.php\/2025\/03\/28\/gerson-bruno-henrique-filipe-luis-pulgar-leo-pereira-leo-ortiz-rossi-wesley-arias-cano-vegetti-fuentes-a-selecao-do-campeonato-carioca\/\",\"name\":\"Gerson, Bruno Henrique, Filipe Lu\u00eds, Pulgar, L\u00e9o Pereira, L\u00e9o Ortiz, Rossi, Wesley, Arias, Cano, Vegetti, Fuentes: a sele\u00e7\u00e3o do Campeonato Carioca\",\"isPartOf\":{\"@id\":\"https:\/\/www.gaveanews.com\/#website\"},\"primaryImageOfPage\":{\"@id\":\"https:\/\/www.gaveanews.com\/index.php\/2025\/03\/28\/gerson-bruno-henrique-filipe-luis-pulgar-leo-pereira-leo-ortiz-rossi-wesley-arias-cano-vegetti-fuentes-a-selecao-do-campeonato-carioca\/#primaryimage\"},\"image\":{\"@id\":\"https:\/\/www.gaveanews.com\/index.php\/2025\/03\/28\/gerson-bruno-henrique-filipe-luis-pulgar-leo-pereira-leo-ortiz-rossi-wesley-arias-cano-vegetti-fuentes-a-selecao-do-campeonato-carioca\/#primaryimage\"},\"thumbnailUrl\":\"https:\/\/www.gaveanews.com\/wp-content\/uploads\/Filipe-Luis-durante-jogo-entre-Flamengo-e-Corinthians-pela-semifinal-da-Copa-do-Brasil-no-Maracana.webp\",\"datePublished\":\"2025-03-28T06:10:00+00:00\",\"author\":{\"@id\":\"https:\/\/www.gaveanews.com\/#\/schema\/person\/daf63eec72e1164eb13dc35096c2b8da\"},\"breadcrumb\":{\"@id\":\"https:\/\/www.gaveanews.com\/index.php\/2025\/03\/28\/gerson-bruno-henrique-filipe-luis-pulgar-leo-pereira-leo-ortiz-rossi-wesley-arias-cano-vegetti-fuentes-a-selecao-do-campeonato-carioca\/#breadcrumb\"},\"inLanguage\":\"pt-BR\",\"potentialAction\":[{\"@type\":\"ReadAction\",\"target\":[\"https:\/\/www.gaveanews.com\/index.php\/2025\/03\/28\/gerson-bruno-henrique-filipe-luis-pulgar-leo-pereira-leo-ortiz-rossi-wesley-arias-cano-vegetti-fuentes-a-selecao-do-campeonato-carioca\/\"]}]},{\"@type\":\"ImageObject\",\"inLanguage\":\"pt-BR\",\"@id\":\"https:\/\/www.gaveanews.com\/index.php\/2025\/03\/28\/gerson-bruno-henrique-filipe-luis-pulgar-leo-pereira-leo-ortiz-rossi-wesley-arias-cano-vegetti-fuentes-a-selecao-do-campeonato-carioca\/#primaryimage\",\"url\":\"https:\/\/www.gaveanews.com\/wp-content\/uploads\/Filipe-Luis-durante-jogo-entre-Flamengo-e-Corinthians-pela-semifinal-da-Copa-do-Brasil-no-Maracana.webp\",\"contentUrl\":\"https:\/\/www.gaveanews.com\/wp-content\/uploads\/Filipe-Luis-durante-jogo-entre-Flamengo-e-Corinthians-pela-semifinal-da-Copa-do-Brasil-no-Maracana.webp\",\"width\":742,\"height\":493,\"caption\":\"Filipe Lu\u00eds durante jogo entre Flamengo e Corinthians, pela semifinal da Copa do Brasil, no Maracan\u00e3 (Foto: Gilvan de Souza\/Flamengo)\"},{\"@type\":\"BreadcrumbList\",\"@id\":\"https:\/\/www.gaveanews.com\/index.php\/2025\/03\/28\/gerson-bruno-henrique-filipe-luis-pulgar-leo-pereira-leo-ortiz-rossi-wesley-arias-cano-vegetti-fuentes-a-selecao-do-campeonato-carioca\/#breadcrumb\",\"itemListElement\":[{\"@type\":\"ListItem\",\"position\":1,\"name\":\"Home\",\"item\":\"https:\/\/www.gaveanews.com\/\"},{\"@type\":\"ListItem\",\"position\":2,\"name\":\"Gerson, Bruno Henrique, Filipe Lu\u00eds, Pulgar, L\u00e9o Pereira, L\u00e9o Ortiz, Rossi, Wesley, Arias, Cano, Vegetti, Fuentes: a sele\u00e7\u00e3o do Campeonato Carioca\"}]},{\"@type\":\"WebSite\",\"@id\":\"https:\/\/www.gaveanews.com\/#website\",\"url\":\"https:\/\/www.gaveanews.com\/\",\"name\":\"G\u00e1vea News\",\"description\":\"Veja todas as not\u00edcias sobre o Flamengo: Contrata\u00e7\u00f5es, categorias de base, resultados das partidas, tabela de classifica\u00e7\u00e3o, pr\u00f3ximos jogos!\",\"potentialAction\":[{\"@type\":\"SearchAction\",\"target\":{\"@type\":\"EntryPoint\",\"urlTemplate\":\"https:\/\/www.gaveanews.com\/?s={search_term_string}\"},\"query-input\":{\"@type\":\"PropertyValueSpecification\",\"valueRequired\":true,\"valueName\":\"search_term_string\"}}],\"inLanguage\":\"pt-BR\"},{\"@type\":\"Person\",\"@id\":\"https:\/\/www.gaveanews.com\/#\/schema\/person\/daf63eec72e1164eb13dc35096c2b8da\",\"name\":\"Paula Silva\",\"image\":{\"@type\":\"ImageObject\",\"inLanguage\":\"pt-BR\",\"@id\":\"https:\/\/www.gaveanews.com\/#\/schema\/person\/image\/\",\"url\":\"https:\/\/secure.gravatar.com\/avatar\/eda381c845527cc5d64c13b901833cda29d97500ba040d3e6461f76f51d163bb?s=96&d=mm&r=g\",\"contentUrl\":\"https:\/\/secure.gravatar.com\/avatar\/eda381c845527cc5d64c13b901833cda29d97500ba040d3e6461f76f51d163bb?s=96&d=mm&r=g\",\"caption\":\"Paula Silva\"}}]}<\/script>\n<!-- \/ Yoast SEO Premium plugin. -->","yoast_head_json":{"title":"Gerson, Bruno Henrique, Filipe Lu\u00eds, Pulgar, L\u00e9o Pereira, L\u00e9o Ortiz, Rossi, Wesley, Arias, Cano, Vegetti, Fuentes: a sele\u00e7\u00e3o do Campeonato Carioca","robots":{"index":"index","follow":"follow","max-snippet":"max-snippet:-1","max-image-preview":"max-image-preview:large","max-video-preview":"max-video-preview:-1"},"canonical":"https:\/\/www.gaveanews.com\/index.php\/2025\/03\/28\/gerson-bruno-henrique-filipe-luis-pulgar-leo-pereira-leo-ortiz-rossi-wesley-arias-cano-vegetti-fuentes-a-selecao-do-campeonato-carioca\/","og_locale":"pt_BR","og_type":"article","og_title":"Gerson, Bruno Henrique, Filipe Lu\u00eds, Pulgar, L\u00e9o Pereira, L\u00e9o Ortiz, Rossi, Wesley, Arias, Cano, Vegetti, Fuentes: a sele\u00e7\u00e3o do Campeonato Carioca","og_description":"A sele\u00e7\u00e3o do Campeonato Carioca 2025 foi anunciada na noite de quinta-feira (27 de mar\u00e7o), durante evento promovido pela Ferj em uma casa de espet\u00e1culos na Zona Sul do Rio de Janeiro. Campe\u00e3o estadual, o Flamengo teve ampla maioria entre os escolhidos, emplacando sete jogadores na equipe ideal da competi\u00e7\u00e3o. Os rubro-negros selecionados foram: Rossi [&hellip;]","og_url":"https:\/\/www.gaveanews.com\/index.php\/2025\/03\/28\/gerson-bruno-henrique-filipe-luis-pulgar-leo-pereira-leo-ortiz-rossi-wesley-arias-cano-vegetti-fuentes-a-selecao-do-campeonato-carioca\/","og_site_name":"G\u00e1vea News","article_publisher":"https:\/\/facebook.com\/gaveaNews\/","article_published_time":"2025-03-28T06:10:00+00:00","og_image":[{"width":742,"height":493,"url":"https:\/\/www.gaveanews.com\/wp-content\/uploads\/Filipe-Luis-durante-jogo-entre-Flamengo-e-Corinthians-pela-semifinal-da-Copa-do-Brasil-no-Maracana.webp","type":"image\/jpeg"}],"author":"Paula Silva","twitter_card":"summary_large_image","twitter_misc":{"Escrito por":"Paula Silva","Est. tempo de leitura":"2 minutos"},"schema":{"@context":"https:\/\/schema.org","@graph":[{"@type":"NewsArticle","@id":"https:\/\/www.gaveanews.com\/index.php\/2025\/03\/28\/gerson-bruno-henrique-filipe-luis-pulgar-leo-pereira-leo-ortiz-rossi-wesley-arias-cano-vegetti-fuentes-a-selecao-do-campeonato-carioca\/#article","isPartOf":{"@id":"https:\/\/www.gaveanews.com\/index.php\/2025\/03\/28\/gerson-bruno-henrique-filipe-luis-pulgar-leo-pereira-leo-ortiz-rossi-wesley-arias-cano-vegetti-fuentes-a-selecao-do-campeonato-carioca\/"},"author":{"name":"Paula Silva","@id":"https:\/\/www.gaveanews.com\/#\/schema\/person\/daf63eec72e1164eb13dc35096c2b8da"},"headline":"Gerson, Bruno Henrique, Filipe Lu\u00eds, Pulgar, L\u00e9o Pereira, L\u00e9o Ortiz, Rossi, Wesley, Arias, Cano, Vegetti, Fuentes: a sele\u00e7\u00e3o do Campeonato Carioca","datePublished":"2025-03-28T06:10:00+00:00","mainEntityOfPage":{"@id":"https:\/\/www.gaveanews.com\/index.php\/2025\/03\/28\/gerson-bruno-henrique-filipe-luis-pulgar-leo-pereira-leo-ortiz-rossi-wesley-arias-cano-vegetti-fuentes-a-selecao-do-campeonato-carioca\/"},"wordCount":381,"commentCount":0,"image":{"@id":"https:\/\/www.gaveanews.com\/index.php\/2025\/03\/28\/gerson-bruno-henrique-filipe-luis-pulgar-leo-pereira-leo-ortiz-rossi-wesley-arias-cano-vegetti-fuentes-a-selecao-do-campeonato-carioca\/#primaryimage"},"thumbnailUrl":"https:\/\/www.gaveanews.com\/wp-content\/uploads\/Filipe-Luis-durante-jogo-entre-Flamengo-e-Corinthians-pela-semifinal-da-Copa-do-Brasil-no-Maracana.webp","articleSection":["Brasil","Flamengo","Fluminense"],"inLanguage":"pt-BR","potentialAction":[{"@type":"CommentAction","name":"Comment","target":["https:\/\/www.gaveanews.com\/index.php\/2025\/03\/28\/gerson-bruno-henrique-filipe-luis-pulgar-leo-pereira-leo-ortiz-rossi-wesley-arias-cano-vegetti-fuentes-a-selecao-do-campeonato-carioca\/#respond"]}],"copyrightYear":"2025","copyrightHolder":{"@id":"https:\/\/www.gaveanews.com\/#organization"}},{"@type":"WebPage","@id":"https:\/\/www.gaveanews.com\/index.php\/2025\/03\/28\/gerson-bruno-henrique-filipe-luis-pulgar-leo-pereira-leo-ortiz-rossi-wesley-arias-cano-vegetti-fuentes-a-selecao-do-campeonato-carioca\/","url":"https:\/\/www.gaveanews.com\/index.php\/2025\/03\/28\/gerson-bruno-henrique-filipe-luis-pulgar-leo-pereira-leo-ortiz-rossi-wesley-arias-cano-vegetti-fuentes-a-selecao-do-campeonato-carioca\/","name":"Gerson, Bruno Henrique, Filipe Lu\u00eds, Pulgar, L\u00e9o Pereira, L\u00e9o Ortiz, Rossi, Wesley, Arias, Cano, Vegetti, Fuentes: a sele\u00e7\u00e3o do Campeonato Carioca","isPartOf":{"@id":"https:\/\/www.gaveanews.com\/#website"},"primaryImageOfPage":{"@id":"https:\/\/www.gaveanews.com\/index.php\/2025\/03\/28\/gerson-bruno-henrique-filipe-luis-pulgar-leo-pereira-leo-ortiz-rossi-wesley-arias-cano-vegetti-fuentes-a-selecao-do-campeonato-carioca\/#primaryimage"},"image":{"@id":"https:\/\/www.gaveanews.com\/index.php\/2025\/03\/28\/gerson-bruno-henrique-filipe-luis-pulgar-leo-pereira-leo-ortiz-rossi-wesley-arias-cano-vegetti-fuentes-a-selecao-do-campeonato-carioca\/#primaryimage"},"thumbnailUrl":"https:\/\/www.gaveanews.com\/wp-content\/uploads\/Filipe-Luis-durante-jogo-entre-Flamengo-e-Corinthians-pela-semifinal-da-Copa-do-Brasil-no-Maracana.webp","datePublished":"2025-03-28T06:10:00+00:00","author":{"@id":"https:\/\/www.gaveanews.com\/#\/schema\/person\/daf63eec72e1164eb13dc35096c2b8da"},"breadcrumb":{"@id":"https:\/\/www.gaveanews.com\/index.php\/2025\/03\/28\/gerson-bruno-henrique-filipe-luis-pulgar-leo-pereira-leo-ortiz-rossi-wesley-arias-cano-vegetti-fuentes-a-selecao-do-campeonato-carioca\/#breadcrumb"},"inLanguage":"pt-BR","potentialAction":[{"@type":"ReadAction","target":["https:\/\/www.gaveanews.com\/index.php\/2025\/03\/28\/gerson-bruno-henrique-filipe-luis-pulgar-leo-pereira-leo-ortiz-rossi-wesley-arias-cano-vegetti-fuentes-a-selecao-do-campeonato-carioca\/"]}]},{"@type":"ImageObject","inLanguage":"pt-BR","@id":"https:\/\/www.gaveanews.com\/index.php\/2025\/03\/28\/gerson-bruno-henrique-filipe-luis-pulgar-leo-pereira-leo-ortiz-rossi-wesley-arias-cano-vegetti-fuentes-a-selecao-do-campeonato-carioca\/#primaryimage","url":"https:\/\/www.gaveanews.com\/wp-content\/uploads\/Filipe-Luis-durante-jogo-entre-Flamengo-e-Corinthians-pela-semifinal-da-Copa-do-Brasil-no-Maracana.webp","contentUrl":"https:\/\/www.gaveanews.com\/wp-content\/uploads\/Filipe-Luis-durante-jogo-entre-Flamengo-e-Corinthians-pela-semifinal-da-Copa-do-Brasil-no-Maracana.webp","width":742,"height":493,"caption":"Filipe Lu\u00eds durante jogo entre Flamengo e Corinthians, pela semifinal da Copa do Brasil, no Maracan\u00e3 (Foto: Gilvan de Souza\/Flamengo)"},{"@type":"BreadcrumbList","@id":"https:\/\/www.gaveanews.com\/index.php\/2025\/03\/28\/gerson-bruno-henrique-filipe-luis-pulgar-leo-pereira-leo-ortiz-rossi-wesley-arias-cano-vegetti-fuentes-a-selecao-do-campeonato-carioca\/#breadcrumb","itemListElement":[{"@type":"ListItem","position":1,"name":"Home","item":"https:\/\/www.gaveanews.com\/"},{"@type":"ListItem","position":2,"name":"Gerson, Bruno Henrique, Filipe Lu\u00eds, Pulgar, L\u00e9o Pereira, L\u00e9o Ortiz, Rossi, Wesley, Arias, Cano, Vegetti, Fuentes: a sele\u00e7\u00e3o do Campeonato Carioca"}]},{"@type":"WebSite","@id":"https:\/\/www.gaveanews.com\/#website","url":"https:\/\/www.gaveanews.com\/","name":"G\u00e1vea News","description":"Veja todas as not\u00edcias sobre o Flamengo: Contrata\u00e7\u00f5es, categorias de base, resultados das partidas, tabela de classifica\u00e7\u00e3o, pr\u00f3ximos jogos!","potentialAction":[{"@type":"SearchAction","target":{"@type":"EntryPoint","urlTemplate":"https:\/\/www.gaveanews.com\/?s={search_term_string}"},"query-input":{"@type":"PropertyValueSpecification","valueRequired":true,"valueName":"search_term_string"}}],"inLanguage":"pt-BR"},{"@type":"Person","@id":"https:\/\/www.gaveanews.com\/#\/schema\/person\/daf63eec72e1164eb13dc35096c2b8da","name":"Paula Silva","image":{"@type":"ImageObject","inLanguage":"pt-BR","@id":"https:\/\/www.gaveanews.com\/#\/schema\/person\/image\/","url":"https:\/\/secure.gravatar.com\/avatar\/eda381c845527cc5d64c13b901833cda29d97500ba040d3e6461f76f51d163bb?s=96&d=mm&r=g","contentUrl":"https:\/\/secure.gravatar.com\/avatar\/eda381c845527cc5d64c13b901833cda29d97500ba040d3e6461f76f51d163bb?s=96&d=mm&r=g","caption":"Paula Silva"}}]}},"_links":{"self":[{"href":"https:\/\/www.gaveanews.com\/index.php\/wp-json\/wp\/v2\/posts\/245814","targetHints":{"allow":["GET"]}}],"collection":[{"href":"https:\/\/www.gaveanews.com\/index.php\/wp-json\/wp\/v2\/posts"}],"about":[{"href":"https:\/\/www.gaveanews.com\/index.php\/wp-json\/wp\/v2\/types\/post"}],"author":[{"embeddable":true,"href":"https:\/\/www.gaveanews.com\/index.php\/wp-json\/wp\/v2\/users\/18"}],"replies":[{"embeddable":true,"href":"https:\/\/www.gaveanews.com\/index.php\/wp-json\/wp\/v2\/comments?post=245814"}],"version-history":[{"count":1,"href":"https:\/\/www.gaveanews.com\/index.php\/wp-json\/wp\/v2\/posts\/245814\/revisions"}],"predecessor-version":[{"id":245815,"href":"https:\/\/www.gaveanews.com\/index.php\/wp-json\/wp\/v2\/posts\/245814\/revisions\/245815"}],"wp:featuredmedia":[{"embeddable":true,"href":"https:\/\/www.gaveanews.com\/index.php\/wp-json\/wp\/v2\/media\/171103"}],"wp:attachment":[{"href":"https:\/\/www.gaveanews.com\/index.php\/wp-json\/wp\/v2\/media?parent=245814"}],"wp:term":[{"taxonomy":"category","embeddable":true,"href":"https:\/\/www.gaveanews.com\/index.php\/wp-json\/wp\/v2\/categories?post=245814"},{"taxonomy":"post_tag","embeddable":true,"href":"https:\/\/www.gaveanews.com\/index.php\/wp-json\/wp\/v2\/tags?post=245814"}],"curies":[{"name":"wp","href":"https:\/\/api.w.org\/{rel}","templated":true}]}}