{"id":245818,"date":"2025-03-28T00:09:07","date_gmt":"2025-03-28T03:09:07","guid":{"rendered":"https:\/\/www.gaveanews.com\/?p=245818"},"modified":"2025-03-28T00:10:21","modified_gmt":"2025-03-28T03:10:21","slug":"hugo-brilha-e-corinthins-e-campeao-paulista-sobre-o-palmeiras","status":"publish","type":"post","link":"https:\/\/www.gaveanews.com\/index.php\/2025\/03\/28\/hugo-brilha-e-corinthins-e-campeao-paulista-sobre-o-palmeiras\/","title":{"rendered":"Hugo brilha, e Corinthins \u00e9 campe\u00e3o paulista sobre o Palmeiras"},"content":{"rendered":"\n<p>O Corinthians conquistou o Campeonato Paulista de 2025 ap\u00f3s segurar um empate por 0 a 0 diante do Palmeiras, na noite de quinta-feira (27 de mar\u00e7o), na Neo Qu\u00edmica Arena. A igualdade no placar foi suficiente para garantir o t\u00edtulo estadual ao clube do Parque S\u00e3o Jorge, que havia vencido o confronto de ida por 1 a 0, no Allianz Parque. O gol decisivo da primeira partida foi marcado por Yuri Alberto.<\/p>\n\n\n\n<p>A final foi marcada por forte tens\u00e3o dentro e fora de campo. Ainda no aquecimento, houve desentendimento entre membros das comiss\u00f5es t\u00e9cnicas. No decorrer do jogo, faltas duras, reclama\u00e7\u00f5es e confus\u00f5es tomaram conta do cl\u00e1ssico, que teve tr\u00eas expuls\u00f5es e um p\u00eanalti defendido. O goleiro Hugo Souza, ali\u00e1s, foi o grande nome da noite. Aos 29 minutos do segundo tempo, ele defendeu a cobran\u00e7a de Raphael Veiga e manteve o Corinthians vivo na decis\u00e3o.<\/p>\n\n\n\n<p>\u201cSab\u00edamos que seria um jogo dif\u00edcil, mas mantivemos a concentra\u00e7\u00e3o at\u00e9 o fim. Essa defesa foi por todos os que acreditaram\u201d, declarou Hugo Souza, visivelmente emocionado ap\u00f3s o apito final. O lance do p\u00eanalti foi precedido por falta de F\u00e9lix Torres sobre Vitor Roque. O zagueiro corintiano, que j\u00e1 tinha cart\u00e3o amarelo, acabou sendo expulso poucos minutos depois, ao cometer nova infra\u00e7\u00e3o sobre o mesmo advers\u00e1rio.<\/p>\n\n\n\n<p>Mesmo com um jogador a mais, o Palmeiras n\u00e3o conseguiu transformar a superioridade num\u00e9rica em vantagem. A equipe de Abel Ferreira pressionou nos minutos finais, mas esbarrou em uma defesa bem postada e em um ambiente inflamado nas arquibancadas. \u201cFaltou capricho na finaliza\u00e7\u00e3o e tranquilidade nos momentos decisivos\u201d, admitiu o t\u00e9cnico portugu\u00eas, que tamb\u00e9m foi expulso por reclama\u00e7\u00e3o durante a confus\u00e3o gerada ap\u00f3s a marca\u00e7\u00e3o do p\u00eanalti.<\/p>\n\n\n\n<p>Nos acr\u00e9scimos, a tens\u00e3o aumentou. Memphis Depay protagonizou um lance pol\u00eamico ao pisar na bola, o que irritou os palmeirenses e desencadeou nova confus\u00e3o. Ap\u00f3s revis\u00e3o do VAR, o \u00e1rbitro expulsou Mart\u00ednez, do Corinthians, e Marcelo Lomba, goleiro reserva do Palmeiras. Apesar da press\u00e3o alviverde at\u00e9 os \u00faltimos instantes \u2013 que teve 16 minutos de acr\u00e9scimos \u2013, o time mandante resistiu e garantiu a conquista.<\/p>\n\n\n\n<p>Com o resultado, o Corinthians encerrou um jejum de seis anos sem t\u00edtulos paulistas, colocando fim tamb\u00e9m \u00e0 tentativa do Palmeiras de alcan\u00e7ar o tetracampeonato consecutivo. Al\u00e9m do trof\u00e9u, o clube alvinegro recebeu R$ 5 milh\u00f5es da Federa\u00e7\u00e3o Paulista de Futebol. \u201cEssa conquista \u00e9 o reflexo do trabalho de um grupo unido e comprometido\u201d, resumiu o t\u00e9cnico Ram\u00f3n D\u00edaz, respons\u00e1vel por encerrar a longa espera da torcida pelo t\u00edtulo estadual.<\/p>\n","protected":false},"excerpt":{"rendered":"<p>O Corinthians conquistou o Campeonato Paulista de 2025 ap\u00f3s segurar um empate por 0 a 0 diante do Palmeiras, na noite de quinta-feira (27 de mar\u00e7o), na Neo Qu\u00edmica Arena. A igualdade no placar foi suficiente para garantir o t\u00edtulo estadual ao clube do Parque S\u00e3o Jorge, que havia vencido o confronto de ida por [&hellip;]<\/p>\n","protected":false},"author":18,"featured_media":245822,"comment_status":"open","ping_status":"closed","sticky":false,"template":"","format":"standard","meta":{"footnotes":""},"categories":[141,150],"tags":[],"class_list":["post-245818","post","type-post","status-publish","format-standard","has-post-thumbnail","hentry","category-corinthians","category-palmeiras"],"yoast_head":"<!-- This site is optimized with the Yoast SEO Premium plugin v24.2 (Yoast SEO v26.9) - https:\/\/yoast.com\/product\/yoast-seo-premium-wordpress\/ -->\n<title>Hugo brilha, e Corinthins \u00e9 campe\u00e3o paulista sobre o Palmeiras<\/title>\n<meta name=\"robots\" content=\"index, follow, max-snippet:-1, max-image-preview:large, max-video-preview:-1\" \/>\n<link rel=\"canonical\" href=\"https:\/\/www.gaveanews.com\/index.php\/2025\/03\/28\/hugo-brilha-e-corinthins-e-campeao-paulista-sobre-o-palmeiras\/\" \/>\n<meta property=\"og:locale\" content=\"pt_BR\" \/>\n<meta property=\"og:type\" content=\"article\" \/>\n<meta property=\"og:title\" content=\"Hugo brilha, e Corinthins \u00e9 campe\u00e3o paulista sobre o Palmeiras\" \/>\n<meta property=\"og:description\" content=\"O Corinthians conquistou o Campeonato Paulista de 2025 ap\u00f3s segurar um empate por 0 a 0 diante do Palmeiras, na noite de quinta-feira (27 de mar\u00e7o), na Neo Qu\u00edmica Arena. A igualdade no placar foi suficiente para garantir o t\u00edtulo estadual ao clube do Parque S\u00e3o Jorge, que havia vencido o confronto de ida por [&hellip;]\" \/>\n<meta property=\"og:url\" content=\"https:\/\/www.gaveanews.com\/index.php\/2025\/03\/28\/hugo-brilha-e-corinthins-e-campeao-paulista-sobre-o-palmeiras\/\" \/>\n<meta property=\"og:site_name\" content=\"G\u00e1vea News\" \/>\n<meta property=\"article:publisher\" content=\"https:\/\/facebook.com\/gaveaNews\/\" \/>\n<meta property=\"article:published_time\" content=\"2025-03-28T03:09:07+00:00\" \/>\n<meta property=\"article:modified_time\" content=\"2025-03-28T03:10:21+00:00\" \/>\n<meta property=\"og:image\" content=\"http:\/\/www.gaveanews.com\/wp-content\/uploads\/Corinthians-campeao-paulista-sobre-o-Palmeiras.webp\" \/>\n\t<meta property=\"og:image:width\" content=\"614\" \/>\n\t<meta property=\"og:image:height\" content=\"475\" \/>\n\t<meta property=\"og:image:type\" content=\"image\/jpeg\" \/>\n<meta name=\"author\" content=\"Paula Silva\" \/>\n<meta name=\"twitter:card\" content=\"summary_large_image\" \/>\n<meta name=\"twitter:label1\" content=\"Escrito por\" \/>\n\t<meta name=\"twitter:data1\" content=\"Paula Silva\" \/>\n\t<meta name=\"twitter:label2\" content=\"Est. tempo de leitura\" \/>\n\t<meta name=\"twitter:data2\" content=\"3 minutos\" \/>\n<script type=\"application\/ld+json\" class=\"yoast-schema-graph\">{\"@context\":\"https:\/\/schema.org\",\"@graph\":[{\"@type\":\"NewsArticle\",\"@id\":\"https:\/\/www.gaveanews.com\/index.php\/2025\/03\/28\/hugo-brilha-e-corinthins-e-campeao-paulista-sobre-o-palmeiras\/#article\",\"isPartOf\":{\"@id\":\"https:\/\/www.gaveanews.com\/index.php\/2025\/03\/28\/hugo-brilha-e-corinthins-e-campeao-paulista-sobre-o-palmeiras\/\"},\"author\":{\"name\":\"Paula Silva\",\"@id\":\"https:\/\/www.gaveanews.com\/#\/schema\/person\/daf63eec72e1164eb13dc35096c2b8da\"},\"headline\":\"Hugo brilha, e Corinthins \u00e9 campe\u00e3o paulista sobre o Palmeiras\",\"datePublished\":\"2025-03-28T03:09:07+00:00\",\"dateModified\":\"2025-03-28T03:10:21+00:00\",\"mainEntityOfPage\":{\"@id\":\"https:\/\/www.gaveanews.com\/index.php\/2025\/03\/28\/hugo-brilha-e-corinthins-e-campeao-paulista-sobre-o-palmeiras\/\"},\"wordCount\":469,\"commentCount\":0,\"image\":{\"@id\":\"https:\/\/www.gaveanews.com\/index.php\/2025\/03\/28\/hugo-brilha-e-corinthins-e-campeao-paulista-sobre-o-palmeiras\/#primaryimage\"},\"thumbnailUrl\":\"https:\/\/www.gaveanews.com\/wp-content\/uploads\/Corinthians-campeao-paulista-sobre-o-Palmeiras.webp\",\"articleSection\":[\"Corinthians\",\"Palmeiras\"],\"inLanguage\":\"pt-BR\",\"potentialAction\":[{\"@type\":\"CommentAction\",\"name\":\"Comment\",\"target\":[\"https:\/\/www.gaveanews.com\/index.php\/2025\/03\/28\/hugo-brilha-e-corinthins-e-campeao-paulista-sobre-o-palmeiras\/#respond\"]}],\"copyrightYear\":\"2025\",\"copyrightHolder\":{\"@id\":\"https:\/\/www.gaveanews.com\/#organization\"}},{\"@type\":\"WebPage\",\"@id\":\"https:\/\/www.gaveanews.com\/index.php\/2025\/03\/28\/hugo-brilha-e-corinthins-e-campeao-paulista-sobre-o-palmeiras\/\",\"url\":\"https:\/\/www.gaveanews.com\/index.php\/2025\/03\/28\/hugo-brilha-e-corinthins-e-campeao-paulista-sobre-o-palmeiras\/\",\"name\":\"Hugo brilha, e Corinthins \u00e9 campe\u00e3o paulista sobre o Palmeiras\",\"isPartOf\":{\"@id\":\"https:\/\/www.gaveanews.com\/#website\"},\"primaryImageOfPage\":{\"@id\":\"https:\/\/www.gaveanews.com\/index.php\/2025\/03\/28\/hugo-brilha-e-corinthins-e-campeao-paulista-sobre-o-palmeiras\/#primaryimage\"},\"image\":{\"@id\":\"https:\/\/www.gaveanews.com\/index.php\/2025\/03\/28\/hugo-brilha-e-corinthins-e-campeao-paulista-sobre-o-palmeiras\/#primaryimage\"},\"thumbnailUrl\":\"https:\/\/www.gaveanews.com\/wp-content\/uploads\/Corinthians-campeao-paulista-sobre-o-Palmeiras.webp\",\"datePublished\":\"2025-03-28T03:09:07+00:00\",\"dateModified\":\"2025-03-28T03:10:21+00:00\",\"author\":{\"@id\":\"https:\/\/www.gaveanews.com\/#\/schema\/person\/daf63eec72e1164eb13dc35096c2b8da\"},\"breadcrumb\":{\"@id\":\"https:\/\/www.gaveanews.com\/index.php\/2025\/03\/28\/hugo-brilha-e-corinthins-e-campeao-paulista-sobre-o-palmeiras\/#breadcrumb\"},\"inLanguage\":\"pt-BR\",\"potentialAction\":[{\"@type\":\"ReadAction\",\"target\":[\"https:\/\/www.gaveanews.com\/index.php\/2025\/03\/28\/hugo-brilha-e-corinthins-e-campeao-paulista-sobre-o-palmeiras\/\"]}]},{\"@type\":\"ImageObject\",\"inLanguage\":\"pt-BR\",\"@id\":\"https:\/\/www.gaveanews.com\/index.php\/2025\/03\/28\/hugo-brilha-e-corinthins-e-campeao-paulista-sobre-o-palmeiras\/#primaryimage\",\"url\":\"https:\/\/www.gaveanews.com\/wp-content\/uploads\/Corinthians-campeao-paulista-sobre-o-Palmeiras.webp\",\"contentUrl\":\"https:\/\/www.gaveanews.com\/wp-content\/uploads\/Corinthians-campeao-paulista-sobre-o-Palmeiras.webp\",\"width\":614,\"height\":475,\"caption\":\"Corinthians campe\u00e3o paulista sobre o Palmeiras (Foto: Reprodu\u00e7ao\/Corinthians)\"},{\"@type\":\"BreadcrumbList\",\"@id\":\"https:\/\/www.gaveanews.com\/index.php\/2025\/03\/28\/hugo-brilha-e-corinthins-e-campeao-paulista-sobre-o-palmeiras\/#breadcrumb\",\"itemListElement\":[{\"@type\":\"ListItem\",\"position\":1,\"name\":\"Home\",\"item\":\"https:\/\/www.gaveanews.com\/\"},{\"@type\":\"ListItem\",\"position\":2,\"name\":\"Hugo brilha, e Corinthins \u00e9 campe\u00e3o paulista sobre o Palmeiras\"}]},{\"@type\":\"WebSite\",\"@id\":\"https:\/\/www.gaveanews.com\/#website\",\"url\":\"https:\/\/www.gaveanews.com\/\",\"name\":\"G\u00e1vea News\",\"description\":\"Veja todas as not\u00edcias sobre o Flamengo: Contrata\u00e7\u00f5es, categorias de base, resultados das partidas, tabela de classifica\u00e7\u00e3o, pr\u00f3ximos jogos!\",\"potentialAction\":[{\"@type\":\"SearchAction\",\"target\":{\"@type\":\"EntryPoint\",\"urlTemplate\":\"https:\/\/www.gaveanews.com\/?s={search_term_string}\"},\"query-input\":{\"@type\":\"PropertyValueSpecification\",\"valueRequired\":true,\"valueName\":\"search_term_string\"}}],\"inLanguage\":\"pt-BR\"},{\"@type\":\"Person\",\"@id\":\"https:\/\/www.gaveanews.com\/#\/schema\/person\/daf63eec72e1164eb13dc35096c2b8da\",\"name\":\"Paula Silva\",\"image\":{\"@type\":\"ImageObject\",\"inLanguage\":\"pt-BR\",\"@id\":\"https:\/\/www.gaveanews.com\/#\/schema\/person\/image\/\",\"url\":\"https:\/\/secure.gravatar.com\/avatar\/eda381c845527cc5d64c13b901833cda29d97500ba040d3e6461f76f51d163bb?s=96&d=mm&r=g\",\"contentUrl\":\"https:\/\/secure.gravatar.com\/avatar\/eda381c845527cc5d64c13b901833cda29d97500ba040d3e6461f76f51d163bb?s=96&d=mm&r=g\",\"caption\":\"Paula Silva\"}}]}<\/script>\n<!-- \/ Yoast SEO Premium plugin. -->","yoast_head_json":{"title":"Hugo brilha, e Corinthins \u00e9 campe\u00e3o paulista sobre o Palmeiras","robots":{"index":"index","follow":"follow","max-snippet":"max-snippet:-1","max-image-preview":"max-image-preview:large","max-video-preview":"max-video-preview:-1"},"canonical":"https:\/\/www.gaveanews.com\/index.php\/2025\/03\/28\/hugo-brilha-e-corinthins-e-campeao-paulista-sobre-o-palmeiras\/","og_locale":"pt_BR","og_type":"article","og_title":"Hugo brilha, e Corinthins \u00e9 campe\u00e3o paulista sobre o Palmeiras","og_description":"O Corinthians conquistou o Campeonato Paulista de 2025 ap\u00f3s segurar um empate por 0 a 0 diante do Palmeiras, na noite de quinta-feira (27 de mar\u00e7o), na Neo Qu\u00edmica Arena. A igualdade no placar foi suficiente para garantir o t\u00edtulo estadual ao clube do Parque S\u00e3o Jorge, que havia vencido o confronto de ida por [&hellip;]","og_url":"https:\/\/www.gaveanews.com\/index.php\/2025\/03\/28\/hugo-brilha-e-corinthins-e-campeao-paulista-sobre-o-palmeiras\/","og_site_name":"G\u00e1vea News","article_publisher":"https:\/\/facebook.com\/gaveaNews\/","article_published_time":"2025-03-28T03:09:07+00:00","article_modified_time":"2025-03-28T03:10:21+00:00","og_image":[{"width":614,"height":475,"url":"http:\/\/www.gaveanews.com\/wp-content\/uploads\/Corinthians-campeao-paulista-sobre-o-Palmeiras.webp","type":"image\/jpeg"}],"author":"Paula Silva","twitter_card":"summary_large_image","twitter_misc":{"Escrito por":"Paula Silva","Est. tempo de leitura":"3 minutos"},"schema":{"@context":"https:\/\/schema.org","@graph":[{"@type":"NewsArticle","@id":"https:\/\/www.gaveanews.com\/index.php\/2025\/03\/28\/hugo-brilha-e-corinthins-e-campeao-paulista-sobre-o-palmeiras\/#article","isPartOf":{"@id":"https:\/\/www.gaveanews.com\/index.php\/2025\/03\/28\/hugo-brilha-e-corinthins-e-campeao-paulista-sobre-o-palmeiras\/"},"author":{"name":"Paula Silva","@id":"https:\/\/www.gaveanews.com\/#\/schema\/person\/daf63eec72e1164eb13dc35096c2b8da"},"headline":"Hugo brilha, e Corinthins \u00e9 campe\u00e3o paulista sobre o Palmeiras","datePublished":"2025-03-28T03:09:07+00:00","dateModified":"2025-03-28T03:10:21+00:00","mainEntityOfPage":{"@id":"https:\/\/www.gaveanews.com\/index.php\/2025\/03\/28\/hugo-brilha-e-corinthins-e-campeao-paulista-sobre-o-palmeiras\/"},"wordCount":469,"commentCount":0,"image":{"@id":"https:\/\/www.gaveanews.com\/index.php\/2025\/03\/28\/hugo-brilha-e-corinthins-e-campeao-paulista-sobre-o-palmeiras\/#primaryimage"},"thumbnailUrl":"https:\/\/www.gaveanews.com\/wp-content\/uploads\/Corinthians-campeao-paulista-sobre-o-Palmeiras.webp","articleSection":["Corinthians","Palmeiras"],"inLanguage":"pt-BR","potentialAction":[{"@type":"CommentAction","name":"Comment","target":["https:\/\/www.gaveanews.com\/index.php\/2025\/03\/28\/hugo-brilha-e-corinthins-e-campeao-paulista-sobre-o-palmeiras\/#respond"]}],"copyrightYear":"2025","copyrightHolder":{"@id":"https:\/\/www.gaveanews.com\/#organization"}},{"@type":"WebPage","@id":"https:\/\/www.gaveanews.com\/index.php\/2025\/03\/28\/hugo-brilha-e-corinthins-e-campeao-paulista-sobre-o-palmeiras\/","url":"https:\/\/www.gaveanews.com\/index.php\/2025\/03\/28\/hugo-brilha-e-corinthins-e-campeao-paulista-sobre-o-palmeiras\/","name":"Hugo brilha, e Corinthins \u00e9 campe\u00e3o paulista sobre o Palmeiras","isPartOf":{"@id":"https:\/\/www.gaveanews.com\/#website"},"primaryImageOfPage":{"@id":"https:\/\/www.gaveanews.com\/index.php\/2025\/03\/28\/hugo-brilha-e-corinthins-e-campeao-paulista-sobre-o-palmeiras\/#primaryimage"},"image":{"@id":"https:\/\/www.gaveanews.com\/index.php\/2025\/03\/28\/hugo-brilha-e-corinthins-e-campeao-paulista-sobre-o-palmeiras\/#primaryimage"},"thumbnailUrl":"https:\/\/www.gaveanews.com\/wp-content\/uploads\/Corinthians-campeao-paulista-sobre-o-Palmeiras.webp","datePublished":"2025-03-28T03:09:07+00:00","dateModified":"2025-03-28T03:10:21+00:00","author":{"@id":"https:\/\/www.gaveanews.com\/#\/schema\/person\/daf63eec72e1164eb13dc35096c2b8da"},"breadcrumb":{"@id":"https:\/\/www.gaveanews.com\/index.php\/2025\/03\/28\/hugo-brilha-e-corinthins-e-campeao-paulista-sobre-o-palmeiras\/#breadcrumb"},"inLanguage":"pt-BR","potentialAction":[{"@type":"ReadAction","target":["https:\/\/www.gaveanews.com\/index.php\/2025\/03\/28\/hugo-brilha-e-corinthins-e-campeao-paulista-sobre-o-palmeiras\/"]}]},{"@type":"ImageObject","inLanguage":"pt-BR","@id":"https:\/\/www.gaveanews.com\/index.php\/2025\/03\/28\/hugo-brilha-e-corinthins-e-campeao-paulista-sobre-o-palmeiras\/#primaryimage","url":"https:\/\/www.gaveanews.com\/wp-content\/uploads\/Corinthians-campeao-paulista-sobre-o-Palmeiras.webp","contentUrl":"https:\/\/www.gaveanews.com\/wp-content\/uploads\/Corinthians-campeao-paulista-sobre-o-Palmeiras.webp","width":614,"height":475,"caption":"Corinthians campe\u00e3o paulista sobre o Palmeiras (Foto: Reprodu\u00e7ao\/Corinthians)"},{"@type":"BreadcrumbList","@id":"https:\/\/www.gaveanews.com\/index.php\/2025\/03\/28\/hugo-brilha-e-corinthins-e-campeao-paulista-sobre-o-palmeiras\/#breadcrumb","itemListElement":[{"@type":"ListItem","position":1,"name":"Home","item":"https:\/\/www.gaveanews.com\/"},{"@type":"ListItem","position":2,"name":"Hugo brilha, e Corinthins \u00e9 campe\u00e3o paulista sobre o Palmeiras"}]},{"@type":"WebSite","@id":"https:\/\/www.gaveanews.com\/#website","url":"https:\/\/www.gaveanews.com\/","name":"G\u00e1vea News","description":"Veja todas as not\u00edcias sobre o Flamengo: Contrata\u00e7\u00f5es, categorias de base, resultados das partidas, tabela de classifica\u00e7\u00e3o, pr\u00f3ximos jogos!","potentialAction":[{"@type":"SearchAction","target":{"@type":"EntryPoint","urlTemplate":"https:\/\/www.gaveanews.com\/?s={search_term_string}"},"query-input":{"@type":"PropertyValueSpecification","valueRequired":true,"valueName":"search_term_string"}}],"inLanguage":"pt-BR"},{"@type":"Person","@id":"https:\/\/www.gaveanews.com\/#\/schema\/person\/daf63eec72e1164eb13dc35096c2b8da","name":"Paula Silva","image":{"@type":"ImageObject","inLanguage":"pt-BR","@id":"https:\/\/www.gaveanews.com\/#\/schema\/person\/image\/","url":"https:\/\/secure.gravatar.com\/avatar\/eda381c845527cc5d64c13b901833cda29d97500ba040d3e6461f76f51d163bb?s=96&d=mm&r=g","contentUrl":"https:\/\/secure.gravatar.com\/avatar\/eda381c845527cc5d64c13b901833cda29d97500ba040d3e6461f76f51d163bb?s=96&d=mm&r=g","caption":"Paula Silva"}}]}},"_links":{"self":[{"href":"https:\/\/www.gaveanews.com\/index.php\/wp-json\/wp\/v2\/posts\/245818","targetHints":{"allow":["GET"]}}],"collection":[{"href":"https:\/\/www.gaveanews.com\/index.php\/wp-json\/wp\/v2\/posts"}],"about":[{"href":"https:\/\/www.gaveanews.com\/index.php\/wp-json\/wp\/v2\/types\/post"}],"author":[{"embeddable":true,"href":"https:\/\/www.gaveanews.com\/index.php\/wp-json\/wp\/v2\/users\/18"}],"replies":[{"embeddable":true,"href":"https:\/\/www.gaveanews.com\/index.php\/wp-json\/wp\/v2\/comments?post=245818"}],"version-history":[{"count":1,"href":"https:\/\/www.gaveanews.com\/index.php\/wp-json\/wp\/v2\/posts\/245818\/revisions"}],"predecessor-version":[{"id":245821,"href":"https:\/\/www.gaveanews.com\/index.php\/wp-json\/wp\/v2\/posts\/245818\/revisions\/245821"}],"wp:featuredmedia":[{"embeddable":true,"href":"https:\/\/www.gaveanews.com\/index.php\/wp-json\/wp\/v2\/media\/245822"}],"wp:attachment":[{"href":"https:\/\/www.gaveanews.com\/index.php\/wp-json\/wp\/v2\/media?parent=245818"}],"wp:term":[{"taxonomy":"category","embeddable":true,"href":"https:\/\/www.gaveanews.com\/index.php\/wp-json\/wp\/v2\/categories?post=245818"},{"taxonomy":"post_tag","embeddable":true,"href":"https:\/\/www.gaveanews.com\/index.php\/wp-json\/wp\/v2\/tags?post=245818"}],"curies":[{"name":"wp","href":"https:\/\/api.w.org\/{rel}","templated":true}]}}