{"id":245819,"date":"2025-03-28T14:45:32","date_gmt":"2025-03-28T17:45:32","guid":{"rendered":"https:\/\/www.gaveanews.com\/?p=245819"},"modified":"2025-03-28T13:03:36","modified_gmt":"2025-03-28T16:03:36","slug":"felipao-e-procurado-por-clubes-do-brasileirao","status":"publish","type":"post","link":"https:\/\/www.gaveanews.com\/index.php\/2025\/03\/28\/felipao-e-procurado-por-clubes-do-brasileirao\/","title":{"rendered":"Felip\u00e3o \u00e9 procurado por clubes do Brasileir\u00e3o"},"content":{"rendered":"\n<p>Luiz Felipe Scolari, conhecido como Felip\u00e3o, destacou seus planos profissionais futuros durante uma entrevista recente concedida a um podcast. Embora esteja sem clube desde sua sa\u00edda do Atl\u00e9tico-MG em mar\u00e7o do ano anterior, o treinador indicou que essa situa\u00e7\u00e3o decorre de uma decis\u00e3o pessoal.<\/p>\n\n\n\n<p>Durante a conversa no podcast \u201cUm assado para\u201d, Scolari revelou ter recusado propostas recentes. Ele confirmou o recebimento de duas ofertas oriundas do futebol brasileiro, por\u00e9m optou por n\u00e3o aceit\u00e1-las neste momento.<\/p>\n\n\n\n<p>Adicionalmente, o t\u00e9cnico compartilhou sua estrat\u00e9gia de retorno ao trabalho. Felip\u00e3o projeta permanecer inativo profissionalmente durante os meses de mar\u00e7o, abril, maio e junho do corrente ano.<\/p>\n\n\n\n<p>Contudo, ele sinalizou a inten\u00e7\u00e3o de voltar \u00e0 ativa no segundo semestre, com uma prefer\u00eancia clara por oportunidades no exterior. &#8220;Depois, quem sabe eu v\u00e1 para fora novamente&#8221;, comentou, indicando sua disponibilidade futura.<\/p>\n\n\n\n<p>Ele detalhou a condi\u00e7\u00e3o para seu retorno: &#8220;Se eu receber uma proposta interessante de fora do pa\u00eds, de determinados locais que eu j\u00e1 dei autoriza\u00e7\u00e3o, eu vou voltar a trabalhar&#8221;, afirmou Scolari.<\/p>\n\n\n\n<h2 class=\"wp-block-heading\" id=\"h-preferencia-por-funcao-no-exterior-e-no-brasil\">Prefer\u00eancia por fun\u00e7\u00e3o no exterior e no Brasil<\/h2>\n\n\n\n<p>A defini\u00e7\u00e3o do cargo em um eventual retorno tamb\u00e9m entrou em pauta. Recorda-se que, em 2022, ap\u00f3s comandar o Athletico-PR \u00e0 final da Libertadores, Felip\u00e3o anunciou que deixaria a fun\u00e7\u00e3o de treinador para atuar como coordenador t\u00e9cnico. No entanto, no ano seguinte, ele reassumiu o posto de t\u00e9cnico ao aceitar o convite do Atl\u00e9tico-MG.<\/p>\n\n\n\n<p>Questionado sobre qual fun\u00e7\u00e3o exerceria em um futuro trabalho internacional, Scolari foi enf\u00e1tico: &#8220;Como t\u00e9cnico. Exterior \u00e9 como t\u00e9cnico&#8221;. Todavia, para o cen\u00e1rio brasileiro, a perspectiva inicial difere. &#8220;No Brasil, eu acredito que trabalharia como coordenador, como fui no Athletico-PR&#8221;, explicou. <\/p>\n\n\n\n<p>Ademais, ele refor\u00e7ou sua abertura a propostas internacionais espec\u00edficas: &#8220;Agora, se eu receber convite de dois locais fora do Brasil que eu estou planejando, eu aceito. No Brasil pode ser que eu v\u00e1 ser coordenador em alguma equipe&#8221;, concluiu.<\/p>\n\n\n\n<h2 class=\"wp-block-heading\" id=\"h-trajetoria-marcada-por-conquistas\">Trajet\u00f3ria marcada por conquistas<\/h2>\n\n\n\n<p>A carreira de Luiz Felipe Scolari acumula uma vasta cole\u00e7\u00e3o de t\u00edtulos importantes no futebol. Entre suas conquistas, destacam-se duas Copas Libertadores, quatro edi\u00e7\u00f5es da Copa do Brasil e dois Campeonatos Brasileiros.<\/p>\n\n\n\n<p>O \u00e1pice de sua trajet\u00f3ria ocorreu no comando da sele\u00e7\u00e3o brasileira, quando conquistou a Copa do Mundo FIFA de 2002. Al\u00e9m do trabalho com a sele\u00e7\u00e3o nacional, Felip\u00e3o deixou sua marca em clubes como Palmeiras e Gr\u00eamio, e tamb\u00e9m na sele\u00e7\u00e3o de Portugal, trabalhos que ele mesmo mencionou como principais.<\/p>\n\n\n\n<p>Sua experi\u00eancia internacional inclui uma passagem pelo Chelsea, na Inglaterra, entre 2008 e 2009. Outros clubes onde obteve sucesso foram Cruzeiro, Crici\u00fama, al\u00e9m do Guangzhou Evergrande (China) e Bunyodkor (Uzbequist\u00e3o).<\/p>\n","protected":false},"excerpt":{"rendered":"<p>Luiz Felipe Scolari, conhecido como Felip\u00e3o, destacou seus planos profissionais futuros durante uma entrevista recente concedida a um podcast. Embora esteja sem clube desde sua sa\u00edda do Atl\u00e9tico-MG em mar\u00e7o do ano anterior, o treinador indicou que essa situa\u00e7\u00e3o decorre de uma decis\u00e3o pessoal. Durante a conversa no podcast \u201cUm assado para\u201d, Scolari revelou ter [&hellip;]<\/p>\n","protected":false},"author":28,"featured_media":100542,"comment_status":"open","ping_status":"closed","sticky":false,"template":"","format":"standard","meta":{"footnotes":""},"categories":[478],"tags":[],"class_list":["post-245819","post","type-post","status-publish","format-standard","has-post-thumbnail","hentry","category-brasil"],"yoast_head":"<!-- This site is optimized with the Yoast SEO Premium plugin v24.2 (Yoast SEO v26.9) - https:\/\/yoast.com\/product\/yoast-seo-premium-wordpress\/ -->\n<title>Felip\u00e3o \u00e9 procurado por clubes do Brasileir\u00e3o<\/title>\n<meta name=\"robots\" content=\"index, follow, max-snippet:-1, max-image-preview:large, max-video-preview:-1\" \/>\n<link rel=\"canonical\" href=\"https:\/\/www.gaveanews.com\/index.php\/2025\/03\/28\/felipao-e-procurado-por-clubes-do-brasileirao\/\" \/>\n<meta property=\"og:locale\" content=\"pt_BR\" \/>\n<meta property=\"og:type\" content=\"article\" \/>\n<meta property=\"og:title\" content=\"Felip\u00e3o \u00e9 procurado por clubes do Brasileir\u00e3o\" \/>\n<meta property=\"og:description\" content=\"Luiz Felipe Scolari, conhecido como Felip\u00e3o, destacou seus planos profissionais futuros durante uma entrevista recente concedida a um podcast. Embora esteja sem clube desde sua sa\u00edda do Atl\u00e9tico-MG em mar\u00e7o do ano anterior, o treinador indicou que essa situa\u00e7\u00e3o decorre de uma decis\u00e3o pessoal. Durante a conversa no podcast \u201cUm assado para\u201d, Scolari revelou ter [&hellip;]\" \/>\n<meta property=\"og:url\" content=\"https:\/\/www.gaveanews.com\/index.php\/2025\/03\/28\/felipao-e-procurado-por-clubes-do-brasileirao\/\" \/>\n<meta property=\"og:site_name\" content=\"G\u00e1vea News\" \/>\n<meta property=\"article:publisher\" content=\"https:\/\/facebook.com\/gaveaNews\/\" \/>\n<meta property=\"article:published_time\" content=\"2025-03-28T17:45:32+00:00\" \/>\n<meta property=\"og:image\" content=\"https:\/\/www.gaveanews.com\/wp-content\/uploads\/Felipao-e-Paulo-Turra.webp\" \/>\n\t<meta property=\"og:image:width\" content=\"1200\" \/>\n\t<meta property=\"og:image:height\" content=\"827\" \/>\n\t<meta property=\"og:image:type\" content=\"image\/webp\" \/>\n<meta name=\"author\" content=\"Hudson Pereira\" \/>\n<meta name=\"twitter:card\" content=\"summary_large_image\" \/>\n<meta name=\"twitter:label1\" content=\"Escrito por\" \/>\n\t<meta name=\"twitter:data1\" content=\"Hudson Pereira\" \/>\n\t<meta name=\"twitter:label2\" content=\"Est. tempo de leitura\" \/>\n\t<meta name=\"twitter:data2\" content=\"3 minutos\" \/>\n<script type=\"application\/ld+json\" class=\"yoast-schema-graph\">{\"@context\":\"https:\/\/schema.org\",\"@graph\":[{\"@type\":\"NewsArticle\",\"@id\":\"https:\/\/www.gaveanews.com\/index.php\/2025\/03\/28\/felipao-e-procurado-por-clubes-do-brasileirao\/#article\",\"isPartOf\":{\"@id\":\"https:\/\/www.gaveanews.com\/index.php\/2025\/03\/28\/felipao-e-procurado-por-clubes-do-brasileirao\/\"},\"author\":{\"name\":\"Hudson Pereira\",\"@id\":\"https:\/\/www.gaveanews.com\/#\/schema\/person\/bd08f00534b403119b92741a6d469ef0\"},\"headline\":\"Felip\u00e3o \u00e9 procurado por clubes do Brasileir\u00e3o\",\"datePublished\":\"2025-03-28T17:45:32+00:00\",\"mainEntityOfPage\":{\"@id\":\"https:\/\/www.gaveanews.com\/index.php\/2025\/03\/28\/felipao-e-procurado-por-clubes-do-brasileirao\/\"},\"wordCount\":478,\"commentCount\":0,\"image\":{\"@id\":\"https:\/\/www.gaveanews.com\/index.php\/2025\/03\/28\/felipao-e-procurado-por-clubes-do-brasileirao\/#primaryimage\"},\"thumbnailUrl\":\"https:\/\/www.gaveanews.com\/wp-content\/uploads\/Felipao-e-Paulo-Turra.webp\",\"articleSection\":[\"Brasil\"],\"inLanguage\":\"pt-BR\",\"potentialAction\":[{\"@type\":\"CommentAction\",\"name\":\"Comment\",\"target\":[\"https:\/\/www.gaveanews.com\/index.php\/2025\/03\/28\/felipao-e-procurado-por-clubes-do-brasileirao\/#respond\"]}],\"copyrightYear\":\"2025\",\"copyrightHolder\":{\"@id\":\"https:\/\/www.gaveanews.com\/#organization\"}},{\"@type\":\"WebPage\",\"@id\":\"https:\/\/www.gaveanews.com\/index.php\/2025\/03\/28\/felipao-e-procurado-por-clubes-do-brasileirao\/\",\"url\":\"https:\/\/www.gaveanews.com\/index.php\/2025\/03\/28\/felipao-e-procurado-por-clubes-do-brasileirao\/\",\"name\":\"Felip\u00e3o \u00e9 procurado por clubes do Brasileir\u00e3o\",\"isPartOf\":{\"@id\":\"https:\/\/www.gaveanews.com\/#website\"},\"primaryImageOfPage\":{\"@id\":\"https:\/\/www.gaveanews.com\/index.php\/2025\/03\/28\/felipao-e-procurado-por-clubes-do-brasileirao\/#primaryimage\"},\"image\":{\"@id\":\"https:\/\/www.gaveanews.com\/index.php\/2025\/03\/28\/felipao-e-procurado-por-clubes-do-brasileirao\/#primaryimage\"},\"thumbnailUrl\":\"https:\/\/www.gaveanews.com\/wp-content\/uploads\/Felipao-e-Paulo-Turra.webp\",\"datePublished\":\"2025-03-28T17:45:32+00:00\",\"author\":{\"@id\":\"https:\/\/www.gaveanews.com\/#\/schema\/person\/bd08f00534b403119b92741a6d469ef0\"},\"breadcrumb\":{\"@id\":\"https:\/\/www.gaveanews.com\/index.php\/2025\/03\/28\/felipao-e-procurado-por-clubes-do-brasileirao\/#breadcrumb\"},\"inLanguage\":\"pt-BR\",\"potentialAction\":[{\"@type\":\"ReadAction\",\"target\":[\"https:\/\/www.gaveanews.com\/index.php\/2025\/03\/28\/felipao-e-procurado-por-clubes-do-brasileirao\/\"]}]},{\"@type\":\"ImageObject\",\"inLanguage\":\"pt-BR\",\"@id\":\"https:\/\/www.gaveanews.com\/index.php\/2025\/03\/28\/felipao-e-procurado-por-clubes-do-brasileirao\/#primaryimage\",\"url\":\"https:\/\/www.gaveanews.com\/wp-content\/uploads\/Felipao-e-Paulo-Turra.webp\",\"contentUrl\":\"https:\/\/www.gaveanews.com\/wp-content\/uploads\/Felipao-e-Paulo-Turra.webp\",\"width\":1200,\"height\":827,\"caption\":\"Felip\u00e3o e Paulo Turra no CAP (Foto: Reprodu\u00e7\u00e3o)\"},{\"@type\":\"BreadcrumbList\",\"@id\":\"https:\/\/www.gaveanews.com\/index.php\/2025\/03\/28\/felipao-e-procurado-por-clubes-do-brasileirao\/#breadcrumb\",\"itemListElement\":[{\"@type\":\"ListItem\",\"position\":1,\"name\":\"Home\",\"item\":\"https:\/\/www.gaveanews.com\/\"},{\"@type\":\"ListItem\",\"position\":2,\"name\":\"Felip\u00e3o \u00e9 procurado por clubes do Brasileir\u00e3o\"}]},{\"@type\":\"WebSite\",\"@id\":\"https:\/\/www.gaveanews.com\/#website\",\"url\":\"https:\/\/www.gaveanews.com\/\",\"name\":\"G\u00e1vea News\",\"description\":\"Veja todas as not\u00edcias sobre o Flamengo: Contrata\u00e7\u00f5es, categorias de base, resultados das partidas, tabela de classifica\u00e7\u00e3o, pr\u00f3ximos jogos!\",\"potentialAction\":[{\"@type\":\"SearchAction\",\"target\":{\"@type\":\"EntryPoint\",\"urlTemplate\":\"https:\/\/www.gaveanews.com\/?s={search_term_string}\"},\"query-input\":{\"@type\":\"PropertyValueSpecification\",\"valueRequired\":true,\"valueName\":\"search_term_string\"}}],\"inLanguage\":\"pt-BR\"},{\"@type\":\"Person\",\"@id\":\"https:\/\/www.gaveanews.com\/#\/schema\/person\/bd08f00534b403119b92741a6d469ef0\",\"name\":\"Hudson Pereira\",\"image\":{\"@type\":\"ImageObject\",\"inLanguage\":\"pt-BR\",\"@id\":\"https:\/\/www.gaveanews.com\/#\/schema\/person\/image\/\",\"url\":\"https:\/\/secure.gravatar.com\/avatar\/ecc491b489e454e510efffc9b23c1052ce5fb4f2e05555768ba65819cd55f03e?s=96&d=mm&r=g\",\"contentUrl\":\"https:\/\/secure.gravatar.com\/avatar\/ecc491b489e454e510efffc9b23c1052ce5fb4f2e05555768ba65819cd55f03e?s=96&d=mm&r=g\",\"caption\":\"Hudson Pereira\"}}]}<\/script>\n<!-- \/ Yoast SEO Premium plugin. -->","yoast_head_json":{"title":"Felip\u00e3o \u00e9 procurado por clubes do Brasileir\u00e3o","robots":{"index":"index","follow":"follow","max-snippet":"max-snippet:-1","max-image-preview":"max-image-preview:large","max-video-preview":"max-video-preview:-1"},"canonical":"https:\/\/www.gaveanews.com\/index.php\/2025\/03\/28\/felipao-e-procurado-por-clubes-do-brasileirao\/","og_locale":"pt_BR","og_type":"article","og_title":"Felip\u00e3o \u00e9 procurado por clubes do Brasileir\u00e3o","og_description":"Luiz Felipe Scolari, conhecido como Felip\u00e3o, destacou seus planos profissionais futuros durante uma entrevista recente concedida a um podcast. Embora esteja sem clube desde sua sa\u00edda do Atl\u00e9tico-MG em mar\u00e7o do ano anterior, o treinador indicou que essa situa\u00e7\u00e3o decorre de uma decis\u00e3o pessoal. Durante a conversa no podcast \u201cUm assado para\u201d, Scolari revelou ter [&hellip;]","og_url":"https:\/\/www.gaveanews.com\/index.php\/2025\/03\/28\/felipao-e-procurado-por-clubes-do-brasileirao\/","og_site_name":"G\u00e1vea News","article_publisher":"https:\/\/facebook.com\/gaveaNews\/","article_published_time":"2025-03-28T17:45:32+00:00","og_image":[{"width":1200,"height":827,"url":"https:\/\/www.gaveanews.com\/wp-content\/uploads\/Felipao-e-Paulo-Turra.webp","type":"image\/webp"}],"author":"Hudson Pereira","twitter_card":"summary_large_image","twitter_misc":{"Escrito por":"Hudson Pereira","Est. tempo de leitura":"3 minutos"},"schema":{"@context":"https:\/\/schema.org","@graph":[{"@type":"NewsArticle","@id":"https:\/\/www.gaveanews.com\/index.php\/2025\/03\/28\/felipao-e-procurado-por-clubes-do-brasileirao\/#article","isPartOf":{"@id":"https:\/\/www.gaveanews.com\/index.php\/2025\/03\/28\/felipao-e-procurado-por-clubes-do-brasileirao\/"},"author":{"name":"Hudson Pereira","@id":"https:\/\/www.gaveanews.com\/#\/schema\/person\/bd08f00534b403119b92741a6d469ef0"},"headline":"Felip\u00e3o \u00e9 procurado por clubes do Brasileir\u00e3o","datePublished":"2025-03-28T17:45:32+00:00","mainEntityOfPage":{"@id":"https:\/\/www.gaveanews.com\/index.php\/2025\/03\/28\/felipao-e-procurado-por-clubes-do-brasileirao\/"},"wordCount":478,"commentCount":0,"image":{"@id":"https:\/\/www.gaveanews.com\/index.php\/2025\/03\/28\/felipao-e-procurado-por-clubes-do-brasileirao\/#primaryimage"},"thumbnailUrl":"https:\/\/www.gaveanews.com\/wp-content\/uploads\/Felipao-e-Paulo-Turra.webp","articleSection":["Brasil"],"inLanguage":"pt-BR","potentialAction":[{"@type":"CommentAction","name":"Comment","target":["https:\/\/www.gaveanews.com\/index.php\/2025\/03\/28\/felipao-e-procurado-por-clubes-do-brasileirao\/#respond"]}],"copyrightYear":"2025","copyrightHolder":{"@id":"https:\/\/www.gaveanews.com\/#organization"}},{"@type":"WebPage","@id":"https:\/\/www.gaveanews.com\/index.php\/2025\/03\/28\/felipao-e-procurado-por-clubes-do-brasileirao\/","url":"https:\/\/www.gaveanews.com\/index.php\/2025\/03\/28\/felipao-e-procurado-por-clubes-do-brasileirao\/","name":"Felip\u00e3o \u00e9 procurado por clubes do Brasileir\u00e3o","isPartOf":{"@id":"https:\/\/www.gaveanews.com\/#website"},"primaryImageOfPage":{"@id":"https:\/\/www.gaveanews.com\/index.php\/2025\/03\/28\/felipao-e-procurado-por-clubes-do-brasileirao\/#primaryimage"},"image":{"@id":"https:\/\/www.gaveanews.com\/index.php\/2025\/03\/28\/felipao-e-procurado-por-clubes-do-brasileirao\/#primaryimage"},"thumbnailUrl":"https:\/\/www.gaveanews.com\/wp-content\/uploads\/Felipao-e-Paulo-Turra.webp","datePublished":"2025-03-28T17:45:32+00:00","author":{"@id":"https:\/\/www.gaveanews.com\/#\/schema\/person\/bd08f00534b403119b92741a6d469ef0"},"breadcrumb":{"@id":"https:\/\/www.gaveanews.com\/index.php\/2025\/03\/28\/felipao-e-procurado-por-clubes-do-brasileirao\/#breadcrumb"},"inLanguage":"pt-BR","potentialAction":[{"@type":"ReadAction","target":["https:\/\/www.gaveanews.com\/index.php\/2025\/03\/28\/felipao-e-procurado-por-clubes-do-brasileirao\/"]}]},{"@type":"ImageObject","inLanguage":"pt-BR","@id":"https:\/\/www.gaveanews.com\/index.php\/2025\/03\/28\/felipao-e-procurado-por-clubes-do-brasileirao\/#primaryimage","url":"https:\/\/www.gaveanews.com\/wp-content\/uploads\/Felipao-e-Paulo-Turra.webp","contentUrl":"https:\/\/www.gaveanews.com\/wp-content\/uploads\/Felipao-e-Paulo-Turra.webp","width":1200,"height":827,"caption":"Felip\u00e3o e Paulo Turra no CAP (Foto: Reprodu\u00e7\u00e3o)"},{"@type":"BreadcrumbList","@id":"https:\/\/www.gaveanews.com\/index.php\/2025\/03\/28\/felipao-e-procurado-por-clubes-do-brasileirao\/#breadcrumb","itemListElement":[{"@type":"ListItem","position":1,"name":"Home","item":"https:\/\/www.gaveanews.com\/"},{"@type":"ListItem","position":2,"name":"Felip\u00e3o \u00e9 procurado por clubes do Brasileir\u00e3o"}]},{"@type":"WebSite","@id":"https:\/\/www.gaveanews.com\/#website","url":"https:\/\/www.gaveanews.com\/","name":"G\u00e1vea News","description":"Veja todas as not\u00edcias sobre o Flamengo: Contrata\u00e7\u00f5es, categorias de base, resultados das partidas, tabela de classifica\u00e7\u00e3o, pr\u00f3ximos jogos!","potentialAction":[{"@type":"SearchAction","target":{"@type":"EntryPoint","urlTemplate":"https:\/\/www.gaveanews.com\/?s={search_term_string}"},"query-input":{"@type":"PropertyValueSpecification","valueRequired":true,"valueName":"search_term_string"}}],"inLanguage":"pt-BR"},{"@type":"Person","@id":"https:\/\/www.gaveanews.com\/#\/schema\/person\/bd08f00534b403119b92741a6d469ef0","name":"Hudson Pereira","image":{"@type":"ImageObject","inLanguage":"pt-BR","@id":"https:\/\/www.gaveanews.com\/#\/schema\/person\/image\/","url":"https:\/\/secure.gravatar.com\/avatar\/ecc491b489e454e510efffc9b23c1052ce5fb4f2e05555768ba65819cd55f03e?s=96&d=mm&r=g","contentUrl":"https:\/\/secure.gravatar.com\/avatar\/ecc491b489e454e510efffc9b23c1052ce5fb4f2e05555768ba65819cd55f03e?s=96&d=mm&r=g","caption":"Hudson Pereira"}}]}},"_links":{"self":[{"href":"https:\/\/www.gaveanews.com\/index.php\/wp-json\/wp\/v2\/posts\/245819","targetHints":{"allow":["GET"]}}],"collection":[{"href":"https:\/\/www.gaveanews.com\/index.php\/wp-json\/wp\/v2\/posts"}],"about":[{"href":"https:\/\/www.gaveanews.com\/index.php\/wp-json\/wp\/v2\/types\/post"}],"author":[{"embeddable":true,"href":"https:\/\/www.gaveanews.com\/index.php\/wp-json\/wp\/v2\/users\/28"}],"replies":[{"embeddable":true,"href":"https:\/\/www.gaveanews.com\/index.php\/wp-json\/wp\/v2\/comments?post=245819"}],"version-history":[{"count":2,"href":"https:\/\/www.gaveanews.com\/index.php\/wp-json\/wp\/v2\/posts\/245819\/revisions"}],"predecessor-version":[{"id":245824,"href":"https:\/\/www.gaveanews.com\/index.php\/wp-json\/wp\/v2\/posts\/245819\/revisions\/245824"}],"wp:featuredmedia":[{"embeddable":true,"href":"https:\/\/www.gaveanews.com\/index.php\/wp-json\/wp\/v2\/media\/100542"}],"wp:attachment":[{"href":"https:\/\/www.gaveanews.com\/index.php\/wp-json\/wp\/v2\/media?parent=245819"}],"wp:term":[{"taxonomy":"category","embeddable":true,"href":"https:\/\/www.gaveanews.com\/index.php\/wp-json\/wp\/v2\/categories?post=245819"},{"taxonomy":"post_tag","embeddable":true,"href":"https:\/\/www.gaveanews.com\/index.php\/wp-json\/wp\/v2\/tags?post=245819"}],"curies":[{"name":"wp","href":"https:\/\/api.w.org\/{rel}","templated":true}]}}