{"id":245828,"date":"2025-03-28T15:00:44","date_gmt":"2025-03-28T18:00:44","guid":{"rendered":"https:\/\/www.gaveanews.com\/?p=245828"},"modified":"2025-03-28T13:03:48","modified_gmt":"2025-03-28T16:03:48","slug":"a-declaracao-de-sormani-direcionada-a-marcelo-teixeira-do-santos","status":"publish","type":"post","link":"https:\/\/www.gaveanews.com\/index.php\/2025\/03\/28\/a-declaracao-de-sormani-direcionada-a-marcelo-teixeira-do-santos\/","title":{"rendered":"A declara\u00e7\u00e3o de Sormani direcionada a Marcelo Teixeira, do Santos"},"content":{"rendered":"\n<p>O jornalista Sormani voltou a comentar as rela\u00e7\u00f5es financeiras entre Botafogo e Santos, destacando uma d\u00edvida pendente do clube carioca referente ao goleiro John. Recentemente, vale lembrar, os dois times alvinegros realizaram uma significativa opera\u00e7\u00e3o financeira envolvendo as transfer\u00eancias dos atletas Jair e Tiquinho Soares.<\/p>\n\n\n\n<p>Sormani direcionou cr\u00edticas ao presidente do Santos, Marcelo Teixeira, pela forma como conduziu a venda de Jair ao Botafogo. Segundo o jornalista, o pagamento ocorreu de maneira parcelada, ou &#8220;picado&#8221;, como ele descreveu.<\/p>\n\n\n\n<h2 class=\"wp-block-heading\" id=\"h-dividas-e-negociacoes-entre-alvinegros\">D\u00edvidas e negocia\u00e7\u00f5es entre alvinegros<\/h2>\n\n\n\n<p>O comentarista apontou que o Botafogo ainda possui d\u00e9bitos com o Santos relativos \u00e0 contrata\u00e7\u00e3o do goleiro John, complicando a situa\u00e7\u00e3o financeira do clube paulista no contexto da negocia\u00e7\u00e3o de Jair.<\/p>\n\n\n\n<p>&#8220;O Marcelo Teixeira vendeu o Jair para o Botafogo por dinheiro picado. O Botafogo ainda deve pelo John ao Santos&#8221;, afirmou Sormani. <\/p>\n\n\n\n<p>Ele prosseguiu detalhando a perspectiva santista: &#8220;Olha a situa\u00e7\u00e3o do Santos em rela\u00e7\u00e3o a esse neg\u00f3cio do Jair\u2026 Vendeu, recebeu uma quantia pequena, est\u00e1 querendo mais, porque precisa, mas est\u00e1 vindo picado o dinheiro. Mais um mau neg\u00f3cio feito pelo Marcelo Teixeira&#8221;.<\/p>\n\n\n\n<figure class=\"wp-block-image size-full\"><img loading=\"lazy\" decoding=\"async\" width=\"740\" height=\"416\" src=\"http:\/\/www.gaveanews.com\/wp-content\/uploads\/image-2024-06-22T183004.202.webp\" alt=\"\" class=\"wp-image-148899\" srcset=\"https:\/\/www.gaveanews.com\/wp-content\/uploads\/image-2024-06-22T183004.202.webp 740w, https:\/\/www.gaveanews.com\/wp-content\/uploads\/image-2024-06-22T183004.202-300x169.webp 300w, https:\/\/www.gaveanews.com\/wp-content\/uploads\/image-2024-06-22T183004.202-640x360.webp 640w, https:\/\/www.gaveanews.com\/wp-content\/uploads\/image-2024-06-22T183004.202-681x383.webp 681w, https:\/\/www.gaveanews.com\/wp-content\/uploads\/image-2024-06-22T183004.202-100x56.webp 100w\" sizes=\"auto, (max-width: 740px) 100vw, 740px\" \/><figcaption class=\"wp-element-caption\">Marcelo Teixeira-  Foto: Raul Baretta\/ Santos FC<\/figcaption><\/figure>\n\n\n\n<h2 class=\"wp-block-heading\" id=\"h-investimentos-na-janela-de-transferencias\">Investimentos na janela de transfer\u00eancias<\/h2>\n\n\n\n<p>Ambos os clubes figuraram entre os que mais investiram durante a \u00faltima janela de transfer\u00eancias no futebol brasileiro, posicionando-se no G4 de gastos. O Botafogo, gerido pela Sociedade An\u00f4nima do Futebol (SAF) do empres\u00e1rio John Textor, despendeu mais de R$ 380 milh\u00f5es em nove refor\u00e7os, ficando atr\u00e1s apenas do Palmeiras em volume de investimento.<\/p>\n\n\n\n<p>Por sua vez, o Santos tamb\u00e9m realizou um investimento consider\u00e1vel, ultrapassando R$ 120 milh\u00f5es na contrata\u00e7\u00e3o de 11 jogadores. Embora alguns atletas tenham chegado sem custos de transfer\u00eancia ou por empr\u00e9stimo, a aquisi\u00e7\u00e3o de Benjam\u00edn Rollheiser, por exemplo, custou 11 milh\u00f5es de euros (aproximadamente R$ 65,8 milh\u00f5es).<\/p>\n\n\n\n<p>Enquanto isso, o cen\u00e1rio esportivo se aquece com o in\u00edcio do Brasileir\u00e3o S\u00e9rie A neste fim de semana. O Botafogo far\u00e1 sua estreia no domingo (30), visitando o Palmeiras. No mesmo dia, o Santos enfrentar\u00e1 o Vasco da Gama, tamb\u00e9m fora de casa, no Rio de Janeiro.<\/p>\n\n\n\n<p>Ademais, Sormani posicionou o Botafogo como um concorrente relevante na disputa pelo t\u00edtulo do Campeonato Brasileiro, embora considere Flamengo e Palmeiras como as principais for\u00e7as. &#8220;Nesse momento, o Santos n\u00e3o tem condi\u00e7\u00f5es de bater de frente com Flamengo, Botafogo e Palmeiras&#8221;, ponderou. <\/p>\n\n\n\n<p>Contudo, ele ressaltou a qualidade individual do elenco botafoguense e o alto investimento realizado: &#8220;Individualmente falando, (o Fog\u00e3o) tem jogadores muito bons, gastou 500 milh\u00f5es de reais em contrata\u00e7\u00f5es e j\u00e1 tem um treinador&#8221;.<\/p>\n","protected":false},"excerpt":{"rendered":"<p>O jornalista Sormani voltou a comentar as rela\u00e7\u00f5es financeiras entre Botafogo e Santos, destacando uma d\u00edvida pendente do clube carioca referente ao goleiro John. Recentemente, vale lembrar, os dois times alvinegros realizaram uma significativa opera\u00e7\u00e3o financeira envolvendo as transfer\u00eancias dos atletas Jair e Tiquinho Soares. Sormani direcionou cr\u00edticas ao presidente do Santos, Marcelo Teixeira, pela [&hellip;]<\/p>\n","protected":false},"author":28,"featured_media":52970,"comment_status":"open","ping_status":"closed","sticky":false,"template":"","format":"standard","meta":{"footnotes":""},"categories":[139],"tags":[],"class_list":["post-245828","post","type-post","status-publish","format-standard","has-post-thumbnail","hentry","category-santos"],"yoast_head":"<!-- This site is optimized with the Yoast SEO Premium plugin v24.2 (Yoast SEO v26.9) - https:\/\/yoast.com\/product\/yoast-seo-premium-wordpress\/ -->\n<title>A declara\u00e7\u00e3o de Sormani direcionada a Marcelo Teixeira, do Santos<\/title>\n<meta name=\"robots\" content=\"index, follow, max-snippet:-1, max-image-preview:large, max-video-preview:-1\" \/>\n<link rel=\"canonical\" href=\"https:\/\/www.gaveanews.com\/index.php\/2025\/03\/28\/a-declaracao-de-sormani-direcionada-a-marcelo-teixeira-do-santos\/\" \/>\n<meta property=\"og:locale\" content=\"pt_BR\" \/>\n<meta property=\"og:type\" content=\"article\" \/>\n<meta property=\"og:title\" content=\"A declara\u00e7\u00e3o de Sormani direcionada a Marcelo Teixeira, do Santos\" \/>\n<meta property=\"og:description\" content=\"O jornalista Sormani voltou a comentar as rela\u00e7\u00f5es financeiras entre Botafogo e Santos, destacando uma d\u00edvida pendente do clube carioca referente ao goleiro John. Recentemente, vale lembrar, os dois times alvinegros realizaram uma significativa opera\u00e7\u00e3o financeira envolvendo as transfer\u00eancias dos atletas Jair e Tiquinho Soares. Sormani direcionou cr\u00edticas ao presidente do Santos, Marcelo Teixeira, pela [&hellip;]\" \/>\n<meta property=\"og:url\" content=\"https:\/\/www.gaveanews.com\/index.php\/2025\/03\/28\/a-declaracao-de-sormani-direcionada-a-marcelo-teixeira-do-santos\/\" \/>\n<meta property=\"og:site_name\" content=\"G\u00e1vea News\" \/>\n<meta property=\"article:publisher\" content=\"https:\/\/facebook.com\/gaveaNews\/\" \/>\n<meta property=\"article:published_time\" content=\"2025-03-28T18:00:44+00:00\" \/>\n<meta property=\"og:image\" content=\"https:\/\/www.gaveanews.com\/wp-content\/uploads\/Sormani-durante-um-programa-da-emissora-Fox-Sports.webp\" \/>\n\t<meta property=\"og:image:width\" content=\"650\" \/>\n\t<meta property=\"og:image:height\" content=\"325\" \/>\n\t<meta property=\"og:image:type\" content=\"image\/jpeg\" \/>\n<meta name=\"author\" content=\"Hudson Pereira\" \/>\n<meta name=\"twitter:card\" content=\"summary_large_image\" \/>\n<meta name=\"twitter:label1\" content=\"Escrito por\" \/>\n\t<meta name=\"twitter:data1\" content=\"Hudson Pereira\" \/>\n\t<meta name=\"twitter:label2\" content=\"Est. tempo de leitura\" \/>\n\t<meta name=\"twitter:data2\" content=\"3 minutos\" \/>\n<script type=\"application\/ld+json\" class=\"yoast-schema-graph\">{\"@context\":\"https:\/\/schema.org\",\"@graph\":[{\"@type\":\"NewsArticle\",\"@id\":\"https:\/\/www.gaveanews.com\/index.php\/2025\/03\/28\/a-declaracao-de-sormani-direcionada-a-marcelo-teixeira-do-santos\/#article\",\"isPartOf\":{\"@id\":\"https:\/\/www.gaveanews.com\/index.php\/2025\/03\/28\/a-declaracao-de-sormani-direcionada-a-marcelo-teixeira-do-santos\/\"},\"author\":{\"name\":\"Hudson Pereira\",\"@id\":\"https:\/\/www.gaveanews.com\/#\/schema\/person\/bd08f00534b403119b92741a6d469ef0\"},\"headline\":\"A declara\u00e7\u00e3o de Sormani direcionada a Marcelo Teixeira, do Santos\",\"datePublished\":\"2025-03-28T18:00:44+00:00\",\"mainEntityOfPage\":{\"@id\":\"https:\/\/www.gaveanews.com\/index.php\/2025\/03\/28\/a-declaracao-de-sormani-direcionada-a-marcelo-teixeira-do-santos\/\"},\"wordCount\":461,\"commentCount\":0,\"image\":{\"@id\":\"https:\/\/www.gaveanews.com\/index.php\/2025\/03\/28\/a-declaracao-de-sormani-direcionada-a-marcelo-teixeira-do-santos\/#primaryimage\"},\"thumbnailUrl\":\"https:\/\/www.gaveanews.com\/wp-content\/uploads\/Sormani-durante-um-programa-da-emissora-Fox-Sports.webp\",\"articleSection\":[\"Santos\"],\"inLanguage\":\"pt-BR\",\"potentialAction\":[{\"@type\":\"CommentAction\",\"name\":\"Comment\",\"target\":[\"https:\/\/www.gaveanews.com\/index.php\/2025\/03\/28\/a-declaracao-de-sormani-direcionada-a-marcelo-teixeira-do-santos\/#respond\"]}],\"copyrightYear\":\"2025\",\"copyrightHolder\":{\"@id\":\"https:\/\/www.gaveanews.com\/#organization\"}},{\"@type\":\"WebPage\",\"@id\":\"https:\/\/www.gaveanews.com\/index.php\/2025\/03\/28\/a-declaracao-de-sormani-direcionada-a-marcelo-teixeira-do-santos\/\",\"url\":\"https:\/\/www.gaveanews.com\/index.php\/2025\/03\/28\/a-declaracao-de-sormani-direcionada-a-marcelo-teixeira-do-santos\/\",\"name\":\"A declara\u00e7\u00e3o de Sormani direcionada a Marcelo Teixeira, do Santos\",\"isPartOf\":{\"@id\":\"https:\/\/www.gaveanews.com\/#website\"},\"primaryImageOfPage\":{\"@id\":\"https:\/\/www.gaveanews.com\/index.php\/2025\/03\/28\/a-declaracao-de-sormani-direcionada-a-marcelo-teixeira-do-santos\/#primaryimage\"},\"image\":{\"@id\":\"https:\/\/www.gaveanews.com\/index.php\/2025\/03\/28\/a-declaracao-de-sormani-direcionada-a-marcelo-teixeira-do-santos\/#primaryimage\"},\"thumbnailUrl\":\"https:\/\/www.gaveanews.com\/wp-content\/uploads\/Sormani-durante-um-programa-da-emissora-Fox-Sports.webp\",\"datePublished\":\"2025-03-28T18:00:44+00:00\",\"author\":{\"@id\":\"https:\/\/www.gaveanews.com\/#\/schema\/person\/bd08f00534b403119b92741a6d469ef0\"},\"breadcrumb\":{\"@id\":\"https:\/\/www.gaveanews.com\/index.php\/2025\/03\/28\/a-declaracao-de-sormani-direcionada-a-marcelo-teixeira-do-santos\/#breadcrumb\"},\"inLanguage\":\"pt-BR\",\"potentialAction\":[{\"@type\":\"ReadAction\",\"target\":[\"https:\/\/www.gaveanews.com\/index.php\/2025\/03\/28\/a-declaracao-de-sormani-direcionada-a-marcelo-teixeira-do-santos\/\"]}]},{\"@type\":\"ImageObject\",\"inLanguage\":\"pt-BR\",\"@id\":\"https:\/\/www.gaveanews.com\/index.php\/2025\/03\/28\/a-declaracao-de-sormani-direcionada-a-marcelo-teixeira-do-santos\/#primaryimage\",\"url\":\"https:\/\/www.gaveanews.com\/wp-content\/uploads\/Sormani-durante-um-programa-da-emissora-Fox-Sports.webp\",\"contentUrl\":\"https:\/\/www.gaveanews.com\/wp-content\/uploads\/Sormani-durante-um-programa-da-emissora-Fox-Sports.webp\",\"width\":650,\"height\":325,\"caption\":\"Sormani durante um programa da emissora Fox Sports (Foto: Reprodu\u00e7\u00e3o)\"},{\"@type\":\"BreadcrumbList\",\"@id\":\"https:\/\/www.gaveanews.com\/index.php\/2025\/03\/28\/a-declaracao-de-sormani-direcionada-a-marcelo-teixeira-do-santos\/#breadcrumb\",\"itemListElement\":[{\"@type\":\"ListItem\",\"position\":1,\"name\":\"Home\",\"item\":\"https:\/\/www.gaveanews.com\/\"},{\"@type\":\"ListItem\",\"position\":2,\"name\":\"A declara\u00e7\u00e3o de Sormani direcionada a Marcelo Teixeira, do Santos\"}]},{\"@type\":\"WebSite\",\"@id\":\"https:\/\/www.gaveanews.com\/#website\",\"url\":\"https:\/\/www.gaveanews.com\/\",\"name\":\"G\u00e1vea News\",\"description\":\"Veja todas as not\u00edcias sobre o Flamengo: Contrata\u00e7\u00f5es, categorias de base, resultados das partidas, tabela de classifica\u00e7\u00e3o, pr\u00f3ximos jogos!\",\"potentialAction\":[{\"@type\":\"SearchAction\",\"target\":{\"@type\":\"EntryPoint\",\"urlTemplate\":\"https:\/\/www.gaveanews.com\/?s={search_term_string}\"},\"query-input\":{\"@type\":\"PropertyValueSpecification\",\"valueRequired\":true,\"valueName\":\"search_term_string\"}}],\"inLanguage\":\"pt-BR\"},{\"@type\":\"Person\",\"@id\":\"https:\/\/www.gaveanews.com\/#\/schema\/person\/bd08f00534b403119b92741a6d469ef0\",\"name\":\"Hudson Pereira\",\"image\":{\"@type\":\"ImageObject\",\"inLanguage\":\"pt-BR\",\"@id\":\"https:\/\/www.gaveanews.com\/#\/schema\/person\/image\/\",\"url\":\"https:\/\/secure.gravatar.com\/avatar\/ecc491b489e454e510efffc9b23c1052ce5fb4f2e05555768ba65819cd55f03e?s=96&d=mm&r=g\",\"contentUrl\":\"https:\/\/secure.gravatar.com\/avatar\/ecc491b489e454e510efffc9b23c1052ce5fb4f2e05555768ba65819cd55f03e?s=96&d=mm&r=g\",\"caption\":\"Hudson Pereira\"}}]}<\/script>\n<!-- \/ Yoast SEO Premium plugin. -->","yoast_head_json":{"title":"A declara\u00e7\u00e3o de Sormani direcionada a Marcelo Teixeira, do Santos","robots":{"index":"index","follow":"follow","max-snippet":"max-snippet:-1","max-image-preview":"max-image-preview:large","max-video-preview":"max-video-preview:-1"},"canonical":"https:\/\/www.gaveanews.com\/index.php\/2025\/03\/28\/a-declaracao-de-sormani-direcionada-a-marcelo-teixeira-do-santos\/","og_locale":"pt_BR","og_type":"article","og_title":"A declara\u00e7\u00e3o de Sormani direcionada a Marcelo Teixeira, do Santos","og_description":"O jornalista Sormani voltou a comentar as rela\u00e7\u00f5es financeiras entre Botafogo e Santos, destacando uma d\u00edvida pendente do clube carioca referente ao goleiro John. Recentemente, vale lembrar, os dois times alvinegros realizaram uma significativa opera\u00e7\u00e3o financeira envolvendo as transfer\u00eancias dos atletas Jair e Tiquinho Soares. Sormani direcionou cr\u00edticas ao presidente do Santos, Marcelo Teixeira, pela [&hellip;]","og_url":"https:\/\/www.gaveanews.com\/index.php\/2025\/03\/28\/a-declaracao-de-sormani-direcionada-a-marcelo-teixeira-do-santos\/","og_site_name":"G\u00e1vea News","article_publisher":"https:\/\/facebook.com\/gaveaNews\/","article_published_time":"2025-03-28T18:00:44+00:00","og_image":[{"width":650,"height":325,"url":"https:\/\/www.gaveanews.com\/wp-content\/uploads\/Sormani-durante-um-programa-da-emissora-Fox-Sports.webp","type":"image\/jpeg"}],"author":"Hudson Pereira","twitter_card":"summary_large_image","twitter_misc":{"Escrito por":"Hudson Pereira","Est. tempo de leitura":"3 minutos"},"schema":{"@context":"https:\/\/schema.org","@graph":[{"@type":"NewsArticle","@id":"https:\/\/www.gaveanews.com\/index.php\/2025\/03\/28\/a-declaracao-de-sormani-direcionada-a-marcelo-teixeira-do-santos\/#article","isPartOf":{"@id":"https:\/\/www.gaveanews.com\/index.php\/2025\/03\/28\/a-declaracao-de-sormani-direcionada-a-marcelo-teixeira-do-santos\/"},"author":{"name":"Hudson Pereira","@id":"https:\/\/www.gaveanews.com\/#\/schema\/person\/bd08f00534b403119b92741a6d469ef0"},"headline":"A declara\u00e7\u00e3o de Sormani direcionada a Marcelo Teixeira, do Santos","datePublished":"2025-03-28T18:00:44+00:00","mainEntityOfPage":{"@id":"https:\/\/www.gaveanews.com\/index.php\/2025\/03\/28\/a-declaracao-de-sormani-direcionada-a-marcelo-teixeira-do-santos\/"},"wordCount":461,"commentCount":0,"image":{"@id":"https:\/\/www.gaveanews.com\/index.php\/2025\/03\/28\/a-declaracao-de-sormani-direcionada-a-marcelo-teixeira-do-santos\/#primaryimage"},"thumbnailUrl":"https:\/\/www.gaveanews.com\/wp-content\/uploads\/Sormani-durante-um-programa-da-emissora-Fox-Sports.webp","articleSection":["Santos"],"inLanguage":"pt-BR","potentialAction":[{"@type":"CommentAction","name":"Comment","target":["https:\/\/www.gaveanews.com\/index.php\/2025\/03\/28\/a-declaracao-de-sormani-direcionada-a-marcelo-teixeira-do-santos\/#respond"]}],"copyrightYear":"2025","copyrightHolder":{"@id":"https:\/\/www.gaveanews.com\/#organization"}},{"@type":"WebPage","@id":"https:\/\/www.gaveanews.com\/index.php\/2025\/03\/28\/a-declaracao-de-sormani-direcionada-a-marcelo-teixeira-do-santos\/","url":"https:\/\/www.gaveanews.com\/index.php\/2025\/03\/28\/a-declaracao-de-sormani-direcionada-a-marcelo-teixeira-do-santos\/","name":"A declara\u00e7\u00e3o de Sormani direcionada a Marcelo Teixeira, do Santos","isPartOf":{"@id":"https:\/\/www.gaveanews.com\/#website"},"primaryImageOfPage":{"@id":"https:\/\/www.gaveanews.com\/index.php\/2025\/03\/28\/a-declaracao-de-sormani-direcionada-a-marcelo-teixeira-do-santos\/#primaryimage"},"image":{"@id":"https:\/\/www.gaveanews.com\/index.php\/2025\/03\/28\/a-declaracao-de-sormani-direcionada-a-marcelo-teixeira-do-santos\/#primaryimage"},"thumbnailUrl":"https:\/\/www.gaveanews.com\/wp-content\/uploads\/Sormani-durante-um-programa-da-emissora-Fox-Sports.webp","datePublished":"2025-03-28T18:00:44+00:00","author":{"@id":"https:\/\/www.gaveanews.com\/#\/schema\/person\/bd08f00534b403119b92741a6d469ef0"},"breadcrumb":{"@id":"https:\/\/www.gaveanews.com\/index.php\/2025\/03\/28\/a-declaracao-de-sormani-direcionada-a-marcelo-teixeira-do-santos\/#breadcrumb"},"inLanguage":"pt-BR","potentialAction":[{"@type":"ReadAction","target":["https:\/\/www.gaveanews.com\/index.php\/2025\/03\/28\/a-declaracao-de-sormani-direcionada-a-marcelo-teixeira-do-santos\/"]}]},{"@type":"ImageObject","inLanguage":"pt-BR","@id":"https:\/\/www.gaveanews.com\/index.php\/2025\/03\/28\/a-declaracao-de-sormani-direcionada-a-marcelo-teixeira-do-santos\/#primaryimage","url":"https:\/\/www.gaveanews.com\/wp-content\/uploads\/Sormani-durante-um-programa-da-emissora-Fox-Sports.webp","contentUrl":"https:\/\/www.gaveanews.com\/wp-content\/uploads\/Sormani-durante-um-programa-da-emissora-Fox-Sports.webp","width":650,"height":325,"caption":"Sormani durante um programa da emissora Fox Sports (Foto: Reprodu\u00e7\u00e3o)"},{"@type":"BreadcrumbList","@id":"https:\/\/www.gaveanews.com\/index.php\/2025\/03\/28\/a-declaracao-de-sormani-direcionada-a-marcelo-teixeira-do-santos\/#breadcrumb","itemListElement":[{"@type":"ListItem","position":1,"name":"Home","item":"https:\/\/www.gaveanews.com\/"},{"@type":"ListItem","position":2,"name":"A declara\u00e7\u00e3o de Sormani direcionada a Marcelo Teixeira, do Santos"}]},{"@type":"WebSite","@id":"https:\/\/www.gaveanews.com\/#website","url":"https:\/\/www.gaveanews.com\/","name":"G\u00e1vea News","description":"Veja todas as not\u00edcias sobre o Flamengo: Contrata\u00e7\u00f5es, categorias de base, resultados das partidas, tabela de classifica\u00e7\u00e3o, pr\u00f3ximos jogos!","potentialAction":[{"@type":"SearchAction","target":{"@type":"EntryPoint","urlTemplate":"https:\/\/www.gaveanews.com\/?s={search_term_string}"},"query-input":{"@type":"PropertyValueSpecification","valueRequired":true,"valueName":"search_term_string"}}],"inLanguage":"pt-BR"},{"@type":"Person","@id":"https:\/\/www.gaveanews.com\/#\/schema\/person\/bd08f00534b403119b92741a6d469ef0","name":"Hudson Pereira","image":{"@type":"ImageObject","inLanguage":"pt-BR","@id":"https:\/\/www.gaveanews.com\/#\/schema\/person\/image\/","url":"https:\/\/secure.gravatar.com\/avatar\/ecc491b489e454e510efffc9b23c1052ce5fb4f2e05555768ba65819cd55f03e?s=96&d=mm&r=g","contentUrl":"https:\/\/secure.gravatar.com\/avatar\/ecc491b489e454e510efffc9b23c1052ce5fb4f2e05555768ba65819cd55f03e?s=96&d=mm&r=g","caption":"Hudson Pereira"}}]}},"_links":{"self":[{"href":"https:\/\/www.gaveanews.com\/index.php\/wp-json\/wp\/v2\/posts\/245828","targetHints":{"allow":["GET"]}}],"collection":[{"href":"https:\/\/www.gaveanews.com\/index.php\/wp-json\/wp\/v2\/posts"}],"about":[{"href":"https:\/\/www.gaveanews.com\/index.php\/wp-json\/wp\/v2\/types\/post"}],"author":[{"embeddable":true,"href":"https:\/\/www.gaveanews.com\/index.php\/wp-json\/wp\/v2\/users\/28"}],"replies":[{"embeddable":true,"href":"https:\/\/www.gaveanews.com\/index.php\/wp-json\/wp\/v2\/comments?post=245828"}],"version-history":[{"count":2,"href":"https:\/\/www.gaveanews.com\/index.php\/wp-json\/wp\/v2\/posts\/245828\/revisions"}],"predecessor-version":[{"id":245839,"href":"https:\/\/www.gaveanews.com\/index.php\/wp-json\/wp\/v2\/posts\/245828\/revisions\/245839"}],"wp:featuredmedia":[{"embeddable":true,"href":"https:\/\/www.gaveanews.com\/index.php\/wp-json\/wp\/v2\/media\/52970"}],"wp:attachment":[{"href":"https:\/\/www.gaveanews.com\/index.php\/wp-json\/wp\/v2\/media?parent=245828"}],"wp:term":[{"taxonomy":"category","embeddable":true,"href":"https:\/\/www.gaveanews.com\/index.php\/wp-json\/wp\/v2\/categories?post=245828"},{"taxonomy":"post_tag","embeddable":true,"href":"https:\/\/www.gaveanews.com\/index.php\/wp-json\/wp\/v2\/tags?post=245828"}],"curies":[{"name":"wp","href":"https:\/\/api.w.org\/{rel}","templated":true}]}}