{"id":245840,"date":"2025-03-28T15:05:58","date_gmt":"2025-03-28T18:05:58","guid":{"rendered":"https:\/\/www.gaveanews.com\/?p=245840"},"modified":"2025-03-28T13:03:53","modified_gmt":"2025-03-28T16:03:53","slug":"casagrande-aponta-melhor-tecnico-para-selecao-brasileira-eu-acho-que","status":"publish","type":"post","link":"https:\/\/www.gaveanews.com\/index.php\/2025\/03\/28\/casagrande-aponta-melhor-tecnico-para-selecao-brasileira-eu-acho-que\/","title":{"rendered":"Casagrande aponta melhor t\u00e9cnico para Sele\u00e7\u00e3o Brasileira: \u201cEu acho que\u2026&#8221;"},"content":{"rendered":"\n<p>O futuro de Dorival J\u00fanior no comando da Sele\u00e7\u00e3o Brasileira permanece em pauta. O presidente da Confedera\u00e7\u00e3o Brasileira de Futebol (CBF), Ednaldo Rodrigues, agendou uma reuni\u00e3o com o treinador para esta sexta-feira (28). Nesse encontro, eles discutir\u00e3o a continuidade ou o encerramento do trabalho de Dorival \u00e0 frente da equipe nacional.<\/p>\n\n\n\n<p>A especula\u00e7\u00e3o sobre uma poss\u00edvel mudan\u00e7a na comiss\u00e3o t\u00e9cnica ganha for\u00e7a. O colunista Walter Casagrande, por exemplo, expressa forte convic\u00e7\u00e3o na sa\u00edda do atual t\u00e9cnico. Segundo Casagrande, o desempenho da sele\u00e7\u00e3o n\u00e3o demonstra evolu\u00e7\u00e3o satisfat\u00f3ria sob o comando de Dorival.<\/p>\n\n\n\n<p>Diante desse cen\u00e1rio, o comentarista defende publicamente a necessidade de uma troca imediata. Al\u00e9m disso, Casagrande sugere a contrata\u00e7\u00e3o de um profissional estrangeiro para assumir o cargo.<\/p>\n\n\n\n<p>Ele aponta nomes espec\u00edficos que, em sua vis\u00e3o, imporiam maior respeito entre os jogadores. \u201cEu acho que \u00e9 Jorge Jesus ou Ancelotti. Tem que ser algu\u00e9m que entra l\u00e1 e os jogadores abaixam a orelhinha\u201d, comentou Casagrande durante uma transmiss\u00e3o ao vivo. <\/p>\n\n\n\n<p>Ele ainda relembrou um epis\u00f3dio espec\u00edfico: &#8220;Voc\u00eas lembram daquela cena do Dorival levantando o dedinho para ser ouvido na roda antes dos p\u00eanaltis?&#8221;.<\/p>\n\n\n\n<h2 class=\"wp-block-heading\" id=\"h-jorge-jesus-surge-como-alternativa\">Jorge Jesus surge como alternativa<\/h2>\n\n\n\n<p>Internamente, a CBF parece avaliar positivamente o nome de Jorge Jesus, atualmente no Al Hilal. Conforme o &#8216;GE&#8217;, ele representa um &#8220;plano B&#8221;, caso a entidade n\u00e3o consiga um acordo com Carlo Ancelotti, do Real Madrid. Ednaldo Rodrigues, a princ\u00edpio, demonstra prefer\u00eancia pelo t\u00e9cnico italiano.<\/p>\n\n\n\n<p>Contudo, Ancelotti \u00e9 visto como a prioridade, enquanto Jesus surge como uma op\u00e7\u00e3o potencialmente mais acess\u00edvel. Existe, inclusive, a possibilidade de o treinador portugu\u00eas assumir a sele\u00e7\u00e3o j\u00e1 na pr\u00f3xima Data FIFA de junho. Nesse per\u00edodo, o Brasil ter\u00e1 compromissos pelas Eliminat\u00f3rias.<\/p>\n\n\n\n<p>O pr\u00f3prio Jorge Jesus j\u00e1 manifestou interesse em dirigir a sele\u00e7\u00e3o brasileira no passado. Em declara\u00e7\u00e3o datada de setembro de 2024, ele afirmou: \u201cS\u00f3 gosto de trabalhar em clubes que ganhem t\u00edtulos. [&#8230;] Mas a sele\u00e7\u00e3o brasileira \u00e9 diferente\u2026 \u00c9 uma ambi\u00e7\u00e3o, n\u00e3o nego\u201d.<\/p>\n\n\n\n<figure class=\"wp-block-image size-full\"><img loading=\"lazy\" decoding=\"async\" width=\"901\" height=\"600\" src=\"http:\/\/www.gaveanews.com\/wp-content\/uploads\/2019\/07\/Jorge-Jesus-durante-uma-partida-do-Flamengo-no-Maracana.webp\" alt=\"\" class=\"wp-image-23323\" srcset=\"https:\/\/www.gaveanews.com\/wp-content\/uploads\/2019\/07\/Jorge-Jesus-durante-uma-partida-do-Flamengo-no-Maracana.webp 901w, https:\/\/www.gaveanews.com\/wp-content\/uploads\/2019\/07\/Jorge-Jesus-durante-uma-partida-do-Flamengo-no-Maracana-300x200.webp 300w, https:\/\/www.gaveanews.com\/wp-content\/uploads\/2019\/07\/Jorge-Jesus-durante-uma-partida-do-Flamengo-no-Maracana-768x511.webp 768w, https:\/\/www.gaveanews.com\/wp-content\/uploads\/2019\/07\/Jorge-Jesus-durante-uma-partida-do-Flamengo-no-Maracana-631x420.webp 631w, https:\/\/www.gaveanews.com\/wp-content\/uploads\/2019\/07\/Jorge-Jesus-durante-uma-partida-do-Flamengo-no-Maracana-640x426.webp 640w, https:\/\/www.gaveanews.com\/wp-content\/uploads\/2019\/07\/Jorge-Jesus-durante-uma-partida-do-Flamengo-no-Maracana-681x453.webp 681w\" sizes=\"auto, (max-width: 901px) 100vw, 901px\" \/><figcaption class=\"wp-element-caption\">Jorge Jesus durante uma partida do Flamengo no Maracan\u00e3 (Foto: Alexandre Vidal\/Flamengo)<\/figcaption><\/figure>\n\n\n\n<h2 class=\"wp-block-heading\" id=\"h-treinador-nega-atritos-com-neymar\">Treinador nega atritos com Neymar<\/h2>\n\n\n\n<p>Com a cogita\u00e7\u00e3o de Jorge Jesus para a sele\u00e7\u00e3o, surgiram tamb\u00e9m questionamentos sobre sua rela\u00e7\u00e3o com Neymar. Ambos trabalharam juntos recentemente no Al-Hilal, levantando especula\u00e7\u00f5es sobre poss\u00edveis desentendimentos.<\/p>\n\n\n\n<p>Entretanto, o t\u00e9cnico portugu\u00eas nega qualquer tipo de problema com o atacante. O jornalista Ven\u00ea Casagrande, ap\u00f3s contato direto com Jesus, transmitiu a posi\u00e7\u00e3o do treinador.<\/p>\n\n\n\n<p>Segundo o relato do jornalista, Jorge Jesus fez quest\u00e3o de esclarecer a situa\u00e7\u00e3o. \u201cEle me disse que n\u00e3o tem nenhum problema com Neymar, nada contra ele.\u201d Ven\u00ea Casagrande complementou: &#8220;Me pediu para deixar isso claro, pediu para mencionar. Da parte do Jorge Jesus, n\u00e3o tem nenhum problema\u201d. Assim, o t\u00e9cnico afasta rumores de conflito com o camisa 10.<\/p>\n","protected":false},"excerpt":{"rendered":"<p>O futuro de Dorival J\u00fanior no comando da Sele\u00e7\u00e3o Brasileira permanece em pauta. O presidente da Confedera\u00e7\u00e3o Brasileira de Futebol (CBF), Ednaldo Rodrigues, agendou uma reuni\u00e3o com o treinador para esta sexta-feira (28). Nesse encontro, eles discutir\u00e3o a continuidade ou o encerramento do trabalho de Dorival \u00e0 frente da equipe nacional. A especula\u00e7\u00e3o sobre uma [&hellip;]<\/p>\n","protected":false},"author":28,"featured_media":222284,"comment_status":"open","ping_status":"closed","sticky":false,"template":"","format":"standard","meta":{"footnotes":""},"categories":[478],"tags":[],"class_list":["post-245840","post","type-post","status-publish","format-standard","has-post-thumbnail","hentry","category-brasil"],"yoast_head":"<!-- This site is optimized with the Yoast SEO Premium plugin v24.2 (Yoast SEO v26.9) - https:\/\/yoast.com\/product\/yoast-seo-premium-wordpress\/ -->\n<title>Casagrande aponta melhor t\u00e9cnico para Sele\u00e7\u00e3o Brasileira: \u201cEu acho que\u2026&quot;<\/title>\n<meta name=\"robots\" content=\"index, follow, max-snippet:-1, max-image-preview:large, max-video-preview:-1\" \/>\n<link rel=\"canonical\" href=\"https:\/\/www.gaveanews.com\/index.php\/2025\/03\/28\/casagrande-aponta-melhor-tecnico-para-selecao-brasileira-eu-acho-que\/\" \/>\n<meta property=\"og:locale\" content=\"pt_BR\" \/>\n<meta property=\"og:type\" content=\"article\" \/>\n<meta property=\"og:title\" content=\"Casagrande aponta melhor t\u00e9cnico para Sele\u00e7\u00e3o Brasileira: \u201cEu acho que\u2026&quot;\" \/>\n<meta property=\"og:description\" content=\"O futuro de Dorival J\u00fanior no comando da Sele\u00e7\u00e3o Brasileira permanece em pauta. O presidente da Confedera\u00e7\u00e3o Brasileira de Futebol (CBF), Ednaldo Rodrigues, agendou uma reuni\u00e3o com o treinador para esta sexta-feira (28). Nesse encontro, eles discutir\u00e3o a continuidade ou o encerramento do trabalho de Dorival \u00e0 frente da equipe nacional. A especula\u00e7\u00e3o sobre uma [&hellip;]\" \/>\n<meta property=\"og:url\" content=\"https:\/\/www.gaveanews.com\/index.php\/2025\/03\/28\/casagrande-aponta-melhor-tecnico-para-selecao-brasileira-eu-acho-que\/\" \/>\n<meta property=\"og:site_name\" content=\"G\u00e1vea News\" \/>\n<meta property=\"article:publisher\" content=\"https:\/\/facebook.com\/gaveaNews\/\" \/>\n<meta property=\"article:published_time\" content=\"2025-03-28T18:05:58+00:00\" \/>\n<meta property=\"og:image\" content=\"https:\/\/www.gaveanews.com\/wp-content\/uploads\/casagrande-comentarista.webp\" \/>\n\t<meta property=\"og:image:width\" content=\"1920\" \/>\n\t<meta property=\"og:image:height\" content=\"1080\" \/>\n\t<meta property=\"og:image:type\" content=\"image\/jpeg\" \/>\n<meta name=\"author\" content=\"Hudson Pereira\" \/>\n<meta name=\"twitter:card\" content=\"summary_large_image\" \/>\n<meta name=\"twitter:label1\" content=\"Escrito por\" \/>\n\t<meta name=\"twitter:data1\" content=\"Hudson Pereira\" \/>\n\t<meta name=\"twitter:label2\" content=\"Est. tempo de leitura\" \/>\n\t<meta name=\"twitter:data2\" content=\"3 minutos\" \/>\n<script type=\"application\/ld+json\" class=\"yoast-schema-graph\">{\"@context\":\"https:\/\/schema.org\",\"@graph\":[{\"@type\":\"NewsArticle\",\"@id\":\"https:\/\/www.gaveanews.com\/index.php\/2025\/03\/28\/casagrande-aponta-melhor-tecnico-para-selecao-brasileira-eu-acho-que\/#article\",\"isPartOf\":{\"@id\":\"https:\/\/www.gaveanews.com\/index.php\/2025\/03\/28\/casagrande-aponta-melhor-tecnico-para-selecao-brasileira-eu-acho-que\/\"},\"author\":{\"name\":\"Hudson Pereira\",\"@id\":\"https:\/\/www.gaveanews.com\/#\/schema\/person\/bd08f00534b403119b92741a6d469ef0\"},\"headline\":\"Casagrande aponta melhor t\u00e9cnico para Sele\u00e7\u00e3o Brasileira: \u201cEu acho que\u2026&#8221;\",\"datePublished\":\"2025-03-28T18:05:58+00:00\",\"mainEntityOfPage\":{\"@id\":\"https:\/\/www.gaveanews.com\/index.php\/2025\/03\/28\/casagrande-aponta-melhor-tecnico-para-selecao-brasileira-eu-acho-que\/\"},\"wordCount\":514,\"commentCount\":0,\"image\":{\"@id\":\"https:\/\/www.gaveanews.com\/index.php\/2025\/03\/28\/casagrande-aponta-melhor-tecnico-para-selecao-brasileira-eu-acho-que\/#primaryimage\"},\"thumbnailUrl\":\"https:\/\/www.gaveanews.com\/wp-content\/uploads\/casagrande-comentarista.webp\",\"articleSection\":[\"Brasil\"],\"inLanguage\":\"pt-BR\",\"potentialAction\":[{\"@type\":\"CommentAction\",\"name\":\"Comment\",\"target\":[\"https:\/\/www.gaveanews.com\/index.php\/2025\/03\/28\/casagrande-aponta-melhor-tecnico-para-selecao-brasileira-eu-acho-que\/#respond\"]}],\"copyrightYear\":\"2025\",\"copyrightHolder\":{\"@id\":\"https:\/\/www.gaveanews.com\/#organization\"}},{\"@type\":\"WebPage\",\"@id\":\"https:\/\/www.gaveanews.com\/index.php\/2025\/03\/28\/casagrande-aponta-melhor-tecnico-para-selecao-brasileira-eu-acho-que\/\",\"url\":\"https:\/\/www.gaveanews.com\/index.php\/2025\/03\/28\/casagrande-aponta-melhor-tecnico-para-selecao-brasileira-eu-acho-que\/\",\"name\":\"Casagrande aponta melhor t\u00e9cnico para Sele\u00e7\u00e3o Brasileira: \u201cEu acho que\u2026\\\"\",\"isPartOf\":{\"@id\":\"https:\/\/www.gaveanews.com\/#website\"},\"primaryImageOfPage\":{\"@id\":\"https:\/\/www.gaveanews.com\/index.php\/2025\/03\/28\/casagrande-aponta-melhor-tecnico-para-selecao-brasileira-eu-acho-que\/#primaryimage\"},\"image\":{\"@id\":\"https:\/\/www.gaveanews.com\/index.php\/2025\/03\/28\/casagrande-aponta-melhor-tecnico-para-selecao-brasileira-eu-acho-que\/#primaryimage\"},\"thumbnailUrl\":\"https:\/\/www.gaveanews.com\/wp-content\/uploads\/casagrande-comentarista.webp\",\"datePublished\":\"2025-03-28T18:05:58+00:00\",\"author\":{\"@id\":\"https:\/\/www.gaveanews.com\/#\/schema\/person\/bd08f00534b403119b92741a6d469ef0\"},\"breadcrumb\":{\"@id\":\"https:\/\/www.gaveanews.com\/index.php\/2025\/03\/28\/casagrande-aponta-melhor-tecnico-para-selecao-brasileira-eu-acho-que\/#breadcrumb\"},\"inLanguage\":\"pt-BR\",\"potentialAction\":[{\"@type\":\"ReadAction\",\"target\":[\"https:\/\/www.gaveanews.com\/index.php\/2025\/03\/28\/casagrande-aponta-melhor-tecnico-para-selecao-brasileira-eu-acho-que\/\"]}]},{\"@type\":\"ImageObject\",\"inLanguage\":\"pt-BR\",\"@id\":\"https:\/\/www.gaveanews.com\/index.php\/2025\/03\/28\/casagrande-aponta-melhor-tecnico-para-selecao-brasileira-eu-acho-que\/#primaryimage\",\"url\":\"https:\/\/www.gaveanews.com\/wp-content\/uploads\/casagrande-comentarista.webp\",\"contentUrl\":\"https:\/\/www.gaveanews.com\/wp-content\/uploads\/casagrande-comentarista.webp\",\"width\":1920,\"height\":1080,\"caption\":\"Casagrande, comentarista do UOL Esporte (Foto: Reprodu\u00e7\u00e3o)\"},{\"@type\":\"BreadcrumbList\",\"@id\":\"https:\/\/www.gaveanews.com\/index.php\/2025\/03\/28\/casagrande-aponta-melhor-tecnico-para-selecao-brasileira-eu-acho-que\/#breadcrumb\",\"itemListElement\":[{\"@type\":\"ListItem\",\"position\":1,\"name\":\"Home\",\"item\":\"https:\/\/www.gaveanews.com\/\"},{\"@type\":\"ListItem\",\"position\":2,\"name\":\"Casagrande aponta melhor t\u00e9cnico para Sele\u00e7\u00e3o Brasileira: \u201cEu acho que\u2026&#8221;\"}]},{\"@type\":\"WebSite\",\"@id\":\"https:\/\/www.gaveanews.com\/#website\",\"url\":\"https:\/\/www.gaveanews.com\/\",\"name\":\"G\u00e1vea News\",\"description\":\"Veja todas as not\u00edcias sobre o Flamengo: Contrata\u00e7\u00f5es, categorias de base, resultados das partidas, tabela de classifica\u00e7\u00e3o, pr\u00f3ximos jogos!\",\"potentialAction\":[{\"@type\":\"SearchAction\",\"target\":{\"@type\":\"EntryPoint\",\"urlTemplate\":\"https:\/\/www.gaveanews.com\/?s={search_term_string}\"},\"query-input\":{\"@type\":\"PropertyValueSpecification\",\"valueRequired\":true,\"valueName\":\"search_term_string\"}}],\"inLanguage\":\"pt-BR\"},{\"@type\":\"Person\",\"@id\":\"https:\/\/www.gaveanews.com\/#\/schema\/person\/bd08f00534b403119b92741a6d469ef0\",\"name\":\"Hudson Pereira\",\"image\":{\"@type\":\"ImageObject\",\"inLanguage\":\"pt-BR\",\"@id\":\"https:\/\/www.gaveanews.com\/#\/schema\/person\/image\/\",\"url\":\"https:\/\/secure.gravatar.com\/avatar\/ecc491b489e454e510efffc9b23c1052ce5fb4f2e05555768ba65819cd55f03e?s=96&d=mm&r=g\",\"contentUrl\":\"https:\/\/secure.gravatar.com\/avatar\/ecc491b489e454e510efffc9b23c1052ce5fb4f2e05555768ba65819cd55f03e?s=96&d=mm&r=g\",\"caption\":\"Hudson Pereira\"}}]}<\/script>\n<!-- \/ Yoast SEO Premium plugin. -->","yoast_head_json":{"title":"Casagrande aponta melhor t\u00e9cnico para Sele\u00e7\u00e3o Brasileira: \u201cEu acho que\u2026\"","robots":{"index":"index","follow":"follow","max-snippet":"max-snippet:-1","max-image-preview":"max-image-preview:large","max-video-preview":"max-video-preview:-1"},"canonical":"https:\/\/www.gaveanews.com\/index.php\/2025\/03\/28\/casagrande-aponta-melhor-tecnico-para-selecao-brasileira-eu-acho-que\/","og_locale":"pt_BR","og_type":"article","og_title":"Casagrande aponta melhor t\u00e9cnico para Sele\u00e7\u00e3o Brasileira: \u201cEu acho que\u2026\"","og_description":"O futuro de Dorival J\u00fanior no comando da Sele\u00e7\u00e3o Brasileira permanece em pauta. O presidente da Confedera\u00e7\u00e3o Brasileira de Futebol (CBF), Ednaldo Rodrigues, agendou uma reuni\u00e3o com o treinador para esta sexta-feira (28). Nesse encontro, eles discutir\u00e3o a continuidade ou o encerramento do trabalho de Dorival \u00e0 frente da equipe nacional. A especula\u00e7\u00e3o sobre uma [&hellip;]","og_url":"https:\/\/www.gaveanews.com\/index.php\/2025\/03\/28\/casagrande-aponta-melhor-tecnico-para-selecao-brasileira-eu-acho-que\/","og_site_name":"G\u00e1vea News","article_publisher":"https:\/\/facebook.com\/gaveaNews\/","article_published_time":"2025-03-28T18:05:58+00:00","og_image":[{"width":1920,"height":1080,"url":"https:\/\/www.gaveanews.com\/wp-content\/uploads\/casagrande-comentarista.webp","type":"image\/jpeg"}],"author":"Hudson Pereira","twitter_card":"summary_large_image","twitter_misc":{"Escrito por":"Hudson Pereira","Est. tempo de leitura":"3 minutos"},"schema":{"@context":"https:\/\/schema.org","@graph":[{"@type":"NewsArticle","@id":"https:\/\/www.gaveanews.com\/index.php\/2025\/03\/28\/casagrande-aponta-melhor-tecnico-para-selecao-brasileira-eu-acho-que\/#article","isPartOf":{"@id":"https:\/\/www.gaveanews.com\/index.php\/2025\/03\/28\/casagrande-aponta-melhor-tecnico-para-selecao-brasileira-eu-acho-que\/"},"author":{"name":"Hudson Pereira","@id":"https:\/\/www.gaveanews.com\/#\/schema\/person\/bd08f00534b403119b92741a6d469ef0"},"headline":"Casagrande aponta melhor t\u00e9cnico para Sele\u00e7\u00e3o Brasileira: \u201cEu acho que\u2026&#8221;","datePublished":"2025-03-28T18:05:58+00:00","mainEntityOfPage":{"@id":"https:\/\/www.gaveanews.com\/index.php\/2025\/03\/28\/casagrande-aponta-melhor-tecnico-para-selecao-brasileira-eu-acho-que\/"},"wordCount":514,"commentCount":0,"image":{"@id":"https:\/\/www.gaveanews.com\/index.php\/2025\/03\/28\/casagrande-aponta-melhor-tecnico-para-selecao-brasileira-eu-acho-que\/#primaryimage"},"thumbnailUrl":"https:\/\/www.gaveanews.com\/wp-content\/uploads\/casagrande-comentarista.webp","articleSection":["Brasil"],"inLanguage":"pt-BR","potentialAction":[{"@type":"CommentAction","name":"Comment","target":["https:\/\/www.gaveanews.com\/index.php\/2025\/03\/28\/casagrande-aponta-melhor-tecnico-para-selecao-brasileira-eu-acho-que\/#respond"]}],"copyrightYear":"2025","copyrightHolder":{"@id":"https:\/\/www.gaveanews.com\/#organization"}},{"@type":"WebPage","@id":"https:\/\/www.gaveanews.com\/index.php\/2025\/03\/28\/casagrande-aponta-melhor-tecnico-para-selecao-brasileira-eu-acho-que\/","url":"https:\/\/www.gaveanews.com\/index.php\/2025\/03\/28\/casagrande-aponta-melhor-tecnico-para-selecao-brasileira-eu-acho-que\/","name":"Casagrande aponta melhor t\u00e9cnico para Sele\u00e7\u00e3o Brasileira: \u201cEu acho que\u2026\"","isPartOf":{"@id":"https:\/\/www.gaveanews.com\/#website"},"primaryImageOfPage":{"@id":"https:\/\/www.gaveanews.com\/index.php\/2025\/03\/28\/casagrande-aponta-melhor-tecnico-para-selecao-brasileira-eu-acho-que\/#primaryimage"},"image":{"@id":"https:\/\/www.gaveanews.com\/index.php\/2025\/03\/28\/casagrande-aponta-melhor-tecnico-para-selecao-brasileira-eu-acho-que\/#primaryimage"},"thumbnailUrl":"https:\/\/www.gaveanews.com\/wp-content\/uploads\/casagrande-comentarista.webp","datePublished":"2025-03-28T18:05:58+00:00","author":{"@id":"https:\/\/www.gaveanews.com\/#\/schema\/person\/bd08f00534b403119b92741a6d469ef0"},"breadcrumb":{"@id":"https:\/\/www.gaveanews.com\/index.php\/2025\/03\/28\/casagrande-aponta-melhor-tecnico-para-selecao-brasileira-eu-acho-que\/#breadcrumb"},"inLanguage":"pt-BR","potentialAction":[{"@type":"ReadAction","target":["https:\/\/www.gaveanews.com\/index.php\/2025\/03\/28\/casagrande-aponta-melhor-tecnico-para-selecao-brasileira-eu-acho-que\/"]}]},{"@type":"ImageObject","inLanguage":"pt-BR","@id":"https:\/\/www.gaveanews.com\/index.php\/2025\/03\/28\/casagrande-aponta-melhor-tecnico-para-selecao-brasileira-eu-acho-que\/#primaryimage","url":"https:\/\/www.gaveanews.com\/wp-content\/uploads\/casagrande-comentarista.webp","contentUrl":"https:\/\/www.gaveanews.com\/wp-content\/uploads\/casagrande-comentarista.webp","width":1920,"height":1080,"caption":"Casagrande, comentarista do UOL Esporte (Foto: Reprodu\u00e7\u00e3o)"},{"@type":"BreadcrumbList","@id":"https:\/\/www.gaveanews.com\/index.php\/2025\/03\/28\/casagrande-aponta-melhor-tecnico-para-selecao-brasileira-eu-acho-que\/#breadcrumb","itemListElement":[{"@type":"ListItem","position":1,"name":"Home","item":"https:\/\/www.gaveanews.com\/"},{"@type":"ListItem","position":2,"name":"Casagrande aponta melhor t\u00e9cnico para Sele\u00e7\u00e3o Brasileira: \u201cEu acho que\u2026&#8221;"}]},{"@type":"WebSite","@id":"https:\/\/www.gaveanews.com\/#website","url":"https:\/\/www.gaveanews.com\/","name":"G\u00e1vea News","description":"Veja todas as not\u00edcias sobre o Flamengo: Contrata\u00e7\u00f5es, categorias de base, resultados das partidas, tabela de classifica\u00e7\u00e3o, pr\u00f3ximos jogos!","potentialAction":[{"@type":"SearchAction","target":{"@type":"EntryPoint","urlTemplate":"https:\/\/www.gaveanews.com\/?s={search_term_string}"},"query-input":{"@type":"PropertyValueSpecification","valueRequired":true,"valueName":"search_term_string"}}],"inLanguage":"pt-BR"},{"@type":"Person","@id":"https:\/\/www.gaveanews.com\/#\/schema\/person\/bd08f00534b403119b92741a6d469ef0","name":"Hudson Pereira","image":{"@type":"ImageObject","inLanguage":"pt-BR","@id":"https:\/\/www.gaveanews.com\/#\/schema\/person\/image\/","url":"https:\/\/secure.gravatar.com\/avatar\/ecc491b489e454e510efffc9b23c1052ce5fb4f2e05555768ba65819cd55f03e?s=96&d=mm&r=g","contentUrl":"https:\/\/secure.gravatar.com\/avatar\/ecc491b489e454e510efffc9b23c1052ce5fb4f2e05555768ba65819cd55f03e?s=96&d=mm&r=g","caption":"Hudson Pereira"}}]}},"_links":{"self":[{"href":"https:\/\/www.gaveanews.com\/index.php\/wp-json\/wp\/v2\/posts\/245840","targetHints":{"allow":["GET"]}}],"collection":[{"href":"https:\/\/www.gaveanews.com\/index.php\/wp-json\/wp\/v2\/posts"}],"about":[{"href":"https:\/\/www.gaveanews.com\/index.php\/wp-json\/wp\/v2\/types\/post"}],"author":[{"embeddable":true,"href":"https:\/\/www.gaveanews.com\/index.php\/wp-json\/wp\/v2\/users\/28"}],"replies":[{"embeddable":true,"href":"https:\/\/www.gaveanews.com\/index.php\/wp-json\/wp\/v2\/comments?post=245840"}],"version-history":[{"count":1,"href":"https:\/\/www.gaveanews.com\/index.php\/wp-json\/wp\/v2\/posts\/245840\/revisions"}],"predecessor-version":[{"id":245842,"href":"https:\/\/www.gaveanews.com\/index.php\/wp-json\/wp\/v2\/posts\/245840\/revisions\/245842"}],"wp:featuredmedia":[{"embeddable":true,"href":"https:\/\/www.gaveanews.com\/index.php\/wp-json\/wp\/v2\/media\/222284"}],"wp:attachment":[{"href":"https:\/\/www.gaveanews.com\/index.php\/wp-json\/wp\/v2\/media?parent=245840"}],"wp:term":[{"taxonomy":"category","embeddable":true,"href":"https:\/\/www.gaveanews.com\/index.php\/wp-json\/wp\/v2\/categories?post=245840"},{"taxonomy":"post_tag","embeddable":true,"href":"https:\/\/www.gaveanews.com\/index.php\/wp-json\/wp\/v2\/tags?post=245840"}],"curies":[{"name":"wp","href":"https:\/\/api.w.org\/{rel}","templated":true}]}}