{"id":245853,"date":"2025-03-28T08:30:00","date_gmt":"2025-03-28T11:30:00","guid":{"rendered":"https:\/\/www.gaveanews.com\/?p=245853"},"modified":"2025-03-28T07:16:27","modified_gmt":"2025-03-28T10:16:27","slug":"flamengo-define-saida-diretoria-age-contra-cbf-e-fifa-faz-publicacao-direcionada-a-wesley-as-ultimas-noticias-do-mengao","status":"publish","type":"post","link":"https:\/\/www.gaveanews.com\/index.php\/2025\/03\/28\/flamengo-define-saida-diretoria-age-contra-cbf-e-fifa-faz-publicacao-direcionada-a-wesley-as-ultimas-noticias-do-mengao\/","title":{"rendered":"Flamengo define sa\u00edda, diretoria age contra CBF e Fifa faz publica\u00e7\u00e3o direcionada a Wesley: as \u00faltimas not\u00edcias do Meng\u00e3o"},"content":{"rendered":"\n<p>Nas \u00faltimas horas, o foco das not\u00edcias sobre o Flamengo se concentram nos bastidores do clube, com destaques do dia a dia do time.<\/p>\n\n\n\n<p>Por conta deste contexto, leia abaixo um resumo preparado pela equipe do portal G\u00e1vea News para lhe manter muito bem informado!<\/p>\n\n\n\n<div class=\"wp-block-group\"><div class=\"wp-block-group__inner-container is-layout-constrained wp-block-group-is-layout-constrained\">\n<h2 class=\"wp-block-heading\" id=\"h-fifa-faz-publicacao-direcionada-a-wesley\">Fifa faz publica\u00e7\u00e3o direcionada a Wesley<\/h2>\n\n\n\n<p>A estreia de Wesley pela Sele\u00e7\u00e3o Brasileira gerou grande repercuss\u00e3o e reconhecimento internacional. O lateral do Flamengo foi destaque na vit\u00f3ria por 2 a 1 contra a Col\u00f4mbia, usando a camisa 13 e chamando a aten\u00e7\u00e3o da FIFA, que fez uma publica\u00e7\u00e3o em suas redes sociais exaltando o jovem jogador. A atua\u00e7\u00e3o s\u00f3lida, mesmo com poucos minutos em campo, rendeu elogios dos torcedores e da imprensa, al\u00e9m de elevar a expectativa por mais oportunidades nas pr\u00f3ximas partidas das Eliminat\u00f3rias <strong><a href=\"https:\/\/www.gaveanews.com\/index.php\/2025\/03\/24\/fifa-faz-publicacao-direcionada-a-wesley-do-flamengo\/\">(leia a mat\u00e9ria completa).<\/a><\/strong><\/p>\n\n\n\n<figure class=\"wp-block-image size-large\"><img loading=\"lazy\" decoding=\"async\" width=\"1024\" height=\"576\" src=\"http:\/\/www.gaveanews.com\/wp-content\/uploads\/GgZnA0yXYAAykTp-1024x576.webp\" alt=\"Lateral Wesley, do Flamengo\" class=\"wp-image-207524\" srcset=\"https:\/\/www.gaveanews.com\/wp-content\/uploads\/GgZnA0yXYAAykTp-1024x576.webp 1024w, https:\/\/www.gaveanews.com\/wp-content\/uploads\/GgZnA0yXYAAykTp-300x169.webp 300w, https:\/\/www.gaveanews.com\/wp-content\/uploads\/GgZnA0yXYAAykTp-768x432.webp 768w, https:\/\/www.gaveanews.com\/wp-content\/uploads\/GgZnA0yXYAAykTp-1536x864.webp 1536w, https:\/\/www.gaveanews.com\/wp-content\/uploads\/GgZnA0yXYAAykTp-747x420.webp 747w, https:\/\/www.gaveanews.com\/wp-content\/uploads\/GgZnA0yXYAAykTp-1493x840.webp 1493w, https:\/\/www.gaveanews.com\/wp-content\/uploads\/GgZnA0yXYAAykTp-640x360.webp 640w, https:\/\/www.gaveanews.com\/wp-content\/uploads\/GgZnA0yXYAAykTp-1280x720.webp 1280w, https:\/\/www.gaveanews.com\/wp-content\/uploads\/GgZnA0yXYAAykTp-681x383.webp 681w, https:\/\/www.gaveanews.com\/wp-content\/uploads\/GgZnA0yXYAAykTp-1362x766.webp 1362w, https:\/\/www.gaveanews.com\/wp-content\/uploads\/GgZnA0yXYAAykTp-100x56.webp 100w, https:\/\/www.gaveanews.com\/wp-content\/uploads\/GgZnA0yXYAAykTp.webp 1920w\" sizes=\"auto, (max-width: 1024px) 100vw, 1024px\" \/><figcaption class=\"wp-element-caption\">Lateral Wesley, do Flamengo (Foto: Divulga\u00e7\u00e3o)<\/figcaption><\/figure>\n\n\n\n<p>A FIFA compartilhou uma imagem de Wesley em campo com a Sele\u00e7\u00e3o, gesto que costuma ser reservado a atletas promissores em seus primeiros jogos. <\/p>\n\n\n\n<p>Nas redes, a torcida rubro-negra se mobilizou pedindo mais espa\u00e7o para o jogador no elenco comandado por Dorival J\u00fanior. Com n\u00fameros expressivos em apenas 11 minutos \u2013 como passes decisivos, desarmes e duelos vencidos \u2013, o lateral demonstrou seu potencial e justificou o entusiasmo gerado em torno de sua estreia.<\/p>\n\n\n\n<p>Ap\u00f3s o jogo, Wesley expressou sua felicidade pelo momento, destacando a emo\u00e7\u00e3o de vestir a camisa da Sele\u00e7\u00e3o e a honra de dividir o campo com Vini Jr, outro nome formado no Flamengo. O reconhecimento da FIFA marca um passo importante na carreira do atleta, que come\u00e7a sua trajet\u00f3ria na sele\u00e7\u00e3o principal com o p\u00e9 direito, evidenciando o bom momento vivido tanto no clube quanto em n\u00edvel internacional.<\/p>\n\n\n\n<h2 class=\"wp-block-heading\" id=\"h-diretoria-age-contra-cbf\">Diretoria age contra CBF<\/h2>\n\n\n\n<p>Em meio \u00e0s articula\u00e7\u00f5es para a elei\u00e7\u00e3o presidencial da CBF, o Flamengo se posicionou de forma contr\u00e1ria \u00e0 reelei\u00e7\u00e3o de Ednaldo Rodrigues, unindo-se a outras seis equipes da S\u00e9rie A \u2014 Bragantino, Corinthians, Fortaleza, Fluminense, Mirassol e Santos. Apesar da resist\u00eancia de parte dos clubes, o dirigente foi reconduzido ao cargo por aclama\u00e7\u00e3o, recebendo apoio un\u00e2nime das federa\u00e7\u00f5es estaduais e dos clubes das S\u00e9ries A e B<strong><a href=\"https:\/\/www.gaveanews.com\/index.php\/2025\/03\/24\/flamengo-se-uniu-a-6-times-contra-a-cbf-nos-bastidores\/\"> (leia a mat\u00e9ria completa).<\/a><\/strong><\/p>\n\n\n\n<figure class=\"wp-block-image size-large\"><img loading=\"lazy\" decoding=\"async\" width=\"1024\" height=\"683\" src=\"http:\/\/www.gaveanews.com\/wp-content\/uploads\/Escudo-da-CBF-1024x683.webp\" alt=\"\" class=\"wp-image-172597\" srcset=\"https:\/\/www.gaveanews.com\/wp-content\/uploads\/Escudo-da-CBF-1024x683.webp 1024w, https:\/\/www.gaveanews.com\/wp-content\/uploads\/Escudo-da-CBF-300x200.webp 300w, https:\/\/www.gaveanews.com\/wp-content\/uploads\/Escudo-da-CBF-768x512.webp 768w, https:\/\/www.gaveanews.com\/wp-content\/uploads\/Escudo-da-CBF-630x420.webp 630w, https:\/\/www.gaveanews.com\/wp-content\/uploads\/Escudo-da-CBF-1260x840.webp 1260w, https:\/\/www.gaveanews.com\/wp-content\/uploads\/Escudo-da-CBF-640x427.webp 640w, https:\/\/www.gaveanews.com\/wp-content\/uploads\/Escudo-da-CBF-1280x853.webp 1280w, https:\/\/www.gaveanews.com\/wp-content\/uploads\/Escudo-da-CBF-681x454.webp 681w, https:\/\/www.gaveanews.com\/wp-content\/uploads\/Escudo-da-CBF-100x67.webp 100w, https:\/\/www.gaveanews.com\/wp-content\/uploads\/Escudo-da-CBF.webp 1350w\" sizes=\"auto, (max-width: 1024px) 100vw, 1024px\" \/><figcaption class=\"wp-element-caption\">Escudo da CBF (Foto: Reprodu\u00e7\u00e3o)<\/figcaption><\/figure>\n\n\n\n<p>Ednaldo Rodrigues, que assumiu a presid\u00eancia de forma provis\u00f3ria em 2021 ap\u00f3s o afastamento de Rog\u00e9rio Caboclo, garantiu novo mandato at\u00e9 2030, com possibilidade de permanecer at\u00e9 2034. Durante seu discurso de reelei\u00e7\u00e3o, ele destacou os desafios enfrentados ao longo de sua gest\u00e3o, incluindo tentativas de desestabiliza\u00e7\u00e3o e persegui\u00e7\u00f5es. O dirigente tamb\u00e9m agradeceu o apoio da FIFA, da Conmebol e das entidades do futebol nacional.<\/p>\n\n\n\n<p>A postura adotada por clubes como o Flamengo indica um distanciamento da atual dire\u00e7\u00e3o da CBF e levanta discuss\u00f5es sobre o grau de representatividade dos clubes nas decis\u00f5es da entidade. Mesmo sem influ\u00eancia direta no resultado da elei\u00e7\u00e3o, o movimento sinaliza insatisfa\u00e7\u00e3o com a condu\u00e7\u00e3o da entidade e aponta para um poss\u00edvel reposicionamento pol\u00edtico dos grandes clubes nos bastidores do futebol brasileiro.<\/p>\n\n\n\n<h2 class=\"wp-block-heading\" id=\"h-flamengo-define-saida\">Flamengo define sa\u00edda<\/h2>\n\n\n\n<p>O Flamengo est\u00e1 em processo de reformula\u00e7\u00e3o do elenco e definiu at\u00e9 o dia 11 de abril como prazo para negociar a sa\u00edda do zagueiro Pablo, que est\u00e1 fora dos planos do t\u00e9cnico Filipe Lu\u00eds. O defensor de 32 anos treina separadamente do grupo principal e aguarda uma defini\u00e7\u00e3o sobre seu destino. Com contrato at\u00e9 dezembro, Pablo poder\u00e1 permanecer no clube apenas cumprindo v\u00ednculo, caso n\u00e3o aceite uma redu\u00e7\u00e3o salarial que viabilize sua transfer\u00eancia para outra equipe <strong><a href=\"https:\/\/www.gaveanews.com\/index.php\/2025\/03\/24\/flamengo-define-data-para-negociar-pablo\/\">(leia a mat\u00e9ria completa).<\/a><\/strong><\/p>\n\n\n\n<figure class=\"wp-block-image size-large\"><img loading=\"lazy\" decoding=\"async\" width=\"1024\" height=\"682\" src=\"http:\/\/www.gaveanews.com\/wp-content\/uploads\/Pablo-novo-zagueiro-do-Flamengo-1024x682.webp\" alt=\"\" class=\"wp-image-78343\" srcset=\"https:\/\/www.gaveanews.com\/wp-content\/uploads\/Pablo-novo-zagueiro-do-Flamengo-1024x682.webp 1024w, https:\/\/www.gaveanews.com\/wp-content\/uploads\/Pablo-novo-zagueiro-do-Flamengo-300x200.webp 300w, https:\/\/www.gaveanews.com\/wp-content\/uploads\/Pablo-novo-zagueiro-do-Flamengo-768x512.webp 768w, https:\/\/www.gaveanews.com\/wp-content\/uploads\/Pablo-novo-zagueiro-do-Flamengo-1536x1023.webp 1536w, https:\/\/www.gaveanews.com\/wp-content\/uploads\/Pablo-novo-zagueiro-do-Flamengo-631x420.webp 631w, https:\/\/www.gaveanews.com\/wp-content\/uploads\/Pablo-novo-zagueiro-do-Flamengo-1261x840.webp 1261w, https:\/\/www.gaveanews.com\/wp-content\/uploads\/Pablo-novo-zagueiro-do-Flamengo-640x426.webp 640w, https:\/\/www.gaveanews.com\/wp-content\/uploads\/Pablo-novo-zagueiro-do-Flamengo-1280x853.webp 1280w, https:\/\/www.gaveanews.com\/wp-content\/uploads\/Pablo-novo-zagueiro-do-Flamengo-681x454.webp 681w, https:\/\/www.gaveanews.com\/wp-content\/uploads\/Pablo-novo-zagueiro-do-Flamengo-1362x907.webp 1362w, https:\/\/www.gaveanews.com\/wp-content\/uploads\/Pablo-novo-zagueiro-do-Flamengo-100x67.webp 100w, https:\/\/www.gaveanews.com\/wp-content\/uploads\/Pablo-novo-zagueiro-do-Flamengo.webp 2048w\" sizes=\"auto, (max-width: 1024px) 100vw, 1024px\" \/><figcaption class=\"wp-element-caption\">Pablo, novo zagueiro do Flamengo (Foto: Marcelo Cortes\/Flamengo)<\/figcaption><\/figure>\n\n\n\n<p>Apesar de sondagens recentes, o alto sal\u00e1rio do atleta tem dificultado poss\u00edveis acordos. Contratado em 2022 durante a passagem de Paulo Sousa, Pablo acumula 51 partidas com a camisa rubro-negra e cinco t\u00edtulos conquistados. Ele chegou a atuar no in\u00edcio do Campeonato Carioca de 2024, mas est\u00e1 sem entrar em campo h\u00e1 dois meses, o que refor\u00e7a ainda mais a necessidade de encontrar uma nova oportunidade de mercado.<\/p>\n\n\n\n<p>O clube, por meio do diretor Jos\u00e9 Boto, busca acelerar as conversas para concluir a sa\u00edda do jogador ainda dentro do prazo da janela extra. Caso n\u00e3o consiga efetivar a transfer\u00eancia, Pablo continuar\u00e1 afastado do elenco principal, treinando de forma isolada at\u00e9 o fim do contrato. O cen\u00e1rio exige cautela e estrat\u00e9gia, tanto da diretoria quanto do estafe do jogador, que ainda avalia alternativas para seguir atuando com regularidade.<\/p>\n<\/div><\/div>\n","protected":false},"excerpt":{"rendered":"<p>Nas \u00faltimas horas, o foco das not\u00edcias sobre o Flamengo se concentram nos bastidores do clube, com destaques do dia a dia do time. Por conta deste contexto, leia abaixo um resumo preparado pela equipe do portal G\u00e1vea News para lhe manter muito bem informado! Fifa faz publica\u00e7\u00e3o direcionada a Wesley A estreia de Wesley [&hellip;]<\/p>\n","protected":false},"author":33,"featured_media":124684,"comment_status":"open","ping_status":"closed","sticky":false,"template":"","format":"standard","meta":{"footnotes":""},"categories":[1],"tags":[],"class_list":["post-245853","post","type-post","status-publish","format-standard","has-post-thumbnail","hentry","category-flamengo"],"yoast_head":"<!-- This site is optimized with the Yoast SEO Premium plugin v24.2 (Yoast SEO v26.9) - https:\/\/yoast.com\/product\/yoast-seo-premium-wordpress\/ -->\n<title>Flamengo define sa\u00edda, diretoria age contra CBF e Fifa faz publica\u00e7\u00e3o direcionada a Wesley: as \u00faltimas not\u00edcias do Meng\u00e3o<\/title>\n<meta name=\"robots\" content=\"index, follow, max-snippet:-1, max-image-preview:large, max-video-preview:-1\" \/>\n<link rel=\"canonical\" href=\"https:\/\/www.gaveanews.com\/index.php\/2025\/03\/28\/flamengo-define-saida-diretoria-age-contra-cbf-e-fifa-faz-publicacao-direcionada-a-wesley-as-ultimas-noticias-do-mengao\/\" \/>\n<meta property=\"og:locale\" content=\"pt_BR\" \/>\n<meta property=\"og:type\" content=\"article\" \/>\n<meta property=\"og:title\" content=\"Flamengo define sa\u00edda, diretoria age contra CBF e Fifa faz publica\u00e7\u00e3o direcionada a Wesley: as \u00faltimas not\u00edcias do Meng\u00e3o\" \/>\n<meta property=\"og:description\" content=\"Nas \u00faltimas horas, o foco das not\u00edcias sobre o Flamengo se concentram nos bastidores do clube, com destaques do dia a dia do time. Por conta deste contexto, leia abaixo um resumo preparado pela equipe do portal G\u00e1vea News para lhe manter muito bem informado! Fifa faz publica\u00e7\u00e3o direcionada a Wesley A estreia de Wesley [&hellip;]\" \/>\n<meta property=\"og:url\" content=\"https:\/\/www.gaveanews.com\/index.php\/2025\/03\/28\/flamengo-define-saida-diretoria-age-contra-cbf-e-fifa-faz-publicacao-direcionada-a-wesley-as-ultimas-noticias-do-mengao\/\" \/>\n<meta property=\"og:site_name\" content=\"G\u00e1vea News\" \/>\n<meta property=\"article:publisher\" content=\"https:\/\/facebook.com\/gaveaNews\/\" \/>\n<meta property=\"article:published_time\" content=\"2025-03-28T11:30:00+00:00\" \/>\n<meta property=\"og:image\" content=\"https:\/\/www.gaveanews.com\/wp-content\/uploads\/escudoDoFlamengo.webp\" \/>\n\t<meta property=\"og:image:width\" content=\"1095\" \/>\n\t<meta property=\"og:image:height\" content=\"730\" \/>\n\t<meta property=\"og:image:type\" content=\"image\/webp\" \/>\n<meta name=\"author\" content=\"Brenda Cezillo\" \/>\n<meta name=\"twitter:card\" content=\"summary_large_image\" \/>\n<meta name=\"twitter:label1\" content=\"Escrito por\" \/>\n\t<meta name=\"twitter:data1\" content=\"Brenda Cezillo\" \/>\n\t<meta name=\"twitter:label2\" content=\"Est. tempo de leitura\" \/>\n\t<meta name=\"twitter:data2\" content=\"5 minutos\" \/>\n<script type=\"application\/ld+json\" class=\"yoast-schema-graph\">{\"@context\":\"https:\/\/schema.org\",\"@graph\":[{\"@type\":\"NewsArticle\",\"@id\":\"https:\/\/www.gaveanews.com\/index.php\/2025\/03\/28\/flamengo-define-saida-diretoria-age-contra-cbf-e-fifa-faz-publicacao-direcionada-a-wesley-as-ultimas-noticias-do-mengao\/#article\",\"isPartOf\":{\"@id\":\"https:\/\/www.gaveanews.com\/index.php\/2025\/03\/28\/flamengo-define-saida-diretoria-age-contra-cbf-e-fifa-faz-publicacao-direcionada-a-wesley-as-ultimas-noticias-do-mengao\/\"},\"author\":{\"name\":\"Brenda Cezillo\",\"@id\":\"https:\/\/www.gaveanews.com\/#\/schema\/person\/c79759ca337c40791ae8d08e2923d403\"},\"headline\":\"Flamengo define sa\u00edda, diretoria age contra CBF e Fifa faz publica\u00e7\u00e3o direcionada a Wesley: as \u00faltimas not\u00edcias do Meng\u00e3o\",\"datePublished\":\"2025-03-28T11:30:00+00:00\",\"mainEntityOfPage\":{\"@id\":\"https:\/\/www.gaveanews.com\/index.php\/2025\/03\/28\/flamengo-define-saida-diretoria-age-contra-cbf-e-fifa-faz-publicacao-direcionada-a-wesley-as-ultimas-noticias-do-mengao\/\"},\"wordCount\":804,\"commentCount\":0,\"image\":{\"@id\":\"https:\/\/www.gaveanews.com\/index.php\/2025\/03\/28\/flamengo-define-saida-diretoria-age-contra-cbf-e-fifa-faz-publicacao-direcionada-a-wesley-as-ultimas-noticias-do-mengao\/#primaryimage\"},\"thumbnailUrl\":\"https:\/\/www.gaveanews.com\/wp-content\/uploads\/escudoDoFlamengo.webp\",\"articleSection\":[\"Flamengo\"],\"inLanguage\":\"pt-BR\",\"potentialAction\":[{\"@type\":\"CommentAction\",\"name\":\"Comment\",\"target\":[\"https:\/\/www.gaveanews.com\/index.php\/2025\/03\/28\/flamengo-define-saida-diretoria-age-contra-cbf-e-fifa-faz-publicacao-direcionada-a-wesley-as-ultimas-noticias-do-mengao\/#respond\"]}],\"copyrightYear\":\"2025\",\"copyrightHolder\":{\"@id\":\"https:\/\/www.gaveanews.com\/#organization\"}},{\"@type\":\"WebPage\",\"@id\":\"https:\/\/www.gaveanews.com\/index.php\/2025\/03\/28\/flamengo-define-saida-diretoria-age-contra-cbf-e-fifa-faz-publicacao-direcionada-a-wesley-as-ultimas-noticias-do-mengao\/\",\"url\":\"https:\/\/www.gaveanews.com\/index.php\/2025\/03\/28\/flamengo-define-saida-diretoria-age-contra-cbf-e-fifa-faz-publicacao-direcionada-a-wesley-as-ultimas-noticias-do-mengao\/\",\"name\":\"Flamengo define sa\u00edda, diretoria age contra CBF e Fifa faz publica\u00e7\u00e3o direcionada a Wesley: as \u00faltimas not\u00edcias do Meng\u00e3o\",\"isPartOf\":{\"@id\":\"https:\/\/www.gaveanews.com\/#website\"},\"primaryImageOfPage\":{\"@id\":\"https:\/\/www.gaveanews.com\/index.php\/2025\/03\/28\/flamengo-define-saida-diretoria-age-contra-cbf-e-fifa-faz-publicacao-direcionada-a-wesley-as-ultimas-noticias-do-mengao\/#primaryimage\"},\"image\":{\"@id\":\"https:\/\/www.gaveanews.com\/index.php\/2025\/03\/28\/flamengo-define-saida-diretoria-age-contra-cbf-e-fifa-faz-publicacao-direcionada-a-wesley-as-ultimas-noticias-do-mengao\/#primaryimage\"},\"thumbnailUrl\":\"https:\/\/www.gaveanews.com\/wp-content\/uploads\/escudoDoFlamengo.webp\",\"datePublished\":\"2025-03-28T11:30:00+00:00\",\"author\":{\"@id\":\"https:\/\/www.gaveanews.com\/#\/schema\/person\/c79759ca337c40791ae8d08e2923d403\"},\"breadcrumb\":{\"@id\":\"https:\/\/www.gaveanews.com\/index.php\/2025\/03\/28\/flamengo-define-saida-diretoria-age-contra-cbf-e-fifa-faz-publicacao-direcionada-a-wesley-as-ultimas-noticias-do-mengao\/#breadcrumb\"},\"inLanguage\":\"pt-BR\",\"potentialAction\":[{\"@type\":\"ReadAction\",\"target\":[\"https:\/\/www.gaveanews.com\/index.php\/2025\/03\/28\/flamengo-define-saida-diretoria-age-contra-cbf-e-fifa-faz-publicacao-direcionada-a-wesley-as-ultimas-noticias-do-mengao\/\"]}]},{\"@type\":\"ImageObject\",\"inLanguage\":\"pt-BR\",\"@id\":\"https:\/\/www.gaveanews.com\/index.php\/2025\/03\/28\/flamengo-define-saida-diretoria-age-contra-cbf-e-fifa-faz-publicacao-direcionada-a-wesley-as-ultimas-noticias-do-mengao\/#primaryimage\",\"url\":\"https:\/\/www.gaveanews.com\/wp-content\/uploads\/escudoDoFlamengo.webp\",\"contentUrl\":\"https:\/\/www.gaveanews.com\/wp-content\/uploads\/escudoDoFlamengo.webp\",\"width\":1095,\"height\":730,\"caption\":\"Centro de treinamento do Flamengo (Foto: Reprodu\u00e7\u00e3o)\"},{\"@type\":\"BreadcrumbList\",\"@id\":\"https:\/\/www.gaveanews.com\/index.php\/2025\/03\/28\/flamengo-define-saida-diretoria-age-contra-cbf-e-fifa-faz-publicacao-direcionada-a-wesley-as-ultimas-noticias-do-mengao\/#breadcrumb\",\"itemListElement\":[{\"@type\":\"ListItem\",\"position\":1,\"name\":\"Home\",\"item\":\"https:\/\/www.gaveanews.com\/\"},{\"@type\":\"ListItem\",\"position\":2,\"name\":\"Flamengo define sa\u00edda, diretoria age contra CBF e Fifa faz publica\u00e7\u00e3o direcionada a Wesley: as \u00faltimas not\u00edcias do Meng\u00e3o\"}]},{\"@type\":\"WebSite\",\"@id\":\"https:\/\/www.gaveanews.com\/#website\",\"url\":\"https:\/\/www.gaveanews.com\/\",\"name\":\"G\u00e1vea News\",\"description\":\"Veja todas as not\u00edcias sobre o Flamengo: Contrata\u00e7\u00f5es, categorias de base, resultados das partidas, tabela de classifica\u00e7\u00e3o, pr\u00f3ximos jogos!\",\"potentialAction\":[{\"@type\":\"SearchAction\",\"target\":{\"@type\":\"EntryPoint\",\"urlTemplate\":\"https:\/\/www.gaveanews.com\/?s={search_term_string}\"},\"query-input\":{\"@type\":\"PropertyValueSpecification\",\"valueRequired\":true,\"valueName\":\"search_term_string\"}}],\"inLanguage\":\"pt-BR\"},{\"@type\":\"Person\",\"@id\":\"https:\/\/www.gaveanews.com\/#\/schema\/person\/c79759ca337c40791ae8d08e2923d403\",\"name\":\"Brenda Cezillo\",\"image\":{\"@type\":\"ImageObject\",\"inLanguage\":\"pt-BR\",\"@id\":\"https:\/\/www.gaveanews.com\/#\/schema\/person\/image\/\",\"url\":\"https:\/\/secure.gravatar.com\/avatar\/1738d75cee7317f9c29ae61dd67620c5883d80a92e42a6fff88ae5d527af217a?s=96&d=mm&r=g\",\"contentUrl\":\"https:\/\/secure.gravatar.com\/avatar\/1738d75cee7317f9c29ae61dd67620c5883d80a92e42a6fff88ae5d527af217a?s=96&d=mm&r=g\",\"caption\":\"Brenda Cezillo\"}}]}<\/script>\n<!-- \/ Yoast SEO Premium plugin. -->","yoast_head_json":{"title":"Flamengo define sa\u00edda, diretoria age contra CBF e Fifa faz publica\u00e7\u00e3o direcionada a Wesley: as \u00faltimas not\u00edcias do Meng\u00e3o","robots":{"index":"index","follow":"follow","max-snippet":"max-snippet:-1","max-image-preview":"max-image-preview:large","max-video-preview":"max-video-preview:-1"},"canonical":"https:\/\/www.gaveanews.com\/index.php\/2025\/03\/28\/flamengo-define-saida-diretoria-age-contra-cbf-e-fifa-faz-publicacao-direcionada-a-wesley-as-ultimas-noticias-do-mengao\/","og_locale":"pt_BR","og_type":"article","og_title":"Flamengo define sa\u00edda, diretoria age contra CBF e Fifa faz publica\u00e7\u00e3o direcionada a Wesley: as \u00faltimas not\u00edcias do Meng\u00e3o","og_description":"Nas \u00faltimas horas, o foco das not\u00edcias sobre o Flamengo se concentram nos bastidores do clube, com destaques do dia a dia do time. Por conta deste contexto, leia abaixo um resumo preparado pela equipe do portal G\u00e1vea News para lhe manter muito bem informado! Fifa faz publica\u00e7\u00e3o direcionada a Wesley A estreia de Wesley [&hellip;]","og_url":"https:\/\/www.gaveanews.com\/index.php\/2025\/03\/28\/flamengo-define-saida-diretoria-age-contra-cbf-e-fifa-faz-publicacao-direcionada-a-wesley-as-ultimas-noticias-do-mengao\/","og_site_name":"G\u00e1vea News","article_publisher":"https:\/\/facebook.com\/gaveaNews\/","article_published_time":"2025-03-28T11:30:00+00:00","og_image":[{"width":1095,"height":730,"url":"https:\/\/www.gaveanews.com\/wp-content\/uploads\/escudoDoFlamengo.webp","type":"image\/webp"}],"author":"Brenda Cezillo","twitter_card":"summary_large_image","twitter_misc":{"Escrito por":"Brenda Cezillo","Est. tempo de leitura":"5 minutos"},"schema":{"@context":"https:\/\/schema.org","@graph":[{"@type":"NewsArticle","@id":"https:\/\/www.gaveanews.com\/index.php\/2025\/03\/28\/flamengo-define-saida-diretoria-age-contra-cbf-e-fifa-faz-publicacao-direcionada-a-wesley-as-ultimas-noticias-do-mengao\/#article","isPartOf":{"@id":"https:\/\/www.gaveanews.com\/index.php\/2025\/03\/28\/flamengo-define-saida-diretoria-age-contra-cbf-e-fifa-faz-publicacao-direcionada-a-wesley-as-ultimas-noticias-do-mengao\/"},"author":{"name":"Brenda Cezillo","@id":"https:\/\/www.gaveanews.com\/#\/schema\/person\/c79759ca337c40791ae8d08e2923d403"},"headline":"Flamengo define sa\u00edda, diretoria age contra CBF e Fifa faz publica\u00e7\u00e3o direcionada a Wesley: as \u00faltimas not\u00edcias do Meng\u00e3o","datePublished":"2025-03-28T11:30:00+00:00","mainEntityOfPage":{"@id":"https:\/\/www.gaveanews.com\/index.php\/2025\/03\/28\/flamengo-define-saida-diretoria-age-contra-cbf-e-fifa-faz-publicacao-direcionada-a-wesley-as-ultimas-noticias-do-mengao\/"},"wordCount":804,"commentCount":0,"image":{"@id":"https:\/\/www.gaveanews.com\/index.php\/2025\/03\/28\/flamengo-define-saida-diretoria-age-contra-cbf-e-fifa-faz-publicacao-direcionada-a-wesley-as-ultimas-noticias-do-mengao\/#primaryimage"},"thumbnailUrl":"https:\/\/www.gaveanews.com\/wp-content\/uploads\/escudoDoFlamengo.webp","articleSection":["Flamengo"],"inLanguage":"pt-BR","potentialAction":[{"@type":"CommentAction","name":"Comment","target":["https:\/\/www.gaveanews.com\/index.php\/2025\/03\/28\/flamengo-define-saida-diretoria-age-contra-cbf-e-fifa-faz-publicacao-direcionada-a-wesley-as-ultimas-noticias-do-mengao\/#respond"]}],"copyrightYear":"2025","copyrightHolder":{"@id":"https:\/\/www.gaveanews.com\/#organization"}},{"@type":"WebPage","@id":"https:\/\/www.gaveanews.com\/index.php\/2025\/03\/28\/flamengo-define-saida-diretoria-age-contra-cbf-e-fifa-faz-publicacao-direcionada-a-wesley-as-ultimas-noticias-do-mengao\/","url":"https:\/\/www.gaveanews.com\/index.php\/2025\/03\/28\/flamengo-define-saida-diretoria-age-contra-cbf-e-fifa-faz-publicacao-direcionada-a-wesley-as-ultimas-noticias-do-mengao\/","name":"Flamengo define sa\u00edda, diretoria age contra CBF e Fifa faz publica\u00e7\u00e3o direcionada a Wesley: as \u00faltimas not\u00edcias do Meng\u00e3o","isPartOf":{"@id":"https:\/\/www.gaveanews.com\/#website"},"primaryImageOfPage":{"@id":"https:\/\/www.gaveanews.com\/index.php\/2025\/03\/28\/flamengo-define-saida-diretoria-age-contra-cbf-e-fifa-faz-publicacao-direcionada-a-wesley-as-ultimas-noticias-do-mengao\/#primaryimage"},"image":{"@id":"https:\/\/www.gaveanews.com\/index.php\/2025\/03\/28\/flamengo-define-saida-diretoria-age-contra-cbf-e-fifa-faz-publicacao-direcionada-a-wesley-as-ultimas-noticias-do-mengao\/#primaryimage"},"thumbnailUrl":"https:\/\/www.gaveanews.com\/wp-content\/uploads\/escudoDoFlamengo.webp","datePublished":"2025-03-28T11:30:00+00:00","author":{"@id":"https:\/\/www.gaveanews.com\/#\/schema\/person\/c79759ca337c40791ae8d08e2923d403"},"breadcrumb":{"@id":"https:\/\/www.gaveanews.com\/index.php\/2025\/03\/28\/flamengo-define-saida-diretoria-age-contra-cbf-e-fifa-faz-publicacao-direcionada-a-wesley-as-ultimas-noticias-do-mengao\/#breadcrumb"},"inLanguage":"pt-BR","potentialAction":[{"@type":"ReadAction","target":["https:\/\/www.gaveanews.com\/index.php\/2025\/03\/28\/flamengo-define-saida-diretoria-age-contra-cbf-e-fifa-faz-publicacao-direcionada-a-wesley-as-ultimas-noticias-do-mengao\/"]}]},{"@type":"ImageObject","inLanguage":"pt-BR","@id":"https:\/\/www.gaveanews.com\/index.php\/2025\/03\/28\/flamengo-define-saida-diretoria-age-contra-cbf-e-fifa-faz-publicacao-direcionada-a-wesley-as-ultimas-noticias-do-mengao\/#primaryimage","url":"https:\/\/www.gaveanews.com\/wp-content\/uploads\/escudoDoFlamengo.webp","contentUrl":"https:\/\/www.gaveanews.com\/wp-content\/uploads\/escudoDoFlamengo.webp","width":1095,"height":730,"caption":"Centro de treinamento do Flamengo (Foto: Reprodu\u00e7\u00e3o)"},{"@type":"BreadcrumbList","@id":"https:\/\/www.gaveanews.com\/index.php\/2025\/03\/28\/flamengo-define-saida-diretoria-age-contra-cbf-e-fifa-faz-publicacao-direcionada-a-wesley-as-ultimas-noticias-do-mengao\/#breadcrumb","itemListElement":[{"@type":"ListItem","position":1,"name":"Home","item":"https:\/\/www.gaveanews.com\/"},{"@type":"ListItem","position":2,"name":"Flamengo define sa\u00edda, diretoria age contra CBF e Fifa faz publica\u00e7\u00e3o direcionada a Wesley: as \u00faltimas not\u00edcias do Meng\u00e3o"}]},{"@type":"WebSite","@id":"https:\/\/www.gaveanews.com\/#website","url":"https:\/\/www.gaveanews.com\/","name":"G\u00e1vea News","description":"Veja todas as not\u00edcias sobre o Flamengo: Contrata\u00e7\u00f5es, categorias de base, resultados das partidas, tabela de classifica\u00e7\u00e3o, pr\u00f3ximos jogos!","potentialAction":[{"@type":"SearchAction","target":{"@type":"EntryPoint","urlTemplate":"https:\/\/www.gaveanews.com\/?s={search_term_string}"},"query-input":{"@type":"PropertyValueSpecification","valueRequired":true,"valueName":"search_term_string"}}],"inLanguage":"pt-BR"},{"@type":"Person","@id":"https:\/\/www.gaveanews.com\/#\/schema\/person\/c79759ca337c40791ae8d08e2923d403","name":"Brenda Cezillo","image":{"@type":"ImageObject","inLanguage":"pt-BR","@id":"https:\/\/www.gaveanews.com\/#\/schema\/person\/image\/","url":"https:\/\/secure.gravatar.com\/avatar\/1738d75cee7317f9c29ae61dd67620c5883d80a92e42a6fff88ae5d527af217a?s=96&d=mm&r=g","contentUrl":"https:\/\/secure.gravatar.com\/avatar\/1738d75cee7317f9c29ae61dd67620c5883d80a92e42a6fff88ae5d527af217a?s=96&d=mm&r=g","caption":"Brenda Cezillo"}}]}},"_links":{"self":[{"href":"https:\/\/www.gaveanews.com\/index.php\/wp-json\/wp\/v2\/posts\/245853","targetHints":{"allow":["GET"]}}],"collection":[{"href":"https:\/\/www.gaveanews.com\/index.php\/wp-json\/wp\/v2\/posts"}],"about":[{"href":"https:\/\/www.gaveanews.com\/index.php\/wp-json\/wp\/v2\/types\/post"}],"author":[{"embeddable":true,"href":"https:\/\/www.gaveanews.com\/index.php\/wp-json\/wp\/v2\/users\/33"}],"replies":[{"embeddable":true,"href":"https:\/\/www.gaveanews.com\/index.php\/wp-json\/wp\/v2\/comments?post=245853"}],"version-history":[{"count":1,"href":"https:\/\/www.gaveanews.com\/index.php\/wp-json\/wp\/v2\/posts\/245853\/revisions"}],"predecessor-version":[{"id":245860,"href":"https:\/\/www.gaveanews.com\/index.php\/wp-json\/wp\/v2\/posts\/245853\/revisions\/245860"}],"wp:featuredmedia":[{"embeddable":true,"href":"https:\/\/www.gaveanews.com\/index.php\/wp-json\/wp\/v2\/media\/124684"}],"wp:attachment":[{"href":"https:\/\/www.gaveanews.com\/index.php\/wp-json\/wp\/v2\/media?parent=245853"}],"wp:term":[{"taxonomy":"category","embeddable":true,"href":"https:\/\/www.gaveanews.com\/index.php\/wp-json\/wp\/v2\/categories?post=245853"},{"taxonomy":"post_tag","embeddable":true,"href":"https:\/\/www.gaveanews.com\/index.php\/wp-json\/wp\/v2\/tags?post=245853"}],"curies":[{"name":"wp","href":"https:\/\/api.w.org\/{rel}","templated":true}]}}